{"id":66292,"date":"2021-12-20T01:00:53","date_gmt":"2021-12-20T06:00:53","guid":{"rendered":"https:\/\/akunq.net\/tr\/?p=66292"},"modified":"2021-12-20T01:00:53","modified_gmt":"2021-12-20T06:00:53","slug":"abd-disisleri-bakanliginin-2020-yili-teror-raporunda-turkiyeye-elestiri","status":"publish","type":"post","link":"https:\/\/akunq.net\/tr\/?p=66292","title":{"rendered":"ABD D\u0131\u015fi\u015fleri Bakanl\u0131\u011f\u0131&#8217;n\u0131n 2020 y\u0131l\u0131 ter\u00f6r raporu&#8217;nda T\u00fcrkiye&#8217;ye ele\u015ftiri"},"content":{"rendered":"<p><img loading=\"lazy\" decoding=\"async\" class=\"aligncenter size-medium wp-image-66293\" src=\"https:\/\/akunq.net\/tr\/wp-content\/uploads\/2021\/12\/ABD-D\u0131\u015fi\u015fleri-Bakanl\u0131\u011f\u0131-360x242.jpg\" alt=\"\" width=\"360\" height=\"242\" srcset=\"https:\/\/akunq.net\/tr\/wp-content\/uploads\/sites\/6\/2021\/12\/ABD-D\u0131\u015fi\u015fleri-Bakanl\u0131\u011f\u0131-360x242.jpg 360w, https:\/\/akunq.net\/tr\/wp-content\/uploads\/sites\/6\/2021\/12\/ABD-D\u0131\u015fi\u015fleri-Bakanl\u0131\u011f\u0131-560x376.jpg 560w, https:\/\/akunq.net\/tr\/wp-content\/uploads\/sites\/6\/2021\/12\/ABD-D\u0131\u015fi\u015fleri-Bakanl\u0131\u011f\u0131-260x175.jpg 260w, https:\/\/akunq.net\/tr\/wp-content\/uploads\/sites\/6\/2021\/12\/ABD-D\u0131\u015fi\u015fleri-Bakanl\u0131\u011f\u0131-160x107.jpg 160w, https:\/\/akunq.net\/tr\/wp-content\/uploads\/sites\/6\/2021\/12\/ABD-D\u0131\u015fi\u015fleri-Bakanl\u0131\u011f\u0131.jpg 670w\" sizes=\"auto, (max-width: 360px) 100vw, 360px\" \/><\/p>\n<p><strong><em>ABD D\u0131\u015fi\u015fleri Bakanl\u0131\u011f\u0131, 2020 y\u0131l\u0131 ter\u00f6r raporunu a\u00e7\u0131klad\u0131. Her bir \u00fclkeye ili\u015fkin de\u011ferlendirmelerin yer ald\u0131\u011f\u0131 raporda, T\u00fcrkiye\u2019ye ili\u015fkin dikkat \u00e7eken ifadeler kullan\u0131ld\u0131.\u00a0\u00a0T\u00fcrkiye\u2019nin Suriye ve Irak\u2019taki yabanc\u0131 ter\u00f6r sava\u015f\u00e7\u0131lar\u0131 i\u00e7in kaynak ve transit \u00fclke konumunda oldu\u011funun kaydedildi\u011fi raporda, PKK sald\u0131r\u0131lar\u0131na ter\u00f6r ba\u011flant\u0131s\u0131 gerek\u00e7esiyle tutuklamalar ve g\u00f6revden ihra\u00e7lara da yer verildi.<\/em><\/strong><\/p>\n<p>T\u00fcrk bas\u0131n\u0131ndan Armenpress\u2019in ald\u0131\u011f\u0131 bilgiye g\u00f6re ABD D\u0131\u015fi\u015fleri Bakanl\u0131\u011f\u0131 ter\u00f6r raporunda, \u201cT\u00fcrkiye, Suriye ve Irak\u2019ta sava\u015fan I\u015e\u0130D ve di\u011fer ter\u00f6r \u00f6rg\u00fctlerine kat\u0131lmak isteyenlerin yan\u0131s\u0131ra Suriye ve Irak\u2019tan ayr\u0131lmak isteyen yabanc\u0131 ter\u00f6r sava\u015f\u00e7\u0131lar\u0131 i\u00e7in kaynak ve transit \u00fclke. T\u00fcrkiye, I\u015e\u0130D\u2019e Kar\u015f\u0131 M\u00fccadele Koalisyonu\u2019nun Yabanc\u0131 Ter\u00f6r Sava\u015f\u00e7\u0131lar\u0131 \u00c7al\u0131\u015fma Grubu\u2019nun e\u015f ba\u015fkanl\u0131\u011f\u0131n\u0131 yap\u0131yor ve I\u015e\u0130D\u2019e kar\u015f\u0131 Irak ve Suriye\u2019de y\u00fcr\u00fct\u00fclen ter\u00f6rle m\u00fccadele operasyonlar\u0131 i\u00e7in hava sahas\u0131 ve tesislerine eri\u015fim izni tan\u0131maya devam ediyor\u201d ifadeleri kullan\u0131ld\u0131.<\/p>\n<div id=\"adfox_150720879265794\" class=\"intext_adf \"><\/div>\n<p>Raporda ayr\u0131ca 2020 y\u0131l\u0131nda T\u00fcrkiye\u2019de siyasi g\u00fcd\u00fcml\u00fc g\u00f6zalt\u0131lar ve tutuklamalar\u0131n devam etti\u011fine de\u011finildi. Bu ki\u015filer aras\u0131nda PKK\u2019ya destek ya da yard\u0131m sa\u011flamakla su\u00e7lanan politikac\u0131lar, gazeteciler, insan haklar\u0131 aktivistleri ve avukatlar\u0131n bulundu\u011fu belirtildi.\u00a0Raporda, 2016 y\u0131l\u0131ndaki darbe giri\u015fiminden bu yana h\u00fck\u00fcmetin, \u201cFET\u00d6\u201d ba\u011flant\u0131l\u0131 olduklar\u0131 iddias\u0131yla, 125 binin \u00fczerinde sivil memuru kamu g\u00f6revlerinden ihra\u00e7 etti\u011fi ya da ask\u0131ya ald\u0131\u011f\u0131, 96 binin \u00fczerinde T\u00fcrkiye vatanda\u015f\u0131n\u0131 tutuklad\u0131\u011f\u0131 ve 1500 sivil toplum kurulu\u015funu kapatt\u0131\u011f\u0131 da kaydedildi.<\/p>\n<p>Raporun \u201cYasama, Kanunlar\u0131n Uygulanmas\u0131 ve S\u0131n\u0131r G\u00fcvenli\u011fi\u201d ba\u015fl\u0131\u011f\u0131nda, T\u00fcrkiye\u2019nin, anayasal d\u00fczene, devletin i\u00e7 ve d\u0131\u015f g\u00fcvenli\u011fine kar\u015f\u0131 su\u00e7lar\u0131 da i\u00e7eren geni\u015f bir \u2018ter\u00f6r\u2019 tan\u0131m\u0131n\u0131n oldu\u011fu de\u011ferlendirmesi yap\u0131l\u0131rken, h\u00fck\u00fcmetin de bu d\u00fczenlemeleri ifade ve toplanma \u00f6zg\u00fcrl\u00fc\u011f\u00fcn\u00fcn uygulanmas\u0131n\u0131 su\u00e7 kapsam\u0131na almak i\u00e7in d\u00fczenli olarak kulland\u0131\u011f\u0131 da belirtildi.<\/p>\n<p><em><strong>https:\/\/armenpress.am\/tur\/news\/1071048.html\u00a0<\/strong><\/em><\/p>\n","protected":false},"excerpt":{"rendered":"<p>ABD D\u0131\u015fi\u015fleri Bakanl\u0131\u011f\u0131, 2020 y\u0131l\u0131 ter\u00f6r raporunu a\u00e7\u0131klad\u0131. Her bir \u00fclkeye ili\u015fkin de\u011ferlendirmelerin yer ald\u0131\u011f\u0131 raporda, T\u00fcrkiye\u2019ye ili\u015fkin dikkat \u00e7eken ifadeler kullan\u0131ld\u0131.\u00a0\u00a0T\u00fcrkiye\u2019nin Suriye ve Irak\u2019taki yabanc\u0131 ter\u00f6r sava\u015f\u00e7\u0131lar\u0131 i\u00e7in kaynak ve transit \u00fclke konumunda oldu\u011funun kaydedildi\u011fi raporda, PKK sald\u0131r\u0131lar\u0131na ter\u00f6r ba\u011flant\u0131s\u0131 gerek\u00e7esiyle tutuklamalar ve g\u00f6revden ihra\u00e7lara da yer verildi. T\u00fcrk bas\u0131n\u0131ndan Armenpress\u2019in ald\u0131\u011f\u0131 bilgiye g\u00f6re [&hellip;]<\/p>\n","protected":false},"author":7,"featured_media":66293,"comment_status":"open","ping_status":"open","sticky":false,"template":"","format":"standard","meta":{"footnotes":""},"categories":[1],"tags":[],"class_list":["post-66292","post","type-post","status-publish","format-standard","has-post-thumbnail","hentry","category-haberler"],"yoast_head":"<!-- This site is optimized with the Yoast SEO plugin v27.4 - https:\/\/yoast.com\/product\/yoast-seo-wordpress\/ -->\n<title>ABD D\u0131\u015fi\u015fleri Bakanl\u0131\u011f\u0131&#039;n\u0131n 2020 y\u0131l\u0131 ter\u00f6r raporu&#039;nda T\u00fcrkiye&#039;ye ele\u015ftiri - Bati Ermenistan Ve Bati Ermenileri Sorunlari Ara\u015ftirmalar Merkezi<\/title>\n<meta name=\"robots\" content=\"index, follow, max-snippet:-1, max-image-preview:large, max-video-preview:-1\" \/>\n<link rel=\"canonical\" href=\"https:\/\/akunq.net\/tr\/?p=66292\" \/>\n<meta property=\"og:locale\" content=\"en_US\" \/>\n<meta property=\"og:type\" content=\"article\" \/>\n<meta property=\"og:title\" content=\"ABD D\u0131\u015fi\u015fleri Bakanl\u0131\u011f\u0131&#039;n\u0131n 2020 y\u0131l\u0131 ter\u00f6r raporu&#039;nda T\u00fcrkiye&#039;ye ele\u015ftiri - Bati Ermenistan Ve Bati Ermenileri Sorunlari Ara\u015ftirmalar Merkezi\" \/>\n<meta property=\"og:description\" content=\"ABD D\u0131\u015fi\u015fleri Bakanl\u0131\u011f\u0131, 2020 y\u0131l\u0131 ter\u00f6r raporunu a\u00e7\u0131klad\u0131. Her bir \u00fclkeye ili\u015fkin de\u011ferlendirmelerin yer ald\u0131\u011f\u0131 raporda, T\u00fcrkiye\u2019ye ili\u015fkin dikkat \u00e7eken ifadeler kullan\u0131ld\u0131.\u00a0\u00a0T\u00fcrkiye\u2019nin Suriye ve Irak\u2019taki yabanc\u0131 ter\u00f6r sava\u015f\u00e7\u0131lar\u0131 i\u00e7in kaynak ve transit \u00fclke konumunda oldu\u011funun kaydedildi\u011fi raporda, PKK sald\u0131r\u0131lar\u0131na ter\u00f6r ba\u011flant\u0131s\u0131 gerek\u00e7esiyle tutuklamalar ve g\u00f6revden ihra\u00e7lara da yer verildi. T\u00fcrk bas\u0131n\u0131ndan Armenpress\u2019in ald\u0131\u011f\u0131 bilgiye g\u00f6re [&hellip;]\" \/>\n<meta property=\"og:url\" content=\"https:\/\/akunq.net\/tr\/?p=66292\" \/>\n<meta property=\"og:site_name\" content=\"Bati Ermenistan Ve Bati Ermenileri Sorunlari Ara\u015ftirmalar Merkezi\" \/>\n<meta property=\"article:published_time\" content=\"2021-12-20T06:00:53+00:00\" \/>\n<meta property=\"og:image\" content=\"https:\/\/akunq.net\/tr\/wp-content\/uploads\/sites\/6\/2021\/12\/ABD-D\u0131\u015fi\u015fleri-Bakanl\u0131\u011f\u0131.jpg\" \/>\n\t<meta property=\"og:image:width\" content=\"670\" \/>\n\t<meta property=\"og:image:height\" content=\"450\" \/>\n\t<meta property=\"og:image:type\" content=\"image\/jpeg\" \/>\n<meta name=\"author\" content=\"admin\" \/>\n<meta name=\"twitter:card\" content=\"summary_large_image\" \/>\n<meta name=\"twitter:label1\" content=\"Written by\" \/>\n\t<meta name=\"twitter:data1\" content=\"admin\" \/>\n\t<meta name=\"twitter:label2\" content=\"Est. reading time\" \/>\n\t<meta name=\"twitter:data2\" content=\"2 minutes\" \/>\n<script type=\"application\/ld+json\" class=\"yoast-schema-graph\">{\"@context\":\"https:\\\/\\\/schema.org\",\"@graph\":[{\"@type\":\"Article\",\"@id\":\"https:\\\/\\\/akunq.net\\\/tr\\\/?p=66292#article\",\"isPartOf\":{\"@id\":\"https:\\\/\\\/akunq.net\\\/tr\\\/?p=66292\"},\"author\":{\"name\":\"admin\",\"@id\":\"https:\\\/\\\/akunq.net\\\/tr\\\/#\\\/schema\\\/person\\\/096f1d38a12cce57fb855b485ed24c9e\"},\"headline\":\"ABD D\u0131\u015fi\u015fleri Bakanl\u0131\u011f\u0131&#8217;n\u0131n 2020 y\u0131l\u0131 ter\u00f6r raporu&#8217;nda T\u00fcrkiye&#8217;ye ele\u015ftiri\",\"datePublished\":\"2021-12-20T06:00:53+00:00\",\"mainEntityOfPage\":{\"@id\":\"https:\\\/\\\/akunq.net\\\/tr\\\/?p=66292\"},\"wordCount\":396,\"commentCount\":0,\"image\":{\"@id\":\"https:\\\/\\\/akunq.net\\\/tr\\\/?p=66292#primaryimage\"},\"thumbnailUrl\":\"https:\\\/\\\/akunq.net\\\/tr\\\/wp-content\\\/uploads\\\/sites\\\/6\\\/2021\\\/12\\\/ABD-D\u0131\u015fi\u015fleri-Bakanl\u0131\u011f\u0131.jpg\",\"articleSection\":[\"Haberler\"],\"inLanguage\":\"en-US\",\"potentialAction\":[{\"@type\":\"CommentAction\",\"name\":\"Comment\",\"target\":[\"https:\\\/\\\/akunq.net\\\/tr\\\/?p=66292#respond\"]}]},{\"@type\":\"WebPage\",\"@id\":\"https:\\\/\\\/akunq.net\\\/tr\\\/?p=66292\",\"url\":\"https:\\\/\\\/akunq.net\\\/tr\\\/?p=66292\",\"name\":\"ABD D\u0131\u015fi\u015fleri Bakanl\u0131\u011f\u0131'n\u0131n 2020 y\u0131l\u0131 ter\u00f6r raporu'nda T\u00fcrkiye'ye ele\u015ftiri - Bati Ermenistan Ve Bati Ermenileri Sorunlari Ara\u015ftirmalar Merkezi\",\"isPartOf\":{\"@id\":\"https:\\\/\\\/akunq.net\\\/tr\\\/#website\"},\"primaryImageOfPage\":{\"@id\":\"https:\\\/\\\/akunq.net\\\/tr\\\/?p=66292#primaryimage\"},\"image\":{\"@id\":\"https:\\\/\\\/akunq.net\\\/tr\\\/?p=66292#primaryimage\"},\"thumbnailUrl\":\"https:\\\/\\\/akunq.net\\\/tr\\\/wp-content\\\/uploads\\\/sites\\\/6\\\/2021\\\/12\\\/ABD-D\u0131\u015fi\u015fleri-Bakanl\u0131\u011f\u0131.jpg\",\"datePublished\":\"2021-12-20T06:00:53+00:00\",\"author\":{\"@id\":\"https:\\\/\\\/akunq.net\\\/tr\\\/#\\\/schema\\\/person\\\/096f1d38a12cce57fb855b485ed24c9e\"},\"breadcrumb\":{\"@id\":\"https:\\\/\\\/akunq.net\\\/tr\\\/?p=66292#breadcrumb\"},\"inLanguage\":\"en-US\",\"potentialAction\":[{\"@type\":\"ReadAction\",\"target\":[\"https:\\\/\\\/akunq.net\\\/tr\\\/?p=66292\"]}]},{\"@type\":\"ImageObject\",\"inLanguage\":\"en-US\",\"@id\":\"https:\\\/\\\/akunq.net\\\/tr\\\/?p=66292#primaryimage\",\"url\":\"https:\\\/\\\/akunq.net\\\/tr\\\/wp-content\\\/uploads\\\/sites\\\/6\\\/2021\\\/12\\\/ABD-D\u0131\u015fi\u015fleri-Bakanl\u0131\u011f\u0131.jpg\",\"contentUrl\":\"https:\\\/\\\/akunq.net\\\/tr\\\/wp-content\\\/uploads\\\/sites\\\/6\\\/2021\\\/12\\\/ABD-D\u0131\u015fi\u015fleri-Bakanl\u0131\u011f\u0131.jpg\",\"width\":670,\"height\":450},{\"@type\":\"BreadcrumbList\",\"@id\":\"https:\\\/\\\/akunq.net\\\/tr\\\/?p=66292#breadcrumb\",\"itemListElement\":[{\"@type\":\"ListItem\",\"position\":1,\"name\":\"Home\",\"item\":\"https:\\\/\\\/akunq.net\\\/tr\"},{\"@type\":\"ListItem\",\"position\":2,\"name\":\"ABD D\u0131\u015fi\u015fleri Bakanl\u0131\u011f\u0131&#8217;n\u0131n 2020 y\u0131l\u0131 ter\u00f6r raporu&#8217;nda T\u00fcrkiye&#8217;ye ele\u015ftiri\"}]},{\"@type\":\"WebSite\",\"@id\":\"https:\\\/\\\/akunq.net\\\/tr\\\/#website\",\"url\":\"https:\\\/\\\/akunq.net\\\/tr\\\/\",\"name\":\"Bati Ermenistan Ve Bati Ermenileri Sorunlari Ara\u015ftirmalar Merkezi\",\"description\":\"\",\"potentialAction\":[{\"@type\":\"SearchAction\",\"target\":{\"@type\":\"EntryPoint\",\"urlTemplate\":\"https:\\\/\\\/akunq.net\\\/tr\\\/?s={search_term_string}\"},\"query-input\":{\"@type\":\"PropertyValueSpecification\",\"valueRequired\":true,\"valueName\":\"search_term_string\"}}],\"inLanguage\":\"en-US\"},{\"@type\":\"Person\",\"@id\":\"https:\\\/\\\/akunq.net\\\/tr\\\/#\\\/schema\\\/person\\\/096f1d38a12cce57fb855b485ed24c9e\",\"name\":\"admin\",\"url\":\"https:\\\/\\\/akunq.net\\\/tr\\\/?author=7\"}]}<\/script>\n<!-- \/ Yoast SEO plugin. -->","yoast_head_json":{"title":"ABD D\u0131\u015fi\u015fleri Bakanl\u0131\u011f\u0131'n\u0131n 2020 y\u0131l\u0131 ter\u00f6r raporu'nda T\u00fcrkiye'ye ele\u015ftiri - Bati Ermenistan Ve Bati Ermenileri Sorunlari Ara\u015ftirmalar Merkezi","robots":{"index":"index","follow":"follow","max-snippet":"max-snippet:-1","max-image-preview":"max-image-preview:large","max-video-preview":"max-video-preview:-1"},"canonical":"https:\/\/akunq.net\/tr\/?p=66292","og_locale":"en_US","og_type":"article","og_title":"ABD D\u0131\u015fi\u015fleri Bakanl\u0131\u011f\u0131'n\u0131n 2020 y\u0131l\u0131 ter\u00f6r raporu'nda T\u00fcrkiye'ye ele\u015ftiri - Bati Ermenistan Ve Bati Ermenileri Sorunlari Ara\u015ftirmalar Merkezi","og_description":"ABD D\u0131\u015fi\u015fleri Bakanl\u0131\u011f\u0131, 2020 y\u0131l\u0131 ter\u00f6r raporunu a\u00e7\u0131klad\u0131. Her bir \u00fclkeye ili\u015fkin de\u011ferlendirmelerin yer ald\u0131\u011f\u0131 raporda, T\u00fcrkiye\u2019ye ili\u015fkin dikkat \u00e7eken ifadeler kullan\u0131ld\u0131.\u00a0\u00a0T\u00fcrkiye\u2019nin Suriye ve Irak\u2019taki yabanc\u0131 ter\u00f6r sava\u015f\u00e7\u0131lar\u0131 i\u00e7in kaynak ve transit \u00fclke konumunda oldu\u011funun kaydedildi\u011fi raporda, PKK sald\u0131r\u0131lar\u0131na ter\u00f6r ba\u011flant\u0131s\u0131 gerek\u00e7esiyle tutuklamalar ve g\u00f6revden ihra\u00e7lara da yer verildi. T\u00fcrk bas\u0131n\u0131ndan Armenpress\u2019in ald\u0131\u011f\u0131 bilgiye g\u00f6re [&hellip;]","og_url":"https:\/\/akunq.net\/tr\/?p=66292","og_site_name":"Bati Ermenistan Ve Bati Ermenileri Sorunlari Ara\u015ftirmalar Merkezi","article_published_time":"2021-12-20T06:00:53+00:00","og_image":[{"width":670,"height":450,"url":"https:\/\/akunq.net\/tr\/wp-content\/uploads\/sites\/6\/2021\/12\/ABD-D\u0131\u015fi\u015fleri-Bakanl\u0131\u011f\u0131.jpg","type":"image\/jpeg"}],"author":"admin","twitter_card":"summary_large_image","twitter_misc":{"Written by":"admin","Est. reading time":"2 minutes"},"schema":{"@context":"https:\/\/schema.org","@graph":[{"@type":"Article","@id":"https:\/\/akunq.net\/tr\/?p=66292#article","isPartOf":{"@id":"https:\/\/akunq.net\/tr\/?p=66292"},"author":{"name":"admin","@id":"https:\/\/akunq.net\/tr\/#\/schema\/person\/096f1d38a12cce57fb855b485ed24c9e"},"headline":"ABD D\u0131\u015fi\u015fleri Bakanl\u0131\u011f\u0131&#8217;n\u0131n 2020 y\u0131l\u0131 ter\u00f6r raporu&#8217;nda T\u00fcrkiye&#8217;ye ele\u015ftiri","datePublished":"2021-12-20T06:00:53+00:00","mainEntityOfPage":{"@id":"https:\/\/akunq.net\/tr\/?p=66292"},"wordCount":396,"commentCount":0,"image":{"@id":"https:\/\/akunq.net\/tr\/?p=66292#primaryimage"},"thumbnailUrl":"https:\/\/akunq.net\/tr\/wp-content\/uploads\/sites\/6\/2021\/12\/ABD-D\u0131\u015fi\u015fleri-Bakanl\u0131\u011f\u0131.jpg","articleSection":["Haberler"],"inLanguage":"en-US","potentialAction":[{"@type":"CommentAction","name":"Comment","target":["https:\/\/akunq.net\/tr\/?p=66292#respond"]}]},{"@type":"WebPage","@id":"https:\/\/akunq.net\/tr\/?p=66292","url":"https:\/\/akunq.net\/tr\/?p=66292","name":"ABD D\u0131\u015fi\u015fleri Bakanl\u0131\u011f\u0131'n\u0131n 2020 y\u0131l\u0131 ter\u00f6r raporu'nda T\u00fcrkiye'ye ele\u015ftiri - Bati Ermenistan Ve Bati Ermenileri Sorunlari Ara\u015ftirmalar Merkezi","isPartOf":{"@id":"https:\/\/akunq.net\/tr\/#website"},"primaryImageOfPage":{"@id":"https:\/\/akunq.net\/tr\/?p=66292#primaryimage"},"image":{"@id":"https:\/\/akunq.net\/tr\/?p=66292#primaryimage"},"thumbnailUrl":"https:\/\/akunq.net\/tr\/wp-content\/uploads\/sites\/6\/2021\/12\/ABD-D\u0131\u015fi\u015fleri-Bakanl\u0131\u011f\u0131.jpg","datePublished":"2021-12-20T06:00:53+00:00","author":{"@id":"https:\/\/akunq.net\/tr\/#\/schema\/person\/096f1d38a12cce57fb855b485ed24c9e"},"breadcrumb":{"@id":"https:\/\/akunq.net\/tr\/?p=66292#breadcrumb"},"inLanguage":"en-US","potentialAction":[{"@type":"ReadAction","target":["https:\/\/akunq.net\/tr\/?p=66292"]}]},{"@type":"ImageObject","inLanguage":"en-US","@id":"https:\/\/akunq.net\/tr\/?p=66292#primaryimage","url":"https:\/\/akunq.net\/tr\/wp-content\/uploads\/sites\/6\/2021\/12\/ABD-D\u0131\u015fi\u015fleri-Bakanl\u0131\u011f\u0131.jpg","contentUrl":"https:\/\/akunq.net\/tr\/wp-content\/uploads\/sites\/6\/2021\/12\/ABD-D\u0131\u015fi\u015fleri-Bakanl\u0131\u011f\u0131.jpg","width":670,"height":450},{"@type":"BreadcrumbList","@id":"https:\/\/akunq.net\/tr\/?p=66292#breadcrumb","itemListElement":[{"@type":"ListItem","position":1,"name":"Home","item":"https:\/\/akunq.net\/tr"},{"@type":"ListItem","position":2,"name":"ABD D\u0131\u015fi\u015fleri Bakanl\u0131\u011f\u0131&#8217;n\u0131n 2020 y\u0131l\u0131 ter\u00f6r raporu&#8217;nda T\u00fcrkiye&#8217;ye ele\u015ftiri"}]},{"@type":"WebSite","@id":"https:\/\/akunq.net\/tr\/#website","url":"https:\/\/akunq.net\/tr\/","name":"Bati Ermenistan Ve Bati Ermenileri Sorunlari Ara\u015ftirmalar Merkezi","description":"","potentialAction":[{"@type":"SearchAction","target":{"@type":"EntryPoint","urlTemplate":"https:\/\/akunq.net\/tr\/?s={search_term_string}"},"query-input":{"@type":"PropertyValueSpecification","valueRequired":true,"valueName":"search_term_string"}}],"inLanguage":"en-US"},{"@type":"Person","@id":"https:\/\/akunq.net\/tr\/#\/schema\/person\/096f1d38a12cce57fb855b485ed24c9e","name":"admin","url":"https:\/\/akunq.net\/tr\/?author=7"}]}},"_links":{"self":[{"href":"https:\/\/akunq.net\/tr\/index.php?rest_route=\/wp\/v2\/posts\/66292","targetHints":{"allow":["GET"]}}],"collection":[{"href":"https:\/\/akunq.net\/tr\/index.php?rest_route=\/wp\/v2\/posts"}],"about":[{"href":"https:\/\/akunq.net\/tr\/index.php?rest_route=\/wp\/v2\/types\/post"}],"author":[{"embeddable":true,"href":"https:\/\/akunq.net\/tr\/index.php?rest_route=\/wp\/v2\/users\/7"}],"replies":[{"embeddable":true,"href":"https:\/\/akunq.net\/tr\/index.php?rest_route=%2Fwp%2Fv2%2Fcomments&post=66292"}],"version-history":[{"count":1,"href":"https:\/\/akunq.net\/tr\/index.php?rest_route=\/wp\/v2\/posts\/66292\/revisions"}],"predecessor-version":[{"id":66294,"href":"https:\/\/akunq.net\/tr\/index.php?rest_route=\/wp\/v2\/posts\/66292\/revisions\/66294"}],"wp:featuredmedia":[{"embeddable":true,"href":"https:\/\/akunq.net\/tr\/index.php?rest_route=\/wp\/v2\/media\/66293"}],"wp:attachment":[{"href":"https:\/\/akunq.net\/tr\/index.php?rest_route=%2Fwp%2Fv2%2Fmedia&parent=66292"}],"wp:term":[{"taxonomy":"category","embeddable":true,"href":"https:\/\/akunq.net\/tr\/index.php?rest_route=%2Fwp%2Fv2%2Fcategories&post=66292"},{"taxonomy":"post_tag","embeddable":true,"href":"https:\/\/akunq.net\/tr\/index.php?rest_route=%2Fwp%2Fv2%2Ftags&post=66292"}],"curies":[{"name":"wp","href":"https:\/\/api.w.org\/{rel}","templated":true}]}}