{"id":66289,"date":"2021-12-20T00:53:15","date_gmt":"2021-12-20T05:53:15","guid":{"rendered":"https:\/\/akunq.net\/tr\/?p=66289"},"modified":"2021-12-20T00:53:15","modified_gmt":"2021-12-20T05:53:15","slug":"van-golunun-cekilmesiyle-yeni-mikrobiyalitler-gun-yuzune-cikti","status":"publish","type":"post","link":"https:\/\/akunq.net\/tr\/?p=66289","title":{"rendered":"Van G\u00f6l\u00fc\u2019n\u00fcn \u00e7ekilmesiyle yeni mikrobiyalitler g\u00fcn y\u00fcz\u00fcne \u00e7\u0131kt\u0131"},"content":{"rendered":"<section class=\"newsArticle featured \" data-id=\"3285074\" data-url=\"\/van-golunun-cekilmesiyle-yeni-mikrobiyalitler-gun-yuzune-cikti-3285074\" data-title=\"Van G\u00f6l\u00fc\u2019n\u00fcn \u00e7ekilmesiyle yeni mikrobiyalitler g\u00fcn y\u00fcz\u00fcne \u00e7\u0131kt\u0131\">\n<figure><figcaption><img loading=\"lazy\" decoding=\"async\" class=\"aligncenter size-medium wp-image-66290\" src=\"https:\/\/akunq.net\/tr\/wp-content\/uploads\/2021\/12\/\u054e\u0561\u0576\u0561-\u056c\u056b\u0573-360x256.jpg\" alt=\"\" width=\"360\" height=\"256\" srcset=\"https:\/\/akunq.net\/tr\/wp-content\/uploads\/sites\/6\/2021\/12\/\u054e\u0561\u0576\u0561-\u056c\u056b\u0573-360x256.jpg 360w, https:\/\/akunq.net\/tr\/wp-content\/uploads\/sites\/6\/2021\/12\/\u054e\u0561\u0576\u0561-\u056c\u056b\u0573-260x185.jpg 260w, https:\/\/akunq.net\/tr\/wp-content\/uploads\/sites\/6\/2021\/12\/\u054e\u0561\u0576\u0561-\u056c\u056b\u0573-160x114.jpg 160w, https:\/\/akunq.net\/tr\/wp-content\/uploads\/sites\/6\/2021\/12\/\u054e\u0561\u0576\u0561-\u056c\u056b\u0573.jpg 400w\" sizes=\"auto, (max-width: 360px) 100vw, 360px\" \/><\/p>\n<p class=\"spot-title\"><em><strong>D\u00fcnyan\u0131n en b\u00fcy\u00fck sodal\u0131 g\u00f6l\u00fc olan Van G\u00f6l\u00fc&#8217;nde, k\u00fcresel iklim de\u011fi\u015fikli\u011finin etkisiyle sular\u0131n \u00e7ekilmesi, yeni mikrobiyalitlerin ortaya \u00e7\u0131kmas\u0131na neden oldu.<\/strong><\/em><\/p>\n<\/figcaption><\/figure>\n<\/section>\n<article class=\"content type1\">D\u00fcnyan\u0131n en b\u00fcy\u00fck sodal\u0131 g\u00f6l\u00fc, T\u00fcrkiye&#8217;nin ise en b\u00fcy\u00fck g\u00f6l\u00fc olan Van G\u00f6l\u00fc&#8217;nde, ya\u011f\u0131\u015flar\u0131n azalmas\u0131 ile birlikte \u00e7ekilme ya\u015fand\u0131.<\/p>\n<p>\u0130HA&#8217;n\u0131n haberine g\u00f6re Bitlis\u2019in Adilcevaz il\u00e7esinde, Van G\u00f6l\u00fc suyunun \u00e7ekilmesiyle birlikte g\u00f6l\u00fcn derinliklerindeki mikrobiyalitler de g\u00fcn y\u00fcz\u00fcne \u00e7\u0131kmaya ba\u015flad\u0131.<\/p>\n<div class=\"widget widget-article-img type1 \">\n<figure>\n<div class=\"img\">\n<div class=\"zoom-in-out\"><\/div>\n<p><img loading=\"lazy\" decoding=\"async\" class=\" b-loaded\" src=\"https:\/\/im.haberturk.com\/2021\/12\/16\/ver1639644470\/3285074_8b04dd3456370a410e20bbfcf43120d2.jpg\" alt=\"\" width=\"646\" height=\"429\" \/><\/div>\n<\/figure>\n<\/div>\n<p><strong>\u201cVAN G\u00d6L\u00dc H\u0130\u00c7 BU KADAR \u00c7EK\u0130LMEM\u0130\u015eT\u0130\u201d<\/strong><\/p>\n<p>Yeni mikrobiyalit alanlar\u0131nda incelemelerde bulunan Adilcevaz Belediye Ba\u015fkan\u0131 Necati G\u00fcrsoy, Van G\u00f6l\u00fc\u2019n\u00fcn bu kadar \u00e7ekildi\u011fine ilk defa \u015fahit oldu\u011funu s\u00f6yledi.<\/p>\n<div class=\"widget widget-article-img type1 \">\n<figure>\n<div class=\"img\">\n<div class=\"zoom-in-out\"><\/div>\n<p><img loading=\"lazy\" decoding=\"async\" class=\" b-loaded\" src=\"https:\/\/im.haberturk.com\/2021\/12\/16\/ver1639644470\/3285074_2cab5b1dfd7677461f88ba251111eda8.jpg\" alt=\"\" width=\"621\" height=\"412\" \/><\/div>\n<\/figure>\n<\/div>\n<p>G\u00fcrsoy, \u201cBu sene Van G\u00f6l\u00fc\u2019nde yakla\u015f\u0131k 1 metre 40 santimetre kadar bir d\u00fc\u015f\u00fc\u015f var. Bu nedenle mikrobiyalit dediklerimiz de su \u00fczerine \u00e7\u0131kt\u0131. Ke\u015fke Van G\u00f6l\u00fc \u00e7ekilmeseydi de bunlar \u00e7\u0131kmasayd\u0131. \u00c7ok ayr\u0131 bir g\u00fczellik veriyor. Ben 35-40 y\u0131ld\u0131r b\u00f6lgede \u00e7e\u015fitli g\u00f6revlerde bulundum. Suyun 3-4 metre y\u00fckseldi\u011fini g\u00f6rd\u00fcm ama hi\u00e7 b\u00f6yle d\u00fc\u015f\u00fc\u015f olmam\u0131\u015ft\u0131. Zaten \u00fclkemiz su y\u00f6n\u00fcnden fakir bir \u00fclke. B\u00f6lgemizde de su k\u0131t oldu\u011fu i\u00e7in suyu \u00e7ok iyi kullanmam\u0131z laz\u0131m. Suyu tasarruflu kullanal\u0131m ki, gelecek nesillere kalabilsin. \u0130\u015fte g\u00f6rd\u00fc\u011f\u00fcn\u00fcz gibi Adilcevaz\u2019da sanki ilkbahar veya sonbahar havas\u0131 var. Aral\u0131k ay\u0131n\u0131n ortas\u0131nday\u0131z. Ke\u015fke \u015fu an yar\u0131m metre veya 1 metre kar olsayd\u0131. Daha g\u00fczel olurdu, diye d\u00fc\u015f\u00fcn\u00fcyorum\u201d dedi.<\/p>\n<div class=\"widget widget-article-img type1 \">\n<figure>\n<div class=\"img\">\n<div class=\"zoom-in-out\"><\/div>\n<p><img loading=\"lazy\" decoding=\"async\" class=\" b-loaded\" src=\"https:\/\/im.haberturk.com\/2021\/12\/16\/ver1639644470\/3285074_b6b119863d64535157151de2e5203aa1.jpg\" alt=\"\" width=\"636\" height=\"408\" \/><\/div>\n<\/figure>\n<\/div>\n<p><strong>\u201cYEN\u0130 M\u0130KROB\u0130YAL\u0130TLER\u0130N KORUMA ALTINA ALINMASI GEREK\u0130YOR\u201d<\/strong><\/p>\n<p>Adilcevaz K\u00fclt\u00fcr, Sanat ve Turizm Derne\u011fi Ba\u015fkan\u0131 Cumali Birol ise mikrobiyalitlerin koruma alt\u0131na al\u0131nmas\u0131 gerekti\u011fini belirterek, \u201cG\u00f6l\u00fcn \u00e7ekilmesi sonucunda mikrobiyalitler Adilcevaz sahillerinde daha \u00e7ok \u00e7\u0131kt\u0131. Tatl\u0131 su \u00e7\u0131k\u0131\u015f\u0131n\u0131, mikrobiyalitlerin nas\u0131l olu\u015ftu\u011funu az da olsa burada g\u00f6rebiliyoruz. Buran\u0131n koruma alt\u0131na al\u0131nmas\u0131 gerekti\u011fini d\u00fc\u015f\u00fcn\u00fcyoruz. Dernek \u00fcyeleri olarak hemen hemen her hafta buraya geliyoruz. Bu mikrobiyalitlere zarar verilmemesi noktas\u0131nda insanlar\u0131 uyar\u0131yoruz. Mikrobiyalitlere bas\u0131lmamas\u0131 noktas\u0131nda buran\u0131n koruma alt\u0131na al\u0131nmas\u0131 gerekti\u011fini d\u00fc\u015f\u00fcn\u00fcyoruz. \u0130n\u015fallah g\u00f6l\u00fcm\u00fcz art\u0131k \u00e7ekilmez ve mikrobiyalitler de hayat bulur\u201d diye konu\u015ftu.<\/p>\n<div class=\"widget widget-article-img type1 \">\n<figure>\n<div class=\"img\">\n<div class=\"zoom-in-out\"><\/div>\n<p><img loading=\"lazy\" decoding=\"async\" class=\" b-loaded\" src=\"https:\/\/im.haberturk.com\/2021\/12\/16\/ver1639644470\/3285074_9a6a378590983eda59df9d7b2ea95f6c.jpg\" alt=\"\" width=\"613\" height=\"407\" \/><\/div>\n<div><em><strong>https:\/\/www.haberturk.com\/van-golunun-cekilmesiyle-yeni-mikrobiyalitler-gun-yuzune-cikti-3285074\u00a0<\/strong><\/em><\/div>\n<\/figure>\n<\/div>\n<\/article>\n","protected":false},"excerpt":{"rendered":"<p>D\u00fcnyan\u0131n en b\u00fcy\u00fck sodal\u0131 g\u00f6l\u00fc olan Van G\u00f6l\u00fc&#8217;nde, k\u00fcresel iklim de\u011fi\u015fikli\u011finin etkisiyle sular\u0131n \u00e7ekilmesi, yeni mikrobiyalitlerin ortaya \u00e7\u0131kmas\u0131na neden oldu. D\u00fcnyan\u0131n en b\u00fcy\u00fck sodal\u0131 g\u00f6l\u00fc, T\u00fcrkiye&#8217;nin ise en b\u00fcy\u00fck g\u00f6l\u00fc olan Van G\u00f6l\u00fc&#8217;nde, ya\u011f\u0131\u015flar\u0131n azalmas\u0131 ile birlikte \u00e7ekilme ya\u015fand\u0131. \u0130HA&#8217;n\u0131n haberine g\u00f6re Bitlis\u2019in Adilcevaz il\u00e7esinde, Van G\u00f6l\u00fc suyunun \u00e7ekilmesiyle birlikte g\u00f6l\u00fcn derinliklerindeki mikrobiyalitler de g\u00fcn [&hellip;]<\/p>\n","protected":false},"author":7,"featured_media":66290,"comment_status":"open","ping_status":"open","sticky":false,"template":"","format":"standard","meta":{"footnotes":""},"categories":[22,1],"tags":[],"class_list":["post-66289","post","type-post","status-publish","format-standard","has-post-thumbnail","hentry","category-gunumuzde-bati-ermenistan","category-haberler"],"yoast_head":"<!-- This site is optimized with the Yoast SEO plugin v27.4 - https:\/\/yoast.com\/product\/yoast-seo-wordpress\/ -->\n<title>Van G\u00f6l\u00fc\u2019n\u00fcn \u00e7ekilmesiyle yeni mikrobiyalitler g\u00fcn y\u00fcz\u00fcne \u00e7\u0131kt\u0131 - Bati Ermenistan Ve Bati Ermenileri Sorunlari Ara\u015ftirmalar Merkezi<\/title>\n<meta name=\"robots\" content=\"index, follow, max-snippet:-1, max-image-preview:large, max-video-preview:-1\" \/>\n<link rel=\"canonical\" href=\"https:\/\/akunq.net\/tr\/?p=66289\" \/>\n<meta property=\"og:locale\" content=\"en_US\" \/>\n<meta property=\"og:type\" content=\"article\" \/>\n<meta property=\"og:title\" content=\"Van G\u00f6l\u00fc\u2019n\u00fcn \u00e7ekilmesiyle yeni mikrobiyalitler g\u00fcn y\u00fcz\u00fcne \u00e7\u0131kt\u0131 - Bati Ermenistan Ve Bati Ermenileri Sorunlari Ara\u015ftirmalar Merkezi\" \/>\n<meta property=\"og:description\" content=\"D\u00fcnyan\u0131n en b\u00fcy\u00fck sodal\u0131 g\u00f6l\u00fc olan Van G\u00f6l\u00fc&#8217;nde, k\u00fcresel iklim de\u011fi\u015fikli\u011finin etkisiyle sular\u0131n \u00e7ekilmesi, yeni mikrobiyalitlerin ortaya \u00e7\u0131kmas\u0131na neden oldu. D\u00fcnyan\u0131n en b\u00fcy\u00fck sodal\u0131 g\u00f6l\u00fc, T\u00fcrkiye&#8217;nin ise en b\u00fcy\u00fck g\u00f6l\u00fc olan Van G\u00f6l\u00fc&#8217;nde, ya\u011f\u0131\u015flar\u0131n azalmas\u0131 ile birlikte \u00e7ekilme ya\u015fand\u0131. \u0130HA&#8217;n\u0131n haberine g\u00f6re Bitlis\u2019in Adilcevaz il\u00e7esinde, Van G\u00f6l\u00fc suyunun \u00e7ekilmesiyle birlikte g\u00f6l\u00fcn derinliklerindeki mikrobiyalitler de g\u00fcn [&hellip;]\" \/>\n<meta property=\"og:url\" content=\"https:\/\/akunq.net\/tr\/?p=66289\" \/>\n<meta property=\"og:site_name\" content=\"Bati Ermenistan Ve Bati Ermenileri Sorunlari Ara\u015ftirmalar Merkezi\" \/>\n<meta property=\"article:published_time\" content=\"2021-12-20T05:53:15+00:00\" \/>\n<meta property=\"og:image\" content=\"https:\/\/akunq.net\/tr\/wp-content\/uploads\/sites\/6\/2021\/12\/\u054e\u0561\u0576\u0561-\u056c\u056b\u0573.jpg\" \/>\n\t<meta property=\"og:image:width\" content=\"400\" \/>\n\t<meta property=\"og:image:height\" content=\"284\" \/>\n\t<meta property=\"og:image:type\" content=\"image\/jpeg\" \/>\n<meta name=\"author\" content=\"admin\" \/>\n<meta name=\"twitter:card\" content=\"summary_large_image\" \/>\n<meta name=\"twitter:label1\" content=\"Written by\" \/>\n\t<meta name=\"twitter:data1\" content=\"admin\" \/>\n\t<meta name=\"twitter:label2\" content=\"Est. reading time\" \/>\n\t<meta name=\"twitter:data2\" content=\"2 minutes\" \/>\n<script type=\"application\/ld+json\" class=\"yoast-schema-graph\">{\"@context\":\"https:\\\/\\\/schema.org\",\"@graph\":[{\"@type\":\"Article\",\"@id\":\"https:\\\/\\\/akunq.net\\\/tr\\\/?p=66289#article\",\"isPartOf\":{\"@id\":\"https:\\\/\\\/akunq.net\\\/tr\\\/?p=66289\"},\"author\":{\"name\":\"admin\",\"@id\":\"https:\\\/\\\/akunq.net\\\/tr\\\/#\\\/schema\\\/person\\\/096f1d38a12cce57fb855b485ed24c9e\"},\"headline\":\"Van G\u00f6l\u00fc\u2019n\u00fcn \u00e7ekilmesiyle yeni mikrobiyalitler g\u00fcn y\u00fcz\u00fcne \u00e7\u0131kt\u0131\",\"datePublished\":\"2021-12-20T05:53:15+00:00\",\"mainEntityOfPage\":{\"@id\":\"https:\\\/\\\/akunq.net\\\/tr\\\/?p=66289\"},\"wordCount\":421,\"commentCount\":0,\"image\":{\"@id\":\"https:\\\/\\\/akunq.net\\\/tr\\\/?p=66289#primaryimage\"},\"thumbnailUrl\":\"https:\\\/\\\/akunq.net\\\/tr\\\/wp-content\\\/uploads\\\/sites\\\/6\\\/2021\\\/12\\\/\u054e\u0561\u0576\u0561-\u056c\u056b\u0573.jpg\",\"articleSection\":[\"G\u00fcn\u00fcm\u00fczde Bat\u0131 Ermenistan\",\"Haberler\"],\"inLanguage\":\"en-US\",\"potentialAction\":[{\"@type\":\"CommentAction\",\"name\":\"Comment\",\"target\":[\"https:\\\/\\\/akunq.net\\\/tr\\\/?p=66289#respond\"]}]},{\"@type\":\"WebPage\",\"@id\":\"https:\\\/\\\/akunq.net\\\/tr\\\/?p=66289\",\"url\":\"https:\\\/\\\/akunq.net\\\/tr\\\/?p=66289\",\"name\":\"Van G\u00f6l\u00fc\u2019n\u00fcn \u00e7ekilmesiyle yeni mikrobiyalitler g\u00fcn y\u00fcz\u00fcne \u00e7\u0131kt\u0131 - Bati Ermenistan Ve Bati Ermenileri Sorunlari Ara\u015ftirmalar Merkezi\",\"isPartOf\":{\"@id\":\"https:\\\/\\\/akunq.net\\\/tr\\\/#website\"},\"primaryImageOfPage\":{\"@id\":\"https:\\\/\\\/akunq.net\\\/tr\\\/?p=66289#primaryimage\"},\"image\":{\"@id\":\"https:\\\/\\\/akunq.net\\\/tr\\\/?p=66289#primaryimage\"},\"thumbnailUrl\":\"https:\\\/\\\/akunq.net\\\/tr\\\/wp-content\\\/uploads\\\/sites\\\/6\\\/2021\\\/12\\\/\u054e\u0561\u0576\u0561-\u056c\u056b\u0573.jpg\",\"datePublished\":\"2021-12-20T05:53:15+00:00\",\"author\":{\"@id\":\"https:\\\/\\\/akunq.net\\\/tr\\\/#\\\/schema\\\/person\\\/096f1d38a12cce57fb855b485ed24c9e\"},\"breadcrumb\":{\"@id\":\"https:\\\/\\\/akunq.net\\\/tr\\\/?p=66289#breadcrumb\"},\"inLanguage\":\"en-US\",\"potentialAction\":[{\"@type\":\"ReadAction\",\"target\":[\"https:\\\/\\\/akunq.net\\\/tr\\\/?p=66289\"]}]},{\"@type\":\"ImageObject\",\"inLanguage\":\"en-US\",\"@id\":\"https:\\\/\\\/akunq.net\\\/tr\\\/?p=66289#primaryimage\",\"url\":\"https:\\\/\\\/akunq.net\\\/tr\\\/wp-content\\\/uploads\\\/sites\\\/6\\\/2021\\\/12\\\/\u054e\u0561\u0576\u0561-\u056c\u056b\u0573.jpg\",\"contentUrl\":\"https:\\\/\\\/akunq.net\\\/tr\\\/wp-content\\\/uploads\\\/sites\\\/6\\\/2021\\\/12\\\/\u054e\u0561\u0576\u0561-\u056c\u056b\u0573.jpg\",\"width\":400,\"height\":284},{\"@type\":\"BreadcrumbList\",\"@id\":\"https:\\\/\\\/akunq.net\\\/tr\\\/?p=66289#breadcrumb\",\"itemListElement\":[{\"@type\":\"ListItem\",\"position\":1,\"name\":\"Home\",\"item\":\"https:\\\/\\\/akunq.net\\\/tr\"},{\"@type\":\"ListItem\",\"position\":2,\"name\":\"Van G\u00f6l\u00fc\u2019n\u00fcn \u00e7ekilmesiyle yeni mikrobiyalitler g\u00fcn y\u00fcz\u00fcne \u00e7\u0131kt\u0131\"}]},{\"@type\":\"WebSite\",\"@id\":\"https:\\\/\\\/akunq.net\\\/tr\\\/#website\",\"url\":\"https:\\\/\\\/akunq.net\\\/tr\\\/\",\"name\":\"Bati Ermenistan Ve Bati Ermenileri Sorunlari Ara\u015ftirmalar Merkezi\",\"description\":\"\",\"potentialAction\":[{\"@type\":\"SearchAction\",\"target\":{\"@type\":\"EntryPoint\",\"urlTemplate\":\"https:\\\/\\\/akunq.net\\\/tr\\\/?s={search_term_string}\"},\"query-input\":{\"@type\":\"PropertyValueSpecification\",\"valueRequired\":true,\"valueName\":\"search_term_string\"}}],\"inLanguage\":\"en-US\"},{\"@type\":\"Person\",\"@id\":\"https:\\\/\\\/akunq.net\\\/tr\\\/#\\\/schema\\\/person\\\/096f1d38a12cce57fb855b485ed24c9e\",\"name\":\"admin\",\"url\":\"https:\\\/\\\/akunq.net\\\/tr\\\/?author=7\"}]}<\/script>\n<!-- \/ Yoast SEO plugin. -->","yoast_head_json":{"title":"Van G\u00f6l\u00fc\u2019n\u00fcn \u00e7ekilmesiyle yeni mikrobiyalitler g\u00fcn y\u00fcz\u00fcne \u00e7\u0131kt\u0131 - Bati Ermenistan Ve Bati Ermenileri Sorunlari Ara\u015ftirmalar Merkezi","robots":{"index":"index","follow":"follow","max-snippet":"max-snippet:-1","max-image-preview":"max-image-preview:large","max-video-preview":"max-video-preview:-1"},"canonical":"https:\/\/akunq.net\/tr\/?p=66289","og_locale":"en_US","og_type":"article","og_title":"Van G\u00f6l\u00fc\u2019n\u00fcn \u00e7ekilmesiyle yeni mikrobiyalitler g\u00fcn y\u00fcz\u00fcne \u00e7\u0131kt\u0131 - Bati Ermenistan Ve Bati Ermenileri Sorunlari Ara\u015ftirmalar Merkezi","og_description":"D\u00fcnyan\u0131n en b\u00fcy\u00fck sodal\u0131 g\u00f6l\u00fc olan Van G\u00f6l\u00fc&#8217;nde, k\u00fcresel iklim de\u011fi\u015fikli\u011finin etkisiyle sular\u0131n \u00e7ekilmesi, yeni mikrobiyalitlerin ortaya \u00e7\u0131kmas\u0131na neden oldu. D\u00fcnyan\u0131n en b\u00fcy\u00fck sodal\u0131 g\u00f6l\u00fc, T\u00fcrkiye&#8217;nin ise en b\u00fcy\u00fck g\u00f6l\u00fc olan Van G\u00f6l\u00fc&#8217;nde, ya\u011f\u0131\u015flar\u0131n azalmas\u0131 ile birlikte \u00e7ekilme ya\u015fand\u0131. \u0130HA&#8217;n\u0131n haberine g\u00f6re Bitlis\u2019in Adilcevaz il\u00e7esinde, Van G\u00f6l\u00fc suyunun \u00e7ekilmesiyle birlikte g\u00f6l\u00fcn derinliklerindeki mikrobiyalitler de g\u00fcn [&hellip;]","og_url":"https:\/\/akunq.net\/tr\/?p=66289","og_site_name":"Bati Ermenistan Ve Bati Ermenileri Sorunlari Ara\u015ftirmalar Merkezi","article_published_time":"2021-12-20T05:53:15+00:00","og_image":[{"width":400,"height":284,"url":"https:\/\/akunq.net\/tr\/wp-content\/uploads\/sites\/6\/2021\/12\/\u054e\u0561\u0576\u0561-\u056c\u056b\u0573.jpg","type":"image\/jpeg"}],"author":"admin","twitter_card":"summary_large_image","twitter_misc":{"Written by":"admin","Est. reading time":"2 minutes"},"schema":{"@context":"https:\/\/schema.org","@graph":[{"@type":"Article","@id":"https:\/\/akunq.net\/tr\/?p=66289#article","isPartOf":{"@id":"https:\/\/akunq.net\/tr\/?p=66289"},"author":{"name":"admin","@id":"https:\/\/akunq.net\/tr\/#\/schema\/person\/096f1d38a12cce57fb855b485ed24c9e"},"headline":"Van G\u00f6l\u00fc\u2019n\u00fcn \u00e7ekilmesiyle yeni mikrobiyalitler g\u00fcn y\u00fcz\u00fcne \u00e7\u0131kt\u0131","datePublished":"2021-12-20T05:53:15+00:00","mainEntityOfPage":{"@id":"https:\/\/akunq.net\/tr\/?p=66289"},"wordCount":421,"commentCount":0,"image":{"@id":"https:\/\/akunq.net\/tr\/?p=66289#primaryimage"},"thumbnailUrl":"https:\/\/akunq.net\/tr\/wp-content\/uploads\/sites\/6\/2021\/12\/\u054e\u0561\u0576\u0561-\u056c\u056b\u0573.jpg","articleSection":["G\u00fcn\u00fcm\u00fczde Bat\u0131 Ermenistan","Haberler"],"inLanguage":"en-US","potentialAction":[{"@type":"CommentAction","name":"Comment","target":["https:\/\/akunq.net\/tr\/?p=66289#respond"]}]},{"@type":"WebPage","@id":"https:\/\/akunq.net\/tr\/?p=66289","url":"https:\/\/akunq.net\/tr\/?p=66289","name":"Van G\u00f6l\u00fc\u2019n\u00fcn \u00e7ekilmesiyle yeni mikrobiyalitler g\u00fcn y\u00fcz\u00fcne \u00e7\u0131kt\u0131 - Bati Ermenistan Ve Bati Ermenileri Sorunlari Ara\u015ftirmalar Merkezi","isPartOf":{"@id":"https:\/\/akunq.net\/tr\/#website"},"primaryImageOfPage":{"@id":"https:\/\/akunq.net\/tr\/?p=66289#primaryimage"},"image":{"@id":"https:\/\/akunq.net\/tr\/?p=66289#primaryimage"},"thumbnailUrl":"https:\/\/akunq.net\/tr\/wp-content\/uploads\/sites\/6\/2021\/12\/\u054e\u0561\u0576\u0561-\u056c\u056b\u0573.jpg","datePublished":"2021-12-20T05:53:15+00:00","author":{"@id":"https:\/\/akunq.net\/tr\/#\/schema\/person\/096f1d38a12cce57fb855b485ed24c9e"},"breadcrumb":{"@id":"https:\/\/akunq.net\/tr\/?p=66289#breadcrumb"},"inLanguage":"en-US","potentialAction":[{"@type":"ReadAction","target":["https:\/\/akunq.net\/tr\/?p=66289"]}]},{"@type":"ImageObject","inLanguage":"en-US","@id":"https:\/\/akunq.net\/tr\/?p=66289#primaryimage","url":"https:\/\/akunq.net\/tr\/wp-content\/uploads\/sites\/6\/2021\/12\/\u054e\u0561\u0576\u0561-\u056c\u056b\u0573.jpg","contentUrl":"https:\/\/akunq.net\/tr\/wp-content\/uploads\/sites\/6\/2021\/12\/\u054e\u0561\u0576\u0561-\u056c\u056b\u0573.jpg","width":400,"height":284},{"@type":"BreadcrumbList","@id":"https:\/\/akunq.net\/tr\/?p=66289#breadcrumb","itemListElement":[{"@type":"ListItem","position":1,"name":"Home","item":"https:\/\/akunq.net\/tr"},{"@type":"ListItem","position":2,"name":"Van G\u00f6l\u00fc\u2019n\u00fcn \u00e7ekilmesiyle yeni mikrobiyalitler g\u00fcn y\u00fcz\u00fcne \u00e7\u0131kt\u0131"}]},{"@type":"WebSite","@id":"https:\/\/akunq.net\/tr\/#website","url":"https:\/\/akunq.net\/tr\/","name":"Bati Ermenistan Ve Bati Ermenileri Sorunlari Ara\u015ftirmalar Merkezi","description":"","potentialAction":[{"@type":"SearchAction","target":{"@type":"EntryPoint","urlTemplate":"https:\/\/akunq.net\/tr\/?s={search_term_string}"},"query-input":{"@type":"PropertyValueSpecification","valueRequired":true,"valueName":"search_term_string"}}],"inLanguage":"en-US"},{"@type":"Person","@id":"https:\/\/akunq.net\/tr\/#\/schema\/person\/096f1d38a12cce57fb855b485ed24c9e","name":"admin","url":"https:\/\/akunq.net\/tr\/?author=7"}]}},"_links":{"self":[{"href":"https:\/\/akunq.net\/tr\/index.php?rest_route=\/wp\/v2\/posts\/66289","targetHints":{"allow":["GET"]}}],"collection":[{"href":"https:\/\/akunq.net\/tr\/index.php?rest_route=\/wp\/v2\/posts"}],"about":[{"href":"https:\/\/akunq.net\/tr\/index.php?rest_route=\/wp\/v2\/types\/post"}],"author":[{"embeddable":true,"href":"https:\/\/akunq.net\/tr\/index.php?rest_route=\/wp\/v2\/users\/7"}],"replies":[{"embeddable":true,"href":"https:\/\/akunq.net\/tr\/index.php?rest_route=%2Fwp%2Fv2%2Fcomments&post=66289"}],"version-history":[{"count":1,"href":"https:\/\/akunq.net\/tr\/index.php?rest_route=\/wp\/v2\/posts\/66289\/revisions"}],"predecessor-version":[{"id":66291,"href":"https:\/\/akunq.net\/tr\/index.php?rest_route=\/wp\/v2\/posts\/66289\/revisions\/66291"}],"wp:featuredmedia":[{"embeddable":true,"href":"https:\/\/akunq.net\/tr\/index.php?rest_route=\/wp\/v2\/media\/66290"}],"wp:attachment":[{"href":"https:\/\/akunq.net\/tr\/index.php?rest_route=%2Fwp%2Fv2%2Fmedia&parent=66289"}],"wp:term":[{"taxonomy":"category","embeddable":true,"href":"https:\/\/akunq.net\/tr\/index.php?rest_route=%2Fwp%2Fv2%2Fcategories&post=66289"},{"taxonomy":"post_tag","embeddable":true,"href":"https:\/\/akunq.net\/tr\/index.php?rest_route=%2Fwp%2Fv2%2Ftags&post=66289"}],"curies":[{"name":"wp","href":"https:\/\/api.w.org\/{rel}","templated":true}]}}