{"id":66274,"date":"2021-12-17T03:04:54","date_gmt":"2021-12-17T08:04:54","guid":{"rendered":"https:\/\/akunq.net\/tr\/?p=66274"},"modified":"2021-12-17T03:04:54","modified_gmt":"2021-12-17T08:04:54","slug":"abd-turkiye-yabanci-teroristler-icin-kaynak-ve-transit-ulke","status":"publish","type":"post","link":"https:\/\/akunq.net\/tr\/?p=66274","title":{"rendered":"ABD: T\u00fcrkiye yabanc\u0131 ter\u00f6ristler i\u00e7in kaynak ve transit \u00fclke"},"content":{"rendered":"<p><img loading=\"lazy\" decoding=\"async\" class=\"aligncenter size-medium wp-image-66275\" src=\"https:\/\/akunq.net\/tr\/wp-content\/uploads\/2021\/12\/ter\u00f6ristler-360x242.jpg\" alt=\"\" width=\"360\" height=\"242\" srcset=\"https:\/\/akunq.net\/tr\/wp-content\/uploads\/sites\/6\/2021\/12\/ter\u00f6ristler-360x242.jpg 360w, https:\/\/akunq.net\/tr\/wp-content\/uploads\/sites\/6\/2021\/12\/ter\u00f6ristler-560x376.jpg 560w, https:\/\/akunq.net\/tr\/wp-content\/uploads\/sites\/6\/2021\/12\/ter\u00f6ristler-260x175.jpg 260w, https:\/\/akunq.net\/tr\/wp-content\/uploads\/sites\/6\/2021\/12\/ter\u00f6ristler-160x107.jpg 160w, https:\/\/akunq.net\/tr\/wp-content\/uploads\/sites\/6\/2021\/12\/ter\u00f6ristler.jpg 670w\" sizes=\"auto, (max-width: 360px) 100vw, 360px\" \/><\/p>\n<p><em><strong>ABD D\u0131\u015fi\u015fleri Bakanl\u0131\u011f\u0131\u2019n\u0131n her y\u0131l yay\u0131mlad\u0131\u011f\u0131 rapora g\u00f6re T\u00fcrkiye\u2019nin, I\u015e\u0130D ve benzeri gruplara kat\u0131lmak isteyenler i\u00e7in hem kaynak hem de transit bir \u00fclke oldu\u011fu kaydedildi.<\/strong><\/em><\/p>\n<p>ABD D\u0131\u015fi\u015fleri Bakanl\u0131\u011f\u0131\u2019n\u0131n her y\u0131l yay\u0131mlad\u0131\u011f\u0131 ve her \u00fclkeyi tek tek inceleyen \u201cTer\u00f6rizm Raporu\u201d yay\u0131mland\u0131. BBC T\u00fcrk\u00e7e\u2019de yer alan habere g\u00f6re, Raporda T\u00fcrkiye\u2019nin I\u015e\u0130D\u2019le M\u00fccadele Koalisyonu\u2019nun ve K\u00fcresel Ter\u00f6rle M\u00fccadele Forumu\u2019nun bir par\u00e7as\u0131 oldu\u011fu da hat\u0131rlat\u0131l\u0131yor:<\/p>\n<p>T\u00fcrkiye, hem Suriye ve Irak\u2019ta sava\u015fan I\u015e\u0130D ve di\u011fer ter\u00f6rist gruplara kat\u0131lmak isteyen hem de bu \u00fclkelerden ayr\u0131lmak isteyen yabanc\u0131 ter\u00f6rist sava\u015f\u00e7\u0131lar i\u00e7in bir kaynak ve transit \u00fclke. \u0130\u00e7i\u015fleri Bakanl\u0131\u011f\u0131\u2019na g\u00f6re, T\u00fcrkiye 2015\u2019ten Aral\u0131k 2020\u2019ye kadar T\u00fcrkiye 8.143 ki\u015fiyi ter\u00f6rle ba\u011flar\u0131 oldu\u011fu \u015f\u00fcphesiyle s\u0131n\u0131r d\u0131\u015f\u0131 etti; \u00fclkeye giri\u015f yasa\u011f\u0131 bulunan yakla\u015f\u0131k 100 bin isim var. Kamuya a\u00e7\u0131k kaynaklara g\u00f6re 2020 sonuna kadar T\u00fcrkiye 2.343 I\u015e\u0130D destek\u00e7isi \u015f\u00fcphelisini g\u00f6zalt\u0131na ald\u0131; bunlar\u0131n 333\u2019\u00fcne kar\u015f\u0131 yasal i\u015flem ba\u015flatt\u0131. T\u00fcrkiye bazen, hedef \u00fclkeyi \u00f6nceden bilgilendirmeden yabanc\u0131 ter\u00f6rist sava\u015f\u00e7\u0131lar\u0131 s\u0131n\u0131r d\u0131\u015f\u0131 da ediyor.<\/p>\n<p>Raporun bir k\u0131sm\u0131nda \u201cGazetecilerin, insan haklar\u0131 aktivistlerinin, avukatlar\u0131n ve siyaset\u00e7ilerin PKK\u2019ya destek veya yard\u0131m verdi\u011fi su\u00e7lamas\u0131yla yap\u0131lan siyasi maksatl\u0131 g\u00f6zalt\u0131lar ve tutuklamalar 2020\u2019de de devam etti\u201d ifadelerine yer veriliyor.<\/p>\n<p>G\u00fclen yap\u0131lanmas\u0131na da de\u011finilen raporda, Fetullah G\u00fclen i\u00e7in kendi r\u0131zas\u0131yla s\u00fcrg\u00fcnde olan siyasi fig\u00fcr ifadesi kullan\u0131l\u0131yor ve \u201c2016 darbe giri\u015fimi sonras\u0131 h\u00fck\u00fcmet bu hareketi Fetullah Ter\u00f6r \u00d6rg\u00fct\u00fc \u2013 FET\u00d6 olarak tan\u0131mlad\u0131\u201d deniliyor.<\/p>\n<p>Raporda, daha \u00f6nceki raporlarda da yer alan ve T\u00fcrkiye\u2019den tepki \u00e7eken a\u00e7\u0131klamaya bir kez daha yer veriliyor: \u201cFET\u00d6, ABD taraf\u0131ndan ter\u00f6r \u00f6rg\u00fct\u00fc olarak kabul edilmez.\u201d<\/p>\n<p>T\u00fcrkiye\u2019nin bar\u0131\u015f\u00e7\u0131l g\u00f6steri hakk\u0131n\u0131 ve ifade \u00f6zg\u00fcrl\u00fc\u011f\u00fcn\u00fc kriminalize etmek ter\u00f6r tan\u0131m\u0131n\u0131 geni\u015f tuttu\u011funun kaydedildi\u011fi raporda, sadece 7 ayda 6 bin 743 sosyal medya kullan\u0131c\u0131s\u0131n\u0131n \u201cter\u00f6r propagandas\u0131 yapt\u0131\u011f\u0131 su\u00e7lamas\u0131yla\u201d soru\u015fturmaya tabi oldu\u011fu belirtildi.<\/p>\n<p><em><strong>https:\/\/armenpress.am\/tur\/news\/1071009.html\u00a0<\/strong><\/em><\/p>\n","protected":false},"excerpt":{"rendered":"<p>ABD D\u0131\u015fi\u015fleri Bakanl\u0131\u011f\u0131\u2019n\u0131n her y\u0131l yay\u0131mlad\u0131\u011f\u0131 rapora g\u00f6re T\u00fcrkiye\u2019nin, I\u015e\u0130D ve benzeri gruplara kat\u0131lmak isteyenler i\u00e7in hem kaynak hem de transit bir \u00fclke oldu\u011fu kaydedildi. ABD D\u0131\u015fi\u015fleri Bakanl\u0131\u011f\u0131\u2019n\u0131n her y\u0131l yay\u0131mlad\u0131\u011f\u0131 ve her \u00fclkeyi tek tek inceleyen \u201cTer\u00f6rizm Raporu\u201d yay\u0131mland\u0131. BBC T\u00fcrk\u00e7e\u2019de yer alan habere g\u00f6re, Raporda T\u00fcrkiye\u2019nin I\u015e\u0130D\u2019le M\u00fccadele Koalisyonu\u2019nun ve K\u00fcresel Ter\u00f6rle M\u00fccadele [&hellip;]<\/p>\n","protected":false},"author":7,"featured_media":66275,"comment_status":"open","ping_status":"open","sticky":false,"template":"","format":"standard","meta":{"footnotes":""},"categories":[1],"tags":[],"class_list":["post-66274","post","type-post","status-publish","format-standard","has-post-thumbnail","hentry","category-haberler"],"yoast_head":"<!-- This site is optimized with the Yoast SEO plugin v27.4 - https:\/\/yoast.com\/product\/yoast-seo-wordpress\/ -->\n<title>ABD: T\u00fcrkiye yabanc\u0131 ter\u00f6ristler i\u00e7in kaynak ve transit \u00fclke - Bati Ermenistan Ve Bati Ermenileri Sorunlari Ara\u015ftirmalar Merkezi<\/title>\n<meta name=\"robots\" content=\"index, follow, max-snippet:-1, max-image-preview:large, max-video-preview:-1\" \/>\n<link rel=\"canonical\" href=\"https:\/\/akunq.net\/tr\/?p=66274\" \/>\n<meta property=\"og:locale\" content=\"en_US\" \/>\n<meta property=\"og:type\" content=\"article\" \/>\n<meta property=\"og:title\" content=\"ABD: T\u00fcrkiye yabanc\u0131 ter\u00f6ristler i\u00e7in kaynak ve transit \u00fclke - Bati Ermenistan Ve Bati Ermenileri Sorunlari Ara\u015ftirmalar Merkezi\" \/>\n<meta property=\"og:description\" content=\"ABD D\u0131\u015fi\u015fleri Bakanl\u0131\u011f\u0131\u2019n\u0131n her y\u0131l yay\u0131mlad\u0131\u011f\u0131 rapora g\u00f6re T\u00fcrkiye\u2019nin, I\u015e\u0130D ve benzeri gruplara kat\u0131lmak isteyenler i\u00e7in hem kaynak hem de transit bir \u00fclke oldu\u011fu kaydedildi. ABD D\u0131\u015fi\u015fleri Bakanl\u0131\u011f\u0131\u2019n\u0131n her y\u0131l yay\u0131mlad\u0131\u011f\u0131 ve her \u00fclkeyi tek tek inceleyen \u201cTer\u00f6rizm Raporu\u201d yay\u0131mland\u0131. BBC T\u00fcrk\u00e7e\u2019de yer alan habere g\u00f6re, Raporda T\u00fcrkiye\u2019nin I\u015e\u0130D\u2019le M\u00fccadele Koalisyonu\u2019nun ve K\u00fcresel Ter\u00f6rle M\u00fccadele [&hellip;]\" \/>\n<meta property=\"og:url\" content=\"https:\/\/akunq.net\/tr\/?p=66274\" \/>\n<meta property=\"og:site_name\" content=\"Bati Ermenistan Ve Bati Ermenileri Sorunlari Ara\u015ftirmalar Merkezi\" \/>\n<meta property=\"article:published_time\" content=\"2021-12-17T08:04:54+00:00\" \/>\n<meta property=\"og:image\" content=\"https:\/\/akunq.net\/tr\/wp-content\/uploads\/sites\/6\/2021\/12\/ter\u00f6ristler.jpg\" \/>\n\t<meta property=\"og:image:width\" content=\"670\" \/>\n\t<meta property=\"og:image:height\" content=\"450\" \/>\n\t<meta property=\"og:image:type\" content=\"image\/jpeg\" \/>\n<meta name=\"author\" content=\"admin\" \/>\n<meta name=\"twitter:card\" content=\"summary_large_image\" \/>\n<meta name=\"twitter:label1\" content=\"Written by\" \/>\n\t<meta name=\"twitter:data1\" content=\"admin\" \/>\n\t<meta name=\"twitter:label2\" content=\"Est. reading time\" \/>\n\t<meta name=\"twitter:data2\" content=\"2 minutes\" \/>\n<script type=\"application\/ld+json\" class=\"yoast-schema-graph\">{\"@context\":\"https:\\\/\\\/schema.org\",\"@graph\":[{\"@type\":\"Article\",\"@id\":\"https:\\\/\\\/akunq.net\\\/tr\\\/?p=66274#article\",\"isPartOf\":{\"@id\":\"https:\\\/\\\/akunq.net\\\/tr\\\/?p=66274\"},\"author\":{\"name\":\"admin\",\"@id\":\"https:\\\/\\\/akunq.net\\\/tr\\\/#\\\/schema\\\/person\\\/096f1d38a12cce57fb855b485ed24c9e\"},\"headline\":\"ABD: T\u00fcrkiye yabanc\u0131 ter\u00f6ristler i\u00e7in kaynak ve transit \u00fclke\",\"datePublished\":\"2021-12-17T08:04:54+00:00\",\"mainEntityOfPage\":{\"@id\":\"https:\\\/\\\/akunq.net\\\/tr\\\/?p=66274\"},\"wordCount\":413,\"commentCount\":0,\"image\":{\"@id\":\"https:\\\/\\\/akunq.net\\\/tr\\\/?p=66274#primaryimage\"},\"thumbnailUrl\":\"https:\\\/\\\/akunq.net\\\/tr\\\/wp-content\\\/uploads\\\/sites\\\/6\\\/2021\\\/12\\\/ter\u00f6ristler.jpg\",\"articleSection\":[\"Haberler\"],\"inLanguage\":\"en-US\",\"potentialAction\":[{\"@type\":\"CommentAction\",\"name\":\"Comment\",\"target\":[\"https:\\\/\\\/akunq.net\\\/tr\\\/?p=66274#respond\"]}]},{\"@type\":\"WebPage\",\"@id\":\"https:\\\/\\\/akunq.net\\\/tr\\\/?p=66274\",\"url\":\"https:\\\/\\\/akunq.net\\\/tr\\\/?p=66274\",\"name\":\"ABD: T\u00fcrkiye yabanc\u0131 ter\u00f6ristler i\u00e7in kaynak ve transit \u00fclke - Bati Ermenistan Ve Bati Ermenileri Sorunlari Ara\u015ftirmalar Merkezi\",\"isPartOf\":{\"@id\":\"https:\\\/\\\/akunq.net\\\/tr\\\/#website\"},\"primaryImageOfPage\":{\"@id\":\"https:\\\/\\\/akunq.net\\\/tr\\\/?p=66274#primaryimage\"},\"image\":{\"@id\":\"https:\\\/\\\/akunq.net\\\/tr\\\/?p=66274#primaryimage\"},\"thumbnailUrl\":\"https:\\\/\\\/akunq.net\\\/tr\\\/wp-content\\\/uploads\\\/sites\\\/6\\\/2021\\\/12\\\/ter\u00f6ristler.jpg\",\"datePublished\":\"2021-12-17T08:04:54+00:00\",\"author\":{\"@id\":\"https:\\\/\\\/akunq.net\\\/tr\\\/#\\\/schema\\\/person\\\/096f1d38a12cce57fb855b485ed24c9e\"},\"breadcrumb\":{\"@id\":\"https:\\\/\\\/akunq.net\\\/tr\\\/?p=66274#breadcrumb\"},\"inLanguage\":\"en-US\",\"potentialAction\":[{\"@type\":\"ReadAction\",\"target\":[\"https:\\\/\\\/akunq.net\\\/tr\\\/?p=66274\"]}]},{\"@type\":\"ImageObject\",\"inLanguage\":\"en-US\",\"@id\":\"https:\\\/\\\/akunq.net\\\/tr\\\/?p=66274#primaryimage\",\"url\":\"https:\\\/\\\/akunq.net\\\/tr\\\/wp-content\\\/uploads\\\/sites\\\/6\\\/2021\\\/12\\\/ter\u00f6ristler.jpg\",\"contentUrl\":\"https:\\\/\\\/akunq.net\\\/tr\\\/wp-content\\\/uploads\\\/sites\\\/6\\\/2021\\\/12\\\/ter\u00f6ristler.jpg\",\"width\":670,\"height\":450},{\"@type\":\"BreadcrumbList\",\"@id\":\"https:\\\/\\\/akunq.net\\\/tr\\\/?p=66274#breadcrumb\",\"itemListElement\":[{\"@type\":\"ListItem\",\"position\":1,\"name\":\"Home\",\"item\":\"https:\\\/\\\/akunq.net\\\/tr\"},{\"@type\":\"ListItem\",\"position\":2,\"name\":\"ABD: T\u00fcrkiye yabanc\u0131 ter\u00f6ristler i\u00e7in kaynak ve transit \u00fclke\"}]},{\"@type\":\"WebSite\",\"@id\":\"https:\\\/\\\/akunq.net\\\/tr\\\/#website\",\"url\":\"https:\\\/\\\/akunq.net\\\/tr\\\/\",\"name\":\"Bati Ermenistan Ve Bati Ermenileri Sorunlari Ara\u015ftirmalar Merkezi\",\"description\":\"\",\"potentialAction\":[{\"@type\":\"SearchAction\",\"target\":{\"@type\":\"EntryPoint\",\"urlTemplate\":\"https:\\\/\\\/akunq.net\\\/tr\\\/?s={search_term_string}\"},\"query-input\":{\"@type\":\"PropertyValueSpecification\",\"valueRequired\":true,\"valueName\":\"search_term_string\"}}],\"inLanguage\":\"en-US\"},{\"@type\":\"Person\",\"@id\":\"https:\\\/\\\/akunq.net\\\/tr\\\/#\\\/schema\\\/person\\\/096f1d38a12cce57fb855b485ed24c9e\",\"name\":\"admin\",\"url\":\"https:\\\/\\\/akunq.net\\\/tr\\\/?author=7\"}]}<\/script>\n<!-- \/ Yoast SEO plugin. -->","yoast_head_json":{"title":"ABD: T\u00fcrkiye yabanc\u0131 ter\u00f6ristler i\u00e7in kaynak ve transit \u00fclke - Bati Ermenistan Ve Bati Ermenileri Sorunlari Ara\u015ftirmalar Merkezi","robots":{"index":"index","follow":"follow","max-snippet":"max-snippet:-1","max-image-preview":"max-image-preview:large","max-video-preview":"max-video-preview:-1"},"canonical":"https:\/\/akunq.net\/tr\/?p=66274","og_locale":"en_US","og_type":"article","og_title":"ABD: T\u00fcrkiye yabanc\u0131 ter\u00f6ristler i\u00e7in kaynak ve transit \u00fclke - Bati Ermenistan Ve Bati Ermenileri Sorunlari Ara\u015ftirmalar Merkezi","og_description":"ABD D\u0131\u015fi\u015fleri Bakanl\u0131\u011f\u0131\u2019n\u0131n her y\u0131l yay\u0131mlad\u0131\u011f\u0131 rapora g\u00f6re T\u00fcrkiye\u2019nin, I\u015e\u0130D ve benzeri gruplara kat\u0131lmak isteyenler i\u00e7in hem kaynak hem de transit bir \u00fclke oldu\u011fu kaydedildi. ABD D\u0131\u015fi\u015fleri Bakanl\u0131\u011f\u0131\u2019n\u0131n her y\u0131l yay\u0131mlad\u0131\u011f\u0131 ve her \u00fclkeyi tek tek inceleyen \u201cTer\u00f6rizm Raporu\u201d yay\u0131mland\u0131. BBC T\u00fcrk\u00e7e\u2019de yer alan habere g\u00f6re, Raporda T\u00fcrkiye\u2019nin I\u015e\u0130D\u2019le M\u00fccadele Koalisyonu\u2019nun ve K\u00fcresel Ter\u00f6rle M\u00fccadele [&hellip;]","og_url":"https:\/\/akunq.net\/tr\/?p=66274","og_site_name":"Bati Ermenistan Ve Bati Ermenileri Sorunlari Ara\u015ftirmalar Merkezi","article_published_time":"2021-12-17T08:04:54+00:00","og_image":[{"width":670,"height":450,"url":"https:\/\/akunq.net\/tr\/wp-content\/uploads\/sites\/6\/2021\/12\/ter\u00f6ristler.jpg","type":"image\/jpeg"}],"author":"admin","twitter_card":"summary_large_image","twitter_misc":{"Written by":"admin","Est. reading time":"2 minutes"},"schema":{"@context":"https:\/\/schema.org","@graph":[{"@type":"Article","@id":"https:\/\/akunq.net\/tr\/?p=66274#article","isPartOf":{"@id":"https:\/\/akunq.net\/tr\/?p=66274"},"author":{"name":"admin","@id":"https:\/\/akunq.net\/tr\/#\/schema\/person\/096f1d38a12cce57fb855b485ed24c9e"},"headline":"ABD: T\u00fcrkiye yabanc\u0131 ter\u00f6ristler i\u00e7in kaynak ve transit \u00fclke","datePublished":"2021-12-17T08:04:54+00:00","mainEntityOfPage":{"@id":"https:\/\/akunq.net\/tr\/?p=66274"},"wordCount":413,"commentCount":0,"image":{"@id":"https:\/\/akunq.net\/tr\/?p=66274#primaryimage"},"thumbnailUrl":"https:\/\/akunq.net\/tr\/wp-content\/uploads\/sites\/6\/2021\/12\/ter\u00f6ristler.jpg","articleSection":["Haberler"],"inLanguage":"en-US","potentialAction":[{"@type":"CommentAction","name":"Comment","target":["https:\/\/akunq.net\/tr\/?p=66274#respond"]}]},{"@type":"WebPage","@id":"https:\/\/akunq.net\/tr\/?p=66274","url":"https:\/\/akunq.net\/tr\/?p=66274","name":"ABD: T\u00fcrkiye yabanc\u0131 ter\u00f6ristler i\u00e7in kaynak ve transit \u00fclke - Bati Ermenistan Ve Bati Ermenileri Sorunlari Ara\u015ftirmalar Merkezi","isPartOf":{"@id":"https:\/\/akunq.net\/tr\/#website"},"primaryImageOfPage":{"@id":"https:\/\/akunq.net\/tr\/?p=66274#primaryimage"},"image":{"@id":"https:\/\/akunq.net\/tr\/?p=66274#primaryimage"},"thumbnailUrl":"https:\/\/akunq.net\/tr\/wp-content\/uploads\/sites\/6\/2021\/12\/ter\u00f6ristler.jpg","datePublished":"2021-12-17T08:04:54+00:00","author":{"@id":"https:\/\/akunq.net\/tr\/#\/schema\/person\/096f1d38a12cce57fb855b485ed24c9e"},"breadcrumb":{"@id":"https:\/\/akunq.net\/tr\/?p=66274#breadcrumb"},"inLanguage":"en-US","potentialAction":[{"@type":"ReadAction","target":["https:\/\/akunq.net\/tr\/?p=66274"]}]},{"@type":"ImageObject","inLanguage":"en-US","@id":"https:\/\/akunq.net\/tr\/?p=66274#primaryimage","url":"https:\/\/akunq.net\/tr\/wp-content\/uploads\/sites\/6\/2021\/12\/ter\u00f6ristler.jpg","contentUrl":"https:\/\/akunq.net\/tr\/wp-content\/uploads\/sites\/6\/2021\/12\/ter\u00f6ristler.jpg","width":670,"height":450},{"@type":"BreadcrumbList","@id":"https:\/\/akunq.net\/tr\/?p=66274#breadcrumb","itemListElement":[{"@type":"ListItem","position":1,"name":"Home","item":"https:\/\/akunq.net\/tr"},{"@type":"ListItem","position":2,"name":"ABD: T\u00fcrkiye yabanc\u0131 ter\u00f6ristler i\u00e7in kaynak ve transit \u00fclke"}]},{"@type":"WebSite","@id":"https:\/\/akunq.net\/tr\/#website","url":"https:\/\/akunq.net\/tr\/","name":"Bati Ermenistan Ve Bati Ermenileri Sorunlari Ara\u015ftirmalar Merkezi","description":"","potentialAction":[{"@type":"SearchAction","target":{"@type":"EntryPoint","urlTemplate":"https:\/\/akunq.net\/tr\/?s={search_term_string}"},"query-input":{"@type":"PropertyValueSpecification","valueRequired":true,"valueName":"search_term_string"}}],"inLanguage":"en-US"},{"@type":"Person","@id":"https:\/\/akunq.net\/tr\/#\/schema\/person\/096f1d38a12cce57fb855b485ed24c9e","name":"admin","url":"https:\/\/akunq.net\/tr\/?author=7"}]}},"_links":{"self":[{"href":"https:\/\/akunq.net\/tr\/index.php?rest_route=\/wp\/v2\/posts\/66274","targetHints":{"allow":["GET"]}}],"collection":[{"href":"https:\/\/akunq.net\/tr\/index.php?rest_route=\/wp\/v2\/posts"}],"about":[{"href":"https:\/\/akunq.net\/tr\/index.php?rest_route=\/wp\/v2\/types\/post"}],"author":[{"embeddable":true,"href":"https:\/\/akunq.net\/tr\/index.php?rest_route=\/wp\/v2\/users\/7"}],"replies":[{"embeddable":true,"href":"https:\/\/akunq.net\/tr\/index.php?rest_route=%2Fwp%2Fv2%2Fcomments&post=66274"}],"version-history":[{"count":1,"href":"https:\/\/akunq.net\/tr\/index.php?rest_route=\/wp\/v2\/posts\/66274\/revisions"}],"predecessor-version":[{"id":66276,"href":"https:\/\/akunq.net\/tr\/index.php?rest_route=\/wp\/v2\/posts\/66274\/revisions\/66276"}],"wp:featuredmedia":[{"embeddable":true,"href":"https:\/\/akunq.net\/tr\/index.php?rest_route=\/wp\/v2\/media\/66275"}],"wp:attachment":[{"href":"https:\/\/akunq.net\/tr\/index.php?rest_route=%2Fwp%2Fv2%2Fmedia&parent=66274"}],"wp:term":[{"taxonomy":"category","embeddable":true,"href":"https:\/\/akunq.net\/tr\/index.php?rest_route=%2Fwp%2Fv2%2Fcategories&post=66274"},{"taxonomy":"post_tag","embeddable":true,"href":"https:\/\/akunq.net\/tr\/index.php?rest_route=%2Fwp%2Fv2%2Ftags&post=66274"}],"curies":[{"name":"wp","href":"https:\/\/api.w.org\/{rel}","templated":true}]}}