{"id":66271,"date":"2021-12-17T02:39:51","date_gmt":"2021-12-17T07:39:51","guid":{"rendered":"https:\/\/akunq.net\/tr\/?p=66271"},"modified":"2021-12-17T02:39:51","modified_gmt":"2021-12-17T07:39:51","slug":"diyarbakir-surp-hovsep-kilisesinde-100-yila-yakin-bir-zaman-sonra-ilk-kutsal-ayin","status":"publish","type":"post","link":"https:\/\/akunq.net\/tr\/?p=66271","title":{"rendered":"Diyarbak\u0131r Surp Hovsep Kilisesi\u2019nde 100 y\u0131la yak\u0131n bir zaman sonra ilk Kutsal Ayin"},"content":{"rendered":"<p><img loading=\"lazy\" decoding=\"async\" class=\"aligncenter size-medium wp-image-66272\" src=\"https:\/\/akunq.net\/tr\/wp-content\/uploads\/2021\/12\/Diyarbak\u0131r-Surp-Hovsep-Kilisesi-1-360x270.jpeg\" alt=\"\" width=\"360\" height=\"270\" srcset=\"https:\/\/akunq.net\/tr\/wp-content\/uploads\/sites\/6\/2021\/12\/Diyarbak\u0131r-Surp-Hovsep-Kilisesi-1-360x270.jpeg 360w, https:\/\/akunq.net\/tr\/wp-content\/uploads\/sites\/6\/2021\/12\/Diyarbak\u0131r-Surp-Hovsep-Kilisesi-1-768x576.jpeg 768w, https:\/\/akunq.net\/tr\/wp-content\/uploads\/sites\/6\/2021\/12\/Diyarbak\u0131r-Surp-Hovsep-Kilisesi-1-1536x1152.jpeg 1536w, https:\/\/akunq.net\/tr\/wp-content\/uploads\/sites\/6\/2021\/12\/Diyarbak\u0131r-Surp-Hovsep-Kilisesi-1-560x420.jpeg 560w, https:\/\/akunq.net\/tr\/wp-content\/uploads\/sites\/6\/2021\/12\/Diyarbak\u0131r-Surp-Hovsep-Kilisesi-1-260x195.jpeg 260w, https:\/\/akunq.net\/tr\/wp-content\/uploads\/sites\/6\/2021\/12\/Diyarbak\u0131r-Surp-Hovsep-Kilisesi-1-160x120.jpeg 160w, https:\/\/akunq.net\/tr\/wp-content\/uploads\/sites\/6\/2021\/12\/Diyarbak\u0131r-Surp-Hovsep-Kilisesi-1.jpeg 2048w\" sizes=\"auto, (max-width: 360px) 100vw, 360px\" \/><\/p>\n<p><em><strong>HYETERT G\u00fcncellendi-<\/strong>\u00a0<strong>Diyarbak\u0131r\u2019da 2015 y\u0131l\u0131nda meydana gelen hendek \u00e7at\u0131\u015fmalar\u0131nda zarar g\u00f6ren Surp Hovsep Ermeni Katolik Kilisesi\u2019nde 4 y\u0131l kadar s\u00fcren restorasyon \u00e7al\u0131\u015fmalar\u0131 tamamland\u0131 ve yakla\u015f\u0131k 100 y\u0131l sonra ilk Kutsal Ayin yap\u0131ld\u0131.<\/strong><\/em><\/p>\n<p>Kutsal Ayin \u00f6ncesi Kilise, Kutsal M\u00fcron ile kutsand\u0131.<\/p>\n<figure class=\"wp-block-image size-large\"><img loading=\"lazy\" decoding=\"async\" class=\"wp-image-433224\" src=\"https:\/\/i0.wp.com\/hyetert.org\/wp-content\/uploads\/2021\/12\/IMG_7263.jpeg?resize=1024%2C768&amp;ssl=1\" sizes=\"auto, (max-width: 1000px) 100vw, 1000px\" srcset=\"https:\/\/i1.wp.com\/hyetert.org\/wp-content\/uploads\/2021\/12\/IMG_7263-scaled.jpeg?resize=1024%2C768&amp;ssl=1 1024w, https:\/\/i1.wp.com\/hyetert.org\/wp-content\/uploads\/2021\/12\/IMG_7263-scaled.jpeg?resize=300%2C225&amp;ssl=1 300w, https:\/\/i1.wp.com\/hyetert.org\/wp-content\/uploads\/2021\/12\/IMG_7263-scaled.jpeg?resize=768%2C576&amp;ssl=1 768w, https:\/\/i1.wp.com\/hyetert.org\/wp-content\/uploads\/2021\/12\/IMG_7263-scaled.jpeg?resize=1536%2C1152&amp;ssl=1 1536w, https:\/\/i1.wp.com\/hyetert.org\/wp-content\/uploads\/2021\/12\/IMG_7263-scaled.jpeg?resize=2048%2C1536&amp;ssl=1 2048w\" alt=\"\" width=\"1024\" height=\"768\" data-recalc-dims=\"1\" \/><\/figure>\n<p>05 Aral\u0131k Pazar g\u00fcn\u00fc yap\u0131lan Kutsal Ayini, T\u00fcrkiye Katolik Ermenileri Ruhani \u00d6nderi Ba\u015fepiskopos Levon Zekiyan y\u00f6netti. T\u00f6rende, \u0130stanbul Surp Hovhan Vosgeperan Kilisesi tbirleri ve Tbrats Tas \u00fcyeleri hizmet ettiler. \u0130stanbul\u2019dan a\u00e7\u0131l\u0131\u015f i\u00e7in gelen yakla\u015f\u0131k 50 ki\u015filik gruba Mardin\u2019den ve Diyarbak\u0131r\u2019dan kat\u0131lanlar da olmu\u015ftu.<\/p>\n<figure class=\"wp-block-image size-large\"><img loading=\"lazy\" decoding=\"async\" class=\"wp-image-433226\" src=\"https:\/\/i0.wp.com\/hyetert.org\/wp-content\/uploads\/2021\/12\/IMG_7282.jpeg?resize=1024%2C768&amp;ssl=1\" sizes=\"auto, (max-width: 1000px) 100vw, 1000px\" srcset=\"https:\/\/i0.wp.com\/hyetert.org\/wp-content\/uploads\/2021\/12\/IMG_7282-scaled.jpeg?resize=1024%2C768&amp;ssl=1 1024w, https:\/\/i0.wp.com\/hyetert.org\/wp-content\/uploads\/2021\/12\/IMG_7282-scaled.jpeg?resize=300%2C225&amp;ssl=1 300w, https:\/\/i0.wp.com\/hyetert.org\/wp-content\/uploads\/2021\/12\/IMG_7282-scaled.jpeg?resize=768%2C576&amp;ssl=1 768w, https:\/\/i0.wp.com\/hyetert.org\/wp-content\/uploads\/2021\/12\/IMG_7282-scaled.jpeg?resize=1536%2C1152&amp;ssl=1 1536w, https:\/\/i0.wp.com\/hyetert.org\/wp-content\/uploads\/2021\/12\/IMG_7282-scaled.jpeg?resize=2048%2C1536&amp;ssl=1 2048w\" alt=\"\" width=\"1024\" height=\"768\" data-recalc-dims=\"1\" \/><\/figure>\n<p>Ba\u015fepiskopos Levon Zekiyan, t\u00f6ren esnas\u0131nda yapt\u0131\u011f\u0131 konu\u015fmada; \u201dBug\u00fcn, Diyarbak\u0131r Ermeni Katolik Kilisesi y\u0131ll\u0131klar\u0131nda tarihi bir g\u00fcn olarak kayda ge\u00e7ecek. Hemen hemen 100 y\u0131l aradan sonra ilk defa bu aziz mekanda Kutsal Kurban ayini yap\u0131lacak, kaybolmaya y\u00fcz tutmu\u015f bir ge\u00e7mi\u015fin izleri yeniden canlanacakt\u0131r. Silinme tehlikesi ile kar\u015f\u0131 kar\u015f\u0131ya olan bir tarihin an\u0131tsal an\u0131s\u0131 olan bu billur kilise bir kez daha hayat bulacakt\u0131r; ufukta y\u00fckselirken bize umut veren bu yeni tarihin ye\u015feren yapraklar\u0131 yeni bir d\u00f6nemin simgeleri olarak d\u00fc\u015flerimizi s\u00fcsleyecektir.<\/p>\n<p>Diyarbak\u0131r Ermeni Katolik Kilisesi, Anadolu topraklar\u0131n\u0131n benzeri nadide g\u00fczellikleri gibi 20. yy\u2019\u0131n ba\u015flar\u0131nda vahim bir mukadderat\u0131n kurban\u0131 olarak kaybolan cevherler boh\u00e7as\u0131na sar\u0131lm\u0131\u015f, umutsuz bir yolculu\u011fun say\u0131s\u0131z kervan\u0131na kar\u0131\u015fm\u0131\u015f ve kendisini in\u015faa eden m\u00fcminler ile cemaat ecdad\u0131n\u0131n g\u00f6klerden inen ac\u0131kl\u0131 bak\u0131\u015flar\u0131 aras\u0131nda kaderin buyru\u011funa boyun e\u011fmi\u015f gibiydi\u2026<\/p>\n<p>Bug\u00fcn bu ve benzeri durumlara yol a\u00e7an zihniyetin kamu hayat\u0131m\u0131zda gittik\u00e7e zay\u0131flamas\u0131, g\u00fcd\u00fcms\u00fcz kudretini yitirmesi, farkl\u0131l\u0131klar ve \u00e7e\u015fitlilikler hakk\u0131nda yeni ve olumlu g\u00f6r\u00fc\u015flerin geli\u015fmesi, muhakkak bir Tanr\u0131 nimeti olsa gerek. Yak\u0131n ge\u00e7mi\u015fteki Sur \u00e7at\u0131\u015fmalar\u0131nda a\u011f\u0131r hasar g\u00f6ren kilisemiz, Devlet tasarrufuyla onar\u0131m\u0131 ve g\u00fcn\u00fcm\u00fczdeki takdire \u015fayan haline gelmi\u015ftir. T\u00fcm bu geli\u015fmelerin, Tanr\u0131 \u0130nayetinin bizzat \u015fahit oldu\u011fumuz bir tecellisi olarak telakki edilmesi gereklili\u011fine derinden inanm\u0131\u015f\u0131md\u0131r.<\/p>\n<p>27 Eyl\u00fcl 2021 tarihinde Ankara\u2019da Vak\u0131flar Genel M\u00fcd\u00fcrl\u00fc\u011f\u00fcnde, Diyarbak\u0131r \u0130li, Sur \u0130l\u00e7esi, Ermeni Katolik Cemaati ad\u0131na kay\u0131tl\u0131 olan Ermeni Katolik Kilisesi hakk\u0131nda, Vak\u0131flar Genel M\u00fcd\u00fcrl\u00fc\u011f\u00fc Vak\u0131flar Meclisince oy birli\u011fiyle al\u0131nan karar s\u00f6ylediklerimizin g\u00fczel bir kan\u0131t\u0131d\u0131r.\u201d dedi.<\/p>\n<p>Be\u015fepiskopos Zekiyan, konu\u015fmas\u0131nda, Dicle \u00dcniversitesi ile yap\u0131lan protokol\u00fcn bir k\u0131sm\u0131na at\u0131fta bulunarak; \u201d<em>mimari \u00f6zelli\u011finin kaybedilmemesi, her t\u00fcrl\u00fc bak\u0131m, onar\u0131m ve muhafazas\u0131n\u0131n sa\u011flanmas\u0131, Ermeni Katolik cemaatince ayin yap\u0131lmak \u00fczere talep edilmesi halinde izin verilmesi kayd\u0131yla, e\u011fitim ve k\u00fclt\u00fcr hizmetlerinde kullan\u0131lmak \u00fczere<\/em>\u201d \u00fcniversiteye 10 y\u0131l s\u00fcre ile kiraland\u0131\u011f\u0131n\u0131 belirtti.<\/p>\n<p>Ba\u015fepiskopos, konu\u015fmas\u0131n\u0131n sonunda \u00f6nce Yaradan ve her \u015feyi y\u00f6neten Allah\u2019a \u015f\u00fckranlar\u0131n\u0131 sundu. Ard\u0131ndan Vak\u0131flar Genel M\u00fcd\u00fcrl\u00fc\u011f\u00fcne, M\u00fcd\u00fcr\u00fc Burhan Ersoy\u2019a, selefi Adnan Ertem\u2019e, Diyarbak\u0131r Valisi M\u00fcnir Karalo\u011flu\u2019na, Genel ve Yerel Vak\u0131flar y\u00f6netiminde etkin t\u00fcm yetkililere, \u00f6zellikle Diyarbak\u0131r Vak\u0131flar B\u00f6lge M\u00fcd\u00fcr Vekili Be\u015fir Cindio\u011flu\u2019na ve Cemaat Vak\u0131flar\u0131 Temsilcisi Can Ustaba\u015f\u0131\u2019na, Dicle \u00dcniversitesi Rekt\u00f6r\u00fc Mehmet Karako\u00e7 ve beraberinde \u00e7al\u0131\u015fan t\u00fcm meslekta\u015flar\u0131na, \u00f6zellikle Dicle \u00dcniversitesi K\u00fclt\u00fcr, Sanat, Uygulama ve Ara\u015ft\u0131rma Merkezi M\u00fcd\u00fcr\u00fc Burak Kazan\u2019a, Sur Kaymakam\u0131 Abdullah \u00c7ift\u00e7i\u2019ye, Diyarbak\u0131r Surp Hovsep\/Aziz Yusuf kilisemizin onar\u0131m\u0131nda ve tekrar kullan\u0131ma a\u00e7\u0131lmas\u0131nda, mimari \u00f6zelli\u011fininin muhafazas\u0131n\u0131 temin etmekle ve protokol \u015fartlar\u0131 do\u011frultusunda e\u011fitim ve k\u00fclt\u00fcr hizmetlerinde bulunma imkanlar\u0131n\u0131 sa\u011flamakta eme\u011fi ge\u00e7en ve ge\u00e7ecek olan herkese ve bug\u00fcn bu kutsal ayinde bendenize refakat eden t\u00fcm m\u00fcminlere ve dostlara \u015fahs\u0131 ve cemaati ad\u0131na derin ve samimi te\u015fekk\u00fcrlerini sundu.<\/p>\n<p>Son olarak \u201dAllah kimseden l\u00fctuflar\u0131n\u0131 eksik etmesin ve \u00f6zellikle y\u00fczy\u0131llar boyu kilisemize ev sahibi olmu\u015f Dicle\u2019nin incisi bu g\u00fczel Diyarbak\u0131r kentini hep huzur, sa\u011fl\u0131k ve bereket i\u00e7inde korusun\u201d dua ve temennisi ile s\u00f6zlerini tamamlad\u0131.<\/p>\n<figure class=\"wp-block-image size-large\"><img loading=\"lazy\" decoding=\"async\" class=\"wp-image-433219\" src=\"https:\/\/i2.wp.com\/hyetert.org\/wp-content\/uploads\/2021\/12\/IMG_7338.jpeg?resize=1024%2C768&amp;ssl=1\" sizes=\"auto, (max-width: 1000px) 100vw, 1000px\" srcset=\"https:\/\/i2.wp.com\/hyetert.org\/wp-content\/uploads\/2021\/12\/IMG_7338-scaled.jpeg?resize=1024%2C768&amp;ssl=1 1024w, https:\/\/i2.wp.com\/hyetert.org\/wp-content\/uploads\/2021\/12\/IMG_7338-scaled.jpeg?resize=300%2C225&amp;ssl=1 300w, https:\/\/i2.wp.com\/hyetert.org\/wp-content\/uploads\/2021\/12\/IMG_7338-scaled.jpeg?resize=768%2C576&amp;ssl=1 768w, https:\/\/i2.wp.com\/hyetert.org\/wp-content\/uploads\/2021\/12\/IMG_7338-scaled.jpeg?resize=1536%2C1152&amp;ssl=1 1536w, https:\/\/i2.wp.com\/hyetert.org\/wp-content\/uploads\/2021\/12\/IMG_7338-scaled.jpeg?resize=2048%2C1536&amp;ssl=1 2048w\" alt=\"\" width=\"1024\" height=\"768\" data-recalc-dims=\"1\" \/><figcaption>B\u00f6lgede ya\u015fayan Ermeni halk\u0131 ile an\u0131 foto\u011fraf\u0131<\/figcaption><\/figure>\n<p>VGM taraf\u0131ndan asl\u0131na uygun olarak restore edilen kilise, Ermeni Katolik cemaatince ayin yap\u0131lmas\u0131 talep edildi\u011finde izin verilmesi kayd\u0131yla 10 y\u0131l s\u00fcreyle e\u011fitim ve k\u00fclt\u00fcr hizmetlerinde kullan\u0131lmak \u00fczere Dicle \u00dcniversitesi\u2019ne tahsis edildi.<\/p>\n<figure class=\"wp-block-image size-full\"><img loading=\"lazy\" decoding=\"async\" class=\"wp-image-433229\" src=\"https:\/\/i0.wp.com\/hyetert.org\/wp-content\/uploads\/2021\/12\/61ac9a2586b24425a8116721.jpg.webp?resize=750%2C476&amp;ssl=1\" sizes=\"auto, (max-width: 750px) 100vw, 750px\" srcset=\"https:\/\/i0.wp.com\/hyetert.org\/wp-content\/uploads\/2021\/12\/61ac9a2586b24425a8116721.jpg.webp?w=750&amp;ssl=1 750w, https:\/\/i0.wp.com\/hyetert.org\/wp-content\/uploads\/2021\/12\/61ac9a2586b24425a8116721.jpg.webp?resize=300%2C190&amp;ssl=1 300w\" alt=\"\" width=\"750\" height=\"476\" data-recalc-dims=\"1\" \/><figcaption>A\u011f\u0131r hasar g\u00f6ren kilisenin restorasyon \u00f6ncesi hali<\/figcaption><\/figure>\n<figure class=\"wp-block-image size-full\"><img loading=\"lazy\" decoding=\"async\" class=\"wp-image-433230\" src=\"https:\/\/i0.wp.com\/hyetert.org\/wp-content\/uploads\/2021\/12\/61ac9a2686b24425a8116725.jpg.webp?resize=750%2C501&amp;ssl=1\" sizes=\"auto, (max-width: 750px) 100vw, 750px\" srcset=\"https:\/\/i0.wp.com\/hyetert.org\/wp-content\/uploads\/2021\/12\/61ac9a2686b24425a8116725.jpg.webp?w=750&amp;ssl=1 750w, https:\/\/i0.wp.com\/hyetert.org\/wp-content\/uploads\/2021\/12\/61ac9a2686b24425a8116725.jpg.webp?resize=300%2C200&amp;ssl=1 300w\" alt=\"\" width=\"750\" height=\"501\" data-recalc-dims=\"1\" \/><figcaption>A\u011f\u0131r hasar g\u00f6ren kilisenin restorasyon \u00f6ncesi hali<\/figcaption><\/figure>\n<p>Dicle \u00dcniversitesi \u2013 K\u00fclt\u00fcr, Sanat, Uygulama Ve Ara\u015ft\u0131rma Merkezi M\u00fcd\u00fcr\u00fc Burak Kazan: \u201cUzun ve zahmetli bir restorasyondan sonra kiliseyi, 2021\u2019in ba\u015flar\u0131nda asl\u0131na uygun bir \u015fekilde restore ederek, tamamlad\u0131. Diyarbak\u0131r uzun y\u0131llar farkl\u0131 inan\u00e7lar\u0131n huzur i\u00e7inde ya\u015fad\u0131\u011f\u0131 bir \u015fehir. Restorasyonun ard\u0131ndan Dicle \u00dcniversitesi Vak\u0131flar B\u00f6lge M\u00fcd\u00fcrl\u00fc\u011f\u00fc ile imzalanan protokol \u00e7er\u00e7evesinde k\u00fclt\u00fcr sanat merkezi olarak bu k\u0131ymetli eseri korumak ve \u015fehrin k\u00fclt\u00fcr hayat\u0131na hizmet etmek \u00fczere tahsis uygun g\u00f6r\u00fcld\u00fc. Vali M\u00fcnir Karalo\u011flu\u2019nun b\u00fcy\u00fck bir hassasiyetle s\u00fcreci takip etmesi rekt\u00f6r\u00fcm\u00fcz Prof. Dr. Mehmet Karako\u00e7\u2019un merkezimizin bug\u00fcne gelmesi ve tamamlanmas\u0131yla alakal\u0131 hassasiyetle s\u00fcre\u00e7te alm\u0131\u015f oldu\u011fu sorumlulukla bug\u00fcn merkezimiz haz\u0131r hale geldi. Yap\u0131lan protokol \u00e7er\u00e7evesinde cemaatin talebi do\u011frultusunda merkezimizde ayin yapma haklar\u0131 sakl\u0131 bulunmaktad\u0131r. Bug\u00fcn burada tarihi bir g\u00fcn\u00fc ya\u015fam\u0131\u015f bulunmaktay\u0131z.\u201d dedi.<\/p>\n<p>Kazan, TRT Haber\u2019e yapt\u0131\u011f\u0131 a\u00e7\u0131klamada; Paneller, sergiler ve k\u00fclt\u00fcrel etkinliklerin yan\u0131 s\u0131ra, \u00f6zellikle Diyarbak\u0131r\u2019da yeti\u015fmi\u015f, edebiyat\u00e7\u0131, sanatkar, \u015fair ve entellekt\u00fcel kimlikleri olan isimleri anma programlar\u0131 ile hat\u0131rlalar\u0131n\u0131 yad edecekleri etkinliklere yer vereceklerinin alt\u0131n\u0131 \u00e7izdi.<\/p>\n<figure class=\"wp-block-image size-large\"><img loading=\"lazy\" decoding=\"async\" class=\"wp-image-433215\" src=\"https:\/\/i1.wp.com\/hyetert.org\/wp-content\/uploads\/2021\/12\/IMG_7304.jpeg?resize=768%2C1024&amp;ssl=1\" sizes=\"auto, (max-width: 768px) 100vw, 768px\" srcset=\"https:\/\/i0.wp.com\/hyetert.org\/wp-content\/uploads\/2021\/12\/IMG_7304-scaled.jpeg?resize=768%2C1024&amp;ssl=1 768w, https:\/\/i0.wp.com\/hyetert.org\/wp-content\/uploads\/2021\/12\/IMG_7304-scaled.jpeg?resize=225%2C300&amp;ssl=1 225w, https:\/\/i0.wp.com\/hyetert.org\/wp-content\/uploads\/2021\/12\/IMG_7304-scaled.jpeg?resize=1152%2C1536&amp;ssl=1 1152w, https:\/\/i0.wp.com\/hyetert.org\/wp-content\/uploads\/2021\/12\/IMG_7304-scaled.jpeg?resize=1536%2C2048&amp;ssl=1 1536w, https:\/\/i0.wp.com\/hyetert.org\/wp-content\/uploads\/2021\/12\/IMG_7304-scaled.jpeg?w=1920&amp;ssl=1 1920w\" alt=\"\" width=\"768\" height=\"1024\" data-recalc-dims=\"1\" \/><\/figure>\n<p>Kutsal Ayin sonras\u0131, Dicle \u00dcniversitesi\u2019nin ikamlar\u0131 ile t\u00f6rene kat\u0131lanlar ve b\u00f6lge halk\u0131 g\u00fczel bir sohbet zaman\u0131 ge\u00e7irdi.<\/p>\n<figure class=\"wp-block-image size-large\"><img loading=\"lazy\" decoding=\"async\" class=\"wp-image-433228\" src=\"https:\/\/i2.wp.com\/hyetert.org\/wp-content\/uploads\/2021\/12\/IMG_7332.jpeg?resize=1024%2C768&amp;ssl=1\" sizes=\"auto, (max-width: 1000px) 100vw, 1000px\" srcset=\"https:\/\/i2.wp.com\/hyetert.org\/wp-content\/uploads\/2021\/12\/IMG_7332-scaled.jpeg?resize=1024%2C768&amp;ssl=1 1024w, https:\/\/i2.wp.com\/hyetert.org\/wp-content\/uploads\/2021\/12\/IMG_7332-scaled.jpeg?resize=300%2C225&amp;ssl=1 300w, https:\/\/i2.wp.com\/hyetert.org\/wp-content\/uploads\/2021\/12\/IMG_7332-scaled.jpeg?resize=768%2C576&amp;ssl=1 768w, https:\/\/i2.wp.com\/hyetert.org\/wp-content\/uploads\/2021\/12\/IMG_7332-scaled.jpeg?resize=1536%2C1152&amp;ssl=1 1536w, https:\/\/i2.wp.com\/hyetert.org\/wp-content\/uploads\/2021\/12\/IMG_7332-scaled.jpeg?resize=2048%2C1536&amp;ssl=1 2048w\" alt=\"\" width=\"1024\" height=\"768\" data-recalc-dims=\"1\" \/><\/figure>\n<figure class=\"wp-block-image size-large\"><img loading=\"lazy\" decoding=\"async\" class=\"wp-image-433232\" src=\"https:\/\/i2.wp.com\/hyetert.org\/wp-content\/uploads\/2021\/12\/IMG_7305.jpeg?resize=768%2C1024&amp;ssl=1\" sizes=\"auto, (max-width: 768px) 100vw, 768px\" srcset=\"https:\/\/i0.wp.com\/hyetert.org\/wp-content\/uploads\/2021\/12\/IMG_7305-scaled.jpeg?resize=768%2C1024&amp;ssl=1 768w, https:\/\/i0.wp.com\/hyetert.org\/wp-content\/uploads\/2021\/12\/IMG_7305-scaled.jpeg?resize=225%2C300&amp;ssl=1 225w, https:\/\/i0.wp.com\/hyetert.org\/wp-content\/uploads\/2021\/12\/IMG_7305-scaled.jpeg?resize=1152%2C1536&amp;ssl=1 1152w, https:\/\/i0.wp.com\/hyetert.org\/wp-content\/uploads\/2021\/12\/IMG_7305-scaled.jpeg?resize=1536%2C2048&amp;ssl=1 1536w, https:\/\/i0.wp.com\/hyetert.org\/wp-content\/uploads\/2021\/12\/IMG_7305-scaled.jpeg?w=1920&amp;ssl=1 1920w\" alt=\"\" width=\"768\" height=\"1024\" data-recalc-dims=\"1\" \/><\/figure>\n<p>Sur b\u00f6lgesinde yap\u0131lan yenileme i\u015flerinde emek veren \u00e7al\u0131\u015fanlar da t\u00f6rene ilgi g\u00f6sterdiler, sonras\u0131nda Kerabaydzar Der ile sohbet ettiler ve hat\u0131ra foto\u011fraf\u0131 \u00e7ektirdiler.<\/p>\n<figure class=\"wp-block-image size-large\"><img loading=\"lazy\" decoding=\"async\" class=\"wp-image-433220\" src=\"https:\/\/i1.wp.com\/hyetert.org\/wp-content\/uploads\/2021\/12\/IMG_7343.jpeg?resize=768%2C1024&amp;ssl=1\" sizes=\"auto, (max-width: 768px) 100vw, 768px\" srcset=\"https:\/\/i1.wp.com\/hyetert.org\/wp-content\/uploads\/2021\/12\/IMG_7343-scaled.jpeg?resize=768%2C1024&amp;ssl=1 768w, https:\/\/i1.wp.com\/hyetert.org\/wp-content\/uploads\/2021\/12\/IMG_7343-scaled.jpeg?resize=225%2C300&amp;ssl=1 225w, https:\/\/i1.wp.com\/hyetert.org\/wp-content\/uploads\/2021\/12\/IMG_7343-scaled.jpeg?resize=1152%2C1536&amp;ssl=1 1152w, https:\/\/i1.wp.com\/hyetert.org\/wp-content\/uploads\/2021\/12\/IMG_7343-scaled.jpeg?resize=1536%2C2048&amp;ssl=1 1536w, https:\/\/i1.wp.com\/hyetert.org\/wp-content\/uploads\/2021\/12\/IMG_7343-scaled.jpeg?w=1920&amp;ssl=1 1920w\" alt=\"\" width=\"768\" height=\"1024\" data-recalc-dims=\"1\" \/><\/figure>\n<p>Ayinden sonra Kilise bah\u00e7esinde vakit ge\u00e7iren Ba\u015fepiskopos Levon Zekiyan, Dicle \u00dcniversitesi rekt\u00f6r\u00fc Mehmet Karako\u00e7 da dahil olmak \u00fczere, bir grup akademisyen ile sohbet etti. Kilise kompleksinin tamam\u0131nda incelemelerde bulundu.<\/p>\n<figure class=\"wp-block-image size-large\"><img loading=\"lazy\" decoding=\"async\" class=\"wp-image-433221\" src=\"https:\/\/i0.wp.com\/hyetert.org\/wp-content\/uploads\/2021\/12\/IMG_7345.jpeg?resize=1024%2C768&amp;ssl=1\" sizes=\"auto, (max-width: 1000px) 100vw, 1000px\" srcset=\"https:\/\/i2.wp.com\/hyetert.org\/wp-content\/uploads\/2021\/12\/IMG_7345-scaled.jpeg?resize=1024%2C768&amp;ssl=1 1024w, https:\/\/i2.wp.com\/hyetert.org\/wp-content\/uploads\/2021\/12\/IMG_7345-scaled.jpeg?resize=300%2C225&amp;ssl=1 300w, https:\/\/i2.wp.com\/hyetert.org\/wp-content\/uploads\/2021\/12\/IMG_7345-scaled.jpeg?resize=768%2C576&amp;ssl=1 768w, https:\/\/i2.wp.com\/hyetert.org\/wp-content\/uploads\/2021\/12\/IMG_7345-scaled.jpeg?resize=1536%2C1152&amp;ssl=1 1536w, https:\/\/i2.wp.com\/hyetert.org\/wp-content\/uploads\/2021\/12\/IMG_7345-scaled.jpeg?resize=2048%2C1536&amp;ssl=1 2048w\" alt=\"\" width=\"1024\" height=\"768\" data-recalc-dims=\"1\" \/><\/figure>\n<p>Ba\u015fepiskopos Levon Zekiyan akademisyenler ile yapt\u0131\u011f\u0131 sohbet esnas\u0131nda, son \u00e7al\u0131\u015fmas\u0131 olan \u201dKay\u0131p Kentten Manevi Vatan\u2019a\u201d adl\u0131 eserini imzalad\u0131.<\/p>\n<figure class=\"wp-block-image size-large\"><img loading=\"lazy\" decoding=\"async\" class=\"wp-image-433217\" src=\"https:\/\/i1.wp.com\/hyetert.org\/wp-content\/uploads\/2021\/12\/IMG_7321.jpeg?resize=768%2C1024&amp;ssl=1\" sizes=\"auto, (max-width: 768px) 100vw, 768px\" srcset=\"https:\/\/i1.wp.com\/hyetert.org\/wp-content\/uploads\/2021\/12\/IMG_7321-scaled.jpeg?resize=768%2C1024&amp;ssl=1 768w, https:\/\/i1.wp.com\/hyetert.org\/wp-content\/uploads\/2021\/12\/IMG_7321-scaled.jpeg?resize=225%2C300&amp;ssl=1 225w, https:\/\/i1.wp.com\/hyetert.org\/wp-content\/uploads\/2021\/12\/IMG_7321-scaled.jpeg?resize=1152%2C1536&amp;ssl=1 1152w, https:\/\/i1.wp.com\/hyetert.org\/wp-content\/uploads\/2021\/12\/IMG_7321-scaled.jpeg?resize=1536%2C2048&amp;ssl=1 1536w, https:\/\/i1.wp.com\/hyetert.org\/wp-content\/uploads\/2021\/12\/IMG_7321-scaled.jpeg?w=1920&amp;ssl=1 1920w\" alt=\"\" width=\"768\" height=\"1024\" data-recalc-dims=\"1\" \/><\/figure>\n<p>Dicle \u00dcniversitesi \u2013 K\u00fclt\u00fcr, Sanat, Uygulama Ve Ara\u015ft\u0131rma Merkezi M\u00fcd\u00fcr\u00fc Burak Kazan, g\u00fcn\u00fcn an\u0131s\u0131na Ba\u015fepiskopos Levon Zekiyan\u2019a k\u0131ymetli bir plak hediye etti. Bu plak, Kalfayan Yetimhanesi\u2019nin 100. kurulu\u015f y\u0131ld\u00f6n\u00fcm\u00fc kutlamalar\u0131 \u00e7er\u00e7evesinde 20 Kas\u0131m 1966 tarihinde Surp Yerrortutyun Kilisesine yap\u0131lan Kutsal Ayin\u2019in ses kayd\u0131yd\u0131, Istanbul\u2019un farkl\u0131 kilise korolar\u0131n\u0131n bir araya geldi\u011fi ve Jirayr Arslanyants\u2019\u0131n y\u00f6netti\u011fi \u2018miyatsal\u2019 (birle\u015fik) koro kayd\u0131yd\u0131.<\/p>\n<figure class=\"wp-block-image size-large\"><img loading=\"lazy\" decoding=\"async\" class=\"wp-image-433214\" src=\"https:\/\/i2.wp.com\/hyetert.org\/wp-content\/uploads\/2021\/12\/IMG_7245.jpeg?resize=768%2C1024&amp;ssl=1\" sizes=\"auto, (max-width: 768px) 100vw, 768px\" srcset=\"https:\/\/i0.wp.com\/hyetert.org\/wp-content\/uploads\/2021\/12\/IMG_7245-scaled.jpeg?resize=768%2C1024&amp;ssl=1 768w, https:\/\/i0.wp.com\/hyetert.org\/wp-content\/uploads\/2021\/12\/IMG_7245-scaled.jpeg?resize=225%2C300&amp;ssl=1 225w, https:\/\/i0.wp.com\/hyetert.org\/wp-content\/uploads\/2021\/12\/IMG_7245-scaled.jpeg?resize=1152%2C1536&amp;ssl=1 1152w, https:\/\/i0.wp.com\/hyetert.org\/wp-content\/uploads\/2021\/12\/IMG_7245-scaled.jpeg?resize=1536%2C2048&amp;ssl=1 1536w, https:\/\/i0.wp.com\/hyetert.org\/wp-content\/uploads\/2021\/12\/IMG_7245-scaled.jpeg?w=1920&amp;ssl=1 1920w\" alt=\"\" width=\"768\" height=\"1024\" data-recalc-dims=\"1\" \/><\/figure>\n<p>Kilisenin y\u00fcksek noktalar\u0131ndan Suri\u00e7i\u2019nin y\u0131k\u0131k hali y\u00fcrekleri par\u00e7alad\u0131. Ancak canla ba\u015fla \u00e7al\u0131\u015fan emektarlar yak\u0131n gelecekte oran\u0131n daha iyi ko\u015fullarda olaca\u011f\u0131na dair umut verdi.<\/p>\n<p><em><strong>https:\/\/hyetert.org\/2021\/12\/07\/diyarbakir-surp-hovsep-kilisesinde-100-yila-yakin-bir-zaman-sonra-ilk-kutsal-ayin\/\u00a0<\/strong><\/em><\/p>\n","protected":false},"excerpt":{"rendered":"<p>HYETERT G\u00fcncellendi-\u00a0Diyarbak\u0131r\u2019da 2015 y\u0131l\u0131nda meydana gelen hendek \u00e7at\u0131\u015fmalar\u0131nda zarar g\u00f6ren Surp Hovsep Ermeni Katolik Kilisesi\u2019nde 4 y\u0131l kadar s\u00fcren restorasyon \u00e7al\u0131\u015fmalar\u0131 tamamland\u0131 ve yakla\u015f\u0131k 100 y\u0131l sonra ilk Kutsal Ayin yap\u0131ld\u0131. Kutsal Ayin \u00f6ncesi Kilise, Kutsal M\u00fcron ile kutsand\u0131. 05 Aral\u0131k Pazar g\u00fcn\u00fc yap\u0131lan Kutsal Ayini, T\u00fcrkiye Katolik Ermenileri Ruhani \u00d6nderi Ba\u015fepiskopos Levon Zekiyan y\u00f6netti. [&hellip;]<\/p>\n","protected":false},"author":7,"featured_media":66272,"comment_status":"open","ping_status":"open","sticky":false,"template":"","format":"standard","meta":{"footnotes":""},"categories":[22,1],"tags":[],"class_list":["post-66271","post","type-post","status-publish","format-standard","has-post-thumbnail","hentry","category-gunumuzde-bati-ermenistan","category-haberler"],"yoast_head":"<!-- This site is optimized with the Yoast SEO plugin v27.4 - https:\/\/yoast.com\/product\/yoast-seo-wordpress\/ -->\n<title>Diyarbak\u0131r Surp Hovsep Kilisesi\u2019nde 100 y\u0131la yak\u0131n bir zaman sonra ilk Kutsal Ayin - Bati Ermenistan Ve Bati Ermenileri Sorunlari Ara\u015ftirmalar Merkezi<\/title>\n<meta name=\"robots\" content=\"index, follow, max-snippet:-1, max-image-preview:large, max-video-preview:-1\" \/>\n<link rel=\"canonical\" href=\"https:\/\/akunq.net\/tr\/?p=66271\" \/>\n<meta property=\"og:locale\" content=\"en_US\" \/>\n<meta property=\"og:type\" content=\"article\" \/>\n<meta property=\"og:title\" content=\"Diyarbak\u0131r Surp Hovsep Kilisesi\u2019nde 100 y\u0131la yak\u0131n bir zaman sonra ilk Kutsal Ayin - Bati Ermenistan Ve Bati Ermenileri Sorunlari Ara\u015ftirmalar Merkezi\" \/>\n<meta property=\"og:description\" content=\"HYETERT G\u00fcncellendi-\u00a0Diyarbak\u0131r\u2019da 2015 y\u0131l\u0131nda meydana gelen hendek \u00e7at\u0131\u015fmalar\u0131nda zarar g\u00f6ren Surp Hovsep Ermeni Katolik Kilisesi\u2019nde 4 y\u0131l kadar s\u00fcren restorasyon \u00e7al\u0131\u015fmalar\u0131 tamamland\u0131 ve yakla\u015f\u0131k 100 y\u0131l sonra ilk Kutsal Ayin yap\u0131ld\u0131. Kutsal Ayin \u00f6ncesi Kilise, Kutsal M\u00fcron ile kutsand\u0131. 05 Aral\u0131k Pazar g\u00fcn\u00fc yap\u0131lan Kutsal Ayini, T\u00fcrkiye Katolik Ermenileri Ruhani \u00d6nderi Ba\u015fepiskopos Levon Zekiyan y\u00f6netti. [&hellip;]\" \/>\n<meta property=\"og:url\" content=\"https:\/\/akunq.net\/tr\/?p=66271\" \/>\n<meta property=\"og:site_name\" content=\"Bati Ermenistan Ve Bati Ermenileri Sorunlari Ara\u015ftirmalar Merkezi\" \/>\n<meta property=\"article:published_time\" content=\"2021-12-17T07:39:51+00:00\" \/>\n<meta property=\"og:image\" content=\"https:\/\/akunq.net\/tr\/wp-content\/uploads\/sites\/6\/2021\/12\/Diyarbak\u0131r-Surp-Hovsep-Kilisesi-1.jpeg\" \/>\n\t<meta property=\"og:image:width\" content=\"2048\" \/>\n\t<meta property=\"og:image:height\" content=\"1536\" \/>\n\t<meta property=\"og:image:type\" content=\"image\/jpeg\" \/>\n<meta name=\"author\" content=\"admin\" \/>\n<meta name=\"twitter:card\" content=\"summary_large_image\" \/>\n<meta name=\"twitter:label1\" content=\"Written by\" \/>\n\t<meta name=\"twitter:data1\" content=\"admin\" \/>\n\t<meta name=\"twitter:label2\" content=\"Est. reading time\" \/>\n\t<meta name=\"twitter:data2\" content=\"6 minutes\" \/>\n<script type=\"application\/ld+json\" class=\"yoast-schema-graph\">{\"@context\":\"https:\\\/\\\/schema.org\",\"@graph\":[{\"@type\":\"Article\",\"@id\":\"https:\\\/\\\/akunq.net\\\/tr\\\/?p=66271#article\",\"isPartOf\":{\"@id\":\"https:\\\/\\\/akunq.net\\\/tr\\\/?p=66271\"},\"author\":{\"name\":\"admin\",\"@id\":\"https:\\\/\\\/akunq.net\\\/tr\\\/#\\\/schema\\\/person\\\/096f1d38a12cce57fb855b485ed24c9e\"},\"headline\":\"Diyarbak\u0131r Surp Hovsep Kilisesi\u2019nde 100 y\u0131la yak\u0131n bir zaman sonra ilk Kutsal Ayin\",\"datePublished\":\"2021-12-17T07:39:51+00:00\",\"mainEntityOfPage\":{\"@id\":\"https:\\\/\\\/akunq.net\\\/tr\\\/?p=66271\"},\"wordCount\":1291,\"commentCount\":0,\"image\":{\"@id\":\"https:\\\/\\\/akunq.net\\\/tr\\\/?p=66271#primaryimage\"},\"thumbnailUrl\":\"https:\\\/\\\/akunq.net\\\/tr\\\/wp-content\\\/uploads\\\/sites\\\/6\\\/2021\\\/12\\\/Diyarbak\u0131r-Surp-Hovsep-Kilisesi-1.jpeg\",\"articleSection\":[\"G\u00fcn\u00fcm\u00fczde Bat\u0131 Ermenistan\",\"Haberler\"],\"inLanguage\":\"en-US\",\"potentialAction\":[{\"@type\":\"CommentAction\",\"name\":\"Comment\",\"target\":[\"https:\\\/\\\/akunq.net\\\/tr\\\/?p=66271#respond\"]}]},{\"@type\":\"WebPage\",\"@id\":\"https:\\\/\\\/akunq.net\\\/tr\\\/?p=66271\",\"url\":\"https:\\\/\\\/akunq.net\\\/tr\\\/?p=66271\",\"name\":\"Diyarbak\u0131r Surp Hovsep Kilisesi\u2019nde 100 y\u0131la yak\u0131n bir zaman sonra ilk Kutsal Ayin - Bati Ermenistan Ve Bati Ermenileri Sorunlari Ara\u015ftirmalar Merkezi\",\"isPartOf\":{\"@id\":\"https:\\\/\\\/akunq.net\\\/tr\\\/#website\"},\"primaryImageOfPage\":{\"@id\":\"https:\\\/\\\/akunq.net\\\/tr\\\/?p=66271#primaryimage\"},\"image\":{\"@id\":\"https:\\\/\\\/akunq.net\\\/tr\\\/?p=66271#primaryimage\"},\"thumbnailUrl\":\"https:\\\/\\\/akunq.net\\\/tr\\\/wp-content\\\/uploads\\\/sites\\\/6\\\/2021\\\/12\\\/Diyarbak\u0131r-Surp-Hovsep-Kilisesi-1.jpeg\",\"datePublished\":\"2021-12-17T07:39:51+00:00\",\"author\":{\"@id\":\"https:\\\/\\\/akunq.net\\\/tr\\\/#\\\/schema\\\/person\\\/096f1d38a12cce57fb855b485ed24c9e\"},\"breadcrumb\":{\"@id\":\"https:\\\/\\\/akunq.net\\\/tr\\\/?p=66271#breadcrumb\"},\"inLanguage\":\"en-US\",\"potentialAction\":[{\"@type\":\"ReadAction\",\"target\":[\"https:\\\/\\\/akunq.net\\\/tr\\\/?p=66271\"]}]},{\"@type\":\"ImageObject\",\"inLanguage\":\"en-US\",\"@id\":\"https:\\\/\\\/akunq.net\\\/tr\\\/?p=66271#primaryimage\",\"url\":\"https:\\\/\\\/akunq.net\\\/tr\\\/wp-content\\\/uploads\\\/sites\\\/6\\\/2021\\\/12\\\/Diyarbak\u0131r-Surp-Hovsep-Kilisesi-1.jpeg\",\"contentUrl\":\"https:\\\/\\\/akunq.net\\\/tr\\\/wp-content\\\/uploads\\\/sites\\\/6\\\/2021\\\/12\\\/Diyarbak\u0131r-Surp-Hovsep-Kilisesi-1.jpeg\",\"width\":2048,\"height\":1536},{\"@type\":\"BreadcrumbList\",\"@id\":\"https:\\\/\\\/akunq.net\\\/tr\\\/?p=66271#breadcrumb\",\"itemListElement\":[{\"@type\":\"ListItem\",\"position\":1,\"name\":\"Home\",\"item\":\"https:\\\/\\\/akunq.net\\\/tr\"},{\"@type\":\"ListItem\",\"position\":2,\"name\":\"Diyarbak\u0131r Surp Hovsep Kilisesi\u2019nde 100 y\u0131la yak\u0131n bir zaman sonra ilk Kutsal Ayin\"}]},{\"@type\":\"WebSite\",\"@id\":\"https:\\\/\\\/akunq.net\\\/tr\\\/#website\",\"url\":\"https:\\\/\\\/akunq.net\\\/tr\\\/\",\"name\":\"Bati Ermenistan Ve Bati Ermenileri Sorunlari Ara\u015ftirmalar Merkezi\",\"description\":\"\",\"potentialAction\":[{\"@type\":\"SearchAction\",\"target\":{\"@type\":\"EntryPoint\",\"urlTemplate\":\"https:\\\/\\\/akunq.net\\\/tr\\\/?s={search_term_string}\"},\"query-input\":{\"@type\":\"PropertyValueSpecification\",\"valueRequired\":true,\"valueName\":\"search_term_string\"}}],\"inLanguage\":\"en-US\"},{\"@type\":\"Person\",\"@id\":\"https:\\\/\\\/akunq.net\\\/tr\\\/#\\\/schema\\\/person\\\/096f1d38a12cce57fb855b485ed24c9e\",\"name\":\"admin\",\"url\":\"https:\\\/\\\/akunq.net\\\/tr\\\/?author=7\"}]}<\/script>\n<!-- \/ Yoast SEO plugin. -->","yoast_head_json":{"title":"Diyarbak\u0131r Surp Hovsep Kilisesi\u2019nde 100 y\u0131la yak\u0131n bir zaman sonra ilk Kutsal Ayin - Bati Ermenistan Ve Bati Ermenileri Sorunlari Ara\u015ftirmalar Merkezi","robots":{"index":"index","follow":"follow","max-snippet":"max-snippet:-1","max-image-preview":"max-image-preview:large","max-video-preview":"max-video-preview:-1"},"canonical":"https:\/\/akunq.net\/tr\/?p=66271","og_locale":"en_US","og_type":"article","og_title":"Diyarbak\u0131r Surp Hovsep Kilisesi\u2019nde 100 y\u0131la yak\u0131n bir zaman sonra ilk Kutsal Ayin - Bati Ermenistan Ve Bati Ermenileri Sorunlari Ara\u015ftirmalar Merkezi","og_description":"HYETERT G\u00fcncellendi-\u00a0Diyarbak\u0131r\u2019da 2015 y\u0131l\u0131nda meydana gelen hendek \u00e7at\u0131\u015fmalar\u0131nda zarar g\u00f6ren Surp Hovsep Ermeni Katolik Kilisesi\u2019nde 4 y\u0131l kadar s\u00fcren restorasyon \u00e7al\u0131\u015fmalar\u0131 tamamland\u0131 ve yakla\u015f\u0131k 100 y\u0131l sonra ilk Kutsal Ayin yap\u0131ld\u0131. Kutsal Ayin \u00f6ncesi Kilise, Kutsal M\u00fcron ile kutsand\u0131. 05 Aral\u0131k Pazar g\u00fcn\u00fc yap\u0131lan Kutsal Ayini, T\u00fcrkiye Katolik Ermenileri Ruhani \u00d6nderi Ba\u015fepiskopos Levon Zekiyan y\u00f6netti. [&hellip;]","og_url":"https:\/\/akunq.net\/tr\/?p=66271","og_site_name":"Bati Ermenistan Ve Bati Ermenileri Sorunlari Ara\u015ftirmalar Merkezi","article_published_time":"2021-12-17T07:39:51+00:00","og_image":[{"width":2048,"height":1536,"url":"https:\/\/akunq.net\/tr\/wp-content\/uploads\/sites\/6\/2021\/12\/Diyarbak\u0131r-Surp-Hovsep-Kilisesi-1.jpeg","type":"image\/jpeg"}],"author":"admin","twitter_card":"summary_large_image","twitter_misc":{"Written by":"admin","Est. reading time":"6 minutes"},"schema":{"@context":"https:\/\/schema.org","@graph":[{"@type":"Article","@id":"https:\/\/akunq.net\/tr\/?p=66271#article","isPartOf":{"@id":"https:\/\/akunq.net\/tr\/?p=66271"},"author":{"name":"admin","@id":"https:\/\/akunq.net\/tr\/#\/schema\/person\/096f1d38a12cce57fb855b485ed24c9e"},"headline":"Diyarbak\u0131r Surp Hovsep Kilisesi\u2019nde 100 y\u0131la yak\u0131n bir zaman sonra ilk Kutsal Ayin","datePublished":"2021-12-17T07:39:51+00:00","mainEntityOfPage":{"@id":"https:\/\/akunq.net\/tr\/?p=66271"},"wordCount":1291,"commentCount":0,"image":{"@id":"https:\/\/akunq.net\/tr\/?p=66271#primaryimage"},"thumbnailUrl":"https:\/\/akunq.net\/tr\/wp-content\/uploads\/sites\/6\/2021\/12\/Diyarbak\u0131r-Surp-Hovsep-Kilisesi-1.jpeg","articleSection":["G\u00fcn\u00fcm\u00fczde Bat\u0131 Ermenistan","Haberler"],"inLanguage":"en-US","potentialAction":[{"@type":"CommentAction","name":"Comment","target":["https:\/\/akunq.net\/tr\/?p=66271#respond"]}]},{"@type":"WebPage","@id":"https:\/\/akunq.net\/tr\/?p=66271","url":"https:\/\/akunq.net\/tr\/?p=66271","name":"Diyarbak\u0131r Surp Hovsep Kilisesi\u2019nde 100 y\u0131la yak\u0131n bir zaman sonra ilk Kutsal Ayin - Bati Ermenistan Ve Bati Ermenileri Sorunlari Ara\u015ftirmalar Merkezi","isPartOf":{"@id":"https:\/\/akunq.net\/tr\/#website"},"primaryImageOfPage":{"@id":"https:\/\/akunq.net\/tr\/?p=66271#primaryimage"},"image":{"@id":"https:\/\/akunq.net\/tr\/?p=66271#primaryimage"},"thumbnailUrl":"https:\/\/akunq.net\/tr\/wp-content\/uploads\/sites\/6\/2021\/12\/Diyarbak\u0131r-Surp-Hovsep-Kilisesi-1.jpeg","datePublished":"2021-12-17T07:39:51+00:00","author":{"@id":"https:\/\/akunq.net\/tr\/#\/schema\/person\/096f1d38a12cce57fb855b485ed24c9e"},"breadcrumb":{"@id":"https:\/\/akunq.net\/tr\/?p=66271#breadcrumb"},"inLanguage":"en-US","potentialAction":[{"@type":"ReadAction","target":["https:\/\/akunq.net\/tr\/?p=66271"]}]},{"@type":"ImageObject","inLanguage":"en-US","@id":"https:\/\/akunq.net\/tr\/?p=66271#primaryimage","url":"https:\/\/akunq.net\/tr\/wp-content\/uploads\/sites\/6\/2021\/12\/Diyarbak\u0131r-Surp-Hovsep-Kilisesi-1.jpeg","contentUrl":"https:\/\/akunq.net\/tr\/wp-content\/uploads\/sites\/6\/2021\/12\/Diyarbak\u0131r-Surp-Hovsep-Kilisesi-1.jpeg","width":2048,"height":1536},{"@type":"BreadcrumbList","@id":"https:\/\/akunq.net\/tr\/?p=66271#breadcrumb","itemListElement":[{"@type":"ListItem","position":1,"name":"Home","item":"https:\/\/akunq.net\/tr"},{"@type":"ListItem","position":2,"name":"Diyarbak\u0131r Surp Hovsep Kilisesi\u2019nde 100 y\u0131la yak\u0131n bir zaman sonra ilk Kutsal Ayin"}]},{"@type":"WebSite","@id":"https:\/\/akunq.net\/tr\/#website","url":"https:\/\/akunq.net\/tr\/","name":"Bati Ermenistan Ve Bati Ermenileri Sorunlari Ara\u015ftirmalar Merkezi","description":"","potentialAction":[{"@type":"SearchAction","target":{"@type":"EntryPoint","urlTemplate":"https:\/\/akunq.net\/tr\/?s={search_term_string}"},"query-input":{"@type":"PropertyValueSpecification","valueRequired":true,"valueName":"search_term_string"}}],"inLanguage":"en-US"},{"@type":"Person","@id":"https:\/\/akunq.net\/tr\/#\/schema\/person\/096f1d38a12cce57fb855b485ed24c9e","name":"admin","url":"https:\/\/akunq.net\/tr\/?author=7"}]}},"_links":{"self":[{"href":"https:\/\/akunq.net\/tr\/index.php?rest_route=\/wp\/v2\/posts\/66271","targetHints":{"allow":["GET"]}}],"collection":[{"href":"https:\/\/akunq.net\/tr\/index.php?rest_route=\/wp\/v2\/posts"}],"about":[{"href":"https:\/\/akunq.net\/tr\/index.php?rest_route=\/wp\/v2\/types\/post"}],"author":[{"embeddable":true,"href":"https:\/\/akunq.net\/tr\/index.php?rest_route=\/wp\/v2\/users\/7"}],"replies":[{"embeddable":true,"href":"https:\/\/akunq.net\/tr\/index.php?rest_route=%2Fwp%2Fv2%2Fcomments&post=66271"}],"version-history":[{"count":1,"href":"https:\/\/akunq.net\/tr\/index.php?rest_route=\/wp\/v2\/posts\/66271\/revisions"}],"predecessor-version":[{"id":66273,"href":"https:\/\/akunq.net\/tr\/index.php?rest_route=\/wp\/v2\/posts\/66271\/revisions\/66273"}],"wp:featuredmedia":[{"embeddable":true,"href":"https:\/\/akunq.net\/tr\/index.php?rest_route=\/wp\/v2\/media\/66272"}],"wp:attachment":[{"href":"https:\/\/akunq.net\/tr\/index.php?rest_route=%2Fwp%2Fv2%2Fmedia&parent=66271"}],"wp:term":[{"taxonomy":"category","embeddable":true,"href":"https:\/\/akunq.net\/tr\/index.php?rest_route=%2Fwp%2Fv2%2Fcategories&post=66271"},{"taxonomy":"post_tag","embeddable":true,"href":"https:\/\/akunq.net\/tr\/index.php?rest_route=%2Fwp%2Fv2%2Ftags&post=66271"}],"curies":[{"name":"wp","href":"https:\/\/api.w.org\/{rel}","templated":true}]}}