{"id":66227,"date":"2021-12-15T05:56:32","date_gmt":"2021-12-15T10:56:32","guid":{"rendered":"https:\/\/akunq.net\/tr\/?p=66227"},"modified":"2021-12-15T05:56:32","modified_gmt":"2021-12-15T10:56:32","slug":"1915-ermeni-tehcirinden-ermeni-soykirimi-akunq-web-sitesi-maradonaya-vahram-citciyanin-hikayesi","status":"publish","type":"post","link":"https:\/\/akunq.net\/tr\/?p=66227","title":{"rendered":"1915 Ermeni Tehciri&#8217;nden (Ermeni Soyk\u0131r\u0131m\u0131-\u2018Akunq\u2019 web sitesi) Maradona&#8217;ya Vahram \u00c7itciyan&#8217;\u0131n hik\u00e2yesi"},"content":{"rendered":"<div class=\"B9csM\">\n<p><em><strong>&#8220;\u0130stediler ki Vahram biraz el versin bu \u00e7ocu\u011fa, destek olsun maddi olarak, \u00e7evresi de \u00e7ok geni\u015fti, yard\u0131mc\u0131 oldu. Bizim kul\u00fcpte oynamad\u0131 ama her zaman ma\u00e7lara gelirdi, g\u00f6z\u00fck\u00fcrd\u00fc.&#8221;<\/strong><\/em><\/p>\n<\/div>\n<p><img decoding=\"async\" class=\"SC12V\" src=\"https:\/\/media-cdn.t24.com.tr\/media\/library\/2021\/12\/1639405098711-guven-bayar.png\" alt=\"\u00c7itciyan Maradona\" \/><\/p>\n<div class=\"_29XP5\">\n<div>\n<p><strong>G\u00fcven Bayar<\/strong><\/p>\n<p data-kiosked-context-name=\"kskdUIContext_01fpyvjr2pa8yykmkmnzwn91z4\">\u00c7itciyan ailesi gibi do\u011fup b\u00fcy\u00fcd\u00fckleri Ordu&#8217;dan 1915&#8217;te \u00f6l\u00fcme g\u00f6nderilen ve \u00e7o\u011fu geri gelemeyen ailelerin kim olduklar\u0131n\u0131 bilmeden, bu de\u011ferli insanlar\u0131n tehciri neden ya\u015fad\u0131klar\u0131n\u0131, neden gittiklerini sorgulamadan, ya\u015fad\u0131klar\u0131 ac\u0131lar\u0131, kay\u0131plar\u0131 yazmadan onlar\u0131 tan\u0131maya \u00e7al\u0131\u015fmak bana g\u00f6re do\u011fru de\u011fil. Vahram \u00c7itciyan&#8217;\u0131n hikayesini yaln\u0131zca Diego Maradona ile \u00e7ektirdikleri bir foto\u011fraf \u00fczerinden yazmak, anlatmak da \u00f6yle\u2026 Bu y\u00fczden Vahram Bey&#8217;in Arjantin&#8217;de ya\u015fayan e\u015fi Araksi \u015eirinle ileti\u015fime ge\u00e7erek Vahram Bey&#8217;in ve ailesinin h\u00fczn\u00fcn\u00fc do\u011fduklar\u0131 topraklardan alan fakat bir o kadar da ba\u015far\u0131yla dolu hikayesini aktarmak istedim.<\/p>\n<p>1915 olaylar\u0131ndan sonra b\u00fcy\u00fck kay\u0131plarla Ordu&#8217;ya geri gelebilen 135 aileden biri \u00c7itciyan ailesidir. Vahram Bey&#8217;in b\u00fcy\u00fckbabas\u0131 Antranik Bey ve b\u00fcy\u00fckannesi Arsaluys Han\u0131m 1915&#8217;te Ordu&#8217;dan sevk edilen aileler aras\u0131ndad\u0131r. Antranik Bey yolda \u00f6ld\u00fcr\u00fcl\u00fcyor. Arsaluys Han\u0131m bir zaman sonra Ordu&#8217;ya sa\u011f olarak geri gelmeyi ba\u015far\u0131yor. D\u00f6nd\u00fc\u011f\u00fcnde ailesinin di\u011fer mensuplar\u0131ndan sa\u011f kalan olup olmad\u0131\u011f\u0131n\u0131 \u00f6\u011frenemiyor. Giderken geride (muhtemelen kom\u015fular\u0131na) b\u0131rakt\u0131\u011f\u0131 5 erkek \u00e7ocu\u011fundan sadece Artin&#8217;e ve k\u0131z\u0131 Ke\u011fuhi&#8217;ye kom\u015fular\u0131ndan bir ailenin sahip \u00e7\u0131kt\u0131\u011f\u0131n\u0131 g\u00f6r\u00fcyor ve onlarla yeni bir ya\u015fam kurmaya \u00e7al\u0131\u015f\u0131yor. Di\u011fer \u00e7ocuklar\u0131n Rusya, Amerika, Kanada gibi \u00fclkelere gitti\u011fine veya g\u00f6nderildiklerine dair duyumlar al\u0131yor. Arsaluys Han\u0131m o\u011fullar\u0131n\u0131, Artin Bey karde\u015flerini bulmak i\u00e7in \u00e7ok \u00e7aba g\u00f6steriyor ama bir bilgiye ula\u015fam\u0131yorlar. Arsaluys Han\u0131m maalesef ya\u015fam\u0131n\u0131n sonuna dek di\u011fer \u00e7ocuklar\u0131na kavu\u015fam\u0131yor.<\/p>\n<p>Artin Bey, ya\u015fam\u0131n\u0131 uzun y\u0131llar f\u0131nd\u0131k t\u00fcccar\u0131 olarak Ordu&#8217;da e\u015fi Dikranuhi Han\u0131m ile s\u00fcrd\u00fcr\u00fcyor. Dikranuyi Han\u0131m da 1915&#8217;te ailesini kaybetmi\u015f. Ordu&#8217;ya geri d\u00f6nd\u00fckten sonra k\u0131z karde\u015fine bir T\u00fcrk ailenin sahip \u00e7\u0131kt\u0131\u011f\u0131n\u0131 \u00f6\u011freniyor. Fakat k\u0131z karde\u015fi haf\u0131z okuluna gidiyor ve &#8220;Benim annem babam onlar&#8221; diyerek kendisini himaye eden aileden ayr\u0131lmak istemiyor. Dikranuyi Han\u0131m&#8217;\u0131n k\u0131z karde\u015fi ailede &#8220;Haf\u0131z Han\u0131m&#8221; olarak bilinmi\u015f ve b\u00f6yle ya\u015fam\u0131\u015f.<\/p>\n<p>Artin \u00c7itciyan ve Dikranuhi Sercanyan&#8217;\u0131n be\u015f \u00e7ocu\u011fundan biri Vahram Bey. \u00c7itciyanlar\u0131n 4 erkek 1 k\u0131z \u00e7ocuklar\u0131 var. En b\u00fcy\u00fckleri Andranik ve s\u0131ras\u0131yla Dikran, Anjel, Vahram ve Aram \u00c7itciyan. Vahram Bey Ordu&#8217;da Ermeni mahallesinde, yeni ismiyle Zaferimilli Mahallesi&#8217;nde 2 Mart 1934&#8217;te do\u011fmu\u015f. \u0130lk ve orta \u00f6\u011fretimini Ordu&#8217;da tamamlad\u0131ktan sonra Ordu Lisesi&#8217;nden mezun olmu\u015f, t\u0131pk\u0131 e\u015fi Araksi Han\u0131m gibi. Liseyi bitirdikten sonra 1954 y\u0131l\u0131nda askerlik g\u00f6revi i\u00e7in Malatya&#8217;ya gidiyor. Askerden d\u00f6nd\u00fc\u011f\u00fcnde ise ailenin ald\u0131\u011f\u0131 kararla 1957 y\u0131l\u0131nda Ordu&#8217;dan \u0130stanbul&#8217;a gidiyorlar. \u0130stanbul&#8217;da iki sene ya\u015fayan aile bu kez, Artin Bey&#8217;in k\u0131z karde\u015fi Ke\u011fuhi Han\u0131m&#8217;\u0131n o\u011flu Ni\u015fan Deveci&#8217;nin daha \u00f6nce gitti\u011fi ve vize probleminin olmad\u0131\u011f\u0131 Arjantin&#8217;e gitme karar\u0131 al\u0131yor.<\/p>\n<p>Aile Arjantin&#8217;e gittikten sonra Artin Bey art\u0131k ticaretle u\u011fra\u015fm\u0131yor ve e\u015fi Dikranuhi Han\u0131m ile sakin bir hayat\u0131 tercih ediyor. O ya\u015ftaki insanlar\u0131n do\u011fdu\u011fu b\u00fcy\u00fcd\u00fc\u011f\u00fc yerden \u00e7ok uzakta farkl\u0131 bir \u00fclkeye, k\u00fclt\u00fcre al\u0131\u015fma s\u00fcreci \u00e7ocuklar\u0131n\u0131n ge\u00e7irdi\u011fi s\u00fcre\u00e7ten daha farkl\u0131 ve zor olmal\u0131. Artin Bey Arjantin&#8217;de ya\u015fam\u0131na devam ederken birg\u00fcn Ermenistan&#8217;dan karde\u015finin orada oldu\u011funa dair bir haber geliyor. Y\u0131l 1966\u2026 Artin Bey karde\u015fini ve akrabalar\u0131n\u0131 g\u00f6rmek i\u00e7in \u00f6nce Avrupa&#8217;ya oradan gemiyle T\u00fcrkiye \u00fczerinden Ermenistan&#8217;a gidiyor. Karde\u015fiyle y\u0131llar sonra bulu\u015fuyorlar. Neler hissetti, neler ya\u015fad\u0131 bilmiyoruz fakat \u015feker hastas\u0131 oldu\u011fu bilinen Artin Bey orada fenala\u015f\u0131yor ve Ermenistan&#8217;da vefat ediyor. B\u00fcy\u00fck o\u011flu, Arjantin&#8217;den Ermenistan&#8217;a babas\u0131n\u0131n cenazesini almaya geliyor ve Artin Bey Arjantin, Buenos Aires&#8217;te Ermeni Mezarl\u0131\u011f\u0131&#8217;na defnediliyor. E\u015fi Dikranuhi Han\u0131m ise 1988&#8217;de vefat ediyor. Onu da Buenos Aires&#8217;te Ermeni Mezarl\u0131\u011f\u0131&#8217;na defnediyorlar.<\/p>\n<p><img loading=\"lazy\" decoding=\"async\" src=\"https:\/\/media-cdn.t24.com.tr\/media\/library\/2021\/12\/1639405036952-image-4.jpeg\" alt=\"\" width=\"650\" height=\"488\" \/><\/p>\n<p>Vahram Bey ve karde\u015fleri Arjantin&#8217;de soyisimlerinin ilk iki harfini i\u00e7eren &#8220;Chitex&#8221; tekstil firmas\u0131n\u0131 kuruyorlar. Aile tekstil sekt\u00f6r\u00fcnde \u00e7ok ba\u015far\u0131l\u0131 oluyor, fabrikalar kuruluyor. \u00c7itciyan ailesi b\u00f6ylelikle tan\u0131nan, geni\u015f \u00e7evreye sahip bir aileye d\u00f6n\u00fc\u015f\u00fcyor.<\/p>\n<p data-kiosked-context-name=\"kskdUIContext_01fpyvjr2pa8yykmkmnzwn91z4\">Vahram Bey, Ordu&#8217;dan aile dostlar\u0131 olan Karaca\u00f6mer K\u00f6y\u00fc&#8217;nden Sahag \u015eirin ve Araksi \u015eirin&#8217;in o\u011flu Karakin \u015eirin ve Arusyak Han\u0131m&#8217;\u0131n k\u0131z\u0131 Araksi Han\u0131m ile 1968&#8217;de \u0130stanbul&#8217;da evleniyor. Arjantin&#8217;de d\u00fc\u011f\u00fcn t\u00f6reninin yap\u0131ld\u0131\u011f\u0131 San George Vicente Lopez Kilisesi onlar\u0131n evlilikleri ile a\u00e7\u0131l\u0131yor.<\/p>\n<div id=\"kskd01fpyvjr3sd15rsg9t6hj9jb0g\" class=\"kskdDiv kskdCls\" data-kiosked-role=\"anchor\" data-kiosked-type=\"in-line\" data-kioskid=\"01fpyvjr3sd15rsg9t6hj9jb0g\" data-kiosked-cntrid=\"12280_66dbafcae494514d5d1ce0de57e5f367\">\n<div class=\"kskdDiv\" data-kiosked-role=\"boundary\">\n<div class=\"kskdDiv\" data-kioskid=\"01fpyvjr3sd15rsg9t6hj9jb0g\" data-kiosked-role=\"ad-container\">\n<div class=\"kskdDiv\" data-kskd-type=\"banner\" data-width=\"728\" data-height=\"90\" data-kskd-filled=\"false\"><\/div>\n<\/div>\n<\/div>\n<\/div>\n<p>Araksi Han\u0131m&#8217;\u0131n babas\u0131 Karekin \u015eirin Almanya&#8217;da e\u011fitim g\u00f6rm\u00fc\u015f \u00fc\u00e7 d\u00f6rt dil bilen donan\u0131ml\u0131 bir gen\u00e7mi\u015f. Karakin Bey&#8217;in babas\u0131 vefat etti\u011finde ailesi Almanya&#8217;dan Ordu&#8217;ya geri d\u00f6nmesini istiyor. B\u00f6ylelikle Ordu&#8217;ya d\u00f6nerek ya\u015fam\u0131n\u0131 orada s\u00fcrd\u00fcr\u00fcyor. Karakin Bey, 1974 y\u0131l\u0131nda k\u0131z\u0131n\u0131 ziyaret etmek i\u00e7in geldi\u011fi Arjantin&#8217;de vefat ediyor. Babas\u0131n\u0131n vefat\u0131ndan sonra annesi Arusyak Han\u0131m Arjantin&#8217;de k\u0131z\u0131 Araksi Han\u0131mlarla ya\u015famaya ba\u015fl\u0131yor ve o da 1983 y\u0131l\u0131nda vefat ediyor. \u015eirin ailesinin mezarlar\u0131 da Arjantin&#8217;de, Buenos Aires Ermeni Mezarl\u0131\u011f\u0131&#8217;nda bulunuyor.<\/p>\n<p>Vahram Bey i\u015finde ba\u015far\u0131l\u0131, evlili\u011finde mutlu bir hayat s\u00fcrd\u00fcr\u00fcyor. \u0130ki \u00e7ocuklar\u0131 var; o\u011fullar\u0131 Diego ve k\u0131zlar\u0131 Karina. Vahram Bey&#8217;i T\u00fcrkiye&#8217;nin tan\u0131mas\u0131 ise Arjantin&#8217;de kurdu\u011fu Deportivo Armenio Kul\u00fcb\u00fc ve d\u00fcnyaca \u00fcnl\u00fc futbolcu Maradona&#8217;yla olan ba\u011flant\u0131s\u0131 sayesinde oluyor.<\/p>\n<p><img loading=\"lazy\" decoding=\"async\" src=\"https:\/\/media-cdn.t24.com.tr\/media\/library\/2021\/12\/1639405047938-image-1.jpeg\" alt=\"\" width=\"650\" height=\"650\" \/><\/p>\n<p>Araksi Han\u0131m&#8217;a &#8220;Vahram Bey&#8217;in Maradona&#8217;yla olan ili\u015fkisi nedir? O g\u00fcnlere dair neler hat\u0131rl\u0131yorsunuz?&#8221; diye sordu\u011fumda &#8220;Benim kocam futbol hastas\u0131yd\u0131, \u00e7ok severdi futbolu, T\u00fcrkiye&#8217;de Be\u015fikta\u015f futbol tak\u0131m\u0131n\u0131 tutard\u0131. Arjantin&#8217;de Deportivo Armenio Kul\u00fcb\u00fc&#8217;n\u00fc kurdu ve ba\u015fkan\u0131 oldu. O y\u00fczden b\u00fct\u00fcn futbolcular\u0131 tan\u0131yordu.&#8221; dedi. Maradona&#8217;n\u0131n menajeri Jorge Cyterszpiler Maradona&#8217;y\u0131 b\u00fct\u00fcn kul\u00fcplere g\u00f6t\u00fcr\u00fcyor, g\u00f6steriyormu\u015f, Armenio Kul\u00fcb\u00fcne de getiriyor. Maradona o zamanlar \u00e7ocukmu\u015f. &#8220;\u0130stediler ki Vahram biraz el versin bu \u00e7ocu\u011fa, destek olsun maddi olarak, \u00e7evresi de \u00e7ok geni\u015fti, yard\u0131mc\u0131 oldu. Bizim kul\u00fcpte oynamad\u0131 ama her zaman ma\u00e7lara gelirdi, g\u00f6z\u00fck\u00fcrd\u00fc. O g\u00fcnden sonra ili\u015fkimiz hep devam etti, evimize gelmi\u015ftir, b\u00fct\u00fcn aile, \u00e7ocuklar tan\u0131r kendisini. O\u011flum Diego&#8217;nun ismi ordan gelir.&#8221; diye ekliyor.<\/p>\n<p>Vahram Bey y\u0131llar sonra, 1971 y\u0131l\u0131nda, do\u011fup b\u00fcy\u00fcd\u00fc\u011f\u00fc Ordu&#8217;ya geliyor. Bu ziyaretinde Orduspor i\u00e7in kendi tekstil fabrikas\u0131nda yapt\u0131rd\u0131\u011f\u0131 \u00f6zel formalar\u0131 hediye ediyor. Do\u011fdu\u011fu b\u00fcy\u00fcd\u00fc\u011f\u00fc mahalleye gidip \u00e7ocukluk arkada\u015flar\u0131yla g\u00f6r\u00fc\u015f\u00fcyor. Y\u0131llar sonra yap\u0131lan bu ziyaretin Vahram Bey i\u00e7in neler ifade etti\u011fini ondan dinleyemedi\u011fimiz i\u00e7in ne yaz\u0131k ki bilemiyoruz.<\/p>\n<p>Vahram Bey vefat etmeden \u00f6nce \u015f\u00f6yle vasiyet ediyor: &#8220;\u00d6ld\u00fc\u011f\u00fcmde yak\u0131n beni ve k\u00fcllerimi Deportivo Armenio kul\u00fcb\u00fc i\u00e7in yapt\u0131rd\u0131\u011f\u0131m stadyuma d\u00f6k\u00fcn.&#8221;<\/p>\n<p>Aile, vasiyeti 29 Mart 2011&#8217;de yerine getiriyor.<\/p>\n<\/div>\n<\/div>\n<p><em><strong>https:\/\/t24.com.tr\/haber\/1915-ermeni-tehciri-nden-maradona-ya-vahram-citciyan-in-hikayesi,1000515?fbclid=IwAR1GpgIPWXmHN1SQrmnke1QsoGNNfcl3rALv890-GO8zsB9E7dmppD3Inyo\u00a0<\/strong><\/em><\/p>\n","protected":false},"excerpt":{"rendered":"<p>&#8220;\u0130stediler ki Vahram biraz el versin bu \u00e7ocu\u011fa, destek olsun maddi olarak, \u00e7evresi de \u00e7ok geni\u015fti, yard\u0131mc\u0131 oldu. Bizim kul\u00fcpte oynamad\u0131 ama her zaman ma\u00e7lara gelirdi, g\u00f6z\u00fck\u00fcrd\u00fc.&#8221; G\u00fcven Bayar \u00c7itciyan ailesi gibi do\u011fup b\u00fcy\u00fcd\u00fckleri Ordu&#8217;dan 1915&#8217;te \u00f6l\u00fcme g\u00f6nderilen ve \u00e7o\u011fu geri gelemeyen ailelerin kim olduklar\u0131n\u0131 bilmeden, bu de\u011ferli insanlar\u0131n tehciri neden ya\u015fad\u0131klar\u0131n\u0131, neden gittiklerini sorgulamadan, [&hellip;]<\/p>\n","protected":false},"author":7,"featured_media":66228,"comment_status":"open","ping_status":"open","sticky":false,"template":"","format":"standard","meta":{"footnotes":""},"categories":[1,70,19],"tags":[],"class_list":["post-66227","post","type-post","status-publish","format-standard","has-post-thumbnail","hentry","category-haberler","category-makaleler","category-unluler"],"yoast_head":"<!-- This site is optimized with the Yoast SEO plugin v27.4 - https:\/\/yoast.com\/product\/yoast-seo-wordpress\/ -->\n<title>1915 Ermeni Tehciri&#039;nden (Ermeni Soyk\u0131r\u0131m\u0131-\u2018Akunq\u2019 web sitesi) Maradona&#039;ya Vahram \u00c7itciyan&#039;\u0131n hik\u00e2yesi - Bati Ermenistan Ve Bati Ermenileri Sorunlari Ara\u015ftirmalar Merkezi<\/title>\n<meta name=\"robots\" content=\"index, follow, max-snippet:-1, max-image-preview:large, max-video-preview:-1\" \/>\n<link rel=\"canonical\" href=\"https:\/\/akunq.net\/tr\/?p=66227\" \/>\n<meta property=\"og:locale\" content=\"en_US\" \/>\n<meta property=\"og:type\" content=\"article\" \/>\n<meta property=\"og:title\" content=\"1915 Ermeni Tehciri&#039;nden (Ermeni Soyk\u0131r\u0131m\u0131-\u2018Akunq\u2019 web sitesi) Maradona&#039;ya Vahram \u00c7itciyan&#039;\u0131n hik\u00e2yesi - Bati Ermenistan Ve Bati Ermenileri Sorunlari Ara\u015ftirmalar Merkezi\" \/>\n<meta property=\"og:description\" content=\"&#8220;\u0130stediler ki Vahram biraz el versin bu \u00e7ocu\u011fa, destek olsun maddi olarak, \u00e7evresi de \u00e7ok geni\u015fti, yard\u0131mc\u0131 oldu. Bizim kul\u00fcpte oynamad\u0131 ama her zaman ma\u00e7lara gelirdi, g\u00f6z\u00fck\u00fcrd\u00fc.&#8221; G\u00fcven Bayar \u00c7itciyan ailesi gibi do\u011fup b\u00fcy\u00fcd\u00fckleri Ordu&#8217;dan 1915&#8217;te \u00f6l\u00fcme g\u00f6nderilen ve \u00e7o\u011fu geri gelemeyen ailelerin kim olduklar\u0131n\u0131 bilmeden, bu de\u011ferli insanlar\u0131n tehciri neden ya\u015fad\u0131klar\u0131n\u0131, neden gittiklerini sorgulamadan, [&hellip;]\" \/>\n<meta property=\"og:url\" content=\"https:\/\/akunq.net\/tr\/?p=66227\" \/>\n<meta property=\"og:site_name\" content=\"Bati Ermenistan Ve Bati Ermenileri Sorunlari Ara\u015ftirmalar Merkezi\" \/>\n<meta property=\"article:published_time\" content=\"2021-12-15T10:56:32+00:00\" \/>\n<meta property=\"og:image\" content=\"https:\/\/akunq.net\/tr\/wp-content\/uploads\/sites\/6\/2021\/12\/Vahram-\u00c7itciyan.png\" \/>\n\t<meta property=\"og:image:width\" content=\"800\" \/>\n\t<meta property=\"og:image:height\" content=\"450\" \/>\n\t<meta property=\"og:image:type\" content=\"image\/png\" \/>\n<meta name=\"author\" content=\"admin\" \/>\n<meta name=\"twitter:card\" content=\"summary_large_image\" \/>\n<meta name=\"twitter:label1\" content=\"Written by\" \/>\n\t<meta name=\"twitter:data1\" content=\"admin\" \/>\n\t<meta name=\"twitter:label2\" content=\"Est. reading time\" \/>\n\t<meta name=\"twitter:data2\" content=\"6 minutes\" \/>\n<script type=\"application\/ld+json\" class=\"yoast-schema-graph\">{\"@context\":\"https:\\\/\\\/schema.org\",\"@graph\":[{\"@type\":\"Article\",\"@id\":\"https:\\\/\\\/akunq.net\\\/tr\\\/?p=66227#article\",\"isPartOf\":{\"@id\":\"https:\\\/\\\/akunq.net\\\/tr\\\/?p=66227\"},\"author\":{\"name\":\"admin\",\"@id\":\"https:\\\/\\\/akunq.net\\\/tr\\\/#\\\/schema\\\/person\\\/096f1d38a12cce57fb855b485ed24c9e\"},\"headline\":\"1915 Ermeni Tehciri&#8217;nden (Ermeni Soyk\u0131r\u0131m\u0131-\u2018Akunq\u2019 web sitesi) Maradona&#8217;ya Vahram \u00c7itciyan&#8217;\u0131n hik\u00e2yesi\",\"datePublished\":\"2021-12-15T10:56:32+00:00\",\"mainEntityOfPage\":{\"@id\":\"https:\\\/\\\/akunq.net\\\/tr\\\/?p=66227\"},\"wordCount\":1257,\"commentCount\":0,\"image\":{\"@id\":\"https:\\\/\\\/akunq.net\\\/tr\\\/?p=66227#primaryimage\"},\"thumbnailUrl\":\"https:\\\/\\\/akunq.net\\\/tr\\\/wp-content\\\/uploads\\\/sites\\\/6\\\/2021\\\/12\\\/Vahram-\u00c7itciyan.png\",\"articleSection\":[\"Haberler\",\"Makaleler\",\"\u00dcnl\u00fcler\"],\"inLanguage\":\"en-US\",\"potentialAction\":[{\"@type\":\"CommentAction\",\"name\":\"Comment\",\"target\":[\"https:\\\/\\\/akunq.net\\\/tr\\\/?p=66227#respond\"]}]},{\"@type\":\"WebPage\",\"@id\":\"https:\\\/\\\/akunq.net\\\/tr\\\/?p=66227\",\"url\":\"https:\\\/\\\/akunq.net\\\/tr\\\/?p=66227\",\"name\":\"1915 Ermeni Tehciri'nden (Ermeni Soyk\u0131r\u0131m\u0131-\u2018Akunq\u2019 web sitesi) Maradona'ya Vahram \u00c7itciyan'\u0131n hik\u00e2yesi - Bati Ermenistan Ve Bati Ermenileri Sorunlari Ara\u015ftirmalar Merkezi\",\"isPartOf\":{\"@id\":\"https:\\\/\\\/akunq.net\\\/tr\\\/#website\"},\"primaryImageOfPage\":{\"@id\":\"https:\\\/\\\/akunq.net\\\/tr\\\/?p=66227#primaryimage\"},\"image\":{\"@id\":\"https:\\\/\\\/akunq.net\\\/tr\\\/?p=66227#primaryimage\"},\"thumbnailUrl\":\"https:\\\/\\\/akunq.net\\\/tr\\\/wp-content\\\/uploads\\\/sites\\\/6\\\/2021\\\/12\\\/Vahram-\u00c7itciyan.png\",\"datePublished\":\"2021-12-15T10:56:32+00:00\",\"author\":{\"@id\":\"https:\\\/\\\/akunq.net\\\/tr\\\/#\\\/schema\\\/person\\\/096f1d38a12cce57fb855b485ed24c9e\"},\"breadcrumb\":{\"@id\":\"https:\\\/\\\/akunq.net\\\/tr\\\/?p=66227#breadcrumb\"},\"inLanguage\":\"en-US\",\"potentialAction\":[{\"@type\":\"ReadAction\",\"target\":[\"https:\\\/\\\/akunq.net\\\/tr\\\/?p=66227\"]}]},{\"@type\":\"ImageObject\",\"inLanguage\":\"en-US\",\"@id\":\"https:\\\/\\\/akunq.net\\\/tr\\\/?p=66227#primaryimage\",\"url\":\"https:\\\/\\\/akunq.net\\\/tr\\\/wp-content\\\/uploads\\\/sites\\\/6\\\/2021\\\/12\\\/Vahram-\u00c7itciyan.png\",\"contentUrl\":\"https:\\\/\\\/akunq.net\\\/tr\\\/wp-content\\\/uploads\\\/sites\\\/6\\\/2021\\\/12\\\/Vahram-\u00c7itciyan.png\",\"width\":800,\"height\":450},{\"@type\":\"BreadcrumbList\",\"@id\":\"https:\\\/\\\/akunq.net\\\/tr\\\/?p=66227#breadcrumb\",\"itemListElement\":[{\"@type\":\"ListItem\",\"position\":1,\"name\":\"Home\",\"item\":\"https:\\\/\\\/akunq.net\\\/tr\"},{\"@type\":\"ListItem\",\"position\":2,\"name\":\"1915 Ermeni Tehciri&#8217;nden (Ermeni Soyk\u0131r\u0131m\u0131-\u2018Akunq\u2019 web sitesi) Maradona&#8217;ya Vahram \u00c7itciyan&#8217;\u0131n hik\u00e2yesi\"}]},{\"@type\":\"WebSite\",\"@id\":\"https:\\\/\\\/akunq.net\\\/tr\\\/#website\",\"url\":\"https:\\\/\\\/akunq.net\\\/tr\\\/\",\"name\":\"Bati Ermenistan Ve Bati Ermenileri Sorunlari Ara\u015ftirmalar Merkezi\",\"description\":\"\",\"potentialAction\":[{\"@type\":\"SearchAction\",\"target\":{\"@type\":\"EntryPoint\",\"urlTemplate\":\"https:\\\/\\\/akunq.net\\\/tr\\\/?s={search_term_string}\"},\"query-input\":{\"@type\":\"PropertyValueSpecification\",\"valueRequired\":true,\"valueName\":\"search_term_string\"}}],\"inLanguage\":\"en-US\"},{\"@type\":\"Person\",\"@id\":\"https:\\\/\\\/akunq.net\\\/tr\\\/#\\\/schema\\\/person\\\/096f1d38a12cce57fb855b485ed24c9e\",\"name\":\"admin\",\"url\":\"https:\\\/\\\/akunq.net\\\/tr\\\/?author=7\"}]}<\/script>\n<!-- \/ Yoast SEO plugin. -->","yoast_head_json":{"title":"1915 Ermeni Tehciri'nden (Ermeni Soyk\u0131r\u0131m\u0131-\u2018Akunq\u2019 web sitesi) Maradona'ya Vahram \u00c7itciyan'\u0131n hik\u00e2yesi - Bati Ermenistan Ve Bati Ermenileri Sorunlari Ara\u015ftirmalar Merkezi","robots":{"index":"index","follow":"follow","max-snippet":"max-snippet:-1","max-image-preview":"max-image-preview:large","max-video-preview":"max-video-preview:-1"},"canonical":"https:\/\/akunq.net\/tr\/?p=66227","og_locale":"en_US","og_type":"article","og_title":"1915 Ermeni Tehciri'nden (Ermeni Soyk\u0131r\u0131m\u0131-\u2018Akunq\u2019 web sitesi) Maradona'ya Vahram \u00c7itciyan'\u0131n hik\u00e2yesi - Bati Ermenistan Ve Bati Ermenileri Sorunlari Ara\u015ftirmalar Merkezi","og_description":"&#8220;\u0130stediler ki Vahram biraz el versin bu \u00e7ocu\u011fa, destek olsun maddi olarak, \u00e7evresi de \u00e7ok geni\u015fti, yard\u0131mc\u0131 oldu. Bizim kul\u00fcpte oynamad\u0131 ama her zaman ma\u00e7lara gelirdi, g\u00f6z\u00fck\u00fcrd\u00fc.&#8221; G\u00fcven Bayar \u00c7itciyan ailesi gibi do\u011fup b\u00fcy\u00fcd\u00fckleri Ordu&#8217;dan 1915&#8217;te \u00f6l\u00fcme g\u00f6nderilen ve \u00e7o\u011fu geri gelemeyen ailelerin kim olduklar\u0131n\u0131 bilmeden, bu de\u011ferli insanlar\u0131n tehciri neden ya\u015fad\u0131klar\u0131n\u0131, neden gittiklerini sorgulamadan, [&hellip;]","og_url":"https:\/\/akunq.net\/tr\/?p=66227","og_site_name":"Bati Ermenistan Ve Bati Ermenileri Sorunlari Ara\u015ftirmalar Merkezi","article_published_time":"2021-12-15T10:56:32+00:00","og_image":[{"width":800,"height":450,"url":"https:\/\/akunq.net\/tr\/wp-content\/uploads\/sites\/6\/2021\/12\/Vahram-\u00c7itciyan.png","type":"image\/png"}],"author":"admin","twitter_card":"summary_large_image","twitter_misc":{"Written by":"admin","Est. reading time":"6 minutes"},"schema":{"@context":"https:\/\/schema.org","@graph":[{"@type":"Article","@id":"https:\/\/akunq.net\/tr\/?p=66227#article","isPartOf":{"@id":"https:\/\/akunq.net\/tr\/?p=66227"},"author":{"name":"admin","@id":"https:\/\/akunq.net\/tr\/#\/schema\/person\/096f1d38a12cce57fb855b485ed24c9e"},"headline":"1915 Ermeni Tehciri&#8217;nden (Ermeni Soyk\u0131r\u0131m\u0131-\u2018Akunq\u2019 web sitesi) Maradona&#8217;ya Vahram \u00c7itciyan&#8217;\u0131n hik\u00e2yesi","datePublished":"2021-12-15T10:56:32+00:00","mainEntityOfPage":{"@id":"https:\/\/akunq.net\/tr\/?p=66227"},"wordCount":1257,"commentCount":0,"image":{"@id":"https:\/\/akunq.net\/tr\/?p=66227#primaryimage"},"thumbnailUrl":"https:\/\/akunq.net\/tr\/wp-content\/uploads\/sites\/6\/2021\/12\/Vahram-\u00c7itciyan.png","articleSection":["Haberler","Makaleler","\u00dcnl\u00fcler"],"inLanguage":"en-US","potentialAction":[{"@type":"CommentAction","name":"Comment","target":["https:\/\/akunq.net\/tr\/?p=66227#respond"]}]},{"@type":"WebPage","@id":"https:\/\/akunq.net\/tr\/?p=66227","url":"https:\/\/akunq.net\/tr\/?p=66227","name":"1915 Ermeni Tehciri'nden (Ermeni Soyk\u0131r\u0131m\u0131-\u2018Akunq\u2019 web sitesi) Maradona'ya Vahram \u00c7itciyan'\u0131n hik\u00e2yesi - Bati Ermenistan Ve Bati Ermenileri Sorunlari Ara\u015ftirmalar Merkezi","isPartOf":{"@id":"https:\/\/akunq.net\/tr\/#website"},"primaryImageOfPage":{"@id":"https:\/\/akunq.net\/tr\/?p=66227#primaryimage"},"image":{"@id":"https:\/\/akunq.net\/tr\/?p=66227#primaryimage"},"thumbnailUrl":"https:\/\/akunq.net\/tr\/wp-content\/uploads\/sites\/6\/2021\/12\/Vahram-\u00c7itciyan.png","datePublished":"2021-12-15T10:56:32+00:00","author":{"@id":"https:\/\/akunq.net\/tr\/#\/schema\/person\/096f1d38a12cce57fb855b485ed24c9e"},"breadcrumb":{"@id":"https:\/\/akunq.net\/tr\/?p=66227#breadcrumb"},"inLanguage":"en-US","potentialAction":[{"@type":"ReadAction","target":["https:\/\/akunq.net\/tr\/?p=66227"]}]},{"@type":"ImageObject","inLanguage":"en-US","@id":"https:\/\/akunq.net\/tr\/?p=66227#primaryimage","url":"https:\/\/akunq.net\/tr\/wp-content\/uploads\/sites\/6\/2021\/12\/Vahram-\u00c7itciyan.png","contentUrl":"https:\/\/akunq.net\/tr\/wp-content\/uploads\/sites\/6\/2021\/12\/Vahram-\u00c7itciyan.png","width":800,"height":450},{"@type":"BreadcrumbList","@id":"https:\/\/akunq.net\/tr\/?p=66227#breadcrumb","itemListElement":[{"@type":"ListItem","position":1,"name":"Home","item":"https:\/\/akunq.net\/tr"},{"@type":"ListItem","position":2,"name":"1915 Ermeni Tehciri&#8217;nden (Ermeni Soyk\u0131r\u0131m\u0131-\u2018Akunq\u2019 web sitesi) Maradona&#8217;ya Vahram \u00c7itciyan&#8217;\u0131n hik\u00e2yesi"}]},{"@type":"WebSite","@id":"https:\/\/akunq.net\/tr\/#website","url":"https:\/\/akunq.net\/tr\/","name":"Bati Ermenistan Ve Bati Ermenileri Sorunlari Ara\u015ftirmalar Merkezi","description":"","potentialAction":[{"@type":"SearchAction","target":{"@type":"EntryPoint","urlTemplate":"https:\/\/akunq.net\/tr\/?s={search_term_string}"},"query-input":{"@type":"PropertyValueSpecification","valueRequired":true,"valueName":"search_term_string"}}],"inLanguage":"en-US"},{"@type":"Person","@id":"https:\/\/akunq.net\/tr\/#\/schema\/person\/096f1d38a12cce57fb855b485ed24c9e","name":"admin","url":"https:\/\/akunq.net\/tr\/?author=7"}]}},"_links":{"self":[{"href":"https:\/\/akunq.net\/tr\/index.php?rest_route=\/wp\/v2\/posts\/66227","targetHints":{"allow":["GET"]}}],"collection":[{"href":"https:\/\/akunq.net\/tr\/index.php?rest_route=\/wp\/v2\/posts"}],"about":[{"href":"https:\/\/akunq.net\/tr\/index.php?rest_route=\/wp\/v2\/types\/post"}],"author":[{"embeddable":true,"href":"https:\/\/akunq.net\/tr\/index.php?rest_route=\/wp\/v2\/users\/7"}],"replies":[{"embeddable":true,"href":"https:\/\/akunq.net\/tr\/index.php?rest_route=%2Fwp%2Fv2%2Fcomments&post=66227"}],"version-history":[{"count":1,"href":"https:\/\/akunq.net\/tr\/index.php?rest_route=\/wp\/v2\/posts\/66227\/revisions"}],"predecessor-version":[{"id":66229,"href":"https:\/\/akunq.net\/tr\/index.php?rest_route=\/wp\/v2\/posts\/66227\/revisions\/66229"}],"wp:featuredmedia":[{"embeddable":true,"href":"https:\/\/akunq.net\/tr\/index.php?rest_route=\/wp\/v2\/media\/66228"}],"wp:attachment":[{"href":"https:\/\/akunq.net\/tr\/index.php?rest_route=%2Fwp%2Fv2%2Fmedia&parent=66227"}],"wp:term":[{"taxonomy":"category","embeddable":true,"href":"https:\/\/akunq.net\/tr\/index.php?rest_route=%2Fwp%2Fv2%2Fcategories&post=66227"},{"taxonomy":"post_tag","embeddable":true,"href":"https:\/\/akunq.net\/tr\/index.php?rest_route=%2Fwp%2Fv2%2Ftags&post=66227"}],"curies":[{"name":"wp","href":"https:\/\/api.w.org\/{rel}","templated":true}]}}