{"id":66217,"date":"2021-12-15T01:56:23","date_gmt":"2021-12-15T06:56:23","guid":{"rendered":"https:\/\/akunq.net\/tr\/?p=66217"},"modified":"2021-12-15T01:56:23","modified_gmt":"2021-12-15T06:56:23","slug":"evde-roma-bizans-ve-osmanli-donemi-eserler-ele-gecirildi","status":"publish","type":"post","link":"https:\/\/akunq.net\/tr\/?p=66217","title":{"rendered":"Evde Roma, Bizans ve Osmanl\u0131 d\u00f6nemi eserler ele ge\u00e7irildi"},"content":{"rendered":"<p><img loading=\"lazy\" decoding=\"async\" class=\"aligncenter size-medium wp-image-66218\" src=\"https:\/\/akunq.net\/tr\/wp-content\/uploads\/2021\/12\/Roma-Bizans-ve-Osmanl\u0131-d\u00f6nemi-eserler-360x202.jpg\" alt=\"\" width=\"360\" height=\"202\" srcset=\"https:\/\/akunq.net\/tr\/wp-content\/uploads\/sites\/6\/2021\/12\/Roma-Bizans-ve-Osmanl\u0131-d\u00f6nemi-eserler-360x202.jpg 360w, https:\/\/akunq.net\/tr\/wp-content\/uploads\/sites\/6\/2021\/12\/Roma-Bizans-ve-Osmanl\u0131-d\u00f6nemi-eserler-560x314.jpg 560w, https:\/\/akunq.net\/tr\/wp-content\/uploads\/sites\/6\/2021\/12\/Roma-Bizans-ve-Osmanl\u0131-d\u00f6nemi-eserler-260x146.jpg 260w, https:\/\/akunq.net\/tr\/wp-content\/uploads\/sites\/6\/2021\/12\/Roma-Bizans-ve-Osmanl\u0131-d\u00f6nemi-eserler-160x90.jpg 160w, https:\/\/akunq.net\/tr\/wp-content\/uploads\/sites\/6\/2021\/12\/Roma-Bizans-ve-Osmanl\u0131-d\u00f6nemi-eserler.jpg 731w\" sizes=\"auto, (max-width: 360px) 100vw, 360px\" \/><\/p>\n<p><em><strong>Manisa \u0130l Jandarma Komutanl\u0131\u011f\u0131 Ka\u00e7ak\u00e7\u0131l\u0131k ve Organize Su\u00e7larla M\u00fccadele \u015eube M\u00fcd\u00fcrl\u00fc\u011f\u00fc ekipleri, istihbarat \u00e7al\u0131\u015fmas\u0131yla, Saruhanl\u0131 il\u00e7esi Sar\u0131\u00e7am Mahallesi\u2019nde ya\u015fayan H.\u00d6. (62) ve M.\u00d6.\u2019n\u00fcn (70) evi ile eklentilerinde tarihi eser bulundu\u011fu bilgisine ula\u015ft\u0131.<\/strong><\/em><\/p>\n<p>Bug\u00fcn saat 14.00 s\u0131ralar\u0131nda harekete ge\u00e7en jandarma, \u015f\u00fcphelilerin evine operasyon d\u00fczenledi. Evin ah\u0131r olarak kullan\u0131lan b\u00f6l\u00fcm\u00fcn\u00fcn zemininde Roma d\u00f6nemine ait taban mozai\u011fi, Osmanl\u0131ca yaz\u0131l\u0131 oldu\u011fu de\u011ferlendirilen \u00e7er\u00e7eve i\u00e7erisinde toplam 3 belge, Bizans d\u00f6nemine ait 1 k\u00fc\u00e7\u00fck kazan, 1 k\u0131l\u0131\u00e7, 2 kama, 2 barutluk, 2 metal sahan, 1 metal tabak, 2 metal ya\u011fdanl\u0131k, 1 kap\u0131 tokma\u011f\u0131, 1 sahan kapa\u011f\u0131, 1 kapakl\u0131 ve kulplu bakra\u00e7, 3 kirkit, 1 prin\u00e7 kandil, 1 \u00fct\u00fc, 2 hal\u0131 makas\u0131, 1 kapakl\u0131 ve kollu kahve de\u011firmeni, 2 bo\u015f kovan ile ka\u00e7ak kaz\u0131da kullan\u0131ld\u0131\u011f\u0131 belirlenen 2 k\u00fcrek ele ge\u00e7irildi. H.\u00d6. ve M.\u00d6. g\u00f6zalt\u0131na al\u0131nd\u0131.<\/p>\n<p>Ele ge\u00e7irilen tarihi eserler Manisa M\u00fcze M\u00fcd\u00fcrl\u00fc\u011f\u00fc\u2019ne teslim edilirken, \u015f\u00fcphelilerin jandarmadaki i\u015flemlerinin s\u00fcrd\u00fc\u011f\u00fc bildirildi.<\/p>\n<p><em><strong>https:\/\/www.milliyet.com.tr\/gundem\/evde-roma-bizans-ve-osmanli-donemi-eserler-ele-gecirildi-6661323\u00a0<\/strong><\/em><\/p>\n","protected":false},"excerpt":{"rendered":"<p>Manisa \u0130l Jandarma Komutanl\u0131\u011f\u0131 Ka\u00e7ak\u00e7\u0131l\u0131k ve Organize Su\u00e7larla M\u00fccadele \u015eube M\u00fcd\u00fcrl\u00fc\u011f\u00fc ekipleri, istihbarat \u00e7al\u0131\u015fmas\u0131yla, Saruhanl\u0131 il\u00e7esi Sar\u0131\u00e7am Mahallesi\u2019nde ya\u015fayan H.\u00d6. (62) ve M.\u00d6.\u2019n\u00fcn (70) evi ile eklentilerinde tarihi eser bulundu\u011fu bilgisine ula\u015ft\u0131. Bug\u00fcn saat 14.00 s\u0131ralar\u0131nda harekete ge\u00e7en jandarma, \u015f\u00fcphelilerin evine operasyon d\u00fczenledi. Evin ah\u0131r olarak kullan\u0131lan b\u00f6l\u00fcm\u00fcn\u00fcn zemininde Roma d\u00f6nemine ait taban mozai\u011fi, Osmanl\u0131ca [&hellip;]<\/p>\n","protected":false},"author":7,"featured_media":66218,"comment_status":"open","ping_status":"open","sticky":false,"template":"","format":"standard","meta":{"footnotes":""},"categories":[1],"tags":[],"class_list":["post-66217","post","type-post","status-publish","format-standard","has-post-thumbnail","hentry","category-haberler"],"yoast_head":"<!-- This site is optimized with the Yoast SEO plugin v27.4 - https:\/\/yoast.com\/product\/yoast-seo-wordpress\/ -->\n<title>Evde Roma, Bizans ve Osmanl\u0131 d\u00f6nemi eserler ele ge\u00e7irildi - Bati Ermenistan Ve Bati Ermenileri Sorunlari Ara\u015ftirmalar Merkezi<\/title>\n<meta name=\"robots\" content=\"index, follow, max-snippet:-1, max-image-preview:large, max-video-preview:-1\" \/>\n<link rel=\"canonical\" href=\"https:\/\/akunq.net\/tr\/?p=66217\" \/>\n<meta property=\"og:locale\" content=\"en_US\" \/>\n<meta property=\"og:type\" content=\"article\" \/>\n<meta property=\"og:title\" content=\"Evde Roma, Bizans ve Osmanl\u0131 d\u00f6nemi eserler ele ge\u00e7irildi - Bati Ermenistan Ve Bati Ermenileri Sorunlari Ara\u015ftirmalar Merkezi\" \/>\n<meta property=\"og:description\" content=\"Manisa \u0130l Jandarma Komutanl\u0131\u011f\u0131 Ka\u00e7ak\u00e7\u0131l\u0131k ve Organize Su\u00e7larla M\u00fccadele \u015eube M\u00fcd\u00fcrl\u00fc\u011f\u00fc ekipleri, istihbarat \u00e7al\u0131\u015fmas\u0131yla, Saruhanl\u0131 il\u00e7esi Sar\u0131\u00e7am Mahallesi\u2019nde ya\u015fayan H.\u00d6. (62) ve M.\u00d6.\u2019n\u00fcn (70) evi ile eklentilerinde tarihi eser bulundu\u011fu bilgisine ula\u015ft\u0131. Bug\u00fcn saat 14.00 s\u0131ralar\u0131nda harekete ge\u00e7en jandarma, \u015f\u00fcphelilerin evine operasyon d\u00fczenledi. Evin ah\u0131r olarak kullan\u0131lan b\u00f6l\u00fcm\u00fcn\u00fcn zemininde Roma d\u00f6nemine ait taban mozai\u011fi, Osmanl\u0131ca [&hellip;]\" \/>\n<meta property=\"og:url\" content=\"https:\/\/akunq.net\/tr\/?p=66217\" \/>\n<meta property=\"og:site_name\" content=\"Bati Ermenistan Ve Bati Ermenileri Sorunlari Ara\u015ftirmalar Merkezi\" \/>\n<meta property=\"article:published_time\" content=\"2021-12-15T06:56:23+00:00\" \/>\n<meta property=\"og:image\" content=\"https:\/\/akunq.net\/tr\/wp-content\/uploads\/sites\/6\/2021\/12\/Roma-Bizans-ve-Osmanl\u0131-d\u00f6nemi-eserler.jpg\" \/>\n\t<meta property=\"og:image:width\" content=\"731\" \/>\n\t<meta property=\"og:image:height\" content=\"410\" \/>\n\t<meta property=\"og:image:type\" content=\"image\/jpeg\" \/>\n<meta name=\"author\" content=\"admin\" \/>\n<meta name=\"twitter:card\" content=\"summary_large_image\" \/>\n<meta name=\"twitter:label1\" content=\"Written by\" \/>\n\t<meta name=\"twitter:data1\" content=\"admin\" \/>\n\t<meta name=\"twitter:label2\" content=\"Est. reading time\" \/>\n\t<meta name=\"twitter:data2\" content=\"1 minute\" \/>\n<script type=\"application\/ld+json\" class=\"yoast-schema-graph\">{\"@context\":\"https:\\\/\\\/schema.org\",\"@graph\":[{\"@type\":\"Article\",\"@id\":\"https:\\\/\\\/akunq.net\\\/tr\\\/?p=66217#article\",\"isPartOf\":{\"@id\":\"https:\\\/\\\/akunq.net\\\/tr\\\/?p=66217\"},\"author\":{\"name\":\"admin\",\"@id\":\"https:\\\/\\\/akunq.net\\\/tr\\\/#\\\/schema\\\/person\\\/096f1d38a12cce57fb855b485ed24c9e\"},\"headline\":\"Evde Roma, Bizans ve Osmanl\u0131 d\u00f6nemi eserler ele ge\u00e7irildi\",\"datePublished\":\"2021-12-15T06:56:23+00:00\",\"mainEntityOfPage\":{\"@id\":\"https:\\\/\\\/akunq.net\\\/tr\\\/?p=66217\"},\"wordCount\":196,\"commentCount\":0,\"image\":{\"@id\":\"https:\\\/\\\/akunq.net\\\/tr\\\/?p=66217#primaryimage\"},\"thumbnailUrl\":\"https:\\\/\\\/akunq.net\\\/tr\\\/wp-content\\\/uploads\\\/sites\\\/6\\\/2021\\\/12\\\/Roma-Bizans-ve-Osmanl\u0131-d\u00f6nemi-eserler.jpg\",\"articleSection\":[\"Haberler\"],\"inLanguage\":\"en-US\",\"potentialAction\":[{\"@type\":\"CommentAction\",\"name\":\"Comment\",\"target\":[\"https:\\\/\\\/akunq.net\\\/tr\\\/?p=66217#respond\"]}]},{\"@type\":\"WebPage\",\"@id\":\"https:\\\/\\\/akunq.net\\\/tr\\\/?p=66217\",\"url\":\"https:\\\/\\\/akunq.net\\\/tr\\\/?p=66217\",\"name\":\"Evde Roma, Bizans ve Osmanl\u0131 d\u00f6nemi eserler ele ge\u00e7irildi - Bati Ermenistan Ve Bati Ermenileri Sorunlari Ara\u015ftirmalar Merkezi\",\"isPartOf\":{\"@id\":\"https:\\\/\\\/akunq.net\\\/tr\\\/#website\"},\"primaryImageOfPage\":{\"@id\":\"https:\\\/\\\/akunq.net\\\/tr\\\/?p=66217#primaryimage\"},\"image\":{\"@id\":\"https:\\\/\\\/akunq.net\\\/tr\\\/?p=66217#primaryimage\"},\"thumbnailUrl\":\"https:\\\/\\\/akunq.net\\\/tr\\\/wp-content\\\/uploads\\\/sites\\\/6\\\/2021\\\/12\\\/Roma-Bizans-ve-Osmanl\u0131-d\u00f6nemi-eserler.jpg\",\"datePublished\":\"2021-12-15T06:56:23+00:00\",\"author\":{\"@id\":\"https:\\\/\\\/akunq.net\\\/tr\\\/#\\\/schema\\\/person\\\/096f1d38a12cce57fb855b485ed24c9e\"},\"breadcrumb\":{\"@id\":\"https:\\\/\\\/akunq.net\\\/tr\\\/?p=66217#breadcrumb\"},\"inLanguage\":\"en-US\",\"potentialAction\":[{\"@type\":\"ReadAction\",\"target\":[\"https:\\\/\\\/akunq.net\\\/tr\\\/?p=66217\"]}]},{\"@type\":\"ImageObject\",\"inLanguage\":\"en-US\",\"@id\":\"https:\\\/\\\/akunq.net\\\/tr\\\/?p=66217#primaryimage\",\"url\":\"https:\\\/\\\/akunq.net\\\/tr\\\/wp-content\\\/uploads\\\/sites\\\/6\\\/2021\\\/12\\\/Roma-Bizans-ve-Osmanl\u0131-d\u00f6nemi-eserler.jpg\",\"contentUrl\":\"https:\\\/\\\/akunq.net\\\/tr\\\/wp-content\\\/uploads\\\/sites\\\/6\\\/2021\\\/12\\\/Roma-Bizans-ve-Osmanl\u0131-d\u00f6nemi-eserler.jpg\",\"width\":731,\"height\":410},{\"@type\":\"BreadcrumbList\",\"@id\":\"https:\\\/\\\/akunq.net\\\/tr\\\/?p=66217#breadcrumb\",\"itemListElement\":[{\"@type\":\"ListItem\",\"position\":1,\"name\":\"Home\",\"item\":\"https:\\\/\\\/akunq.net\\\/tr\"},{\"@type\":\"ListItem\",\"position\":2,\"name\":\"Evde Roma, Bizans ve Osmanl\u0131 d\u00f6nemi eserler ele ge\u00e7irildi\"}]},{\"@type\":\"WebSite\",\"@id\":\"https:\\\/\\\/akunq.net\\\/tr\\\/#website\",\"url\":\"https:\\\/\\\/akunq.net\\\/tr\\\/\",\"name\":\"Bati Ermenistan Ve Bati Ermenileri Sorunlari Ara\u015ftirmalar Merkezi\",\"description\":\"\",\"potentialAction\":[{\"@type\":\"SearchAction\",\"target\":{\"@type\":\"EntryPoint\",\"urlTemplate\":\"https:\\\/\\\/akunq.net\\\/tr\\\/?s={search_term_string}\"},\"query-input\":{\"@type\":\"PropertyValueSpecification\",\"valueRequired\":true,\"valueName\":\"search_term_string\"}}],\"inLanguage\":\"en-US\"},{\"@type\":\"Person\",\"@id\":\"https:\\\/\\\/akunq.net\\\/tr\\\/#\\\/schema\\\/person\\\/096f1d38a12cce57fb855b485ed24c9e\",\"name\":\"admin\",\"url\":\"https:\\\/\\\/akunq.net\\\/tr\\\/?author=7\"}]}<\/script>\n<!-- \/ Yoast SEO plugin. -->","yoast_head_json":{"title":"Evde Roma, Bizans ve Osmanl\u0131 d\u00f6nemi eserler ele ge\u00e7irildi - Bati Ermenistan Ve Bati Ermenileri Sorunlari Ara\u015ftirmalar Merkezi","robots":{"index":"index","follow":"follow","max-snippet":"max-snippet:-1","max-image-preview":"max-image-preview:large","max-video-preview":"max-video-preview:-1"},"canonical":"https:\/\/akunq.net\/tr\/?p=66217","og_locale":"en_US","og_type":"article","og_title":"Evde Roma, Bizans ve Osmanl\u0131 d\u00f6nemi eserler ele ge\u00e7irildi - Bati Ermenistan Ve Bati Ermenileri Sorunlari Ara\u015ftirmalar Merkezi","og_description":"Manisa \u0130l Jandarma Komutanl\u0131\u011f\u0131 Ka\u00e7ak\u00e7\u0131l\u0131k ve Organize Su\u00e7larla M\u00fccadele \u015eube M\u00fcd\u00fcrl\u00fc\u011f\u00fc ekipleri, istihbarat \u00e7al\u0131\u015fmas\u0131yla, Saruhanl\u0131 il\u00e7esi Sar\u0131\u00e7am Mahallesi\u2019nde ya\u015fayan H.\u00d6. (62) ve M.\u00d6.\u2019n\u00fcn (70) evi ile eklentilerinde tarihi eser bulundu\u011fu bilgisine ula\u015ft\u0131. Bug\u00fcn saat 14.00 s\u0131ralar\u0131nda harekete ge\u00e7en jandarma, \u015f\u00fcphelilerin evine operasyon d\u00fczenledi. Evin ah\u0131r olarak kullan\u0131lan b\u00f6l\u00fcm\u00fcn\u00fcn zemininde Roma d\u00f6nemine ait taban mozai\u011fi, Osmanl\u0131ca [&hellip;]","og_url":"https:\/\/akunq.net\/tr\/?p=66217","og_site_name":"Bati Ermenistan Ve Bati Ermenileri Sorunlari Ara\u015ftirmalar Merkezi","article_published_time":"2021-12-15T06:56:23+00:00","og_image":[{"width":731,"height":410,"url":"https:\/\/akunq.net\/tr\/wp-content\/uploads\/sites\/6\/2021\/12\/Roma-Bizans-ve-Osmanl\u0131-d\u00f6nemi-eserler.jpg","type":"image\/jpeg"}],"author":"admin","twitter_card":"summary_large_image","twitter_misc":{"Written by":"admin","Est. reading time":"1 minute"},"schema":{"@context":"https:\/\/schema.org","@graph":[{"@type":"Article","@id":"https:\/\/akunq.net\/tr\/?p=66217#article","isPartOf":{"@id":"https:\/\/akunq.net\/tr\/?p=66217"},"author":{"name":"admin","@id":"https:\/\/akunq.net\/tr\/#\/schema\/person\/096f1d38a12cce57fb855b485ed24c9e"},"headline":"Evde Roma, Bizans ve Osmanl\u0131 d\u00f6nemi eserler ele ge\u00e7irildi","datePublished":"2021-12-15T06:56:23+00:00","mainEntityOfPage":{"@id":"https:\/\/akunq.net\/tr\/?p=66217"},"wordCount":196,"commentCount":0,"image":{"@id":"https:\/\/akunq.net\/tr\/?p=66217#primaryimage"},"thumbnailUrl":"https:\/\/akunq.net\/tr\/wp-content\/uploads\/sites\/6\/2021\/12\/Roma-Bizans-ve-Osmanl\u0131-d\u00f6nemi-eserler.jpg","articleSection":["Haberler"],"inLanguage":"en-US","potentialAction":[{"@type":"CommentAction","name":"Comment","target":["https:\/\/akunq.net\/tr\/?p=66217#respond"]}]},{"@type":"WebPage","@id":"https:\/\/akunq.net\/tr\/?p=66217","url":"https:\/\/akunq.net\/tr\/?p=66217","name":"Evde Roma, Bizans ve Osmanl\u0131 d\u00f6nemi eserler ele ge\u00e7irildi - Bati Ermenistan Ve Bati Ermenileri Sorunlari Ara\u015ftirmalar Merkezi","isPartOf":{"@id":"https:\/\/akunq.net\/tr\/#website"},"primaryImageOfPage":{"@id":"https:\/\/akunq.net\/tr\/?p=66217#primaryimage"},"image":{"@id":"https:\/\/akunq.net\/tr\/?p=66217#primaryimage"},"thumbnailUrl":"https:\/\/akunq.net\/tr\/wp-content\/uploads\/sites\/6\/2021\/12\/Roma-Bizans-ve-Osmanl\u0131-d\u00f6nemi-eserler.jpg","datePublished":"2021-12-15T06:56:23+00:00","author":{"@id":"https:\/\/akunq.net\/tr\/#\/schema\/person\/096f1d38a12cce57fb855b485ed24c9e"},"breadcrumb":{"@id":"https:\/\/akunq.net\/tr\/?p=66217#breadcrumb"},"inLanguage":"en-US","potentialAction":[{"@type":"ReadAction","target":["https:\/\/akunq.net\/tr\/?p=66217"]}]},{"@type":"ImageObject","inLanguage":"en-US","@id":"https:\/\/akunq.net\/tr\/?p=66217#primaryimage","url":"https:\/\/akunq.net\/tr\/wp-content\/uploads\/sites\/6\/2021\/12\/Roma-Bizans-ve-Osmanl\u0131-d\u00f6nemi-eserler.jpg","contentUrl":"https:\/\/akunq.net\/tr\/wp-content\/uploads\/sites\/6\/2021\/12\/Roma-Bizans-ve-Osmanl\u0131-d\u00f6nemi-eserler.jpg","width":731,"height":410},{"@type":"BreadcrumbList","@id":"https:\/\/akunq.net\/tr\/?p=66217#breadcrumb","itemListElement":[{"@type":"ListItem","position":1,"name":"Home","item":"https:\/\/akunq.net\/tr"},{"@type":"ListItem","position":2,"name":"Evde Roma, Bizans ve Osmanl\u0131 d\u00f6nemi eserler ele ge\u00e7irildi"}]},{"@type":"WebSite","@id":"https:\/\/akunq.net\/tr\/#website","url":"https:\/\/akunq.net\/tr\/","name":"Bati Ermenistan Ve Bati Ermenileri Sorunlari Ara\u015ftirmalar Merkezi","description":"","potentialAction":[{"@type":"SearchAction","target":{"@type":"EntryPoint","urlTemplate":"https:\/\/akunq.net\/tr\/?s={search_term_string}"},"query-input":{"@type":"PropertyValueSpecification","valueRequired":true,"valueName":"search_term_string"}}],"inLanguage":"en-US"},{"@type":"Person","@id":"https:\/\/akunq.net\/tr\/#\/schema\/person\/096f1d38a12cce57fb855b485ed24c9e","name":"admin","url":"https:\/\/akunq.net\/tr\/?author=7"}]}},"_links":{"self":[{"href":"https:\/\/akunq.net\/tr\/index.php?rest_route=\/wp\/v2\/posts\/66217","targetHints":{"allow":["GET"]}}],"collection":[{"href":"https:\/\/akunq.net\/tr\/index.php?rest_route=\/wp\/v2\/posts"}],"about":[{"href":"https:\/\/akunq.net\/tr\/index.php?rest_route=\/wp\/v2\/types\/post"}],"author":[{"embeddable":true,"href":"https:\/\/akunq.net\/tr\/index.php?rest_route=\/wp\/v2\/users\/7"}],"replies":[{"embeddable":true,"href":"https:\/\/akunq.net\/tr\/index.php?rest_route=%2Fwp%2Fv2%2Fcomments&post=66217"}],"version-history":[{"count":1,"href":"https:\/\/akunq.net\/tr\/index.php?rest_route=\/wp\/v2\/posts\/66217\/revisions"}],"predecessor-version":[{"id":66219,"href":"https:\/\/akunq.net\/tr\/index.php?rest_route=\/wp\/v2\/posts\/66217\/revisions\/66219"}],"wp:featuredmedia":[{"embeddable":true,"href":"https:\/\/akunq.net\/tr\/index.php?rest_route=\/wp\/v2\/media\/66218"}],"wp:attachment":[{"href":"https:\/\/akunq.net\/tr\/index.php?rest_route=%2Fwp%2Fv2%2Fmedia&parent=66217"}],"wp:term":[{"taxonomy":"category","embeddable":true,"href":"https:\/\/akunq.net\/tr\/index.php?rest_route=%2Fwp%2Fv2%2Fcategories&post=66217"},{"taxonomy":"post_tag","embeddable":true,"href":"https:\/\/akunq.net\/tr\/index.php?rest_route=%2Fwp%2Fv2%2Ftags&post=66217"}],"curies":[{"name":"wp","href":"https:\/\/api.w.org\/{rel}","templated":true}]}}