{"id":66211,"date":"2021-12-15T01:31:05","date_gmt":"2021-12-15T06:31:05","guid":{"rendered":"https:\/\/akunq.net\/tr\/?p=66211"},"modified":"2021-12-15T01:31:05","modified_gmt":"2021-12-15T06:31:05","slug":"benim-de-soydaslarim-var-ama-ben-size-kardesim-diyorum","status":"publish","type":"post","link":"https:\/\/akunq.net\/tr\/?p=66211","title":{"rendered":"&#8220;Benim de soyda\u015flar\u0131m var ama ben size karde\u015fim diyorum&#8221;"},"content":{"rendered":"<p><img loading=\"lazy\" decoding=\"async\" class=\"aligncenter size-medium wp-image-66212\" src=\"https:\/\/akunq.net\/tr\/wp-content\/uploads\/2021\/12\/Paylan-1-360x233.jpg\" alt=\"\" width=\"360\" height=\"233\" srcset=\"https:\/\/akunq.net\/tr\/wp-content\/uploads\/sites\/6\/2021\/12\/Paylan-1-360x233.jpg 360w, https:\/\/akunq.net\/tr\/wp-content\/uploads\/sites\/6\/2021\/12\/Paylan-1-768x497.jpg 768w, https:\/\/akunq.net\/tr\/wp-content\/uploads\/sites\/6\/2021\/12\/Paylan-1-560x362.jpg 560w, https:\/\/akunq.net\/tr\/wp-content\/uploads\/sites\/6\/2021\/12\/Paylan-1-260x168.jpg 260w, https:\/\/akunq.net\/tr\/wp-content\/uploads\/sites\/6\/2021\/12\/Paylan-1-160x104.jpg 160w, https:\/\/akunq.net\/tr\/wp-content\/uploads\/sites\/6\/2021\/12\/Paylan-1.jpg 1020w\" sizes=\"auto, (max-width: 360px) 100vw, 360px\" \/><\/p>\n<p><em><strong>K\u00fclt\u00fcr Turizm ve D\u0131\u015fi\u015fleri bakanl\u0131klar\u0131 b\u00fct\u00e7esi \u00fczerine yap\u0131lan g\u00f6r\u00fc\u015fmelerin yap\u0131ld\u0131\u011f\u0131 Genel Kurul&#8217;da s\u00f6z alan HDP E\u015f Genel Ba\u015fkan Yard\u0131mc\u0131s\u0131 Garo Paylan, MHP ve iktidar\u0131n &#8220;soyda\u015f&#8221; vurgusunu ele\u015ftirdi.<\/strong><\/em><\/p>\n<p>Halklar\u0131n Demokratik Partisi (HDP) E\u015f Genel Ba\u015fkan Yard\u0131mc\u0131s\u0131 Garo Paylan&#8217;\u0131n K\u00fclt\u00fcr Turizm ve D\u0131\u015fi\u015fleri Bakanl\u0131klar\u0131 b\u00fct\u00e7esi \u00fczerine Genel Kurul konu\u015fmas\u0131nda Milliyet\u00e7i Hareket Partisi (MHP) taraf\u0131ndan kullan\u0131lan &#8220;soyda\u015flar\u0131m&#8221; kelimesini de irdeledi\u011fi bir konu\u015fma yapt\u0131.<\/p>\n<p>Paylan, &#8220;Evet, &#8216;soyda\u015flar&#8217; diyorsunuz, g\u00fczel; benim de soyda\u015flar\u0131m var ama ben size &#8220;karde\u015fim&#8221; diyorum, bunu unutmay\u0131n&#8221; dedi.<\/p>\n<p>Konu\u015fmas\u0131na insanl\u0131k tarihinin d\u00f6n\u00fcm noktas\u0131 olarak kabul edilen tar\u0131m devrimine g\u00f6nderme yaparak ba\u015flayan Paylan&#8217;\u0131n s\u00f6zlerinden sat\u0131r ba\u015flar\u0131 \u015f\u00f6yle:<\/p>\n<ul>\n<li>Medeniyetin do\u011fdu\u011fu topraklar\u0131n miras\u00e7\u0131lar\u0131y\u0131z. Tar\u0131m devrimi bu topraklardan do\u011fdu, biliyor musunuz? \u0130lk yerle\u015fik ya\u015fam bu topraklarda oldu. Ama Tar\u0131m Devrimi&#8217;nin oldu\u011fu topraklarda \u015fu anda biz bu\u011fday ithal ediyoruz, mercimek ithal ediyoruz, nohut ithal ediyoruz. Niye, bunu hi\u00e7 d\u00fc\u015f\u00fcnd\u00fcn\u00fcz m\u00fc? Neden acaba?<\/li>\n<\/ul>\n<h2>&#8216;Sanki bunlar\u0131 uzayl\u0131lar yapm\u0131\u015f&#8217;<\/h2>\n<ul>\n<li>Bak\u0131n, d\u00fcnyan\u0131n en derin tarihine sahip \u00fclkedeyiz ama bakt\u0131\u011f\u0131m\u0131zda bu derin tarihi sanki uzayl\u0131lar yapm\u0131\u015f gibi davran\u0131yoruz. Say\u0131n Bakan, Urartu&#8217;ya bak\u0131yor, Truva&#8217;ya bak\u0131yor, G\u00f6beklitepe&#8217;ye bak\u0131yor sanki bunlar\u0131 uzayl\u0131lar yapm\u0131\u015f, o da kendisi gelmi\u015f bunlar\u0131 g\u00f6steriyor gibi davran\u0131yor ama size bir haber vereyim arkada\u015flar.<\/li>\n<li>Bak\u0131n, bug\u00fcnlerde bu topraklar\u0131n miras\u00e7\u0131lar\u0131 var ya, torunlar\u0131 olarak bu medeniyetin, birbirimizle kavga ediyoruz ya, Truva&#8217;da kaz\u0131 yapan i\u015f\u00e7iler Truva&#8217;dan \u00e7\u0131kan DNA&#8217;larla bak\u0131l\u0131yor, e\u015fle\u015ftiriliyor, DNA&#8217;lar\u0131 ayn\u0131. Yani be\u015f milyon y\u0131l \u00f6nceki d\u00f6rt milyon \u00f6nceki dedesinin mezar\u0131n\u0131 kaz\u0131yor oradaki i\u015f\u00e7i. G\u00f6beklitepe&#8217;de bak\u0131yorlar, DNA&#8217;lar\u0131 ayn\u0131. O yerelde ya\u015fayan halk ile dedelerinin mezar\u0131na bakt\u0131\u011f\u0131n\u0131zda DNA&#8217;lar\u0131 ayn\u0131.<\/li>\n<\/ul>\n<h2>&#8216;Bir \u00fclkenin soyda\u015flar\u0131 de\u011fil, yurtta\u015flar\u0131 olur&#8217;<\/h2>\n<ul>\n<li>D\u0131\u015fi\u015fleri Bakan\u0131m\u0131z Plan ve B\u00fct\u00e7e Komisyonu&#8217;na geldi, ne yapt\u0131 biliyor musunuz? Ben &#8220;Ya, soyda\u015f deme ya, bir \u00fclkenin soyda\u015flar\u0131 olmaz, vatanda\u015flar\u0131 olur.&#8221; diye y\u0131llard\u0131r kendisine \u00e7a\u011fr\u0131 yap\u0131yorum. Bu y\u0131l &#8220;Yetmez&#8221; demi\u015f, 15-20 kere &#8220;Soyda\u015flar\u0131m\u0131z i\u00e7in \u015funu yap\u0131yoruz, soyda\u015flar\u0131m\u0131z i\u00e7in bunu yap\u0131yoruz&#8221; dedi.<\/li>\n<li>Say\u0131n Bakan, sizin koltu\u011funuzda bundan tam y\u00fcz on y\u0131l \u00f6nce kim oturuyordu biliyor musunuz? Ermeni olan bir Bakan oturuyordu, Ermeni kimlikli bir Bakan oturuyordu ve d\u00fc\u015f\u00fcn\u00fcn ki o Bakan, \u015fu anda \u00e7\u0131ksa dese ki: &#8220;Ben \u015furadaki soyda\u015flar\u0131m\u0131z i\u00e7in bunu yap\u0131yorum, \u015fu soyda\u015flar\u0131m\u0131z i\u00e7in bunu yap\u0131yorum.&#8221; Ho\u015funuza gider mi? Gitmez. Bir \u00fclkenin soyda\u015flar\u0131 de\u011fil, yurtta\u015flar\u0131 olur.&#8221;<\/li>\n<\/ul>\n<h2>&#8216;Benim de soyda\u015flar\u0131m var ancak&#8230;&#8217;<\/h2>\n<ul>\n<li>Ba\u015faramad\u0131\u011f\u0131m\u0131z \u015fey \u00e7ok kimliklili\u011fi, \u00e7ok inan\u00e7l\u0131l\u0131\u011f\u0131 i\u00e7selle\u015ftirmek ve e\u015fit yurtta\u015fl\u0131\u011f\u0131 sa\u011flamak. Az \u00f6nce Milliyet\u00e7i Hareket Partisi temsilcileri konu\u015ftular, hep soyda\u015flar\u0131ndan bahsettiler. Evet, &#8220;soyda\u015flar&#8221; diyorsunuz, g\u00fczel; benim de soyda\u015flar\u0131m var ama ben size &#8220;karde\u015fim&#8221; diyorum, bunu unutmay\u0131n.<\/li>\n<li>Bir arada ve buradaki tek\u00e7ili\u011fin \u00e7\u00f6z\u00fclmesinin anahtar\u0131 T\u00fcrkiye&#8217;dir arkada\u015flar. Milliyet\u00e7ilikler milliyet\u00e7ili\u011fi do\u011furmu\u015ftur; T\u00fcrk milliyet\u00e7ili\u011fi Rum milliyet\u00e7ili\u011fini, Yunan milliyet\u00e7ili\u011fini do\u011furmu\u015ftur; Yunan milliyet\u00e7ili\u011fi T\u00fcrk milliyet\u00e7ili\u011fini beslemi\u015ftir, T\u00fcrk milliyet\u00e7ili\u011fi Ermeni milliyet\u00e7ili\u011fini beslemi\u015ftir.<\/li>\n<li>Bak\u0131n, biz par\u00e7alanm\u0131\u015f\u0131z. Bunun \u00e7\u00f6z\u00fcm\u00fc neresi? T\u00fcrkiye. H\u00e2l\u00e2 bu topraklarda Ermeni ya\u015f\u0131yor, Rum ya\u015f\u0131yor, K\u00fcrt ya\u015f\u0131yor, S\u00fcryani ya\u015f\u0131yor, T\u00fcrkmen ya\u015f\u0131yor ve h\u00e2l\u00e2 sorunlar\u0131n \u00e7\u00f6z\u00fcm\u00fc burada arkada\u015flar. Yunanistan&#8217;la bu sorun \u00e7\u00f6z\u00fclemez, Ermenistan&#8217;la da bu sorun \u00e7\u00f6z\u00fclemez. Ama bu sorunu biz T\u00fcrkiye&#8217;de \u00e7\u00f6zebiliriz. E\u011fer T\u00fcrkiye&#8217;de \u00e7o\u011fulcu, \u00e7ok kimlikli bir ya\u015fam\u0131 ba\u015farabilirsek, emin olun, Suriye de demokratikle\u015fir; Ermenistan, Azerbaycan da demokratikle\u015fir; t\u0131pk\u0131 otuz y\u0131l \u00f6nce oldu\u011fu gibi Erivan&#8217;da Azeriler ya\u015far, Bak\u00fc&#8217;de Ermeniler ya\u015far arkada\u015flar. Bunu ba\u015faramad\u0131\u011f\u0131m\u0131z s\u00fcrece emperyalist g\u00fc\u00e7ler bundan menfaat dev\u015firir, t\u0131pk\u0131 bug\u00fcn oldu\u011fu gibi.<\/li>\n<li>Gelin, toplumsal bar\u0131\u015f\u0131m\u0131z\u0131 \u00e7o\u011fulculukla, demokrasiyle sa\u011flayal\u0131m; b\u00f6lgesel bar\u0131\u015f\u0131m\u0131z\u0131, herkesi e\u015fit g\u00f6rerek &#8220;e\u015fit yurtta\u015fl\u0131k&#8221; tan\u0131m\u0131yla sa\u011flayal\u0131m. Bunlar\u0131 ba\u015faramad\u0131\u011f\u0131m\u0131z s\u00fcrece, de\u011ferli arkada\u015flar, birbirimizle kavga edip dururuz ama T\u00fcrkiye&#8217;miz kaybeder, b\u00f6lgemiz kaybeder.<\/li>\n<\/ul>\n<p><em><strong>https:\/\/bianet.org\/bianet\/siyaset\/254792-benim-de-soydaslarim-var-ama-ben-size-kardesim-diyorum\u00a0<\/strong><\/em><\/p>\n","protected":false},"excerpt":{"rendered":"<p>K\u00fclt\u00fcr Turizm ve D\u0131\u015fi\u015fleri bakanl\u0131klar\u0131 b\u00fct\u00e7esi \u00fczerine yap\u0131lan g\u00f6r\u00fc\u015fmelerin yap\u0131ld\u0131\u011f\u0131 Genel Kurul&#8217;da s\u00f6z alan HDP E\u015f Genel Ba\u015fkan Yard\u0131mc\u0131s\u0131 Garo Paylan, MHP ve iktidar\u0131n &#8220;soyda\u015f&#8221; vurgusunu ele\u015ftirdi. Halklar\u0131n Demokratik Partisi (HDP) E\u015f Genel Ba\u015fkan Yard\u0131mc\u0131s\u0131 Garo Paylan&#8217;\u0131n K\u00fclt\u00fcr Turizm ve D\u0131\u015fi\u015fleri Bakanl\u0131klar\u0131 b\u00fct\u00e7esi \u00fczerine Genel Kurul konu\u015fmas\u0131nda Milliyet\u00e7i Hareket Partisi (MHP) taraf\u0131ndan kullan\u0131lan &#8220;soyda\u015flar\u0131m&#8221; kelimesini [&hellip;]<\/p>\n","protected":false},"author":7,"featured_media":66212,"comment_status":"open","ping_status":"open","sticky":false,"template":"","format":"standard","meta":{"footnotes":""},"categories":[1],"tags":[],"class_list":["post-66211","post","type-post","status-publish","format-standard","has-post-thumbnail","hentry","category-haberler"],"yoast_head":"<!-- This site is optimized with the Yoast SEO plugin v27.4 - https:\/\/yoast.com\/product\/yoast-seo-wordpress\/ -->\n<title>&quot;Benim de soyda\u015flar\u0131m var ama ben size karde\u015fim diyorum&quot; - Bati Ermenistan Ve Bati Ermenileri Sorunlari Ara\u015ftirmalar Merkezi<\/title>\n<meta name=\"robots\" content=\"index, follow, max-snippet:-1, max-image-preview:large, max-video-preview:-1\" \/>\n<link rel=\"canonical\" href=\"https:\/\/akunq.net\/tr\/?p=66211\" \/>\n<meta property=\"og:locale\" content=\"en_US\" \/>\n<meta property=\"og:type\" content=\"article\" \/>\n<meta property=\"og:title\" content=\"&quot;Benim de soyda\u015flar\u0131m var ama ben size karde\u015fim diyorum&quot; - Bati Ermenistan Ve Bati Ermenileri Sorunlari Ara\u015ftirmalar Merkezi\" \/>\n<meta property=\"og:description\" content=\"K\u00fclt\u00fcr Turizm ve D\u0131\u015fi\u015fleri bakanl\u0131klar\u0131 b\u00fct\u00e7esi \u00fczerine yap\u0131lan g\u00f6r\u00fc\u015fmelerin yap\u0131ld\u0131\u011f\u0131 Genel Kurul&#8217;da s\u00f6z alan HDP E\u015f Genel Ba\u015fkan Yard\u0131mc\u0131s\u0131 Garo Paylan, MHP ve iktidar\u0131n &#8220;soyda\u015f&#8221; vurgusunu ele\u015ftirdi. Halklar\u0131n Demokratik Partisi (HDP) E\u015f Genel Ba\u015fkan Yard\u0131mc\u0131s\u0131 Garo Paylan&#8217;\u0131n K\u00fclt\u00fcr Turizm ve D\u0131\u015fi\u015fleri Bakanl\u0131klar\u0131 b\u00fct\u00e7esi \u00fczerine Genel Kurul konu\u015fmas\u0131nda Milliyet\u00e7i Hareket Partisi (MHP) taraf\u0131ndan kullan\u0131lan &#8220;soyda\u015flar\u0131m&#8221; kelimesini [&hellip;]\" \/>\n<meta property=\"og:url\" content=\"https:\/\/akunq.net\/tr\/?p=66211\" \/>\n<meta property=\"og:site_name\" content=\"Bati Ermenistan Ve Bati Ermenileri Sorunlari Ara\u015ftirmalar Merkezi\" \/>\n<meta property=\"article:published_time\" content=\"2021-12-15T06:31:05+00:00\" \/>\n<meta property=\"og:image\" content=\"https:\/\/akunq.net\/tr\/wp-content\/uploads\/sites\/6\/2021\/12\/Paylan-1.jpg\" \/>\n\t<meta property=\"og:image:width\" content=\"1020\" \/>\n\t<meta property=\"og:image:height\" content=\"660\" \/>\n\t<meta property=\"og:image:type\" content=\"image\/jpeg\" \/>\n<meta name=\"author\" content=\"admin\" \/>\n<meta name=\"twitter:card\" content=\"summary_large_image\" \/>\n<meta name=\"twitter:label1\" content=\"Written by\" \/>\n\t<meta name=\"twitter:data1\" content=\"admin\" \/>\n\t<meta name=\"twitter:label2\" content=\"Est. reading time\" \/>\n\t<meta name=\"twitter:data2\" content=\"4 minutes\" \/>\n<script type=\"application\/ld+json\" class=\"yoast-schema-graph\">{\"@context\":\"https:\\\/\\\/schema.org\",\"@graph\":[{\"@type\":\"Article\",\"@id\":\"https:\\\/\\\/akunq.net\\\/tr\\\/?p=66211#article\",\"isPartOf\":{\"@id\":\"https:\\\/\\\/akunq.net\\\/tr\\\/?p=66211\"},\"author\":{\"name\":\"admin\",\"@id\":\"https:\\\/\\\/akunq.net\\\/tr\\\/#\\\/schema\\\/person\\\/096f1d38a12cce57fb855b485ed24c9e\"},\"headline\":\"&#8220;Benim de soyda\u015flar\u0131m var ama ben size karde\u015fim diyorum&#8221;\",\"datePublished\":\"2021-12-15T06:31:05+00:00\",\"mainEntityOfPage\":{\"@id\":\"https:\\\/\\\/akunq.net\\\/tr\\\/?p=66211\"},\"wordCount\":819,\"commentCount\":0,\"image\":{\"@id\":\"https:\\\/\\\/akunq.net\\\/tr\\\/?p=66211#primaryimage\"},\"thumbnailUrl\":\"https:\\\/\\\/akunq.net\\\/tr\\\/wp-content\\\/uploads\\\/sites\\\/6\\\/2021\\\/12\\\/Paylan-1.jpg\",\"articleSection\":[\"Haberler\"],\"inLanguage\":\"en-US\",\"potentialAction\":[{\"@type\":\"CommentAction\",\"name\":\"Comment\",\"target\":[\"https:\\\/\\\/akunq.net\\\/tr\\\/?p=66211#respond\"]}]},{\"@type\":\"WebPage\",\"@id\":\"https:\\\/\\\/akunq.net\\\/tr\\\/?p=66211\",\"url\":\"https:\\\/\\\/akunq.net\\\/tr\\\/?p=66211\",\"name\":\"\\\"Benim de soyda\u015flar\u0131m var ama ben size karde\u015fim diyorum\\\" - Bati Ermenistan Ve Bati Ermenileri Sorunlari Ara\u015ftirmalar Merkezi\",\"isPartOf\":{\"@id\":\"https:\\\/\\\/akunq.net\\\/tr\\\/#website\"},\"primaryImageOfPage\":{\"@id\":\"https:\\\/\\\/akunq.net\\\/tr\\\/?p=66211#primaryimage\"},\"image\":{\"@id\":\"https:\\\/\\\/akunq.net\\\/tr\\\/?p=66211#primaryimage\"},\"thumbnailUrl\":\"https:\\\/\\\/akunq.net\\\/tr\\\/wp-content\\\/uploads\\\/sites\\\/6\\\/2021\\\/12\\\/Paylan-1.jpg\",\"datePublished\":\"2021-12-15T06:31:05+00:00\",\"author\":{\"@id\":\"https:\\\/\\\/akunq.net\\\/tr\\\/#\\\/schema\\\/person\\\/096f1d38a12cce57fb855b485ed24c9e\"},\"breadcrumb\":{\"@id\":\"https:\\\/\\\/akunq.net\\\/tr\\\/?p=66211#breadcrumb\"},\"inLanguage\":\"en-US\",\"potentialAction\":[{\"@type\":\"ReadAction\",\"target\":[\"https:\\\/\\\/akunq.net\\\/tr\\\/?p=66211\"]}]},{\"@type\":\"ImageObject\",\"inLanguage\":\"en-US\",\"@id\":\"https:\\\/\\\/akunq.net\\\/tr\\\/?p=66211#primaryimage\",\"url\":\"https:\\\/\\\/akunq.net\\\/tr\\\/wp-content\\\/uploads\\\/sites\\\/6\\\/2021\\\/12\\\/Paylan-1.jpg\",\"contentUrl\":\"https:\\\/\\\/akunq.net\\\/tr\\\/wp-content\\\/uploads\\\/sites\\\/6\\\/2021\\\/12\\\/Paylan-1.jpg\",\"width\":1020,\"height\":660},{\"@type\":\"BreadcrumbList\",\"@id\":\"https:\\\/\\\/akunq.net\\\/tr\\\/?p=66211#breadcrumb\",\"itemListElement\":[{\"@type\":\"ListItem\",\"position\":1,\"name\":\"Home\",\"item\":\"https:\\\/\\\/akunq.net\\\/tr\"},{\"@type\":\"ListItem\",\"position\":2,\"name\":\"&#8220;Benim de soyda\u015flar\u0131m var ama ben size karde\u015fim diyorum&#8221;\"}]},{\"@type\":\"WebSite\",\"@id\":\"https:\\\/\\\/akunq.net\\\/tr\\\/#website\",\"url\":\"https:\\\/\\\/akunq.net\\\/tr\\\/\",\"name\":\"Bati Ermenistan Ve Bati Ermenileri Sorunlari Ara\u015ftirmalar Merkezi\",\"description\":\"\",\"potentialAction\":[{\"@type\":\"SearchAction\",\"target\":{\"@type\":\"EntryPoint\",\"urlTemplate\":\"https:\\\/\\\/akunq.net\\\/tr\\\/?s={search_term_string}\"},\"query-input\":{\"@type\":\"PropertyValueSpecification\",\"valueRequired\":true,\"valueName\":\"search_term_string\"}}],\"inLanguage\":\"en-US\"},{\"@type\":\"Person\",\"@id\":\"https:\\\/\\\/akunq.net\\\/tr\\\/#\\\/schema\\\/person\\\/096f1d38a12cce57fb855b485ed24c9e\",\"name\":\"admin\",\"url\":\"https:\\\/\\\/akunq.net\\\/tr\\\/?author=7\"}]}<\/script>\n<!-- \/ Yoast SEO plugin. -->","yoast_head_json":{"title":"\"Benim de soyda\u015flar\u0131m var ama ben size karde\u015fim diyorum\" - Bati Ermenistan Ve Bati Ermenileri Sorunlari Ara\u015ftirmalar Merkezi","robots":{"index":"index","follow":"follow","max-snippet":"max-snippet:-1","max-image-preview":"max-image-preview:large","max-video-preview":"max-video-preview:-1"},"canonical":"https:\/\/akunq.net\/tr\/?p=66211","og_locale":"en_US","og_type":"article","og_title":"\"Benim de soyda\u015flar\u0131m var ama ben size karde\u015fim diyorum\" - Bati Ermenistan Ve Bati Ermenileri Sorunlari Ara\u015ftirmalar Merkezi","og_description":"K\u00fclt\u00fcr Turizm ve D\u0131\u015fi\u015fleri bakanl\u0131klar\u0131 b\u00fct\u00e7esi \u00fczerine yap\u0131lan g\u00f6r\u00fc\u015fmelerin yap\u0131ld\u0131\u011f\u0131 Genel Kurul&#8217;da s\u00f6z alan HDP E\u015f Genel Ba\u015fkan Yard\u0131mc\u0131s\u0131 Garo Paylan, MHP ve iktidar\u0131n &#8220;soyda\u015f&#8221; vurgusunu ele\u015ftirdi. Halklar\u0131n Demokratik Partisi (HDP) E\u015f Genel Ba\u015fkan Yard\u0131mc\u0131s\u0131 Garo Paylan&#8217;\u0131n K\u00fclt\u00fcr Turizm ve D\u0131\u015fi\u015fleri Bakanl\u0131klar\u0131 b\u00fct\u00e7esi \u00fczerine Genel Kurul konu\u015fmas\u0131nda Milliyet\u00e7i Hareket Partisi (MHP) taraf\u0131ndan kullan\u0131lan &#8220;soyda\u015flar\u0131m&#8221; kelimesini [&hellip;]","og_url":"https:\/\/akunq.net\/tr\/?p=66211","og_site_name":"Bati Ermenistan Ve Bati Ermenileri Sorunlari Ara\u015ftirmalar Merkezi","article_published_time":"2021-12-15T06:31:05+00:00","og_image":[{"width":1020,"height":660,"url":"https:\/\/akunq.net\/tr\/wp-content\/uploads\/sites\/6\/2021\/12\/Paylan-1.jpg","type":"image\/jpeg"}],"author":"admin","twitter_card":"summary_large_image","twitter_misc":{"Written by":"admin","Est. reading time":"4 minutes"},"schema":{"@context":"https:\/\/schema.org","@graph":[{"@type":"Article","@id":"https:\/\/akunq.net\/tr\/?p=66211#article","isPartOf":{"@id":"https:\/\/akunq.net\/tr\/?p=66211"},"author":{"name":"admin","@id":"https:\/\/akunq.net\/tr\/#\/schema\/person\/096f1d38a12cce57fb855b485ed24c9e"},"headline":"&#8220;Benim de soyda\u015flar\u0131m var ama ben size karde\u015fim diyorum&#8221;","datePublished":"2021-12-15T06:31:05+00:00","mainEntityOfPage":{"@id":"https:\/\/akunq.net\/tr\/?p=66211"},"wordCount":819,"commentCount":0,"image":{"@id":"https:\/\/akunq.net\/tr\/?p=66211#primaryimage"},"thumbnailUrl":"https:\/\/akunq.net\/tr\/wp-content\/uploads\/sites\/6\/2021\/12\/Paylan-1.jpg","articleSection":["Haberler"],"inLanguage":"en-US","potentialAction":[{"@type":"CommentAction","name":"Comment","target":["https:\/\/akunq.net\/tr\/?p=66211#respond"]}]},{"@type":"WebPage","@id":"https:\/\/akunq.net\/tr\/?p=66211","url":"https:\/\/akunq.net\/tr\/?p=66211","name":"\"Benim de soyda\u015flar\u0131m var ama ben size karde\u015fim diyorum\" - Bati Ermenistan Ve Bati Ermenileri Sorunlari Ara\u015ftirmalar Merkezi","isPartOf":{"@id":"https:\/\/akunq.net\/tr\/#website"},"primaryImageOfPage":{"@id":"https:\/\/akunq.net\/tr\/?p=66211#primaryimage"},"image":{"@id":"https:\/\/akunq.net\/tr\/?p=66211#primaryimage"},"thumbnailUrl":"https:\/\/akunq.net\/tr\/wp-content\/uploads\/sites\/6\/2021\/12\/Paylan-1.jpg","datePublished":"2021-12-15T06:31:05+00:00","author":{"@id":"https:\/\/akunq.net\/tr\/#\/schema\/person\/096f1d38a12cce57fb855b485ed24c9e"},"breadcrumb":{"@id":"https:\/\/akunq.net\/tr\/?p=66211#breadcrumb"},"inLanguage":"en-US","potentialAction":[{"@type":"ReadAction","target":["https:\/\/akunq.net\/tr\/?p=66211"]}]},{"@type":"ImageObject","inLanguage":"en-US","@id":"https:\/\/akunq.net\/tr\/?p=66211#primaryimage","url":"https:\/\/akunq.net\/tr\/wp-content\/uploads\/sites\/6\/2021\/12\/Paylan-1.jpg","contentUrl":"https:\/\/akunq.net\/tr\/wp-content\/uploads\/sites\/6\/2021\/12\/Paylan-1.jpg","width":1020,"height":660},{"@type":"BreadcrumbList","@id":"https:\/\/akunq.net\/tr\/?p=66211#breadcrumb","itemListElement":[{"@type":"ListItem","position":1,"name":"Home","item":"https:\/\/akunq.net\/tr"},{"@type":"ListItem","position":2,"name":"&#8220;Benim de soyda\u015flar\u0131m var ama ben size karde\u015fim diyorum&#8221;"}]},{"@type":"WebSite","@id":"https:\/\/akunq.net\/tr\/#website","url":"https:\/\/akunq.net\/tr\/","name":"Bati Ermenistan Ve Bati Ermenileri Sorunlari Ara\u015ftirmalar Merkezi","description":"","potentialAction":[{"@type":"SearchAction","target":{"@type":"EntryPoint","urlTemplate":"https:\/\/akunq.net\/tr\/?s={search_term_string}"},"query-input":{"@type":"PropertyValueSpecification","valueRequired":true,"valueName":"search_term_string"}}],"inLanguage":"en-US"},{"@type":"Person","@id":"https:\/\/akunq.net\/tr\/#\/schema\/person\/096f1d38a12cce57fb855b485ed24c9e","name":"admin","url":"https:\/\/akunq.net\/tr\/?author=7"}]}},"_links":{"self":[{"href":"https:\/\/akunq.net\/tr\/index.php?rest_route=\/wp\/v2\/posts\/66211","targetHints":{"allow":["GET"]}}],"collection":[{"href":"https:\/\/akunq.net\/tr\/index.php?rest_route=\/wp\/v2\/posts"}],"about":[{"href":"https:\/\/akunq.net\/tr\/index.php?rest_route=\/wp\/v2\/types\/post"}],"author":[{"embeddable":true,"href":"https:\/\/akunq.net\/tr\/index.php?rest_route=\/wp\/v2\/users\/7"}],"replies":[{"embeddable":true,"href":"https:\/\/akunq.net\/tr\/index.php?rest_route=%2Fwp%2Fv2%2Fcomments&post=66211"}],"version-history":[{"count":1,"href":"https:\/\/akunq.net\/tr\/index.php?rest_route=\/wp\/v2\/posts\/66211\/revisions"}],"predecessor-version":[{"id":66213,"href":"https:\/\/akunq.net\/tr\/index.php?rest_route=\/wp\/v2\/posts\/66211\/revisions\/66213"}],"wp:featuredmedia":[{"embeddable":true,"href":"https:\/\/akunq.net\/tr\/index.php?rest_route=\/wp\/v2\/media\/66212"}],"wp:attachment":[{"href":"https:\/\/akunq.net\/tr\/index.php?rest_route=%2Fwp%2Fv2%2Fmedia&parent=66211"}],"wp:term":[{"taxonomy":"category","embeddable":true,"href":"https:\/\/akunq.net\/tr\/index.php?rest_route=%2Fwp%2Fv2%2Fcategories&post=66211"},{"taxonomy":"post_tag","embeddable":true,"href":"https:\/\/akunq.net\/tr\/index.php?rest_route=%2Fwp%2Fv2%2Ftags&post=66211"}],"curies":[{"name":"wp","href":"https:\/\/api.w.org\/{rel}","templated":true}]}}