{"id":66200,"date":"2021-12-14T05:07:35","date_gmt":"2021-12-14T10:07:35","guid":{"rendered":"https:\/\/akunq.net\/tr\/?p=66200"},"modified":"2021-12-14T05:07:35","modified_gmt":"2021-12-14T10:07:35","slug":"rumlarin-izini-tasiyan-koy-cemil","status":"publish","type":"post","link":"https:\/\/akunq.net\/tr\/?p=66200","title":{"rendered":"Rumlar\u0131n izini ta\u015f\u0131yan k\u00f6y: CEM\u0130L"},"content":{"rendered":"<p><img loading=\"lazy\" decoding=\"async\" class=\"aligncenter size-medium wp-image-66201\" src=\"https:\/\/akunq.net\/tr\/wp-content\/uploads\/2021\/12\/CEM\u0130L-360x270.jpg\" alt=\"\" width=\"360\" height=\"270\" srcset=\"https:\/\/akunq.net\/tr\/wp-content\/uploads\/sites\/6\/2021\/12\/CEM\u0130L-360x270.jpg 360w, https:\/\/akunq.net\/tr\/wp-content\/uploads\/sites\/6\/2021\/12\/CEM\u0130L-768x576.jpg 768w, https:\/\/akunq.net\/tr\/wp-content\/uploads\/sites\/6\/2021\/12\/CEM\u0130L-560x420.jpg 560w, https:\/\/akunq.net\/tr\/wp-content\/uploads\/sites\/6\/2021\/12\/CEM\u0130L-260x195.jpg 260w, https:\/\/akunq.net\/tr\/wp-content\/uploads\/sites\/6\/2021\/12\/CEM\u0130L-160x120.jpg 160w, https:\/\/akunq.net\/tr\/wp-content\/uploads\/sites\/6\/2021\/12\/CEM\u0130L.jpg 800w\" sizes=\"auto, (max-width: 360px) 100vw, 360px\" \/><\/p>\n<p><em><strong>Bundan 700 y\u0131l \u00f6nce y\u00fczde 60\u2019\u0131n\u0131 Rumlar\u0131n olu\u015fturdu\u011fu Cemil K\u00f6y\u00fc\u2019nde halen ge\u00e7mi\u015fin izleri duruyor. K\u00f6yde kilise, cami, manast\u0131r gibi bir \u00e7ok tarihi yap\u0131 var.<\/strong><\/em><\/p>\n<p>Cemil K\u00f6y\u00fc,\u00a0\u00a0<a href=\"https:\/\/www.nevsehirkenthaber.com\/haberleri\/nevsehir\" target=\"_blank\" rel=\"noreferrer noopener\">Nev\u015fehir<\/a>\u2019in\u00a0\u00a0<a href=\"https:\/\/www.nevsehirkenthaber.com\/haberleri\/urgup\" target=\"_blank\" rel=\"noreferrer noopener\">\u00dcrg\u00fcp<\/a>\u00a0il\u00e7esine ba\u011fl\u0131 bir\u00a0k\u00f6yd\u00fcr. K\u00f6y\u00fcn ad\u0131 1905 y\u0131l\u0131 kay\u0131tlar\u0131nda\u00a0Zalela, 1928 y\u0131l\u0131 kay\u0131tlar\u0131nda da\u00a0Cemil\u00a0olarak ge\u00e7mektedir. K\u00f6y; Nev\u015fehir iline 33 km, \u00dcrg\u00fcp il\u00e7esine 15 km uzakl\u0131ktad\u0131r.<\/p>\n<p>Eski Rumca ad\u0131 Zalela olan Cemil K\u00f6y\u00fc, \u00dcrg\u00fcp il\u00e7esinin tarih kokan k\u00f6ylerinden birisidir.<\/p>\n<p>K\u00f6y\u00fcn g\u00fcneyinde Ta\u015fk\u0131npa\u015fa K\u00f6y\u00fc, kuzeyinde Mustafapa\u015fa K\u00f6y\u00fc, do\u011fusunda Karl\u0131k K\u00f6y\u00fc ve bat\u0131s\u0131nda k\u00fc\u00e7\u00fck s\u0131ra da\u011flar yer alm\u0131\u015ft\u0131r. Ayr\u0131ca kuzeye 4 km gidildi\u011finde piknik ve kamp yerleri ola\u00adrak kullan\u0131lan Damsa Baraj\u0131 bulunmaktad\u0131r.<\/p>\n<h3>Rumlar\u0131n ya\u015fad\u0131\u011f\u0131 k\u00f6y<\/h3>\n<p>K\u00f6y\u00fcn kurulu\u015fu 700 y\u0131l \u00f6ncesine dayanmaktad\u0131r, 1924 \u00f6ncesinde k\u00f6y\u00fcn y\u00fczde 60\u2019\u0131 Rum ahaliden olu\u015fmaktad\u0131r. 1924 y\u0131l\u0131nda Rumlar\u0131n Yunanistan\u2019da ya\u015fayan M\u00fcsl\u00fcmanlarla m\u00fcbadelesi sonucu Rumlar k\u00f6yden ayr\u0131lm\u0131\u015f ve k\u00f6ye Balkanlarda ya\u015fayan g\u00f6\u00e7menler\u00a0gelmi\u015ftir.<\/p>\n<h3>K\u00f6yden kente g\u00f6\u00e7 vermi\u015f<\/h3>\n<p>Tar\u0131m\u0131n para kazand\u0131rmamas\u0131 ve girdi maliyetlerindeki y\u00fcksekli\u011fi sebebiyle 1980 y\u0131llar\u0131nda ba\u015flayan k\u00f6yden kente g\u00f6\u00e7 furyas\u0131 Cemil K\u00f6y\u00fcn\u00fc\u2019de etkilemi\u015ftir. 1970 y\u0131l\u0131nda k\u00f6yde 179 hane ya\u015farken bu g\u00fcn bu say\u0131 100 hane\u00adnin alt\u0131na d\u00fc\u015fm\u00fc\u015ft\u00fcr. K\u00f6y\u00fcn 1985 y\u0131l\u0131 n\u00fcfusu 665, 1990 y\u0131l\u0131 n\u00fcfusu 499, 2020 y\u0131l\u0131 n\u00fcfusu 203\u2019t\u00fcr. Bunlardan 103\u2019\u00fc \u00a0erkek, 100 \u00fc kad\u0131nd\u0131r. K\u00f6yde g\u00f6\u00e7lerin \u00e7o\u011fu\u00a0<a href=\"https:\/\/www.nevsehirkenthaber.com\/haberleri\/ankara\" target=\"_blank\" rel=\"noreferrer noopener\">Ankara<\/a>,\u00a0<a href=\"https:\/\/www.nevsehirkenthaber.com\/haberleri\/izmir\" target=\"_blank\" rel=\"noreferrer noopener\">\u0130zmir<\/a>\u00a0ve\u00a0<a href=\"https:\/\/www.nevsehirkenthaber.com\/haberleri\/istanbul\" target=\"_blank\" rel=\"noreferrer noopener\">\u0130stanbul<\/a>\u00a0gibi b\u00fcy\u00fck kent\u00adlere olmu\u015ftur.<\/p>\n<h3><a href=\"https:\/\/www.nevsehirkenthaber.com\/haberleri\/tarim\" target=\"_blank\" rel=\"noreferrer noopener\">Tar\u0131m<\/a>\u00a0ve hayvanc\u0131l\u0131k \u00f6nemli<\/h3>\n<p>K\u00f6y halk\u0131n\u0131n ge\u00e7im kayna\u011f\u0131 tar\u0131m ve hayvanc\u0131l\u0131\u011fa dayanmaktad\u0131r. Patates, so\u011fan, ba\u011fc\u0131l\u0131k, kay\u0131s\u0131, elma, \u00e7e\u015fitli sebzeler, arpa, bu\u011fday, yulaf ve benzerlerinin ekim ve dikimi yap\u0131lmaktad\u0131r. K\u00fc\u00e7\u00fck ve b\u00fcy\u00fck ba\u015f hayvanc\u0131l\u0131k son zamanlarda halk\u0131n ge\u00e7im kayna\u011f\u0131 haline gelmi\u015f, s\u00fct ve peynir \u00fcretimi ve ticareti yap\u0131lmaktad\u0131r.<\/p>\n<h3>Necip Pa\u015fa Camisi cezbediyor<\/h3>\n<p>K\u00f6y\u00fcn giri\u015finde Osmanl\u0131 d\u00f6neminde yap\u0131lm\u0131\u015f Necip Pa\u015fa Camii\u2019si bulunmaktad\u0131r. Tarihi ve g\u00f6rkemli caminin de yap\u0131s\u0131 ve mimarisi korunmaktad\u0131r.<\/p>\n<h3>K\u00f6yde \u00e7an kulesi ve kilise bulunuyor<\/h3>\n<p>K\u00f6y\u00fcn i\u00e7inde tarihi eskiye dayanan \u00e7an kulesi ve 2 adet kilise bulunmaktad\u0131r.<\/p>\n<p>1838 y\u0131l\u0131nda Ba\u015frahip Paisios taraf\u0131ndan kutsanarak a\u00e7\u0131lan Cemil Kilisesi, Kutsal Ha\u00e7a adanm\u0131\u015f oldu\u011fundan \u201cKutsal Ha\u00e7 Kilisesi\u201d ad\u0131 ile an\u0131lmaktad\u0131r. Kilise, Cemil k\u00f6y\u00fcn\u00fcn giri\u015findedir. Hristiyanl\u0131\u011f\u0131 Roma \u0130mparatorlu\u011funun resmi dini haline getirerek \u201cB\u00fcy\u00fck\u201d \u00fcnvan\u0131n\u0131 alan Konstantin ve Helena\u2019 n\u0131n kutsal g\u00fcn\u00fc olan 21 May\u0131s 1938 y\u0131l\u0131nda in\u015faas\u0131na ba\u015flan\u0131p ayn\u0131 y\u0131l i\u00e7inde ibadete a\u00e7\u0131lm\u0131\u015f Osmanl\u0131 d\u00f6nemi kiliselerindendir. Bazikal planl\u0131 bir yap\u0131ya sahip olan kilise 24.5 metre uzunlu\u011funda ve 14.5 metre geni\u015fli\u011fine sahiptir. Be\u015fik tonozlu bir \u00e7at\u0131ya sahip olan, hemen Cemil K\u00f6y\u00fc giri\u015finde bulunan kilise, d\u00fczg\u00fcn ta\u015f i\u015f\u00e7ili\u011fi ve iki katl\u0131 sa\u011flam \u00e7an kulesi ile dikkati \u00e7ekiyor. Kilisenin Kuzey do\u011fusunda kayadan oyulmu\u015f eski bir \u015eapel, ana kap\u0131 giri\u015finde bir kitabe ve kitabenin iki yan\u0131nda , altlar\u0131nda 1913 ve 1914 tarihleri yaz\u0131l\u0131 iki tablo vard\u0131r. Bizans Bazilika ve Kiliselerinde tipik olarak kar\u015f\u0131la\u015f\u0131lan ve merkez b\u00f6l\u00fcm\u00fcnden s\u00fctunlarla ayr\u0131lan b\u00f6l\u00fcmde alt\u0131 kemerli s\u00fctun vard\u0131r. Bu s\u00fctunlar duvara kemerlerle ba\u011flanm\u0131\u015ft\u0131r. 2014 y\u0131l\u0131nda Ferner Rum Patri\u011fi Bartholomeos bu kilisede ayin yapm\u0131\u015ft\u0131r.<\/p>\n<h3>Ke\u015flik Manast\u0131r\u0131 korunuyor<\/h3>\n<p>Cemil K\u00f6y\u00fcnde bulunan, \u00dcrg\u00fcp\u2019e yakla\u015f\u0131k 15 km uzakl\u0131kta olan Ke\u015flik Manast\u0131r\u0131, olduk\u00e7a iyi korunmu\u015f erken Hristiyanl\u0131k d\u00f6nemi manast\u0131rlardand\u0131r. Manast\u0131r, i\u00e7inde ba\u015f melek Mikail ve Hristiyan d\u00fcnyas\u0131n\u0131n ilk \u015fehidi kabul edilen Aziz Srefanos\u2019a adanm\u0131\u015f iki ayr\u0131 kilise bulunmaktad\u0131r. Manast\u0131r ayazma, yemekhane ve \u015faraphaneden olu\u015fan bir b\u00fct\u00fcnd\u00fcr. Manast\u0131r ya\u015fam\u0131n\u0131 ilk \u00f6rg\u00fctleyen, hatta kurallar\u0131n\u0131 koyan Ortadoks mezhebinin de kurucusu olan, Kayserili Aziz Basileos olmu\u015ftur.<\/p>\n<h3>K\u00f6y\u00fcn turizme kazand\u0131r\u0131lmas\u0131 isteniyor<\/h3>\n<p>K\u00f6yl\u00fcler, g\u00f6rkemli do\u011fas\u0131n\u0131n yan\u0131 s\u0131ra tarihi dokusu ve yap\u0131lar\u0131 bulunan Cemil K\u00f6y\u00fc\u2019n\u00fcn turizme kazand\u0131r\u0131lmas\u0131 gerekti\u011fini s\u00f6yl\u00fcyor.<\/p>\n<p><em><strong><a href=\"https:\/\/www.nevsehirkenthaber.com\/haber\/8846523\/rumlarin-izini-tasiyan-koy-cemil\">https:\/\/www.nevsehirkenthaber.com\/haber\/8846523\/rumlarin-izini-tasiyan-koy-cemil<\/a>\u00a0<\/strong><\/em><\/p>\n","protected":false},"excerpt":{"rendered":"<p>Bundan 700 y\u0131l \u00f6nce y\u00fczde 60\u2019\u0131n\u0131 Rumlar\u0131n olu\u015fturdu\u011fu Cemil K\u00f6y\u00fc\u2019nde halen ge\u00e7mi\u015fin izleri duruyor. K\u00f6yde kilise, cami, manast\u0131r gibi bir \u00e7ok tarihi yap\u0131 var. Cemil K\u00f6y\u00fc,\u00a0\u00a0Nev\u015fehir\u2019in\u00a0\u00a0\u00dcrg\u00fcp\u00a0il\u00e7esine ba\u011fl\u0131 bir\u00a0k\u00f6yd\u00fcr. K\u00f6y\u00fcn ad\u0131 1905 y\u0131l\u0131 kay\u0131tlar\u0131nda\u00a0Zalela, 1928 y\u0131l\u0131 kay\u0131tlar\u0131nda da\u00a0Cemil\u00a0olarak ge\u00e7mektedir. K\u00f6y; Nev\u015fehir iline 33 km, \u00dcrg\u00fcp il\u00e7esine 15 km uzakl\u0131ktad\u0131r. Eski Rumca ad\u0131 Zalela olan Cemil K\u00f6y\u00fc, [&hellip;]<\/p>\n","protected":false},"author":7,"featured_media":66201,"comment_status":"open","ping_status":"open","sticky":false,"template":"","format":"standard","meta":{"footnotes":""},"categories":[1],"tags":[],"class_list":["post-66200","post","type-post","status-publish","format-standard","has-post-thumbnail","hentry","category-haberler"],"yoast_head":"<!-- This site is optimized with the Yoast SEO plugin v27.4 - https:\/\/yoast.com\/product\/yoast-seo-wordpress\/ -->\n<title>Rumlar\u0131n izini ta\u015f\u0131yan k\u00f6y: CEM\u0130L - Bati Ermenistan Ve Bati Ermenileri Sorunlari Ara\u015ftirmalar Merkezi<\/title>\n<meta name=\"robots\" content=\"index, follow, max-snippet:-1, max-image-preview:large, max-video-preview:-1\" \/>\n<link rel=\"canonical\" href=\"https:\/\/akunq.net\/tr\/?p=66200\" \/>\n<meta property=\"og:locale\" content=\"en_US\" \/>\n<meta property=\"og:type\" content=\"article\" \/>\n<meta property=\"og:title\" content=\"Rumlar\u0131n izini ta\u015f\u0131yan k\u00f6y: CEM\u0130L - Bati Ermenistan Ve Bati Ermenileri Sorunlari Ara\u015ftirmalar Merkezi\" \/>\n<meta property=\"og:description\" content=\"Bundan 700 y\u0131l \u00f6nce y\u00fczde 60\u2019\u0131n\u0131 Rumlar\u0131n olu\u015fturdu\u011fu Cemil K\u00f6y\u00fc\u2019nde halen ge\u00e7mi\u015fin izleri duruyor. K\u00f6yde kilise, cami, manast\u0131r gibi bir \u00e7ok tarihi yap\u0131 var. Cemil K\u00f6y\u00fc,\u00a0\u00a0Nev\u015fehir\u2019in\u00a0\u00a0\u00dcrg\u00fcp\u00a0il\u00e7esine ba\u011fl\u0131 bir\u00a0k\u00f6yd\u00fcr. K\u00f6y\u00fcn ad\u0131 1905 y\u0131l\u0131 kay\u0131tlar\u0131nda\u00a0Zalela, 1928 y\u0131l\u0131 kay\u0131tlar\u0131nda da\u00a0Cemil\u00a0olarak ge\u00e7mektedir. K\u00f6y; Nev\u015fehir iline 33 km, \u00dcrg\u00fcp il\u00e7esine 15 km uzakl\u0131ktad\u0131r. Eski Rumca ad\u0131 Zalela olan Cemil K\u00f6y\u00fc, [&hellip;]\" \/>\n<meta property=\"og:url\" content=\"https:\/\/akunq.net\/tr\/?p=66200\" \/>\n<meta property=\"og:site_name\" content=\"Bati Ermenistan Ve Bati Ermenileri Sorunlari Ara\u015ftirmalar Merkezi\" \/>\n<meta property=\"article:published_time\" content=\"2021-12-14T10:07:35+00:00\" \/>\n<meta property=\"og:image\" content=\"https:\/\/akunq.net\/tr\/wp-content\/uploads\/sites\/6\/2021\/12\/CEM\u0130L.jpg\" \/>\n\t<meta property=\"og:image:width\" content=\"800\" \/>\n\t<meta property=\"og:image:height\" content=\"600\" \/>\n\t<meta property=\"og:image:type\" content=\"image\/jpeg\" \/>\n<meta name=\"author\" content=\"admin\" \/>\n<meta name=\"twitter:card\" content=\"summary_large_image\" \/>\n<meta name=\"twitter:label1\" content=\"Written by\" \/>\n\t<meta name=\"twitter:data1\" content=\"admin\" \/>\n\t<meta name=\"twitter:label2\" content=\"Est. reading time\" \/>\n\t<meta name=\"twitter:data2\" content=\"4 minutes\" \/>\n<script type=\"application\/ld+json\" class=\"yoast-schema-graph\">{\"@context\":\"https:\\\/\\\/schema.org\",\"@graph\":[{\"@type\":\"Article\",\"@id\":\"https:\\\/\\\/akunq.net\\\/tr\\\/?p=66200#article\",\"isPartOf\":{\"@id\":\"https:\\\/\\\/akunq.net\\\/tr\\\/?p=66200\"},\"author\":{\"name\":\"admin\",\"@id\":\"https:\\\/\\\/akunq.net\\\/tr\\\/#\\\/schema\\\/person\\\/096f1d38a12cce57fb855b485ed24c9e\"},\"headline\":\"Rumlar\u0131n izini ta\u015f\u0131yan k\u00f6y: CEM\u0130L\",\"datePublished\":\"2021-12-14T10:07:35+00:00\",\"mainEntityOfPage\":{\"@id\":\"https:\\\/\\\/akunq.net\\\/tr\\\/?p=66200\"},\"wordCount\":804,\"commentCount\":0,\"image\":{\"@id\":\"https:\\\/\\\/akunq.net\\\/tr\\\/?p=66200#primaryimage\"},\"thumbnailUrl\":\"https:\\\/\\\/akunq.net\\\/tr\\\/wp-content\\\/uploads\\\/sites\\\/6\\\/2021\\\/12\\\/CEM\u0130L.jpg\",\"articleSection\":[\"Haberler\"],\"inLanguage\":\"en-US\",\"potentialAction\":[{\"@type\":\"CommentAction\",\"name\":\"Comment\",\"target\":[\"https:\\\/\\\/akunq.net\\\/tr\\\/?p=66200#respond\"]}]},{\"@type\":\"WebPage\",\"@id\":\"https:\\\/\\\/akunq.net\\\/tr\\\/?p=66200\",\"url\":\"https:\\\/\\\/akunq.net\\\/tr\\\/?p=66200\",\"name\":\"Rumlar\u0131n izini ta\u015f\u0131yan k\u00f6y: CEM\u0130L - Bati Ermenistan Ve Bati Ermenileri Sorunlari Ara\u015ftirmalar Merkezi\",\"isPartOf\":{\"@id\":\"https:\\\/\\\/akunq.net\\\/tr\\\/#website\"},\"primaryImageOfPage\":{\"@id\":\"https:\\\/\\\/akunq.net\\\/tr\\\/?p=66200#primaryimage\"},\"image\":{\"@id\":\"https:\\\/\\\/akunq.net\\\/tr\\\/?p=66200#primaryimage\"},\"thumbnailUrl\":\"https:\\\/\\\/akunq.net\\\/tr\\\/wp-content\\\/uploads\\\/sites\\\/6\\\/2021\\\/12\\\/CEM\u0130L.jpg\",\"datePublished\":\"2021-12-14T10:07:35+00:00\",\"author\":{\"@id\":\"https:\\\/\\\/akunq.net\\\/tr\\\/#\\\/schema\\\/person\\\/096f1d38a12cce57fb855b485ed24c9e\"},\"breadcrumb\":{\"@id\":\"https:\\\/\\\/akunq.net\\\/tr\\\/?p=66200#breadcrumb\"},\"inLanguage\":\"en-US\",\"potentialAction\":[{\"@type\":\"ReadAction\",\"target\":[\"https:\\\/\\\/akunq.net\\\/tr\\\/?p=66200\"]}]},{\"@type\":\"ImageObject\",\"inLanguage\":\"en-US\",\"@id\":\"https:\\\/\\\/akunq.net\\\/tr\\\/?p=66200#primaryimage\",\"url\":\"https:\\\/\\\/akunq.net\\\/tr\\\/wp-content\\\/uploads\\\/sites\\\/6\\\/2021\\\/12\\\/CEM\u0130L.jpg\",\"contentUrl\":\"https:\\\/\\\/akunq.net\\\/tr\\\/wp-content\\\/uploads\\\/sites\\\/6\\\/2021\\\/12\\\/CEM\u0130L.jpg\",\"width\":800,\"height\":600},{\"@type\":\"BreadcrumbList\",\"@id\":\"https:\\\/\\\/akunq.net\\\/tr\\\/?p=66200#breadcrumb\",\"itemListElement\":[{\"@type\":\"ListItem\",\"position\":1,\"name\":\"Home\",\"item\":\"https:\\\/\\\/akunq.net\\\/tr\"},{\"@type\":\"ListItem\",\"position\":2,\"name\":\"Rumlar\u0131n izini ta\u015f\u0131yan k\u00f6y: CEM\u0130L\"}]},{\"@type\":\"WebSite\",\"@id\":\"https:\\\/\\\/akunq.net\\\/tr\\\/#website\",\"url\":\"https:\\\/\\\/akunq.net\\\/tr\\\/\",\"name\":\"Bati Ermenistan Ve Bati Ermenileri Sorunlari Ara\u015ftirmalar Merkezi\",\"description\":\"\",\"potentialAction\":[{\"@type\":\"SearchAction\",\"target\":{\"@type\":\"EntryPoint\",\"urlTemplate\":\"https:\\\/\\\/akunq.net\\\/tr\\\/?s={search_term_string}\"},\"query-input\":{\"@type\":\"PropertyValueSpecification\",\"valueRequired\":true,\"valueName\":\"search_term_string\"}}],\"inLanguage\":\"en-US\"},{\"@type\":\"Person\",\"@id\":\"https:\\\/\\\/akunq.net\\\/tr\\\/#\\\/schema\\\/person\\\/096f1d38a12cce57fb855b485ed24c9e\",\"name\":\"admin\",\"url\":\"https:\\\/\\\/akunq.net\\\/tr\\\/?author=7\"}]}<\/script>\n<!-- \/ Yoast SEO plugin. -->","yoast_head_json":{"title":"Rumlar\u0131n izini ta\u015f\u0131yan k\u00f6y: CEM\u0130L - Bati Ermenistan Ve Bati Ermenileri Sorunlari Ara\u015ftirmalar Merkezi","robots":{"index":"index","follow":"follow","max-snippet":"max-snippet:-1","max-image-preview":"max-image-preview:large","max-video-preview":"max-video-preview:-1"},"canonical":"https:\/\/akunq.net\/tr\/?p=66200","og_locale":"en_US","og_type":"article","og_title":"Rumlar\u0131n izini ta\u015f\u0131yan k\u00f6y: CEM\u0130L - Bati Ermenistan Ve Bati Ermenileri Sorunlari Ara\u015ftirmalar Merkezi","og_description":"Bundan 700 y\u0131l \u00f6nce y\u00fczde 60\u2019\u0131n\u0131 Rumlar\u0131n olu\u015fturdu\u011fu Cemil K\u00f6y\u00fc\u2019nde halen ge\u00e7mi\u015fin izleri duruyor. K\u00f6yde kilise, cami, manast\u0131r gibi bir \u00e7ok tarihi yap\u0131 var. Cemil K\u00f6y\u00fc,\u00a0\u00a0Nev\u015fehir\u2019in\u00a0\u00a0\u00dcrg\u00fcp\u00a0il\u00e7esine ba\u011fl\u0131 bir\u00a0k\u00f6yd\u00fcr. K\u00f6y\u00fcn ad\u0131 1905 y\u0131l\u0131 kay\u0131tlar\u0131nda\u00a0Zalela, 1928 y\u0131l\u0131 kay\u0131tlar\u0131nda da\u00a0Cemil\u00a0olarak ge\u00e7mektedir. K\u00f6y; Nev\u015fehir iline 33 km, \u00dcrg\u00fcp il\u00e7esine 15 km uzakl\u0131ktad\u0131r. Eski Rumca ad\u0131 Zalela olan Cemil K\u00f6y\u00fc, [&hellip;]","og_url":"https:\/\/akunq.net\/tr\/?p=66200","og_site_name":"Bati Ermenistan Ve Bati Ermenileri Sorunlari Ara\u015ftirmalar Merkezi","article_published_time":"2021-12-14T10:07:35+00:00","og_image":[{"width":800,"height":600,"url":"https:\/\/akunq.net\/tr\/wp-content\/uploads\/sites\/6\/2021\/12\/CEM\u0130L.jpg","type":"image\/jpeg"}],"author":"admin","twitter_card":"summary_large_image","twitter_misc":{"Written by":"admin","Est. reading time":"4 minutes"},"schema":{"@context":"https:\/\/schema.org","@graph":[{"@type":"Article","@id":"https:\/\/akunq.net\/tr\/?p=66200#article","isPartOf":{"@id":"https:\/\/akunq.net\/tr\/?p=66200"},"author":{"name":"admin","@id":"https:\/\/akunq.net\/tr\/#\/schema\/person\/096f1d38a12cce57fb855b485ed24c9e"},"headline":"Rumlar\u0131n izini ta\u015f\u0131yan k\u00f6y: CEM\u0130L","datePublished":"2021-12-14T10:07:35+00:00","mainEntityOfPage":{"@id":"https:\/\/akunq.net\/tr\/?p=66200"},"wordCount":804,"commentCount":0,"image":{"@id":"https:\/\/akunq.net\/tr\/?p=66200#primaryimage"},"thumbnailUrl":"https:\/\/akunq.net\/tr\/wp-content\/uploads\/sites\/6\/2021\/12\/CEM\u0130L.jpg","articleSection":["Haberler"],"inLanguage":"en-US","potentialAction":[{"@type":"CommentAction","name":"Comment","target":["https:\/\/akunq.net\/tr\/?p=66200#respond"]}]},{"@type":"WebPage","@id":"https:\/\/akunq.net\/tr\/?p=66200","url":"https:\/\/akunq.net\/tr\/?p=66200","name":"Rumlar\u0131n izini ta\u015f\u0131yan k\u00f6y: CEM\u0130L - Bati Ermenistan Ve Bati Ermenileri Sorunlari Ara\u015ftirmalar Merkezi","isPartOf":{"@id":"https:\/\/akunq.net\/tr\/#website"},"primaryImageOfPage":{"@id":"https:\/\/akunq.net\/tr\/?p=66200#primaryimage"},"image":{"@id":"https:\/\/akunq.net\/tr\/?p=66200#primaryimage"},"thumbnailUrl":"https:\/\/akunq.net\/tr\/wp-content\/uploads\/sites\/6\/2021\/12\/CEM\u0130L.jpg","datePublished":"2021-12-14T10:07:35+00:00","author":{"@id":"https:\/\/akunq.net\/tr\/#\/schema\/person\/096f1d38a12cce57fb855b485ed24c9e"},"breadcrumb":{"@id":"https:\/\/akunq.net\/tr\/?p=66200#breadcrumb"},"inLanguage":"en-US","potentialAction":[{"@type":"ReadAction","target":["https:\/\/akunq.net\/tr\/?p=66200"]}]},{"@type":"ImageObject","inLanguage":"en-US","@id":"https:\/\/akunq.net\/tr\/?p=66200#primaryimage","url":"https:\/\/akunq.net\/tr\/wp-content\/uploads\/sites\/6\/2021\/12\/CEM\u0130L.jpg","contentUrl":"https:\/\/akunq.net\/tr\/wp-content\/uploads\/sites\/6\/2021\/12\/CEM\u0130L.jpg","width":800,"height":600},{"@type":"BreadcrumbList","@id":"https:\/\/akunq.net\/tr\/?p=66200#breadcrumb","itemListElement":[{"@type":"ListItem","position":1,"name":"Home","item":"https:\/\/akunq.net\/tr"},{"@type":"ListItem","position":2,"name":"Rumlar\u0131n izini ta\u015f\u0131yan k\u00f6y: CEM\u0130L"}]},{"@type":"WebSite","@id":"https:\/\/akunq.net\/tr\/#website","url":"https:\/\/akunq.net\/tr\/","name":"Bati Ermenistan Ve Bati Ermenileri Sorunlari Ara\u015ftirmalar Merkezi","description":"","potentialAction":[{"@type":"SearchAction","target":{"@type":"EntryPoint","urlTemplate":"https:\/\/akunq.net\/tr\/?s={search_term_string}"},"query-input":{"@type":"PropertyValueSpecification","valueRequired":true,"valueName":"search_term_string"}}],"inLanguage":"en-US"},{"@type":"Person","@id":"https:\/\/akunq.net\/tr\/#\/schema\/person\/096f1d38a12cce57fb855b485ed24c9e","name":"admin","url":"https:\/\/akunq.net\/tr\/?author=7"}]}},"_links":{"self":[{"href":"https:\/\/akunq.net\/tr\/index.php?rest_route=\/wp\/v2\/posts\/66200","targetHints":{"allow":["GET"]}}],"collection":[{"href":"https:\/\/akunq.net\/tr\/index.php?rest_route=\/wp\/v2\/posts"}],"about":[{"href":"https:\/\/akunq.net\/tr\/index.php?rest_route=\/wp\/v2\/types\/post"}],"author":[{"embeddable":true,"href":"https:\/\/akunq.net\/tr\/index.php?rest_route=\/wp\/v2\/users\/7"}],"replies":[{"embeddable":true,"href":"https:\/\/akunq.net\/tr\/index.php?rest_route=%2Fwp%2Fv2%2Fcomments&post=66200"}],"version-history":[{"count":1,"href":"https:\/\/akunq.net\/tr\/index.php?rest_route=\/wp\/v2\/posts\/66200\/revisions"}],"predecessor-version":[{"id":66202,"href":"https:\/\/akunq.net\/tr\/index.php?rest_route=\/wp\/v2\/posts\/66200\/revisions\/66202"}],"wp:featuredmedia":[{"embeddable":true,"href":"https:\/\/akunq.net\/tr\/index.php?rest_route=\/wp\/v2\/media\/66201"}],"wp:attachment":[{"href":"https:\/\/akunq.net\/tr\/index.php?rest_route=%2Fwp%2Fv2%2Fmedia&parent=66200"}],"wp:term":[{"taxonomy":"category","embeddable":true,"href":"https:\/\/akunq.net\/tr\/index.php?rest_route=%2Fwp%2Fv2%2Fcategories&post=66200"},{"taxonomy":"post_tag","embeddable":true,"href":"https:\/\/akunq.net\/tr\/index.php?rest_route=%2Fwp%2Fv2%2Ftags&post=66200"}],"curies":[{"name":"wp","href":"https:\/\/api.w.org\/{rel}","templated":true}]}}