{"id":66194,"date":"2021-12-14T03:24:35","date_gmt":"2021-12-14T08:24:35","guid":{"rendered":"https:\/\/akunq.net\/tr\/?p=66194"},"modified":"2021-12-14T03:24:35","modified_gmt":"2021-12-14T08:24:35","slug":"fransa-cumhurbaskani-adayi-araratin-onunde-durup-ermenilerin-yuzyillardir-direnis-ornegi-oldugunu-anlatmak-istedigini-ifade-etti","status":"publish","type":"post","link":"https:\/\/akunq.net\/tr\/?p=66194","title":{"rendered":"Fransa Cumhurba\u015fkan\u0131 aday\u0131 Ararat\u2019\u0131n \u00f6n\u00fcnde durup Ermenilerin y\u00fczy\u0131llard\u0131r direni\u015f \u00f6rne\u011fi oldu\u011funu anlatmak istedi\u011fini ifade etti"},"content":{"rendered":"<p><img loading=\"lazy\" decoding=\"async\" class=\"aligncenter size-medium wp-image-66195\" src=\"https:\/\/akunq.net\/tr\/wp-content\/uploads\/2021\/12\/Fransa-Cumhurba\u015fkan\u0131-aday\u0131-360x240.jpg\" alt=\"\" width=\"360\" height=\"240\" srcset=\"https:\/\/akunq.net\/tr\/wp-content\/uploads\/sites\/6\/2021\/12\/Fransa-Cumhurba\u015fkan\u0131-aday\u0131-360x240.jpg 360w, https:\/\/akunq.net\/tr\/wp-content\/uploads\/sites\/6\/2021\/12\/Fransa-Cumhurba\u015fkan\u0131-aday\u0131-768x512.jpg 768w, https:\/\/akunq.net\/tr\/wp-content\/uploads\/sites\/6\/2021\/12\/Fransa-Cumhurba\u015fkan\u0131-aday\u0131-560x373.jpg 560w, https:\/\/akunq.net\/tr\/wp-content\/uploads\/sites\/6\/2021\/12\/Fransa-Cumhurba\u015fkan\u0131-aday\u0131-260x173.jpg 260w, https:\/\/akunq.net\/tr\/wp-content\/uploads\/sites\/6\/2021\/12\/Fransa-Cumhurba\u015fkan\u0131-aday\u0131-160x107.jpg 160w, https:\/\/akunq.net\/tr\/wp-content\/uploads\/sites\/6\/2021\/12\/Fransa-Cumhurba\u015fkan\u0131-aday\u0131.jpg 1280w\" sizes=\"auto, (max-width: 360px) 100vw, 360px\" \/><\/p>\n<p><em><strong>A\u015f\u0131r\u0131 sa\u011f\u0131 temsil eden tan\u0131nm\u0131\u015f bir Frans\u0131z gazeteci ve yazar olan Eric Zemmour, Fransa\u2019da Cumhurba\u015fkanl\u0131\u011f\u0131 se\u00e7imlerine kat\u0131lma niyetini a\u00e7\u0131klad\u0131. 11 Aral\u0131k\u2019tan beri kendisi Ermenistan\u2019\u0131 geziyor, Facebook sayfas\u0131ndan ise birka\u00e7 g\u00f6nderi ve foto\u011fraf payla\u015ft\u0131.<\/strong><\/em><\/p>\n<p>Yapt\u0131\u011f\u0131 payla\u015f\u0131mda Eric Zemmour \u015fu ifadelere yer verdi:<\/p>\n<p>\u201c\u0130\u015fte Bat\u0131\u2019n\u0131n ve Do\u011fu\u2019nun s\u0131n\u0131r\u0131nda bulunan Ararat Da\u011f\u0131\u2019n\u0131n \u00f6n\u00fcndeyiz. Ermenistan-T\u00fcrkiye s\u0131n\u0131r\u0131nda, Ararat\u2019\u0131n \u00f6n\u00fcnde durarak, adam Ermenilere y\u00fczy\u0131llard\u0131r bir direni\u015f \u00f6rne\u011fi olduklar\u0131n\u0131 anlatmak istiyor.\u201d<\/p>\n<p>Zemmour, Khor Virap Manast\u0131r\u0131\u2019nda mum yakt\u0131.<\/p>\n<p>Ermenistan ziyareti \u00f6ncesi Twitter mikroblogunda yay\u0131nlad\u0131\u011f\u0131 mesajda, Ermenistan ziyaretinin \u201csava\u015f\u0131n deh\u015fetini ya\u015fayan\u201d Ermeni halk\u0131na deste\u011fini teyit etme f\u0131rsat\u0131 olarak g\u00f6rd\u00fc\u011f\u00fcn\u00fc belirtti.<\/p>\n<p>Zemmour, Ermenistan\u2019da Frans\u0131z yat\u0131r\u0131mlar\u0131 konusunu da g\u00fcndeme getirdi. Ziyaretin, Fransa\u2019n\u0131n G\u00fcney Kafkasya politikas\u0131 a\u00e7\u0131s\u0131ndan k\u00fclt\u00fcrleraras\u0131 diyalo\u011fun bir par\u00e7as\u0131 oldu\u011fu kaydedildi.<\/p>\n<p>Hat\u0131rlanaca\u011f\u0131 \u00fczere Eric Zemmour \u00fc\u00e7 g\u00fcnl\u00fck bir ziyaret i\u00e7in Ermenistan\u2019da. Ermenistan\u2019a yapt\u0131\u011f\u0131 ziyarette Zemmour\u2019a arkada\u015f\u0131 Philippe de Villiers e\u015flik ediyor. Fransa\u2019da Cumhurba\u015fkanl\u0131\u011f\u0131 se\u00e7imleri 2022 y\u0131l\u0131n\u0131n Nisan ay\u0131nda yap\u0131lacak. Zemmur, Kas\u0131m ay\u0131nda Cumhurba\u015fkanl\u0131\u011f\u0131 se\u00e7im kampanyas\u0131na kat\u0131ld\u0131\u011f\u0131n\u0131 a\u00e7\u0131klam\u0131\u015ft\u0131.<\/p>\n<hr \/>\n<p><em><strong><a href=\"https:\/\/www.ermenihaber.am\/tr\/news\/2021\/12\/13\/Fransa-Cumhurba%C5%9Fkan%C4%B1-aday%C4%B1-Ararat-Ermeni\/221884\" target=\"_blank\" rel=\"noopener noreferrer\">ERMEN\u0130 HABER AJANSI<\/a>\u00a0<\/strong><\/em><\/p>\n","protected":false},"excerpt":{"rendered":"<p>A\u015f\u0131r\u0131 sa\u011f\u0131 temsil eden tan\u0131nm\u0131\u015f bir Frans\u0131z gazeteci ve yazar olan Eric Zemmour, Fransa\u2019da Cumhurba\u015fkanl\u0131\u011f\u0131 se\u00e7imlerine kat\u0131lma niyetini a\u00e7\u0131klad\u0131. 11 Aral\u0131k\u2019tan beri kendisi Ermenistan\u2019\u0131 geziyor, Facebook sayfas\u0131ndan ise birka\u00e7 g\u00f6nderi ve foto\u011fraf payla\u015ft\u0131. Yapt\u0131\u011f\u0131 payla\u015f\u0131mda Eric Zemmour \u015fu ifadelere yer verdi: \u201c\u0130\u015fte Bat\u0131\u2019n\u0131n ve Do\u011fu\u2019nun s\u0131n\u0131r\u0131nda bulunan Ararat Da\u011f\u0131\u2019n\u0131n \u00f6n\u00fcndeyiz. Ermenistan-T\u00fcrkiye s\u0131n\u0131r\u0131nda, Ararat\u2019\u0131n \u00f6n\u00fcnde durarak, [&hellip;]<\/p>\n","protected":false},"author":7,"featured_media":66195,"comment_status":"open","ping_status":"open","sticky":false,"template":"","format":"standard","meta":{"footnotes":""},"categories":[1],"tags":[],"class_list":["post-66194","post","type-post","status-publish","format-standard","has-post-thumbnail","hentry","category-haberler"],"yoast_head":"<!-- This site is optimized with the Yoast SEO plugin v27.4 - https:\/\/yoast.com\/product\/yoast-seo-wordpress\/ -->\n<title>Fransa Cumhurba\u015fkan\u0131 aday\u0131 Ararat\u2019\u0131n \u00f6n\u00fcnde durup Ermenilerin y\u00fczy\u0131llard\u0131r direni\u015f \u00f6rne\u011fi oldu\u011funu anlatmak istedi\u011fini ifade etti - Bati Ermenistan Ve Bati Ermenileri Sorunlari Ara\u015ftirmalar Merkezi<\/title>\n<meta name=\"robots\" content=\"index, follow, max-snippet:-1, max-image-preview:large, max-video-preview:-1\" \/>\n<link rel=\"canonical\" href=\"https:\/\/akunq.net\/tr\/?p=66194\" \/>\n<meta property=\"og:locale\" content=\"en_US\" \/>\n<meta property=\"og:type\" content=\"article\" \/>\n<meta property=\"og:title\" content=\"Fransa Cumhurba\u015fkan\u0131 aday\u0131 Ararat\u2019\u0131n \u00f6n\u00fcnde durup Ermenilerin y\u00fczy\u0131llard\u0131r direni\u015f \u00f6rne\u011fi oldu\u011funu anlatmak istedi\u011fini ifade etti - Bati Ermenistan Ve Bati Ermenileri Sorunlari Ara\u015ftirmalar Merkezi\" \/>\n<meta property=\"og:description\" content=\"A\u015f\u0131r\u0131 sa\u011f\u0131 temsil eden tan\u0131nm\u0131\u015f bir Frans\u0131z gazeteci ve yazar olan Eric Zemmour, Fransa\u2019da Cumhurba\u015fkanl\u0131\u011f\u0131 se\u00e7imlerine kat\u0131lma niyetini a\u00e7\u0131klad\u0131. 11 Aral\u0131k\u2019tan beri kendisi Ermenistan\u2019\u0131 geziyor, Facebook sayfas\u0131ndan ise birka\u00e7 g\u00f6nderi ve foto\u011fraf payla\u015ft\u0131. Yapt\u0131\u011f\u0131 payla\u015f\u0131mda Eric Zemmour \u015fu ifadelere yer verdi: \u201c\u0130\u015fte Bat\u0131\u2019n\u0131n ve Do\u011fu\u2019nun s\u0131n\u0131r\u0131nda bulunan Ararat Da\u011f\u0131\u2019n\u0131n \u00f6n\u00fcndeyiz. Ermenistan-T\u00fcrkiye s\u0131n\u0131r\u0131nda, Ararat\u2019\u0131n \u00f6n\u00fcnde durarak, [&hellip;]\" \/>\n<meta property=\"og:url\" content=\"https:\/\/akunq.net\/tr\/?p=66194\" \/>\n<meta property=\"og:site_name\" content=\"Bati Ermenistan Ve Bati Ermenileri Sorunlari Ara\u015ftirmalar Merkezi\" \/>\n<meta property=\"article:published_time\" content=\"2021-12-14T08:24:35+00:00\" \/>\n<meta property=\"og:image\" content=\"https:\/\/akunq.net\/tr\/wp-content\/uploads\/sites\/6\/2021\/12\/Fransa-Cumhurba\u015fkan\u0131-aday\u0131.jpg\" \/>\n\t<meta property=\"og:image:width\" content=\"1280\" \/>\n\t<meta property=\"og:image:height\" content=\"853\" \/>\n\t<meta property=\"og:image:type\" content=\"image\/jpeg\" \/>\n<meta name=\"author\" content=\"admin\" \/>\n<meta name=\"twitter:card\" content=\"summary_large_image\" \/>\n<meta name=\"twitter:label1\" content=\"Written by\" \/>\n\t<meta name=\"twitter:data1\" content=\"admin\" \/>\n\t<meta name=\"twitter:label2\" content=\"Est. reading time\" \/>\n\t<meta name=\"twitter:data2\" content=\"1 minute\" \/>\n<script type=\"application\/ld+json\" class=\"yoast-schema-graph\">{\"@context\":\"https:\\\/\\\/schema.org\",\"@graph\":[{\"@type\":\"Article\",\"@id\":\"https:\\\/\\\/akunq.net\\\/tr\\\/?p=66194#article\",\"isPartOf\":{\"@id\":\"https:\\\/\\\/akunq.net\\\/tr\\\/?p=66194\"},\"author\":{\"name\":\"admin\",\"@id\":\"https:\\\/\\\/akunq.net\\\/tr\\\/#\\\/schema\\\/person\\\/096f1d38a12cce57fb855b485ed24c9e\"},\"headline\":\"Fransa Cumhurba\u015fkan\u0131 aday\u0131 Ararat\u2019\u0131n \u00f6n\u00fcnde durup Ermenilerin y\u00fczy\u0131llard\u0131r direni\u015f \u00f6rne\u011fi oldu\u011funu anlatmak istedi\u011fini ifade etti\",\"datePublished\":\"2021-12-14T08:24:35+00:00\",\"mainEntityOfPage\":{\"@id\":\"https:\\\/\\\/akunq.net\\\/tr\\\/?p=66194\"},\"wordCount\":258,\"commentCount\":0,\"image\":{\"@id\":\"https:\\\/\\\/akunq.net\\\/tr\\\/?p=66194#primaryimage\"},\"thumbnailUrl\":\"https:\\\/\\\/akunq.net\\\/tr\\\/wp-content\\\/uploads\\\/sites\\\/6\\\/2021\\\/12\\\/Fransa-Cumhurba\u015fkan\u0131-aday\u0131.jpg\",\"articleSection\":[\"Haberler\"],\"inLanguage\":\"en-US\",\"potentialAction\":[{\"@type\":\"CommentAction\",\"name\":\"Comment\",\"target\":[\"https:\\\/\\\/akunq.net\\\/tr\\\/?p=66194#respond\"]}]},{\"@type\":\"WebPage\",\"@id\":\"https:\\\/\\\/akunq.net\\\/tr\\\/?p=66194\",\"url\":\"https:\\\/\\\/akunq.net\\\/tr\\\/?p=66194\",\"name\":\"Fransa Cumhurba\u015fkan\u0131 aday\u0131 Ararat\u2019\u0131n \u00f6n\u00fcnde durup Ermenilerin y\u00fczy\u0131llard\u0131r direni\u015f \u00f6rne\u011fi oldu\u011funu anlatmak istedi\u011fini ifade etti - Bati Ermenistan Ve Bati Ermenileri Sorunlari Ara\u015ftirmalar Merkezi\",\"isPartOf\":{\"@id\":\"https:\\\/\\\/akunq.net\\\/tr\\\/#website\"},\"primaryImageOfPage\":{\"@id\":\"https:\\\/\\\/akunq.net\\\/tr\\\/?p=66194#primaryimage\"},\"image\":{\"@id\":\"https:\\\/\\\/akunq.net\\\/tr\\\/?p=66194#primaryimage\"},\"thumbnailUrl\":\"https:\\\/\\\/akunq.net\\\/tr\\\/wp-content\\\/uploads\\\/sites\\\/6\\\/2021\\\/12\\\/Fransa-Cumhurba\u015fkan\u0131-aday\u0131.jpg\",\"datePublished\":\"2021-12-14T08:24:35+00:00\",\"author\":{\"@id\":\"https:\\\/\\\/akunq.net\\\/tr\\\/#\\\/schema\\\/person\\\/096f1d38a12cce57fb855b485ed24c9e\"},\"breadcrumb\":{\"@id\":\"https:\\\/\\\/akunq.net\\\/tr\\\/?p=66194#breadcrumb\"},\"inLanguage\":\"en-US\",\"potentialAction\":[{\"@type\":\"ReadAction\",\"target\":[\"https:\\\/\\\/akunq.net\\\/tr\\\/?p=66194\"]}]},{\"@type\":\"ImageObject\",\"inLanguage\":\"en-US\",\"@id\":\"https:\\\/\\\/akunq.net\\\/tr\\\/?p=66194#primaryimage\",\"url\":\"https:\\\/\\\/akunq.net\\\/tr\\\/wp-content\\\/uploads\\\/sites\\\/6\\\/2021\\\/12\\\/Fransa-Cumhurba\u015fkan\u0131-aday\u0131.jpg\",\"contentUrl\":\"https:\\\/\\\/akunq.net\\\/tr\\\/wp-content\\\/uploads\\\/sites\\\/6\\\/2021\\\/12\\\/Fransa-Cumhurba\u015fkan\u0131-aday\u0131.jpg\",\"width\":1280,\"height\":853},{\"@type\":\"BreadcrumbList\",\"@id\":\"https:\\\/\\\/akunq.net\\\/tr\\\/?p=66194#breadcrumb\",\"itemListElement\":[{\"@type\":\"ListItem\",\"position\":1,\"name\":\"Home\",\"item\":\"https:\\\/\\\/akunq.net\\\/tr\"},{\"@type\":\"ListItem\",\"position\":2,\"name\":\"Fransa Cumhurba\u015fkan\u0131 aday\u0131 Ararat\u2019\u0131n \u00f6n\u00fcnde durup Ermenilerin y\u00fczy\u0131llard\u0131r direni\u015f \u00f6rne\u011fi oldu\u011funu anlatmak istedi\u011fini ifade etti\"}]},{\"@type\":\"WebSite\",\"@id\":\"https:\\\/\\\/akunq.net\\\/tr\\\/#website\",\"url\":\"https:\\\/\\\/akunq.net\\\/tr\\\/\",\"name\":\"Bati Ermenistan Ve Bati Ermenileri Sorunlari Ara\u015ftirmalar Merkezi\",\"description\":\"\",\"potentialAction\":[{\"@type\":\"SearchAction\",\"target\":{\"@type\":\"EntryPoint\",\"urlTemplate\":\"https:\\\/\\\/akunq.net\\\/tr\\\/?s={search_term_string}\"},\"query-input\":{\"@type\":\"PropertyValueSpecification\",\"valueRequired\":true,\"valueName\":\"search_term_string\"}}],\"inLanguage\":\"en-US\"},{\"@type\":\"Person\",\"@id\":\"https:\\\/\\\/akunq.net\\\/tr\\\/#\\\/schema\\\/person\\\/096f1d38a12cce57fb855b485ed24c9e\",\"name\":\"admin\",\"url\":\"https:\\\/\\\/akunq.net\\\/tr\\\/?author=7\"}]}<\/script>\n<!-- \/ Yoast SEO plugin. -->","yoast_head_json":{"title":"Fransa Cumhurba\u015fkan\u0131 aday\u0131 Ararat\u2019\u0131n \u00f6n\u00fcnde durup Ermenilerin y\u00fczy\u0131llard\u0131r direni\u015f \u00f6rne\u011fi oldu\u011funu anlatmak istedi\u011fini ifade etti - Bati Ermenistan Ve Bati Ermenileri Sorunlari Ara\u015ftirmalar Merkezi","robots":{"index":"index","follow":"follow","max-snippet":"max-snippet:-1","max-image-preview":"max-image-preview:large","max-video-preview":"max-video-preview:-1"},"canonical":"https:\/\/akunq.net\/tr\/?p=66194","og_locale":"en_US","og_type":"article","og_title":"Fransa Cumhurba\u015fkan\u0131 aday\u0131 Ararat\u2019\u0131n \u00f6n\u00fcnde durup Ermenilerin y\u00fczy\u0131llard\u0131r direni\u015f \u00f6rne\u011fi oldu\u011funu anlatmak istedi\u011fini ifade etti - Bati Ermenistan Ve Bati Ermenileri Sorunlari Ara\u015ftirmalar Merkezi","og_description":"A\u015f\u0131r\u0131 sa\u011f\u0131 temsil eden tan\u0131nm\u0131\u015f bir Frans\u0131z gazeteci ve yazar olan Eric Zemmour, Fransa\u2019da Cumhurba\u015fkanl\u0131\u011f\u0131 se\u00e7imlerine kat\u0131lma niyetini a\u00e7\u0131klad\u0131. 11 Aral\u0131k\u2019tan beri kendisi Ermenistan\u2019\u0131 geziyor, Facebook sayfas\u0131ndan ise birka\u00e7 g\u00f6nderi ve foto\u011fraf payla\u015ft\u0131. Yapt\u0131\u011f\u0131 payla\u015f\u0131mda Eric Zemmour \u015fu ifadelere yer verdi: \u201c\u0130\u015fte Bat\u0131\u2019n\u0131n ve Do\u011fu\u2019nun s\u0131n\u0131r\u0131nda bulunan Ararat Da\u011f\u0131\u2019n\u0131n \u00f6n\u00fcndeyiz. Ermenistan-T\u00fcrkiye s\u0131n\u0131r\u0131nda, Ararat\u2019\u0131n \u00f6n\u00fcnde durarak, [&hellip;]","og_url":"https:\/\/akunq.net\/tr\/?p=66194","og_site_name":"Bati Ermenistan Ve Bati Ermenileri Sorunlari Ara\u015ftirmalar Merkezi","article_published_time":"2021-12-14T08:24:35+00:00","og_image":[{"width":1280,"height":853,"url":"https:\/\/akunq.net\/tr\/wp-content\/uploads\/sites\/6\/2021\/12\/Fransa-Cumhurba\u015fkan\u0131-aday\u0131.jpg","type":"image\/jpeg"}],"author":"admin","twitter_card":"summary_large_image","twitter_misc":{"Written by":"admin","Est. reading time":"1 minute"},"schema":{"@context":"https:\/\/schema.org","@graph":[{"@type":"Article","@id":"https:\/\/akunq.net\/tr\/?p=66194#article","isPartOf":{"@id":"https:\/\/akunq.net\/tr\/?p=66194"},"author":{"name":"admin","@id":"https:\/\/akunq.net\/tr\/#\/schema\/person\/096f1d38a12cce57fb855b485ed24c9e"},"headline":"Fransa Cumhurba\u015fkan\u0131 aday\u0131 Ararat\u2019\u0131n \u00f6n\u00fcnde durup Ermenilerin y\u00fczy\u0131llard\u0131r direni\u015f \u00f6rne\u011fi oldu\u011funu anlatmak istedi\u011fini ifade etti","datePublished":"2021-12-14T08:24:35+00:00","mainEntityOfPage":{"@id":"https:\/\/akunq.net\/tr\/?p=66194"},"wordCount":258,"commentCount":0,"image":{"@id":"https:\/\/akunq.net\/tr\/?p=66194#primaryimage"},"thumbnailUrl":"https:\/\/akunq.net\/tr\/wp-content\/uploads\/sites\/6\/2021\/12\/Fransa-Cumhurba\u015fkan\u0131-aday\u0131.jpg","articleSection":["Haberler"],"inLanguage":"en-US","potentialAction":[{"@type":"CommentAction","name":"Comment","target":["https:\/\/akunq.net\/tr\/?p=66194#respond"]}]},{"@type":"WebPage","@id":"https:\/\/akunq.net\/tr\/?p=66194","url":"https:\/\/akunq.net\/tr\/?p=66194","name":"Fransa Cumhurba\u015fkan\u0131 aday\u0131 Ararat\u2019\u0131n \u00f6n\u00fcnde durup Ermenilerin y\u00fczy\u0131llard\u0131r direni\u015f \u00f6rne\u011fi oldu\u011funu anlatmak istedi\u011fini ifade etti - Bati Ermenistan Ve Bati Ermenileri Sorunlari Ara\u015ftirmalar Merkezi","isPartOf":{"@id":"https:\/\/akunq.net\/tr\/#website"},"primaryImageOfPage":{"@id":"https:\/\/akunq.net\/tr\/?p=66194#primaryimage"},"image":{"@id":"https:\/\/akunq.net\/tr\/?p=66194#primaryimage"},"thumbnailUrl":"https:\/\/akunq.net\/tr\/wp-content\/uploads\/sites\/6\/2021\/12\/Fransa-Cumhurba\u015fkan\u0131-aday\u0131.jpg","datePublished":"2021-12-14T08:24:35+00:00","author":{"@id":"https:\/\/akunq.net\/tr\/#\/schema\/person\/096f1d38a12cce57fb855b485ed24c9e"},"breadcrumb":{"@id":"https:\/\/akunq.net\/tr\/?p=66194#breadcrumb"},"inLanguage":"en-US","potentialAction":[{"@type":"ReadAction","target":["https:\/\/akunq.net\/tr\/?p=66194"]}]},{"@type":"ImageObject","inLanguage":"en-US","@id":"https:\/\/akunq.net\/tr\/?p=66194#primaryimage","url":"https:\/\/akunq.net\/tr\/wp-content\/uploads\/sites\/6\/2021\/12\/Fransa-Cumhurba\u015fkan\u0131-aday\u0131.jpg","contentUrl":"https:\/\/akunq.net\/tr\/wp-content\/uploads\/sites\/6\/2021\/12\/Fransa-Cumhurba\u015fkan\u0131-aday\u0131.jpg","width":1280,"height":853},{"@type":"BreadcrumbList","@id":"https:\/\/akunq.net\/tr\/?p=66194#breadcrumb","itemListElement":[{"@type":"ListItem","position":1,"name":"Home","item":"https:\/\/akunq.net\/tr"},{"@type":"ListItem","position":2,"name":"Fransa Cumhurba\u015fkan\u0131 aday\u0131 Ararat\u2019\u0131n \u00f6n\u00fcnde durup Ermenilerin y\u00fczy\u0131llard\u0131r direni\u015f \u00f6rne\u011fi oldu\u011funu anlatmak istedi\u011fini ifade etti"}]},{"@type":"WebSite","@id":"https:\/\/akunq.net\/tr\/#website","url":"https:\/\/akunq.net\/tr\/","name":"Bati Ermenistan Ve Bati Ermenileri Sorunlari Ara\u015ftirmalar Merkezi","description":"","potentialAction":[{"@type":"SearchAction","target":{"@type":"EntryPoint","urlTemplate":"https:\/\/akunq.net\/tr\/?s={search_term_string}"},"query-input":{"@type":"PropertyValueSpecification","valueRequired":true,"valueName":"search_term_string"}}],"inLanguage":"en-US"},{"@type":"Person","@id":"https:\/\/akunq.net\/tr\/#\/schema\/person\/096f1d38a12cce57fb855b485ed24c9e","name":"admin","url":"https:\/\/akunq.net\/tr\/?author=7"}]}},"_links":{"self":[{"href":"https:\/\/akunq.net\/tr\/index.php?rest_route=\/wp\/v2\/posts\/66194","targetHints":{"allow":["GET"]}}],"collection":[{"href":"https:\/\/akunq.net\/tr\/index.php?rest_route=\/wp\/v2\/posts"}],"about":[{"href":"https:\/\/akunq.net\/tr\/index.php?rest_route=\/wp\/v2\/types\/post"}],"author":[{"embeddable":true,"href":"https:\/\/akunq.net\/tr\/index.php?rest_route=\/wp\/v2\/users\/7"}],"replies":[{"embeddable":true,"href":"https:\/\/akunq.net\/tr\/index.php?rest_route=%2Fwp%2Fv2%2Fcomments&post=66194"}],"version-history":[{"count":1,"href":"https:\/\/akunq.net\/tr\/index.php?rest_route=\/wp\/v2\/posts\/66194\/revisions"}],"predecessor-version":[{"id":66196,"href":"https:\/\/akunq.net\/tr\/index.php?rest_route=\/wp\/v2\/posts\/66194\/revisions\/66196"}],"wp:featuredmedia":[{"embeddable":true,"href":"https:\/\/akunq.net\/tr\/index.php?rest_route=\/wp\/v2\/media\/66195"}],"wp:attachment":[{"href":"https:\/\/akunq.net\/tr\/index.php?rest_route=%2Fwp%2Fv2%2Fmedia&parent=66194"}],"wp:term":[{"taxonomy":"category","embeddable":true,"href":"https:\/\/akunq.net\/tr\/index.php?rest_route=%2Fwp%2Fv2%2Fcategories&post=66194"},{"taxonomy":"post_tag","embeddable":true,"href":"https:\/\/akunq.net\/tr\/index.php?rest_route=%2Fwp%2Fv2%2Ftags&post=66194"}],"curies":[{"name":"wp","href":"https:\/\/api.w.org\/{rel}","templated":true}]}}