{"id":66191,"date":"2021-12-14T03:12:55","date_gmt":"2021-12-14T08:12:55","guid":{"rendered":"https:\/\/akunq.net\/tr\/?p=66191"},"modified":"2021-12-14T03:12:55","modified_gmt":"2021-12-14T08:12:55","slug":"cumhurbaskani-erdoganin-fotografini-yere-atan-kisi-tutuklandi","status":"publish","type":"post","link":"https:\/\/akunq.net\/tr\/?p=66191","title":{"rendered":"Cumhurba\u015fkan\u0131 Erdo\u011fan&#8217;\u0131n foto\u011fraf\u0131n\u0131 yere atan ki\u015fi tutukland\u0131"},"content":{"rendered":"<div class=\"article__header\">\n<div><img loading=\"lazy\" decoding=\"async\" class=\"aligncenter size-medium wp-image-66192\" src=\"https:\/\/akunq.net\/tr\/wp-content\/uploads\/2021\/12\/\u0537\u0580\u0564\u0578\u0572\u0561\u0576-360x221.jpeg\" alt=\"\" width=\"360\" height=\"221\" srcset=\"https:\/\/akunq.net\/tr\/wp-content\/uploads\/sites\/6\/2021\/12\/\u0537\u0580\u0564\u0578\u0572\u0561\u0576-360x221.jpeg 360w, https:\/\/akunq.net\/tr\/wp-content\/uploads\/sites\/6\/2021\/12\/\u0537\u0580\u0564\u0578\u0572\u0561\u0576-560x344.jpeg 560w, https:\/\/akunq.net\/tr\/wp-content\/uploads\/sites\/6\/2021\/12\/\u0537\u0580\u0564\u0578\u0572\u0561\u0576-260x160.jpeg 260w, https:\/\/akunq.net\/tr\/wp-content\/uploads\/sites\/6\/2021\/12\/\u0537\u0580\u0564\u0578\u0572\u0561\u0576-160x98.jpeg 160w, https:\/\/akunq.net\/tr\/wp-content\/uploads\/sites\/6\/2021\/12\/\u0537\u0580\u0564\u0578\u0572\u0561\u0576.jpeg 600w\" sizes=\"auto, (max-width: 360px) 100vw, 360px\" \/><\/div>\n<div class=\"article__announce-text\"><em><strong>Zonguldak&#8217;\u0131n Ere\u011fli il\u00e7esinde kaymakaml\u0131k binas\u0131n\u0131n giri\u015finde bulunan Cumhurba\u015fkan\u0131 Erdo\u011fan&#8217;\u0131n foto\u011fraf\u0131n\u0131 al\u0131p yere att\u0131\u011f\u0131 gerek\u00e7esiyle g\u00f6zalt\u0131na al\u0131nan A.\u00c7. tutukland\u0131.<\/strong><\/em><\/div>\n<\/div>\n<div class=\"article__body\">\n<div class=\"article__block\" data-type=\"text\">\n<div class=\"article__text\">Zonguldak&#8217;ta \u00f6nceki g\u00fcn Ere\u011fli Kaymakaml\u0131\u011f\u0131 binas\u0131na giden A.\u00c7, binan\u0131n giri\u015f k\u0131sm\u0131nda bulunan Cumhurba\u015fkan\u0131<strong>\u00a0Recep Tayyip Erdo\u011fan&#8217;<\/strong>\u0131n foto\u011fraf\u0131n\u0131 al\u0131p yere att\u0131.<\/div>\n<\/div>\n<div class=\"article__block\" data-type=\"text\">\n<div class=\"article__text\">A.\u00c7., polis ekiplerince g\u00f6zalt\u0131na al\u0131nd\u0131. Ere\u011fli \u0130l\u00e7e Emniyet M\u00fcd\u00fcrl\u00fc\u011f\u00fcnde i\u015flemleri tamamlanan A.\u00c7., adliyeye sevk edildi. A.\u00c7. \u00e7\u0131kar\u0131ld\u0131\u011f\u0131 n\u00f6bet\u00e7i mahkemece\u00a0<strong>tutukland\u0131<\/strong>.<\/div>\n<\/div>\n<div class=\"article__block\" data-type=\"article\" data-article=\"main-photo\">\n<div class=\"article__article m-image\"><em><strong> https:\/\/tr.sputniknews.com\/20211212\/cumhurbaskani-erdoganin-fotografini-yere-atan-kisi-tutuklandi&#8211;1051691383.html\u00a0<\/strong><\/em><\/div>\n<\/div>\n<\/div>\n","protected":false},"excerpt":{"rendered":"<p>Zonguldak&#8217;\u0131n Ere\u011fli il\u00e7esinde kaymakaml\u0131k binas\u0131n\u0131n giri\u015finde bulunan Cumhurba\u015fkan\u0131 Erdo\u011fan&#8217;\u0131n foto\u011fraf\u0131n\u0131 al\u0131p yere att\u0131\u011f\u0131 gerek\u00e7esiyle g\u00f6zalt\u0131na al\u0131nan A.\u00c7. tutukland\u0131. Zonguldak&#8217;ta \u00f6nceki g\u00fcn Ere\u011fli Kaymakaml\u0131\u011f\u0131 binas\u0131na giden A.\u00c7, binan\u0131n giri\u015f k\u0131sm\u0131nda bulunan Cumhurba\u015fkan\u0131\u00a0Recep Tayyip Erdo\u011fan&#8217;\u0131n foto\u011fraf\u0131n\u0131 al\u0131p yere att\u0131. A.\u00c7., polis ekiplerince g\u00f6zalt\u0131na al\u0131nd\u0131. Ere\u011fli \u0130l\u00e7e Emniyet M\u00fcd\u00fcrl\u00fc\u011f\u00fcnde i\u015flemleri tamamlanan A.\u00c7., adliyeye sevk edildi. A.\u00c7. \u00e7\u0131kar\u0131ld\u0131\u011f\u0131 n\u00f6bet\u00e7i [&hellip;]<\/p>\n","protected":false},"author":7,"featured_media":66192,"comment_status":"open","ping_status":"open","sticky":false,"template":"","format":"standard","meta":{"footnotes":""},"categories":[1],"tags":[],"class_list":["post-66191","post","type-post","status-publish","format-standard","has-post-thumbnail","hentry","category-haberler"],"yoast_head":"<!-- This site is optimized with the Yoast SEO plugin v27.4 - https:\/\/yoast.com\/product\/yoast-seo-wordpress\/ -->\n<title>Cumhurba\u015fkan\u0131 Erdo\u011fan&#039;\u0131n foto\u011fraf\u0131n\u0131 yere atan ki\u015fi tutukland\u0131 - Bati Ermenistan Ve Bati Ermenileri Sorunlari Ara\u015ftirmalar Merkezi<\/title>\n<meta name=\"robots\" content=\"index, follow, max-snippet:-1, max-image-preview:large, max-video-preview:-1\" \/>\n<link rel=\"canonical\" href=\"https:\/\/akunq.net\/tr\/?p=66191\" \/>\n<meta property=\"og:locale\" content=\"en_US\" \/>\n<meta property=\"og:type\" content=\"article\" \/>\n<meta property=\"og:title\" content=\"Cumhurba\u015fkan\u0131 Erdo\u011fan&#039;\u0131n foto\u011fraf\u0131n\u0131 yere atan ki\u015fi tutukland\u0131 - Bati Ermenistan Ve Bati Ermenileri Sorunlari Ara\u015ftirmalar Merkezi\" \/>\n<meta property=\"og:description\" content=\"Zonguldak&#8217;\u0131n Ere\u011fli il\u00e7esinde kaymakaml\u0131k binas\u0131n\u0131n giri\u015finde bulunan Cumhurba\u015fkan\u0131 Erdo\u011fan&#8217;\u0131n foto\u011fraf\u0131n\u0131 al\u0131p yere att\u0131\u011f\u0131 gerek\u00e7esiyle g\u00f6zalt\u0131na al\u0131nan A.\u00c7. tutukland\u0131. Zonguldak&#8217;ta \u00f6nceki g\u00fcn Ere\u011fli Kaymakaml\u0131\u011f\u0131 binas\u0131na giden A.\u00c7, binan\u0131n giri\u015f k\u0131sm\u0131nda bulunan Cumhurba\u015fkan\u0131\u00a0Recep Tayyip Erdo\u011fan&#8217;\u0131n foto\u011fraf\u0131n\u0131 al\u0131p yere att\u0131. A.\u00c7., polis ekiplerince g\u00f6zalt\u0131na al\u0131nd\u0131. Ere\u011fli \u0130l\u00e7e Emniyet M\u00fcd\u00fcrl\u00fc\u011f\u00fcnde i\u015flemleri tamamlanan A.\u00c7., adliyeye sevk edildi. A.\u00c7. \u00e7\u0131kar\u0131ld\u0131\u011f\u0131 n\u00f6bet\u00e7i [&hellip;]\" \/>\n<meta property=\"og:url\" content=\"https:\/\/akunq.net\/tr\/?p=66191\" \/>\n<meta property=\"og:site_name\" content=\"Bati Ermenistan Ve Bati Ermenileri Sorunlari Ara\u015ftirmalar Merkezi\" \/>\n<meta property=\"article:published_time\" content=\"2021-12-14T08:12:55+00:00\" \/>\n<meta property=\"og:image\" content=\"https:\/\/akunq.net\/tr\/wp-content\/uploads\/sites\/6\/2021\/12\/\u0537\u0580\u0564\u0578\u0572\u0561\u0576.jpeg\" \/>\n\t<meta property=\"og:image:width\" content=\"600\" \/>\n\t<meta property=\"og:image:height\" content=\"369\" \/>\n\t<meta property=\"og:image:type\" content=\"image\/jpeg\" \/>\n<meta name=\"author\" content=\"admin\" \/>\n<meta name=\"twitter:card\" content=\"summary_large_image\" \/>\n<meta name=\"twitter:label1\" content=\"Written by\" \/>\n\t<meta name=\"twitter:data1\" content=\"admin\" \/>\n\t<meta name=\"twitter:label2\" content=\"Est. reading time\" \/>\n\t<meta name=\"twitter:data2\" content=\"1 minute\" \/>\n<script type=\"application\/ld+json\" class=\"yoast-schema-graph\">{\"@context\":\"https:\\\/\\\/schema.org\",\"@graph\":[{\"@type\":\"Article\",\"@id\":\"https:\\\/\\\/akunq.net\\\/tr\\\/?p=66191#article\",\"isPartOf\":{\"@id\":\"https:\\\/\\\/akunq.net\\\/tr\\\/?p=66191\"},\"author\":{\"name\":\"admin\",\"@id\":\"https:\\\/\\\/akunq.net\\\/tr\\\/#\\\/schema\\\/person\\\/096f1d38a12cce57fb855b485ed24c9e\"},\"headline\":\"Cumhurba\u015fkan\u0131 Erdo\u011fan&#8217;\u0131n foto\u011fraf\u0131n\u0131 yere atan ki\u015fi tutukland\u0131\",\"datePublished\":\"2021-12-14T08:12:55+00:00\",\"mainEntityOfPage\":{\"@id\":\"https:\\\/\\\/akunq.net\\\/tr\\\/?p=66191\"},\"wordCount\":118,\"commentCount\":0,\"image\":{\"@id\":\"https:\\\/\\\/akunq.net\\\/tr\\\/?p=66191#primaryimage\"},\"thumbnailUrl\":\"https:\\\/\\\/akunq.net\\\/tr\\\/wp-content\\\/uploads\\\/sites\\\/6\\\/2021\\\/12\\\/\u0537\u0580\u0564\u0578\u0572\u0561\u0576.jpeg\",\"articleSection\":[\"Haberler\"],\"inLanguage\":\"en-US\",\"potentialAction\":[{\"@type\":\"CommentAction\",\"name\":\"Comment\",\"target\":[\"https:\\\/\\\/akunq.net\\\/tr\\\/?p=66191#respond\"]}]},{\"@type\":\"WebPage\",\"@id\":\"https:\\\/\\\/akunq.net\\\/tr\\\/?p=66191\",\"url\":\"https:\\\/\\\/akunq.net\\\/tr\\\/?p=66191\",\"name\":\"Cumhurba\u015fkan\u0131 Erdo\u011fan'\u0131n foto\u011fraf\u0131n\u0131 yere atan ki\u015fi tutukland\u0131 - Bati Ermenistan Ve Bati Ermenileri Sorunlari Ara\u015ftirmalar Merkezi\",\"isPartOf\":{\"@id\":\"https:\\\/\\\/akunq.net\\\/tr\\\/#website\"},\"primaryImageOfPage\":{\"@id\":\"https:\\\/\\\/akunq.net\\\/tr\\\/?p=66191#primaryimage\"},\"image\":{\"@id\":\"https:\\\/\\\/akunq.net\\\/tr\\\/?p=66191#primaryimage\"},\"thumbnailUrl\":\"https:\\\/\\\/akunq.net\\\/tr\\\/wp-content\\\/uploads\\\/sites\\\/6\\\/2021\\\/12\\\/\u0537\u0580\u0564\u0578\u0572\u0561\u0576.jpeg\",\"datePublished\":\"2021-12-14T08:12:55+00:00\",\"author\":{\"@id\":\"https:\\\/\\\/akunq.net\\\/tr\\\/#\\\/schema\\\/person\\\/096f1d38a12cce57fb855b485ed24c9e\"},\"breadcrumb\":{\"@id\":\"https:\\\/\\\/akunq.net\\\/tr\\\/?p=66191#breadcrumb\"},\"inLanguage\":\"en-US\",\"potentialAction\":[{\"@type\":\"ReadAction\",\"target\":[\"https:\\\/\\\/akunq.net\\\/tr\\\/?p=66191\"]}]},{\"@type\":\"ImageObject\",\"inLanguage\":\"en-US\",\"@id\":\"https:\\\/\\\/akunq.net\\\/tr\\\/?p=66191#primaryimage\",\"url\":\"https:\\\/\\\/akunq.net\\\/tr\\\/wp-content\\\/uploads\\\/sites\\\/6\\\/2021\\\/12\\\/\u0537\u0580\u0564\u0578\u0572\u0561\u0576.jpeg\",\"contentUrl\":\"https:\\\/\\\/akunq.net\\\/tr\\\/wp-content\\\/uploads\\\/sites\\\/6\\\/2021\\\/12\\\/\u0537\u0580\u0564\u0578\u0572\u0561\u0576.jpeg\",\"width\":600,\"height\":369},{\"@type\":\"BreadcrumbList\",\"@id\":\"https:\\\/\\\/akunq.net\\\/tr\\\/?p=66191#breadcrumb\",\"itemListElement\":[{\"@type\":\"ListItem\",\"position\":1,\"name\":\"Home\",\"item\":\"https:\\\/\\\/akunq.net\\\/tr\"},{\"@type\":\"ListItem\",\"position\":2,\"name\":\"Cumhurba\u015fkan\u0131 Erdo\u011fan&#8217;\u0131n foto\u011fraf\u0131n\u0131 yere atan ki\u015fi tutukland\u0131\"}]},{\"@type\":\"WebSite\",\"@id\":\"https:\\\/\\\/akunq.net\\\/tr\\\/#website\",\"url\":\"https:\\\/\\\/akunq.net\\\/tr\\\/\",\"name\":\"Bati Ermenistan Ve Bati Ermenileri Sorunlari Ara\u015ftirmalar Merkezi\",\"description\":\"\",\"potentialAction\":[{\"@type\":\"SearchAction\",\"target\":{\"@type\":\"EntryPoint\",\"urlTemplate\":\"https:\\\/\\\/akunq.net\\\/tr\\\/?s={search_term_string}\"},\"query-input\":{\"@type\":\"PropertyValueSpecification\",\"valueRequired\":true,\"valueName\":\"search_term_string\"}}],\"inLanguage\":\"en-US\"},{\"@type\":\"Person\",\"@id\":\"https:\\\/\\\/akunq.net\\\/tr\\\/#\\\/schema\\\/person\\\/096f1d38a12cce57fb855b485ed24c9e\",\"name\":\"admin\",\"url\":\"https:\\\/\\\/akunq.net\\\/tr\\\/?author=7\"}]}<\/script>\n<!-- \/ Yoast SEO plugin. -->","yoast_head_json":{"title":"Cumhurba\u015fkan\u0131 Erdo\u011fan'\u0131n foto\u011fraf\u0131n\u0131 yere atan ki\u015fi tutukland\u0131 - Bati Ermenistan Ve Bati Ermenileri Sorunlari Ara\u015ftirmalar Merkezi","robots":{"index":"index","follow":"follow","max-snippet":"max-snippet:-1","max-image-preview":"max-image-preview:large","max-video-preview":"max-video-preview:-1"},"canonical":"https:\/\/akunq.net\/tr\/?p=66191","og_locale":"en_US","og_type":"article","og_title":"Cumhurba\u015fkan\u0131 Erdo\u011fan'\u0131n foto\u011fraf\u0131n\u0131 yere atan ki\u015fi tutukland\u0131 - Bati Ermenistan Ve Bati Ermenileri Sorunlari Ara\u015ftirmalar Merkezi","og_description":"Zonguldak&#8217;\u0131n Ere\u011fli il\u00e7esinde kaymakaml\u0131k binas\u0131n\u0131n giri\u015finde bulunan Cumhurba\u015fkan\u0131 Erdo\u011fan&#8217;\u0131n foto\u011fraf\u0131n\u0131 al\u0131p yere att\u0131\u011f\u0131 gerek\u00e7esiyle g\u00f6zalt\u0131na al\u0131nan A.\u00c7. tutukland\u0131. Zonguldak&#8217;ta \u00f6nceki g\u00fcn Ere\u011fli Kaymakaml\u0131\u011f\u0131 binas\u0131na giden A.\u00c7, binan\u0131n giri\u015f k\u0131sm\u0131nda bulunan Cumhurba\u015fkan\u0131\u00a0Recep Tayyip Erdo\u011fan&#8217;\u0131n foto\u011fraf\u0131n\u0131 al\u0131p yere att\u0131. A.\u00c7., polis ekiplerince g\u00f6zalt\u0131na al\u0131nd\u0131. Ere\u011fli \u0130l\u00e7e Emniyet M\u00fcd\u00fcrl\u00fc\u011f\u00fcnde i\u015flemleri tamamlanan A.\u00c7., adliyeye sevk edildi. A.\u00c7. \u00e7\u0131kar\u0131ld\u0131\u011f\u0131 n\u00f6bet\u00e7i [&hellip;]","og_url":"https:\/\/akunq.net\/tr\/?p=66191","og_site_name":"Bati Ermenistan Ve Bati Ermenileri Sorunlari Ara\u015ftirmalar Merkezi","article_published_time":"2021-12-14T08:12:55+00:00","og_image":[{"width":600,"height":369,"url":"https:\/\/akunq.net\/tr\/wp-content\/uploads\/sites\/6\/2021\/12\/\u0537\u0580\u0564\u0578\u0572\u0561\u0576.jpeg","type":"image\/jpeg"}],"author":"admin","twitter_card":"summary_large_image","twitter_misc":{"Written by":"admin","Est. reading time":"1 minute"},"schema":{"@context":"https:\/\/schema.org","@graph":[{"@type":"Article","@id":"https:\/\/akunq.net\/tr\/?p=66191#article","isPartOf":{"@id":"https:\/\/akunq.net\/tr\/?p=66191"},"author":{"name":"admin","@id":"https:\/\/akunq.net\/tr\/#\/schema\/person\/096f1d38a12cce57fb855b485ed24c9e"},"headline":"Cumhurba\u015fkan\u0131 Erdo\u011fan&#8217;\u0131n foto\u011fraf\u0131n\u0131 yere atan ki\u015fi tutukland\u0131","datePublished":"2021-12-14T08:12:55+00:00","mainEntityOfPage":{"@id":"https:\/\/akunq.net\/tr\/?p=66191"},"wordCount":118,"commentCount":0,"image":{"@id":"https:\/\/akunq.net\/tr\/?p=66191#primaryimage"},"thumbnailUrl":"https:\/\/akunq.net\/tr\/wp-content\/uploads\/sites\/6\/2021\/12\/\u0537\u0580\u0564\u0578\u0572\u0561\u0576.jpeg","articleSection":["Haberler"],"inLanguage":"en-US","potentialAction":[{"@type":"CommentAction","name":"Comment","target":["https:\/\/akunq.net\/tr\/?p=66191#respond"]}]},{"@type":"WebPage","@id":"https:\/\/akunq.net\/tr\/?p=66191","url":"https:\/\/akunq.net\/tr\/?p=66191","name":"Cumhurba\u015fkan\u0131 Erdo\u011fan'\u0131n foto\u011fraf\u0131n\u0131 yere atan ki\u015fi tutukland\u0131 - Bati Ermenistan Ve Bati Ermenileri Sorunlari Ara\u015ftirmalar Merkezi","isPartOf":{"@id":"https:\/\/akunq.net\/tr\/#website"},"primaryImageOfPage":{"@id":"https:\/\/akunq.net\/tr\/?p=66191#primaryimage"},"image":{"@id":"https:\/\/akunq.net\/tr\/?p=66191#primaryimage"},"thumbnailUrl":"https:\/\/akunq.net\/tr\/wp-content\/uploads\/sites\/6\/2021\/12\/\u0537\u0580\u0564\u0578\u0572\u0561\u0576.jpeg","datePublished":"2021-12-14T08:12:55+00:00","author":{"@id":"https:\/\/akunq.net\/tr\/#\/schema\/person\/096f1d38a12cce57fb855b485ed24c9e"},"breadcrumb":{"@id":"https:\/\/akunq.net\/tr\/?p=66191#breadcrumb"},"inLanguage":"en-US","potentialAction":[{"@type":"ReadAction","target":["https:\/\/akunq.net\/tr\/?p=66191"]}]},{"@type":"ImageObject","inLanguage":"en-US","@id":"https:\/\/akunq.net\/tr\/?p=66191#primaryimage","url":"https:\/\/akunq.net\/tr\/wp-content\/uploads\/sites\/6\/2021\/12\/\u0537\u0580\u0564\u0578\u0572\u0561\u0576.jpeg","contentUrl":"https:\/\/akunq.net\/tr\/wp-content\/uploads\/sites\/6\/2021\/12\/\u0537\u0580\u0564\u0578\u0572\u0561\u0576.jpeg","width":600,"height":369},{"@type":"BreadcrumbList","@id":"https:\/\/akunq.net\/tr\/?p=66191#breadcrumb","itemListElement":[{"@type":"ListItem","position":1,"name":"Home","item":"https:\/\/akunq.net\/tr"},{"@type":"ListItem","position":2,"name":"Cumhurba\u015fkan\u0131 Erdo\u011fan&#8217;\u0131n foto\u011fraf\u0131n\u0131 yere atan ki\u015fi tutukland\u0131"}]},{"@type":"WebSite","@id":"https:\/\/akunq.net\/tr\/#website","url":"https:\/\/akunq.net\/tr\/","name":"Bati Ermenistan Ve Bati Ermenileri Sorunlari Ara\u015ftirmalar Merkezi","description":"","potentialAction":[{"@type":"SearchAction","target":{"@type":"EntryPoint","urlTemplate":"https:\/\/akunq.net\/tr\/?s={search_term_string}"},"query-input":{"@type":"PropertyValueSpecification","valueRequired":true,"valueName":"search_term_string"}}],"inLanguage":"en-US"},{"@type":"Person","@id":"https:\/\/akunq.net\/tr\/#\/schema\/person\/096f1d38a12cce57fb855b485ed24c9e","name":"admin","url":"https:\/\/akunq.net\/tr\/?author=7"}]}},"_links":{"self":[{"href":"https:\/\/akunq.net\/tr\/index.php?rest_route=\/wp\/v2\/posts\/66191","targetHints":{"allow":["GET"]}}],"collection":[{"href":"https:\/\/akunq.net\/tr\/index.php?rest_route=\/wp\/v2\/posts"}],"about":[{"href":"https:\/\/akunq.net\/tr\/index.php?rest_route=\/wp\/v2\/types\/post"}],"author":[{"embeddable":true,"href":"https:\/\/akunq.net\/tr\/index.php?rest_route=\/wp\/v2\/users\/7"}],"replies":[{"embeddable":true,"href":"https:\/\/akunq.net\/tr\/index.php?rest_route=%2Fwp%2Fv2%2Fcomments&post=66191"}],"version-history":[{"count":1,"href":"https:\/\/akunq.net\/tr\/index.php?rest_route=\/wp\/v2\/posts\/66191\/revisions"}],"predecessor-version":[{"id":66193,"href":"https:\/\/akunq.net\/tr\/index.php?rest_route=\/wp\/v2\/posts\/66191\/revisions\/66193"}],"wp:featuredmedia":[{"embeddable":true,"href":"https:\/\/akunq.net\/tr\/index.php?rest_route=\/wp\/v2\/media\/66192"}],"wp:attachment":[{"href":"https:\/\/akunq.net\/tr\/index.php?rest_route=%2Fwp%2Fv2%2Fmedia&parent=66191"}],"wp:term":[{"taxonomy":"category","embeddable":true,"href":"https:\/\/akunq.net\/tr\/index.php?rest_route=%2Fwp%2Fv2%2Fcategories&post=66191"},{"taxonomy":"post_tag","embeddable":true,"href":"https:\/\/akunq.net\/tr\/index.php?rest_route=%2Fwp%2Fv2%2Ftags&post=66191"}],"curies":[{"name":"wp","href":"https:\/\/api.w.org\/{rel}","templated":true}]}}