{"id":66165,"date":"2021-12-13T01:46:39","date_gmt":"2021-12-13T06:46:39","guid":{"rendered":"https:\/\/akunq.net\/tr\/?p=66165"},"modified":"2021-12-13T01:46:39","modified_gmt":"2021-12-13T06:46:39","slug":"oldurulup-bu-kuyuya-atildi","status":"publish","type":"post","link":"https:\/\/akunq.net\/tr\/?p=66165","title":{"rendered":"\u00d6ld\u00fcr\u00fcl\u00fcp bu kuyuya at\u0131ld\u0131"},"content":{"rendered":"<p><img loading=\"lazy\" decoding=\"async\" class=\"aligncenter size-medium wp-image-66166\" src=\"https:\/\/akunq.net\/tr\/wp-content\/uploads\/2021\/12\/Celaleddin-Harzem\u015fah\u2019\u0131n-\u00f6ld\u00fcr\u00fcld\u00fc\u011f\u00fc-yer-360x202.jpeg\" alt=\"\" width=\"360\" height=\"202\" srcset=\"https:\/\/akunq.net\/tr\/wp-content\/uploads\/sites\/6\/2021\/12\/Celaleddin-Harzem\u015fah\u2019\u0131n-\u00f6ld\u00fcr\u00fcld\u00fc\u011f\u00fc-yer-360x202.jpeg 360w, https:\/\/akunq.net\/tr\/wp-content\/uploads\/sites\/6\/2021\/12\/Celaleddin-Harzem\u015fah\u2019\u0131n-\u00f6ld\u00fcr\u00fcld\u00fc\u011f\u00fc-yer-560x313.jpeg 560w, https:\/\/akunq.net\/tr\/wp-content\/uploads\/sites\/6\/2021\/12\/Celaleddin-Harzem\u015fah\u2019\u0131n-\u00f6ld\u00fcr\u00fcld\u00fc\u011f\u00fc-yer-260x146.jpeg 260w, https:\/\/akunq.net\/tr\/wp-content\/uploads\/sites\/6\/2021\/12\/Celaleddin-Harzem\u015fah\u2019\u0131n-\u00f6ld\u00fcr\u00fcld\u00fc\u011f\u00fc-yer-160x90.jpeg 160w, https:\/\/akunq.net\/tr\/wp-content\/uploads\/sites\/6\/2021\/12\/Celaleddin-Harzem\u015fah\u2019\u0131n-\u00f6ld\u00fcr\u00fcld\u00fc\u011f\u00fc-yer.jpeg 720w\" sizes=\"auto, (max-width: 360px) 100vw, 360px\" \/><\/p>\n<p><em><strong>Dicle \u00dcniversitesi (D\u00dc) Edebiyat Fak\u00fcltesi Tarih B\u00f6l\u00fcm\u00fc Ba\u015fkan\u0131 Do\u00e7. Dr. Oktay Bozan, daha \u00f6nce mezar yerinin Diyarbak\u0131r\u2019\u0131n Silvan il\u00e7esinde oldu\u011fu belirlenen Harzem\u015fahlar Devleti\u2019nin son h\u00fck\u00fcmdar\u0131 Celaleddin Harzem\u015fah\u2019\u0131n \u00f6ld\u00fcr\u00fcld\u00fc\u011f\u00fc yeri de tespit ettiklerini s\u00f6yledi. Harzem\u015fah\u2019\u0131n \u00f6ld\u00fcr\u00fcl\u00fcp kuyuya at\u0131lmadan \u00f6nce Ayn Dar denilen bir k\u00f6ye geldi\u011finin tarih\u00e7ilerin eserlerinde ge\u00e7ti\u011fini ifade eden Do\u00e7. Dr. Bozan, Osmanl\u0131 ar\u015fivlerinde yapt\u0131klar\u0131 ara\u015ft\u0131rmada, 1842 tarihli bir n\u00fcfus defterinde Silvan\u2019\u0131n kuzeyindeki da\u011fl\u0131k b\u00f6lgede bu isimde bir k\u00f6y\u00fcn varl\u0131\u011f\u0131n\u0131 ortaya koyduklar\u0131n\u0131 ifade etti.\u00a0<\/strong><\/em><\/p>\n<p>Dicle \u00dcniversitesi (D\u00dc) Edebiyat Fak\u00fcltesi Tarih B\u00f6l\u00fcm\u00fc Ba\u015fkan\u0131 Do\u00e7. Dr. Bozan, Celaleddin Harzem\u015fah\u2019\u0131n \u00f6ld\u00fcr\u00fcl\u00fcp kuyuya at\u0131lmadan \u00f6nce Ayn Dar denilen bir k\u00f6ye geldi\u011finin Sibt \u0130bn\u00fc\u2019l-Cevzi ve \u0130bn \u0130mad el-Hanbeli adl\u0131 tarih\u00e7ilerin eserlerinde ge\u00e7ti\u011fini belirterek, bunun \u00fczerine yapt\u0131klar\u0131 ara\u015ft\u0131rmada Osmanl\u0131 ar\u015fivlerinde 1842 tarihli bir n\u00fcfus defterinde Silvan\u2019\u0131n kuzeyindeki da\u011fl\u0131k b\u00f6lgede bu isimde bir k\u00f6y\u00fcn varl\u0131\u011f\u0131n\u0131 ortaya koyduklar\u0131n\u0131 ifade etti.<\/p>\n<p>Do\u00e7. Dr. Bozan, k\u00f6yde yapt\u0131klar\u0131 incelemelerde elde ettikleri verilerle tarihi kaynaklar\u0131n \u00f6rt\u00fc\u015ft\u00fc\u011f\u00fcn\u00fc dile getirerek, T\u00fcrkiye\u2019de ve \u00d6zbekistan\u2019da merak konusu olan Celaleddin Harzem\u015fah\u2019\u0131n mezar yerinin belirlenmesinden sonra \u00f6ld\u00fcr\u00fcld\u00fc\u011f\u00fc yerin de tespit edildi\u011fini s\u00f6yledi.<\/p>\n<p><strong>\u2018TAR\u0130H\u0130 VER\u0130LERLE \u00d6RT\u00dc\u015e\u00dcYOR\u2019\u00a0<\/strong><br \/>\nTarihi kaynaklardan yola \u00e7\u0131karak Ayn Dar k\u00f6y\u00fcn\u00fc ara\u015ft\u0131rd\u0131klar\u0131n\u0131 belirten Do\u00e7. Dr. Bozan, \u015f\u00f6yle konu\u015ftu:\u201dAcaba buras\u0131 do\u011fru mudur de\u011fil midir diye ara\u015ft\u0131rmac\u0131 Dr. Arafat Yaz ile bunun izini s\u00fcrmeye ba\u015flad\u0131k. Osmanl\u0131 n\u00fcfus kay\u0131tlar\u0131n\u0131 inceledik. Acaba b\u00f6yle bir k\u00f6y ismi var m\u0131 orada diye. \u00c7\u00fcnk\u00fc Celaleddin Harzem\u015fah\u2019\u0131n \u00f6l\u00fcm\u00fcyle alakal\u0131 \u0130slam tarihi kaynaklar\u0131 Celaleddin Harzem\u015fah\u2019\u0131n da\u011fl\u0131k bir b\u00f6lgede \u00f6ld\u00fcr\u00fcld\u00fc\u011f\u00fcn\u00fc s\u00f6yl\u00fcyordu. Silvan\u2019\u0131n \u00e7evresinde tek da\u011fl\u0131k b\u00f6lge kuzeydo\u011fusundad\u0131r. Yani Hazro b\u00f6lgesindedir.\u201d<\/p>\n<p>\u201cSilvan\u2019\u0131n hemen kuzeyinde ba\u015flayan Hazro\u2019dan Lice\u2019ye ve Tunceli\u2019ye do\u011fru uzanan bir da\u011f silsilesi var. Biz o b\u00f6lgede yo\u011funla\u015ft\u0131k. 1842 tarihli Osmanl\u0131 n\u00fcfus kayd\u0131nda Ayn Dar diye bir k\u00f6ye ula\u015ft\u0131k. Bu k\u00f6ydeki n\u00fcfus verilerini g\u00f6rd\u00fck ve bu k\u00f6y\u00fcn muhtar\u0131 ile de g\u00f6r\u00fc\u015ft\u00fck. K\u00f6y\u00fcn \u015fu anki ad\u0131 Kavakl\u0131bo\u011faz k\u00f6y\u00fc. Tarihi verilere uyan yer olup olmad\u0131\u011f\u0131n\u0131 incelemeye \u00e7al\u0131\u015ft\u0131k.\u201d<\/p>\n<p>\u201cTarihi verilerde Celaleddin Harzem\u015fah\u2019\u0131n \u00f6ld\u00fcr\u00fcld\u00fc\u011f\u00fc yer \u015f\u00f6yle anlat\u0131l\u0131yor: Harzem\u015fah, Diyarbak\u0131r\u2019dan Silvan\u2019a do\u011fru giderken ak\u015fam bir harman yerinde konakl\u0131yor. Pe\u015finde Mo\u011fol askerleri var. Sabaha do\u011fru \u015fafakla beraber Mo\u011fol m\u00fcfrezesi Harzem\u015fah ve ekibini tespit ediyor. Sald\u0131r\u0131 d\u00fczenleniyor. Celaleddin Harzem\u015fah\u2019\u0131n ekibi da\u011f\u0131l\u0131yor. Harzem\u015fah kendisini takip eden birka\u00e7 Mo\u011fol askerini \u00f6ld\u00fcr\u00fcyor ve harman yerinden da\u011fa ka\u00e7\u0131yor. Bu da\u011fda ac\u0131mas\u0131z e\u015fk\u0131ya taraf\u0131ndan \u00f6ld\u00fcr\u00fcl\u00fcyor. Hatta \u00f6ld\u00fcr\u00fcld\u00fckten sonra da orada bir kuyuya at\u0131ld\u0131\u011f\u0131n\u0131 s\u00f6yl\u00fcyor. \u201c<\/p>\n<p>\u201cHarzem\u015fah\u2019\u0131n cenazesi daha sonra Silvan Emiri olan Melik \u015eahabettin Gazi taraf\u0131ndan getiriliyor. B\u00f6lge gerek kuzey g\u00fcney y\u00f6n\u00fcnde gerekse do\u011fu bat\u0131 y\u00f6n\u00fcndeki kervanlar\u0131n, yolcular\u0131n ge\u00e7i\u015f g\u00fczergah\u0131n\u0131n hakim noktas\u0131ndad\u0131r. Yani bir e\u015fk\u0131ya i\u00e7in bulunmaz bir noktad\u0131r. Tarihi verilerle bunun \u00f6rt\u00fc\u015ft\u00fc\u011f\u00fcn\u00fc g\u00f6r\u00fcyoruz. \u201c<\/p>\n<p>\u201cBunun yan\u0131 s\u0131ra ikinci bir \u00f6zellik; burada \u00e7ok say\u0131da ma\u011fara var. E\u015fk\u0131yan\u0131n s\u0131\u011f\u0131nabilece\u011fi bir yerdir. Diyarbak\u0131r\u2019a 84 kilometredir. Ku\u015fbak\u0131\u015f\u0131 olarak Silvan\u2019a 32 kilometre ve Hazro\u2019ya da 16 kilometre olan bir yerden bahsediyoruz. Silvan\u2019\u0131n 32 kilometre kuzeybat\u0131s\u0131nda tek da\u011fl\u0131k b\u00f6lge oras\u0131 zaten.\u201d<\/p>\n<p>\u201cBaz\u0131 kaynaklarda \u015f\u00f6yle bir detay da vard\u0131; Ayn Dar k\u00f6y\u00fc baz\u0131lar\u0131nda K\u00fcrtlerin oldu\u011fu yer, baz\u0131lar\u0131nda ise Ermenilerin oldu\u011fu bir yer olarak ge\u00e7iyor. Enteresan bir \u015fekilde n\u00fcfus defterinde 1842 tarihinde k\u00f6yde 80 hane M\u00fcsl\u00fcman, 5 hane de Ermeni var. Bu da tarihi verilerle \u00f6rt\u00fc\u015fm\u00fc\u015f oluyor.\u201d<\/p>\n<p>\u201cM\u00fcsl\u00fcmanlarla Ermenilerin birlikte ya\u015fam\u0131\u015f oldu\u011fu bir yer olarak g\u00f6z\u00fck\u00fcyor. B\u00f6ylece Celaleddin Harzem\u015fah\u2019\u0131n mezar yerinin tespiti ile alakal\u0131 bilgiden sonra bu sefer \u00f6ld\u00fcr\u00fclm\u00fc\u015f oldu\u011fu yerle alakal\u0131 da bilgiler b\u00f6yle bir alan ara\u015ft\u0131rmas\u0131yla tespit edilmi\u015f oldu.\u201d<\/p>\n<p><strong>HARZEM\u015eAH\u2019IN MEZARININ S\u0130LVAL\u2019DA OLDU\u011eU TESP\u0130T ED\u0130LD\u0130<\/strong><br \/>\nDicle \u00dcniversitesi\u2019nce kurulan komisyonun, Anadolu Sel\u00e7uklu Devleti\u2019nin kurucusu olan ve kazand\u0131\u011f\u0131 sava\u015flarla Ha\u00e7l\u0131 hareketini durduran S\u00fcleyman \u015eah\u2019\u0131n o\u011flu Sultan 1\u2019inci K\u0131l\u0131\u00e7arslan ile k\u0131z\u0131 Saide Hatun\u2019un Diyarbak\u0131r\u2019\u0131n Silvan il\u00e7esindeki mezarlar\u0131n\u0131n bulunmas\u0131 i\u00e7in yapt\u0131\u011f\u0131 \u00e7al\u0131\u015fmalar ocak ay\u0131nda sonu\u00e7 vermi\u015f ve mezarlar\u0131 bulunmu\u015ftu.<\/p>\n<p>Mezar yerinin \u00e7evre d\u00fczenleme \u00e7al\u0131\u015fmalar\u0131 devam ederken, B\u00fcy\u00fck Sel\u00e7uklu Devleti\u2019nin miras\u00e7\u0131s\u0131 olarak 11\u2019inci y\u00fczy\u0131lda kurulup, yakla\u015f\u0131k 200 y\u0131l h\u00fck\u00fcm s\u00fcren Harzem\u015fahlar Devleti\u2019nin son h\u00fck\u00fcmdar\u0131 Celaleddin Harzem\u015fah\u2019\u0131n Silvan\u2019da oldu\u011fu bilinen mezar\u0131n\u0131n yerinin tespit edilmesi amac\u0131yla Dicle \u00dcniversitesi Edebiyat Fak\u00fcltesi Tarih B\u00f6l\u00fcm\u00fc Ba\u015fkan\u0131 Do\u00e7. Dr. Oktay Bozan ile Mervaniler hakk\u0131nda ara\u015ft\u0131rmalar yapan Dr. Arafat Yaz, \u0130slam tarihi kaynaklar\u0131n\u0131 ara\u015ft\u0131rmaya ba\u015flad\u0131.<\/p>\n<p>Do\u00e7. Dr. Bozan, T\u00fcrkiye\u2019de ve \u00f6zellikle \u00d6zbekistan\u2019da merak konusu olan mezar yeri ile ilgili olarak yapt\u0131klar\u0131 ara\u015ft\u0131rmada, bug\u00fcne kadar hi\u00e7bir \u00e7al\u0131\u015fmada yer almayan ve g\u00f6zden ka\u00e7an bir kaynak tespit ettiklerini s\u00f6yledi.<\/p>\n<p>Celaleddin Harzem\u015fah d\u00f6neminde ya\u015fam\u0131\u015f \u0130slam tarih\u00e7isi Sibt \u0130bn Cevzi\u2019nin \u2018Mir\u2019at\u00fc\u2019z-Zaman Fi Tarihi\u2019l-Ayan\u2019 isimli eserinde mezar yerinin t\u00fcm detaylar\u0131yla anlat\u0131ld\u0131\u011f\u0131n\u0131 s\u00f6yleyen Do\u00e7. Dr. Bozan, yap\u0131lacak kaz\u0131 \u00e7al\u0131\u015fmalar\u0131n\u0131n ard\u0131ndan ortaya \u00e7\u0131kar\u0131lacak mezarla Silvan il\u00e7esinin Ahlat ve Diyarbak\u0131r aras\u0131nda \u00f6nemli bir turizm destinasyonuna sahip olaca\u011f\u0131n\u0131 s\u00f6yledi.<\/p>\n<p><strong>\u201930\u2019A YAKIN KAYNAKTA MEZARIN S\u0130LVAN\u2019DA OLDUGU BEL\u0130RT\u0130L\u0130YOR\u2019\u00a0<\/strong><br \/>\n30\u2019a yak\u0131n \u0130slam tarihi kayna\u011f\u0131nda mezar\u0131n Silvan\u2019da oldu\u011fu belirtildi\u011fini, ancak yerinin tam olarak tarif edilmedi\u011fini ifade eden Do\u00e7. Dr. Bozan, \u201cCelaleddin Harzem\u015fah\u2019\u0131n \u00f6ld\u00fcr\u00fclme tarihi 1231, bu konuyla alakal\u0131 bilgi veren Sibt \u0130bn Cevzi\u2019nin \u00f6l\u00fcm tarihi de ondan 25 y\u0131l sonra.\u201d<\/p>\n<p>\u201cDolay\u0131s\u0131yla Celaleddin Harzem\u015fah ile ayn\u0131 ya\u015flarda olmas\u0131 ve ayn\u0131 tarihlerde ya\u015famas\u0131, ya\u015fad\u0131\u011f\u0131 yerin buraya \u00e7ok yak\u0131n olmas\u0131, bu b\u00f6lgeyle ilgili \u00e7ok detayl\u0131 bilgiler veren biri olmas\u0131, b\u00f6lge tarihini yazarken vazge\u00e7emeyece\u011fimiz bir kaynak olmas\u0131 hasebiyle g\u00fcvenilir bir kaynak oldu\u011funu ve bu kayna\u011f\u0131n vermi\u015f oldu\u011fu bilgilerin di\u011fer bilgilerle birlikte okundu\u011fu zaman, bir tart\u0131\u015fmaya yer b\u0131rakmayacak \u015fekilde ortaya koymu\u015f oluyor\u201d diye konu\u015ftu.<\/p>\n<p><strong>\u2018S\u0130LVAN, SULTANLAR \u015eEHR\u0130 OLARAK B\u0130L\u0130N\u0130YOR\u2019\u00a0<\/strong><br \/>\nSilvan\u2019\u0131n \u0130slam ve insanl\u0131k tarihi a\u00e7\u0131s\u0131ndan \u00f6nemli bir merkez oldu\u011funu vurgulayan Do\u00e7. Dr. Bozan, \u015funlar\u0131 s\u00f6yledi:\u201dBu a\u00e7\u0131dan bak\u0131ld\u0131\u011f\u0131ndan islam tarihinde sultanlar \u015fehri olarak bilinmektedir. Gerek Mervaniler Devleti\u2019nin gerekse Artuklular Devleti\u2019nin \u00f6nemli bir merkezi ve ba\u015fkenti olmu\u015ftur. Bu a\u00e7\u0131dan bak\u0131ld\u0131\u011f\u0131nda 2021 y\u0131l\u0131 Ocak ay\u0131 ba\u015f\u0131nda, Anadolu Sel\u00e7uklu H\u00fck\u00fcmdar\u0131 Sultan 1\u2019inci K\u0131l\u0131\u00e7aslan\u2019\u0131n mezar yerinin tespiti ile ilgili \u00e7al\u0131\u015fmalar ba\u015flat\u0131ld\u0131. Bu \u00e7al\u0131\u015fmayla beraber \u2018Silvan\u2019da ba\u015fka hangi h\u00fck\u00fcmdarlar\u0131n da t\u00fcrbesi var\u2019 sorusu g\u00fcndeme geldi\u201d<\/p>\n<p>\u201cMo\u011follar\u0131 yery\u00fcz\u00fcnde ilk defa durduran, Anadolu tarihi a\u00e7\u0131s\u0131ndan, Orta Asya tarihi a\u00e7\u0131s\u0131ndan, \u0130slam tarihi a\u00e7\u0131s\u0131ndan \u00f6nemli bir akt\u00f6r ve \u015fahsiyet olan Celaleddin Harzem\u015fah\u2019\u0131n mezar\u0131n\u0131n da Silvan\u2019da oldu\u011funu s\u00f6ylemi\u015ftik. Bu kapsamda farkl\u0131 g\u00f6r\u00fc\u015fler de yer ald\u0131. Fakat bunlar\u0131n hi\u00e7bir tarihi kayd\u0131 yok. Bu y\u0131l i\u00e7erisinde T\u00fcrkiye ile \u00d6zbekistan aras\u0131nda ortak yap\u0131m olan \u2018Bozk\u0131r Arslan\u0131 Celaleddin\u2019 dizisi yap\u0131ld\u0131. Bu diziden sonra bu konuya ilgi ve alaka daha da artt\u0131. \u201c<\/p>\n<p>\u201cBu anlamda bizlere ula\u015fan birtak\u0131m teklifler geldi. Dr. Arafat Yaz ile beraber bir s\u00fcredir \u00fczerinde \u00e7al\u0131\u015ft\u0131\u011f\u0131m\u0131z bir konuydu ve dikkatli bir \u015fekilde \u0130slam tarihi kaynaklar\u0131n\u0131 inceledik. Yakla\u015f\u0131k 30 \u0130slam tarihi kayna\u011f\u0131nda Celaleddin Harzem\u015fah\u2019\u0131n \u00f6l\u00fcm\u00fcyle alakal\u0131 metinleri \u00e7ok dikkatli bir \u015fekilde inceledik. Bu incelememizde \u015fu kanaat has\u0131l oldu. Celaleddin Harzem\u015fah\u2019\u0131n mezar\u0131n\u0131n Silvan\u2019da oldu\u011fu kesinlik kazanm\u0131\u015f oluyor. Fakat bunun yan\u0131 s\u0131ra bir kaynaktaki bir bilginin bug\u00fcne kadar hi\u00e7bir \u00e7a\u011fda\u015f ara\u015ft\u0131rmac\u0131n\u0131n fark etmedi\u011fini, hi\u00e7bir kitapta, hi\u00e7bir makalede, hi\u00e7bir \u00e7al\u0131\u015fmada olmad\u0131\u011f\u0131n\u0131 g\u00f6rd\u00fck.\u201d<\/p>\n<p>\u201c\u00dclkemizde Harzem\u015fahlar ve Celaleddin Harzem\u015fah ile ilgili m\u00fcstakil \u00e7al\u0131\u015fmalarda bile bu kayna\u011f\u0131n kullan\u0131lmad\u0131\u011f\u0131n\u0131, muhtemelen g\u00f6zden ka\u00e7t\u0131\u011f\u0131n\u0131 g\u00f6rd\u00fck. Sibt \u0130bn Cevzi ad\u0131ndaki bir tarih\u00e7i, \u2018Mir\u2019at\u00fc\u2019z-Zaman Fi Tarihi\u2019l-Ayan\u2019 adl\u0131 eserinde, Celaleddin Harzem\u015fah\u2019\u0131n \u00f6ld\u00fcr\u00fclme \u015feklini, \u00f6ld\u00fcr\u00fclme yerini ve \u00f6ld\u00fcr\u00fcld\u00fckten sonra da Silvan emiri olan Melik Muzaffer \u015eahabbetin Gazi\u2019nin, onun cesedini Silvan\u2019a getirdi\u011fini s\u00f6yl\u00fcyor. Day\u0131s\u0131n\u0131n Harzem\u015fah\u2019\u0131n cenazesini bizzat te\u015fhis etti\u011fini g\u00f6r\u00fcyoruz. \u201c<\/p>\n<p>\u201cCelaleddin Harzem\u015fah\u2019\u0131n cesedi, \u015fu anda i\u00e7inde bulundu\u011fumuz noktada, surun hemen d\u0131\u015f\u0131nda. Tarihi kaynaklarda buras\u0131 Burcu Melik, H\u00fck\u00fcmdar Burcu, Melik Burcu, Sultan Burcu diye ifade edilen bir yer. Buran\u0131n hemen d\u0131\u015f\u0131nda, meydan denilen bir yere defnedildi\u011fini g\u00f6r\u00fcyoruz. Dolay\u0131s\u0131yla bu bilgi, \u00e7ok net bir \u015fekilde Celaleddin Harzem\u015fah\u2019\u0131n mezar\u0131n\u0131n nerede oldu\u011fu y\u00f6n\u00fcndeki tart\u0131\u015fmalar\u0131 b\u00fcy\u00fck \u00f6l\u00e7\u00fcde geride b\u0131rak\u0131yor ve a\u00e7\u0131kl\u0131\u011fa kavu\u015fturmu\u015f oluyor. \u201c<\/p>\n<p>\u201cCelaleddin Harzem\u015fah\u2019\u0131n mezar\u0131 nerededir sorusu b\u00fcy\u00fck \u00f6l\u00e7\u00fcde cevap buluyor. \u00d6zbekistan ve Orta Asya ve \u0130slam tarihi a\u00e7\u0131s\u0131ndan Celaleddin Harzem\u015fah\u2019\u0131n mezar yerinin tespitinin \u00f6nemli oldu\u011funu d\u00fc\u015f\u00fcn\u00fcyoruz. Bundan sonraki s\u00fcre\u00e7te bizim beraber y\u00fcr\u00fctt\u00fc\u011f\u00fcm\u00fcz ve bu noktaya varm\u0131\u015f oldu\u011fumuz bu \u00e7al\u0131\u015fma resmi bir komisyon kurulmak suretiyle bu \u00e7er\u00e7evesi daralt\u0131lm\u0131\u015f, alan\u0131 s\u0131n\u0131rlanm\u0131\u015f yerle ilgili bir kaz\u0131 \u00e7al\u0131\u015fmas\u0131yla daha detayl\u0131 bir \u00e7al\u0131\u015fma yap\u0131ld\u0131\u011f\u0131 zaman bu somut bilgiler daha da bir a\u00e7\u0131\u011fa kavu\u015fmu\u015f olacak. Tabi bu noktay\u0131 tespit ederken tarihi kay\u0131tlarda ge\u00e7en bur\u00e7, kale, su yolu, mescit gibi noktalar\u0131 bir\u00e7ok kay\u0131tta takip ve teyit etmek suretiyle bu sonuca ula\u015fm\u0131\u015f olduk.\u201d<\/p>\n<p><strong>\u2018ARTIK ARA\u015eTIRDI\u011eIMIZ YER METRELERLE SINIRLI\u2019\u00a0<\/strong><br \/>\nMervaniler \u00fczerine ara\u015ft\u0131rmalar yapan Dr. Yahya Yaz da Celaleddin Harzem\u015fah\u2019\u0131n mezar\u0131n\u0131n Silvan\u2019da olup olmad\u0131\u011f\u0131 veya hangi mevkide oldu\u011fu ile ilgili tart\u0131\u015fmalar\u0131n bitti\u011fini belirterek, \u201cArt\u0131k ara\u015ft\u0131rd\u0131\u011f\u0131m\u0131z yer metrelerle s\u0131n\u0131rl\u0131 bir yer olarak kald\u0131. Art\u0131k mezara \u00e7ok yak\u0131n\u0131z. Di\u011fer kaynaklarda konulan bilgilerle \u00fcst \u00fcste konuldu\u011funda net bir \u015fekilde puzzle tamamlan\u0131yor, bilgiler birbirini tutuyor ve Celaleddin Harzem\u015fah\u2019\u0131n mezar\u0131n\u0131n burada oldu\u011fu ortaya \u00e7\u0131k\u0131yor. \u201c<\/p>\n<p>\u201cSibt \u0130bn Cevzi\u2019den Allah raz\u0131 olsun. \u00c7ok \u00f6nemli bilgiler vererek anlat\u0131yor. Birincisi Silvan\u2019\u0131n d\u0131\u015f\u0131nda, Burcu Melik\u2019in alt\u0131nda meydan\u0131n yan\u0131nda g\u00f6m\u00fcld\u00fc\u011f\u00fcn\u00fc s\u00f6yl\u00fcyor. Burcu Melik\u2019e yo\u011funla\u015ft\u0131k. Acaba Burcu Melik nerededir diye bununla ilgili de kapsaml\u0131 bir ara\u015ft\u0131rma yapt\u0131k ve bu ara\u015ft\u0131rma sonucunda Burcu Melik\u2019in asl\u0131nda \u00e7ok bilinen bir yer oldu\u011funu g\u00f6rd\u00fck. \u201c<\/p>\n<p>\u201cArt\u0131k Celaleddin Harzem\u015fah\u2019\u0131n mezar\u0131n\u0131n burada 100 metrekarelik bir alanla s\u0131n\u0131rl\u0131 bir yerde oldu\u011funa kesin olarak kanaat ettik. Mezar, Burcu Melik denilen bu noktan\u0131n etraf\u0131nda, \u00e7ok dar bir alanda\u201d dedi.<\/p>\n<p><em><strong><a href=\"https:\/\/www.yenisafak.com\/foto-galeri\/gundem\/oldurulup-bu-kuyuya-atildi-2056150?page=1\">https:\/\/www.yenisafak.com\/foto-galeri\/gundem\/oldurulup-bu-kuyuya-atildi-2056150?page=1<\/a>\u00a0<\/strong><\/em><\/p>\n","protected":false},"excerpt":{"rendered":"<p>Dicle \u00dcniversitesi (D\u00dc) Edebiyat Fak\u00fcltesi Tarih B\u00f6l\u00fcm\u00fc Ba\u015fkan\u0131 Do\u00e7. Dr. Oktay Bozan, daha \u00f6nce mezar yerinin Diyarbak\u0131r\u2019\u0131n Silvan il\u00e7esinde oldu\u011fu belirlenen Harzem\u015fahlar Devleti\u2019nin son h\u00fck\u00fcmdar\u0131 Celaleddin Harzem\u015fah\u2019\u0131n \u00f6ld\u00fcr\u00fcld\u00fc\u011f\u00fc yeri de tespit ettiklerini s\u00f6yledi. Harzem\u015fah\u2019\u0131n \u00f6ld\u00fcr\u00fcl\u00fcp kuyuya at\u0131lmadan \u00f6nce Ayn Dar denilen bir k\u00f6ye geldi\u011finin tarih\u00e7ilerin eserlerinde ge\u00e7ti\u011fini ifade eden Do\u00e7. Dr. Bozan, Osmanl\u0131 ar\u015fivlerinde yapt\u0131klar\u0131 [&hellip;]<\/p>\n","protected":false},"author":7,"featured_media":66166,"comment_status":"open","ping_status":"open","sticky":false,"template":"","format":"standard","meta":{"footnotes":""},"categories":[1],"tags":[],"class_list":["post-66165","post","type-post","status-publish","format-standard","has-post-thumbnail","hentry","category-haberler"],"yoast_head":"<!-- This site is optimized with the Yoast SEO plugin v27.4 - https:\/\/yoast.com\/product\/yoast-seo-wordpress\/ -->\n<title>\u00d6ld\u00fcr\u00fcl\u00fcp bu kuyuya at\u0131ld\u0131 - Bati Ermenistan Ve Bati Ermenileri Sorunlari Ara\u015ftirmalar Merkezi<\/title>\n<meta name=\"robots\" content=\"index, follow, max-snippet:-1, max-image-preview:large, max-video-preview:-1\" \/>\n<link rel=\"canonical\" href=\"https:\/\/akunq.net\/tr\/?p=66165\" \/>\n<meta property=\"og:locale\" content=\"en_US\" \/>\n<meta property=\"og:type\" content=\"article\" \/>\n<meta property=\"og:title\" content=\"\u00d6ld\u00fcr\u00fcl\u00fcp bu kuyuya at\u0131ld\u0131 - Bati Ermenistan Ve Bati Ermenileri Sorunlari Ara\u015ftirmalar Merkezi\" \/>\n<meta property=\"og:description\" content=\"Dicle \u00dcniversitesi (D\u00dc) Edebiyat Fak\u00fcltesi Tarih B\u00f6l\u00fcm\u00fc Ba\u015fkan\u0131 Do\u00e7. Dr. Oktay Bozan, daha \u00f6nce mezar yerinin Diyarbak\u0131r\u2019\u0131n Silvan il\u00e7esinde oldu\u011fu belirlenen Harzem\u015fahlar Devleti\u2019nin son h\u00fck\u00fcmdar\u0131 Celaleddin Harzem\u015fah\u2019\u0131n \u00f6ld\u00fcr\u00fcld\u00fc\u011f\u00fc yeri de tespit ettiklerini s\u00f6yledi. Harzem\u015fah\u2019\u0131n \u00f6ld\u00fcr\u00fcl\u00fcp kuyuya at\u0131lmadan \u00f6nce Ayn Dar denilen bir k\u00f6ye geldi\u011finin tarih\u00e7ilerin eserlerinde ge\u00e7ti\u011fini ifade eden Do\u00e7. Dr. Bozan, Osmanl\u0131 ar\u015fivlerinde yapt\u0131klar\u0131 [&hellip;]\" \/>\n<meta property=\"og:url\" content=\"https:\/\/akunq.net\/tr\/?p=66165\" \/>\n<meta property=\"og:site_name\" content=\"Bati Ermenistan Ve Bati Ermenileri Sorunlari Ara\u015ftirmalar Merkezi\" \/>\n<meta property=\"article:published_time\" content=\"2021-12-13T06:46:39+00:00\" \/>\n<meta property=\"og:image\" content=\"https:\/\/akunq.net\/tr\/wp-content\/uploads\/sites\/6\/2021\/12\/Celaleddin-Harzem\u015fah\u2019\u0131n-\u00f6ld\u00fcr\u00fcld\u00fc\u011f\u00fc-yer.jpeg\" \/>\n\t<meta property=\"og:image:width\" content=\"720\" \/>\n\t<meta property=\"og:image:height\" content=\"403\" \/>\n\t<meta property=\"og:image:type\" content=\"image\/jpeg\" \/>\n<meta name=\"author\" content=\"admin\" \/>\n<meta name=\"twitter:card\" content=\"summary_large_image\" \/>\n<meta name=\"twitter:label1\" content=\"Written by\" \/>\n\t<meta name=\"twitter:data1\" content=\"admin\" \/>\n\t<meta name=\"twitter:label2\" content=\"Est. reading time\" \/>\n\t<meta name=\"twitter:data2\" content=\"10 minutes\" \/>\n<script type=\"application\/ld+json\" class=\"yoast-schema-graph\">{\"@context\":\"https:\\\/\\\/schema.org\",\"@graph\":[{\"@type\":\"Article\",\"@id\":\"https:\\\/\\\/akunq.net\\\/tr\\\/?p=66165#article\",\"isPartOf\":{\"@id\":\"https:\\\/\\\/akunq.net\\\/tr\\\/?p=66165\"},\"author\":{\"name\":\"admin\",\"@id\":\"https:\\\/\\\/akunq.net\\\/tr\\\/#\\\/schema\\\/person\\\/096f1d38a12cce57fb855b485ed24c9e\"},\"headline\":\"\u00d6ld\u00fcr\u00fcl\u00fcp bu kuyuya at\u0131ld\u0131\",\"datePublished\":\"2021-12-13T06:46:39+00:00\",\"mainEntityOfPage\":{\"@id\":\"https:\\\/\\\/akunq.net\\\/tr\\\/?p=66165\"},\"wordCount\":2069,\"commentCount\":0,\"image\":{\"@id\":\"https:\\\/\\\/akunq.net\\\/tr\\\/?p=66165#primaryimage\"},\"thumbnailUrl\":\"https:\\\/\\\/akunq.net\\\/tr\\\/wp-content\\\/uploads\\\/sites\\\/6\\\/2021\\\/12\\\/Celaleddin-Harzem\u015fah\u2019\u0131n-\u00f6ld\u00fcr\u00fcld\u00fc\u011f\u00fc-yer.jpeg\",\"articleSection\":[\"Haberler\"],\"inLanguage\":\"en-US\",\"potentialAction\":[{\"@type\":\"CommentAction\",\"name\":\"Comment\",\"target\":[\"https:\\\/\\\/akunq.net\\\/tr\\\/?p=66165#respond\"]}]},{\"@type\":\"WebPage\",\"@id\":\"https:\\\/\\\/akunq.net\\\/tr\\\/?p=66165\",\"url\":\"https:\\\/\\\/akunq.net\\\/tr\\\/?p=66165\",\"name\":\"\u00d6ld\u00fcr\u00fcl\u00fcp bu kuyuya at\u0131ld\u0131 - Bati Ermenistan Ve Bati Ermenileri Sorunlari Ara\u015ftirmalar Merkezi\",\"isPartOf\":{\"@id\":\"https:\\\/\\\/akunq.net\\\/tr\\\/#website\"},\"primaryImageOfPage\":{\"@id\":\"https:\\\/\\\/akunq.net\\\/tr\\\/?p=66165#primaryimage\"},\"image\":{\"@id\":\"https:\\\/\\\/akunq.net\\\/tr\\\/?p=66165#primaryimage\"},\"thumbnailUrl\":\"https:\\\/\\\/akunq.net\\\/tr\\\/wp-content\\\/uploads\\\/sites\\\/6\\\/2021\\\/12\\\/Celaleddin-Harzem\u015fah\u2019\u0131n-\u00f6ld\u00fcr\u00fcld\u00fc\u011f\u00fc-yer.jpeg\",\"datePublished\":\"2021-12-13T06:46:39+00:00\",\"author\":{\"@id\":\"https:\\\/\\\/akunq.net\\\/tr\\\/#\\\/schema\\\/person\\\/096f1d38a12cce57fb855b485ed24c9e\"},\"breadcrumb\":{\"@id\":\"https:\\\/\\\/akunq.net\\\/tr\\\/?p=66165#breadcrumb\"},\"inLanguage\":\"en-US\",\"potentialAction\":[{\"@type\":\"ReadAction\",\"target\":[\"https:\\\/\\\/akunq.net\\\/tr\\\/?p=66165\"]}]},{\"@type\":\"ImageObject\",\"inLanguage\":\"en-US\",\"@id\":\"https:\\\/\\\/akunq.net\\\/tr\\\/?p=66165#primaryimage\",\"url\":\"https:\\\/\\\/akunq.net\\\/tr\\\/wp-content\\\/uploads\\\/sites\\\/6\\\/2021\\\/12\\\/Celaleddin-Harzem\u015fah\u2019\u0131n-\u00f6ld\u00fcr\u00fcld\u00fc\u011f\u00fc-yer.jpeg\",\"contentUrl\":\"https:\\\/\\\/akunq.net\\\/tr\\\/wp-content\\\/uploads\\\/sites\\\/6\\\/2021\\\/12\\\/Celaleddin-Harzem\u015fah\u2019\u0131n-\u00f6ld\u00fcr\u00fcld\u00fc\u011f\u00fc-yer.jpeg\",\"width\":720,\"height\":403},{\"@type\":\"BreadcrumbList\",\"@id\":\"https:\\\/\\\/akunq.net\\\/tr\\\/?p=66165#breadcrumb\",\"itemListElement\":[{\"@type\":\"ListItem\",\"position\":1,\"name\":\"Home\",\"item\":\"https:\\\/\\\/akunq.net\\\/tr\"},{\"@type\":\"ListItem\",\"position\":2,\"name\":\"\u00d6ld\u00fcr\u00fcl\u00fcp bu kuyuya at\u0131ld\u0131\"}]},{\"@type\":\"WebSite\",\"@id\":\"https:\\\/\\\/akunq.net\\\/tr\\\/#website\",\"url\":\"https:\\\/\\\/akunq.net\\\/tr\\\/\",\"name\":\"Bati Ermenistan Ve Bati Ermenileri Sorunlari Ara\u015ftirmalar Merkezi\",\"description\":\"\",\"potentialAction\":[{\"@type\":\"SearchAction\",\"target\":{\"@type\":\"EntryPoint\",\"urlTemplate\":\"https:\\\/\\\/akunq.net\\\/tr\\\/?s={search_term_string}\"},\"query-input\":{\"@type\":\"PropertyValueSpecification\",\"valueRequired\":true,\"valueName\":\"search_term_string\"}}],\"inLanguage\":\"en-US\"},{\"@type\":\"Person\",\"@id\":\"https:\\\/\\\/akunq.net\\\/tr\\\/#\\\/schema\\\/person\\\/096f1d38a12cce57fb855b485ed24c9e\",\"name\":\"admin\",\"url\":\"https:\\\/\\\/akunq.net\\\/tr\\\/?author=7\"}]}<\/script>\n<!-- \/ Yoast SEO plugin. -->","yoast_head_json":{"title":"\u00d6ld\u00fcr\u00fcl\u00fcp bu kuyuya at\u0131ld\u0131 - Bati Ermenistan Ve Bati Ermenileri Sorunlari Ara\u015ftirmalar Merkezi","robots":{"index":"index","follow":"follow","max-snippet":"max-snippet:-1","max-image-preview":"max-image-preview:large","max-video-preview":"max-video-preview:-1"},"canonical":"https:\/\/akunq.net\/tr\/?p=66165","og_locale":"en_US","og_type":"article","og_title":"\u00d6ld\u00fcr\u00fcl\u00fcp bu kuyuya at\u0131ld\u0131 - Bati Ermenistan Ve Bati Ermenileri Sorunlari Ara\u015ftirmalar Merkezi","og_description":"Dicle \u00dcniversitesi (D\u00dc) Edebiyat Fak\u00fcltesi Tarih B\u00f6l\u00fcm\u00fc Ba\u015fkan\u0131 Do\u00e7. Dr. Oktay Bozan, daha \u00f6nce mezar yerinin Diyarbak\u0131r\u2019\u0131n Silvan il\u00e7esinde oldu\u011fu belirlenen Harzem\u015fahlar Devleti\u2019nin son h\u00fck\u00fcmdar\u0131 Celaleddin Harzem\u015fah\u2019\u0131n \u00f6ld\u00fcr\u00fcld\u00fc\u011f\u00fc yeri de tespit ettiklerini s\u00f6yledi. Harzem\u015fah\u2019\u0131n \u00f6ld\u00fcr\u00fcl\u00fcp kuyuya at\u0131lmadan \u00f6nce Ayn Dar denilen bir k\u00f6ye geldi\u011finin tarih\u00e7ilerin eserlerinde ge\u00e7ti\u011fini ifade eden Do\u00e7. Dr. Bozan, Osmanl\u0131 ar\u015fivlerinde yapt\u0131klar\u0131 [&hellip;]","og_url":"https:\/\/akunq.net\/tr\/?p=66165","og_site_name":"Bati Ermenistan Ve Bati Ermenileri Sorunlari Ara\u015ftirmalar Merkezi","article_published_time":"2021-12-13T06:46:39+00:00","og_image":[{"width":720,"height":403,"url":"https:\/\/akunq.net\/tr\/wp-content\/uploads\/sites\/6\/2021\/12\/Celaleddin-Harzem\u015fah\u2019\u0131n-\u00f6ld\u00fcr\u00fcld\u00fc\u011f\u00fc-yer.jpeg","type":"image\/jpeg"}],"author":"admin","twitter_card":"summary_large_image","twitter_misc":{"Written by":"admin","Est. reading time":"10 minutes"},"schema":{"@context":"https:\/\/schema.org","@graph":[{"@type":"Article","@id":"https:\/\/akunq.net\/tr\/?p=66165#article","isPartOf":{"@id":"https:\/\/akunq.net\/tr\/?p=66165"},"author":{"name":"admin","@id":"https:\/\/akunq.net\/tr\/#\/schema\/person\/096f1d38a12cce57fb855b485ed24c9e"},"headline":"\u00d6ld\u00fcr\u00fcl\u00fcp bu kuyuya at\u0131ld\u0131","datePublished":"2021-12-13T06:46:39+00:00","mainEntityOfPage":{"@id":"https:\/\/akunq.net\/tr\/?p=66165"},"wordCount":2069,"commentCount":0,"image":{"@id":"https:\/\/akunq.net\/tr\/?p=66165#primaryimage"},"thumbnailUrl":"https:\/\/akunq.net\/tr\/wp-content\/uploads\/sites\/6\/2021\/12\/Celaleddin-Harzem\u015fah\u2019\u0131n-\u00f6ld\u00fcr\u00fcld\u00fc\u011f\u00fc-yer.jpeg","articleSection":["Haberler"],"inLanguage":"en-US","potentialAction":[{"@type":"CommentAction","name":"Comment","target":["https:\/\/akunq.net\/tr\/?p=66165#respond"]}]},{"@type":"WebPage","@id":"https:\/\/akunq.net\/tr\/?p=66165","url":"https:\/\/akunq.net\/tr\/?p=66165","name":"\u00d6ld\u00fcr\u00fcl\u00fcp bu kuyuya at\u0131ld\u0131 - Bati Ermenistan Ve Bati Ermenileri Sorunlari Ara\u015ftirmalar Merkezi","isPartOf":{"@id":"https:\/\/akunq.net\/tr\/#website"},"primaryImageOfPage":{"@id":"https:\/\/akunq.net\/tr\/?p=66165#primaryimage"},"image":{"@id":"https:\/\/akunq.net\/tr\/?p=66165#primaryimage"},"thumbnailUrl":"https:\/\/akunq.net\/tr\/wp-content\/uploads\/sites\/6\/2021\/12\/Celaleddin-Harzem\u015fah\u2019\u0131n-\u00f6ld\u00fcr\u00fcld\u00fc\u011f\u00fc-yer.jpeg","datePublished":"2021-12-13T06:46:39+00:00","author":{"@id":"https:\/\/akunq.net\/tr\/#\/schema\/person\/096f1d38a12cce57fb855b485ed24c9e"},"breadcrumb":{"@id":"https:\/\/akunq.net\/tr\/?p=66165#breadcrumb"},"inLanguage":"en-US","potentialAction":[{"@type":"ReadAction","target":["https:\/\/akunq.net\/tr\/?p=66165"]}]},{"@type":"ImageObject","inLanguage":"en-US","@id":"https:\/\/akunq.net\/tr\/?p=66165#primaryimage","url":"https:\/\/akunq.net\/tr\/wp-content\/uploads\/sites\/6\/2021\/12\/Celaleddin-Harzem\u015fah\u2019\u0131n-\u00f6ld\u00fcr\u00fcld\u00fc\u011f\u00fc-yer.jpeg","contentUrl":"https:\/\/akunq.net\/tr\/wp-content\/uploads\/sites\/6\/2021\/12\/Celaleddin-Harzem\u015fah\u2019\u0131n-\u00f6ld\u00fcr\u00fcld\u00fc\u011f\u00fc-yer.jpeg","width":720,"height":403},{"@type":"BreadcrumbList","@id":"https:\/\/akunq.net\/tr\/?p=66165#breadcrumb","itemListElement":[{"@type":"ListItem","position":1,"name":"Home","item":"https:\/\/akunq.net\/tr"},{"@type":"ListItem","position":2,"name":"\u00d6ld\u00fcr\u00fcl\u00fcp bu kuyuya at\u0131ld\u0131"}]},{"@type":"WebSite","@id":"https:\/\/akunq.net\/tr\/#website","url":"https:\/\/akunq.net\/tr\/","name":"Bati Ermenistan Ve Bati Ermenileri Sorunlari Ara\u015ftirmalar Merkezi","description":"","potentialAction":[{"@type":"SearchAction","target":{"@type":"EntryPoint","urlTemplate":"https:\/\/akunq.net\/tr\/?s={search_term_string}"},"query-input":{"@type":"PropertyValueSpecification","valueRequired":true,"valueName":"search_term_string"}}],"inLanguage":"en-US"},{"@type":"Person","@id":"https:\/\/akunq.net\/tr\/#\/schema\/person\/096f1d38a12cce57fb855b485ed24c9e","name":"admin","url":"https:\/\/akunq.net\/tr\/?author=7"}]}},"_links":{"self":[{"href":"https:\/\/akunq.net\/tr\/index.php?rest_route=\/wp\/v2\/posts\/66165","targetHints":{"allow":["GET"]}}],"collection":[{"href":"https:\/\/akunq.net\/tr\/index.php?rest_route=\/wp\/v2\/posts"}],"about":[{"href":"https:\/\/akunq.net\/tr\/index.php?rest_route=\/wp\/v2\/types\/post"}],"author":[{"embeddable":true,"href":"https:\/\/akunq.net\/tr\/index.php?rest_route=\/wp\/v2\/users\/7"}],"replies":[{"embeddable":true,"href":"https:\/\/akunq.net\/tr\/index.php?rest_route=%2Fwp%2Fv2%2Fcomments&post=66165"}],"version-history":[{"count":1,"href":"https:\/\/akunq.net\/tr\/index.php?rest_route=\/wp\/v2\/posts\/66165\/revisions"}],"predecessor-version":[{"id":66167,"href":"https:\/\/akunq.net\/tr\/index.php?rest_route=\/wp\/v2\/posts\/66165\/revisions\/66167"}],"wp:featuredmedia":[{"embeddable":true,"href":"https:\/\/akunq.net\/tr\/index.php?rest_route=\/wp\/v2\/media\/66166"}],"wp:attachment":[{"href":"https:\/\/akunq.net\/tr\/index.php?rest_route=%2Fwp%2Fv2%2Fmedia&parent=66165"}],"wp:term":[{"taxonomy":"category","embeddable":true,"href":"https:\/\/akunq.net\/tr\/index.php?rest_route=%2Fwp%2Fv2%2Fcategories&post=66165"},{"taxonomy":"post_tag","embeddable":true,"href":"https:\/\/akunq.net\/tr\/index.php?rest_route=%2Fwp%2Fv2%2Ftags&post=66165"}],"curies":[{"name":"wp","href":"https:\/\/api.w.org\/{rel}","templated":true}]}}