{"id":66153,"date":"2021-12-13T00:46:59","date_gmt":"2021-12-13T05:46:59","guid":{"rendered":"https:\/\/akunq.net\/tr\/?p=66153"},"modified":"2021-12-13T00:46:59","modified_gmt":"2021-12-13T05:46:59","slug":"altayli-turkiye-2024-yilinda-ocalani-tahliye-etmek-zorunda-kalabilir","status":"publish","type":"post","link":"https:\/\/akunq.net\/tr\/?p=66153","title":{"rendered":"Altayl\u0131: T\u00fcrkiye 2024 y\u0131l\u0131nda \u00d6calan\u2019\u0131 tahliye etmek zorunda kalabilir"},"content":{"rendered":"<p><img loading=\"lazy\" decoding=\"async\" class=\"aligncenter size-medium wp-image-66154\" src=\"https:\/\/akunq.net\/tr\/wp-content\/uploads\/2021\/12\/\u0555\u057b\u0561\u056c\u0561\u0576-360x270.jpg\" alt=\"\" width=\"360\" height=\"270\" srcset=\"https:\/\/akunq.net\/tr\/wp-content\/uploads\/sites\/6\/2021\/12\/\u0555\u057b\u0561\u056c\u0561\u0576-360x270.jpg 360w, https:\/\/akunq.net\/tr\/wp-content\/uploads\/sites\/6\/2021\/12\/\u0555\u057b\u0561\u056c\u0561\u0576-260x195.jpg 260w, https:\/\/akunq.net\/tr\/wp-content\/uploads\/sites\/6\/2021\/12\/\u0555\u057b\u0561\u056c\u0561\u0576-160x120.jpg 160w, https:\/\/akunq.net\/tr\/wp-content\/uploads\/sites\/6\/2021\/12\/\u0555\u057b\u0561\u056c\u0561\u0576.jpg 401w\" sizes=\"auto, (max-width: 360px) 100vw, 360px\" \/><\/p>\n<p class=\"detail__spot\"><em><strong>Fatih Altayl\u0131, Abdullah \u00d6calan ile ilgili dikkat \u00e7ekici bir yaz\u0131 kaleme ald\u0131. Fatih Altayl\u0131, &#8220;2024\u2019te bu kez \u201cAbi\u201d \u00d6calan\u2019\u0131 TRT\u2019de st\u00fcdyo konu\u011fu olarak g\u00f6rebilirsiniz.&#8221; dedi.<\/strong><\/em><\/p>\n<p>Fatih Altayl\u0131 Habert\u00fcrk&#8217;te bug\u00fcnk\u00fc &#8220;Vekalet cezalar\u0131&#8221; ba\u015fl\u0131kl\u0131 yaz\u0131s\u0131nda Cumhurba\u015fkanl\u0131\u011f\u0131 Y\u00fcksek \u0130sti\u015fare Kurulu \u00fcyesi B\u00fclent Ar\u0131n\u00e7&#8217;\u0131n a\u00e7\u0131klamalar\u0131na de\u011findi.<\/p>\n<p>&#8220;B\u00fclent Ar\u0131n\u00e7, Habert\u00fcrk\u2019te Mehmet Akif Ersoy\u2019un program\u0131nda \u201cKavala ve Demirta\u015f tahliye edilmeli\u201d dedi diye k\u0131yamet kopuyor iktidar yanl\u0131s\u0131 cenahta.&#8221; diyen Altayl\u0131, &#8220;Hakaretler, k\u00fcf\u00fcrle\u015fmeye varan ele\u015ftiriler. Zaten oralarda birka\u00e7 g\u00fcnd\u00fcr ciddi bir kafa kar\u0131\u015f\u0131kl\u0131\u011f\u0131 ya\u015fan\u0131yor. Cumhurba\u015fkan\u0131\u2019n\u0131n yarg\u0131 ve ekonomide yeni d\u00f6nem s\u00f6ylemine inanan bir grup, Kavala\u2019n\u0131n tahliyesini isterken, giderek iktidarla aras\u0131n\u0131n a\u00e7\u0131ld\u0131\u011f\u0131 izlenimini veren Sabah gazetesi tam tersi man\u015fetlerle \u00e7\u0131k\u0131yor.&#8221; ifadelerini kulland\u0131.<\/p>\n<p>Ar\u0131n\u00e7\u2019\u0131n kendi partisinden yo\u011fun ele\u015ftiriler almas\u0131n\u0131n nedeninin Kavala\u2019n\u0131n yan\u0131na Demirta\u015f\u2019\u0131 da eklemi\u015f oldu\u011funu kaydeden Altayl\u0131, MHP\u2019nin bu noktadaki tavr\u0131n\u0131n anla\u015f\u0131labilir oldu\u011funu ama daha \u00f6nce HADEP\u2019te genel ba\u015fkan yard\u0131mc\u0131l\u0131\u011f\u0131 yapan Mehmet Metiner\u2019in tavr\u0131n\u0131n ise biraz abart\u0131l\u0131 oldu\u011funu s\u00f6yledi.<\/p>\n<p><strong>Altayl\u0131 \u015funlar\u0131 yazd\u0131:<\/strong><\/p>\n<p>&#8220;Ar\u0131n\u00e7\u2019\u0131 Demirta\u015f\u2019\u0131n tahliyesini istedi diye a\u011f\u0131r bir bi\u00e7imde ele\u015ftiriyor.<\/p>\n<p>Demirta\u015f 2016 y\u0131l\u0131ndan bu yana tutuklu.<\/p>\n<p>Hakk\u0131nda iki kez a\u011f\u0131rla\u015ft\u0131r\u0131lm\u0131\u015f m\u00fcebbet ve 486 y\u0131l hapis cezas\u0131 isteniyor.<\/p>\n<p>Benim g\u00f6rd\u00fc\u011f\u00fcm kadar\u0131 ile YPG\u2019nin, PKK\u2019n\u0131n, ba\u015fta ABD ve Bat\u0131&#8217;n\u0131n bu ter\u00f6r \u00f6rg\u00fctlerine verdi\u011fi deste\u011fin, Obama\u2019n\u0131n, Trump\u2019\u0131n ve daha \u00f6fkemizi \u00e7\u0131kartamad\u0131\u011f\u0131m\u0131z kim varsa hepsinin yerine Demirta\u015f\u2019\u0131 cezaland\u0131rmak istiyoruz.<\/p>\n<p>Vekalet sava\u015flar\u0131na misilleme olarak vekalet hukuku.<\/p>\n<p>Birilerinin g\u00f6z\u00fcnde Demirta\u015f t\u00fcm su\u00e7lular\u0131 temsil ediyor ve ona g\u00f6re cezaland\u0131r\u0131lmak isteniyor!<\/p>\n<p>Peki PKK\u2019n\u0131n kurucusu, 40 bin insan\u0131n \u00f6l\u00fcm\u00fcnden sorumlu \u00f6rg\u00fct\u00fcn 20 k\u00fcsur y\u0131l en tepe y\u00f6neticili\u011fini yapan \u00d6calan\u2019a verilen ceza ne hat\u0131rl\u0131yor musunuz?<\/p>\n<p>A\u011f\u0131rla\u015ft\u0131r\u0131lm\u0131\u015f m\u00fcebbet hapis.<\/p>\n<p>Ve Sedat Ergin\u2019in 2014 y\u0131l\u0131nda yazd\u0131\u011f\u0131 bir de\u011ferlendirme yaz\u0131s\u0131na g\u00f6re 2024 y\u0131l\u0131nda \u00d6calan\u2019\u0131n cezas\u0131n\u0131 yeniden de\u011ferlendirmesi gerekiyor T\u00fcrkiye\u2019nin.<\/p>\n<p><strong>&#8220;\u00d6CALAN TAHL\u0130YE ED\u0130LEB\u0130L\u0130R&#8221;<\/strong><\/p>\n<p>Bunun anlam\u0131 \u015fu: \u201cT\u00fcrkiye 2024 y\u0131l\u0131nda \u00d6calan\u2019\u0131 tahliye etmek zorunda kalabilir.\u201d<\/p>\n<p>PKK ter\u00f6r\u00fcnden Demirta\u015f, \u00d6calan\u2019dan daha fazla sorumludur diyorsan\u0131z bilemem.<\/p>\n<p>Ama aksini d\u00fc\u015f\u00fcn\u00fcyorsan\u0131z bence \u015fimdiden bunu tart\u0131\u015fsan\u0131z daha iyi olur.<\/p>\n<p>Yoksa 2024\u2019te bu kez \u201cAbi\u201d \u00d6calan\u2019\u0131 TRT\u2019de st\u00fcdyo konu\u011fu olarak g\u00f6rebilirsiniz.&#8221;<\/p>\n<div class=\"support-box\">\n<p class=\"support-box__text\">Ba\u011f\u0131ms\u0131z bir gazete olarak amac\u0131m\u0131z, insanlara hakikati ula\u015ft\u0131rarak \u00fclkede ger\u00e7ek bir demokrasi ve \u00f6zg\u00fcrl\u00fck ortam\u0131n\u0131n ye\u015fermesine katk\u0131 sunmak. Bu nedenle abonelikten elde etti\u011fimiz geliri, daha iyi bir gazetecili\u011fi hayata ge\u00e7irmek, okurlar\u0131m\u0131z\u0131n daha nitelikli ve g\u00fcvenilir bir zemin \u00fczerinden bilgiyle bulu\u015fmas\u0131n\u0131 sa\u011flamak i\u00e7in kullan\u0131yoruz. \u00c7\u00fcnk\u00fc banka hesab\u0131n\u0131 \u015fi\u015firmek zorunda oldu\u011fumuz bir patronumuz yok; iyi ki de yok.<\/p>\n<p class=\"support-box__text\">Bundan sonra da yolumuza ayn\u0131 sorumluluk bilinciyle devam edece\u011fiz.<\/p>\n<p class=\"support-box__text\">Bu yolculukta bize kat\u0131lmak ve bir g\u00fcn habersiz kalmamak i\u00e7in<br \/>\n<em><strong>https:\/\/www.birgun.net\/haber\/altayli-turkiye-2024-yilinda-ocalan-i-tahliye-etmek-zorunda-kalabilir-323637\u00a0<\/strong><\/em><\/p>\n<\/div>\n","protected":false},"excerpt":{"rendered":"<p>Fatih Altayl\u0131, Abdullah \u00d6calan ile ilgili dikkat \u00e7ekici bir yaz\u0131 kaleme ald\u0131. Fatih Altayl\u0131, &#8220;2024\u2019te bu kez \u201cAbi\u201d \u00d6calan\u2019\u0131 TRT\u2019de st\u00fcdyo konu\u011fu olarak g\u00f6rebilirsiniz.&#8221; dedi. Fatih Altayl\u0131 Habert\u00fcrk&#8217;te bug\u00fcnk\u00fc &#8220;Vekalet cezalar\u0131&#8221; ba\u015fl\u0131kl\u0131 yaz\u0131s\u0131nda Cumhurba\u015fkanl\u0131\u011f\u0131 Y\u00fcksek \u0130sti\u015fare Kurulu \u00fcyesi B\u00fclent Ar\u0131n\u00e7&#8217;\u0131n a\u00e7\u0131klamalar\u0131na de\u011findi. &#8220;B\u00fclent Ar\u0131n\u00e7, Habert\u00fcrk\u2019te Mehmet Akif Ersoy\u2019un program\u0131nda \u201cKavala ve Demirta\u015f tahliye edilmeli\u201d dedi [&hellip;]<\/p>\n","protected":false},"author":7,"featured_media":66154,"comment_status":"open","ping_status":"open","sticky":false,"template":"","format":"standard","meta":{"footnotes":""},"categories":[1],"tags":[],"class_list":["post-66153","post","type-post","status-publish","format-standard","has-post-thumbnail","hentry","category-haberler"],"yoast_head":"<!-- This site is optimized with the Yoast SEO plugin v27.4 - https:\/\/yoast.com\/product\/yoast-seo-wordpress\/ -->\n<title>Altayl\u0131: T\u00fcrkiye 2024 y\u0131l\u0131nda \u00d6calan\u2019\u0131 tahliye etmek zorunda kalabilir - Bati Ermenistan Ve Bati Ermenileri Sorunlari Ara\u015ftirmalar Merkezi<\/title>\n<meta name=\"robots\" content=\"index, follow, max-snippet:-1, max-image-preview:large, max-video-preview:-1\" \/>\n<link rel=\"canonical\" href=\"https:\/\/akunq.net\/tr\/?p=66153\" \/>\n<meta property=\"og:locale\" content=\"en_US\" \/>\n<meta property=\"og:type\" content=\"article\" \/>\n<meta property=\"og:title\" content=\"Altayl\u0131: T\u00fcrkiye 2024 y\u0131l\u0131nda \u00d6calan\u2019\u0131 tahliye etmek zorunda kalabilir - Bati Ermenistan Ve Bati Ermenileri Sorunlari Ara\u015ftirmalar Merkezi\" \/>\n<meta property=\"og:description\" content=\"Fatih Altayl\u0131, Abdullah \u00d6calan ile ilgili dikkat \u00e7ekici bir yaz\u0131 kaleme ald\u0131. Fatih Altayl\u0131, &#8220;2024\u2019te bu kez \u201cAbi\u201d \u00d6calan\u2019\u0131 TRT\u2019de st\u00fcdyo konu\u011fu olarak g\u00f6rebilirsiniz.&#8221; dedi. Fatih Altayl\u0131 Habert\u00fcrk&#8217;te bug\u00fcnk\u00fc &#8220;Vekalet cezalar\u0131&#8221; ba\u015fl\u0131kl\u0131 yaz\u0131s\u0131nda Cumhurba\u015fkanl\u0131\u011f\u0131 Y\u00fcksek \u0130sti\u015fare Kurulu \u00fcyesi B\u00fclent Ar\u0131n\u00e7&#8217;\u0131n a\u00e7\u0131klamalar\u0131na de\u011findi. &#8220;B\u00fclent Ar\u0131n\u00e7, Habert\u00fcrk\u2019te Mehmet Akif Ersoy\u2019un program\u0131nda \u201cKavala ve Demirta\u015f tahliye edilmeli\u201d dedi [&hellip;]\" \/>\n<meta property=\"og:url\" content=\"https:\/\/akunq.net\/tr\/?p=66153\" \/>\n<meta property=\"og:site_name\" content=\"Bati Ermenistan Ve Bati Ermenileri Sorunlari Ara\u015ftirmalar Merkezi\" \/>\n<meta property=\"article:published_time\" content=\"2021-12-13T05:46:59+00:00\" \/>\n<meta property=\"og:image\" content=\"https:\/\/akunq.net\/tr\/wp-content\/uploads\/sites\/6\/2021\/12\/\u0555\u057b\u0561\u056c\u0561\u0576.jpg\" \/>\n\t<meta property=\"og:image:width\" content=\"401\" \/>\n\t<meta property=\"og:image:height\" content=\"300\" \/>\n\t<meta property=\"og:image:type\" content=\"image\/jpeg\" \/>\n<meta name=\"author\" content=\"admin\" \/>\n<meta name=\"twitter:card\" content=\"summary_large_image\" \/>\n<meta name=\"twitter:label1\" content=\"Written by\" \/>\n\t<meta name=\"twitter:data1\" content=\"admin\" \/>\n\t<meta name=\"twitter:label2\" content=\"Est. reading time\" \/>\n\t<meta name=\"twitter:data2\" content=\"3 minutes\" \/>\n<script type=\"application\/ld+json\" class=\"yoast-schema-graph\">{\"@context\":\"https:\\\/\\\/schema.org\",\"@graph\":[{\"@type\":\"Article\",\"@id\":\"https:\\\/\\\/akunq.net\\\/tr\\\/?p=66153#article\",\"isPartOf\":{\"@id\":\"https:\\\/\\\/akunq.net\\\/tr\\\/?p=66153\"},\"author\":{\"name\":\"admin\",\"@id\":\"https:\\\/\\\/akunq.net\\\/tr\\\/#\\\/schema\\\/person\\\/096f1d38a12cce57fb855b485ed24c9e\"},\"headline\":\"Altayl\u0131: T\u00fcrkiye 2024 y\u0131l\u0131nda \u00d6calan\u2019\u0131 tahliye etmek zorunda kalabilir\",\"datePublished\":\"2021-12-13T05:46:59+00:00\",\"mainEntityOfPage\":{\"@id\":\"https:\\\/\\\/akunq.net\\\/tr\\\/?p=66153\"},\"wordCount\":587,\"commentCount\":0,\"image\":{\"@id\":\"https:\\\/\\\/akunq.net\\\/tr\\\/?p=66153#primaryimage\"},\"thumbnailUrl\":\"https:\\\/\\\/akunq.net\\\/tr\\\/wp-content\\\/uploads\\\/sites\\\/6\\\/2021\\\/12\\\/\u0555\u057b\u0561\u056c\u0561\u0576.jpg\",\"articleSection\":[\"Haberler\"],\"inLanguage\":\"en-US\",\"potentialAction\":[{\"@type\":\"CommentAction\",\"name\":\"Comment\",\"target\":[\"https:\\\/\\\/akunq.net\\\/tr\\\/?p=66153#respond\"]}]},{\"@type\":\"WebPage\",\"@id\":\"https:\\\/\\\/akunq.net\\\/tr\\\/?p=66153\",\"url\":\"https:\\\/\\\/akunq.net\\\/tr\\\/?p=66153\",\"name\":\"Altayl\u0131: T\u00fcrkiye 2024 y\u0131l\u0131nda \u00d6calan\u2019\u0131 tahliye etmek zorunda kalabilir - Bati Ermenistan Ve Bati Ermenileri Sorunlari Ara\u015ftirmalar Merkezi\",\"isPartOf\":{\"@id\":\"https:\\\/\\\/akunq.net\\\/tr\\\/#website\"},\"primaryImageOfPage\":{\"@id\":\"https:\\\/\\\/akunq.net\\\/tr\\\/?p=66153#primaryimage\"},\"image\":{\"@id\":\"https:\\\/\\\/akunq.net\\\/tr\\\/?p=66153#primaryimage\"},\"thumbnailUrl\":\"https:\\\/\\\/akunq.net\\\/tr\\\/wp-content\\\/uploads\\\/sites\\\/6\\\/2021\\\/12\\\/\u0555\u057b\u0561\u056c\u0561\u0576.jpg\",\"datePublished\":\"2021-12-13T05:46:59+00:00\",\"author\":{\"@id\":\"https:\\\/\\\/akunq.net\\\/tr\\\/#\\\/schema\\\/person\\\/096f1d38a12cce57fb855b485ed24c9e\"},\"breadcrumb\":{\"@id\":\"https:\\\/\\\/akunq.net\\\/tr\\\/?p=66153#breadcrumb\"},\"inLanguage\":\"en-US\",\"potentialAction\":[{\"@type\":\"ReadAction\",\"target\":[\"https:\\\/\\\/akunq.net\\\/tr\\\/?p=66153\"]}]},{\"@type\":\"ImageObject\",\"inLanguage\":\"en-US\",\"@id\":\"https:\\\/\\\/akunq.net\\\/tr\\\/?p=66153#primaryimage\",\"url\":\"https:\\\/\\\/akunq.net\\\/tr\\\/wp-content\\\/uploads\\\/sites\\\/6\\\/2021\\\/12\\\/\u0555\u057b\u0561\u056c\u0561\u0576.jpg\",\"contentUrl\":\"https:\\\/\\\/akunq.net\\\/tr\\\/wp-content\\\/uploads\\\/sites\\\/6\\\/2021\\\/12\\\/\u0555\u057b\u0561\u056c\u0561\u0576.jpg\",\"width\":401,\"height\":300},{\"@type\":\"BreadcrumbList\",\"@id\":\"https:\\\/\\\/akunq.net\\\/tr\\\/?p=66153#breadcrumb\",\"itemListElement\":[{\"@type\":\"ListItem\",\"position\":1,\"name\":\"Home\",\"item\":\"https:\\\/\\\/akunq.net\\\/tr\"},{\"@type\":\"ListItem\",\"position\":2,\"name\":\"Altayl\u0131: T\u00fcrkiye 2024 y\u0131l\u0131nda \u00d6calan\u2019\u0131 tahliye etmek zorunda kalabilir\"}]},{\"@type\":\"WebSite\",\"@id\":\"https:\\\/\\\/akunq.net\\\/tr\\\/#website\",\"url\":\"https:\\\/\\\/akunq.net\\\/tr\\\/\",\"name\":\"Bati Ermenistan Ve Bati Ermenileri Sorunlari Ara\u015ftirmalar Merkezi\",\"description\":\"\",\"potentialAction\":[{\"@type\":\"SearchAction\",\"target\":{\"@type\":\"EntryPoint\",\"urlTemplate\":\"https:\\\/\\\/akunq.net\\\/tr\\\/?s={search_term_string}\"},\"query-input\":{\"@type\":\"PropertyValueSpecification\",\"valueRequired\":true,\"valueName\":\"search_term_string\"}}],\"inLanguage\":\"en-US\"},{\"@type\":\"Person\",\"@id\":\"https:\\\/\\\/akunq.net\\\/tr\\\/#\\\/schema\\\/person\\\/096f1d38a12cce57fb855b485ed24c9e\",\"name\":\"admin\",\"url\":\"https:\\\/\\\/akunq.net\\\/tr\\\/?author=7\"}]}<\/script>\n<!-- \/ Yoast SEO plugin. -->","yoast_head_json":{"title":"Altayl\u0131: T\u00fcrkiye 2024 y\u0131l\u0131nda \u00d6calan\u2019\u0131 tahliye etmek zorunda kalabilir - Bati Ermenistan Ve Bati Ermenileri Sorunlari Ara\u015ftirmalar Merkezi","robots":{"index":"index","follow":"follow","max-snippet":"max-snippet:-1","max-image-preview":"max-image-preview:large","max-video-preview":"max-video-preview:-1"},"canonical":"https:\/\/akunq.net\/tr\/?p=66153","og_locale":"en_US","og_type":"article","og_title":"Altayl\u0131: T\u00fcrkiye 2024 y\u0131l\u0131nda \u00d6calan\u2019\u0131 tahliye etmek zorunda kalabilir - Bati Ermenistan Ve Bati Ermenileri Sorunlari Ara\u015ftirmalar Merkezi","og_description":"Fatih Altayl\u0131, Abdullah \u00d6calan ile ilgili dikkat \u00e7ekici bir yaz\u0131 kaleme ald\u0131. Fatih Altayl\u0131, &#8220;2024\u2019te bu kez \u201cAbi\u201d \u00d6calan\u2019\u0131 TRT\u2019de st\u00fcdyo konu\u011fu olarak g\u00f6rebilirsiniz.&#8221; dedi. Fatih Altayl\u0131 Habert\u00fcrk&#8217;te bug\u00fcnk\u00fc &#8220;Vekalet cezalar\u0131&#8221; ba\u015fl\u0131kl\u0131 yaz\u0131s\u0131nda Cumhurba\u015fkanl\u0131\u011f\u0131 Y\u00fcksek \u0130sti\u015fare Kurulu \u00fcyesi B\u00fclent Ar\u0131n\u00e7&#8217;\u0131n a\u00e7\u0131klamalar\u0131na de\u011findi. &#8220;B\u00fclent Ar\u0131n\u00e7, Habert\u00fcrk\u2019te Mehmet Akif Ersoy\u2019un program\u0131nda \u201cKavala ve Demirta\u015f tahliye edilmeli\u201d dedi [&hellip;]","og_url":"https:\/\/akunq.net\/tr\/?p=66153","og_site_name":"Bati Ermenistan Ve Bati Ermenileri Sorunlari Ara\u015ftirmalar Merkezi","article_published_time":"2021-12-13T05:46:59+00:00","og_image":[{"width":401,"height":300,"url":"https:\/\/akunq.net\/tr\/wp-content\/uploads\/sites\/6\/2021\/12\/\u0555\u057b\u0561\u056c\u0561\u0576.jpg","type":"image\/jpeg"}],"author":"admin","twitter_card":"summary_large_image","twitter_misc":{"Written by":"admin","Est. reading time":"3 minutes"},"schema":{"@context":"https:\/\/schema.org","@graph":[{"@type":"Article","@id":"https:\/\/akunq.net\/tr\/?p=66153#article","isPartOf":{"@id":"https:\/\/akunq.net\/tr\/?p=66153"},"author":{"name":"admin","@id":"https:\/\/akunq.net\/tr\/#\/schema\/person\/096f1d38a12cce57fb855b485ed24c9e"},"headline":"Altayl\u0131: T\u00fcrkiye 2024 y\u0131l\u0131nda \u00d6calan\u2019\u0131 tahliye etmek zorunda kalabilir","datePublished":"2021-12-13T05:46:59+00:00","mainEntityOfPage":{"@id":"https:\/\/akunq.net\/tr\/?p=66153"},"wordCount":587,"commentCount":0,"image":{"@id":"https:\/\/akunq.net\/tr\/?p=66153#primaryimage"},"thumbnailUrl":"https:\/\/akunq.net\/tr\/wp-content\/uploads\/sites\/6\/2021\/12\/\u0555\u057b\u0561\u056c\u0561\u0576.jpg","articleSection":["Haberler"],"inLanguage":"en-US","potentialAction":[{"@type":"CommentAction","name":"Comment","target":["https:\/\/akunq.net\/tr\/?p=66153#respond"]}]},{"@type":"WebPage","@id":"https:\/\/akunq.net\/tr\/?p=66153","url":"https:\/\/akunq.net\/tr\/?p=66153","name":"Altayl\u0131: T\u00fcrkiye 2024 y\u0131l\u0131nda \u00d6calan\u2019\u0131 tahliye etmek zorunda kalabilir - Bati Ermenistan Ve Bati Ermenileri Sorunlari Ara\u015ftirmalar Merkezi","isPartOf":{"@id":"https:\/\/akunq.net\/tr\/#website"},"primaryImageOfPage":{"@id":"https:\/\/akunq.net\/tr\/?p=66153#primaryimage"},"image":{"@id":"https:\/\/akunq.net\/tr\/?p=66153#primaryimage"},"thumbnailUrl":"https:\/\/akunq.net\/tr\/wp-content\/uploads\/sites\/6\/2021\/12\/\u0555\u057b\u0561\u056c\u0561\u0576.jpg","datePublished":"2021-12-13T05:46:59+00:00","author":{"@id":"https:\/\/akunq.net\/tr\/#\/schema\/person\/096f1d38a12cce57fb855b485ed24c9e"},"breadcrumb":{"@id":"https:\/\/akunq.net\/tr\/?p=66153#breadcrumb"},"inLanguage":"en-US","potentialAction":[{"@type":"ReadAction","target":["https:\/\/akunq.net\/tr\/?p=66153"]}]},{"@type":"ImageObject","inLanguage":"en-US","@id":"https:\/\/akunq.net\/tr\/?p=66153#primaryimage","url":"https:\/\/akunq.net\/tr\/wp-content\/uploads\/sites\/6\/2021\/12\/\u0555\u057b\u0561\u056c\u0561\u0576.jpg","contentUrl":"https:\/\/akunq.net\/tr\/wp-content\/uploads\/sites\/6\/2021\/12\/\u0555\u057b\u0561\u056c\u0561\u0576.jpg","width":401,"height":300},{"@type":"BreadcrumbList","@id":"https:\/\/akunq.net\/tr\/?p=66153#breadcrumb","itemListElement":[{"@type":"ListItem","position":1,"name":"Home","item":"https:\/\/akunq.net\/tr"},{"@type":"ListItem","position":2,"name":"Altayl\u0131: T\u00fcrkiye 2024 y\u0131l\u0131nda \u00d6calan\u2019\u0131 tahliye etmek zorunda kalabilir"}]},{"@type":"WebSite","@id":"https:\/\/akunq.net\/tr\/#website","url":"https:\/\/akunq.net\/tr\/","name":"Bati Ermenistan Ve Bati Ermenileri Sorunlari Ara\u015ftirmalar Merkezi","description":"","potentialAction":[{"@type":"SearchAction","target":{"@type":"EntryPoint","urlTemplate":"https:\/\/akunq.net\/tr\/?s={search_term_string}"},"query-input":{"@type":"PropertyValueSpecification","valueRequired":true,"valueName":"search_term_string"}}],"inLanguage":"en-US"},{"@type":"Person","@id":"https:\/\/akunq.net\/tr\/#\/schema\/person\/096f1d38a12cce57fb855b485ed24c9e","name":"admin","url":"https:\/\/akunq.net\/tr\/?author=7"}]}},"_links":{"self":[{"href":"https:\/\/akunq.net\/tr\/index.php?rest_route=\/wp\/v2\/posts\/66153","targetHints":{"allow":["GET"]}}],"collection":[{"href":"https:\/\/akunq.net\/tr\/index.php?rest_route=\/wp\/v2\/posts"}],"about":[{"href":"https:\/\/akunq.net\/tr\/index.php?rest_route=\/wp\/v2\/types\/post"}],"author":[{"embeddable":true,"href":"https:\/\/akunq.net\/tr\/index.php?rest_route=\/wp\/v2\/users\/7"}],"replies":[{"embeddable":true,"href":"https:\/\/akunq.net\/tr\/index.php?rest_route=%2Fwp%2Fv2%2Fcomments&post=66153"}],"version-history":[{"count":1,"href":"https:\/\/akunq.net\/tr\/index.php?rest_route=\/wp\/v2\/posts\/66153\/revisions"}],"predecessor-version":[{"id":66155,"href":"https:\/\/akunq.net\/tr\/index.php?rest_route=\/wp\/v2\/posts\/66153\/revisions\/66155"}],"wp:featuredmedia":[{"embeddable":true,"href":"https:\/\/akunq.net\/tr\/index.php?rest_route=\/wp\/v2\/media\/66154"}],"wp:attachment":[{"href":"https:\/\/akunq.net\/tr\/index.php?rest_route=%2Fwp%2Fv2%2Fmedia&parent=66153"}],"wp:term":[{"taxonomy":"category","embeddable":true,"href":"https:\/\/akunq.net\/tr\/index.php?rest_route=%2Fwp%2Fv2%2Fcategories&post=66153"},{"taxonomy":"post_tag","embeddable":true,"href":"https:\/\/akunq.net\/tr\/index.php?rest_route=%2Fwp%2Fv2%2Ftags&post=66153"}],"curies":[{"name":"wp","href":"https:\/\/api.w.org\/{rel}","templated":true}]}}