{"id":66145,"date":"2021-12-10T02:19:05","date_gmt":"2021-12-10T07:19:05","guid":{"rendered":"https:\/\/akunq.net\/tr\/?p=66145"},"modified":"2021-12-10T02:19:05","modified_gmt":"2021-12-10T07:19:05","slug":"mecliste-el-hareketi-ve-kufur-gerginligi","status":"publish","type":"post","link":"https:\/\/akunq.net\/tr\/?p=66145","title":{"rendered":"Meclis&#8217;te &#8216;el hareketi&#8217; ve &#8216;k\u00fcf\u00fcr&#8217; gerginli\u011fi"},"content":{"rendered":"<div class=\"article__header\">\n<div><img loading=\"lazy\" decoding=\"async\" class=\"aligncenter size-medium wp-image-66146\" src=\"https:\/\/akunq.net\/tr\/wp-content\/uploads\/2021\/12\/TBMM-360x162.jpg\" alt=\"\" width=\"360\" height=\"162\" srcset=\"https:\/\/akunq.net\/tr\/wp-content\/uploads\/sites\/6\/2021\/12\/TBMM-360x162.jpg 360w, https:\/\/akunq.net\/tr\/wp-content\/uploads\/sites\/6\/2021\/12\/TBMM-768x346.jpg 768w, https:\/\/akunq.net\/tr\/wp-content\/uploads\/sites\/6\/2021\/12\/TBMM-560x252.jpg 560w, https:\/\/akunq.net\/tr\/wp-content\/uploads\/sites\/6\/2021\/12\/TBMM-260x117.jpg 260w, https:\/\/akunq.net\/tr\/wp-content\/uploads\/sites\/6\/2021\/12\/TBMM-160x72.jpg 160w, https:\/\/akunq.net\/tr\/wp-content\/uploads\/sites\/6\/2021\/12\/TBMM.jpg 800w\" sizes=\"auto, (max-width: 360px) 100vw, 360px\" \/><\/div>\n<div class=\"article__announce-text\"><em><strong>TBMM Genel Kurulu&#8217;nda \u0130Y\u0130 Parti Denizli Milletvekili Yasin \u00d6zt\u00fcrk&#8217;\u00fcn, AK Partili Z\u00fcht\u00fc Demirba\u011f&#8217;a el hareketi yap\u0131p k\u00fcfretmesinin duyulmas\u0131 \u00fczerine gerginlik ya\u015fand\u0131. AK Partili kad\u0131n milletvekilleri \u00d6zt\u00fcrk&#8217;e tepki g\u00f6sterip, \u00f6z\u00fcr dilemesini istedi.<\/strong><\/em><\/div>\n<\/div>\n<div class=\"article__body\">\n<div class=\"article__block\" data-type=\"text\">\n<div><\/div>\n<div class=\"article__text\"><strong>Meclis Genel Kurulu<\/strong>&#8216;nda Hazine ve Maliye Bakanl\u0131\u011f\u0131 ile Ticaret Bakanl\u0131\u011f\u0131&#8217;n\u0131n 2022 y\u0131l\u0131 b\u00fct\u00e7e g\u00f6r\u00fc\u015fmelerinde \u00fcslup tart\u0131\u015fmas\u0131 ya\u015fand\u0131.<\/div>\n<\/div>\n<div class=\"article__block\" data-type=\"h2\">\n<h2 class=\"article__h2\">Turan: Yanl\u0131\u015f \u00fcslup do\u011fru \u00fcslubun cellad\u0131<\/h2>\n<\/div>\n<div class=\"article__block\" data-type=\"text\">\n<div class=\"article__text\">\u0130Y\u0130 Parti grubunun konu\u015fmas\u0131n\u0131n ard\u0131ndan AK Parti Grup Ba\u015fkanvekili B\u00fclent Turan, &#8220;\u00dcsluba dikkat etmek gerekir, yanl\u0131\u015f \u00fcslup do\u011fru \u00fcslubun cellad\u0131&#8221; dedi.<\/div>\n<\/div>\n<div class=\"article__block\" data-type=\"text\">\n<div class=\"article__text\">Turan, baz\u0131 hatiplerin konu\u015fmalar\u0131 s\u0131ras\u0131ndaki \u00f6nerilerini dikkate ald\u0131klar\u0131n\u0131 ancak baz\u0131 milletvekillerinin konu\u015fmalar\u0131n\u0131n incitici oldu\u011funu s\u00f6yledi. Turan, incitici konu\u015fma \u00fcslubundan vazge\u00e7ilmesinin, g\u00f6r\u00fc\u015fmelere de olumlu katk\u0131 sunaca\u011f\u0131n\u0131 dile getirdi.<\/div>\n<\/div>\n<div class=\"article__block\" data-type=\"h2\">\n<h2 class=\"article__h2\">Usta: Hi\u00e7 kimsede \u00fcslup sorunu yok<\/h2>\n<\/div>\n<div class=\"article__block\" data-type=\"text\">\n<div class=\"article__text\">\u0130Y\u0130 Parti Grup Ba\u015fkanvekili Erhan Usta ise\u00a0<em>&#8220;Bizim burada i\u00e7imiz yan\u0131yor. Sadece 39 g\u00fcndeki bor\u00e7 art\u0131\u015f\u0131 606 milyar lira. Bir ayda toplad\u0131\u011f\u0131n\u0131z verginin 6.3 kat\u0131 bor\u00e7 olarak yans\u0131yor. Elbette bu durum kar\u015f\u0131s\u0131nda \u00f6fkeleniyoruz. Hi\u00e7 kimsede \u00fcslup sorunu yok. Biz sizin \u00fcslubunuzu biliyoruz. D\u00fcn ak\u015fam burada \u00e7ok yak\u0131ndan g\u00f6rd\u00fck. Sizin, bakanlar\u0131n\u0131z\u0131n \u00fcslubunu g\u00f6rd\u00fck. Dolay\u0131s\u0131yla sizin hi\u00e7 kimseye verecek bir \u00fcslup dersiniz olamaz<\/em>&#8221; diye kar\u015f\u0131l\u0131k verdi.<\/div>\n<\/div>\n<div class=\"article__block\" data-type=\"banner\" data-position=\"1\"><\/div>\n<div class=\"article__block\" data-type=\"text\">\n<div class=\"article__text\">\u00c7\u0131kan tart\u0131\u015fma \u00fczerine TBMM Ba\u015fkanvekili Nimetullah Erdo\u011fmu\u015f, birle\u015fime ara verdi. Aran\u0131n ard\u0131ndan g\u00f6r\u00fc\u015fmelere devam edildi.<\/div>\n<\/div>\n<div class=\"article__block\" data-type=\"text\">\n<div class=\"article__text\">DHA&#8217;n\u0131n haberine g\u00f6re AK Parti Grup Ba\u015fkanvekili B\u00fclent Turan&#8217;\u0131n \u00fcslup uyar\u0131s\u0131na \u0130Y\u0130 Parti Denizli Milletvekili Yasin \u00d6zt\u00fcrk,\u00a0<em>&#8220;Beni mi kast ediyorsun?&#8221;\u00a0<\/em>diye laf att\u0131. Bu s\u0131rada AK Parti Elaz\u0131\u011f Milletvekili Z\u00fclf\u00fc Demirba\u011f, &#8220;Senden kazand\u0131\u011f\u0131m tazminat\u0131 \u00f6de \u00f6nce&#8221; kar\u015f\u0131l\u0131\u011f\u0131n\u0131 verdi. Bunun \u00fczerine Yasin \u00d6zt\u00fcrk&#8217;\u00fcn el ve ayak hareketi yapt\u0131\u011f\u0131 g\u00f6r\u00fcl\u00fcrken k\u00fcfretti\u011fi de duyuldu. Bu s\u00f6zler \u00fczerine AK Parti Grup Ba\u015fkanvekili B\u00fclent Turan ba\u015fta olmak \u00fczere AK Partili milletvekilleri \u0130Y\u0130 Parti s\u0131ralar\u0131na y\u00fcr\u00fcd\u00fc.<\/div>\n<\/div>\n<div class=\"article__block\" data-type=\"text\">\n<div class=\"article__text\">Genel Kurul&#8217;da bulunan AK Partili kad\u0131n milletvekilleri Oya Eronat, Sermin Bal\u0131k, J\u00fclide \u0130skendero\u011flu, Fatma Aksal ve H\u00fclya Nergis, Yasin \u00d6zt\u00fcrk&#8217;e ba\u011f\u0131rarak tepki g\u00f6sterdi. Masalara vuran kad\u0131n milletvekilleri, Meclis&#8217;te temiz bir dil istediklerini belirterek el hareketleri ve k\u00fcf\u00fcrlerden rahats\u0131z olduklar\u0131n\u0131 belirtti. Kad\u0131n milletvekilleri \u0130Y\u0130 Parti Grup Ba\u015fkan\u0131 M\u00fcsavat Dervi\u015fo\u011flu&#8217;nun yan\u0131na giderek Yasin \u00d6zt\u00fcrk&#8217;\u00fcn kendilerinden \u00f6z\u00fcr dilemesini istedi.<\/div>\n<div><em><strong>https:\/\/tr.sputniknews.com\/20211209\/mecliste-el-hareketi-ve-kufur-gerginligi-1051623119.html\u00a0<\/strong><\/em><\/div>\n<\/div>\n<\/div>\n","protected":false},"excerpt":{"rendered":"<p>TBMM Genel Kurulu&#8217;nda \u0130Y\u0130 Parti Denizli Milletvekili Yasin \u00d6zt\u00fcrk&#8217;\u00fcn, AK Partili Z\u00fcht\u00fc Demirba\u011f&#8217;a el hareketi yap\u0131p k\u00fcfretmesinin duyulmas\u0131 \u00fczerine gerginlik ya\u015fand\u0131. AK Partili kad\u0131n milletvekilleri \u00d6zt\u00fcrk&#8217;e tepki g\u00f6sterip, \u00f6z\u00fcr dilemesini istedi. Meclis Genel Kurulu&#8216;nda Hazine ve Maliye Bakanl\u0131\u011f\u0131 ile Ticaret Bakanl\u0131\u011f\u0131&#8217;n\u0131n 2022 y\u0131l\u0131 b\u00fct\u00e7e g\u00f6r\u00fc\u015fmelerinde \u00fcslup tart\u0131\u015fmas\u0131 ya\u015fand\u0131. Turan: Yanl\u0131\u015f \u00fcslup do\u011fru \u00fcslubun cellad\u0131 \u0130Y\u0130 [&hellip;]<\/p>\n","protected":false},"author":7,"featured_media":66146,"comment_status":"open","ping_status":"open","sticky":false,"template":"","format":"standard","meta":{"footnotes":""},"categories":[1],"tags":[],"class_list":["post-66145","post","type-post","status-publish","format-standard","has-post-thumbnail","hentry","category-haberler"],"yoast_head":"<!-- This site is optimized with the Yoast SEO plugin v27.4 - https:\/\/yoast.com\/product\/yoast-seo-wordpress\/ -->\n<title>Meclis&#039;te &#039;el hareketi&#039; ve &#039;k\u00fcf\u00fcr&#039; gerginli\u011fi - Bati Ermenistan Ve Bati Ermenileri Sorunlari Ara\u015ftirmalar Merkezi<\/title>\n<meta name=\"robots\" content=\"index, follow, max-snippet:-1, max-image-preview:large, max-video-preview:-1\" \/>\n<link rel=\"canonical\" href=\"https:\/\/akunq.net\/tr\/?p=66145\" \/>\n<meta property=\"og:locale\" content=\"en_US\" \/>\n<meta property=\"og:type\" content=\"article\" \/>\n<meta property=\"og:title\" content=\"Meclis&#039;te &#039;el hareketi&#039; ve &#039;k\u00fcf\u00fcr&#039; gerginli\u011fi - Bati Ermenistan Ve Bati Ermenileri Sorunlari Ara\u015ftirmalar Merkezi\" \/>\n<meta property=\"og:description\" content=\"TBMM Genel Kurulu&#8217;nda \u0130Y\u0130 Parti Denizli Milletvekili Yasin \u00d6zt\u00fcrk&#8217;\u00fcn, AK Partili Z\u00fcht\u00fc Demirba\u011f&#8217;a el hareketi yap\u0131p k\u00fcfretmesinin duyulmas\u0131 \u00fczerine gerginlik ya\u015fand\u0131. AK Partili kad\u0131n milletvekilleri \u00d6zt\u00fcrk&#8217;e tepki g\u00f6sterip, \u00f6z\u00fcr dilemesini istedi. Meclis Genel Kurulu&#8216;nda Hazine ve Maliye Bakanl\u0131\u011f\u0131 ile Ticaret Bakanl\u0131\u011f\u0131&#8217;n\u0131n 2022 y\u0131l\u0131 b\u00fct\u00e7e g\u00f6r\u00fc\u015fmelerinde \u00fcslup tart\u0131\u015fmas\u0131 ya\u015fand\u0131. Turan: Yanl\u0131\u015f \u00fcslup do\u011fru \u00fcslubun cellad\u0131 \u0130Y\u0130 [&hellip;]\" \/>\n<meta property=\"og:url\" content=\"https:\/\/akunq.net\/tr\/?p=66145\" \/>\n<meta property=\"og:site_name\" content=\"Bati Ermenistan Ve Bati Ermenileri Sorunlari Ara\u015ftirmalar Merkezi\" \/>\n<meta property=\"article:published_time\" content=\"2021-12-10T07:19:05+00:00\" \/>\n<meta property=\"og:image\" content=\"https:\/\/akunq.net\/tr\/wp-content\/uploads\/sites\/6\/2021\/12\/TBMM.jpg\" \/>\n\t<meta property=\"og:image:width\" content=\"800\" \/>\n\t<meta property=\"og:image:height\" content=\"360\" \/>\n\t<meta property=\"og:image:type\" content=\"image\/jpeg\" \/>\n<meta name=\"author\" content=\"admin\" \/>\n<meta name=\"twitter:card\" content=\"summary_large_image\" \/>\n<meta name=\"twitter:label1\" content=\"Written by\" \/>\n\t<meta name=\"twitter:data1\" content=\"admin\" \/>\n\t<meta name=\"twitter:label2\" content=\"Est. reading time\" \/>\n\t<meta name=\"twitter:data2\" content=\"2 minutes\" \/>\n<script type=\"application\/ld+json\" class=\"yoast-schema-graph\">{\"@context\":\"https:\\\/\\\/schema.org\",\"@graph\":[{\"@type\":\"Article\",\"@id\":\"https:\\\/\\\/akunq.net\\\/tr\\\/?p=66145#article\",\"isPartOf\":{\"@id\":\"https:\\\/\\\/akunq.net\\\/tr\\\/?p=66145\"},\"author\":{\"name\":\"admin\",\"@id\":\"https:\\\/\\\/akunq.net\\\/tr\\\/#\\\/schema\\\/person\\\/096f1d38a12cce57fb855b485ed24c9e\"},\"headline\":\"Meclis&#8217;te &#8216;el hareketi&#8217; ve &#8216;k\u00fcf\u00fcr&#8217; gerginli\u011fi\",\"datePublished\":\"2021-12-10T07:19:05+00:00\",\"mainEntityOfPage\":{\"@id\":\"https:\\\/\\\/akunq.net\\\/tr\\\/?p=66145\"},\"wordCount\":449,\"commentCount\":0,\"image\":{\"@id\":\"https:\\\/\\\/akunq.net\\\/tr\\\/?p=66145#primaryimage\"},\"thumbnailUrl\":\"https:\\\/\\\/akunq.net\\\/tr\\\/wp-content\\\/uploads\\\/sites\\\/6\\\/2021\\\/12\\\/TBMM.jpg\",\"articleSection\":[\"Haberler\"],\"inLanguage\":\"en-US\",\"potentialAction\":[{\"@type\":\"CommentAction\",\"name\":\"Comment\",\"target\":[\"https:\\\/\\\/akunq.net\\\/tr\\\/?p=66145#respond\"]}]},{\"@type\":\"WebPage\",\"@id\":\"https:\\\/\\\/akunq.net\\\/tr\\\/?p=66145\",\"url\":\"https:\\\/\\\/akunq.net\\\/tr\\\/?p=66145\",\"name\":\"Meclis'te 'el hareketi' ve 'k\u00fcf\u00fcr' gerginli\u011fi - Bati Ermenistan Ve Bati Ermenileri Sorunlari Ara\u015ftirmalar Merkezi\",\"isPartOf\":{\"@id\":\"https:\\\/\\\/akunq.net\\\/tr\\\/#website\"},\"primaryImageOfPage\":{\"@id\":\"https:\\\/\\\/akunq.net\\\/tr\\\/?p=66145#primaryimage\"},\"image\":{\"@id\":\"https:\\\/\\\/akunq.net\\\/tr\\\/?p=66145#primaryimage\"},\"thumbnailUrl\":\"https:\\\/\\\/akunq.net\\\/tr\\\/wp-content\\\/uploads\\\/sites\\\/6\\\/2021\\\/12\\\/TBMM.jpg\",\"datePublished\":\"2021-12-10T07:19:05+00:00\",\"author\":{\"@id\":\"https:\\\/\\\/akunq.net\\\/tr\\\/#\\\/schema\\\/person\\\/096f1d38a12cce57fb855b485ed24c9e\"},\"breadcrumb\":{\"@id\":\"https:\\\/\\\/akunq.net\\\/tr\\\/?p=66145#breadcrumb\"},\"inLanguage\":\"en-US\",\"potentialAction\":[{\"@type\":\"ReadAction\",\"target\":[\"https:\\\/\\\/akunq.net\\\/tr\\\/?p=66145\"]}]},{\"@type\":\"ImageObject\",\"inLanguage\":\"en-US\",\"@id\":\"https:\\\/\\\/akunq.net\\\/tr\\\/?p=66145#primaryimage\",\"url\":\"https:\\\/\\\/akunq.net\\\/tr\\\/wp-content\\\/uploads\\\/sites\\\/6\\\/2021\\\/12\\\/TBMM.jpg\",\"contentUrl\":\"https:\\\/\\\/akunq.net\\\/tr\\\/wp-content\\\/uploads\\\/sites\\\/6\\\/2021\\\/12\\\/TBMM.jpg\",\"width\":800,\"height\":360},{\"@type\":\"BreadcrumbList\",\"@id\":\"https:\\\/\\\/akunq.net\\\/tr\\\/?p=66145#breadcrumb\",\"itemListElement\":[{\"@type\":\"ListItem\",\"position\":1,\"name\":\"Home\",\"item\":\"https:\\\/\\\/akunq.net\\\/tr\"},{\"@type\":\"ListItem\",\"position\":2,\"name\":\"Meclis&#8217;te &#8216;el hareketi&#8217; ve &#8216;k\u00fcf\u00fcr&#8217; gerginli\u011fi\"}]},{\"@type\":\"WebSite\",\"@id\":\"https:\\\/\\\/akunq.net\\\/tr\\\/#website\",\"url\":\"https:\\\/\\\/akunq.net\\\/tr\\\/\",\"name\":\"Bati Ermenistan Ve Bati Ermenileri Sorunlari Ara\u015ftirmalar Merkezi\",\"description\":\"\",\"potentialAction\":[{\"@type\":\"SearchAction\",\"target\":{\"@type\":\"EntryPoint\",\"urlTemplate\":\"https:\\\/\\\/akunq.net\\\/tr\\\/?s={search_term_string}\"},\"query-input\":{\"@type\":\"PropertyValueSpecification\",\"valueRequired\":true,\"valueName\":\"search_term_string\"}}],\"inLanguage\":\"en-US\"},{\"@type\":\"Person\",\"@id\":\"https:\\\/\\\/akunq.net\\\/tr\\\/#\\\/schema\\\/person\\\/096f1d38a12cce57fb855b485ed24c9e\",\"name\":\"admin\",\"url\":\"https:\\\/\\\/akunq.net\\\/tr\\\/?author=7\"}]}<\/script>\n<!-- \/ Yoast SEO plugin. -->","yoast_head_json":{"title":"Meclis'te 'el hareketi' ve 'k\u00fcf\u00fcr' gerginli\u011fi - Bati Ermenistan Ve Bati Ermenileri Sorunlari Ara\u015ftirmalar Merkezi","robots":{"index":"index","follow":"follow","max-snippet":"max-snippet:-1","max-image-preview":"max-image-preview:large","max-video-preview":"max-video-preview:-1"},"canonical":"https:\/\/akunq.net\/tr\/?p=66145","og_locale":"en_US","og_type":"article","og_title":"Meclis'te 'el hareketi' ve 'k\u00fcf\u00fcr' gerginli\u011fi - Bati Ermenistan Ve Bati Ermenileri Sorunlari Ara\u015ftirmalar Merkezi","og_description":"TBMM Genel Kurulu&#8217;nda \u0130Y\u0130 Parti Denizli Milletvekili Yasin \u00d6zt\u00fcrk&#8217;\u00fcn, AK Partili Z\u00fcht\u00fc Demirba\u011f&#8217;a el hareketi yap\u0131p k\u00fcfretmesinin duyulmas\u0131 \u00fczerine gerginlik ya\u015fand\u0131. AK Partili kad\u0131n milletvekilleri \u00d6zt\u00fcrk&#8217;e tepki g\u00f6sterip, \u00f6z\u00fcr dilemesini istedi. Meclis Genel Kurulu&#8216;nda Hazine ve Maliye Bakanl\u0131\u011f\u0131 ile Ticaret Bakanl\u0131\u011f\u0131&#8217;n\u0131n 2022 y\u0131l\u0131 b\u00fct\u00e7e g\u00f6r\u00fc\u015fmelerinde \u00fcslup tart\u0131\u015fmas\u0131 ya\u015fand\u0131. Turan: Yanl\u0131\u015f \u00fcslup do\u011fru \u00fcslubun cellad\u0131 \u0130Y\u0130 [&hellip;]","og_url":"https:\/\/akunq.net\/tr\/?p=66145","og_site_name":"Bati Ermenistan Ve Bati Ermenileri Sorunlari Ara\u015ftirmalar Merkezi","article_published_time":"2021-12-10T07:19:05+00:00","og_image":[{"width":800,"height":360,"url":"https:\/\/akunq.net\/tr\/wp-content\/uploads\/sites\/6\/2021\/12\/TBMM.jpg","type":"image\/jpeg"}],"author":"admin","twitter_card":"summary_large_image","twitter_misc":{"Written by":"admin","Est. reading time":"2 minutes"},"schema":{"@context":"https:\/\/schema.org","@graph":[{"@type":"Article","@id":"https:\/\/akunq.net\/tr\/?p=66145#article","isPartOf":{"@id":"https:\/\/akunq.net\/tr\/?p=66145"},"author":{"name":"admin","@id":"https:\/\/akunq.net\/tr\/#\/schema\/person\/096f1d38a12cce57fb855b485ed24c9e"},"headline":"Meclis&#8217;te &#8216;el hareketi&#8217; ve &#8216;k\u00fcf\u00fcr&#8217; gerginli\u011fi","datePublished":"2021-12-10T07:19:05+00:00","mainEntityOfPage":{"@id":"https:\/\/akunq.net\/tr\/?p=66145"},"wordCount":449,"commentCount":0,"image":{"@id":"https:\/\/akunq.net\/tr\/?p=66145#primaryimage"},"thumbnailUrl":"https:\/\/akunq.net\/tr\/wp-content\/uploads\/sites\/6\/2021\/12\/TBMM.jpg","articleSection":["Haberler"],"inLanguage":"en-US","potentialAction":[{"@type":"CommentAction","name":"Comment","target":["https:\/\/akunq.net\/tr\/?p=66145#respond"]}]},{"@type":"WebPage","@id":"https:\/\/akunq.net\/tr\/?p=66145","url":"https:\/\/akunq.net\/tr\/?p=66145","name":"Meclis'te 'el hareketi' ve 'k\u00fcf\u00fcr' gerginli\u011fi - Bati Ermenistan Ve Bati Ermenileri Sorunlari Ara\u015ftirmalar Merkezi","isPartOf":{"@id":"https:\/\/akunq.net\/tr\/#website"},"primaryImageOfPage":{"@id":"https:\/\/akunq.net\/tr\/?p=66145#primaryimage"},"image":{"@id":"https:\/\/akunq.net\/tr\/?p=66145#primaryimage"},"thumbnailUrl":"https:\/\/akunq.net\/tr\/wp-content\/uploads\/sites\/6\/2021\/12\/TBMM.jpg","datePublished":"2021-12-10T07:19:05+00:00","author":{"@id":"https:\/\/akunq.net\/tr\/#\/schema\/person\/096f1d38a12cce57fb855b485ed24c9e"},"breadcrumb":{"@id":"https:\/\/akunq.net\/tr\/?p=66145#breadcrumb"},"inLanguage":"en-US","potentialAction":[{"@type":"ReadAction","target":["https:\/\/akunq.net\/tr\/?p=66145"]}]},{"@type":"ImageObject","inLanguage":"en-US","@id":"https:\/\/akunq.net\/tr\/?p=66145#primaryimage","url":"https:\/\/akunq.net\/tr\/wp-content\/uploads\/sites\/6\/2021\/12\/TBMM.jpg","contentUrl":"https:\/\/akunq.net\/tr\/wp-content\/uploads\/sites\/6\/2021\/12\/TBMM.jpg","width":800,"height":360},{"@type":"BreadcrumbList","@id":"https:\/\/akunq.net\/tr\/?p=66145#breadcrumb","itemListElement":[{"@type":"ListItem","position":1,"name":"Home","item":"https:\/\/akunq.net\/tr"},{"@type":"ListItem","position":2,"name":"Meclis&#8217;te &#8216;el hareketi&#8217; ve &#8216;k\u00fcf\u00fcr&#8217; gerginli\u011fi"}]},{"@type":"WebSite","@id":"https:\/\/akunq.net\/tr\/#website","url":"https:\/\/akunq.net\/tr\/","name":"Bati Ermenistan Ve Bati Ermenileri Sorunlari Ara\u015ftirmalar Merkezi","description":"","potentialAction":[{"@type":"SearchAction","target":{"@type":"EntryPoint","urlTemplate":"https:\/\/akunq.net\/tr\/?s={search_term_string}"},"query-input":{"@type":"PropertyValueSpecification","valueRequired":true,"valueName":"search_term_string"}}],"inLanguage":"en-US"},{"@type":"Person","@id":"https:\/\/akunq.net\/tr\/#\/schema\/person\/096f1d38a12cce57fb855b485ed24c9e","name":"admin","url":"https:\/\/akunq.net\/tr\/?author=7"}]}},"_links":{"self":[{"href":"https:\/\/akunq.net\/tr\/index.php?rest_route=\/wp\/v2\/posts\/66145","targetHints":{"allow":["GET"]}}],"collection":[{"href":"https:\/\/akunq.net\/tr\/index.php?rest_route=\/wp\/v2\/posts"}],"about":[{"href":"https:\/\/akunq.net\/tr\/index.php?rest_route=\/wp\/v2\/types\/post"}],"author":[{"embeddable":true,"href":"https:\/\/akunq.net\/tr\/index.php?rest_route=\/wp\/v2\/users\/7"}],"replies":[{"embeddable":true,"href":"https:\/\/akunq.net\/tr\/index.php?rest_route=%2Fwp%2Fv2%2Fcomments&post=66145"}],"version-history":[{"count":1,"href":"https:\/\/akunq.net\/tr\/index.php?rest_route=\/wp\/v2\/posts\/66145\/revisions"}],"predecessor-version":[{"id":66147,"href":"https:\/\/akunq.net\/tr\/index.php?rest_route=\/wp\/v2\/posts\/66145\/revisions\/66147"}],"wp:featuredmedia":[{"embeddable":true,"href":"https:\/\/akunq.net\/tr\/index.php?rest_route=\/wp\/v2\/media\/66146"}],"wp:attachment":[{"href":"https:\/\/akunq.net\/tr\/index.php?rest_route=%2Fwp%2Fv2%2Fmedia&parent=66145"}],"wp:term":[{"taxonomy":"category","embeddable":true,"href":"https:\/\/akunq.net\/tr\/index.php?rest_route=%2Fwp%2Fv2%2Fcategories&post=66145"},{"taxonomy":"post_tag","embeddable":true,"href":"https:\/\/akunq.net\/tr\/index.php?rest_route=%2Fwp%2Fv2%2Ftags&post=66145"}],"curies":[{"name":"wp","href":"https:\/\/api.w.org\/{rel}","templated":true}]}}