{"id":66142,"date":"2021-12-10T02:09:26","date_gmt":"2021-12-10T07:09:26","guid":{"rendered":"https:\/\/akunq.net\/tr\/?p=66142"},"modified":"2021-12-10T02:09:26","modified_gmt":"2021-12-10T07:09:26","slug":"erdogan-avrupa-birliginin-kavalayla-demirtasla-ilgili-kararlarini-tanimiyoruz-yok-farz-ediyoruz","status":"publish","type":"post","link":"https:\/\/akunq.net\/tr\/?p=66142","title":{"rendered":"Erdo\u011fan: Avrupa Birli\u011fi\u2019nin Kavala\u2019yla, Demirta\u015f\u2019la ilgili kararlar\u0131n\u0131 tan\u0131m\u0131yoruz, yok farz ediyoruz"},"content":{"rendered":"<div class=\"spot\">\n<p><img loading=\"lazy\" decoding=\"async\" class=\"aligncenter size-medium wp-image-66143\" src=\"https:\/\/akunq.net\/tr\/wp-content\/uploads\/2021\/12\/\u0537\u0580\u0564\u0578\u0572\u0561\u0576-360x208.jpg\" alt=\"\" width=\"360\" height=\"208\" srcset=\"https:\/\/akunq.net\/tr\/wp-content\/uploads\/sites\/6\/2021\/12\/\u0537\u0580\u0564\u0578\u0572\u0561\u0576-360x208.jpg 360w, https:\/\/akunq.net\/tr\/wp-content\/uploads\/sites\/6\/2021\/12\/\u0537\u0580\u0564\u0578\u0572\u0561\u0576-560x324.jpg 560w, https:\/\/akunq.net\/tr\/wp-content\/uploads\/sites\/6\/2021\/12\/\u0537\u0580\u0564\u0578\u0572\u0561\u0576-260x150.jpg 260w, https:\/\/akunq.net\/tr\/wp-content\/uploads\/sites\/6\/2021\/12\/\u0537\u0580\u0564\u0578\u0572\u0561\u0576-160x92.jpg 160w, https:\/\/akunq.net\/tr\/wp-content\/uploads\/sites\/6\/2021\/12\/\u0537\u0580\u0564\u0578\u0572\u0561\u0576.jpg 642w\" sizes=\"auto, (max-width: 360px) 100vw, 360px\" \/><\/p>\n<p><em><strong>Katar d\u00f6n\u00fc\u015f\u00fc gazetecilerin sorular\u0131n\u0131 yan\u0131tlayan Cumhurba\u015fkan\u0131 Erdo\u011fan, &#8220;Avrupa Birli\u011fi\u2019nin Kavala\u2019yla, Demirta\u015f\u2019la, \u015fununla, bununla ilgili ald\u0131\u011f\u0131 kararlar\u0131 tan\u0131m\u0131yoruz. Yok farz ediyoruz&#8221; dedi.<\/strong><\/em><\/p>\n<\/div>\n<div class=\"haber\">\n<div id=\"haber-reklam\" class=\"haber-metin\">\n<p>Cumhurba\u015fkan\u0131 Tayyip Erdo\u011fan, Katar ziyareti d\u00f6n\u00fc\u015f\u00fcnde gazetecilerin sorular\u0131n\u0131 cevaplad\u0131. Avrupa Konseyi Bakanlar Komitesinin T\u00fcrkiye ile ilgili ihlal karar\u0131 sorulan Erdo\u011fan, Avrupa Birli\u011fi\u2019nin Osman Kavala ve Selahattin Demirta\u015f\u2019la ilgili kararlar\u0131n\u0131 tan\u0131mad\u0131klar\u0131n\u0131 s\u00f6yledi.<\/p>\n<p>Erdo\u011fan&#8217;a Avrupa Konseyi Bakanlar Komitesinin Osman Kavala ile ilgili olarak T\u00fcrkiye&#8217;ye ihlal cezas\u0131 verdi\u011fi hat\u0131rlat\u0131ld\u0131 ve Selahattin Demirta\u015f ile ilgili de benzer karar alabilece\u011fi s\u00f6ylendi. Konu hakk\u0131ndaki yorumu sorulan Erdo\u011fan \u015fu yan\u0131t\u0131 verdi:<\/p>\n<p>&#8220;Buna yorum yapmaya gerek yok ki. Biz, Avrupa Birli\u011fi\u2019nin Kavala\u2019yla, Demirta\u015f\u2019la, \u015fununla, bununla ilgili ald\u0131\u011f\u0131 kararlar\u0131 tan\u0131m\u0131yoruz. Olay bu kadar basit. Yok farz ediyoruz. Bizim indimizde bunlar yok h\u00fckm\u00fcndedir. Bunlar\u0131 ka\u00e7 kez a\u00e7\u0131klad\u0131k. \u0130ster anlas\u0131nlar ister anlamas\u0131nlar. Bizim yarg\u0131m\u0131z\u0131n vermi\u015f oldu\u011fu karar\u0131n \u00fczerinde biz, Avrupa Birli\u011fi karar\u0131 tan\u0131m\u0131yoruz. Ne biliyorlarsa onu yaps\u0131nlar.&#8221;<\/p>\n<p>Erdo\u011fan&#8217;\u0131n &#8220;Avrupa Birli\u011fi&#8217;nin kararlar\u0131&#8221; dedi ama s\u00f6z konusu karar T\u00fcrkiye&#8217;nin de kurucu \u00fcyesi oldu\u011fu Avrupa Konseyi&#8217;nin Bakanlar Komitesi taraf\u0131ndan al\u0131nm\u0131\u015ft\u0131. Komite, T\u00fcrkiye&#8217;yi Kavala ile ilgili A\u0130HM karar\u0131na uymamakla, imzac\u0131s\u0131 oldu\u011fu AH\u0130S&#8217;i ihlal etmekle su\u00e7layarak ihlal prosed\u00fcr\u00fc ba\u015flat\u0131lmas\u0131na karar vermi\u015fti. Komite ayn\u0131 zamanda Demirta\u015f&#8217;\u0131n A\u0130HM karar\u0131 gere\u011fince derhal serbest b\u0131rak\u0131lmas\u0131 gerekti\u011fini hat\u0131rlatm\u0131\u015ft\u0131.<\/p>\n<h3>&#8220;YARGININ, Y\u00dcR\u00dcTMEN\u0130N TAHAKK\u00dcM\u00dc ALTINDA OLDU\u011eUNU T\u00dcM D\u00dcNYAYA \u0130LAN ETM\u0130\u015e, YAZIK&#8221;<\/h3>\n<p>Erdo\u011fan&#8217;\u0131n a\u00e7\u0131klamalar\u0131na CHP&#8217;nin Hukuk \u0130\u015flerinden Sorumlu Genel Ba\u015fkan Yard\u0131mc\u0131s\u0131 Muharrem Erkek tepki g\u00f6sterdi. Muharrem Erkek, Twitter&#8217;dan \u015fu payla\u015f\u0131mda bulundu:<\/p>\n<p>&#8220;Bu haberler yay\u0131mland\u0131\u011f\u0131 s\u0131rada Silivri Cezaevi&#8217;nde Osman Kavala ve Sel\u00e7uk Koza\u011fa\u00e7l\u0131&#8217;y\u0131 ziyaret ediyordum. Asl\u0131nda bu s\u00f6zlerle getirdikleri sistemin hukuk devletiyle ilgisi olmad\u0131\u011f\u0131n\u0131, yarg\u0131n\u0131n y\u00fcr\u00fctmenin tahakk\u00fcm\u00fc alt\u0131nda oldu\u011funu t\u00fcm d\u00fcnyaya ilan etmi\u015f. Yaz\u0131k.<\/p>\n<p>Partili Cumhurba\u015fkan\u0131 T\u00fcrkiye\u2019yi \u0130nsan Haklar\u0131 S\u00f6zle\u015fmesi&#8217;nden, hukuk devletinden, Avrupa\u2019dan koparmak istiyor. Asla izin vermeyece\u011fiz. \u00dcstelik bu hukuksuzluklar\u0131n faturas\u0131 da maalesef vatanda\u015fa \u00e7\u0131k\u0131yor. Ekonominin i\u00e7ler ac\u0131s\u0131 hali ortada. Az kald\u0131. BU D\u00dcZEN DE\u011e\u0130\u015eECEK!&#8221;<\/p>\n<h3>&#8220;AVRUPA KONSEY\u0130 \u0130LE AVRUPA B\u0130RL\u0130\u011e\u0130 ARASINDAK\u0130 FARKI B\u0130LM\u0130YORSA&#8230;&#8221;<\/h3>\n<p>CHP \u0130nsan Haklar\u0131ndan Sorumlu Genel Ba\u015fkan Yard\u0131mc\u0131s\u0131 G\u00fclizar Bi\u00e7er Karaca ise &#8220;A\u0130HM kararlar\u0131n\u0131 tan\u0131m\u0131yoruz&#8221; demenin Anayasay\u0131 tan\u0131mamak anlam\u0131na geldi\u011fine dikkat \u00e7ekti. Karaca ayr\u0131ca, Erdo\u011fan&#8217;\u0131n Avrupa Birli\u011fi ile Avrupa Konseyi&#8217;ni kar\u0131\u015ft\u0131rmas\u0131n\u0131 ele\u015ftirdi. Karaca, \u015fu ifadeleri kulland\u0131.<\/p>\n<p>&#8221; &#8216;AH\u0130M karar\u0131n\u0131 tan\u0131m\u0131yoruz&#8217; demek, &#8216;Anayasay\u0131 tan\u0131m\u0131yoruz&#8217; demektir. &#8216;Avrupa Birli\u011fi&#8217;de\u011fil &#8216;Avrupa Konseyi&#8217;&#8230; T\u00fcrkiye Cumhuriyeti Devleti&#8217;nin Cumhurba\u015fkan\u0131 Avrupa Konseyi ile Avrupa Birli\u011fi aras\u0131ndaki fark\u0131 bilmiyorsa.&#8221;<\/p>\n<p><em><strong>https:\/\/www.evrensel.net\/haber\/449705\/erdogan-avrupa-birliginin-kavalayla-demirtasla-ilgili-kararlarini-tanimiyoruz-yok-farz-ediyoruz\u00a0<\/strong><\/em><\/p>\n<\/div>\n<\/div>\n","protected":false},"excerpt":{"rendered":"<p>Katar d\u00f6n\u00fc\u015f\u00fc gazetecilerin sorular\u0131n\u0131 yan\u0131tlayan Cumhurba\u015fkan\u0131 Erdo\u011fan, &#8220;Avrupa Birli\u011fi\u2019nin Kavala\u2019yla, Demirta\u015f\u2019la, \u015fununla, bununla ilgili ald\u0131\u011f\u0131 kararlar\u0131 tan\u0131m\u0131yoruz. Yok farz ediyoruz&#8221; dedi. Cumhurba\u015fkan\u0131 Tayyip Erdo\u011fan, Katar ziyareti d\u00f6n\u00fc\u015f\u00fcnde gazetecilerin sorular\u0131n\u0131 cevaplad\u0131. Avrupa Konseyi Bakanlar Komitesinin T\u00fcrkiye ile ilgili ihlal karar\u0131 sorulan Erdo\u011fan, Avrupa Birli\u011fi\u2019nin Osman Kavala ve Selahattin Demirta\u015f\u2019la ilgili kararlar\u0131n\u0131 tan\u0131mad\u0131klar\u0131n\u0131 s\u00f6yledi. Erdo\u011fan&#8217;a Avrupa Konseyi [&hellip;]<\/p>\n","protected":false},"author":7,"featured_media":66143,"comment_status":"open","ping_status":"open","sticky":false,"template":"","format":"standard","meta":{"footnotes":""},"categories":[1],"tags":[],"class_list":["post-66142","post","type-post","status-publish","format-standard","has-post-thumbnail","hentry","category-haberler"],"yoast_head":"<!-- This site is optimized with the Yoast SEO plugin v27.4 - https:\/\/yoast.com\/product\/yoast-seo-wordpress\/ -->\n<title>Erdo\u011fan: Avrupa Birli\u011fi\u2019nin Kavala\u2019yla, Demirta\u015f\u2019la ilgili kararlar\u0131n\u0131 tan\u0131m\u0131yoruz, yok farz ediyoruz - Bati Ermenistan Ve Bati Ermenileri Sorunlari Ara\u015ftirmalar Merkezi<\/title>\n<meta name=\"robots\" content=\"index, follow, max-snippet:-1, max-image-preview:large, max-video-preview:-1\" \/>\n<link rel=\"canonical\" href=\"https:\/\/akunq.net\/tr\/?p=66142\" \/>\n<meta property=\"og:locale\" content=\"en_US\" \/>\n<meta property=\"og:type\" content=\"article\" \/>\n<meta property=\"og:title\" content=\"Erdo\u011fan: Avrupa Birli\u011fi\u2019nin Kavala\u2019yla, Demirta\u015f\u2019la ilgili kararlar\u0131n\u0131 tan\u0131m\u0131yoruz, yok farz ediyoruz - Bati Ermenistan Ve Bati Ermenileri Sorunlari Ara\u015ftirmalar Merkezi\" \/>\n<meta property=\"og:description\" content=\"Katar d\u00f6n\u00fc\u015f\u00fc gazetecilerin sorular\u0131n\u0131 yan\u0131tlayan Cumhurba\u015fkan\u0131 Erdo\u011fan, &#8220;Avrupa Birli\u011fi\u2019nin Kavala\u2019yla, Demirta\u015f\u2019la, \u015fununla, bununla ilgili ald\u0131\u011f\u0131 kararlar\u0131 tan\u0131m\u0131yoruz. Yok farz ediyoruz&#8221; dedi. Cumhurba\u015fkan\u0131 Tayyip Erdo\u011fan, Katar ziyareti d\u00f6n\u00fc\u015f\u00fcnde gazetecilerin sorular\u0131n\u0131 cevaplad\u0131. Avrupa Konseyi Bakanlar Komitesinin T\u00fcrkiye ile ilgili ihlal karar\u0131 sorulan Erdo\u011fan, Avrupa Birli\u011fi\u2019nin Osman Kavala ve Selahattin Demirta\u015f\u2019la ilgili kararlar\u0131n\u0131 tan\u0131mad\u0131klar\u0131n\u0131 s\u00f6yledi. Erdo\u011fan&#8217;a Avrupa Konseyi [&hellip;]\" \/>\n<meta property=\"og:url\" content=\"https:\/\/akunq.net\/tr\/?p=66142\" \/>\n<meta property=\"og:site_name\" content=\"Bati Ermenistan Ve Bati Ermenileri Sorunlari Ara\u015ftirmalar Merkezi\" \/>\n<meta property=\"article:published_time\" content=\"2021-12-10T07:09:26+00:00\" \/>\n<meta property=\"og:image\" content=\"https:\/\/akunq.net\/tr\/wp-content\/uploads\/sites\/6\/2021\/12\/\u0537\u0580\u0564\u0578\u0572\u0561\u0576.jpg\" \/>\n\t<meta property=\"og:image:width\" content=\"642\" \/>\n\t<meta property=\"og:image:height\" content=\"371\" \/>\n\t<meta property=\"og:image:type\" content=\"image\/jpeg\" \/>\n<meta name=\"author\" content=\"admin\" \/>\n<meta name=\"twitter:card\" content=\"summary_large_image\" \/>\n<meta name=\"twitter:label1\" content=\"Written by\" \/>\n\t<meta name=\"twitter:data1\" content=\"admin\" \/>\n\t<meta name=\"twitter:label2\" content=\"Est. reading time\" \/>\n\t<meta name=\"twitter:data2\" content=\"3 minutes\" \/>\n<script type=\"application\/ld+json\" class=\"yoast-schema-graph\">{\"@context\":\"https:\\\/\\\/schema.org\",\"@graph\":[{\"@type\":\"Article\",\"@id\":\"https:\\\/\\\/akunq.net\\\/tr\\\/?p=66142#article\",\"isPartOf\":{\"@id\":\"https:\\\/\\\/akunq.net\\\/tr\\\/?p=66142\"},\"author\":{\"name\":\"admin\",\"@id\":\"https:\\\/\\\/akunq.net\\\/tr\\\/#\\\/schema\\\/person\\\/096f1d38a12cce57fb855b485ed24c9e\"},\"headline\":\"Erdo\u011fan: Avrupa Birli\u011fi\u2019nin Kavala\u2019yla, Demirta\u015f\u2019la ilgili kararlar\u0131n\u0131 tan\u0131m\u0131yoruz, yok farz ediyoruz\",\"datePublished\":\"2021-12-10T07:09:26+00:00\",\"mainEntityOfPage\":{\"@id\":\"https:\\\/\\\/akunq.net\\\/tr\\\/?p=66142\"},\"wordCount\":544,\"commentCount\":0,\"image\":{\"@id\":\"https:\\\/\\\/akunq.net\\\/tr\\\/?p=66142#primaryimage\"},\"thumbnailUrl\":\"https:\\\/\\\/akunq.net\\\/tr\\\/wp-content\\\/uploads\\\/sites\\\/6\\\/2021\\\/12\\\/\u0537\u0580\u0564\u0578\u0572\u0561\u0576.jpg\",\"articleSection\":[\"Haberler\"],\"inLanguage\":\"en-US\",\"potentialAction\":[{\"@type\":\"CommentAction\",\"name\":\"Comment\",\"target\":[\"https:\\\/\\\/akunq.net\\\/tr\\\/?p=66142#respond\"]}]},{\"@type\":\"WebPage\",\"@id\":\"https:\\\/\\\/akunq.net\\\/tr\\\/?p=66142\",\"url\":\"https:\\\/\\\/akunq.net\\\/tr\\\/?p=66142\",\"name\":\"Erdo\u011fan: Avrupa Birli\u011fi\u2019nin Kavala\u2019yla, Demirta\u015f\u2019la ilgili kararlar\u0131n\u0131 tan\u0131m\u0131yoruz, yok farz ediyoruz - Bati Ermenistan Ve Bati Ermenileri Sorunlari Ara\u015ftirmalar Merkezi\",\"isPartOf\":{\"@id\":\"https:\\\/\\\/akunq.net\\\/tr\\\/#website\"},\"primaryImageOfPage\":{\"@id\":\"https:\\\/\\\/akunq.net\\\/tr\\\/?p=66142#primaryimage\"},\"image\":{\"@id\":\"https:\\\/\\\/akunq.net\\\/tr\\\/?p=66142#primaryimage\"},\"thumbnailUrl\":\"https:\\\/\\\/akunq.net\\\/tr\\\/wp-content\\\/uploads\\\/sites\\\/6\\\/2021\\\/12\\\/\u0537\u0580\u0564\u0578\u0572\u0561\u0576.jpg\",\"datePublished\":\"2021-12-10T07:09:26+00:00\",\"author\":{\"@id\":\"https:\\\/\\\/akunq.net\\\/tr\\\/#\\\/schema\\\/person\\\/096f1d38a12cce57fb855b485ed24c9e\"},\"breadcrumb\":{\"@id\":\"https:\\\/\\\/akunq.net\\\/tr\\\/?p=66142#breadcrumb\"},\"inLanguage\":\"en-US\",\"potentialAction\":[{\"@type\":\"ReadAction\",\"target\":[\"https:\\\/\\\/akunq.net\\\/tr\\\/?p=66142\"]}]},{\"@type\":\"ImageObject\",\"inLanguage\":\"en-US\",\"@id\":\"https:\\\/\\\/akunq.net\\\/tr\\\/?p=66142#primaryimage\",\"url\":\"https:\\\/\\\/akunq.net\\\/tr\\\/wp-content\\\/uploads\\\/sites\\\/6\\\/2021\\\/12\\\/\u0537\u0580\u0564\u0578\u0572\u0561\u0576.jpg\",\"contentUrl\":\"https:\\\/\\\/akunq.net\\\/tr\\\/wp-content\\\/uploads\\\/sites\\\/6\\\/2021\\\/12\\\/\u0537\u0580\u0564\u0578\u0572\u0561\u0576.jpg\",\"width\":642,\"height\":371},{\"@type\":\"BreadcrumbList\",\"@id\":\"https:\\\/\\\/akunq.net\\\/tr\\\/?p=66142#breadcrumb\",\"itemListElement\":[{\"@type\":\"ListItem\",\"position\":1,\"name\":\"Home\",\"item\":\"https:\\\/\\\/akunq.net\\\/tr\"},{\"@type\":\"ListItem\",\"position\":2,\"name\":\"Erdo\u011fan: Avrupa Birli\u011fi\u2019nin Kavala\u2019yla, Demirta\u015f\u2019la ilgili kararlar\u0131n\u0131 tan\u0131m\u0131yoruz, yok farz ediyoruz\"}]},{\"@type\":\"WebSite\",\"@id\":\"https:\\\/\\\/akunq.net\\\/tr\\\/#website\",\"url\":\"https:\\\/\\\/akunq.net\\\/tr\\\/\",\"name\":\"Bati Ermenistan Ve Bati Ermenileri Sorunlari Ara\u015ftirmalar Merkezi\",\"description\":\"\",\"potentialAction\":[{\"@type\":\"SearchAction\",\"target\":{\"@type\":\"EntryPoint\",\"urlTemplate\":\"https:\\\/\\\/akunq.net\\\/tr\\\/?s={search_term_string}\"},\"query-input\":{\"@type\":\"PropertyValueSpecification\",\"valueRequired\":true,\"valueName\":\"search_term_string\"}}],\"inLanguage\":\"en-US\"},{\"@type\":\"Person\",\"@id\":\"https:\\\/\\\/akunq.net\\\/tr\\\/#\\\/schema\\\/person\\\/096f1d38a12cce57fb855b485ed24c9e\",\"name\":\"admin\",\"url\":\"https:\\\/\\\/akunq.net\\\/tr\\\/?author=7\"}]}<\/script>\n<!-- \/ Yoast SEO plugin. -->","yoast_head_json":{"title":"Erdo\u011fan: Avrupa Birli\u011fi\u2019nin Kavala\u2019yla, Demirta\u015f\u2019la ilgili kararlar\u0131n\u0131 tan\u0131m\u0131yoruz, yok farz ediyoruz - Bati Ermenistan Ve Bati Ermenileri Sorunlari Ara\u015ftirmalar Merkezi","robots":{"index":"index","follow":"follow","max-snippet":"max-snippet:-1","max-image-preview":"max-image-preview:large","max-video-preview":"max-video-preview:-1"},"canonical":"https:\/\/akunq.net\/tr\/?p=66142","og_locale":"en_US","og_type":"article","og_title":"Erdo\u011fan: Avrupa Birli\u011fi\u2019nin Kavala\u2019yla, Demirta\u015f\u2019la ilgili kararlar\u0131n\u0131 tan\u0131m\u0131yoruz, yok farz ediyoruz - Bati Ermenistan Ve Bati Ermenileri Sorunlari Ara\u015ftirmalar Merkezi","og_description":"Katar d\u00f6n\u00fc\u015f\u00fc gazetecilerin sorular\u0131n\u0131 yan\u0131tlayan Cumhurba\u015fkan\u0131 Erdo\u011fan, &#8220;Avrupa Birli\u011fi\u2019nin Kavala\u2019yla, Demirta\u015f\u2019la, \u015fununla, bununla ilgili ald\u0131\u011f\u0131 kararlar\u0131 tan\u0131m\u0131yoruz. Yok farz ediyoruz&#8221; dedi. Cumhurba\u015fkan\u0131 Tayyip Erdo\u011fan, Katar ziyareti d\u00f6n\u00fc\u015f\u00fcnde gazetecilerin sorular\u0131n\u0131 cevaplad\u0131. Avrupa Konseyi Bakanlar Komitesinin T\u00fcrkiye ile ilgili ihlal karar\u0131 sorulan Erdo\u011fan, Avrupa Birli\u011fi\u2019nin Osman Kavala ve Selahattin Demirta\u015f\u2019la ilgili kararlar\u0131n\u0131 tan\u0131mad\u0131klar\u0131n\u0131 s\u00f6yledi. Erdo\u011fan&#8217;a Avrupa Konseyi [&hellip;]","og_url":"https:\/\/akunq.net\/tr\/?p=66142","og_site_name":"Bati Ermenistan Ve Bati Ermenileri Sorunlari Ara\u015ftirmalar Merkezi","article_published_time":"2021-12-10T07:09:26+00:00","og_image":[{"width":642,"height":371,"url":"https:\/\/akunq.net\/tr\/wp-content\/uploads\/sites\/6\/2021\/12\/\u0537\u0580\u0564\u0578\u0572\u0561\u0576.jpg","type":"image\/jpeg"}],"author":"admin","twitter_card":"summary_large_image","twitter_misc":{"Written by":"admin","Est. reading time":"3 minutes"},"schema":{"@context":"https:\/\/schema.org","@graph":[{"@type":"Article","@id":"https:\/\/akunq.net\/tr\/?p=66142#article","isPartOf":{"@id":"https:\/\/akunq.net\/tr\/?p=66142"},"author":{"name":"admin","@id":"https:\/\/akunq.net\/tr\/#\/schema\/person\/096f1d38a12cce57fb855b485ed24c9e"},"headline":"Erdo\u011fan: Avrupa Birli\u011fi\u2019nin Kavala\u2019yla, Demirta\u015f\u2019la ilgili kararlar\u0131n\u0131 tan\u0131m\u0131yoruz, yok farz ediyoruz","datePublished":"2021-12-10T07:09:26+00:00","mainEntityOfPage":{"@id":"https:\/\/akunq.net\/tr\/?p=66142"},"wordCount":544,"commentCount":0,"image":{"@id":"https:\/\/akunq.net\/tr\/?p=66142#primaryimage"},"thumbnailUrl":"https:\/\/akunq.net\/tr\/wp-content\/uploads\/sites\/6\/2021\/12\/\u0537\u0580\u0564\u0578\u0572\u0561\u0576.jpg","articleSection":["Haberler"],"inLanguage":"en-US","potentialAction":[{"@type":"CommentAction","name":"Comment","target":["https:\/\/akunq.net\/tr\/?p=66142#respond"]}]},{"@type":"WebPage","@id":"https:\/\/akunq.net\/tr\/?p=66142","url":"https:\/\/akunq.net\/tr\/?p=66142","name":"Erdo\u011fan: Avrupa Birli\u011fi\u2019nin Kavala\u2019yla, Demirta\u015f\u2019la ilgili kararlar\u0131n\u0131 tan\u0131m\u0131yoruz, yok farz ediyoruz - Bati Ermenistan Ve Bati Ermenileri Sorunlari Ara\u015ftirmalar Merkezi","isPartOf":{"@id":"https:\/\/akunq.net\/tr\/#website"},"primaryImageOfPage":{"@id":"https:\/\/akunq.net\/tr\/?p=66142#primaryimage"},"image":{"@id":"https:\/\/akunq.net\/tr\/?p=66142#primaryimage"},"thumbnailUrl":"https:\/\/akunq.net\/tr\/wp-content\/uploads\/sites\/6\/2021\/12\/\u0537\u0580\u0564\u0578\u0572\u0561\u0576.jpg","datePublished":"2021-12-10T07:09:26+00:00","author":{"@id":"https:\/\/akunq.net\/tr\/#\/schema\/person\/096f1d38a12cce57fb855b485ed24c9e"},"breadcrumb":{"@id":"https:\/\/akunq.net\/tr\/?p=66142#breadcrumb"},"inLanguage":"en-US","potentialAction":[{"@type":"ReadAction","target":["https:\/\/akunq.net\/tr\/?p=66142"]}]},{"@type":"ImageObject","inLanguage":"en-US","@id":"https:\/\/akunq.net\/tr\/?p=66142#primaryimage","url":"https:\/\/akunq.net\/tr\/wp-content\/uploads\/sites\/6\/2021\/12\/\u0537\u0580\u0564\u0578\u0572\u0561\u0576.jpg","contentUrl":"https:\/\/akunq.net\/tr\/wp-content\/uploads\/sites\/6\/2021\/12\/\u0537\u0580\u0564\u0578\u0572\u0561\u0576.jpg","width":642,"height":371},{"@type":"BreadcrumbList","@id":"https:\/\/akunq.net\/tr\/?p=66142#breadcrumb","itemListElement":[{"@type":"ListItem","position":1,"name":"Home","item":"https:\/\/akunq.net\/tr"},{"@type":"ListItem","position":2,"name":"Erdo\u011fan: Avrupa Birli\u011fi\u2019nin Kavala\u2019yla, Demirta\u015f\u2019la ilgili kararlar\u0131n\u0131 tan\u0131m\u0131yoruz, yok farz ediyoruz"}]},{"@type":"WebSite","@id":"https:\/\/akunq.net\/tr\/#website","url":"https:\/\/akunq.net\/tr\/","name":"Bati Ermenistan Ve Bati Ermenileri Sorunlari Ara\u015ftirmalar Merkezi","description":"","potentialAction":[{"@type":"SearchAction","target":{"@type":"EntryPoint","urlTemplate":"https:\/\/akunq.net\/tr\/?s={search_term_string}"},"query-input":{"@type":"PropertyValueSpecification","valueRequired":true,"valueName":"search_term_string"}}],"inLanguage":"en-US"},{"@type":"Person","@id":"https:\/\/akunq.net\/tr\/#\/schema\/person\/096f1d38a12cce57fb855b485ed24c9e","name":"admin","url":"https:\/\/akunq.net\/tr\/?author=7"}]}},"_links":{"self":[{"href":"https:\/\/akunq.net\/tr\/index.php?rest_route=\/wp\/v2\/posts\/66142","targetHints":{"allow":["GET"]}}],"collection":[{"href":"https:\/\/akunq.net\/tr\/index.php?rest_route=\/wp\/v2\/posts"}],"about":[{"href":"https:\/\/akunq.net\/tr\/index.php?rest_route=\/wp\/v2\/types\/post"}],"author":[{"embeddable":true,"href":"https:\/\/akunq.net\/tr\/index.php?rest_route=\/wp\/v2\/users\/7"}],"replies":[{"embeddable":true,"href":"https:\/\/akunq.net\/tr\/index.php?rest_route=%2Fwp%2Fv2%2Fcomments&post=66142"}],"version-history":[{"count":1,"href":"https:\/\/akunq.net\/tr\/index.php?rest_route=\/wp\/v2\/posts\/66142\/revisions"}],"predecessor-version":[{"id":66144,"href":"https:\/\/akunq.net\/tr\/index.php?rest_route=\/wp\/v2\/posts\/66142\/revisions\/66144"}],"wp:featuredmedia":[{"embeddable":true,"href":"https:\/\/akunq.net\/tr\/index.php?rest_route=\/wp\/v2\/media\/66143"}],"wp:attachment":[{"href":"https:\/\/akunq.net\/tr\/index.php?rest_route=%2Fwp%2Fv2%2Fmedia&parent=66142"}],"wp:term":[{"taxonomy":"category","embeddable":true,"href":"https:\/\/akunq.net\/tr\/index.php?rest_route=%2Fwp%2Fv2%2Fcategories&post=66142"},{"taxonomy":"post_tag","embeddable":true,"href":"https:\/\/akunq.net\/tr\/index.php?rest_route=%2Fwp%2Fv2%2Ftags&post=66142"}],"curies":[{"name":"wp","href":"https:\/\/api.w.org\/{rel}","templated":true}]}}