{"id":66090,"date":"2021-12-08T03:11:34","date_gmt":"2021-12-08T08:11:34","guid":{"rendered":"https:\/\/akunq.net\/tr\/?p=66090"},"modified":"2021-12-08T03:11:34","modified_gmt":"2021-12-08T08:11:34","slug":"anket-akpyle-chp-arasindaki-fark-yuzde-18e-dustu","status":"publish","type":"post","link":"https:\/\/akunq.net\/tr\/?p=66090","title":{"rendered":"Anket: AKP\u2019yle CHP aras\u0131ndaki fark y\u00fczde 1,8\u2019e d\u00fc\u015ft\u00fc"},"content":{"rendered":"<p><img loading=\"lazy\" decoding=\"async\" class=\"aligncenter size-medium wp-image-66091\" src=\"https:\/\/akunq.net\/tr\/wp-content\/uploads\/2021\/12\/Erdogan-360x242.jpg\" alt=\"\" width=\"360\" height=\"242\" srcset=\"https:\/\/akunq.net\/tr\/wp-content\/uploads\/sites\/6\/2021\/12\/Erdogan-360x242.jpg 360w, https:\/\/akunq.net\/tr\/wp-content\/uploads\/sites\/6\/2021\/12\/Erdogan-560x376.jpg 560w, https:\/\/akunq.net\/tr\/wp-content\/uploads\/sites\/6\/2021\/12\/Erdogan-260x175.jpg 260w, https:\/\/akunq.net\/tr\/wp-content\/uploads\/sites\/6\/2021\/12\/Erdogan-160x107.jpg 160w, https:\/\/akunq.net\/tr\/wp-content\/uploads\/sites\/6\/2021\/12\/Erdogan.jpg 670w\" sizes=\"auto, (max-width: 360px) 100vw, 360px\" \/><\/p>\n<p><em><strong>Area Ara\u015ft\u0131rma\u2019n\u0131n kas\u0131m ay\u0131 se\u00e7im anketine g\u00f6re\u00a0\u2018millet ittifak\u0131\u2019n\u0131n oy oran\u0131,\u00a0\u2018cumhur ittifak\u0131\u2019n\u0131n \u00fc\u00e7 puan \u00f6n\u00fcnde \u00e7\u0131kt\u0131.\u00a0Ankete g\u00f6re AKP\u2019yle CHP aras\u0131ndaki fark y\u00fczde 1,8\u2019e d\u00fc\u015ft\u00fc.<\/strong><\/em><\/p>\n<p>T\u00fcrkiye\u2019deki genel se\u00e7imlere iki sene var. Ancak muhalefetteki partiler erken se\u00e7im \u00e7a\u011fr\u0131s\u0131 yapmaya devam ediyor. \u0130ktidar bu \u00e7a\u011fr\u0131lar\u0131 reddederek se\u00e7imlerin zaman\u0131nda d\u00fczenlenece\u011fini vurguluyor.<\/p>\n<p>Ara\u015ft\u0131rmac\u0131lar ise iktidar partisine oy deste\u011finin azald\u0131\u011f\u0131n\u0131 \u00f6ne s\u00fcr\u00fcyor, di\u011fer yandan anketlerde AKP\u2019nin orta\u011f\u0131 MHP\u2019nin de mevcut baraj y\u00fczde 10\u2019u ge\u00e7emedi\u011fi g\u00f6r\u00fcl\u00fcyor. AKP, anket \u015firketlerine denetim getirmeyi d\u00fc\u015f\u00fcn\u00fcyor. Se\u00e7im baraj\u0131n\u0131n da y\u00fczde 7\u2019ye indirilmesi g\u00fcndemde.<\/p>\n<p>AREA Ara\u015ft\u0131rma\u2019n\u0131n 12 ilde 1514 ki\u015fiyle ger\u00e7ekle\u015ftirdi\u011fi ankete g\u00f6re karars\u0131zlar da\u011f\u0131t\u0131ld\u0131\u011f\u0131nda AKP y\u00fczde 30, CHP y\u00fczde 28,2, \u0130Y\u0130 Parti y\u00fczde 14, HDP y\u00fczde 10, MHP y\u00fczde 9,1, Deva Partisi y\u00fczde 4,4 oy oran\u0131na ula\u015f\u0131yor.<\/p>\n<p>Ara\u015ft\u0131rmaya g\u00f6re AKP ile MHP\u2019nin olu\u015fturdu\u011fu\u00a0<strong>\u2018cumhur ittifak\u0131\u2019<\/strong>n\u0131n oy oran\u0131 y\u00fczde 39,1, CHP ile \u0130Y\u0130 Parti\u2019nin olu\u015fturdu\u011fu\u00a0<strong>\u2018millet ittifak\u0131\u2019<\/strong> y\u00fczde 42,2 oy al\u0131yor.<\/p>\n<p>Erken se\u00e7imin gerekli oldu\u011funu d\u00fc\u015f\u00fcnenlerin oran\u0131 y\u00fczde 58,6. Gereksiz oldu\u011funu d\u00fc\u015f\u00fcnenlerse y\u00fczde 36,7.<\/p>\n<p>Kat\u0131l\u0131mc\u0131lara K\u0131l\u0131\u00e7daro\u011flu\u2019nun\u00a0<strong>\u2018helalle\u015fme\u2019\u00a0<\/strong>\u00e7a\u011fr\u0131s\u0131 da soruldu. \u00c7a\u011fr\u0131y\u0131 olumlu bulanlar y\u00fczde 44,7. Y\u00fczde 43,4 olumsuz kar\u015f\u0131lad\u0131.<\/p>\n<h4>\u0130ktidar\u0131n \u2018ekonomik kurtulu\u015f sava\u015f\u0131\u2019<\/h4>\n<p><strong>\u201dCumhurba\u015fkan\u0131 Tayyip Erdo\u011fan\u2019\u0131n ekonomideki k\u00f6t\u00fc gidi\u015fat\u0131 d\u0131\u015f g\u00fc\u00e7lere ba\u011flayarak<\/strong>\u00a0\u2018ekonomik kurtulu\u015f sava\u015f\u0131 veriyoruz\u2019<strong>\u00a0a\u00e7\u0131klamas\u0131n\u0131 nas\u0131l de\u011ferlendiriyorsunuz?\u201d<\/strong>\u00a0sorusuna kat\u0131l\u0131mc\u0131lar\u0131n y\u00fczde 61,7\u2019si\u00a0<strong>\u201cKat\u0131lm\u0131yorum<\/strong>\u201d yan\u0131t\u0131n\u0131 verdi.<\/p>\n<p><strong>\u201cKat\u0131l\u0131yorum<\/strong>\u201d diyenler y\u00fczde 33,5\u2019te kald\u0131,\u00a0<strong>\u201cFikrim yok<\/strong>\u201d diyenler ise y\u00fczde 4,8.<\/p>\n<p>AKP\u2019li se\u00e7menin y\u00fczde 9,5\u2019i, MHP\u2019li se\u00e7menin ise y\u00fczde 43\u2019\u00fc\u00a0<strong>\u201cKat\u0131lm\u0131yorum<\/strong>\u201d yan\u0131t\u0131n\u0131 verdi.<\/p>\n<h4>\u2018Y\u00fcksek kur d\u00fc\u015f\u00fck faiz\u2019 politikas\u0131<\/h4>\n<p>Ankette kat\u0131l\u0131mc\u0131lara ayr\u0131ca\u00a0<strong>\u201cH\u00fck\u00fcmetin uygulamaya koydu\u011fu\u00a0<\/strong>\u2018y\u00fcksek kur \u2013 d\u00fc\u015f\u00fck faiz politikas\u0131\u2019<strong>\u00a0ile yat\u0131r\u0131m\u0131n ve istihdam\u0131n artaca\u011f\u0131n\u0131 d\u00fc\u015f\u00fcn\u00fcyor musunuz?\u201d<\/strong>\u00a0diye soruldu.<\/p>\n<p>Y\u00fczde 67,4 oran\u0131nda\u00a0<strong>\u2018hay\u0131r<\/strong>\u2018 yan\u0131t\u0131 verilirken,\u00a0<strong>\u2018Evet\u2019<\/strong>\u00a0diyenlerin oran\u0131 sadece y\u00fczde 21,2.\u00a0<strong>\u201cFikrim yok<\/strong>\u201d diyenlerin oran\u0131 ise y\u00fczde 11,4.<\/p>\n<p>MHP\u2019li se\u00e7menin y\u00fczde 50,4\u2019\u00fc, AKP\u2019li se\u00e7menin ise y\u00fczde 20,8\u2019i soruya\u00a0<strong>\u2018Hay\u0131r\u2019<\/strong> yan\u0131t\u0131n\u0131 verdi.<\/p>\n<p><em><strong>https:\/\/www.diken.com.tr\/anket-akpyle-chp-arasindaki-fark-yuzde-18e-dustu\/\u00a0<\/strong><\/em><\/p>\n","protected":false},"excerpt":{"rendered":"<p>Area Ara\u015ft\u0131rma\u2019n\u0131n kas\u0131m ay\u0131 se\u00e7im anketine g\u00f6re\u00a0\u2018millet ittifak\u0131\u2019n\u0131n oy oran\u0131,\u00a0\u2018cumhur ittifak\u0131\u2019n\u0131n \u00fc\u00e7 puan \u00f6n\u00fcnde \u00e7\u0131kt\u0131.\u00a0Ankete g\u00f6re AKP\u2019yle CHP aras\u0131ndaki fark y\u00fczde 1,8\u2019e d\u00fc\u015ft\u00fc. T\u00fcrkiye\u2019deki genel se\u00e7imlere iki sene var. Ancak muhalefetteki partiler erken se\u00e7im \u00e7a\u011fr\u0131s\u0131 yapmaya devam ediyor. \u0130ktidar bu \u00e7a\u011fr\u0131lar\u0131 reddederek se\u00e7imlerin zaman\u0131nda d\u00fczenlenece\u011fini vurguluyor. Ara\u015ft\u0131rmac\u0131lar ise iktidar partisine oy deste\u011finin azald\u0131\u011f\u0131n\u0131 \u00f6ne s\u00fcr\u00fcyor, [&hellip;]<\/p>\n","protected":false},"author":7,"featured_media":66091,"comment_status":"open","ping_status":"open","sticky":false,"template":"","format":"standard","meta":{"footnotes":""},"categories":[1],"tags":[],"class_list":["post-66090","post","type-post","status-publish","format-standard","has-post-thumbnail","hentry","category-haberler"],"yoast_head":"<!-- This site is optimized with the Yoast SEO plugin v27.4 - https:\/\/yoast.com\/product\/yoast-seo-wordpress\/ -->\n<title>Anket: AKP\u2019yle CHP aras\u0131ndaki fark y\u00fczde 1,8\u2019e d\u00fc\u015ft\u00fc - Bati Ermenistan Ve Bati Ermenileri Sorunlari Ara\u015ftirmalar Merkezi<\/title>\n<meta name=\"robots\" content=\"index, follow, max-snippet:-1, max-image-preview:large, max-video-preview:-1\" \/>\n<link rel=\"canonical\" href=\"https:\/\/akunq.net\/tr\/?p=66090\" \/>\n<meta property=\"og:locale\" content=\"en_US\" \/>\n<meta property=\"og:type\" content=\"article\" \/>\n<meta property=\"og:title\" content=\"Anket: AKP\u2019yle CHP aras\u0131ndaki fark y\u00fczde 1,8\u2019e d\u00fc\u015ft\u00fc - Bati Ermenistan Ve Bati Ermenileri Sorunlari Ara\u015ftirmalar Merkezi\" \/>\n<meta property=\"og:description\" content=\"Area Ara\u015ft\u0131rma\u2019n\u0131n kas\u0131m ay\u0131 se\u00e7im anketine g\u00f6re\u00a0\u2018millet ittifak\u0131\u2019n\u0131n oy oran\u0131,\u00a0\u2018cumhur ittifak\u0131\u2019n\u0131n \u00fc\u00e7 puan \u00f6n\u00fcnde \u00e7\u0131kt\u0131.\u00a0Ankete g\u00f6re AKP\u2019yle CHP aras\u0131ndaki fark y\u00fczde 1,8\u2019e d\u00fc\u015ft\u00fc. T\u00fcrkiye\u2019deki genel se\u00e7imlere iki sene var. Ancak muhalefetteki partiler erken se\u00e7im \u00e7a\u011fr\u0131s\u0131 yapmaya devam ediyor. \u0130ktidar bu \u00e7a\u011fr\u0131lar\u0131 reddederek se\u00e7imlerin zaman\u0131nda d\u00fczenlenece\u011fini vurguluyor. Ara\u015ft\u0131rmac\u0131lar ise iktidar partisine oy deste\u011finin azald\u0131\u011f\u0131n\u0131 \u00f6ne s\u00fcr\u00fcyor, [&hellip;]\" \/>\n<meta property=\"og:url\" content=\"https:\/\/akunq.net\/tr\/?p=66090\" \/>\n<meta property=\"og:site_name\" content=\"Bati Ermenistan Ve Bati Ermenileri Sorunlari Ara\u015ftirmalar Merkezi\" \/>\n<meta property=\"article:published_time\" content=\"2021-12-08T08:11:34+00:00\" \/>\n<meta property=\"og:image\" content=\"https:\/\/akunq.net\/tr\/wp-content\/uploads\/sites\/6\/2021\/12\/Erdogan.jpg\" \/>\n\t<meta property=\"og:image:width\" content=\"670\" \/>\n\t<meta property=\"og:image:height\" content=\"450\" \/>\n\t<meta property=\"og:image:type\" content=\"image\/jpeg\" \/>\n<meta name=\"author\" content=\"admin\" \/>\n<meta name=\"twitter:card\" content=\"summary_large_image\" \/>\n<meta name=\"twitter:label1\" content=\"Written by\" \/>\n\t<meta name=\"twitter:data1\" content=\"admin\" \/>\n\t<meta name=\"twitter:label2\" content=\"Est. reading time\" \/>\n\t<meta name=\"twitter:data2\" content=\"2 minutes\" \/>\n<script type=\"application\/ld+json\" class=\"yoast-schema-graph\">{\"@context\":\"https:\\\/\\\/schema.org\",\"@graph\":[{\"@type\":\"Article\",\"@id\":\"https:\\\/\\\/akunq.net\\\/tr\\\/?p=66090#article\",\"isPartOf\":{\"@id\":\"https:\\\/\\\/akunq.net\\\/tr\\\/?p=66090\"},\"author\":{\"name\":\"admin\",\"@id\":\"https:\\\/\\\/akunq.net\\\/tr\\\/#\\\/schema\\\/person\\\/096f1d38a12cce57fb855b485ed24c9e\"},\"headline\":\"Anket: AKP\u2019yle CHP aras\u0131ndaki fark y\u00fczde 1,8\u2019e d\u00fc\u015ft\u00fc\",\"datePublished\":\"2021-12-08T08:11:34+00:00\",\"mainEntityOfPage\":{\"@id\":\"https:\\\/\\\/akunq.net\\\/tr\\\/?p=66090\"},\"wordCount\":451,\"commentCount\":0,\"image\":{\"@id\":\"https:\\\/\\\/akunq.net\\\/tr\\\/?p=66090#primaryimage\"},\"thumbnailUrl\":\"https:\\\/\\\/akunq.net\\\/tr\\\/wp-content\\\/uploads\\\/sites\\\/6\\\/2021\\\/12\\\/Erdogan.jpg\",\"articleSection\":[\"Haberler\"],\"inLanguage\":\"en-US\",\"potentialAction\":[{\"@type\":\"CommentAction\",\"name\":\"Comment\",\"target\":[\"https:\\\/\\\/akunq.net\\\/tr\\\/?p=66090#respond\"]}]},{\"@type\":\"WebPage\",\"@id\":\"https:\\\/\\\/akunq.net\\\/tr\\\/?p=66090\",\"url\":\"https:\\\/\\\/akunq.net\\\/tr\\\/?p=66090\",\"name\":\"Anket: AKP\u2019yle CHP aras\u0131ndaki fark y\u00fczde 1,8\u2019e d\u00fc\u015ft\u00fc - Bati Ermenistan Ve Bati Ermenileri Sorunlari Ara\u015ftirmalar Merkezi\",\"isPartOf\":{\"@id\":\"https:\\\/\\\/akunq.net\\\/tr\\\/#website\"},\"primaryImageOfPage\":{\"@id\":\"https:\\\/\\\/akunq.net\\\/tr\\\/?p=66090#primaryimage\"},\"image\":{\"@id\":\"https:\\\/\\\/akunq.net\\\/tr\\\/?p=66090#primaryimage\"},\"thumbnailUrl\":\"https:\\\/\\\/akunq.net\\\/tr\\\/wp-content\\\/uploads\\\/sites\\\/6\\\/2021\\\/12\\\/Erdogan.jpg\",\"datePublished\":\"2021-12-08T08:11:34+00:00\",\"author\":{\"@id\":\"https:\\\/\\\/akunq.net\\\/tr\\\/#\\\/schema\\\/person\\\/096f1d38a12cce57fb855b485ed24c9e\"},\"breadcrumb\":{\"@id\":\"https:\\\/\\\/akunq.net\\\/tr\\\/?p=66090#breadcrumb\"},\"inLanguage\":\"en-US\",\"potentialAction\":[{\"@type\":\"ReadAction\",\"target\":[\"https:\\\/\\\/akunq.net\\\/tr\\\/?p=66090\"]}]},{\"@type\":\"ImageObject\",\"inLanguage\":\"en-US\",\"@id\":\"https:\\\/\\\/akunq.net\\\/tr\\\/?p=66090#primaryimage\",\"url\":\"https:\\\/\\\/akunq.net\\\/tr\\\/wp-content\\\/uploads\\\/sites\\\/6\\\/2021\\\/12\\\/Erdogan.jpg\",\"contentUrl\":\"https:\\\/\\\/akunq.net\\\/tr\\\/wp-content\\\/uploads\\\/sites\\\/6\\\/2021\\\/12\\\/Erdogan.jpg\",\"width\":670,\"height\":450},{\"@type\":\"BreadcrumbList\",\"@id\":\"https:\\\/\\\/akunq.net\\\/tr\\\/?p=66090#breadcrumb\",\"itemListElement\":[{\"@type\":\"ListItem\",\"position\":1,\"name\":\"Home\",\"item\":\"https:\\\/\\\/akunq.net\\\/tr\"},{\"@type\":\"ListItem\",\"position\":2,\"name\":\"Anket: AKP\u2019yle CHP aras\u0131ndaki fark y\u00fczde 1,8\u2019e d\u00fc\u015ft\u00fc\"}]},{\"@type\":\"WebSite\",\"@id\":\"https:\\\/\\\/akunq.net\\\/tr\\\/#website\",\"url\":\"https:\\\/\\\/akunq.net\\\/tr\\\/\",\"name\":\"Bati Ermenistan Ve Bati Ermenileri Sorunlari Ara\u015ftirmalar Merkezi\",\"description\":\"\",\"potentialAction\":[{\"@type\":\"SearchAction\",\"target\":{\"@type\":\"EntryPoint\",\"urlTemplate\":\"https:\\\/\\\/akunq.net\\\/tr\\\/?s={search_term_string}\"},\"query-input\":{\"@type\":\"PropertyValueSpecification\",\"valueRequired\":true,\"valueName\":\"search_term_string\"}}],\"inLanguage\":\"en-US\"},{\"@type\":\"Person\",\"@id\":\"https:\\\/\\\/akunq.net\\\/tr\\\/#\\\/schema\\\/person\\\/096f1d38a12cce57fb855b485ed24c9e\",\"name\":\"admin\",\"url\":\"https:\\\/\\\/akunq.net\\\/tr\\\/?author=7\"}]}<\/script>\n<!-- \/ Yoast SEO plugin. -->","yoast_head_json":{"title":"Anket: AKP\u2019yle CHP aras\u0131ndaki fark y\u00fczde 1,8\u2019e d\u00fc\u015ft\u00fc - Bati Ermenistan Ve Bati Ermenileri Sorunlari Ara\u015ftirmalar Merkezi","robots":{"index":"index","follow":"follow","max-snippet":"max-snippet:-1","max-image-preview":"max-image-preview:large","max-video-preview":"max-video-preview:-1"},"canonical":"https:\/\/akunq.net\/tr\/?p=66090","og_locale":"en_US","og_type":"article","og_title":"Anket: AKP\u2019yle CHP aras\u0131ndaki fark y\u00fczde 1,8\u2019e d\u00fc\u015ft\u00fc - Bati Ermenistan Ve Bati Ermenileri Sorunlari Ara\u015ftirmalar Merkezi","og_description":"Area Ara\u015ft\u0131rma\u2019n\u0131n kas\u0131m ay\u0131 se\u00e7im anketine g\u00f6re\u00a0\u2018millet ittifak\u0131\u2019n\u0131n oy oran\u0131,\u00a0\u2018cumhur ittifak\u0131\u2019n\u0131n \u00fc\u00e7 puan \u00f6n\u00fcnde \u00e7\u0131kt\u0131.\u00a0Ankete g\u00f6re AKP\u2019yle CHP aras\u0131ndaki fark y\u00fczde 1,8\u2019e d\u00fc\u015ft\u00fc. T\u00fcrkiye\u2019deki genel se\u00e7imlere iki sene var. Ancak muhalefetteki partiler erken se\u00e7im \u00e7a\u011fr\u0131s\u0131 yapmaya devam ediyor. \u0130ktidar bu \u00e7a\u011fr\u0131lar\u0131 reddederek se\u00e7imlerin zaman\u0131nda d\u00fczenlenece\u011fini vurguluyor. Ara\u015ft\u0131rmac\u0131lar ise iktidar partisine oy deste\u011finin azald\u0131\u011f\u0131n\u0131 \u00f6ne s\u00fcr\u00fcyor, [&hellip;]","og_url":"https:\/\/akunq.net\/tr\/?p=66090","og_site_name":"Bati Ermenistan Ve Bati Ermenileri Sorunlari Ara\u015ftirmalar Merkezi","article_published_time":"2021-12-08T08:11:34+00:00","og_image":[{"width":670,"height":450,"url":"https:\/\/akunq.net\/tr\/wp-content\/uploads\/sites\/6\/2021\/12\/Erdogan.jpg","type":"image\/jpeg"}],"author":"admin","twitter_card":"summary_large_image","twitter_misc":{"Written by":"admin","Est. reading time":"2 minutes"},"schema":{"@context":"https:\/\/schema.org","@graph":[{"@type":"Article","@id":"https:\/\/akunq.net\/tr\/?p=66090#article","isPartOf":{"@id":"https:\/\/akunq.net\/tr\/?p=66090"},"author":{"name":"admin","@id":"https:\/\/akunq.net\/tr\/#\/schema\/person\/096f1d38a12cce57fb855b485ed24c9e"},"headline":"Anket: AKP\u2019yle CHP aras\u0131ndaki fark y\u00fczde 1,8\u2019e d\u00fc\u015ft\u00fc","datePublished":"2021-12-08T08:11:34+00:00","mainEntityOfPage":{"@id":"https:\/\/akunq.net\/tr\/?p=66090"},"wordCount":451,"commentCount":0,"image":{"@id":"https:\/\/akunq.net\/tr\/?p=66090#primaryimage"},"thumbnailUrl":"https:\/\/akunq.net\/tr\/wp-content\/uploads\/sites\/6\/2021\/12\/Erdogan.jpg","articleSection":["Haberler"],"inLanguage":"en-US","potentialAction":[{"@type":"CommentAction","name":"Comment","target":["https:\/\/akunq.net\/tr\/?p=66090#respond"]}]},{"@type":"WebPage","@id":"https:\/\/akunq.net\/tr\/?p=66090","url":"https:\/\/akunq.net\/tr\/?p=66090","name":"Anket: AKP\u2019yle CHP aras\u0131ndaki fark y\u00fczde 1,8\u2019e d\u00fc\u015ft\u00fc - Bati Ermenistan Ve Bati Ermenileri Sorunlari Ara\u015ftirmalar Merkezi","isPartOf":{"@id":"https:\/\/akunq.net\/tr\/#website"},"primaryImageOfPage":{"@id":"https:\/\/akunq.net\/tr\/?p=66090#primaryimage"},"image":{"@id":"https:\/\/akunq.net\/tr\/?p=66090#primaryimage"},"thumbnailUrl":"https:\/\/akunq.net\/tr\/wp-content\/uploads\/sites\/6\/2021\/12\/Erdogan.jpg","datePublished":"2021-12-08T08:11:34+00:00","author":{"@id":"https:\/\/akunq.net\/tr\/#\/schema\/person\/096f1d38a12cce57fb855b485ed24c9e"},"breadcrumb":{"@id":"https:\/\/akunq.net\/tr\/?p=66090#breadcrumb"},"inLanguage":"en-US","potentialAction":[{"@type":"ReadAction","target":["https:\/\/akunq.net\/tr\/?p=66090"]}]},{"@type":"ImageObject","inLanguage":"en-US","@id":"https:\/\/akunq.net\/tr\/?p=66090#primaryimage","url":"https:\/\/akunq.net\/tr\/wp-content\/uploads\/sites\/6\/2021\/12\/Erdogan.jpg","contentUrl":"https:\/\/akunq.net\/tr\/wp-content\/uploads\/sites\/6\/2021\/12\/Erdogan.jpg","width":670,"height":450},{"@type":"BreadcrumbList","@id":"https:\/\/akunq.net\/tr\/?p=66090#breadcrumb","itemListElement":[{"@type":"ListItem","position":1,"name":"Home","item":"https:\/\/akunq.net\/tr"},{"@type":"ListItem","position":2,"name":"Anket: AKP\u2019yle CHP aras\u0131ndaki fark y\u00fczde 1,8\u2019e d\u00fc\u015ft\u00fc"}]},{"@type":"WebSite","@id":"https:\/\/akunq.net\/tr\/#website","url":"https:\/\/akunq.net\/tr\/","name":"Bati Ermenistan Ve Bati Ermenileri Sorunlari Ara\u015ftirmalar Merkezi","description":"","potentialAction":[{"@type":"SearchAction","target":{"@type":"EntryPoint","urlTemplate":"https:\/\/akunq.net\/tr\/?s={search_term_string}"},"query-input":{"@type":"PropertyValueSpecification","valueRequired":true,"valueName":"search_term_string"}}],"inLanguage":"en-US"},{"@type":"Person","@id":"https:\/\/akunq.net\/tr\/#\/schema\/person\/096f1d38a12cce57fb855b485ed24c9e","name":"admin","url":"https:\/\/akunq.net\/tr\/?author=7"}]}},"_links":{"self":[{"href":"https:\/\/akunq.net\/tr\/index.php?rest_route=\/wp\/v2\/posts\/66090","targetHints":{"allow":["GET"]}}],"collection":[{"href":"https:\/\/akunq.net\/tr\/index.php?rest_route=\/wp\/v2\/posts"}],"about":[{"href":"https:\/\/akunq.net\/tr\/index.php?rest_route=\/wp\/v2\/types\/post"}],"author":[{"embeddable":true,"href":"https:\/\/akunq.net\/tr\/index.php?rest_route=\/wp\/v2\/users\/7"}],"replies":[{"embeddable":true,"href":"https:\/\/akunq.net\/tr\/index.php?rest_route=%2Fwp%2Fv2%2Fcomments&post=66090"}],"version-history":[{"count":1,"href":"https:\/\/akunq.net\/tr\/index.php?rest_route=\/wp\/v2\/posts\/66090\/revisions"}],"predecessor-version":[{"id":66092,"href":"https:\/\/akunq.net\/tr\/index.php?rest_route=\/wp\/v2\/posts\/66090\/revisions\/66092"}],"wp:featuredmedia":[{"embeddable":true,"href":"https:\/\/akunq.net\/tr\/index.php?rest_route=\/wp\/v2\/media\/66091"}],"wp:attachment":[{"href":"https:\/\/akunq.net\/tr\/index.php?rest_route=%2Fwp%2Fv2%2Fmedia&parent=66090"}],"wp:term":[{"taxonomy":"category","embeddable":true,"href":"https:\/\/akunq.net\/tr\/index.php?rest_route=%2Fwp%2Fv2%2Fcategories&post=66090"},{"taxonomy":"post_tag","embeddable":true,"href":"https:\/\/akunq.net\/tr\/index.php?rest_route=%2Fwp%2Fv2%2Ftags&post=66090"}],"curies":[{"name":"wp","href":"https:\/\/api.w.org\/{rel}","templated":true}]}}