{"id":66057,"date":"2021-12-07T04:00:11","date_gmt":"2021-12-07T09:00:11","guid":{"rendered":"https:\/\/akunq.net\/tr\/?p=66057"},"modified":"2021-12-07T04:00:11","modified_gmt":"2021-12-07T09:00:11","slug":"medeniyetler-besigi-ani-kar-yagisiyla-ayri-guzellige-burundu","status":"publish","type":"post","link":"https:\/\/akunq.net\/tr\/?p=66057","title":{"rendered":"\u2018Medeniyetler be\u015fi\u011fi\u2019 Ani kar ya\u011f\u0131\u015f\u0131yla ayr\u0131 g\u00fczelli\u011fe b\u00fcr\u00fcnd\u00fc"},"content":{"rendered":"<p><img loading=\"lazy\" decoding=\"async\" class=\"aligncenter size-medium wp-image-66058\" src=\"https:\/\/akunq.net\/tr\/wp-content\/uploads\/2021\/12\/Ani-360x203.jpg\" alt=\"\" width=\"360\" height=\"203\" srcset=\"https:\/\/akunq.net\/tr\/wp-content\/uploads\/sites\/6\/2021\/12\/Ani-360x203.jpg 360w, https:\/\/akunq.net\/tr\/wp-content\/uploads\/sites\/6\/2021\/12\/Ani-768x432.jpg 768w, https:\/\/akunq.net\/tr\/wp-content\/uploads\/sites\/6\/2021\/12\/Ani-560x315.jpg 560w, https:\/\/akunq.net\/tr\/wp-content\/uploads\/sites\/6\/2021\/12\/Ani-260x146.jpg 260w, https:\/\/akunq.net\/tr\/wp-content\/uploads\/sites\/6\/2021\/12\/Ani-160x90.jpg 160w, https:\/\/akunq.net\/tr\/wp-content\/uploads\/sites\/6\/2021\/12\/Ani.jpg 864w\" sizes=\"auto, (max-width: 360px) 100vw, 360px\" \/><\/p>\n<p><em><strong>Kars\u2019taki Ani \u00d6ren Yeri\u2019ne gelen turistler, beyaz \u00f6rt\u00fcyle kaplanan tarihi yap\u0131lar\u0131 ve y\u00f6reyi gezip hem tarihe yolculuk yap\u0131yor hem de bol bol foto\u011fraf \u00e7ektirip bu an\u0131 \u00f6l\u00fcms\u00fczle\u015ftiriyor.<\/strong><\/em><\/p>\n<p><strong>C\u00fcneyt \u00c7elik\u00a0<\/strong><\/p>\n<p>UNESCO D\u00fcnya Miras Listesi\u2019nde yer alan ve kar ya\u011f\u0131\u015f\u0131yla beyaza b\u00fcr\u00fcnen\u00a0<strong>Kars\u2019taki Ani \u00d6ren Yeri,<\/strong>\u00a0k\u0131\u015f\u0131n b\u00f6lgeye \u00e7ok say\u0131da turist \u00e7ekiyor.<\/p>\n<p>Arpa\u00e7ay\u2019\u0131n iki derin dar bo\u011faz\u0131n\u0131n ortas\u0131nda yer alan, 884-1045 y\u0131llar\u0131 aras\u0131nda Bagratl\u0131lar, 1045-1064 y\u0131llar\u0131 aras\u0131nda Bizansl\u0131lar taraf\u0131ndan y\u00f6netilen Ani, 16 A\u011fustos 1064\u2019te Sultan Alparslan taraf\u0131ndan fethedilerek B\u00fcy\u00fck Sel\u00e7uklu Devleti\u2019nin topraklar\u0131na kat\u0131ld\u0131.<\/p>\n<figure class=\"wp-block-image\"><img decoding=\"async\" src=\"https:\/\/i2.wp.com\/www.aa.com.tr\/uploads\/userFiles\/7fc6ad83-e801-4dd2-b1c1-974abd5a6af0\/2021%2FAralik%2F20211205_2_51174770_71322172.jpg?ssl=1\" alt=\"\" data-recalc-dims=\"1\" \/><\/figure>\n<p>Yakla\u015f\u0131k 100 hektarl\u0131k alana kurulan, tarih boyunca T\u00fcrklerin yan\u0131 s\u0131ra onlarca medeniyetin ya\u015fam buldu\u011fu Ani\u2019de ge\u00e7mi\u015fte Hristiyan ve M\u00fcsl\u00fcmanlar yan yana ya\u015fad\u0131.<\/p>\n<p>Kuruldu\u011fu g\u00fcnden bu yana bir\u00e7ok medeniyete ev sahipli\u011fi yapan, her biri farkl\u0131 g\u00fczellik ve tarihi de\u011ferdeki cami, kilise, katedral gibi dini yap\u0131lar\u0131n yan\u0131 s\u0131ra paha bi\u00e7ilmez di\u011fer tarihi yap\u0131lar\u0131 ve k\u00fclt\u00fcrel hazineleri b\u00fcnyesinde bar\u0131nd\u0131ran Ani, Kafkaslardan Anadolu\u2019ya ilk giri\u015f kap\u0131s\u0131 olma \u00f6zelli\u011fiyle ayr\u0131 \u00f6nem arz ediyor.<\/p>\n<figure class=\"wp-block-embed is-type-video is-provider-youtube wp-block-embed-youtube wp-embed-aspect-16-9 wp-has-aspect-ratio\">\n<div class=\"wp-block-embed__wrapper\">\n<div class=\"fluid-width-video-wrapper\"><iframe id=\"fitvid527745\" title=\"'Medeniyetler be\u015fi\u011fi' Ani kar ya\u011f\u0131\u015f\u0131yla ayr\u0131 g\u00fczelli\u011fe b\u00fcr\u00fcnd\u00fc\" src=\"https:\/\/www.youtube.com\/embed\/AFlVkzERSfU?feature=oembed\" frameborder=\"0\" allowfullscreen=\"allowfullscreen\" data-mce-fragment=\"1\"><\/iframe><\/div>\n<\/div>\n<\/figure>\n<p>\u0130slam mimarisi eserlerini de b\u00fcnyesinde bar\u0131nd\u0131ran ve 15 Temmuz 2016\u2019da UNESCO\u2019nun D\u00fcnya Miras Listesi\u2019ne dahil edilen antik \u015fehir, yerli ve yabanc\u0131 turistlerin ilgisini \u00e7ekiyor.<\/p>\n<p>\u201cD\u00fcnya kenti\u201d, \u201cmedeniyetler be\u015fi\u011fi\u201d, \u201cbinbir kilise\u201d ve \u201c40 kap\u0131l\u0131 \u015fehir\u201d olarak bilinen Ani\u2019ye gelen turistler, Anadolu\u2019da yap\u0131lan ilk T\u00fcrk camisi \u201cEbul Menucehr Camisi\u201d, \u201cAmenaprgi\u00e7 Kilisesi\u201d, \u201cAni\u201d, \u201cAni Katedrali\u201d, \u201cDikran Honentz Kilisesi\u201d, \u201cAbugamir Pahlavuni Kilisesi\u201d gibi eserlere yo\u011fun ilgi g\u00f6steriyor.<\/p>\n<p>\u00d6zellikle Do\u011fu Ekspresi ile kente gelen yerli ve yabanc\u0131 turistler, Kars Kalesi, Kafkas Harp Tarihi M\u00fczesi ve Arkeoloji M\u00fczesi\u2019ni gezdikten sonra rotalar\u0131n\u0131 Ani \u00d6ren Yeri\u2019ne \u00e7eviriyor.<\/p>\n<figure class=\"wp-block-image\"><img decoding=\"async\" src=\"https:\/\/i0.wp.com\/admin.aa.com.tr\/uploads\/userFiles\/7fc6ad83-e801-4dd2-b1c1-974abd5a6af0\/2021%2FAralik%2F20211205_2_51174770_71322175.jpg?ssl=1\" alt=\"\" data-recalc-dims=\"1\" \/><\/figure>\n<h3>Kar ya\u011f\u0131\u015f\u0131yla ayr\u0131 g\u00fczelli\u011fe b\u00fcr\u00fcnd\u00fc<\/h3>\n<p>Ziyaret\u00e7ilerine tarihte yolculuk yapt\u0131ran Ani, b\u00f6lgede son g\u00fcnlerde etkili olan yo\u011fun kar ya\u011f\u0131\u015f\u0131yla ayr\u0131 g\u00fczelli\u011fe b\u00fcr\u00fcnd\u00fc.<\/p>\n<p>Bu durumu f\u0131rsat bilerek Ani\u2019ye gelen turistler, beyaz \u00f6rt\u00fc ile kaplanan tarihi yap\u0131lar\u0131 ve y\u00f6reyi gezip hem tarihe yolculuk yap\u0131yor hem de bol bol foto\u011fraf \u00e7ektirip bu an\u0131 \u00f6l\u00fcms\u00fczle\u015ftiriyor.<\/p>\n<figure class=\"wp-block-image\"><img decoding=\"async\" src=\"https:\/\/i1.wp.com\/www.aa.com.tr\/uploads\/userFiles\/7fc6ad83-e801-4dd2-b1c1-974abd5a6af0\/2021%2FAralik%2F20211205_2_51174770_71322191.jpg?ssl=1\" alt=\"\" data-recalc-dims=\"1\" \/><\/figure>\n<p>Kafkas \u00dcniversitesi \u00d6\u011fretim \u00dcyesi ve Ani \u00d6ren Yeri Kaz\u0131 Ba\u015fkan\u0131 Do\u00e7. Dr. Muhammet Arslan, AA muhabirine, Ani\u2019nin Orta\u00e7a\u011f\u2019\u0131n kadim \u015fehirlerinden biri oldu\u011funu s\u00f6yledi.<\/p>\n<p>Ani\u2019nin tarihteki \u00f6neminden bahseden Arslan, \u201cAni 1064\u2019te Sultan Alparslan taraf\u0131ndan yap\u0131lan fetihle T\u00fcrklerin Anadolu\u2019ya ilk giri\u015f kap\u0131s\u0131 ve ilk \u015fehirle\u015ftikleri yer bak\u0131m\u0131ndan olduk\u00e7a \u00f6nemli bir kent. Ani d\u00f6rt mevsim farkl\u0131 g\u00fczelli\u011fe b\u00fcr\u00fcnmekte. \u015eimdi de ya\u011fan karla \u00e7ok farkl\u0131 bir cazibe merkezi haline gelmi\u015f durumda. Yerli ve yabanc\u0131 turistleri muhakkak Ani\u2019ye k\u00fclt\u00fcr ve tarih gezisi yapmaya davet ediyorum.\u201d dedi.<\/p>\n<h3>Turistler kar alt\u0131ndaki Ani\u2019ye hayran kald\u0131<\/h3>\n<p>Do\u011fu Ekspresi ile \u0130stanbul\u2019dan gelen Z\u00fcbeyde Akpak\u0131r ise Ani\u2019yi g\u00f6rme hayalini ger\u00e7ekle\u015ftirmenin sevincini ya\u015fad\u0131\u011f\u0131n\u0131 anlatt\u0131.<\/p>\n<figure class=\"wp-block-image\"><img decoding=\"async\" src=\"https:\/\/i0.wp.com\/admin.aa.com.tr\/uploads\/userFiles\/7fc6ad83-e801-4dd2-b1c1-974abd5a6af0\/2021%2FAralik%2F20211205_2_51174770_71322199.jpg?ssl=1\" alt=\"\" data-recalc-dims=\"1\" \/><\/figure>\n<p>Trenle \u00e7ok keyifli bir yolculuk sonras\u0131 kente geldi\u011fini belirten Akpak\u0131r, \u201cBu co\u011frafyaya hi\u00e7 gelmemi\u015ftim ve \u00e7ok g\u00fczel. Yerli ve yabanc\u0131 turistlerin bu deneyimi ya\u015famalar\u0131 gerekiyor. Herkesin buralara gelmesi laz\u0131m. Ben her k\u0131\u015f gelmeyi d\u00fc\u015f\u00fcn\u00fcyorum. Ani\u2019nin \u00e7ok de\u011fi\u015fik bir havas\u0131 var, ba\u015fka bir \u00fclke gibi \u00e7ok farkl\u0131 hissettiriyor.\u201d ifadelerini kulland\u0131.<\/p>\n<figure class=\"wp-block-image\"><img decoding=\"async\" src=\"https:\/\/i0.wp.com\/admin.aa.com.tr\/uploads\/userFiles\/7fc6ad83-e801-4dd2-b1c1-974abd5a6af0\/2021%2FAralik%2F20211205_2_51174770_71322173.jpg?ssl=1\" alt=\"\" data-recalc-dims=\"1\" \/><\/figure>\n<p>Mersin\u2019den gelen Melih Akhan da uzun zamandan beri kente gelmek i\u00e7in plan yapt\u0131\u011f\u0131n\u0131 ifade ederek, \u201cDaha \u00f6nce trende yer bulamad\u0131\u011f\u0131m i\u00e7in gelemedim. Ani bir planla yer bulunca Kayseri\u2019ye geldim ve oradan da Do\u011fu Ekspresi\u2019yle buraya geldim. Ani \u00e7ok g\u00fczel, karl\u0131 g\u00f6rmek daha da g\u00fczel. \u0130lk defa Kars\u2019a, Aniye geliyorum. Burada tarihi ya\u015f\u0131yoruz.\u201d diye konu\u015ftu.<\/p>\n<p><em><strong><a href=\"https:\/\/www.aa.com.tr\/tr\/kultur-sanat\/medeniyetler-besigi-ani-kar-yagisiyla-ayri-guzellige-burundu\/2439024\">https:\/\/www.aa.com.tr\/tr\/kultur-sanat\/medeniyetler-besigi-ani-kar-yagisiyla-ayri-guzellige-burundu\/2439024<\/a>\u00a0<\/strong><\/em><\/p>\n","protected":false},"excerpt":{"rendered":"<p>Kars\u2019taki Ani \u00d6ren Yeri\u2019ne gelen turistler, beyaz \u00f6rt\u00fcyle kaplanan tarihi yap\u0131lar\u0131 ve y\u00f6reyi gezip hem tarihe yolculuk yap\u0131yor hem de bol bol foto\u011fraf \u00e7ektirip bu an\u0131 \u00f6l\u00fcms\u00fczle\u015ftiriyor. C\u00fcneyt \u00c7elik\u00a0 UNESCO D\u00fcnya Miras Listesi\u2019nde yer alan ve kar ya\u011f\u0131\u015f\u0131yla beyaza b\u00fcr\u00fcnen\u00a0Kars\u2019taki Ani \u00d6ren Yeri,\u00a0k\u0131\u015f\u0131n b\u00f6lgeye \u00e7ok say\u0131da turist \u00e7ekiyor. Arpa\u00e7ay\u2019\u0131n iki derin dar bo\u011faz\u0131n\u0131n ortas\u0131nda yer [&hellip;]<\/p>\n","protected":false},"author":7,"featured_media":66058,"comment_status":"open","ping_status":"open","sticky":false,"template":"","format":"standard","meta":{"footnotes":""},"categories":[22,1],"tags":[],"class_list":["post-66057","post","type-post","status-publish","format-standard","has-post-thumbnail","hentry","category-gunumuzde-bati-ermenistan","category-haberler"],"yoast_head":"<!-- This site is optimized with the Yoast SEO plugin v27.4 - https:\/\/yoast.com\/product\/yoast-seo-wordpress\/ -->\n<title>\u2018Medeniyetler be\u015fi\u011fi\u2019 Ani kar ya\u011f\u0131\u015f\u0131yla ayr\u0131 g\u00fczelli\u011fe b\u00fcr\u00fcnd\u00fc - Bati Ermenistan Ve Bati Ermenileri Sorunlari Ara\u015ftirmalar Merkezi<\/title>\n<meta name=\"robots\" content=\"index, follow, max-snippet:-1, max-image-preview:large, max-video-preview:-1\" \/>\n<link rel=\"canonical\" href=\"https:\/\/akunq.net\/tr\/?p=66057\" \/>\n<meta property=\"og:locale\" content=\"en_US\" \/>\n<meta property=\"og:type\" content=\"article\" \/>\n<meta property=\"og:title\" content=\"\u2018Medeniyetler be\u015fi\u011fi\u2019 Ani kar ya\u011f\u0131\u015f\u0131yla ayr\u0131 g\u00fczelli\u011fe b\u00fcr\u00fcnd\u00fc - Bati Ermenistan Ve Bati Ermenileri Sorunlari Ara\u015ftirmalar Merkezi\" \/>\n<meta property=\"og:description\" content=\"Kars\u2019taki Ani \u00d6ren Yeri\u2019ne gelen turistler, beyaz \u00f6rt\u00fcyle kaplanan tarihi yap\u0131lar\u0131 ve y\u00f6reyi gezip hem tarihe yolculuk yap\u0131yor hem de bol bol foto\u011fraf \u00e7ektirip bu an\u0131 \u00f6l\u00fcms\u00fczle\u015ftiriyor. C\u00fcneyt \u00c7elik\u00a0 UNESCO D\u00fcnya Miras Listesi\u2019nde yer alan ve kar ya\u011f\u0131\u015f\u0131yla beyaza b\u00fcr\u00fcnen\u00a0Kars\u2019taki Ani \u00d6ren Yeri,\u00a0k\u0131\u015f\u0131n b\u00f6lgeye \u00e7ok say\u0131da turist \u00e7ekiyor. Arpa\u00e7ay\u2019\u0131n iki derin dar bo\u011faz\u0131n\u0131n ortas\u0131nda yer [&hellip;]\" \/>\n<meta property=\"og:url\" content=\"https:\/\/akunq.net\/tr\/?p=66057\" \/>\n<meta property=\"og:site_name\" content=\"Bati Ermenistan Ve Bati Ermenileri Sorunlari Ara\u015ftirmalar Merkezi\" \/>\n<meta property=\"article:published_time\" content=\"2021-12-07T09:00:11+00:00\" \/>\n<meta property=\"og:image\" content=\"https:\/\/akunq.net\/tr\/wp-content\/uploads\/sites\/6\/2021\/12\/Ani.jpg\" \/>\n\t<meta property=\"og:image:width\" content=\"864\" \/>\n\t<meta property=\"og:image:height\" content=\"486\" \/>\n\t<meta property=\"og:image:type\" content=\"image\/jpeg\" \/>\n<meta name=\"author\" content=\"admin\" \/>\n<meta name=\"twitter:card\" content=\"summary_large_image\" \/>\n<meta name=\"twitter:label1\" content=\"Written by\" \/>\n\t<meta name=\"twitter:data1\" content=\"admin\" \/>\n\t<meta name=\"twitter:label2\" content=\"Est. reading time\" \/>\n\t<meta name=\"twitter:data2\" content=\"3 minutes\" \/>\n<script type=\"application\/ld+json\" class=\"yoast-schema-graph\">{\"@context\":\"https:\\\/\\\/schema.org\",\"@graph\":[{\"@type\":\"Article\",\"@id\":\"https:\\\/\\\/akunq.net\\\/tr\\\/?p=66057#article\",\"isPartOf\":{\"@id\":\"https:\\\/\\\/akunq.net\\\/tr\\\/?p=66057\"},\"author\":{\"name\":\"admin\",\"@id\":\"https:\\\/\\\/akunq.net\\\/tr\\\/#\\\/schema\\\/person\\\/096f1d38a12cce57fb855b485ed24c9e\"},\"headline\":\"\u2018Medeniyetler be\u015fi\u011fi\u2019 Ani kar ya\u011f\u0131\u015f\u0131yla ayr\u0131 g\u00fczelli\u011fe b\u00fcr\u00fcnd\u00fc\",\"datePublished\":\"2021-12-07T09:00:11+00:00\",\"mainEntityOfPage\":{\"@id\":\"https:\\\/\\\/akunq.net\\\/tr\\\/?p=66057\"},\"wordCount\":696,\"commentCount\":0,\"image\":{\"@id\":\"https:\\\/\\\/akunq.net\\\/tr\\\/?p=66057#primaryimage\"},\"thumbnailUrl\":\"https:\\\/\\\/akunq.net\\\/tr\\\/wp-content\\\/uploads\\\/sites\\\/6\\\/2021\\\/12\\\/Ani.jpg\",\"articleSection\":[\"G\u00fcn\u00fcm\u00fczde Bat\u0131 Ermenistan\",\"Haberler\"],\"inLanguage\":\"en-US\",\"potentialAction\":[{\"@type\":\"CommentAction\",\"name\":\"Comment\",\"target\":[\"https:\\\/\\\/akunq.net\\\/tr\\\/?p=66057#respond\"]}]},{\"@type\":\"WebPage\",\"@id\":\"https:\\\/\\\/akunq.net\\\/tr\\\/?p=66057\",\"url\":\"https:\\\/\\\/akunq.net\\\/tr\\\/?p=66057\",\"name\":\"\u2018Medeniyetler be\u015fi\u011fi\u2019 Ani kar ya\u011f\u0131\u015f\u0131yla ayr\u0131 g\u00fczelli\u011fe b\u00fcr\u00fcnd\u00fc - Bati Ermenistan Ve Bati Ermenileri Sorunlari Ara\u015ftirmalar Merkezi\",\"isPartOf\":{\"@id\":\"https:\\\/\\\/akunq.net\\\/tr\\\/#website\"},\"primaryImageOfPage\":{\"@id\":\"https:\\\/\\\/akunq.net\\\/tr\\\/?p=66057#primaryimage\"},\"image\":{\"@id\":\"https:\\\/\\\/akunq.net\\\/tr\\\/?p=66057#primaryimage\"},\"thumbnailUrl\":\"https:\\\/\\\/akunq.net\\\/tr\\\/wp-content\\\/uploads\\\/sites\\\/6\\\/2021\\\/12\\\/Ani.jpg\",\"datePublished\":\"2021-12-07T09:00:11+00:00\",\"author\":{\"@id\":\"https:\\\/\\\/akunq.net\\\/tr\\\/#\\\/schema\\\/person\\\/096f1d38a12cce57fb855b485ed24c9e\"},\"breadcrumb\":{\"@id\":\"https:\\\/\\\/akunq.net\\\/tr\\\/?p=66057#breadcrumb\"},\"inLanguage\":\"en-US\",\"potentialAction\":[{\"@type\":\"ReadAction\",\"target\":[\"https:\\\/\\\/akunq.net\\\/tr\\\/?p=66057\"]}]},{\"@type\":\"ImageObject\",\"inLanguage\":\"en-US\",\"@id\":\"https:\\\/\\\/akunq.net\\\/tr\\\/?p=66057#primaryimage\",\"url\":\"https:\\\/\\\/akunq.net\\\/tr\\\/wp-content\\\/uploads\\\/sites\\\/6\\\/2021\\\/12\\\/Ani.jpg\",\"contentUrl\":\"https:\\\/\\\/akunq.net\\\/tr\\\/wp-content\\\/uploads\\\/sites\\\/6\\\/2021\\\/12\\\/Ani.jpg\",\"width\":864,\"height\":486},{\"@type\":\"BreadcrumbList\",\"@id\":\"https:\\\/\\\/akunq.net\\\/tr\\\/?p=66057#breadcrumb\",\"itemListElement\":[{\"@type\":\"ListItem\",\"position\":1,\"name\":\"Home\",\"item\":\"https:\\\/\\\/akunq.net\\\/tr\"},{\"@type\":\"ListItem\",\"position\":2,\"name\":\"\u2018Medeniyetler be\u015fi\u011fi\u2019 Ani kar ya\u011f\u0131\u015f\u0131yla ayr\u0131 g\u00fczelli\u011fe b\u00fcr\u00fcnd\u00fc\"}]},{\"@type\":\"WebSite\",\"@id\":\"https:\\\/\\\/akunq.net\\\/tr\\\/#website\",\"url\":\"https:\\\/\\\/akunq.net\\\/tr\\\/\",\"name\":\"Bati Ermenistan Ve Bati Ermenileri Sorunlari Ara\u015ftirmalar Merkezi\",\"description\":\"\",\"potentialAction\":[{\"@type\":\"SearchAction\",\"target\":{\"@type\":\"EntryPoint\",\"urlTemplate\":\"https:\\\/\\\/akunq.net\\\/tr\\\/?s={search_term_string}\"},\"query-input\":{\"@type\":\"PropertyValueSpecification\",\"valueRequired\":true,\"valueName\":\"search_term_string\"}}],\"inLanguage\":\"en-US\"},{\"@type\":\"Person\",\"@id\":\"https:\\\/\\\/akunq.net\\\/tr\\\/#\\\/schema\\\/person\\\/096f1d38a12cce57fb855b485ed24c9e\",\"name\":\"admin\",\"url\":\"https:\\\/\\\/akunq.net\\\/tr\\\/?author=7\"}]}<\/script>\n<!-- \/ Yoast SEO plugin. -->","yoast_head_json":{"title":"\u2018Medeniyetler be\u015fi\u011fi\u2019 Ani kar ya\u011f\u0131\u015f\u0131yla ayr\u0131 g\u00fczelli\u011fe b\u00fcr\u00fcnd\u00fc - Bati Ermenistan Ve Bati Ermenileri Sorunlari Ara\u015ftirmalar Merkezi","robots":{"index":"index","follow":"follow","max-snippet":"max-snippet:-1","max-image-preview":"max-image-preview:large","max-video-preview":"max-video-preview:-1"},"canonical":"https:\/\/akunq.net\/tr\/?p=66057","og_locale":"en_US","og_type":"article","og_title":"\u2018Medeniyetler be\u015fi\u011fi\u2019 Ani kar ya\u011f\u0131\u015f\u0131yla ayr\u0131 g\u00fczelli\u011fe b\u00fcr\u00fcnd\u00fc - Bati Ermenistan Ve Bati Ermenileri Sorunlari Ara\u015ftirmalar Merkezi","og_description":"Kars\u2019taki Ani \u00d6ren Yeri\u2019ne gelen turistler, beyaz \u00f6rt\u00fcyle kaplanan tarihi yap\u0131lar\u0131 ve y\u00f6reyi gezip hem tarihe yolculuk yap\u0131yor hem de bol bol foto\u011fraf \u00e7ektirip bu an\u0131 \u00f6l\u00fcms\u00fczle\u015ftiriyor. C\u00fcneyt \u00c7elik\u00a0 UNESCO D\u00fcnya Miras Listesi\u2019nde yer alan ve kar ya\u011f\u0131\u015f\u0131yla beyaza b\u00fcr\u00fcnen\u00a0Kars\u2019taki Ani \u00d6ren Yeri,\u00a0k\u0131\u015f\u0131n b\u00f6lgeye \u00e7ok say\u0131da turist \u00e7ekiyor. Arpa\u00e7ay\u2019\u0131n iki derin dar bo\u011faz\u0131n\u0131n ortas\u0131nda yer [&hellip;]","og_url":"https:\/\/akunq.net\/tr\/?p=66057","og_site_name":"Bati Ermenistan Ve Bati Ermenileri Sorunlari Ara\u015ftirmalar Merkezi","article_published_time":"2021-12-07T09:00:11+00:00","og_image":[{"width":864,"height":486,"url":"https:\/\/akunq.net\/tr\/wp-content\/uploads\/sites\/6\/2021\/12\/Ani.jpg","type":"image\/jpeg"}],"author":"admin","twitter_card":"summary_large_image","twitter_misc":{"Written by":"admin","Est. reading time":"3 minutes"},"schema":{"@context":"https:\/\/schema.org","@graph":[{"@type":"Article","@id":"https:\/\/akunq.net\/tr\/?p=66057#article","isPartOf":{"@id":"https:\/\/akunq.net\/tr\/?p=66057"},"author":{"name":"admin","@id":"https:\/\/akunq.net\/tr\/#\/schema\/person\/096f1d38a12cce57fb855b485ed24c9e"},"headline":"\u2018Medeniyetler be\u015fi\u011fi\u2019 Ani kar ya\u011f\u0131\u015f\u0131yla ayr\u0131 g\u00fczelli\u011fe b\u00fcr\u00fcnd\u00fc","datePublished":"2021-12-07T09:00:11+00:00","mainEntityOfPage":{"@id":"https:\/\/akunq.net\/tr\/?p=66057"},"wordCount":696,"commentCount":0,"image":{"@id":"https:\/\/akunq.net\/tr\/?p=66057#primaryimage"},"thumbnailUrl":"https:\/\/akunq.net\/tr\/wp-content\/uploads\/sites\/6\/2021\/12\/Ani.jpg","articleSection":["G\u00fcn\u00fcm\u00fczde Bat\u0131 Ermenistan","Haberler"],"inLanguage":"en-US","potentialAction":[{"@type":"CommentAction","name":"Comment","target":["https:\/\/akunq.net\/tr\/?p=66057#respond"]}]},{"@type":"WebPage","@id":"https:\/\/akunq.net\/tr\/?p=66057","url":"https:\/\/akunq.net\/tr\/?p=66057","name":"\u2018Medeniyetler be\u015fi\u011fi\u2019 Ani kar ya\u011f\u0131\u015f\u0131yla ayr\u0131 g\u00fczelli\u011fe b\u00fcr\u00fcnd\u00fc - Bati Ermenistan Ve Bati Ermenileri Sorunlari Ara\u015ftirmalar Merkezi","isPartOf":{"@id":"https:\/\/akunq.net\/tr\/#website"},"primaryImageOfPage":{"@id":"https:\/\/akunq.net\/tr\/?p=66057#primaryimage"},"image":{"@id":"https:\/\/akunq.net\/tr\/?p=66057#primaryimage"},"thumbnailUrl":"https:\/\/akunq.net\/tr\/wp-content\/uploads\/sites\/6\/2021\/12\/Ani.jpg","datePublished":"2021-12-07T09:00:11+00:00","author":{"@id":"https:\/\/akunq.net\/tr\/#\/schema\/person\/096f1d38a12cce57fb855b485ed24c9e"},"breadcrumb":{"@id":"https:\/\/akunq.net\/tr\/?p=66057#breadcrumb"},"inLanguage":"en-US","potentialAction":[{"@type":"ReadAction","target":["https:\/\/akunq.net\/tr\/?p=66057"]}]},{"@type":"ImageObject","inLanguage":"en-US","@id":"https:\/\/akunq.net\/tr\/?p=66057#primaryimage","url":"https:\/\/akunq.net\/tr\/wp-content\/uploads\/sites\/6\/2021\/12\/Ani.jpg","contentUrl":"https:\/\/akunq.net\/tr\/wp-content\/uploads\/sites\/6\/2021\/12\/Ani.jpg","width":864,"height":486},{"@type":"BreadcrumbList","@id":"https:\/\/akunq.net\/tr\/?p=66057#breadcrumb","itemListElement":[{"@type":"ListItem","position":1,"name":"Home","item":"https:\/\/akunq.net\/tr"},{"@type":"ListItem","position":2,"name":"\u2018Medeniyetler be\u015fi\u011fi\u2019 Ani kar ya\u011f\u0131\u015f\u0131yla ayr\u0131 g\u00fczelli\u011fe b\u00fcr\u00fcnd\u00fc"}]},{"@type":"WebSite","@id":"https:\/\/akunq.net\/tr\/#website","url":"https:\/\/akunq.net\/tr\/","name":"Bati Ermenistan Ve Bati Ermenileri Sorunlari Ara\u015ftirmalar Merkezi","description":"","potentialAction":[{"@type":"SearchAction","target":{"@type":"EntryPoint","urlTemplate":"https:\/\/akunq.net\/tr\/?s={search_term_string}"},"query-input":{"@type":"PropertyValueSpecification","valueRequired":true,"valueName":"search_term_string"}}],"inLanguage":"en-US"},{"@type":"Person","@id":"https:\/\/akunq.net\/tr\/#\/schema\/person\/096f1d38a12cce57fb855b485ed24c9e","name":"admin","url":"https:\/\/akunq.net\/tr\/?author=7"}]}},"_links":{"self":[{"href":"https:\/\/akunq.net\/tr\/index.php?rest_route=\/wp\/v2\/posts\/66057","targetHints":{"allow":["GET"]}}],"collection":[{"href":"https:\/\/akunq.net\/tr\/index.php?rest_route=\/wp\/v2\/posts"}],"about":[{"href":"https:\/\/akunq.net\/tr\/index.php?rest_route=\/wp\/v2\/types\/post"}],"author":[{"embeddable":true,"href":"https:\/\/akunq.net\/tr\/index.php?rest_route=\/wp\/v2\/users\/7"}],"replies":[{"embeddable":true,"href":"https:\/\/akunq.net\/tr\/index.php?rest_route=%2Fwp%2Fv2%2Fcomments&post=66057"}],"version-history":[{"count":1,"href":"https:\/\/akunq.net\/tr\/index.php?rest_route=\/wp\/v2\/posts\/66057\/revisions"}],"predecessor-version":[{"id":66059,"href":"https:\/\/akunq.net\/tr\/index.php?rest_route=\/wp\/v2\/posts\/66057\/revisions\/66059"}],"wp:featuredmedia":[{"embeddable":true,"href":"https:\/\/akunq.net\/tr\/index.php?rest_route=\/wp\/v2\/media\/66058"}],"wp:attachment":[{"href":"https:\/\/akunq.net\/tr\/index.php?rest_route=%2Fwp%2Fv2%2Fmedia&parent=66057"}],"wp:term":[{"taxonomy":"category","embeddable":true,"href":"https:\/\/akunq.net\/tr\/index.php?rest_route=%2Fwp%2Fv2%2Fcategories&post=66057"},{"taxonomy":"post_tag","embeddable":true,"href":"https:\/\/akunq.net\/tr\/index.php?rest_route=%2Fwp%2Fv2%2Ftags&post=66057"}],"curies":[{"name":"wp","href":"https:\/\/api.w.org\/{rel}","templated":true}]}}