{"id":66036,"date":"2021-12-07T01:57:08","date_gmt":"2021-12-07T06:57:08","guid":{"rendered":"https:\/\/akunq.net\/tr\/?p=66036"},"modified":"2021-12-07T06:36:43","modified_gmt":"2021-12-07T11:36:43","slug":"sevgili-dostumuz-ve-dernegimizin-baskani-ali-ertem-icin-yastayiz","status":"publish","type":"post","link":"https:\/\/akunq.net\/tr\/?p=66036","title":{"rendered":"Sevgili dostumuz ve derne\u011fimizin ba\u015fkan\u0131 Ali Ertem i\u00e7in yastay\u0131z"},"content":{"rendered":"<p><img loading=\"lazy\" decoding=\"async\" class=\"aligncenter size-medium wp-image-66037\" src=\"https:\/\/akunq.net\/tr\/wp-content\/uploads\/2021\/12\/Ali-Ertem-270x270.jpg\" alt=\"\" width=\"270\" height=\"270\" srcset=\"https:\/\/akunq.net\/tr\/wp-content\/uploads\/sites\/6\/2021\/12\/Ali-Ertem-270x270.jpg 270w, https:\/\/akunq.net\/tr\/wp-content\/uploads\/sites\/6\/2021\/12\/Ali-Ertem-150x150.jpg 150w, https:\/\/akunq.net\/tr\/wp-content\/uploads\/sites\/6\/2021\/12\/Ali-Ertem-560x560.jpg 560w, https:\/\/akunq.net\/tr\/wp-content\/uploads\/sites\/6\/2021\/12\/Ali-Ertem-260x260.jpg 260w, https:\/\/akunq.net\/tr\/wp-content\/uploads\/sites\/6\/2021\/12\/Ali-Ertem-160x160.jpg 160w, https:\/\/akunq.net\/tr\/wp-content\/uploads\/sites\/6\/2021\/12\/Ali-Ertem.jpg 640w\" sizes=\"auto, (max-width: 270px) 100vw, 270px\" \/><\/p>\n<p><strong><em>2 Aral\u0131k 2021 sabah<\/em><\/strong><strong><em>\u0131<\/em><\/strong><strong><em> sevgili dostumuz Ali Ertem bizi beklenmedik ve vakitsiz bir <\/em><\/strong><strong><em>\u015fekilde terk etti.<\/em><\/strong><\/p>\n<p>Soyk\u0131r\u0131m Kar\u015f\u0131tlar\u0131 Derne\u011finin (Verein der V\u00f6lkermordgegner e.V.) kurucusu ve ba\u015fkan\u0131 olarak, Ali Ertem T\u00fcrkiye&#8217;de i\u015flenen soyk\u0131r\u0131mlar\u0131n tan\u0131nmas\u0131 i\u00e7in y\u0131lmadan \u00e7al\u0131\u015ft\u0131, emek harcad\u0131.<\/p>\n<p>Dostumuz ve ba\u015fkan\u0131m\u0131z Ali Ertem&#8217;in yas\u0131n\u0131 tutuyoruz. B\u0131rakt\u0131\u011f\u0131 bo\u015fluk kapat\u0131lamaz. Ali Ertem, cesareti, kararl\u0131 tavr\u0131 ve tavizsiz olarak savundu\u011fu inan\u00e7lar\u0131 ile hem insan hem de siyasi akt\u00f6r olarak bizi her zaman etkilemi\u015ftir. Ermeni, Asuri-S\u00fcryani, Pontus-Helen ve K\u00fcrt halk\u0131 gibi di\u011fer ezilen halklar da iyi bir dostunu kaybetmi\u015ftir. T\u00fcrkiye&#8217;deki soyk\u0131r\u0131mlar\u0131n tan\u0131nmas\u0131 ve k\u0131nanmas\u0131 i\u00e7in m\u00fccadele edenler en \u00f6nde gelen ve en inan\u00e7l\u0131 m\u00fccadele yolda\u015flar\u0131ndan birini kaybetmi\u015ftir.<\/p>\n<p>Ali Ertem derne\u011fimizin \u00f6nde geleni ve lokomotifiydi. Ali bir \u00f6nc\u00fcyd\u00fc, ger\u00e7ek bir devrimciydi, \u00e7\u00fcnk\u00fc d\u00fc\u015f\u00fcncelerini s\u00f6zde b\u0131rakmay\u0131p bunlar\u0131 somut eylemlere d\u00f6n\u00fc\u015ft\u00fcrm\u00fc\u015ft\u00fcr her zaman.<\/p>\n<p>Ali Ertem&#8217;in eylem g\u00fcc\u00fc, yarat\u0131c\u0131l\u0131\u011f\u0131 ve net tavr\u0131, T\u00fcrkiye&#8217;deki soyk\u0131r\u0131m tarihinin ink\u00e2r\u0131n\u0131n karanl\u0131\u011f\u0131nda bize bir \u0131\u015f\u0131k olarak yol g\u00f6stermeye devam edecektir.<\/p>\n<p>Sevgili Ali, seni \u00e7ok erken ve beklenmedik bir vakitte kaybettik, yas\u0131n\u0131 tutuyoruz. Ama senin eme\u011finin meyvelerinin bo\u015fa gitmeyece\u011fini de biliyoruz, sevgili dostumuz ve yolda\u015f\u0131m\u0131z.<\/p>\n<p>Eksikli\u011fini sonsuza de\u011fin hissedip, sonsuza de\u011fin \u00f6zleyece\u011fiz seni.<\/p>\n<p><strong><em>Frankfurt, 02. Aral\u0131k 2021, Soyk\u0131r\u0131m Kar\u015f\u0131tlar\u0131 Derne\u011fi<\/em><\/strong><\/p>\n","protected":false},"excerpt":{"rendered":"<p>2 Aral\u0131k 2021 sabah\u0131 sevgili dostumuz Ali Ertem bizi beklenmedik ve vakitsiz bir \u015fekilde terk etti. Soyk\u0131r\u0131m Kar\u015f\u0131tlar\u0131 Derne\u011finin (Verein der V\u00f6lkermordgegner e.V.) kurucusu ve ba\u015fkan\u0131 olarak, Ali Ertem T\u00fcrkiye&#8217;de i\u015flenen soyk\u0131r\u0131mlar\u0131n tan\u0131nmas\u0131 i\u00e7in y\u0131lmadan \u00e7al\u0131\u015ft\u0131, emek harcad\u0131. Dostumuz ve ba\u015fkan\u0131m\u0131z Ali Ertem&#8217;in yas\u0131n\u0131 tutuyoruz. B\u0131rakt\u0131\u011f\u0131 bo\u015fluk kapat\u0131lamaz. Ali Ertem, cesareti, kararl\u0131 tavr\u0131 ve tavizsiz [&hellip;]<\/p>\n","protected":false},"author":7,"featured_media":66037,"comment_status":"open","ping_status":"open","sticky":false,"template":"","format":"standard","meta":{"footnotes":""},"categories":[1],"tags":[],"class_list":["post-66036","post","type-post","status-publish","format-standard","has-post-thumbnail","hentry","category-haberler"],"yoast_head":"<!-- This site is optimized with the Yoast SEO plugin v27.4 - https:\/\/yoast.com\/product\/yoast-seo-wordpress\/ -->\n<title>Sevgili dostumuz ve derne\u011fimizin ba\u015fkan\u0131 Ali Ertem i\u00e7in yastay\u0131z - Bati Ermenistan Ve Bati Ermenileri Sorunlari Ara\u015ftirmalar Merkezi<\/title>\n<meta name=\"robots\" content=\"index, follow, max-snippet:-1, max-image-preview:large, max-video-preview:-1\" \/>\n<link rel=\"canonical\" href=\"https:\/\/akunq.net\/tr\/?p=66036\" \/>\n<meta property=\"og:locale\" content=\"en_US\" \/>\n<meta property=\"og:type\" content=\"article\" \/>\n<meta property=\"og:title\" content=\"Sevgili dostumuz ve derne\u011fimizin ba\u015fkan\u0131 Ali Ertem i\u00e7in yastay\u0131z - Bati Ermenistan Ve Bati Ermenileri Sorunlari Ara\u015ftirmalar Merkezi\" \/>\n<meta property=\"og:description\" content=\"2 Aral\u0131k 2021 sabah\u0131 sevgili dostumuz Ali Ertem bizi beklenmedik ve vakitsiz bir \u015fekilde terk etti. Soyk\u0131r\u0131m Kar\u015f\u0131tlar\u0131 Derne\u011finin (Verein der V\u00f6lkermordgegner e.V.) kurucusu ve ba\u015fkan\u0131 olarak, Ali Ertem T\u00fcrkiye&#8217;de i\u015flenen soyk\u0131r\u0131mlar\u0131n tan\u0131nmas\u0131 i\u00e7in y\u0131lmadan \u00e7al\u0131\u015ft\u0131, emek harcad\u0131. Dostumuz ve ba\u015fkan\u0131m\u0131z Ali Ertem&#8217;in yas\u0131n\u0131 tutuyoruz. B\u0131rakt\u0131\u011f\u0131 bo\u015fluk kapat\u0131lamaz. Ali Ertem, cesareti, kararl\u0131 tavr\u0131 ve tavizsiz [&hellip;]\" \/>\n<meta property=\"og:url\" content=\"https:\/\/akunq.net\/tr\/?p=66036\" \/>\n<meta property=\"og:site_name\" content=\"Bati Ermenistan Ve Bati Ermenileri Sorunlari Ara\u015ftirmalar Merkezi\" \/>\n<meta property=\"article:published_time\" content=\"2021-12-07T06:57:08+00:00\" \/>\n<meta property=\"article:modified_time\" content=\"2021-12-07T11:36:43+00:00\" \/>\n<meta property=\"og:image\" content=\"https:\/\/akunq.net\/tr\/wp-content\/uploads\/sites\/6\/2021\/12\/Ali-Ertem.jpg\" \/>\n\t<meta property=\"og:image:width\" content=\"640\" \/>\n\t<meta property=\"og:image:height\" content=\"640\" \/>\n\t<meta property=\"og:image:type\" content=\"image\/jpeg\" \/>\n<meta name=\"author\" content=\"admin\" \/>\n<meta name=\"twitter:card\" content=\"summary_large_image\" \/>\n<meta name=\"twitter:label1\" content=\"Written by\" \/>\n\t<meta name=\"twitter:data1\" content=\"admin\" \/>\n\t<meta name=\"twitter:label2\" content=\"Est. reading time\" \/>\n\t<meta name=\"twitter:data2\" content=\"1 minute\" \/>\n<script type=\"application\/ld+json\" class=\"yoast-schema-graph\">{\"@context\":\"https:\\\/\\\/schema.org\",\"@graph\":[{\"@type\":\"Article\",\"@id\":\"https:\\\/\\\/akunq.net\\\/tr\\\/?p=66036#article\",\"isPartOf\":{\"@id\":\"https:\\\/\\\/akunq.net\\\/tr\\\/?p=66036\"},\"author\":{\"name\":\"admin\",\"@id\":\"https:\\\/\\\/akunq.net\\\/tr\\\/#\\\/schema\\\/person\\\/096f1d38a12cce57fb855b485ed24c9e\"},\"headline\":\"Sevgili dostumuz ve derne\u011fimizin ba\u015fkan\u0131 Ali Ertem i\u00e7in yastay\u0131z\",\"datePublished\":\"2021-12-07T06:57:08+00:00\",\"dateModified\":\"2021-12-07T11:36:43+00:00\",\"mainEntityOfPage\":{\"@id\":\"https:\\\/\\\/akunq.net\\\/tr\\\/?p=66036\"},\"wordCount\":278,\"commentCount\":0,\"image\":{\"@id\":\"https:\\\/\\\/akunq.net\\\/tr\\\/?p=66036#primaryimage\"},\"thumbnailUrl\":\"https:\\\/\\\/akunq.net\\\/tr\\\/wp-content\\\/uploads\\\/sites\\\/6\\\/2021\\\/12\\\/Ali-Ertem.jpg\",\"articleSection\":[\"Haberler\"],\"inLanguage\":\"en-US\",\"potentialAction\":[{\"@type\":\"CommentAction\",\"name\":\"Comment\",\"target\":[\"https:\\\/\\\/akunq.net\\\/tr\\\/?p=66036#respond\"]}]},{\"@type\":\"WebPage\",\"@id\":\"https:\\\/\\\/akunq.net\\\/tr\\\/?p=66036\",\"url\":\"https:\\\/\\\/akunq.net\\\/tr\\\/?p=66036\",\"name\":\"Sevgili dostumuz ve derne\u011fimizin ba\u015fkan\u0131 Ali Ertem i\u00e7in yastay\u0131z - Bati Ermenistan Ve Bati Ermenileri Sorunlari Ara\u015ftirmalar Merkezi\",\"isPartOf\":{\"@id\":\"https:\\\/\\\/akunq.net\\\/tr\\\/#website\"},\"primaryImageOfPage\":{\"@id\":\"https:\\\/\\\/akunq.net\\\/tr\\\/?p=66036#primaryimage\"},\"image\":{\"@id\":\"https:\\\/\\\/akunq.net\\\/tr\\\/?p=66036#primaryimage\"},\"thumbnailUrl\":\"https:\\\/\\\/akunq.net\\\/tr\\\/wp-content\\\/uploads\\\/sites\\\/6\\\/2021\\\/12\\\/Ali-Ertem.jpg\",\"datePublished\":\"2021-12-07T06:57:08+00:00\",\"dateModified\":\"2021-12-07T11:36:43+00:00\",\"author\":{\"@id\":\"https:\\\/\\\/akunq.net\\\/tr\\\/#\\\/schema\\\/person\\\/096f1d38a12cce57fb855b485ed24c9e\"},\"breadcrumb\":{\"@id\":\"https:\\\/\\\/akunq.net\\\/tr\\\/?p=66036#breadcrumb\"},\"inLanguage\":\"en-US\",\"potentialAction\":[{\"@type\":\"ReadAction\",\"target\":[\"https:\\\/\\\/akunq.net\\\/tr\\\/?p=66036\"]}]},{\"@type\":\"ImageObject\",\"inLanguage\":\"en-US\",\"@id\":\"https:\\\/\\\/akunq.net\\\/tr\\\/?p=66036#primaryimage\",\"url\":\"https:\\\/\\\/akunq.net\\\/tr\\\/wp-content\\\/uploads\\\/sites\\\/6\\\/2021\\\/12\\\/Ali-Ertem.jpg\",\"contentUrl\":\"https:\\\/\\\/akunq.net\\\/tr\\\/wp-content\\\/uploads\\\/sites\\\/6\\\/2021\\\/12\\\/Ali-Ertem.jpg\",\"width\":640,\"height\":640},{\"@type\":\"BreadcrumbList\",\"@id\":\"https:\\\/\\\/akunq.net\\\/tr\\\/?p=66036#breadcrumb\",\"itemListElement\":[{\"@type\":\"ListItem\",\"position\":1,\"name\":\"Home\",\"item\":\"https:\\\/\\\/akunq.net\\\/tr\"},{\"@type\":\"ListItem\",\"position\":2,\"name\":\"Sevgili dostumuz ve derne\u011fimizin ba\u015fkan\u0131 Ali Ertem i\u00e7in yastay\u0131z\"}]},{\"@type\":\"WebSite\",\"@id\":\"https:\\\/\\\/akunq.net\\\/tr\\\/#website\",\"url\":\"https:\\\/\\\/akunq.net\\\/tr\\\/\",\"name\":\"Bati Ermenistan Ve Bati Ermenileri Sorunlari Ara\u015ftirmalar Merkezi\",\"description\":\"\",\"potentialAction\":[{\"@type\":\"SearchAction\",\"target\":{\"@type\":\"EntryPoint\",\"urlTemplate\":\"https:\\\/\\\/akunq.net\\\/tr\\\/?s={search_term_string}\"},\"query-input\":{\"@type\":\"PropertyValueSpecification\",\"valueRequired\":true,\"valueName\":\"search_term_string\"}}],\"inLanguage\":\"en-US\"},{\"@type\":\"Person\",\"@id\":\"https:\\\/\\\/akunq.net\\\/tr\\\/#\\\/schema\\\/person\\\/096f1d38a12cce57fb855b485ed24c9e\",\"name\":\"admin\",\"url\":\"https:\\\/\\\/akunq.net\\\/tr\\\/?author=7\"}]}<\/script>\n<!-- \/ Yoast SEO plugin. -->","yoast_head_json":{"title":"Sevgili dostumuz ve derne\u011fimizin ba\u015fkan\u0131 Ali Ertem i\u00e7in yastay\u0131z - Bati Ermenistan Ve Bati Ermenileri Sorunlari Ara\u015ftirmalar Merkezi","robots":{"index":"index","follow":"follow","max-snippet":"max-snippet:-1","max-image-preview":"max-image-preview:large","max-video-preview":"max-video-preview:-1"},"canonical":"https:\/\/akunq.net\/tr\/?p=66036","og_locale":"en_US","og_type":"article","og_title":"Sevgili dostumuz ve derne\u011fimizin ba\u015fkan\u0131 Ali Ertem i\u00e7in yastay\u0131z - Bati Ermenistan Ve Bati Ermenileri Sorunlari Ara\u015ftirmalar Merkezi","og_description":"2 Aral\u0131k 2021 sabah\u0131 sevgili dostumuz Ali Ertem bizi beklenmedik ve vakitsiz bir \u015fekilde terk etti. Soyk\u0131r\u0131m Kar\u015f\u0131tlar\u0131 Derne\u011finin (Verein der V\u00f6lkermordgegner e.V.) kurucusu ve ba\u015fkan\u0131 olarak, Ali Ertem T\u00fcrkiye&#8217;de i\u015flenen soyk\u0131r\u0131mlar\u0131n tan\u0131nmas\u0131 i\u00e7in y\u0131lmadan \u00e7al\u0131\u015ft\u0131, emek harcad\u0131. Dostumuz ve ba\u015fkan\u0131m\u0131z Ali Ertem&#8217;in yas\u0131n\u0131 tutuyoruz. B\u0131rakt\u0131\u011f\u0131 bo\u015fluk kapat\u0131lamaz. Ali Ertem, cesareti, kararl\u0131 tavr\u0131 ve tavizsiz [&hellip;]","og_url":"https:\/\/akunq.net\/tr\/?p=66036","og_site_name":"Bati Ermenistan Ve Bati Ermenileri Sorunlari Ara\u015ftirmalar Merkezi","article_published_time":"2021-12-07T06:57:08+00:00","article_modified_time":"2021-12-07T11:36:43+00:00","og_image":[{"width":640,"height":640,"url":"https:\/\/akunq.net\/tr\/wp-content\/uploads\/sites\/6\/2021\/12\/Ali-Ertem.jpg","type":"image\/jpeg"}],"author":"admin","twitter_card":"summary_large_image","twitter_misc":{"Written by":"admin","Est. reading time":"1 minute"},"schema":{"@context":"https:\/\/schema.org","@graph":[{"@type":"Article","@id":"https:\/\/akunq.net\/tr\/?p=66036#article","isPartOf":{"@id":"https:\/\/akunq.net\/tr\/?p=66036"},"author":{"name":"admin","@id":"https:\/\/akunq.net\/tr\/#\/schema\/person\/096f1d38a12cce57fb855b485ed24c9e"},"headline":"Sevgili dostumuz ve derne\u011fimizin ba\u015fkan\u0131 Ali Ertem i\u00e7in yastay\u0131z","datePublished":"2021-12-07T06:57:08+00:00","dateModified":"2021-12-07T11:36:43+00:00","mainEntityOfPage":{"@id":"https:\/\/akunq.net\/tr\/?p=66036"},"wordCount":278,"commentCount":0,"image":{"@id":"https:\/\/akunq.net\/tr\/?p=66036#primaryimage"},"thumbnailUrl":"https:\/\/akunq.net\/tr\/wp-content\/uploads\/sites\/6\/2021\/12\/Ali-Ertem.jpg","articleSection":["Haberler"],"inLanguage":"en-US","potentialAction":[{"@type":"CommentAction","name":"Comment","target":["https:\/\/akunq.net\/tr\/?p=66036#respond"]}]},{"@type":"WebPage","@id":"https:\/\/akunq.net\/tr\/?p=66036","url":"https:\/\/akunq.net\/tr\/?p=66036","name":"Sevgili dostumuz ve derne\u011fimizin ba\u015fkan\u0131 Ali Ertem i\u00e7in yastay\u0131z - Bati Ermenistan Ve Bati Ermenileri Sorunlari Ara\u015ftirmalar Merkezi","isPartOf":{"@id":"https:\/\/akunq.net\/tr\/#website"},"primaryImageOfPage":{"@id":"https:\/\/akunq.net\/tr\/?p=66036#primaryimage"},"image":{"@id":"https:\/\/akunq.net\/tr\/?p=66036#primaryimage"},"thumbnailUrl":"https:\/\/akunq.net\/tr\/wp-content\/uploads\/sites\/6\/2021\/12\/Ali-Ertem.jpg","datePublished":"2021-12-07T06:57:08+00:00","dateModified":"2021-12-07T11:36:43+00:00","author":{"@id":"https:\/\/akunq.net\/tr\/#\/schema\/person\/096f1d38a12cce57fb855b485ed24c9e"},"breadcrumb":{"@id":"https:\/\/akunq.net\/tr\/?p=66036#breadcrumb"},"inLanguage":"en-US","potentialAction":[{"@type":"ReadAction","target":["https:\/\/akunq.net\/tr\/?p=66036"]}]},{"@type":"ImageObject","inLanguage":"en-US","@id":"https:\/\/akunq.net\/tr\/?p=66036#primaryimage","url":"https:\/\/akunq.net\/tr\/wp-content\/uploads\/sites\/6\/2021\/12\/Ali-Ertem.jpg","contentUrl":"https:\/\/akunq.net\/tr\/wp-content\/uploads\/sites\/6\/2021\/12\/Ali-Ertem.jpg","width":640,"height":640},{"@type":"BreadcrumbList","@id":"https:\/\/akunq.net\/tr\/?p=66036#breadcrumb","itemListElement":[{"@type":"ListItem","position":1,"name":"Home","item":"https:\/\/akunq.net\/tr"},{"@type":"ListItem","position":2,"name":"Sevgili dostumuz ve derne\u011fimizin ba\u015fkan\u0131 Ali Ertem i\u00e7in yastay\u0131z"}]},{"@type":"WebSite","@id":"https:\/\/akunq.net\/tr\/#website","url":"https:\/\/akunq.net\/tr\/","name":"Bati Ermenistan Ve Bati Ermenileri Sorunlari Ara\u015ftirmalar Merkezi","description":"","potentialAction":[{"@type":"SearchAction","target":{"@type":"EntryPoint","urlTemplate":"https:\/\/akunq.net\/tr\/?s={search_term_string}"},"query-input":{"@type":"PropertyValueSpecification","valueRequired":true,"valueName":"search_term_string"}}],"inLanguage":"en-US"},{"@type":"Person","@id":"https:\/\/akunq.net\/tr\/#\/schema\/person\/096f1d38a12cce57fb855b485ed24c9e","name":"admin","url":"https:\/\/akunq.net\/tr\/?author=7"}]}},"_links":{"self":[{"href":"https:\/\/akunq.net\/tr\/index.php?rest_route=\/wp\/v2\/posts\/66036","targetHints":{"allow":["GET"]}}],"collection":[{"href":"https:\/\/akunq.net\/tr\/index.php?rest_route=\/wp\/v2\/posts"}],"about":[{"href":"https:\/\/akunq.net\/tr\/index.php?rest_route=\/wp\/v2\/types\/post"}],"author":[{"embeddable":true,"href":"https:\/\/akunq.net\/tr\/index.php?rest_route=\/wp\/v2\/users\/7"}],"replies":[{"embeddable":true,"href":"https:\/\/akunq.net\/tr\/index.php?rest_route=%2Fwp%2Fv2%2Fcomments&post=66036"}],"version-history":[{"count":2,"href":"https:\/\/akunq.net\/tr\/index.php?rest_route=\/wp\/v2\/posts\/66036\/revisions"}],"predecessor-version":[{"id":66064,"href":"https:\/\/akunq.net\/tr\/index.php?rest_route=\/wp\/v2\/posts\/66036\/revisions\/66064"}],"wp:featuredmedia":[{"embeddable":true,"href":"https:\/\/akunq.net\/tr\/index.php?rest_route=\/wp\/v2\/media\/66037"}],"wp:attachment":[{"href":"https:\/\/akunq.net\/tr\/index.php?rest_route=%2Fwp%2Fv2%2Fmedia&parent=66036"}],"wp:term":[{"taxonomy":"category","embeddable":true,"href":"https:\/\/akunq.net\/tr\/index.php?rest_route=%2Fwp%2Fv2%2Fcategories&post=66036"},{"taxonomy":"post_tag","embeddable":true,"href":"https:\/\/akunq.net\/tr\/index.php?rest_route=%2Fwp%2Fv2%2Ftags&post=66036"}],"curies":[{"name":"wp","href":"https:\/\/api.w.org\/{rel}","templated":true}]}}