{"id":65969,"date":"2021-12-01T00:55:15","date_gmt":"2021-12-01T05:55:15","guid":{"rendered":"https:\/\/akunq.net\/tr\/?p=65969"},"modified":"2021-12-01T00:55:15","modified_gmt":"2021-12-01T05:55:15","slug":"turkiye-ermenileri-patrikligi-ruhani-kurul-baskanligina-peder-zaven-bicakciyan-secildi","status":"publish","type":"post","link":"https:\/\/akunq.net\/tr\/?p=65969","title":{"rendered":"T\u00fcrkiye Ermenileri Patrikli\u011fi Ruhani Kurul Ba\u015fkanl\u0131\u011f\u0131&#8217;na Peder Zaven B\u0131\u00e7ak\u00e7\u0131yan se\u00e7ildi"},"content":{"rendered":"<p><img loading=\"lazy\" decoding=\"async\" class=\"aligncenter size-medium wp-image-65970\" src=\"https:\/\/akunq.net\/tr\/wp-content\/uploads\/2021\/12\/Peder-Zaven-B\u0131\u00e7ak\u00e7\u0131yan-360x240.jpg\" alt=\"\" width=\"360\" height=\"240\" srcset=\"https:\/\/akunq.net\/tr\/wp-content\/uploads\/sites\/6\/2021\/12\/Peder-Zaven-B\u0131\u00e7ak\u00e7\u0131yan-360x240.jpg 360w, https:\/\/akunq.net\/tr\/wp-content\/uploads\/sites\/6\/2021\/12\/Peder-Zaven-B\u0131\u00e7ak\u00e7\u0131yan-768x512.jpg 768w, https:\/\/akunq.net\/tr\/wp-content\/uploads\/sites\/6\/2021\/12\/Peder-Zaven-B\u0131\u00e7ak\u00e7\u0131yan-560x373.jpg 560w, https:\/\/akunq.net\/tr\/wp-content\/uploads\/sites\/6\/2021\/12\/Peder-Zaven-B\u0131\u00e7ak\u00e7\u0131yan-260x173.jpg 260w, https:\/\/akunq.net\/tr\/wp-content\/uploads\/sites\/6\/2021\/12\/Peder-Zaven-B\u0131\u00e7ak\u00e7\u0131yan-160x107.jpg 160w, https:\/\/akunq.net\/tr\/wp-content\/uploads\/sites\/6\/2021\/12\/Peder-Zaven-B\u0131\u00e7ak\u00e7\u0131yan.jpg 810w\" sizes=\"auto, (max-width: 360px) 100vw, 360px\" \/><\/p>\n<p><strong><em>Ba\u015frahip Tatul Anu\u015fyan&#8217;\u0131n vefat\u0131n\u0131n ard\u0131ndan Ruhani Kurul Ba\u015fkanl\u0131\u011f\u0131&#8217;na Peder Zaven B\u0131\u00e7ak\u00e7\u0131yan se\u00e7ildi.<\/em><\/strong><\/p>\n<p>T\u00fcrkiye Ermenileri Patrikli\u011fi&#8217;nin resmi facebook sayfas\u0131ndan yap\u0131lan a\u00e7\u0131klama \u015f\u00f6yle:<\/p>\n<p>&#8220;Ruhani Kurul\u2019un Ba\u015fkan\u0131 Ba\u015frahip Tatul Anu\u015fyan\u2019\u0131n, uzun s\u00fcreli rahats\u0131zl\u0131\u011f\u0131 sonras\u0131 vefat\u0131 ile bo\u015f kalan Ruhani Kurul \u00fcyeli\u011fine, Patrik Se\u00e7imi vesilesiyle toplanan Delegeler Meclisi\u2019nce yedek \u00fcye olan se\u00e7ilmi\u015f Peder \u015eahen Ohanyan getirildi.<\/p>\n<p>Kadasetli Patrik Sahak II. Hazretleri\u2019nin riyasetinde, 29 Kas\u0131m 2021, Pazartesi g\u00fcn\u00fc toplanan Ruhani Kurul toplant\u0131s\u0131nda, \u00f6ncelikli olarak Merhum Ba\u015frahip Tatul Anu\u015fyan duayla an\u0131ld\u0131. Sonras\u0131nda ger\u00e7ekle\u015fen se\u00e7im esnas\u0131nda, Ruhani Kurul \u00fcyelerinden Peder Zaven B\u0131\u00e7ak\u00e7\u0131yan Ruhani Kurul Ba\u015fkan\u0131 olarak se\u00e7ildi. \u00d6te yandan, Kurul\u2019un sekretaryas\u0131 g\u00f6revlerine \u015fu \u015fekilde devam etmektedir: Kd. Peder Krikor Damadyan (II. Ba\u015fkan), Kd. Peder Goryun Fenerciyan (Sekreter) ve Peder \u015eirvan M\u00fcrzyan (II. Sekreter).&#8221;<\/p>\n<p><strong><em>https:\/\/www.ermenihaber.am\/tr\/news\/2021\/11\/30\/Peder-Zaven-B%C4%B1%C3%A7ak%C3%A7%C4%B1yan\/220992\u00a0<\/em><\/strong><\/p>\n","protected":false},"excerpt":{"rendered":"<p>Ba\u015frahip Tatul Anu\u015fyan&#8217;\u0131n vefat\u0131n\u0131n ard\u0131ndan Ruhani Kurul Ba\u015fkanl\u0131\u011f\u0131&#8217;na Peder Zaven B\u0131\u00e7ak\u00e7\u0131yan se\u00e7ildi. T\u00fcrkiye Ermenileri Patrikli\u011fi&#8217;nin resmi facebook sayfas\u0131ndan yap\u0131lan a\u00e7\u0131klama \u015f\u00f6yle: &#8220;Ruhani Kurul\u2019un Ba\u015fkan\u0131 Ba\u015frahip Tatul Anu\u015fyan\u2019\u0131n, uzun s\u00fcreli rahats\u0131zl\u0131\u011f\u0131 sonras\u0131 vefat\u0131 ile bo\u015f kalan Ruhani Kurul \u00fcyeli\u011fine, Patrik Se\u00e7imi vesilesiyle toplanan Delegeler Meclisi\u2019nce yedek \u00fcye olan se\u00e7ilmi\u015f Peder \u015eahen Ohanyan getirildi. Kadasetli Patrik Sahak [&hellip;]<\/p>\n","protected":false},"author":7,"featured_media":65970,"comment_status":"open","ping_status":"open","sticky":false,"template":"","format":"standard","meta":{"footnotes":""},"categories":[1],"tags":[],"class_list":["post-65969","post","type-post","status-publish","format-standard","has-post-thumbnail","hentry","category-haberler"],"yoast_head":"<!-- This site is optimized with the Yoast SEO plugin v27.4 - https:\/\/yoast.com\/product\/yoast-seo-wordpress\/ -->\n<title>T\u00fcrkiye Ermenileri Patrikli\u011fi Ruhani Kurul Ba\u015fkanl\u0131\u011f\u0131&#039;na Peder Zaven B\u0131\u00e7ak\u00e7\u0131yan se\u00e7ildi - Bati Ermenistan Ve Bati Ermenileri Sorunlari Ara\u015ftirmalar Merkezi<\/title>\n<meta name=\"robots\" content=\"index, follow, max-snippet:-1, max-image-preview:large, max-video-preview:-1\" \/>\n<link rel=\"canonical\" href=\"https:\/\/akunq.net\/tr\/?p=65969\" \/>\n<meta property=\"og:locale\" content=\"en_US\" \/>\n<meta property=\"og:type\" content=\"article\" \/>\n<meta property=\"og:title\" content=\"T\u00fcrkiye Ermenileri Patrikli\u011fi Ruhani Kurul Ba\u015fkanl\u0131\u011f\u0131&#039;na Peder Zaven B\u0131\u00e7ak\u00e7\u0131yan se\u00e7ildi - Bati Ermenistan Ve Bati Ermenileri Sorunlari Ara\u015ftirmalar Merkezi\" \/>\n<meta property=\"og:description\" content=\"Ba\u015frahip Tatul Anu\u015fyan&#8217;\u0131n vefat\u0131n\u0131n ard\u0131ndan Ruhani Kurul Ba\u015fkanl\u0131\u011f\u0131&#8217;na Peder Zaven B\u0131\u00e7ak\u00e7\u0131yan se\u00e7ildi. T\u00fcrkiye Ermenileri Patrikli\u011fi&#8217;nin resmi facebook sayfas\u0131ndan yap\u0131lan a\u00e7\u0131klama \u015f\u00f6yle: &#8220;Ruhani Kurul\u2019un Ba\u015fkan\u0131 Ba\u015frahip Tatul Anu\u015fyan\u2019\u0131n, uzun s\u00fcreli rahats\u0131zl\u0131\u011f\u0131 sonras\u0131 vefat\u0131 ile bo\u015f kalan Ruhani Kurul \u00fcyeli\u011fine, Patrik Se\u00e7imi vesilesiyle toplanan Delegeler Meclisi\u2019nce yedek \u00fcye olan se\u00e7ilmi\u015f Peder \u015eahen Ohanyan getirildi. Kadasetli Patrik Sahak [&hellip;]\" \/>\n<meta property=\"og:url\" content=\"https:\/\/akunq.net\/tr\/?p=65969\" \/>\n<meta property=\"og:site_name\" content=\"Bati Ermenistan Ve Bati Ermenileri Sorunlari Ara\u015ftirmalar Merkezi\" \/>\n<meta property=\"article:published_time\" content=\"2021-12-01T05:55:15+00:00\" \/>\n<meta property=\"og:image\" content=\"https:\/\/akunq.net\/tr\/wp-content\/uploads\/sites\/6\/2021\/12\/Peder-Zaven-B\u0131\u00e7ak\u00e7\u0131yan.jpg\" \/>\n\t<meta property=\"og:image:width\" content=\"810\" \/>\n\t<meta property=\"og:image:height\" content=\"540\" \/>\n\t<meta property=\"og:image:type\" content=\"image\/jpeg\" \/>\n<meta name=\"author\" content=\"admin\" \/>\n<meta name=\"twitter:card\" content=\"summary_large_image\" \/>\n<meta name=\"twitter:label1\" content=\"Written by\" \/>\n\t<meta name=\"twitter:data1\" content=\"admin\" \/>\n\t<meta name=\"twitter:label2\" content=\"Est. reading time\" \/>\n\t<meta name=\"twitter:data2\" content=\"1 minute\" \/>\n<script type=\"application\/ld+json\" class=\"yoast-schema-graph\">{\"@context\":\"https:\\\/\\\/schema.org\",\"@graph\":[{\"@type\":\"Article\",\"@id\":\"https:\\\/\\\/akunq.net\\\/tr\\\/?p=65969#article\",\"isPartOf\":{\"@id\":\"https:\\\/\\\/akunq.net\\\/tr\\\/?p=65969\"},\"author\":{\"name\":\"admin\",\"@id\":\"https:\\\/\\\/akunq.net\\\/tr\\\/#\\\/schema\\\/person\\\/096f1d38a12cce57fb855b485ed24c9e\"},\"headline\":\"T\u00fcrkiye Ermenileri Patrikli\u011fi Ruhani Kurul Ba\u015fkanl\u0131\u011f\u0131&#8217;na Peder Zaven B\u0131\u00e7ak\u00e7\u0131yan se\u00e7ildi\",\"datePublished\":\"2021-12-01T05:55:15+00:00\",\"mainEntityOfPage\":{\"@id\":\"https:\\\/\\\/akunq.net\\\/tr\\\/?p=65969\"},\"wordCount\":196,\"commentCount\":0,\"image\":{\"@id\":\"https:\\\/\\\/akunq.net\\\/tr\\\/?p=65969#primaryimage\"},\"thumbnailUrl\":\"https:\\\/\\\/akunq.net\\\/tr\\\/wp-content\\\/uploads\\\/sites\\\/6\\\/2021\\\/12\\\/Peder-Zaven-B\u0131\u00e7ak\u00e7\u0131yan.jpg\",\"articleSection\":[\"Haberler\"],\"inLanguage\":\"en-US\",\"potentialAction\":[{\"@type\":\"CommentAction\",\"name\":\"Comment\",\"target\":[\"https:\\\/\\\/akunq.net\\\/tr\\\/?p=65969#respond\"]}]},{\"@type\":\"WebPage\",\"@id\":\"https:\\\/\\\/akunq.net\\\/tr\\\/?p=65969\",\"url\":\"https:\\\/\\\/akunq.net\\\/tr\\\/?p=65969\",\"name\":\"T\u00fcrkiye Ermenileri Patrikli\u011fi Ruhani Kurul Ba\u015fkanl\u0131\u011f\u0131'na Peder Zaven B\u0131\u00e7ak\u00e7\u0131yan se\u00e7ildi - Bati Ermenistan Ve Bati Ermenileri Sorunlari Ara\u015ftirmalar Merkezi\",\"isPartOf\":{\"@id\":\"https:\\\/\\\/akunq.net\\\/tr\\\/#website\"},\"primaryImageOfPage\":{\"@id\":\"https:\\\/\\\/akunq.net\\\/tr\\\/?p=65969#primaryimage\"},\"image\":{\"@id\":\"https:\\\/\\\/akunq.net\\\/tr\\\/?p=65969#primaryimage\"},\"thumbnailUrl\":\"https:\\\/\\\/akunq.net\\\/tr\\\/wp-content\\\/uploads\\\/sites\\\/6\\\/2021\\\/12\\\/Peder-Zaven-B\u0131\u00e7ak\u00e7\u0131yan.jpg\",\"datePublished\":\"2021-12-01T05:55:15+00:00\",\"author\":{\"@id\":\"https:\\\/\\\/akunq.net\\\/tr\\\/#\\\/schema\\\/person\\\/096f1d38a12cce57fb855b485ed24c9e\"},\"breadcrumb\":{\"@id\":\"https:\\\/\\\/akunq.net\\\/tr\\\/?p=65969#breadcrumb\"},\"inLanguage\":\"en-US\",\"potentialAction\":[{\"@type\":\"ReadAction\",\"target\":[\"https:\\\/\\\/akunq.net\\\/tr\\\/?p=65969\"]}]},{\"@type\":\"ImageObject\",\"inLanguage\":\"en-US\",\"@id\":\"https:\\\/\\\/akunq.net\\\/tr\\\/?p=65969#primaryimage\",\"url\":\"https:\\\/\\\/akunq.net\\\/tr\\\/wp-content\\\/uploads\\\/sites\\\/6\\\/2021\\\/12\\\/Peder-Zaven-B\u0131\u00e7ak\u00e7\u0131yan.jpg\",\"contentUrl\":\"https:\\\/\\\/akunq.net\\\/tr\\\/wp-content\\\/uploads\\\/sites\\\/6\\\/2021\\\/12\\\/Peder-Zaven-B\u0131\u00e7ak\u00e7\u0131yan.jpg\",\"width\":810,\"height\":540},{\"@type\":\"BreadcrumbList\",\"@id\":\"https:\\\/\\\/akunq.net\\\/tr\\\/?p=65969#breadcrumb\",\"itemListElement\":[{\"@type\":\"ListItem\",\"position\":1,\"name\":\"Home\",\"item\":\"https:\\\/\\\/akunq.net\\\/tr\"},{\"@type\":\"ListItem\",\"position\":2,\"name\":\"T\u00fcrkiye Ermenileri Patrikli\u011fi Ruhani Kurul Ba\u015fkanl\u0131\u011f\u0131&#8217;na Peder Zaven B\u0131\u00e7ak\u00e7\u0131yan se\u00e7ildi\"}]},{\"@type\":\"WebSite\",\"@id\":\"https:\\\/\\\/akunq.net\\\/tr\\\/#website\",\"url\":\"https:\\\/\\\/akunq.net\\\/tr\\\/\",\"name\":\"Bati Ermenistan Ve Bati Ermenileri Sorunlari Ara\u015ftirmalar Merkezi\",\"description\":\"\",\"potentialAction\":[{\"@type\":\"SearchAction\",\"target\":{\"@type\":\"EntryPoint\",\"urlTemplate\":\"https:\\\/\\\/akunq.net\\\/tr\\\/?s={search_term_string}\"},\"query-input\":{\"@type\":\"PropertyValueSpecification\",\"valueRequired\":true,\"valueName\":\"search_term_string\"}}],\"inLanguage\":\"en-US\"},{\"@type\":\"Person\",\"@id\":\"https:\\\/\\\/akunq.net\\\/tr\\\/#\\\/schema\\\/person\\\/096f1d38a12cce57fb855b485ed24c9e\",\"name\":\"admin\",\"url\":\"https:\\\/\\\/akunq.net\\\/tr\\\/?author=7\"}]}<\/script>\n<!-- \/ Yoast SEO plugin. -->","yoast_head_json":{"title":"T\u00fcrkiye Ermenileri Patrikli\u011fi Ruhani Kurul Ba\u015fkanl\u0131\u011f\u0131'na Peder Zaven B\u0131\u00e7ak\u00e7\u0131yan se\u00e7ildi - Bati Ermenistan Ve Bati Ermenileri Sorunlari Ara\u015ftirmalar Merkezi","robots":{"index":"index","follow":"follow","max-snippet":"max-snippet:-1","max-image-preview":"max-image-preview:large","max-video-preview":"max-video-preview:-1"},"canonical":"https:\/\/akunq.net\/tr\/?p=65969","og_locale":"en_US","og_type":"article","og_title":"T\u00fcrkiye Ermenileri Patrikli\u011fi Ruhani Kurul Ba\u015fkanl\u0131\u011f\u0131'na Peder Zaven B\u0131\u00e7ak\u00e7\u0131yan se\u00e7ildi - Bati Ermenistan Ve Bati Ermenileri Sorunlari Ara\u015ftirmalar Merkezi","og_description":"Ba\u015frahip Tatul Anu\u015fyan&#8217;\u0131n vefat\u0131n\u0131n ard\u0131ndan Ruhani Kurul Ba\u015fkanl\u0131\u011f\u0131&#8217;na Peder Zaven B\u0131\u00e7ak\u00e7\u0131yan se\u00e7ildi. T\u00fcrkiye Ermenileri Patrikli\u011fi&#8217;nin resmi facebook sayfas\u0131ndan yap\u0131lan a\u00e7\u0131klama \u015f\u00f6yle: &#8220;Ruhani Kurul\u2019un Ba\u015fkan\u0131 Ba\u015frahip Tatul Anu\u015fyan\u2019\u0131n, uzun s\u00fcreli rahats\u0131zl\u0131\u011f\u0131 sonras\u0131 vefat\u0131 ile bo\u015f kalan Ruhani Kurul \u00fcyeli\u011fine, Patrik Se\u00e7imi vesilesiyle toplanan Delegeler Meclisi\u2019nce yedek \u00fcye olan se\u00e7ilmi\u015f Peder \u015eahen Ohanyan getirildi. Kadasetli Patrik Sahak [&hellip;]","og_url":"https:\/\/akunq.net\/tr\/?p=65969","og_site_name":"Bati Ermenistan Ve Bati Ermenileri Sorunlari Ara\u015ftirmalar Merkezi","article_published_time":"2021-12-01T05:55:15+00:00","og_image":[{"width":810,"height":540,"url":"https:\/\/akunq.net\/tr\/wp-content\/uploads\/sites\/6\/2021\/12\/Peder-Zaven-B\u0131\u00e7ak\u00e7\u0131yan.jpg","type":"image\/jpeg"}],"author":"admin","twitter_card":"summary_large_image","twitter_misc":{"Written by":"admin","Est. reading time":"1 minute"},"schema":{"@context":"https:\/\/schema.org","@graph":[{"@type":"Article","@id":"https:\/\/akunq.net\/tr\/?p=65969#article","isPartOf":{"@id":"https:\/\/akunq.net\/tr\/?p=65969"},"author":{"name":"admin","@id":"https:\/\/akunq.net\/tr\/#\/schema\/person\/096f1d38a12cce57fb855b485ed24c9e"},"headline":"T\u00fcrkiye Ermenileri Patrikli\u011fi Ruhani Kurul Ba\u015fkanl\u0131\u011f\u0131&#8217;na Peder Zaven B\u0131\u00e7ak\u00e7\u0131yan se\u00e7ildi","datePublished":"2021-12-01T05:55:15+00:00","mainEntityOfPage":{"@id":"https:\/\/akunq.net\/tr\/?p=65969"},"wordCount":196,"commentCount":0,"image":{"@id":"https:\/\/akunq.net\/tr\/?p=65969#primaryimage"},"thumbnailUrl":"https:\/\/akunq.net\/tr\/wp-content\/uploads\/sites\/6\/2021\/12\/Peder-Zaven-B\u0131\u00e7ak\u00e7\u0131yan.jpg","articleSection":["Haberler"],"inLanguage":"en-US","potentialAction":[{"@type":"CommentAction","name":"Comment","target":["https:\/\/akunq.net\/tr\/?p=65969#respond"]}]},{"@type":"WebPage","@id":"https:\/\/akunq.net\/tr\/?p=65969","url":"https:\/\/akunq.net\/tr\/?p=65969","name":"T\u00fcrkiye Ermenileri Patrikli\u011fi Ruhani Kurul Ba\u015fkanl\u0131\u011f\u0131'na Peder Zaven B\u0131\u00e7ak\u00e7\u0131yan se\u00e7ildi - Bati Ermenistan Ve Bati Ermenileri Sorunlari Ara\u015ftirmalar Merkezi","isPartOf":{"@id":"https:\/\/akunq.net\/tr\/#website"},"primaryImageOfPage":{"@id":"https:\/\/akunq.net\/tr\/?p=65969#primaryimage"},"image":{"@id":"https:\/\/akunq.net\/tr\/?p=65969#primaryimage"},"thumbnailUrl":"https:\/\/akunq.net\/tr\/wp-content\/uploads\/sites\/6\/2021\/12\/Peder-Zaven-B\u0131\u00e7ak\u00e7\u0131yan.jpg","datePublished":"2021-12-01T05:55:15+00:00","author":{"@id":"https:\/\/akunq.net\/tr\/#\/schema\/person\/096f1d38a12cce57fb855b485ed24c9e"},"breadcrumb":{"@id":"https:\/\/akunq.net\/tr\/?p=65969#breadcrumb"},"inLanguage":"en-US","potentialAction":[{"@type":"ReadAction","target":["https:\/\/akunq.net\/tr\/?p=65969"]}]},{"@type":"ImageObject","inLanguage":"en-US","@id":"https:\/\/akunq.net\/tr\/?p=65969#primaryimage","url":"https:\/\/akunq.net\/tr\/wp-content\/uploads\/sites\/6\/2021\/12\/Peder-Zaven-B\u0131\u00e7ak\u00e7\u0131yan.jpg","contentUrl":"https:\/\/akunq.net\/tr\/wp-content\/uploads\/sites\/6\/2021\/12\/Peder-Zaven-B\u0131\u00e7ak\u00e7\u0131yan.jpg","width":810,"height":540},{"@type":"BreadcrumbList","@id":"https:\/\/akunq.net\/tr\/?p=65969#breadcrumb","itemListElement":[{"@type":"ListItem","position":1,"name":"Home","item":"https:\/\/akunq.net\/tr"},{"@type":"ListItem","position":2,"name":"T\u00fcrkiye Ermenileri Patrikli\u011fi Ruhani Kurul Ba\u015fkanl\u0131\u011f\u0131&#8217;na Peder Zaven B\u0131\u00e7ak\u00e7\u0131yan se\u00e7ildi"}]},{"@type":"WebSite","@id":"https:\/\/akunq.net\/tr\/#website","url":"https:\/\/akunq.net\/tr\/","name":"Bati Ermenistan Ve Bati Ermenileri Sorunlari Ara\u015ftirmalar Merkezi","description":"","potentialAction":[{"@type":"SearchAction","target":{"@type":"EntryPoint","urlTemplate":"https:\/\/akunq.net\/tr\/?s={search_term_string}"},"query-input":{"@type":"PropertyValueSpecification","valueRequired":true,"valueName":"search_term_string"}}],"inLanguage":"en-US"},{"@type":"Person","@id":"https:\/\/akunq.net\/tr\/#\/schema\/person\/096f1d38a12cce57fb855b485ed24c9e","name":"admin","url":"https:\/\/akunq.net\/tr\/?author=7"}]}},"_links":{"self":[{"href":"https:\/\/akunq.net\/tr\/index.php?rest_route=\/wp\/v2\/posts\/65969","targetHints":{"allow":["GET"]}}],"collection":[{"href":"https:\/\/akunq.net\/tr\/index.php?rest_route=\/wp\/v2\/posts"}],"about":[{"href":"https:\/\/akunq.net\/tr\/index.php?rest_route=\/wp\/v2\/types\/post"}],"author":[{"embeddable":true,"href":"https:\/\/akunq.net\/tr\/index.php?rest_route=\/wp\/v2\/users\/7"}],"replies":[{"embeddable":true,"href":"https:\/\/akunq.net\/tr\/index.php?rest_route=%2Fwp%2Fv2%2Fcomments&post=65969"}],"version-history":[{"count":1,"href":"https:\/\/akunq.net\/tr\/index.php?rest_route=\/wp\/v2\/posts\/65969\/revisions"}],"predecessor-version":[{"id":65971,"href":"https:\/\/akunq.net\/tr\/index.php?rest_route=\/wp\/v2\/posts\/65969\/revisions\/65971"}],"wp:featuredmedia":[{"embeddable":true,"href":"https:\/\/akunq.net\/tr\/index.php?rest_route=\/wp\/v2\/media\/65970"}],"wp:attachment":[{"href":"https:\/\/akunq.net\/tr\/index.php?rest_route=%2Fwp%2Fv2%2Fmedia&parent=65969"}],"wp:term":[{"taxonomy":"category","embeddable":true,"href":"https:\/\/akunq.net\/tr\/index.php?rest_route=%2Fwp%2Fv2%2Fcategories&post=65969"},{"taxonomy":"post_tag","embeddable":true,"href":"https:\/\/akunq.net\/tr\/index.php?rest_route=%2Fwp%2Fv2%2Ftags&post=65969"}],"curies":[{"name":"wp","href":"https:\/\/api.w.org\/{rel}","templated":true}]}}