{"id":65906,"date":"2021-11-26T02:53:56","date_gmt":"2021-11-26T07:53:56","guid":{"rendered":"https:\/\/akunq.net\/tr\/?p=65906"},"modified":"2021-11-26T02:53:56","modified_gmt":"2021-11-26T07:53:56","slug":"icisleri-bakani-soylu-bu-yil-251-kadin-cinayeti-islendi","status":"publish","type":"post","link":"https:\/\/akunq.net\/tr\/?p=65906","title":{"rendered":"\u0130\u00e7i\u015fleri Bakan\u0131 Soylu: Bu y\u0131l 251 kad\u0131n cinayeti i\u015flendi"},"content":{"rendered":"<div class=\"article__header\">\n<div><img loading=\"lazy\" decoding=\"async\" class=\"aligncenter size-medium wp-image-65907\" src=\"https:\/\/akunq.net\/tr\/wp-content\/uploads\/2021\/11\/Turkiyede-kadin-360x203.jpg\" alt=\"\" width=\"360\" height=\"203\" srcset=\"https:\/\/akunq.net\/tr\/wp-content\/uploads\/sites\/6\/2021\/11\/Turkiyede-kadin-360x203.jpg 360w, https:\/\/akunq.net\/tr\/wp-content\/uploads\/sites\/6\/2021\/11\/Turkiyede-kadin-560x315.jpg 560w, https:\/\/akunq.net\/tr\/wp-content\/uploads\/sites\/6\/2021\/11\/Turkiyede-kadin-260x146.jpg 260w, https:\/\/akunq.net\/tr\/wp-content\/uploads\/sites\/6\/2021\/11\/Turkiyede-kadin-160x90.jpg 160w, https:\/\/akunq.net\/tr\/wp-content\/uploads\/sites\/6\/2021\/11\/Turkiyede-kadin.jpg 750w\" sizes=\"auto, (max-width: 360px) 100vw, 360px\" \/><\/div>\n<div class=\"article__announce-text\"><strong><em>\u0130\u00e7i\u015fleri Bakan\u0131 S\u00fcleyman Soylu, &#8220;15 Kas\u0131m itibar\u0131yla bu y\u0131l 251 kad\u0131n cinayeti i\u015flendi. Ge\u00e7en y\u0131l\u0131n tamam\u0131nda bu say\u0131 268&#8217;di. Bu y\u0131l, bu say\u0131n\u0131n \u00fcst\u00fcnde kalaca\u011f\u0131m\u0131z g\u00f6r\u00fcl\u00fcyor. Testere di\u015fi gibi ini\u015fli \u00e7\u0131k\u0131\u015fl\u0131 bir grafik var, bat\u0131l\u0131 \u00fclkeler de b\u00f6yle&#8221; dedi.<\/em><\/strong><\/div>\n<\/div>\n<div class=\"article__body\">\n<div class=\"article__block\" data-type=\"text\">\n<div><\/div>\n<div class=\"article__text\">\u0130\u00e7i\u015fleri Bakan\u0131 S\u00fcleyman Soylu ve Aile ve Sosyal Hizmetler Bakan\u0131 Derya Yan\u0131k, G\u00fcvenlik ve Acil Durumlar Koordinasyon Merkez&#8217;inde (GAMER) d\u00fczenlenen 81 il valisinin video konferans sistemi ile ba\u011fland\u0131\u011f\u0131 &#8216;Kad\u0131na Y\u00f6nelik \u015eiddetle M\u00fccadele \u0130l Koordinasyon \u0130zleme ve De\u011ferlendirme Toplant\u0131s\u0131&#8217;na kat\u0131ld\u0131.<\/div>\n<\/div>\n<div class=\"article__block\" data-type=\"text\">\n<div class=\"article__text\"><strong>25 Kas\u0131m D\u00fcnya Kad\u0131na Y\u00f6nelik \u015eiddetle M\u00fccadele g\u00fcn\u00fc\u00a0<\/strong>kapsam\u0131nda bir araya geldiklerini s\u00f6yleyen Bakan Soylu, &#8220;15 Kas\u0131m itibar\u0131yla bu y\u0131l 251 kad\u0131n cinayeti i\u015flendi. Ge\u00e7en y\u0131l\u0131n tamam\u0131nda bu say\u0131 268&#8217;di. Bu y\u0131l, bu say\u0131n\u0131n \u00fcst\u00fcnde kalaca\u011f\u0131m\u0131z g\u00f6r\u00fcl\u00fcyor. Testere di\u015fi gibi ini\u015fli \u00e7\u0131k\u0131\u015fl\u0131 bir grafik var, bat\u0131l\u0131 \u00fclkeler de b\u00f6yle. Bu y\u0131l\u0131 say\u0131 olarak ge\u00e7en y\u0131l\u0131n \u00fcst\u00fcnde kapataca\u011f\u0131m\u0131z anla\u015f\u0131l\u0131yor. Fakat bizim i\u00e7in olumlu olan geli\u015fme \u015fu ki, son 5-6 y\u0131ld\u0131r a\u015fa\u011f\u0131 do\u011fru kanal \u015feklinde bir ini\u015f var. Bu y\u0131l da d\u00fc\u015f\u00fc\u015f kanal\u0131n\u0131n i\u00e7inde kalaca\u011f\u0131m\u0131z g\u00f6r\u00fcl\u00fcyor. Ancak burada, s\u00f6z konusu olan istatistik rakamlar de\u011fil, insan\u0131n can\u0131 oldu\u011fu i\u00e7in bu meseleye \u00f6zellikle \u00f6n\u00fcm\u00fczdeki bir ayda h\u0131zl\u0131 \u015fekilde vaziyet almam\u0131z laz\u0131m. Sahay\u0131 biraz daha bask\u0131layarak kamuoyunun dikkatini \u00e7ekecek programlarla, etkinliklerle \u00f6zellikle ihbar ve \u015fikayet e\u011filimini artt\u0131rmay\u0131 ba\u015farmal\u0131 ve yeni olaylar\u0131n, yeni cinayetlerin \u00f6n\u00fcne ge\u00e7meliyiz. Kad\u0131na kar\u015f\u0131 \u015fiddeti bir insanl\u0131k meselesi olarak g\u00f6r\u00fcyoruz ve burada bir can kayb\u0131na bile tahamm\u00fcl\u00fcm\u00fcz\u00fcn olmas\u0131 m\u00fcmk\u00fcn de\u011fildir&#8221; diye konu\u015ftu.<\/div>\n<\/div>\n<div class=\"article__block\" data-type=\"h3\">\n<h3 class=\"article__h2\">&#8216;Y\u00fczde 35&#8217;i daha \u00f6nce herhangi bir \u015fekilde devlete ba\u015fvurusu ve \u015fikayeti olan ki\u015filer&#8217;<\/h3>\n<\/div>\n<div class=\"article__block\" data-type=\"text\">\n<div class=\"article__text\">Kad\u0131na \u015fiddet olaylar\u0131nda ihbarlar\u0131n \u00f6nemine vurgu yapan Bakan Soylu, &#8220;Bu y\u0131l ger\u00e7ekle\u015fen kad\u0131n cinayetlerinin sadece y\u00fczde 35&#8217;i daha \u00f6nce herhangi bir \u015fekilde devlete ba\u015fvurusu ve \u015fikayeti olan, en az\u0131ndan bir kere karakola gitmi\u015f insanlar. Geri kalan y\u00fczde 65&#8217;inin hi\u00e7bir ba\u015fvurusu, hi\u00e7bir \u015fikayeti mevcut de\u011fil. Ge\u00e7en y\u0131llarda bu makas daha a\u00e7\u0131kt\u0131. KADES gibi hizmete ald\u0131\u011f\u0131m\u0131z aile i\u00e7i kad\u0131na kar\u015f\u0131 \u015fiddetle m\u00fccadele b\u00fcrolar\u0131 sebebiyle ihbar ve \u015fikayet e\u011filimi artt\u0131 ama yeterli de\u011fil&#8221; dedi.<\/div>\n<\/div>\n<div class=\"article__block\" data-type=\"banner\" data-position=\"1\"><\/div>\n<div class=\"article__block\" data-type=\"text\">\n<div class=\"article__text\">Elektronik Kelep\u00e7e Merkezi&#8217;nde bin kelep\u00e7e kapasitesi oldu\u011funu s\u00f6yleyen Soylu, &#8220;T\u00fcm T\u00fcrkiye&#8217;de \u015fu an aktif 287 kelep\u00e7e var. S\u00fcresi tamamlanan kelep\u00e7e uygulamas\u0131 say\u0131s\u0131 501. Yani toplam 788 kelep\u00e7e karar\u0131 verilmi\u015f, uygulanm\u0131\u015f ve uygulan\u0131yor. Bu noktadan hareketle, koruyucu \u00f6nleyici tedbir kararlar\u0131n\u0131n, kelep\u00e7e kararlar\u0131n\u0131n say\u0131s\u0131n\u0131 artt\u0131rmaya gayret i\u00e7inde olmam\u0131z gerekti\u011fini d\u00fc\u015f\u00fcn\u00fcyorum. Bar\u0131\u015ft\u0131r\u0131p evlerine yollamak kolay bir y\u00f6ntemdir ama g\u00f6r\u00fcl\u00fcyor ki \u00e7\u00f6z\u00fcm de\u011fil&#8221; ifadelerini kulland\u0131.<\/div>\n<\/div>\n<div class=\"article__block\" data-type=\"text\">\n<div class=\"article__text\">Kad\u0131n Cinayetlerini Durduraca\u011f\u0131z Platformu (KCDP) is<a href=\"http:\/\/kadincinayetlerinidurduracagiz.net\/veriler\/2981\/kadin-cinayetlerini-durduracagiz-platformu-haziran-2021-raporu\" target=\"_blank\" rel=\"noopener noreferrer\">e<\/a>, sadece Haziran 2021\u2019de 18 kad\u0131n cinayeti i\u015flenirken, 20 kad\u0131n ise \u015f\u00fcpheli bir \u015fekilde \u00f6l\u00fc bulundu\u011funu a\u00e7\u0131klad\u0131. Bu veriye g\u00f6re, 2021\u2019in ilk alt\u0131 ay\u0131nda toplam 130 kad\u0131n, erkekler taraf\u0131ndan \u00f6ld\u00fcr\u00fcld\u00fc\u011f\u00fc belirtildi.<\/div>\n<\/div>\n<div class=\"article__block\" data-type=\"text\">\n<div class=\"article__text\"><a href=\"https:\/\/t24.com.tr\/haber\/Kadincinayetleri.org\" target=\"_blank\" rel=\"noopener noreferrer\">Kadincinayetleri.org<\/a> adresi \u00fczerinden yay\u0131nlanan interaktif haritalama \u00e7al\u0131\u015fmas\u0131na g\u00f6re, T\u00fcrkiye&#8217;de 10 y\u0131lda en az 2 bin 534 kad\u0131n\u0131n \u00f6ld\u00fcr\u00fcld\u00fc.<\/div>\n<div><strong><em>https:\/\/tr.sputniknews.com\/20211125\/soylu-bu-yil-251-kadin-cinayeti-islendi-1051129659.html\u00a0<\/em><\/strong><\/div>\n<\/div>\n<\/div>\n","protected":false},"excerpt":{"rendered":"<p>\u0130\u00e7i\u015fleri Bakan\u0131 S\u00fcleyman Soylu, &#8220;15 Kas\u0131m itibar\u0131yla bu y\u0131l 251 kad\u0131n cinayeti i\u015flendi. Ge\u00e7en y\u0131l\u0131n tamam\u0131nda bu say\u0131 268&#8217;di. Bu y\u0131l, bu say\u0131n\u0131n \u00fcst\u00fcnde kalaca\u011f\u0131m\u0131z g\u00f6r\u00fcl\u00fcyor. Testere di\u015fi gibi ini\u015fli \u00e7\u0131k\u0131\u015fl\u0131 bir grafik var, bat\u0131l\u0131 \u00fclkeler de b\u00f6yle&#8221; dedi. \u0130\u00e7i\u015fleri Bakan\u0131 S\u00fcleyman Soylu ve Aile ve Sosyal Hizmetler Bakan\u0131 Derya Yan\u0131k, G\u00fcvenlik ve Acil Durumlar [&hellip;]<\/p>\n","protected":false},"author":7,"featured_media":65907,"comment_status":"open","ping_status":"open","sticky":false,"template":"","format":"standard","meta":{"footnotes":""},"categories":[1],"tags":[],"class_list":["post-65906","post","type-post","status-publish","format-standard","has-post-thumbnail","hentry","category-haberler"],"yoast_head":"<!-- This site is optimized with the Yoast SEO plugin v27.4 - https:\/\/yoast.com\/product\/yoast-seo-wordpress\/ -->\n<title>\u0130\u00e7i\u015fleri Bakan\u0131 Soylu: Bu y\u0131l 251 kad\u0131n cinayeti i\u015flendi - Bati Ermenistan Ve Bati Ermenileri Sorunlari Ara\u015ftirmalar Merkezi<\/title>\n<meta name=\"robots\" content=\"index, follow, max-snippet:-1, max-image-preview:large, max-video-preview:-1\" \/>\n<link rel=\"canonical\" href=\"https:\/\/akunq.net\/tr\/?p=65906\" \/>\n<meta property=\"og:locale\" content=\"en_US\" \/>\n<meta property=\"og:type\" content=\"article\" \/>\n<meta property=\"og:title\" content=\"\u0130\u00e7i\u015fleri Bakan\u0131 Soylu: Bu y\u0131l 251 kad\u0131n cinayeti i\u015flendi - Bati Ermenistan Ve Bati Ermenileri Sorunlari Ara\u015ftirmalar Merkezi\" \/>\n<meta property=\"og:description\" content=\"\u0130\u00e7i\u015fleri Bakan\u0131 S\u00fcleyman Soylu, &#8220;15 Kas\u0131m itibar\u0131yla bu y\u0131l 251 kad\u0131n cinayeti i\u015flendi. Ge\u00e7en y\u0131l\u0131n tamam\u0131nda bu say\u0131 268&#8217;di. Bu y\u0131l, bu say\u0131n\u0131n \u00fcst\u00fcnde kalaca\u011f\u0131m\u0131z g\u00f6r\u00fcl\u00fcyor. Testere di\u015fi gibi ini\u015fli \u00e7\u0131k\u0131\u015fl\u0131 bir grafik var, bat\u0131l\u0131 \u00fclkeler de b\u00f6yle&#8221; dedi. \u0130\u00e7i\u015fleri Bakan\u0131 S\u00fcleyman Soylu ve Aile ve Sosyal Hizmetler Bakan\u0131 Derya Yan\u0131k, G\u00fcvenlik ve Acil Durumlar [&hellip;]\" \/>\n<meta property=\"og:url\" content=\"https:\/\/akunq.net\/tr\/?p=65906\" \/>\n<meta property=\"og:site_name\" content=\"Bati Ermenistan Ve Bati Ermenileri Sorunlari Ara\u015ftirmalar Merkezi\" \/>\n<meta property=\"article:published_time\" content=\"2021-11-26T07:53:56+00:00\" \/>\n<meta property=\"og:image\" content=\"https:\/\/akunq.net\/tr\/wp-content\/uploads\/sites\/6\/2021\/11\/Turkiyede-kadin.jpg\" \/>\n\t<meta property=\"og:image:width\" content=\"750\" \/>\n\t<meta property=\"og:image:height\" content=\"422\" \/>\n\t<meta property=\"og:image:type\" content=\"image\/jpeg\" \/>\n<meta name=\"author\" content=\"admin\" \/>\n<meta name=\"twitter:card\" content=\"summary_large_image\" \/>\n<meta name=\"twitter:label1\" content=\"Written by\" \/>\n\t<meta name=\"twitter:data1\" content=\"admin\" \/>\n\t<meta name=\"twitter:label2\" content=\"Est. reading time\" \/>\n\t<meta name=\"twitter:data2\" content=\"3 minutes\" \/>\n<script type=\"application\/ld+json\" class=\"yoast-schema-graph\">{\"@context\":\"https:\\\/\\\/schema.org\",\"@graph\":[{\"@type\":\"Article\",\"@id\":\"https:\\\/\\\/akunq.net\\\/tr\\\/?p=65906#article\",\"isPartOf\":{\"@id\":\"https:\\\/\\\/akunq.net\\\/tr\\\/?p=65906\"},\"author\":{\"name\":\"admin\",\"@id\":\"https:\\\/\\\/akunq.net\\\/tr\\\/#\\\/schema\\\/person\\\/096f1d38a12cce57fb855b485ed24c9e\"},\"headline\":\"\u0130\u00e7i\u015fleri Bakan\u0131 Soylu: Bu y\u0131l 251 kad\u0131n cinayeti i\u015flendi\",\"datePublished\":\"2021-11-26T07:53:56+00:00\",\"mainEntityOfPage\":{\"@id\":\"https:\\\/\\\/akunq.net\\\/tr\\\/?p=65906\"},\"wordCount\":641,\"commentCount\":0,\"image\":{\"@id\":\"https:\\\/\\\/akunq.net\\\/tr\\\/?p=65906#primaryimage\"},\"thumbnailUrl\":\"https:\\\/\\\/akunq.net\\\/tr\\\/wp-content\\\/uploads\\\/sites\\\/6\\\/2021\\\/11\\\/Turkiyede-kadin.jpg\",\"articleSection\":[\"Haberler\"],\"inLanguage\":\"en-US\",\"potentialAction\":[{\"@type\":\"CommentAction\",\"name\":\"Comment\",\"target\":[\"https:\\\/\\\/akunq.net\\\/tr\\\/?p=65906#respond\"]}]},{\"@type\":\"WebPage\",\"@id\":\"https:\\\/\\\/akunq.net\\\/tr\\\/?p=65906\",\"url\":\"https:\\\/\\\/akunq.net\\\/tr\\\/?p=65906\",\"name\":\"\u0130\u00e7i\u015fleri Bakan\u0131 Soylu: Bu y\u0131l 251 kad\u0131n cinayeti i\u015flendi - Bati Ermenistan Ve Bati Ermenileri Sorunlari Ara\u015ftirmalar Merkezi\",\"isPartOf\":{\"@id\":\"https:\\\/\\\/akunq.net\\\/tr\\\/#website\"},\"primaryImageOfPage\":{\"@id\":\"https:\\\/\\\/akunq.net\\\/tr\\\/?p=65906#primaryimage\"},\"image\":{\"@id\":\"https:\\\/\\\/akunq.net\\\/tr\\\/?p=65906#primaryimage\"},\"thumbnailUrl\":\"https:\\\/\\\/akunq.net\\\/tr\\\/wp-content\\\/uploads\\\/sites\\\/6\\\/2021\\\/11\\\/Turkiyede-kadin.jpg\",\"datePublished\":\"2021-11-26T07:53:56+00:00\",\"author\":{\"@id\":\"https:\\\/\\\/akunq.net\\\/tr\\\/#\\\/schema\\\/person\\\/096f1d38a12cce57fb855b485ed24c9e\"},\"breadcrumb\":{\"@id\":\"https:\\\/\\\/akunq.net\\\/tr\\\/?p=65906#breadcrumb\"},\"inLanguage\":\"en-US\",\"potentialAction\":[{\"@type\":\"ReadAction\",\"target\":[\"https:\\\/\\\/akunq.net\\\/tr\\\/?p=65906\"]}]},{\"@type\":\"ImageObject\",\"inLanguage\":\"en-US\",\"@id\":\"https:\\\/\\\/akunq.net\\\/tr\\\/?p=65906#primaryimage\",\"url\":\"https:\\\/\\\/akunq.net\\\/tr\\\/wp-content\\\/uploads\\\/sites\\\/6\\\/2021\\\/11\\\/Turkiyede-kadin.jpg\",\"contentUrl\":\"https:\\\/\\\/akunq.net\\\/tr\\\/wp-content\\\/uploads\\\/sites\\\/6\\\/2021\\\/11\\\/Turkiyede-kadin.jpg\",\"width\":750,\"height\":422},{\"@type\":\"BreadcrumbList\",\"@id\":\"https:\\\/\\\/akunq.net\\\/tr\\\/?p=65906#breadcrumb\",\"itemListElement\":[{\"@type\":\"ListItem\",\"position\":1,\"name\":\"Home\",\"item\":\"https:\\\/\\\/akunq.net\\\/tr\"},{\"@type\":\"ListItem\",\"position\":2,\"name\":\"\u0130\u00e7i\u015fleri Bakan\u0131 Soylu: Bu y\u0131l 251 kad\u0131n cinayeti i\u015flendi\"}]},{\"@type\":\"WebSite\",\"@id\":\"https:\\\/\\\/akunq.net\\\/tr\\\/#website\",\"url\":\"https:\\\/\\\/akunq.net\\\/tr\\\/\",\"name\":\"Bati Ermenistan Ve Bati Ermenileri Sorunlari Ara\u015ftirmalar Merkezi\",\"description\":\"\",\"potentialAction\":[{\"@type\":\"SearchAction\",\"target\":{\"@type\":\"EntryPoint\",\"urlTemplate\":\"https:\\\/\\\/akunq.net\\\/tr\\\/?s={search_term_string}\"},\"query-input\":{\"@type\":\"PropertyValueSpecification\",\"valueRequired\":true,\"valueName\":\"search_term_string\"}}],\"inLanguage\":\"en-US\"},{\"@type\":\"Person\",\"@id\":\"https:\\\/\\\/akunq.net\\\/tr\\\/#\\\/schema\\\/person\\\/096f1d38a12cce57fb855b485ed24c9e\",\"name\":\"admin\",\"url\":\"https:\\\/\\\/akunq.net\\\/tr\\\/?author=7\"}]}<\/script>\n<!-- \/ Yoast SEO plugin. -->","yoast_head_json":{"title":"\u0130\u00e7i\u015fleri Bakan\u0131 Soylu: Bu y\u0131l 251 kad\u0131n cinayeti i\u015flendi - Bati Ermenistan Ve Bati Ermenileri Sorunlari Ara\u015ftirmalar Merkezi","robots":{"index":"index","follow":"follow","max-snippet":"max-snippet:-1","max-image-preview":"max-image-preview:large","max-video-preview":"max-video-preview:-1"},"canonical":"https:\/\/akunq.net\/tr\/?p=65906","og_locale":"en_US","og_type":"article","og_title":"\u0130\u00e7i\u015fleri Bakan\u0131 Soylu: Bu y\u0131l 251 kad\u0131n cinayeti i\u015flendi - Bati Ermenistan Ve Bati Ermenileri Sorunlari Ara\u015ftirmalar Merkezi","og_description":"\u0130\u00e7i\u015fleri Bakan\u0131 S\u00fcleyman Soylu, &#8220;15 Kas\u0131m itibar\u0131yla bu y\u0131l 251 kad\u0131n cinayeti i\u015flendi. Ge\u00e7en y\u0131l\u0131n tamam\u0131nda bu say\u0131 268&#8217;di. Bu y\u0131l, bu say\u0131n\u0131n \u00fcst\u00fcnde kalaca\u011f\u0131m\u0131z g\u00f6r\u00fcl\u00fcyor. Testere di\u015fi gibi ini\u015fli \u00e7\u0131k\u0131\u015fl\u0131 bir grafik var, bat\u0131l\u0131 \u00fclkeler de b\u00f6yle&#8221; dedi. \u0130\u00e7i\u015fleri Bakan\u0131 S\u00fcleyman Soylu ve Aile ve Sosyal Hizmetler Bakan\u0131 Derya Yan\u0131k, G\u00fcvenlik ve Acil Durumlar [&hellip;]","og_url":"https:\/\/akunq.net\/tr\/?p=65906","og_site_name":"Bati Ermenistan Ve Bati Ermenileri Sorunlari Ara\u015ftirmalar Merkezi","article_published_time":"2021-11-26T07:53:56+00:00","og_image":[{"width":750,"height":422,"url":"https:\/\/akunq.net\/tr\/wp-content\/uploads\/sites\/6\/2021\/11\/Turkiyede-kadin.jpg","type":"image\/jpeg"}],"author":"admin","twitter_card":"summary_large_image","twitter_misc":{"Written by":"admin","Est. reading time":"3 minutes"},"schema":{"@context":"https:\/\/schema.org","@graph":[{"@type":"Article","@id":"https:\/\/akunq.net\/tr\/?p=65906#article","isPartOf":{"@id":"https:\/\/akunq.net\/tr\/?p=65906"},"author":{"name":"admin","@id":"https:\/\/akunq.net\/tr\/#\/schema\/person\/096f1d38a12cce57fb855b485ed24c9e"},"headline":"\u0130\u00e7i\u015fleri Bakan\u0131 Soylu: Bu y\u0131l 251 kad\u0131n cinayeti i\u015flendi","datePublished":"2021-11-26T07:53:56+00:00","mainEntityOfPage":{"@id":"https:\/\/akunq.net\/tr\/?p=65906"},"wordCount":641,"commentCount":0,"image":{"@id":"https:\/\/akunq.net\/tr\/?p=65906#primaryimage"},"thumbnailUrl":"https:\/\/akunq.net\/tr\/wp-content\/uploads\/sites\/6\/2021\/11\/Turkiyede-kadin.jpg","articleSection":["Haberler"],"inLanguage":"en-US","potentialAction":[{"@type":"CommentAction","name":"Comment","target":["https:\/\/akunq.net\/tr\/?p=65906#respond"]}]},{"@type":"WebPage","@id":"https:\/\/akunq.net\/tr\/?p=65906","url":"https:\/\/akunq.net\/tr\/?p=65906","name":"\u0130\u00e7i\u015fleri Bakan\u0131 Soylu: Bu y\u0131l 251 kad\u0131n cinayeti i\u015flendi - Bati Ermenistan Ve Bati Ermenileri Sorunlari Ara\u015ftirmalar Merkezi","isPartOf":{"@id":"https:\/\/akunq.net\/tr\/#website"},"primaryImageOfPage":{"@id":"https:\/\/akunq.net\/tr\/?p=65906#primaryimage"},"image":{"@id":"https:\/\/akunq.net\/tr\/?p=65906#primaryimage"},"thumbnailUrl":"https:\/\/akunq.net\/tr\/wp-content\/uploads\/sites\/6\/2021\/11\/Turkiyede-kadin.jpg","datePublished":"2021-11-26T07:53:56+00:00","author":{"@id":"https:\/\/akunq.net\/tr\/#\/schema\/person\/096f1d38a12cce57fb855b485ed24c9e"},"breadcrumb":{"@id":"https:\/\/akunq.net\/tr\/?p=65906#breadcrumb"},"inLanguage":"en-US","potentialAction":[{"@type":"ReadAction","target":["https:\/\/akunq.net\/tr\/?p=65906"]}]},{"@type":"ImageObject","inLanguage":"en-US","@id":"https:\/\/akunq.net\/tr\/?p=65906#primaryimage","url":"https:\/\/akunq.net\/tr\/wp-content\/uploads\/sites\/6\/2021\/11\/Turkiyede-kadin.jpg","contentUrl":"https:\/\/akunq.net\/tr\/wp-content\/uploads\/sites\/6\/2021\/11\/Turkiyede-kadin.jpg","width":750,"height":422},{"@type":"BreadcrumbList","@id":"https:\/\/akunq.net\/tr\/?p=65906#breadcrumb","itemListElement":[{"@type":"ListItem","position":1,"name":"Home","item":"https:\/\/akunq.net\/tr"},{"@type":"ListItem","position":2,"name":"\u0130\u00e7i\u015fleri Bakan\u0131 Soylu: Bu y\u0131l 251 kad\u0131n cinayeti i\u015flendi"}]},{"@type":"WebSite","@id":"https:\/\/akunq.net\/tr\/#website","url":"https:\/\/akunq.net\/tr\/","name":"Bati Ermenistan Ve Bati Ermenileri Sorunlari Ara\u015ftirmalar Merkezi","description":"","potentialAction":[{"@type":"SearchAction","target":{"@type":"EntryPoint","urlTemplate":"https:\/\/akunq.net\/tr\/?s={search_term_string}"},"query-input":{"@type":"PropertyValueSpecification","valueRequired":true,"valueName":"search_term_string"}}],"inLanguage":"en-US"},{"@type":"Person","@id":"https:\/\/akunq.net\/tr\/#\/schema\/person\/096f1d38a12cce57fb855b485ed24c9e","name":"admin","url":"https:\/\/akunq.net\/tr\/?author=7"}]}},"_links":{"self":[{"href":"https:\/\/akunq.net\/tr\/index.php?rest_route=\/wp\/v2\/posts\/65906","targetHints":{"allow":["GET"]}}],"collection":[{"href":"https:\/\/akunq.net\/tr\/index.php?rest_route=\/wp\/v2\/posts"}],"about":[{"href":"https:\/\/akunq.net\/tr\/index.php?rest_route=\/wp\/v2\/types\/post"}],"author":[{"embeddable":true,"href":"https:\/\/akunq.net\/tr\/index.php?rest_route=\/wp\/v2\/users\/7"}],"replies":[{"embeddable":true,"href":"https:\/\/akunq.net\/tr\/index.php?rest_route=%2Fwp%2Fv2%2Fcomments&post=65906"}],"version-history":[{"count":1,"href":"https:\/\/akunq.net\/tr\/index.php?rest_route=\/wp\/v2\/posts\/65906\/revisions"}],"predecessor-version":[{"id":65908,"href":"https:\/\/akunq.net\/tr\/index.php?rest_route=\/wp\/v2\/posts\/65906\/revisions\/65908"}],"wp:featuredmedia":[{"embeddable":true,"href":"https:\/\/akunq.net\/tr\/index.php?rest_route=\/wp\/v2\/media\/65907"}],"wp:attachment":[{"href":"https:\/\/akunq.net\/tr\/index.php?rest_route=%2Fwp%2Fv2%2Fmedia&parent=65906"}],"wp:term":[{"taxonomy":"category","embeddable":true,"href":"https:\/\/akunq.net\/tr\/index.php?rest_route=%2Fwp%2Fv2%2Fcategories&post=65906"},{"taxonomy":"post_tag","embeddable":true,"href":"https:\/\/akunq.net\/tr\/index.php?rest_route=%2Fwp%2Fv2%2Ftags&post=65906"}],"curies":[{"name":"wp","href":"https:\/\/api.w.org\/{rel}","templated":true}]}}