{"id":65900,"date":"2021-11-26T02:38:15","date_gmt":"2021-11-26T07:38:15","guid":{"rendered":"https:\/\/akunq.net\/tr\/?p=65900"},"modified":"2021-11-26T02:38:15","modified_gmt":"2021-11-26T07:38:15","slug":"ak-parti-secim-oncesi-alevi-acilimi-mi-planliyor","status":"publish","type":"post","link":"https:\/\/akunq.net\/tr\/?p=65900","title":{"rendered":"AK Parti se\u00e7im \u00f6ncesi &#8216;Alevi a\u00e7\u0131l\u0131m\u0131&#8217; m\u0131 planl\u0131yor?"},"content":{"rendered":"<p><img loading=\"lazy\" decoding=\"async\" class=\"aligncenter size-medium wp-image-65901\" src=\"https:\/\/akunq.net\/tr\/wp-content\/uploads\/2021\/11\/AK-Parti-Grup-Ba\u015fkanvekili-B\u00fclent-Turan-360x203.jpg\" alt=\"\" width=\"360\" height=\"203\" srcset=\"https:\/\/akunq.net\/tr\/wp-content\/uploads\/sites\/6\/2021\/11\/AK-Parti-Grup-Ba\u015fkanvekili-B\u00fclent-Turan-360x203.jpg 360w, https:\/\/akunq.net\/tr\/wp-content\/uploads\/sites\/6\/2021\/11\/AK-Parti-Grup-Ba\u015fkanvekili-B\u00fclent-Turan-768x432.jpg 768w, https:\/\/akunq.net\/tr\/wp-content\/uploads\/sites\/6\/2021\/11\/AK-Parti-Grup-Ba\u015fkanvekili-B\u00fclent-Turan-560x315.jpg 560w, https:\/\/akunq.net\/tr\/wp-content\/uploads\/sites\/6\/2021\/11\/AK-Parti-Grup-Ba\u015fkanvekili-B\u00fclent-Turan-260x146.jpg 260w, https:\/\/akunq.net\/tr\/wp-content\/uploads\/sites\/6\/2021\/11\/AK-Parti-Grup-Ba\u015fkanvekili-B\u00fclent-Turan-160x90.jpg 160w, https:\/\/akunq.net\/tr\/wp-content\/uploads\/sites\/6\/2021\/11\/AK-Parti-Grup-Ba\u015fkanvekili-B\u00fclent-Turan.jpg 773w\" sizes=\"auto, (max-width: 360px) 100vw, 360px\" \/><\/p>\n<p><strong><em>AK Parti, erken se\u00e7imin g\u00fcndeme geldi\u011fi bir s\u00fcre\u00e7te Alevilere y\u00f6nelik yeni bir a\u00e7\u0131l\u0131m\u0131 de\u011ferlendiriyor.<\/em><\/strong><\/p>\n<p>Kamuoyu yoklamalar\u0131, 2002&#8217;de iktidara gelen AK Parti&#8217;ye y\u00f6nelik deste\u011fin azald\u0131\u011f\u0131n\u0131 ortaya koyarken, partinin genel ba\u015fkan\u0131 ve Cumhurba\u015fkan\u0131 Recep Tayyip Erdo\u011fan, k\u0131sa s\u00fcre \u00f6nce Alevi toplumunun sorunlar\u0131n\u0131 dinlemek \u00fczere \u00fclke genelinde bin 585 cemevine temsilciler g\u00f6ndermi\u015fti.<\/p>\n<p>Reuters, Alevilerle ilgili analizinde, &#8216;Erdo\u011fan&#8217;\u0131n, T\u00fcrkiye&#8217;nin 84 milyonluk n\u00fcfusunun y\u00fczde 15 ile 20&#8217;sini olu\u015fturan Alevi az\u0131nl\u0131\u011f\u0131 kazanmak i\u00e7in zorlu bir m\u00fccadeleyle kar\u015f\u0131 kar\u015f\u0131ya&#8217; oldu\u011fu de\u011ferlendirmesinde bulundu. Daha \u00f6nceki &#8216;Alevi a\u00e7\u0131l\u0131m\u0131n\u0131n&#8217; ba\u015far\u0131s\u0131zl\u0131kla sonu\u00e7land\u0131\u011f\u0131 belirtilirken Alevilerin \u00e7o\u011funlu\u011funun \u0130slami k\u00f6kenli AK Parti&#8217;ye \u015f\u00fcpheyle yakla\u015fan kesim oldu\u011fu aktar\u0131ld\u0131.<\/p>\n<p>\u00d6te yandan AK Partili \u00fcst d\u00fczey yetkililer, cemevleri konusundaki stat\u00fc sorununun a\u015f\u0131labilece\u011fini dile getirdi.<\/p>\n<p data-min-tv-running=\"true\">Alevi gruplar cemevlerinin resmi olarak tan\u0131nmas\u0131n\u0131, konuyla ilgili mahkeme kararlar\u0131n\u0131n uygulanmas\u0131n\u0131, &#8216;asimilasyon&#8217; olarak tan\u0131mlad\u0131klar\u0131 zorunlu din e\u011fitimini ve kamusal ya\u015famda ayr\u0131mc\u0131l\u0131\u011fa son verilmesini talep etti.<\/p>\n<h2>&#8220;AK Parti, kendi Alevilerini yaratmaya \u00e7al\u0131\u015f\u0131yor&#8221;<\/h2>\n<p>\u0130stanbul&#8217;daki bir cemevinde d\u00fczenlenecek t\u00f6ren \u00f6ncesi konu\u015fan Ali Erdem, &#8220;AK Parti h\u00fck\u00fcmeti kendi Alevilerini yaratmaya \u00e7al\u0131\u015f\u0131yor.&#8221; dedi.<\/p>\n<div class=\"widget widget--type-image widget--size-small widget--align-left\" data-ratio=\"0.6125\" data-peekaboo=\"widget--animation-fade-in\">\n<div class=\"widget__wrapper\">\n<div class=\"widget__ratio widget__ratio--auto\">\n<div class=\"widget__contents\">\n<figure class=\"widget__figure\"><figcaption class=\"widget__caption\"><span class=\"widget__captionWrap\"><span class=\"widget__captionText\">Alevilerce e\u015fit haklar talebiyle Ankara&#8217;da d\u00fczenlenen bir g\u00f6steri (ar\u015fiv)<\/span><span class=\"widget__captionCredit\">AP<\/span><\/span><\/figcaption><\/figure>\n<\/div>\n<\/div>\n<\/div>\n<\/div>\n<p>Alevilere y\u00f6nelik baz\u0131 tarihsel sorunlar\u0131 anlatan Erdem, &#8220;Y\u00fczy\u0131llarca bask\u0131 alt\u0131nda kald\u0131k ama kimseye boyun e\u011fmedik.&#8221; diye konu\u015ftu.<\/p>\n<p>Sufi ve Anadolu halk geleneklerini devam ettiren\u00a0<a href=\"https:\/\/tr.euronews.com\/2020\/01\/10\/turkiye-deki-alevilik-ve-bektasilik-siiligin-bir-alt-kolu-mu\">Aleviler<\/a>, T\u00fcrkiye&#8217;deki S\u00fcnni M\u00fcsl\u00fcman \u00e7o\u011funluktan baz\u0131 noktalarda ayr\u0131l\u0131yor ve S\u00fcnnilerle \u00e7eli\u015febilecek rit\u00fceller uyguluyor.<\/p>\n<p>Erdo\u011fan, 10 y\u0131l \u00f6nce &#8216;Alevi a\u00e7\u0131l\u0131m\u0131&#8217; ba\u015flatm\u0131\u015ft\u0131.<\/p>\n<p>Ancak 2013&#8217;teki Gezi Park\u0131 eylemlerinin patlak vermesi sonras\u0131 s\u00f6z konusu giri\u015fim olumsuz sonu\u00e7lanm\u0131\u015ft\u0131.<\/p>\n<p>Reuters&#8217;a g\u00f6re AK Parti&#8217;nin pop\u00fclaritesinin azald\u0131\u011f\u0131na dair i\u015faretlerin ortaya \u00e7\u0131kmas\u0131n\u0131n ard\u0131ndan konu, yak\u0131n tarihli bir kabine toplant\u0131s\u0131nda yeniden g\u00fcdeme getirildi.<\/p>\n<p>Erdo\u011fan t\u00fcm halk\u0131n &#8220;kolay nefes almas\u0131&#8221; i\u00e7in daha fazla \u00e7al\u0131\u015fma s\u00f6z\u00fc verdi.<\/p>\n<p>Cumhurba\u015fkan\u0131 Erdo\u011fan, &#8220;Hangi k\u00f6kene, hangi inanca, hangi me\u015frebe sahip olursa olsun T\u00fcrkiye&#8217;nin, 84 milyon vatanda\u015f\u0131n\u0131n her birinin problemi bizim problemimizdir. Bu anlay\u0131\u015fla ulusal birlik ve beraberli\u011fimizi g\u00fc\u00e7lendirecek her ad\u0131m\u0131 ge\u00e7mi\u015fte att\u0131k, bug\u00fcn de atmay\u0131 s\u00fcrd\u00fcrece\u011fiz.&#8221; ifadelerini kulland\u0131.<\/p>\n<h2>&#8220;Aleviler aras\u0131nda bir b\u00f6l\u00fcnme yaratabilir miyiz diye d\u00fc\u015f\u00fcn\u00fcyorlar&#8221;<\/h2>\n<p>AK Partili temsilcilerin \u0130stanbul&#8217;daki prefabrik cemevlerine geldi\u011fini belirten bir ba\u015fka Alevi derne\u011fi temsilcisi Ali Y\u00fcr\u00fcmez, binay\u0131 ziyaret eden yetkililerin kendilerine buray\u0131 yeniden in\u015fa etmeyi teklif etti\u011fini s\u00f6yledi.<\/p>\n<p>Ancak Y\u00fcr\u00fcmez, bu t\u00fcr maddi yard\u0131m tekliflerinin h\u00fck\u00fcmetin yasal de\u011fi\u015fiklikler yapmaya istekli olmad\u0131\u011f\u0131n\u0131 g\u00f6sterdi\u011fini s\u00f6yleyerek AK Parti&#8217;nin teklifini reddetti\u011fini dile getirdi.<\/p>\n<p>Sivas Katliam\u0131&#8217;nda hayat\u0131n\u0131 kaybeden kurbanlar\u0131n foto\u011fraflar\u0131n\u0131n alt\u0131nda oturan Ali Y\u00fcr\u00fcmez, &#8220;\u00d6n\u00fcm\u00fczde bir se\u00e7im varken Aleviler aras\u0131nda bir b\u00f6l\u00fcnme yaratabilir miyiz diye d\u00fc\u015f\u00fcn\u00fcyorlard\u0131. Ama Alevilerin bu oyuna gelece\u011fini sanm\u0131yorum.&#8221; diye konu\u015ftu.<\/p>\n<p>Hayrettin Karaman&#8217;\u0131n &#8220;E\u011fer bilerek Alevili\u011fini koruyorsa, Alevilere ait olup \u0130slam ile ba\u011fda\u015fmas\u0131 m\u00fcmk\u00fcn olmayan inan\u00e7lar\u0131 ve uygulamalar\u0131 muhafaza ediyorsa o gen\u00e7 ile S\u00fcnni bir k\u0131z evlenemez.&#8221; s\u00f6zlerini an\u0131msatan Ali Y\u00fcr\u00fcmez, Alevilerin yak\u0131n zamanda nefret ifadeleriyle hedef al\u0131nd\u0131\u011f\u0131n\u0131 s\u00f6yledi.<\/p>\n<h2>AK Parti: Cemevlerine ibadethane stat\u00fcs\u00fc verilebilir<\/h2>\n<p>H\u00fck\u00fcmet yetkilileri ise, Alevilere y\u00f6nelik son s\u00fcre\u00e7te ger\u00e7ek bir de\u011fi\u015fim iradesi oldu\u011funu s\u00f6yl\u00fcyor.<\/p>\n<p>Ad\u0131 a\u00e7\u0131klanmayan \u00fcst d\u00fczey bir AKP yetkilisi Reuters&#8217;a verdi\u011fi deme\u00e7te, &#8220;Cumhurba\u015fkan\u0131 bu sorunun \u00e7\u00f6z\u00fclmesini istiyor. Uzun zamand\u0131r talep edilen ibadethane stat\u00fcs\u00fc bu kez verilebilir.&#8221; diye konu\u015ftu.<\/p>\n<p>Yetkili, az\u0131nl\u0131klar\u0131n haklar\u0131na y\u00f6nelik bu t\u00fcr giri\u015fimlerin se\u00e7imlerde potansiyel olarak olumlu yans\u0131mas\u0131 oldu\u011funu kabul etmekle birlikte h\u00fck\u00fcmetin Alevilerle ilgili a\u00e7\u0131l\u0131m\u0131n\u0131n amac\u0131n\u0131n bu olmad\u0131\u011f\u0131n\u0131 iddia ediyor.<\/p>\n<p>&#8220;Oylar \u00fczerinde etkisi olabilir ama bu \u00e7al\u0131\u015fma y\u0131llar \u00f6nce ba\u015flat\u0131ld\u0131 ve Gezi Park\u0131 protestolar\u0131 nedeniyle kesintiye u\u011frad\u0131&#8221; diyen yetkili, &#8220;Bunu bir se\u00e7im haz\u0131rl\u0131\u011f\u0131 olarak g\u00f6rmek haks\u0131zl\u0131k.&#8221; \u015feklinde konu\u015ftu.<\/p>\n<p>Avrupa \u0130nsan Haklar\u0131 Mahkemesi, 2016 y\u0131l\u0131nda Alevilerin din \u00f6zg\u00fcrl\u00fc\u011f\u00fc haklar\u0131n\u0131n reddedildi\u011fine ve ayr\u0131mc\u0131l\u0131\u011fa maruz kald\u0131\u011f\u0131na karar vermi\u015fti.<\/p>\n<p>Keza Yarg\u0131tay da Kas\u0131m 2018\u2019de verdi\u011fi kararda, cemevlerinin ibadet yeri olarak resmen tan\u0131nmas\u0131 gerekti\u011fi y\u00f6n\u00fcnde duru\u015f sergilemi\u015fti.<\/p>\n<p>Ancak h\u00fck\u00fcmet bu kararlara uymad\u0131 ve cemevlerinin stat\u00fcs\u00fc konusunda farkl\u0131 g\u00f6r\u00fc\u015fler oldu\u011fu ortaya \u00e7\u0131kt\u0131.<\/p>\n<h2>&#8220;K\u00fclt\u00fcr merkezleri \u015feklinde faaliyet y\u00fcr\u00fctebilirler&#8221;<\/h2>\n<p>\u00dcst d\u00fczey bir AK Parti yetkilisi de cemevlerinin kira ve kamu hizmeti \u00f6demelerinden muaf tutularak k\u00fclt\u00fcr merkezleri \u015feklinde tan\u0131mlay\u0131p faaliyetlerini b\u00f6yle y\u00fcr\u00fctebileceklerini s\u00f6yledi.<\/p>\n<p>Devlet deste\u011fi olmamas\u0131 nedeniyle cemevlerinin faaliyetleri \u00f6zel ba\u011f\u0131\u015flarla sa\u011flan\u0131yor. S\u00f6z konusu devlet yard\u0131m\u0131n\u0131n mali faydalar\u0131 olsa bile, b\u00f6ylesi bir ad\u0131m Alevilerin (cemevlerinin) ibadethane stat\u00fcs\u00fc talebini kar\u015f\u0131lamayacakt\u0131r.<\/p>\n<p>\u00d6te yandan T\u00fcrkiye&#8217;deki yakla\u015f\u0131k 90 bin cami ve personeli, 2 milyar dolara yakla\u015fan b\u00fct\u00e7esiyle Diyanet \u0130\u015fleri Ba\u015fkanl\u0131\u011f\u0131 taraf\u0131ndan finanse ediliyor. Ancak Aleviler, daha \u00f6nce defalarca ama\u00e7lar\u0131n\u0131n maddi yard\u0131m almak olmad\u0131\u011f\u0131n\u0131 dile getirdi.<\/p>\n<p>Reuters&#8217;a konu\u015fan bir cemevinin y\u00f6neticisi olan Ali Erdem, g\u00fcndelik hayat\u0131nda minib\u00fcs \u015fof\u00f6r\u00fc olarak \u00e7al\u0131\u015ft\u0131\u011f\u0131n\u0131 ve devletin kendisi gibi inan\u00e7 liderlerine \u00fccret \u00f6demesi fikrini reddetti\u011fini s\u00f6yl\u00fcyor:<\/p>\n<p>&#8220;Kesinlikle maa\u015f istemem. Ne devletin ne de AKP&#8217;nin adam\u0131 olaca\u011f\u0131z.&#8221;<\/p>\n<p><em><strong>https:\/\/tr.euronews.com\/2021\/11\/25\/ak-parti-secim-oncesi-alevi-ac-l-m-m-planl-yor\u00a0<\/strong><\/em><\/p>\n","protected":false},"excerpt":{"rendered":"<p>AK Parti, erken se\u00e7imin g\u00fcndeme geldi\u011fi bir s\u00fcre\u00e7te Alevilere y\u00f6nelik yeni bir a\u00e7\u0131l\u0131m\u0131 de\u011ferlendiriyor. Kamuoyu yoklamalar\u0131, 2002&#8217;de iktidara gelen AK Parti&#8217;ye y\u00f6nelik deste\u011fin azald\u0131\u011f\u0131n\u0131 ortaya koyarken, partinin genel ba\u015fkan\u0131 ve Cumhurba\u015fkan\u0131 Recep Tayyip Erdo\u011fan, k\u0131sa s\u00fcre \u00f6nce Alevi toplumunun sorunlar\u0131n\u0131 dinlemek \u00fczere \u00fclke genelinde bin 585 cemevine temsilciler g\u00f6ndermi\u015fti. Reuters, Alevilerle ilgili analizinde, &#8216;Erdo\u011fan&#8217;\u0131n, T\u00fcrkiye&#8217;nin [&hellip;]<\/p>\n","protected":false},"author":7,"featured_media":65901,"comment_status":"open","ping_status":"open","sticky":false,"template":"","format":"standard","meta":{"footnotes":""},"categories":[1,53],"tags":[],"class_list":["post-65900","post","type-post","status-publish","format-standard","has-post-thumbnail","hentry","category-haberler","category-turkiyede-azinliklar"],"yoast_head":"<!-- This site is optimized with the Yoast SEO plugin v27.4 - https:\/\/yoast.com\/product\/yoast-seo-wordpress\/ -->\n<title>AK Parti se\u00e7im \u00f6ncesi &#039;Alevi a\u00e7\u0131l\u0131m\u0131&#039; m\u0131 planl\u0131yor? - Bati Ermenistan Ve Bati Ermenileri Sorunlari Ara\u015ftirmalar Merkezi<\/title>\n<meta name=\"robots\" content=\"index, follow, max-snippet:-1, max-image-preview:large, max-video-preview:-1\" \/>\n<link rel=\"canonical\" href=\"https:\/\/akunq.net\/tr\/?p=65900\" \/>\n<meta property=\"og:locale\" content=\"en_US\" \/>\n<meta property=\"og:type\" content=\"article\" \/>\n<meta property=\"og:title\" content=\"AK Parti se\u00e7im \u00f6ncesi &#039;Alevi a\u00e7\u0131l\u0131m\u0131&#039; m\u0131 planl\u0131yor? - Bati Ermenistan Ve Bati Ermenileri Sorunlari Ara\u015ftirmalar Merkezi\" \/>\n<meta property=\"og:description\" content=\"AK Parti, erken se\u00e7imin g\u00fcndeme geldi\u011fi bir s\u00fcre\u00e7te Alevilere y\u00f6nelik yeni bir a\u00e7\u0131l\u0131m\u0131 de\u011ferlendiriyor. Kamuoyu yoklamalar\u0131, 2002&#8217;de iktidara gelen AK Parti&#8217;ye y\u00f6nelik deste\u011fin azald\u0131\u011f\u0131n\u0131 ortaya koyarken, partinin genel ba\u015fkan\u0131 ve Cumhurba\u015fkan\u0131 Recep Tayyip Erdo\u011fan, k\u0131sa s\u00fcre \u00f6nce Alevi toplumunun sorunlar\u0131n\u0131 dinlemek \u00fczere \u00fclke genelinde bin 585 cemevine temsilciler g\u00f6ndermi\u015fti. Reuters, Alevilerle ilgili analizinde, &#8216;Erdo\u011fan&#8217;\u0131n, T\u00fcrkiye&#8217;nin [&hellip;]\" \/>\n<meta property=\"og:url\" content=\"https:\/\/akunq.net\/tr\/?p=65900\" \/>\n<meta property=\"og:site_name\" content=\"Bati Ermenistan Ve Bati Ermenileri Sorunlari Ara\u015ftirmalar Merkezi\" \/>\n<meta property=\"article:published_time\" content=\"2021-11-26T07:38:15+00:00\" \/>\n<meta property=\"og:image\" content=\"https:\/\/akunq.net\/tr\/wp-content\/uploads\/sites\/6\/2021\/11\/AK-Parti-Grup-Ba\u015fkanvekili-B\u00fclent-Turan.jpg\" \/>\n\t<meta property=\"og:image:width\" content=\"773\" \/>\n\t<meta property=\"og:image:height\" content=\"435\" \/>\n\t<meta property=\"og:image:type\" content=\"image\/jpeg\" \/>\n<meta name=\"author\" content=\"admin\" \/>\n<meta name=\"twitter:card\" content=\"summary_large_image\" \/>\n<meta name=\"twitter:label1\" content=\"Written by\" \/>\n\t<meta name=\"twitter:data1\" content=\"admin\" \/>\n\t<meta name=\"twitter:label2\" content=\"Est. reading time\" \/>\n\t<meta name=\"twitter:data2\" content=\"5 minutes\" \/>\n<script type=\"application\/ld+json\" class=\"yoast-schema-graph\">{\"@context\":\"https:\\\/\\\/schema.org\",\"@graph\":[{\"@type\":\"Article\",\"@id\":\"https:\\\/\\\/akunq.net\\\/tr\\\/?p=65900#article\",\"isPartOf\":{\"@id\":\"https:\\\/\\\/akunq.net\\\/tr\\\/?p=65900\"},\"author\":{\"name\":\"admin\",\"@id\":\"https:\\\/\\\/akunq.net\\\/tr\\\/#\\\/schema\\\/person\\\/096f1d38a12cce57fb855b485ed24c9e\"},\"headline\":\"AK Parti se\u00e7im \u00f6ncesi &#8216;Alevi a\u00e7\u0131l\u0131m\u0131&#8217; m\u0131 planl\u0131yor?\",\"datePublished\":\"2021-11-26T07:38:15+00:00\",\"mainEntityOfPage\":{\"@id\":\"https:\\\/\\\/akunq.net\\\/tr\\\/?p=65900\"},\"wordCount\":1018,\"commentCount\":0,\"image\":{\"@id\":\"https:\\\/\\\/akunq.net\\\/tr\\\/?p=65900#primaryimage\"},\"thumbnailUrl\":\"https:\\\/\\\/akunq.net\\\/tr\\\/wp-content\\\/uploads\\\/sites\\\/6\\\/2021\\\/11\\\/AK-Parti-Grup-Ba\u015fkanvekili-B\u00fclent-Turan.jpg\",\"articleSection\":[\"Haberler\",\"T\u00fcrkiye\u2019de Az\u0131nl\u0131klar\"],\"inLanguage\":\"en-US\",\"potentialAction\":[{\"@type\":\"CommentAction\",\"name\":\"Comment\",\"target\":[\"https:\\\/\\\/akunq.net\\\/tr\\\/?p=65900#respond\"]}]},{\"@type\":\"WebPage\",\"@id\":\"https:\\\/\\\/akunq.net\\\/tr\\\/?p=65900\",\"url\":\"https:\\\/\\\/akunq.net\\\/tr\\\/?p=65900\",\"name\":\"AK Parti se\u00e7im \u00f6ncesi 'Alevi a\u00e7\u0131l\u0131m\u0131' m\u0131 planl\u0131yor? - Bati Ermenistan Ve Bati Ermenileri Sorunlari Ara\u015ftirmalar Merkezi\",\"isPartOf\":{\"@id\":\"https:\\\/\\\/akunq.net\\\/tr\\\/#website\"},\"primaryImageOfPage\":{\"@id\":\"https:\\\/\\\/akunq.net\\\/tr\\\/?p=65900#primaryimage\"},\"image\":{\"@id\":\"https:\\\/\\\/akunq.net\\\/tr\\\/?p=65900#primaryimage\"},\"thumbnailUrl\":\"https:\\\/\\\/akunq.net\\\/tr\\\/wp-content\\\/uploads\\\/sites\\\/6\\\/2021\\\/11\\\/AK-Parti-Grup-Ba\u015fkanvekili-B\u00fclent-Turan.jpg\",\"datePublished\":\"2021-11-26T07:38:15+00:00\",\"author\":{\"@id\":\"https:\\\/\\\/akunq.net\\\/tr\\\/#\\\/schema\\\/person\\\/096f1d38a12cce57fb855b485ed24c9e\"},\"breadcrumb\":{\"@id\":\"https:\\\/\\\/akunq.net\\\/tr\\\/?p=65900#breadcrumb\"},\"inLanguage\":\"en-US\",\"potentialAction\":[{\"@type\":\"ReadAction\",\"target\":[\"https:\\\/\\\/akunq.net\\\/tr\\\/?p=65900\"]}]},{\"@type\":\"ImageObject\",\"inLanguage\":\"en-US\",\"@id\":\"https:\\\/\\\/akunq.net\\\/tr\\\/?p=65900#primaryimage\",\"url\":\"https:\\\/\\\/akunq.net\\\/tr\\\/wp-content\\\/uploads\\\/sites\\\/6\\\/2021\\\/11\\\/AK-Parti-Grup-Ba\u015fkanvekili-B\u00fclent-Turan.jpg\",\"contentUrl\":\"https:\\\/\\\/akunq.net\\\/tr\\\/wp-content\\\/uploads\\\/sites\\\/6\\\/2021\\\/11\\\/AK-Parti-Grup-Ba\u015fkanvekili-B\u00fclent-Turan.jpg\",\"width\":773,\"height\":435},{\"@type\":\"BreadcrumbList\",\"@id\":\"https:\\\/\\\/akunq.net\\\/tr\\\/?p=65900#breadcrumb\",\"itemListElement\":[{\"@type\":\"ListItem\",\"position\":1,\"name\":\"Home\",\"item\":\"https:\\\/\\\/akunq.net\\\/tr\"},{\"@type\":\"ListItem\",\"position\":2,\"name\":\"AK Parti se\u00e7im \u00f6ncesi &#8216;Alevi a\u00e7\u0131l\u0131m\u0131&#8217; m\u0131 planl\u0131yor?\"}]},{\"@type\":\"WebSite\",\"@id\":\"https:\\\/\\\/akunq.net\\\/tr\\\/#website\",\"url\":\"https:\\\/\\\/akunq.net\\\/tr\\\/\",\"name\":\"Bati Ermenistan Ve Bati Ermenileri Sorunlari Ara\u015ftirmalar Merkezi\",\"description\":\"\",\"potentialAction\":[{\"@type\":\"SearchAction\",\"target\":{\"@type\":\"EntryPoint\",\"urlTemplate\":\"https:\\\/\\\/akunq.net\\\/tr\\\/?s={search_term_string}\"},\"query-input\":{\"@type\":\"PropertyValueSpecification\",\"valueRequired\":true,\"valueName\":\"search_term_string\"}}],\"inLanguage\":\"en-US\"},{\"@type\":\"Person\",\"@id\":\"https:\\\/\\\/akunq.net\\\/tr\\\/#\\\/schema\\\/person\\\/096f1d38a12cce57fb855b485ed24c9e\",\"name\":\"admin\",\"url\":\"https:\\\/\\\/akunq.net\\\/tr\\\/?author=7\"}]}<\/script>\n<!-- \/ Yoast SEO plugin. -->","yoast_head_json":{"title":"AK Parti se\u00e7im \u00f6ncesi 'Alevi a\u00e7\u0131l\u0131m\u0131' m\u0131 planl\u0131yor? - Bati Ermenistan Ve Bati Ermenileri Sorunlari Ara\u015ftirmalar Merkezi","robots":{"index":"index","follow":"follow","max-snippet":"max-snippet:-1","max-image-preview":"max-image-preview:large","max-video-preview":"max-video-preview:-1"},"canonical":"https:\/\/akunq.net\/tr\/?p=65900","og_locale":"en_US","og_type":"article","og_title":"AK Parti se\u00e7im \u00f6ncesi 'Alevi a\u00e7\u0131l\u0131m\u0131' m\u0131 planl\u0131yor? - Bati Ermenistan Ve Bati Ermenileri Sorunlari Ara\u015ftirmalar Merkezi","og_description":"AK Parti, erken se\u00e7imin g\u00fcndeme geldi\u011fi bir s\u00fcre\u00e7te Alevilere y\u00f6nelik yeni bir a\u00e7\u0131l\u0131m\u0131 de\u011ferlendiriyor. Kamuoyu yoklamalar\u0131, 2002&#8217;de iktidara gelen AK Parti&#8217;ye y\u00f6nelik deste\u011fin azald\u0131\u011f\u0131n\u0131 ortaya koyarken, partinin genel ba\u015fkan\u0131 ve Cumhurba\u015fkan\u0131 Recep Tayyip Erdo\u011fan, k\u0131sa s\u00fcre \u00f6nce Alevi toplumunun sorunlar\u0131n\u0131 dinlemek \u00fczere \u00fclke genelinde bin 585 cemevine temsilciler g\u00f6ndermi\u015fti. Reuters, Alevilerle ilgili analizinde, &#8216;Erdo\u011fan&#8217;\u0131n, T\u00fcrkiye&#8217;nin [&hellip;]","og_url":"https:\/\/akunq.net\/tr\/?p=65900","og_site_name":"Bati Ermenistan Ve Bati Ermenileri Sorunlari Ara\u015ftirmalar Merkezi","article_published_time":"2021-11-26T07:38:15+00:00","og_image":[{"width":773,"height":435,"url":"https:\/\/akunq.net\/tr\/wp-content\/uploads\/sites\/6\/2021\/11\/AK-Parti-Grup-Ba\u015fkanvekili-B\u00fclent-Turan.jpg","type":"image\/jpeg"}],"author":"admin","twitter_card":"summary_large_image","twitter_misc":{"Written by":"admin","Est. reading time":"5 minutes"},"schema":{"@context":"https:\/\/schema.org","@graph":[{"@type":"Article","@id":"https:\/\/akunq.net\/tr\/?p=65900#article","isPartOf":{"@id":"https:\/\/akunq.net\/tr\/?p=65900"},"author":{"name":"admin","@id":"https:\/\/akunq.net\/tr\/#\/schema\/person\/096f1d38a12cce57fb855b485ed24c9e"},"headline":"AK Parti se\u00e7im \u00f6ncesi &#8216;Alevi a\u00e7\u0131l\u0131m\u0131&#8217; m\u0131 planl\u0131yor?","datePublished":"2021-11-26T07:38:15+00:00","mainEntityOfPage":{"@id":"https:\/\/akunq.net\/tr\/?p=65900"},"wordCount":1018,"commentCount":0,"image":{"@id":"https:\/\/akunq.net\/tr\/?p=65900#primaryimage"},"thumbnailUrl":"https:\/\/akunq.net\/tr\/wp-content\/uploads\/sites\/6\/2021\/11\/AK-Parti-Grup-Ba\u015fkanvekili-B\u00fclent-Turan.jpg","articleSection":["Haberler","T\u00fcrkiye\u2019de Az\u0131nl\u0131klar"],"inLanguage":"en-US","potentialAction":[{"@type":"CommentAction","name":"Comment","target":["https:\/\/akunq.net\/tr\/?p=65900#respond"]}]},{"@type":"WebPage","@id":"https:\/\/akunq.net\/tr\/?p=65900","url":"https:\/\/akunq.net\/tr\/?p=65900","name":"AK Parti se\u00e7im \u00f6ncesi 'Alevi a\u00e7\u0131l\u0131m\u0131' m\u0131 planl\u0131yor? - Bati Ermenistan Ve Bati Ermenileri Sorunlari Ara\u015ftirmalar Merkezi","isPartOf":{"@id":"https:\/\/akunq.net\/tr\/#website"},"primaryImageOfPage":{"@id":"https:\/\/akunq.net\/tr\/?p=65900#primaryimage"},"image":{"@id":"https:\/\/akunq.net\/tr\/?p=65900#primaryimage"},"thumbnailUrl":"https:\/\/akunq.net\/tr\/wp-content\/uploads\/sites\/6\/2021\/11\/AK-Parti-Grup-Ba\u015fkanvekili-B\u00fclent-Turan.jpg","datePublished":"2021-11-26T07:38:15+00:00","author":{"@id":"https:\/\/akunq.net\/tr\/#\/schema\/person\/096f1d38a12cce57fb855b485ed24c9e"},"breadcrumb":{"@id":"https:\/\/akunq.net\/tr\/?p=65900#breadcrumb"},"inLanguage":"en-US","potentialAction":[{"@type":"ReadAction","target":["https:\/\/akunq.net\/tr\/?p=65900"]}]},{"@type":"ImageObject","inLanguage":"en-US","@id":"https:\/\/akunq.net\/tr\/?p=65900#primaryimage","url":"https:\/\/akunq.net\/tr\/wp-content\/uploads\/sites\/6\/2021\/11\/AK-Parti-Grup-Ba\u015fkanvekili-B\u00fclent-Turan.jpg","contentUrl":"https:\/\/akunq.net\/tr\/wp-content\/uploads\/sites\/6\/2021\/11\/AK-Parti-Grup-Ba\u015fkanvekili-B\u00fclent-Turan.jpg","width":773,"height":435},{"@type":"BreadcrumbList","@id":"https:\/\/akunq.net\/tr\/?p=65900#breadcrumb","itemListElement":[{"@type":"ListItem","position":1,"name":"Home","item":"https:\/\/akunq.net\/tr"},{"@type":"ListItem","position":2,"name":"AK Parti se\u00e7im \u00f6ncesi &#8216;Alevi a\u00e7\u0131l\u0131m\u0131&#8217; m\u0131 planl\u0131yor?"}]},{"@type":"WebSite","@id":"https:\/\/akunq.net\/tr\/#website","url":"https:\/\/akunq.net\/tr\/","name":"Bati Ermenistan Ve Bati Ermenileri Sorunlari Ara\u015ftirmalar Merkezi","description":"","potentialAction":[{"@type":"SearchAction","target":{"@type":"EntryPoint","urlTemplate":"https:\/\/akunq.net\/tr\/?s={search_term_string}"},"query-input":{"@type":"PropertyValueSpecification","valueRequired":true,"valueName":"search_term_string"}}],"inLanguage":"en-US"},{"@type":"Person","@id":"https:\/\/akunq.net\/tr\/#\/schema\/person\/096f1d38a12cce57fb855b485ed24c9e","name":"admin","url":"https:\/\/akunq.net\/tr\/?author=7"}]}},"_links":{"self":[{"href":"https:\/\/akunq.net\/tr\/index.php?rest_route=\/wp\/v2\/posts\/65900","targetHints":{"allow":["GET"]}}],"collection":[{"href":"https:\/\/akunq.net\/tr\/index.php?rest_route=\/wp\/v2\/posts"}],"about":[{"href":"https:\/\/akunq.net\/tr\/index.php?rest_route=\/wp\/v2\/types\/post"}],"author":[{"embeddable":true,"href":"https:\/\/akunq.net\/tr\/index.php?rest_route=\/wp\/v2\/users\/7"}],"replies":[{"embeddable":true,"href":"https:\/\/akunq.net\/tr\/index.php?rest_route=%2Fwp%2Fv2%2Fcomments&post=65900"}],"version-history":[{"count":1,"href":"https:\/\/akunq.net\/tr\/index.php?rest_route=\/wp\/v2\/posts\/65900\/revisions"}],"predecessor-version":[{"id":65902,"href":"https:\/\/akunq.net\/tr\/index.php?rest_route=\/wp\/v2\/posts\/65900\/revisions\/65902"}],"wp:featuredmedia":[{"embeddable":true,"href":"https:\/\/akunq.net\/tr\/index.php?rest_route=\/wp\/v2\/media\/65901"}],"wp:attachment":[{"href":"https:\/\/akunq.net\/tr\/index.php?rest_route=%2Fwp%2Fv2%2Fmedia&parent=65900"}],"wp:term":[{"taxonomy":"category","embeddable":true,"href":"https:\/\/akunq.net\/tr\/index.php?rest_route=%2Fwp%2Fv2%2Fcategories&post=65900"},{"taxonomy":"post_tag","embeddable":true,"href":"https:\/\/akunq.net\/tr\/index.php?rest_route=%2Fwp%2Fv2%2Ftags&post=65900"}],"curies":[{"name":"wp","href":"https:\/\/api.w.org\/{rel}","templated":true}]}}