{"id":65894,"date":"2021-11-26T01:44:58","date_gmt":"2021-11-26T06:44:58","guid":{"rendered":"https:\/\/akunq.net\/tr\/?p=65894"},"modified":"2021-11-26T01:46:43","modified_gmt":"2021-11-26T06:46:43","slug":"nefret-ve-dezenformasyon-olmayan-bir-medya-icin","status":"publish","type":"post","link":"https:\/\/akunq.net\/tr\/?p=65894","title":{"rendered":"Nefret ve dezenformasyon olmayan bir medya i\u00e7in"},"content":{"rendered":"<p><img loading=\"lazy\" decoding=\"async\" class=\"aligncenter size-medium wp-image-65895\" src=\"https:\/\/akunq.net\/tr\/wp-content\/uploads\/2021\/11\/Nefret-ve-dezenformasyon-360x233.jpg\" alt=\"\" width=\"360\" height=\"233\" srcset=\"https:\/\/akunq.net\/tr\/wp-content\/uploads\/sites\/6\/2021\/11\/Nefret-ve-dezenformasyon-360x233.jpg 360w, https:\/\/akunq.net\/tr\/wp-content\/uploads\/sites\/6\/2021\/11\/Nefret-ve-dezenformasyon-768x497.jpg 768w, https:\/\/akunq.net\/tr\/wp-content\/uploads\/sites\/6\/2021\/11\/Nefret-ve-dezenformasyon-560x362.jpg 560w, https:\/\/akunq.net\/tr\/wp-content\/uploads\/sites\/6\/2021\/11\/Nefret-ve-dezenformasyon-260x168.jpg 260w, https:\/\/akunq.net\/tr\/wp-content\/uploads\/sites\/6\/2021\/11\/Nefret-ve-dezenformasyon-160x104.jpg 160w, https:\/\/akunq.net\/tr\/wp-content\/uploads\/sites\/6\/2021\/11\/Nefret-ve-dezenformasyon.jpg 1530w\" sizes=\"auto, (max-width: 360px) 100vw, 360px\" \/><\/p>\n<p><strong><em>\u0130leti\u015fim Vakf\u0131\u2019n\u0131n da partnerlerinden biri oldu\u011fu \u201cDiren\u00e7\/ Resilience\u201d projesi kapsam\u0131nda \u201cNefret S\u00f6ylemi ve Dezenformasyona Kar\u015f\u0131 Ulusal D\u00fczenleyici ve \u00d6z D\u00fczenleyici \u00c7er\u00e7eveye \u0130li\u015fkin Bilgi Notu \u2013 T\u00fcrkiye\u201d yay\u0131mland\u0131.<\/em><\/strong><\/p>\n<p><strong>Sinem Ayd\u0131nl\u0131<\/strong><\/p>\n<p>bianet\/IPS \u0130leti\u015fim Vakf\u0131\u2019n\u0131n da partnerlerinden biri oldu\u011fu \u201cDiren\u00e7\/ Resilience\u201d projesi kapsam\u0131nda \u201cNefret S\u00f6ylemi ve Dezenformasyona Kar\u015f\u0131 Ulusal D\u00fczenleyici ve \u00d6z D\u00fczenleyici \u00c7er\u00e7eveye \u0130li\u015fkin Bilgi Notu \u2013 T\u00fcrkiye\u201d yay\u0131mland\u0131. Rapor T\u00fcrkiye\u2019de nefret s\u00f6ylemi ve dezenformasyon konusunda yasal d\u00fczenlemelerin \u00e7er\u00e7evesini \u00f6zetlerken, T\u00fcrkiye \u0130nsan Haklar\u0131 ve E\u015fitlik Kurumu (T\u0130HEK) gibi \u201cE\u015fitlik\u201d kurumlar\u0131n\u0131n uygulamalar\u0131na dikkat \u00e7ekiyor ve yasal d\u00fczenlemelerin yeterlili\u011fine dair bir fikir veriyor. Rapor, d\u00fczenlemelere ili\u015fkin politika \u00f6nerileri de sunuyor.<\/p>\n<p><strong>Diren\u00e7 (Resilience) projesi<\/strong><br \/>\n\u201cD\u0130REN\u00c7: Bat\u0131 Balkanlar ve T\u00fcrkiye\u2019de nefret propagandas\u0131 ve bilgi kirlili\u011finin \u00f6nlenmesi, medya \u00f6zg\u00fcrl\u00fc\u011f\u00fcn\u00fcn yeniden tesisi i\u00e7in sivil toplum hareketi\u201d isimli \u00fc\u00e7 y\u0131ll\u0131k proje G\u00fcney Do\u011fu Avrupa Medyan\u0131n Profesyonelle\u015fmesi A\u011f\u0131 (SEENPM) ve Orta ve G\u00fcney Do\u011fu Avrupa\u2019daki medya geli\u015ftirme \u00f6rg\u00fctleri Arnavutluk Medya Enstit\u00fcs\u00fc (Tiran), Mediacentar Vakf\u0131 (Sarajevo), Kosovo 2.0 (Pri\u015ftine), Karada\u011f Medya Enstit\u00fcs\u00fc (Podgorica), Makedonya Medya Enstit\u00fcs\u00fc (\u00dcsk\u00fcp), Novi Sad Gazetecilik Okulu (Novi Sad), Bar\u0131\u015f Enstit\u00fcs\u00fc (Ljubljana) ve IPS \u0130leti\u015fim Vakf\u0131\/ bianet\u2019in (\u0130stanbul) ortakl\u0131\u011f\u0131nda uygulamaya konuluyor.<\/p>\n<p>Resilience projesi kapsam\u0131nda 2020\u2019de, nefret s\u00f6ylemini konu alan iki rapor yay\u0131nlad\u0131k. \u0130lk raporda \u201cT\u00fcrkiye\u2019de Nefret ve Propaganda Medyas\u0131: I\u0307lis\u0327kiler, Modeller ve Kal\u0131plar\u201d\u0131 \u00f6zetlerken, ikinci raporda \u201cT\u00fcrkiye\u2019de \u00c7evrimi\u00e7i Medya Ortam\u0131nda Nefret ve Dezenformasyon Anlat\u0131lar\u0131\u201dn\u0131 \u00f6rneklemi\u015f, T\u00fcrkiye\u2019de nefret s\u00f6ylemini medya a\u00e7\u0131s\u0131ndan de\u011ferlendirirken kimi politika \u00f6nerilerine dikkat \u00e7ekmi\u015ftik. \u201cNefret S\u00f6ylemi ve Dezenformasyona Kar\u015f\u0131 Ulusal D\u00fczenleyici ve \u00d6z D\u00fczenleyici \u00c7er\u00e7eveye \u0130li\u015fkin Bilgi Notu \u2013 T\u00fcrkiye\u201d ba\u015fl\u0131\u011f\u0131yla proje kapsam\u0131nda \u0130ngilizce yay\u0131mlanan son rapor ise T\u00fcrkiye\u2019de nefret su\u00e7u ya da nefret s\u00f6ylemine \u201cili\u015fkin\u201d kimi yasal d\u00fczenlemelere de\u011finirken (T\u00fcrk Ceza Kanunu\/TCK 122, TCK 125 ve TCK 216), kapsaml\u0131 yasal d\u00fczenleme olmad\u0131\u011f\u0131 i\u00e7in nefret s\u00f6yleminin ne kadar dar bi\u00e7imde tan\u0131mland\u0131\u011f\u0131na ve ortaya \u00e7\u0131kan yasal bo\u015fluklara da i\u015faret etmi\u015f oluyor.<\/p>\n<p>Raporda ayn\u0131 zamanda T\u0130HEK gibi kurumlar\u0131n uygulamalar\u0131n\u0131, nefret su\u00e7lar\u0131na ili\u015fkin kimi yasalar\u0131n (TCK 216 gibi) \u00f6zellikle hangi gruplara (gazeteciler, LGBT\u0130+lar gibi) kar\u015f\u0131 uyguland\u0131\u011f\u0131n\u0131 \u00f6rneklendiriyoruz.<\/p>\n<p><strong>Yasal d\u00fczenlemeler<\/strong><br \/>\n\u201cNefret S\u00f6ylemi ve Dezenformasyona Kar\u015f\u0131 Ulusal D\u00fczenleyici ve \u00d6z D\u00fczenleyici \u00c7er\u00e7eveye \u0130li\u015fkin Bilgi Notu \u2013 T\u00fcrkiye\u201d isimli raporda, \u0130nsan Haklar\u0131 Derne\u011fi\u2019nin (\u0130HD) Eyl\u00fcl 2020\u2019de yay\u0131mlan \u201cT\u00fcrkiye\u2019de Nefret Su\u00e7lar\u0131 ve Son D\u00f6nemde Ya\u015fanan Irk\u00e7\u0131 Sald\u0131r\u0131lar \u00d6zel Raporu\u201dnu, 6 Ekim 2020 tarihli AB Komisyonu raporunu ve Do\u00e7. Dr. Ula\u015f Karan taraf\u0131ndan yay\u0131ma haz\u0131rlanan ve Avrupa Komisyonu taraf\u0131ndan yay\u0131mlanan \u201cAyr\u0131mc\u0131l\u0131k Yasa\u011f\u0131 \u00dclke Raporu (T\u00fcrkiye-2020)\u201d gibi g\u00fcncel raporlar\u0131 temel ald\u0131k.<\/p>\n<p>Raporda, T\u00fcrkiye\u2019de nefret s\u00f6ylemiyle ili\u015fkilendirilen yasalara referanslar verirken, yasalar\u0131n nas\u0131l uyguland\u0131\u011f\u0131n\u0131 \u00e7e\u015fitli vakalarla (LGBT\u0130+lar, K\u00fcrtler, Aleviler) \u00f6rneklendirdik.<\/p>\n<p>Medya ve d\u00fczenleyici kurumlar ba\u015fl\u0131\u011f\u0131nda 6112 say\u0131l\u0131 Radyo ve Televizyon \u00dcst Kurulu (RT\u00dcK) yasas\u0131n\u0131n uygulama alanlar\u0131 da \u00f6rneklendirdik. 5651 say\u0131l\u0131 \u201c\u0130nternet Ortam\u0131nda Yap\u0131lan Yay\u0131nlar\u0131n D\u00fczenlenmesi ve Bu Yay\u0131nlar Yoluyla \u0130\u015flenen Su\u00e7larla M\u00fccadele Edilmesi Hakk\u0131nda Kanun\u201dda \u00e7evrimi\u00e7i medyada yay\u0131lan nefret s\u00f6ylemine dair bir d\u00fczenlemenin olmad\u0131\u011f\u0131n\u0131 da not d\u00fc\u015ft\u00fc\u011f\u00fcm\u00fcz raporda, nefret s\u00f6ylemi kapsam\u0131ndaki yapt\u0131r\u0131mlar\u0131n keyfi oldu\u011funu ve dezavantajl\u0131 gruplar\u0131n haklar\u0131 s\u00f6z konusu oldu\u011funda TCK 216 uyar\u0131nca su\u00e7un cezas\u0131z kald\u0131\u011f\u0131n\u0131 g\u00f6steren \u00f6rneklere de de\u011findik.<\/p>\n<p>RT\u00dcK\u2019\u00fcn anti demokratik uygulamalar\u0131n\u0131 ve ele\u015ftirel medyaya verdi\u011fi cezalar\u0131 \u00f6rneklendirirken, T\u0130HEK gibi kurumlar\u0131n\u0131 LGBT\u0130+lara kar\u015f\u0131 ayr\u0131mc\u0131 tutumlar\u0131n\u0131, Diril ailesi i\u00e7in yap\u0131lan ba\u015fvurunun kabul edilmemesini \u00f6rneklerle aktard\u0131k.<\/p>\n<p>Yarg\u0131 organlar\u0131n\u0131n nefret s\u00f6ylemi ve nefret su\u00e7una yakla\u015f\u0131m\u0131n\u0131n genellikle az\u0131nl\u0131k gruplar\u0131n\u0131n korunmas\u0131ndan yana olmad\u0131\u011f\u0131n\u0131, az\u0131nl\u0131k kimliklerinin korunmas\u0131ndan yana olan a\u00e7\u0131klamalar\u0131 s\u0131n\u0131rlayarak ifade \u00f6zg\u00fcrl\u00fc\u011f\u00fcn\u00fc k\u0131s\u0131tlad\u0131\u011f\u0131n\u0131 da not d\u00fc\u015ft\u00fck.<\/p>\n<p><strong>Dezenformasyon<\/strong><br \/>\nT\u00fcrkiye\u2019de dezenformasyona dair bir d\u00fczenleme olmamas\u0131ndan bahsedilirken Irk\u00e7\u0131l\u0131\u011fa ve Ho\u015fg\u00f6r\u00fcs\u00fczl\u00fc\u011fe Kar\u015f\u0131 Avrupa Komisyonu (ECRI) 2016 raporu gibi referanslar\u0131 da kulland\u0131k. Raporda ayr\u0131ca Sulh Ceza Hakimliklerinin 5651 Say\u0131l\u0131 \u0130nternet Ortam\u0131nda Yap\u0131lan Yay\u0131nlar\u0131n D\u00fczenlenmesi Ve Bu Yay\u0131nlar Yoluyla \u0130\u015flenen Su\u00e7larla M\u00fccadele Edilmesi Hakk\u0131nda Kanunda De\u011fi\u015fiklik Yap\u0131lmas\u0131na Dair Kanun\u2019un \u00f6zellikle 8. ve 9. maddelerini kullanarak i\u00e7erik kald\u0131r\u0131lmas\u0131 karar\u0131 verebildi\u011fine, ancak \u00e7evrimi\u00e7i medyada nefret s\u00f6ylemiyle m\u00fccadeleye dair tan\u0131mlaman\u0131n yap\u0131ld\u0131\u011f\u0131 bir d\u00fczenlemenin olmad\u0131\u011f\u0131na da de\u011finildi.<\/p>\n<p>Raporda, A\u011fustos 2021 itibariyle iktidar partisi Adalet ve Kalk\u0131nma Partisi\u2019nin (AKP) sosyal medyada \u201cyalan haberlerin\u201d yay\u0131lmas\u0131n\u0131 su\u00e7 sayan yeni bir yasa tasar\u0131s\u0131 ve yalan haber \u00fcreten ve yayanlar\u0131 denetleyecek bir mekanizman\u0131n kurulmas\u0131na dair \u00e7al\u0131\u015fmalar yapt\u0131\u011f\u0131, Mart 2021\u2019de Cumhurba\u015fkan\u0131 Erdo\u011fan\u2019\u0131n \u201c\u0130nsan Haklar\u0131 Eylem Plan\u0131\u201dn\u0131nda neefret s\u00f6ylemiyle m\u00fccadeleyi de kapsayan \u00e7al\u0131\u015fmalardan s\u00f6z etti\u011fi, ancak hen\u00fcz uygulamaya konulmad\u0131\u011f\u0131 ve \u015eubat 2021\u2019de yine h\u00fck\u00fcmetin haberlere y\u00f6nelik bir \u201cdo\u011frulama platformu\u201d kuraca\u011f\u0131 gibi \u201cgeli\u015fmeler\u201di de not d\u00fc\u015ft\u00fck. Bunlar\u0131n \u00e7evrimi\u00e7i \u00f6zg\u00fcr medyay\u0131 ve bilgiyi daha fazla kontrol etmek i\u00e7in tasarlanm\u0131\u015f hamleler olabilece\u011fi Uluslararas\u0131 Bas\u0131n Enstit\u00fcs\u00fc (IPI) referans\u0131yla raporumuza eklendi.<\/p>\n<p>Mevcut mevzuat\u0131n nefret s\u00f6yleminin tan\u0131m\u0131n\u0131 do\u011frudan i\u00e7ermesi gerekti\u011fi ve nefret s\u00f6yleminin kapsam\u0131n\u0131 m\u00fcmk\u00fcn oldu\u011funca ki\u015fi ve konu baz\u0131nda geni\u015fletmesi gibi politika \u00f6nerilerini bir kez daha yineledik ve ayr\u0131mc\u0131l\u0131k kar\u015f\u0131t\u0131 d\u00fczenlemelerin en dezavantajl\u0131 gruplar\u0131n haklar\u0131n\u0131 korumaya ve ayr\u0131mc\u0131l\u0131k konusundaki hiyerar\u015finin ortadan kald\u0131r\u0131lmas\u0131na odaklanmas\u0131 gerekti\u011fini vurgulad\u0131k.<\/p>\n<p><em>National Regulatory and Self-Regulatory Framework against Hate Speech and Disinformation Factsheet Turkey (October 2021) \/ Nefret S\u00f6ylemi ve Dezenformasyona Kar\u015f\u0131 Ulusal D\u00fczenleyici ve \u00d6z D\u00fczenleyici \u00c7er\u00e7eveye \u0130li\u015fkin Bilgi Notu \u2013 T\u00fcrkiye (Ekim 2021)<\/em><\/p>\n<p><em><strong>Yazar: Sinem Ayd\u0131nl\u0131<\/strong><\/em><\/p>\n<p><em><strong>Edit\u00f6r: Brankica Petkovi\u0107<\/strong><\/em><\/p>\n<p><em><strong>Yay\u0131nc\u0131: bianet, \u0130stanbul, SEENPM, Tiran ve Bar\u0131\u015f Enstit\u00fcs\u00fc, Ljubljana<\/strong><\/em><\/p>\n<p><em><strong>https:\/\/bianet.org\/bianet\/nefret-soylemi\/253907-nefret-ve-dezenformasyon-olmayan-bir-medya-icin?bia_source=rss\u00a0<\/strong><\/em><\/p>\n","protected":false},"excerpt":{"rendered":"<p>\u0130leti\u015fim Vakf\u0131\u2019n\u0131n da partnerlerinden biri oldu\u011fu \u201cDiren\u00e7\/ Resilience\u201d projesi kapsam\u0131nda \u201cNefret S\u00f6ylemi ve Dezenformasyona Kar\u015f\u0131 Ulusal D\u00fczenleyici ve \u00d6z D\u00fczenleyici \u00c7er\u00e7eveye \u0130li\u015fkin Bilgi Notu \u2013 T\u00fcrkiye\u201d yay\u0131mland\u0131. Sinem Ayd\u0131nl\u0131 bianet\/IPS \u0130leti\u015fim Vakf\u0131\u2019n\u0131n da partnerlerinden biri oldu\u011fu \u201cDiren\u00e7\/ Resilience\u201d projesi kapsam\u0131nda \u201cNefret S\u00f6ylemi ve Dezenformasyona Kar\u015f\u0131 Ulusal D\u00fczenleyici ve \u00d6z D\u00fczenleyici \u00c7er\u00e7eveye \u0130li\u015fkin Bilgi Notu \u2013 [&hellip;]<\/p>\n","protected":false},"author":7,"featured_media":65895,"comment_status":"open","ping_status":"open","sticky":false,"template":"","format":"standard","meta":{"footnotes":""},"categories":[1],"tags":[],"class_list":["post-65894","post","type-post","status-publish","format-standard","has-post-thumbnail","hentry","category-haberler"],"yoast_head":"<!-- This site is optimized with the Yoast SEO plugin v27.4 - https:\/\/yoast.com\/product\/yoast-seo-wordpress\/ -->\n<title>Nefret ve dezenformasyon olmayan bir medya i\u00e7in - Bati Ermenistan Ve Bati Ermenileri Sorunlari Ara\u015ftirmalar Merkezi<\/title>\n<meta name=\"robots\" content=\"index, follow, max-snippet:-1, max-image-preview:large, max-video-preview:-1\" \/>\n<link rel=\"canonical\" href=\"https:\/\/akunq.net\/tr\/?p=65894\" \/>\n<meta property=\"og:locale\" content=\"en_US\" \/>\n<meta property=\"og:type\" content=\"article\" \/>\n<meta property=\"og:title\" content=\"Nefret ve dezenformasyon olmayan bir medya i\u00e7in - Bati Ermenistan Ve Bati Ermenileri Sorunlari Ara\u015ftirmalar Merkezi\" \/>\n<meta property=\"og:description\" content=\"\u0130leti\u015fim Vakf\u0131\u2019n\u0131n da partnerlerinden biri oldu\u011fu \u201cDiren\u00e7\/ Resilience\u201d projesi kapsam\u0131nda \u201cNefret S\u00f6ylemi ve Dezenformasyona Kar\u015f\u0131 Ulusal D\u00fczenleyici ve \u00d6z D\u00fczenleyici \u00c7er\u00e7eveye \u0130li\u015fkin Bilgi Notu \u2013 T\u00fcrkiye\u201d yay\u0131mland\u0131. Sinem Ayd\u0131nl\u0131 bianet\/IPS \u0130leti\u015fim Vakf\u0131\u2019n\u0131n da partnerlerinden biri oldu\u011fu \u201cDiren\u00e7\/ Resilience\u201d projesi kapsam\u0131nda \u201cNefret S\u00f6ylemi ve Dezenformasyona Kar\u015f\u0131 Ulusal D\u00fczenleyici ve \u00d6z D\u00fczenleyici \u00c7er\u00e7eveye \u0130li\u015fkin Bilgi Notu \u2013 [&hellip;]\" \/>\n<meta property=\"og:url\" content=\"https:\/\/akunq.net\/tr\/?p=65894\" \/>\n<meta property=\"og:site_name\" content=\"Bati Ermenistan Ve Bati Ermenileri Sorunlari Ara\u015ftirmalar Merkezi\" \/>\n<meta property=\"article:published_time\" content=\"2021-11-26T06:44:58+00:00\" \/>\n<meta property=\"article:modified_time\" content=\"2021-11-26T06:46:43+00:00\" \/>\n<meta property=\"og:image\" content=\"https:\/\/akunq.net\/tr\/wp-content\/uploads\/sites\/6\/2021\/11\/Nefret-ve-dezenformasyon.jpg\" \/>\n\t<meta property=\"og:image:width\" content=\"1530\" \/>\n\t<meta property=\"og:image:height\" content=\"990\" \/>\n\t<meta property=\"og:image:type\" content=\"image\/jpeg\" \/>\n<meta name=\"author\" content=\"admin\" \/>\n<meta name=\"twitter:card\" content=\"summary_large_image\" \/>\n<meta name=\"twitter:label1\" content=\"Written by\" \/>\n\t<meta name=\"twitter:data1\" content=\"admin\" \/>\n\t<meta name=\"twitter:label2\" content=\"Est. reading time\" \/>\n\t<meta name=\"twitter:data2\" content=\"6 minutes\" \/>\n<script type=\"application\/ld+json\" class=\"yoast-schema-graph\">{\"@context\":\"https:\\\/\\\/schema.org\",\"@graph\":[{\"@type\":\"Article\",\"@id\":\"https:\\\/\\\/akunq.net\\\/tr\\\/?p=65894#article\",\"isPartOf\":{\"@id\":\"https:\\\/\\\/akunq.net\\\/tr\\\/?p=65894\"},\"author\":{\"name\":\"admin\",\"@id\":\"https:\\\/\\\/akunq.net\\\/tr\\\/#\\\/schema\\\/person\\\/096f1d38a12cce57fb855b485ed24c9e\"},\"headline\":\"Nefret ve dezenformasyon olmayan bir medya i\u00e7in\",\"datePublished\":\"2021-11-26T06:44:58+00:00\",\"dateModified\":\"2021-11-26T06:46:43+00:00\",\"mainEntityOfPage\":{\"@id\":\"https:\\\/\\\/akunq.net\\\/tr\\\/?p=65894\"},\"wordCount\":1133,\"commentCount\":0,\"image\":{\"@id\":\"https:\\\/\\\/akunq.net\\\/tr\\\/?p=65894#primaryimage\"},\"thumbnailUrl\":\"https:\\\/\\\/akunq.net\\\/tr\\\/wp-content\\\/uploads\\\/sites\\\/6\\\/2021\\\/11\\\/Nefret-ve-dezenformasyon.jpg\",\"articleSection\":[\"Haberler\"],\"inLanguage\":\"en-US\",\"potentialAction\":[{\"@type\":\"CommentAction\",\"name\":\"Comment\",\"target\":[\"https:\\\/\\\/akunq.net\\\/tr\\\/?p=65894#respond\"]}]},{\"@type\":\"WebPage\",\"@id\":\"https:\\\/\\\/akunq.net\\\/tr\\\/?p=65894\",\"url\":\"https:\\\/\\\/akunq.net\\\/tr\\\/?p=65894\",\"name\":\"Nefret ve dezenformasyon olmayan bir medya i\u00e7in - Bati Ermenistan Ve Bati Ermenileri Sorunlari Ara\u015ftirmalar Merkezi\",\"isPartOf\":{\"@id\":\"https:\\\/\\\/akunq.net\\\/tr\\\/#website\"},\"primaryImageOfPage\":{\"@id\":\"https:\\\/\\\/akunq.net\\\/tr\\\/?p=65894#primaryimage\"},\"image\":{\"@id\":\"https:\\\/\\\/akunq.net\\\/tr\\\/?p=65894#primaryimage\"},\"thumbnailUrl\":\"https:\\\/\\\/akunq.net\\\/tr\\\/wp-content\\\/uploads\\\/sites\\\/6\\\/2021\\\/11\\\/Nefret-ve-dezenformasyon.jpg\",\"datePublished\":\"2021-11-26T06:44:58+00:00\",\"dateModified\":\"2021-11-26T06:46:43+00:00\",\"author\":{\"@id\":\"https:\\\/\\\/akunq.net\\\/tr\\\/#\\\/schema\\\/person\\\/096f1d38a12cce57fb855b485ed24c9e\"},\"breadcrumb\":{\"@id\":\"https:\\\/\\\/akunq.net\\\/tr\\\/?p=65894#breadcrumb\"},\"inLanguage\":\"en-US\",\"potentialAction\":[{\"@type\":\"ReadAction\",\"target\":[\"https:\\\/\\\/akunq.net\\\/tr\\\/?p=65894\"]}]},{\"@type\":\"ImageObject\",\"inLanguage\":\"en-US\",\"@id\":\"https:\\\/\\\/akunq.net\\\/tr\\\/?p=65894#primaryimage\",\"url\":\"https:\\\/\\\/akunq.net\\\/tr\\\/wp-content\\\/uploads\\\/sites\\\/6\\\/2021\\\/11\\\/Nefret-ve-dezenformasyon.jpg\",\"contentUrl\":\"https:\\\/\\\/akunq.net\\\/tr\\\/wp-content\\\/uploads\\\/sites\\\/6\\\/2021\\\/11\\\/Nefret-ve-dezenformasyon.jpg\",\"width\":1530,\"height\":990},{\"@type\":\"BreadcrumbList\",\"@id\":\"https:\\\/\\\/akunq.net\\\/tr\\\/?p=65894#breadcrumb\",\"itemListElement\":[{\"@type\":\"ListItem\",\"position\":1,\"name\":\"Home\",\"item\":\"https:\\\/\\\/akunq.net\\\/tr\"},{\"@type\":\"ListItem\",\"position\":2,\"name\":\"Nefret ve dezenformasyon olmayan bir medya i\u00e7in\"}]},{\"@type\":\"WebSite\",\"@id\":\"https:\\\/\\\/akunq.net\\\/tr\\\/#website\",\"url\":\"https:\\\/\\\/akunq.net\\\/tr\\\/\",\"name\":\"Bati Ermenistan Ve Bati Ermenileri Sorunlari Ara\u015ftirmalar Merkezi\",\"description\":\"\",\"potentialAction\":[{\"@type\":\"SearchAction\",\"target\":{\"@type\":\"EntryPoint\",\"urlTemplate\":\"https:\\\/\\\/akunq.net\\\/tr\\\/?s={search_term_string}\"},\"query-input\":{\"@type\":\"PropertyValueSpecification\",\"valueRequired\":true,\"valueName\":\"search_term_string\"}}],\"inLanguage\":\"en-US\"},{\"@type\":\"Person\",\"@id\":\"https:\\\/\\\/akunq.net\\\/tr\\\/#\\\/schema\\\/person\\\/096f1d38a12cce57fb855b485ed24c9e\",\"name\":\"admin\",\"url\":\"https:\\\/\\\/akunq.net\\\/tr\\\/?author=7\"}]}<\/script>\n<!-- \/ Yoast SEO plugin. -->","yoast_head_json":{"title":"Nefret ve dezenformasyon olmayan bir medya i\u00e7in - Bati Ermenistan Ve Bati Ermenileri Sorunlari Ara\u015ftirmalar Merkezi","robots":{"index":"index","follow":"follow","max-snippet":"max-snippet:-1","max-image-preview":"max-image-preview:large","max-video-preview":"max-video-preview:-1"},"canonical":"https:\/\/akunq.net\/tr\/?p=65894","og_locale":"en_US","og_type":"article","og_title":"Nefret ve dezenformasyon olmayan bir medya i\u00e7in - Bati Ermenistan Ve Bati Ermenileri Sorunlari Ara\u015ftirmalar Merkezi","og_description":"\u0130leti\u015fim Vakf\u0131\u2019n\u0131n da partnerlerinden biri oldu\u011fu \u201cDiren\u00e7\/ Resilience\u201d projesi kapsam\u0131nda \u201cNefret S\u00f6ylemi ve Dezenformasyona Kar\u015f\u0131 Ulusal D\u00fczenleyici ve \u00d6z D\u00fczenleyici \u00c7er\u00e7eveye \u0130li\u015fkin Bilgi Notu \u2013 T\u00fcrkiye\u201d yay\u0131mland\u0131. Sinem Ayd\u0131nl\u0131 bianet\/IPS \u0130leti\u015fim Vakf\u0131\u2019n\u0131n da partnerlerinden biri oldu\u011fu \u201cDiren\u00e7\/ Resilience\u201d projesi kapsam\u0131nda \u201cNefret S\u00f6ylemi ve Dezenformasyona Kar\u015f\u0131 Ulusal D\u00fczenleyici ve \u00d6z D\u00fczenleyici \u00c7er\u00e7eveye \u0130li\u015fkin Bilgi Notu \u2013 [&hellip;]","og_url":"https:\/\/akunq.net\/tr\/?p=65894","og_site_name":"Bati Ermenistan Ve Bati Ermenileri Sorunlari Ara\u015ftirmalar Merkezi","article_published_time":"2021-11-26T06:44:58+00:00","article_modified_time":"2021-11-26T06:46:43+00:00","og_image":[{"width":1530,"height":990,"url":"https:\/\/akunq.net\/tr\/wp-content\/uploads\/sites\/6\/2021\/11\/Nefret-ve-dezenformasyon.jpg","type":"image\/jpeg"}],"author":"admin","twitter_card":"summary_large_image","twitter_misc":{"Written by":"admin","Est. reading time":"6 minutes"},"schema":{"@context":"https:\/\/schema.org","@graph":[{"@type":"Article","@id":"https:\/\/akunq.net\/tr\/?p=65894#article","isPartOf":{"@id":"https:\/\/akunq.net\/tr\/?p=65894"},"author":{"name":"admin","@id":"https:\/\/akunq.net\/tr\/#\/schema\/person\/096f1d38a12cce57fb855b485ed24c9e"},"headline":"Nefret ve dezenformasyon olmayan bir medya i\u00e7in","datePublished":"2021-11-26T06:44:58+00:00","dateModified":"2021-11-26T06:46:43+00:00","mainEntityOfPage":{"@id":"https:\/\/akunq.net\/tr\/?p=65894"},"wordCount":1133,"commentCount":0,"image":{"@id":"https:\/\/akunq.net\/tr\/?p=65894#primaryimage"},"thumbnailUrl":"https:\/\/akunq.net\/tr\/wp-content\/uploads\/sites\/6\/2021\/11\/Nefret-ve-dezenformasyon.jpg","articleSection":["Haberler"],"inLanguage":"en-US","potentialAction":[{"@type":"CommentAction","name":"Comment","target":["https:\/\/akunq.net\/tr\/?p=65894#respond"]}]},{"@type":"WebPage","@id":"https:\/\/akunq.net\/tr\/?p=65894","url":"https:\/\/akunq.net\/tr\/?p=65894","name":"Nefret ve dezenformasyon olmayan bir medya i\u00e7in - Bati Ermenistan Ve Bati Ermenileri Sorunlari Ara\u015ftirmalar Merkezi","isPartOf":{"@id":"https:\/\/akunq.net\/tr\/#website"},"primaryImageOfPage":{"@id":"https:\/\/akunq.net\/tr\/?p=65894#primaryimage"},"image":{"@id":"https:\/\/akunq.net\/tr\/?p=65894#primaryimage"},"thumbnailUrl":"https:\/\/akunq.net\/tr\/wp-content\/uploads\/sites\/6\/2021\/11\/Nefret-ve-dezenformasyon.jpg","datePublished":"2021-11-26T06:44:58+00:00","dateModified":"2021-11-26T06:46:43+00:00","author":{"@id":"https:\/\/akunq.net\/tr\/#\/schema\/person\/096f1d38a12cce57fb855b485ed24c9e"},"breadcrumb":{"@id":"https:\/\/akunq.net\/tr\/?p=65894#breadcrumb"},"inLanguage":"en-US","potentialAction":[{"@type":"ReadAction","target":["https:\/\/akunq.net\/tr\/?p=65894"]}]},{"@type":"ImageObject","inLanguage":"en-US","@id":"https:\/\/akunq.net\/tr\/?p=65894#primaryimage","url":"https:\/\/akunq.net\/tr\/wp-content\/uploads\/sites\/6\/2021\/11\/Nefret-ve-dezenformasyon.jpg","contentUrl":"https:\/\/akunq.net\/tr\/wp-content\/uploads\/sites\/6\/2021\/11\/Nefret-ve-dezenformasyon.jpg","width":1530,"height":990},{"@type":"BreadcrumbList","@id":"https:\/\/akunq.net\/tr\/?p=65894#breadcrumb","itemListElement":[{"@type":"ListItem","position":1,"name":"Home","item":"https:\/\/akunq.net\/tr"},{"@type":"ListItem","position":2,"name":"Nefret ve dezenformasyon olmayan bir medya i\u00e7in"}]},{"@type":"WebSite","@id":"https:\/\/akunq.net\/tr\/#website","url":"https:\/\/akunq.net\/tr\/","name":"Bati Ermenistan Ve Bati Ermenileri Sorunlari Ara\u015ftirmalar Merkezi","description":"","potentialAction":[{"@type":"SearchAction","target":{"@type":"EntryPoint","urlTemplate":"https:\/\/akunq.net\/tr\/?s={search_term_string}"},"query-input":{"@type":"PropertyValueSpecification","valueRequired":true,"valueName":"search_term_string"}}],"inLanguage":"en-US"},{"@type":"Person","@id":"https:\/\/akunq.net\/tr\/#\/schema\/person\/096f1d38a12cce57fb855b485ed24c9e","name":"admin","url":"https:\/\/akunq.net\/tr\/?author=7"}]}},"_links":{"self":[{"href":"https:\/\/akunq.net\/tr\/index.php?rest_route=\/wp\/v2\/posts\/65894","targetHints":{"allow":["GET"]}}],"collection":[{"href":"https:\/\/akunq.net\/tr\/index.php?rest_route=\/wp\/v2\/posts"}],"about":[{"href":"https:\/\/akunq.net\/tr\/index.php?rest_route=\/wp\/v2\/types\/post"}],"author":[{"embeddable":true,"href":"https:\/\/akunq.net\/tr\/index.php?rest_route=\/wp\/v2\/users\/7"}],"replies":[{"embeddable":true,"href":"https:\/\/akunq.net\/tr\/index.php?rest_route=%2Fwp%2Fv2%2Fcomments&post=65894"}],"version-history":[{"count":3,"href":"https:\/\/akunq.net\/tr\/index.php?rest_route=\/wp\/v2\/posts\/65894\/revisions"}],"predecessor-version":[{"id":65898,"href":"https:\/\/akunq.net\/tr\/index.php?rest_route=\/wp\/v2\/posts\/65894\/revisions\/65898"}],"wp:featuredmedia":[{"embeddable":true,"href":"https:\/\/akunq.net\/tr\/index.php?rest_route=\/wp\/v2\/media\/65895"}],"wp:attachment":[{"href":"https:\/\/akunq.net\/tr\/index.php?rest_route=%2Fwp%2Fv2%2Fmedia&parent=65894"}],"wp:term":[{"taxonomy":"category","embeddable":true,"href":"https:\/\/akunq.net\/tr\/index.php?rest_route=%2Fwp%2Fv2%2Fcategories&post=65894"},{"taxonomy":"post_tag","embeddable":true,"href":"https:\/\/akunq.net\/tr\/index.php?rest_route=%2Fwp%2Fv2%2Ftags&post=65894"}],"curies":[{"name":"wp","href":"https:\/\/api.w.org\/{rel}","templated":true}]}}