{"id":65871,"date":"2021-11-25T02:35:26","date_gmt":"2021-11-25T07:35:26","guid":{"rendered":"https:\/\/akunq.net\/tr\/?p=65871"},"modified":"2021-11-25T02:35:26","modified_gmt":"2021-11-25T07:35:26","slug":"chp-yonetimi-iktidari-erken-secime-zorlamak-icin-hangi-adimlari-atacak","status":"publish","type":"post","link":"https:\/\/akunq.net\/tr\/?p=65871","title":{"rendered":"CHP y\u00f6netimi &#8216;iktidar\u0131 erken se\u00e7ime zorlamak&#8217; i\u00e7in hangi ad\u0131mlar\u0131 atacak?"},"content":{"rendered":"<div class=\"bbc-19j92fr e57qer20\" dir=\"ltr\">\n<p dir=\"ltr\"><img loading=\"lazy\" decoding=\"async\" class=\"aligncenter size-medium wp-image-65872\" src=\"https:\/\/akunq.net\/tr\/wp-content\/uploads\/2021\/11\/\u0554\u0565\u0574\u0561\u056c-\u0554\u0568\u056c\u0568\u0579\u0564\u0561\u0580\u0585\u0572\u056c\u0578\u0582-360x210.jpeg\" alt=\"\" width=\"360\" height=\"210\" srcset=\"https:\/\/akunq.net\/tr\/wp-content\/uploads\/sites\/6\/2021\/11\/\u0554\u0565\u0574\u0561\u056c-\u0554\u0568\u056c\u0568\u0579\u0564\u0561\u0580\u0585\u0572\u056c\u0578\u0582-360x210.jpeg 360w, https:\/\/akunq.net\/tr\/wp-content\/uploads\/sites\/6\/2021\/11\/\u0554\u0565\u0574\u0561\u056c-\u0554\u0568\u056c\u0568\u0579\u0564\u0561\u0580\u0585\u0572\u056c\u0578\u0582-768x447.jpeg 768w, https:\/\/akunq.net\/tr\/wp-content\/uploads\/sites\/6\/2021\/11\/\u0554\u0565\u0574\u0561\u056c-\u0554\u0568\u056c\u0568\u0579\u0564\u0561\u0580\u0585\u0572\u056c\u0578\u0582-560x326.jpeg 560w, https:\/\/akunq.net\/tr\/wp-content\/uploads\/sites\/6\/2021\/11\/\u0554\u0565\u0574\u0561\u056c-\u0554\u0568\u056c\u0568\u0579\u0564\u0561\u0580\u0585\u0572\u056c\u0578\u0582-260x151.jpeg 260w, https:\/\/akunq.net\/tr\/wp-content\/uploads\/sites\/6\/2021\/11\/\u0554\u0565\u0574\u0561\u056c-\u0554\u0568\u056c\u0568\u0579\u0564\u0561\u0580\u0585\u0572\u056c\u0578\u0582-160x93.jpeg 160w, https:\/\/akunq.net\/tr\/wp-content\/uploads\/sites\/6\/2021\/11\/\u0554\u0565\u0574\u0561\u056c-\u0554\u0568\u056c\u0568\u0579\u0564\u0561\u0580\u0585\u0572\u056c\u0578\u0582.jpeg 1000w\" sizes=\"auto, (max-width: 360px) 100vw, 360px\" \/><\/p>\n<p class=\"bbc-bm53ic e1cc2ql70\" dir=\"ltr\"><em><b>Cumhurba\u015fkan\u0131 Recep Tayyip Erdo\u011fan&#8217;\u0131n ekonominin yeni rotas\u0131na ili\u015fkin yapt\u0131\u011f\u0131 a\u00e7\u0131klamalar sonras\u0131, T\u00fcrk liras\u0131n\u0131n dolar kar\u015f\u0131s\u0131nda rekor d\u00fc\u015f\u00fc\u015f ya\u015fad\u0131\u011f\u0131 Sal\u0131 g\u00fcnk\u00fc kur krizinin ard\u0131ndan muhalefet partileri, iktidara y\u00f6nelik &#8220;erken se\u00e7im bask\u0131s\u0131n\u0131&#8221; art\u0131rmaya haz\u0131rlan\u0131yor.<\/b><\/em><\/p>\n<\/div>\n<div class=\"bbc-19j92fr e57qer20\" dir=\"ltr\">\n<p class=\"bbc-bm53ic e1cc2ql70\" dir=\"ltr\">Bu konuda ilk somut ad\u0131m, CHP Lideri Kemal K\u0131l\u0131\u00e7daro\u011flu&#8217;ndan geldi. Partisinin Merkez Y\u00f6netim Kurulu&#8217;nu (MYK) ola\u011fan\u00fcst\u00fc toplayan K\u0131l\u0131\u00e7daro\u011flu, &#8220;ekonomik krize kar\u015f\u0131 muhalefetin \u00f6nerilerinin iktidarda kar\u015f\u0131l\u0131k bulmamas\u0131, ekonomik krizin daha da derinle\u015fece\u011fi&#8221; gerek\u00e7esiyle, &#8220;se\u00e7ime \u00e7a\u011fr\u0131&#8221; mitingleri ile 4 Aral\u0131k&#8217;ta Mersin&#8217;de sahaya inme karar\u0131 ald\u0131.<\/p>\n<\/div>\n<div class=\"bbc-19j92fr e57qer20\" dir=\"ltr\">\n<p class=\"bbc-bm53ic e1cc2ql70\" dir=\"ltr\">&#8220;\u0130ktidar\u0131n se\u00e7ime zorlanmas\u0131 i\u00e7in&#8221; b\u00fct\u00fcn olanaklar\u0131 kullanma karar\u0131 alan CHP y\u00f6netiminin miting karar\u0131nda, kontrolden \u00e7\u0131kma olas\u0131l\u0131\u011f\u0131 y\u00fcksek g\u00f6r\u00fclen sokak eylemleri yerine yurtta\u015flara seslerini duyurabilecekleri bir alan a\u00e7\u0131lmas\u0131 yakla\u015f\u0131m\u0131 etkili oldu.<\/p>\n<\/div>\n<div class=\"bbc-19j92fr e57qer20\" dir=\"ltr\">\n<h2 id=\"\u0130ktidar\u0131n-ekonomi-modelini-deneyen-\u00fclke-yok\" class=\"bbc-l3e97o e14hemmw0\" tabindex=\"-1\">&#8216;\u0130ktidar\u0131n ekonomi modelini deneyen \u00fclke yok&#8217;<\/h2>\n<\/div>\n<div class=\"bbc-19j92fr e57qer20\" dir=\"ltr\">\n<p class=\"bbc-bm53ic e1cc2ql70\" dir=\"ltr\">Edinilen bilgiye g\u00f6re toplant\u0131da iktidar\u0131n yeni ekonomi politikas\u0131n\u0131n olas\u0131 siyasi sonu\u00e7lar\u0131 ele al\u0131nd\u0131. CHP&#8217;nin ekonomi kurmaylar\u0131, iktidar\u0131n, &#8220;y\u00fcksek dolar kuru, ucuz i\u015fg\u00fcc\u00fc, rekor ihracat&#8221; anlay\u0131\u015f\u0131yla hareket etti\u011fini, b\u00f6ylece cari a\u00e7\u0131\u011f\u0131 kapat\u0131p enflasyonu ve faizi d\u00fc\u015f\u00fcrme hesab\u0131 yapt\u0131\u011f\u0131n\u0131 ifade etti. Toplant\u0131da, ticareti as\u0131l canland\u0131ran\u0131n i\u00e7 talep oldu\u011fu, ancak eme\u011fin a\u015f\u0131r\u0131 ucuzlat\u0131lmas\u0131 halinde i\u00e7 talebin de d\u00fc\u015fece\u011fi ve fakirle\u015fmenin artaca\u011f\u0131 tespiti yap\u0131larak, &#8220;B\u00f6yle bir yolu izleyip ba\u015far\u0131l\u0131 olan hi\u00e7bir \u00fclke yok, hatta bu karar\u0131 deneyen \u00fclke de olmad\u0131&#8221; de\u011ferlendirmesi yap\u0131ld\u0131.<\/p>\n<\/div>\n<div class=\"bbc-19j92fr e57qer20\" dir=\"ltr\">\n<h2 id=\"A\u011f\u0131r-ekonomik-buhran-gerek\u00e7esiyle-OHAL-kayg\u0131s\u0131\" class=\"bbc-l3e97o e14hemmw0\" tabindex=\"-1\">&#8216;A\u011f\u0131r ekonomik buhran&#8217; gerek\u00e7esiyle OHAL kayg\u0131s\u0131<\/h2>\n<\/div>\n<div class=\"bbc-19j92fr e57qer20\" dir=\"ltr\">\n<p class=\"bbc-bm53ic e1cc2ql70\" dir=\"ltr\">Toplant\u0131da, ekonomik krizin siyasi krize d\u00f6n\u00fc\u015ft\u00fc\u011f\u00fc ve \u00e7\u0131k\u0131\u015f yolunun da &#8220;sand\u0131k oldu\u011fu&#8221; ifade edildi. Baz\u0131 MYK \u00fcyelerinin ise iktidar\u0131n CHP&#8217;nin ve ekonomi \u00e7evrelerinin uyar\u0131lar\u0131na kar\u015f\u0131n, yanl\u0131\u015f politikalar\u0131n\u0131 &#8220;bilerek ve isteyerek&#8221; inatla s\u00fcrd\u00fcrd\u00fc\u011f\u00fcn\u00fc savunarak, iktidar\u0131n Anayasa&#8217;n\u0131n 119. Maddesine g\u00f6re &#8220;A\u011f\u0131r ekonomik buhran&#8221; gerek\u00e7esiyle OHAL ilan etme yoluna gidebilece\u011fi g\u00f6r\u00fc\u015f\u00fcn\u00fc dile getirdi\u011fi \u00f6\u011frenildi.<\/p>\n<\/div>\n<div class=\"bbc-19j92fr e57qer20\" dir=\"ltr\">\n<p class=\"bbc-bm53ic e1cc2ql70\" dir=\"ltr\">&#8220;Se\u00e7im d\u0131\u015f\u0131nda \u00e7\u00f6z\u00fcm yolu yok&#8221; g\u00f6r\u00fc\u015f\u00fc payla\u015f\u0131ld\u0131 ve iktidar\u0131 erken se\u00e7ime zorlamak i\u00e7in a\u015famal\u0131 olarak ad\u0131m at\u0131lmas\u0131 kararla\u015ft\u0131r\u0131ld\u0131.<\/p>\n<\/div>\n<div class=\"bbc-19j92fr e57qer20\" dir=\"ltr\">\n<p class=\"bbc-bm53ic e1cc2ql70\" dir=\"ltr\">Bu \u00e7er\u00e7evede ilk ad\u0131m olarak da K\u0131l\u0131\u00e7daro\u011flu&#8217;nun meydanlara inerek &#8220;erken se\u00e7ime \u00e7a\u011fr\u0131&#8221; mitingleri ba\u015flatmas\u0131 karar\u0131n\u0131n al\u0131nd\u0131\u011f\u0131 MYK&#8217;da, ilk olarak 4 Aral\u0131k&#8217;ta \u0130stanbul&#8217;dan mitinglerin ba\u015flat\u0131lmas\u0131 d\u00fc\u015f\u00fcn\u00fcld\u00fc. Ancak hava ko\u015fullar\u0131 nedeniyle daha sonra ilk miting yeri olarak Mersin kararla\u015ft\u0131r\u0131ld\u0131.<\/p>\n<\/div>\n<div class=\"bbc-19j92fr e57qer20\" dir=\"ltr\">\n<h2 id=\"Sokak-eylemleri-kontrolden-\u00e7\u0131kar-kayg\u0131s\u0131\" class=\"bbc-l3e97o e14hemmw0\" tabindex=\"-1\">&#8216;Sokak eylemleri kontrolden \u00e7\u0131kar&#8217; kayg\u0131s\u0131<\/h2>\n<\/div>\n<div class=\"bbc-19j92fr e57qer20\" dir=\"ltr\">\n<p class=\"bbc-bm53ic e1cc2ql70\" dir=\"ltr\">Edinilen bilgiye g\u00f6re CHP&#8217;nin &#8220;erken se\u00e7ime \u00e7a\u011fr\u0131&#8221; mitingi karar\u0131 al\u0131nmas\u0131nda bir ba\u015fka \u00f6nemli etken ise Sal\u0131 g\u00fcnk\u00fc d\u00f6viz krizinin ard\u0131ndan Ankara ve \u0130stanbul&#8217;da baz\u0131 gruplar\u0131n yapt\u0131\u011f\u0131 sokak eylemlerinin olas\u0131 sonu\u00e7lar\u0131ndan duyulan kayg\u0131lar oldu.<\/p>\n<\/div>\n<div class=\"bbc-19j92fr e57qer20\" dir=\"ltr\">\n<p class=\"bbc-bm53ic e1cc2ql70\" dir=\"ltr\">Kriz derinle\u015ftik\u00e7e bu eylemlerin artabilece\u011fi ve kontrolden \u00e7\u0131kabilece\u011fi gibi, provokasyonlara a\u00e7\u0131k bir ortama da d\u00f6n\u00fc\u015febilece\u011fi, ya\u015fanacak bir kaos ortam\u0131n\u0131 iktidar\u0131n kendi lehine kullanmaya \u00e7al\u0131\u015faca\u011f\u0131 g\u00f6r\u00fc\u015f\u00fc dile getirildi. Bu \u00e7er\u00e7evede yurtta\u015flara seslerini duyurmak i\u00e7in siyasi partiler taraf\u0131ndan bir kanal a\u00e7\u0131lmas\u0131 gerekti\u011fi belirtilerek, &#8220;Bunun anayasal \u00e7er\u00e7evesi de siyasi partilerin miting yapmas\u0131d\u0131r&#8221; g\u00f6r\u00fc\u015f\u00fc benimsendi.<\/p>\n<\/div>\n<div class=\"bbc-19j92fr e57qer20\" dir=\"ltr\">\n<p class=\"bbc-bm53ic e1cc2ql70\" dir=\"ltr\">\u0130lk mitingi Mersin&#8217;de yapaca\u011f\u0131n\u0131 sosyal medya hesab\u0131ndan da duyuran CHP lideri, &#8220;Anayasam\u0131z\u0131n bize tan\u0131d\u0131\u011f\u0131 haklar\u0131 kullanarak, milletimizin sesini dinlemek \u00fczere, &#8216;Haydi Meydana&#8217; diyorum. \u0130lk mitingimiz Mersin&#8217;de&#8221; dedi.<\/p>\n<\/div>\n<div class=\"bbc-19j92fr e57qer20\" dir=\"ltr\">\n<h2 id=\"Muhalefet-ortak-eylem-ve-\u00e7a\u011fr\u0131-yapabilir-mi\" class=\"bbc-l3e97o e14hemmw0\" tabindex=\"-1\">Muhalefet ortak eylem ve \u00e7a\u011fr\u0131 yapabilir mi?<\/h2>\n<\/div>\n<div class=\"bbc-19j92fr e57qer20\" dir=\"ltr\">\n<p class=\"bbc-bm53ic e1cc2ql70\" dir=\"ltr\">Muhalefet partilerinin iktidar\u0131 se\u00e7ime zorlamak i\u00e7in tart\u0131\u015ft\u0131\u011f\u0131 bir ba\u015fka konu ise muhalefet partisi liderlerinin bir araya gelerek &#8220;ortak se\u00e7im \u00e7a\u011fr\u0131s\u0131&#8221; ve ilerleyen a\u015famada da ortak miting yapmas\u0131. Edirne cezaevinde tutuklu bulunan eski HDP E\u015fba\u015fkan\u0131 Selahattin Demirta\u015f da bu tart\u0131\u015fmaya sosyal medya hesab\u0131ndan, muhalefet partilerine yapt\u0131\u011f\u0131 &#8220;yedi b\u00f6lgede yedi ortak miting&#8221; \u00e7a\u011fr\u0131s\u0131yla kat\u0131ld\u0131.<\/p>\n<\/div>\n<div class=\"bbc-1ka88fa e57qer20\" dir=\"ltr\">\n<figure class=\"bbc-1qdcvv9 e6bmn90\">\n<div class=\"bbc-172p16q e57qer20\" dir=\"ltr\">\n<div class=\"bbc-172p16q e57qer20\" dir=\"ltr\">\n<div class=\"bbc-189y18v e57qer20\" dir=\"ltr\">\n<div class=\"bbc-997y1y e1whu0\" data-e2e=\"image-placeholder\"><\/div>\n<\/div>\n<\/div>\n<\/div><figcaption class=\"bbc-1t9zlwf eede9f50\" dir=\"ltr\"><span style=\"letter-spacing: 0.05em;\">CHP lideri Kemal K\u0131l\u0131\u00e7daro\u011flu&#8217;nun, halen parlamenter sistem \u00e7al\u0131\u015fmas\u0131n\u0131 y\u00fcr\u00fcten 6 muhalefet partisi ile i\u015fbirli\u011fi alanlar\u0131n\u0131 geni\u015fletme politikas\u0131 izledi\u011fi biliniyor. K\u0131l\u0131\u00e7daro\u011flu, ge\u00e7en hafta g\u00f6r\u00fc\u015ft\u00fc\u011f\u00fc ittifak orta\u011f\u0131 Meral Ak\u015fener&#8217;le de 6 muhalefet partisinin bir &#8220;ekonomi masas\u0131&#8221; etraf\u0131nda bulu\u015fmas\u0131 konusunda anla\u015ft\u0131klar\u0131n\u0131 a\u00e7\u0131klam\u0131\u015ft\u0131.<\/span><\/p>\n<\/figcaption><\/figure>\n<\/div>\n<div class=\"bbc-19j92fr e57qer20\" dir=\"ltr\">\n<p class=\"bbc-bm53ic e1cc2ql70\" dir=\"ltr\">CHP y\u00f6netimi, iktidara y\u00f6nelik erken se\u00e7im bask\u0131s\u0131n\u0131n art\u0131r\u0131lmas\u0131 i\u00e7in parlamenter sistem \u00e7al\u0131\u015fmas\u0131 y\u00fcr\u00fcten 6 siyasi partinin liderinin &#8220;ortak \u00e7a\u011fr\u0131&#8221; yapmas\u0131na s\u0131cak bak\u0131yor. Di\u011fer muhalefet partilerinin bu konuda nabz\u0131n\u0131n yokland\u0131\u011f\u0131 belirtiliyor.<\/p>\n<\/div>\n<div class=\"bbc-19j92fr e57qer20\" dir=\"ltr\">\n<h2 id=\"DEVA-Partisi-mesafeli-AKP-se\u00e7menini-konsolide-eder\" class=\"bbc-l3e97o e14hemmw0\" tabindex=\"-1\">DEVA Partisi mesafeli: &#8216;AKP se\u00e7menini konsolide eder&#8217;<\/h2>\n<\/div>\n<div class=\"bbc-19j92fr e57qer20\" dir=\"ltr\">\n<p class=\"bbc-bm53ic e1cc2ql70\" dir=\"ltr\">Kulislere yans\u0131yan bilgilere g\u00f6re DEVA Partisi Genel Ba\u015fkan\u0131 Ali Babacan, bu \u00f6neriye s\u0131cak bakm\u0131yor. DEVA Partisi kaynaklar\u0131, bunun nedenini ise \u015f\u00f6yle a\u00e7\u0131kl\u0131yor:<\/p>\n<\/div>\n<div class=\"bbc-19j92fr e57qer20\" dir=\"ltr\">\n<p class=\"bbc-bm53ic e1cc2ql70\" dir=\"ltr\">&#8220;AK Parti se\u00e7meninin yeniden konsolide olmas\u0131na yol a\u00e7acak ad\u0131mlardan ka\u00e7\u0131nmak gerekiyor. Haf\u0131zalarda hala Cumhuriyet mitingleri, Gezi olaylar\u0131 var. O nedenle \u00e7ok dikkatli olmak gerekiyor. AK Parti se\u00e7meninin Erdo\u011fan&#8217;a ba\u011fl\u0131l\u0131\u011f\u0131 rasyonel de\u011fil, duygusal bir ba\u011f. Bu t\u00fcr miting veya ortak eylemler o duygusal ba\u011f\u0131n yeniden g\u00fc\u00e7lenmesine neden olabilir.&#8221;<\/p>\n<p><em><strong>https:\/\/www.bbc.com\/turkce\/haberler-turkiye-59412059\u00a0<\/strong><\/em><\/p>\n<\/div>\n","protected":false},"excerpt":{"rendered":"<p>Cumhurba\u015fkan\u0131 Recep Tayyip Erdo\u011fan&#8217;\u0131n ekonominin yeni rotas\u0131na ili\u015fkin yapt\u0131\u011f\u0131 a\u00e7\u0131klamalar sonras\u0131, T\u00fcrk liras\u0131n\u0131n dolar kar\u015f\u0131s\u0131nda rekor d\u00fc\u015f\u00fc\u015f ya\u015fad\u0131\u011f\u0131 Sal\u0131 g\u00fcnk\u00fc kur krizinin ard\u0131ndan muhalefet partileri, iktidara y\u00f6nelik &#8220;erken se\u00e7im bask\u0131s\u0131n\u0131&#8221; art\u0131rmaya haz\u0131rlan\u0131yor. Bu konuda ilk somut ad\u0131m, CHP Lideri Kemal K\u0131l\u0131\u00e7daro\u011flu&#8217;ndan geldi. Partisinin Merkez Y\u00f6netim Kurulu&#8217;nu (MYK) ola\u011fan\u00fcst\u00fc toplayan K\u0131l\u0131\u00e7daro\u011flu, &#8220;ekonomik krize kar\u015f\u0131 muhalefetin \u00f6nerilerinin [&hellip;]<\/p>\n","protected":false},"author":7,"featured_media":65872,"comment_status":"open","ping_status":"open","sticky":false,"template":"","format":"standard","meta":{"footnotes":""},"categories":[1],"tags":[],"class_list":["post-65871","post","type-post","status-publish","format-standard","has-post-thumbnail","hentry","category-haberler"],"yoast_head":"<!-- This site is optimized with the Yoast SEO plugin v27.4 - https:\/\/yoast.com\/product\/yoast-seo-wordpress\/ -->\n<title>CHP y\u00f6netimi &#039;iktidar\u0131 erken se\u00e7ime zorlamak&#039; i\u00e7in hangi ad\u0131mlar\u0131 atacak? - Bati Ermenistan Ve Bati Ermenileri Sorunlari Ara\u015ftirmalar Merkezi<\/title>\n<meta name=\"robots\" content=\"index, follow, max-snippet:-1, max-image-preview:large, max-video-preview:-1\" \/>\n<link rel=\"canonical\" href=\"https:\/\/akunq.net\/tr\/?p=65871\" \/>\n<meta property=\"og:locale\" content=\"en_US\" \/>\n<meta property=\"og:type\" content=\"article\" \/>\n<meta property=\"og:title\" content=\"CHP y\u00f6netimi &#039;iktidar\u0131 erken se\u00e7ime zorlamak&#039; i\u00e7in hangi ad\u0131mlar\u0131 atacak? - Bati Ermenistan Ve Bati Ermenileri Sorunlari Ara\u015ftirmalar Merkezi\" \/>\n<meta property=\"og:description\" content=\"Cumhurba\u015fkan\u0131 Recep Tayyip Erdo\u011fan&#8217;\u0131n ekonominin yeni rotas\u0131na ili\u015fkin yapt\u0131\u011f\u0131 a\u00e7\u0131klamalar sonras\u0131, T\u00fcrk liras\u0131n\u0131n dolar kar\u015f\u0131s\u0131nda rekor d\u00fc\u015f\u00fc\u015f ya\u015fad\u0131\u011f\u0131 Sal\u0131 g\u00fcnk\u00fc kur krizinin ard\u0131ndan muhalefet partileri, iktidara y\u00f6nelik &#8220;erken se\u00e7im bask\u0131s\u0131n\u0131&#8221; art\u0131rmaya haz\u0131rlan\u0131yor. Bu konuda ilk somut ad\u0131m, CHP Lideri Kemal K\u0131l\u0131\u00e7daro\u011flu&#8217;ndan geldi. Partisinin Merkez Y\u00f6netim Kurulu&#8217;nu (MYK) ola\u011fan\u00fcst\u00fc toplayan K\u0131l\u0131\u00e7daro\u011flu, &#8220;ekonomik krize kar\u015f\u0131 muhalefetin \u00f6nerilerinin [&hellip;]\" \/>\n<meta property=\"og:url\" content=\"https:\/\/akunq.net\/tr\/?p=65871\" \/>\n<meta property=\"og:site_name\" content=\"Bati Ermenistan Ve Bati Ermenileri Sorunlari Ara\u015ftirmalar Merkezi\" \/>\n<meta property=\"article:published_time\" content=\"2021-11-25T07:35:26+00:00\" \/>\n<meta property=\"og:image\" content=\"https:\/\/akunq.net\/tr\/wp-content\/uploads\/sites\/6\/2021\/11\/\u0554\u0565\u0574\u0561\u056c-\u0554\u0568\u056c\u0568\u0579\u0564\u0561\u0580\u0585\u0572\u056c\u0578\u0582.jpeg\" \/>\n\t<meta property=\"og:image:width\" content=\"1000\" \/>\n\t<meta property=\"og:image:height\" content=\"582\" \/>\n\t<meta property=\"og:image:type\" content=\"image\/jpeg\" \/>\n<meta name=\"author\" content=\"admin\" \/>\n<meta name=\"twitter:card\" content=\"summary_large_image\" \/>\n<meta name=\"twitter:label1\" content=\"Written by\" \/>\n\t<meta name=\"twitter:data1\" content=\"admin\" \/>\n\t<meta name=\"twitter:label2\" content=\"Est. reading time\" \/>\n\t<meta name=\"twitter:data2\" content=\"4 minutes\" \/>\n<script type=\"application\/ld+json\" class=\"yoast-schema-graph\">{\"@context\":\"https:\\\/\\\/schema.org\",\"@graph\":[{\"@type\":\"Article\",\"@id\":\"https:\\\/\\\/akunq.net\\\/tr\\\/?p=65871#article\",\"isPartOf\":{\"@id\":\"https:\\\/\\\/akunq.net\\\/tr\\\/?p=65871\"},\"author\":{\"name\":\"admin\",\"@id\":\"https:\\\/\\\/akunq.net\\\/tr\\\/#\\\/schema\\\/person\\\/096f1d38a12cce57fb855b485ed24c9e\"},\"headline\":\"CHP y\u00f6netimi &#8216;iktidar\u0131 erken se\u00e7ime zorlamak&#8217; i\u00e7in hangi ad\u0131mlar\u0131 atacak?\",\"datePublished\":\"2021-11-25T07:35:26+00:00\",\"mainEntityOfPage\":{\"@id\":\"https:\\\/\\\/akunq.net\\\/tr\\\/?p=65871\"},\"wordCount\":910,\"commentCount\":0,\"image\":{\"@id\":\"https:\\\/\\\/akunq.net\\\/tr\\\/?p=65871#primaryimage\"},\"thumbnailUrl\":\"https:\\\/\\\/akunq.net\\\/tr\\\/wp-content\\\/uploads\\\/sites\\\/6\\\/2021\\\/11\\\/\u0554\u0565\u0574\u0561\u056c-\u0554\u0568\u056c\u0568\u0579\u0564\u0561\u0580\u0585\u0572\u056c\u0578\u0582.jpeg\",\"articleSection\":[\"Haberler\"],\"inLanguage\":\"en-US\",\"potentialAction\":[{\"@type\":\"CommentAction\",\"name\":\"Comment\",\"target\":[\"https:\\\/\\\/akunq.net\\\/tr\\\/?p=65871#respond\"]}]},{\"@type\":\"WebPage\",\"@id\":\"https:\\\/\\\/akunq.net\\\/tr\\\/?p=65871\",\"url\":\"https:\\\/\\\/akunq.net\\\/tr\\\/?p=65871\",\"name\":\"CHP y\u00f6netimi 'iktidar\u0131 erken se\u00e7ime zorlamak' i\u00e7in hangi ad\u0131mlar\u0131 atacak? - Bati Ermenistan Ve Bati Ermenileri Sorunlari Ara\u015ftirmalar Merkezi\",\"isPartOf\":{\"@id\":\"https:\\\/\\\/akunq.net\\\/tr\\\/#website\"},\"primaryImageOfPage\":{\"@id\":\"https:\\\/\\\/akunq.net\\\/tr\\\/?p=65871#primaryimage\"},\"image\":{\"@id\":\"https:\\\/\\\/akunq.net\\\/tr\\\/?p=65871#primaryimage\"},\"thumbnailUrl\":\"https:\\\/\\\/akunq.net\\\/tr\\\/wp-content\\\/uploads\\\/sites\\\/6\\\/2021\\\/11\\\/\u0554\u0565\u0574\u0561\u056c-\u0554\u0568\u056c\u0568\u0579\u0564\u0561\u0580\u0585\u0572\u056c\u0578\u0582.jpeg\",\"datePublished\":\"2021-11-25T07:35:26+00:00\",\"author\":{\"@id\":\"https:\\\/\\\/akunq.net\\\/tr\\\/#\\\/schema\\\/person\\\/096f1d38a12cce57fb855b485ed24c9e\"},\"breadcrumb\":{\"@id\":\"https:\\\/\\\/akunq.net\\\/tr\\\/?p=65871#breadcrumb\"},\"inLanguage\":\"en-US\",\"potentialAction\":[{\"@type\":\"ReadAction\",\"target\":[\"https:\\\/\\\/akunq.net\\\/tr\\\/?p=65871\"]}]},{\"@type\":\"ImageObject\",\"inLanguage\":\"en-US\",\"@id\":\"https:\\\/\\\/akunq.net\\\/tr\\\/?p=65871#primaryimage\",\"url\":\"https:\\\/\\\/akunq.net\\\/tr\\\/wp-content\\\/uploads\\\/sites\\\/6\\\/2021\\\/11\\\/\u0554\u0565\u0574\u0561\u056c-\u0554\u0568\u056c\u0568\u0579\u0564\u0561\u0580\u0585\u0572\u056c\u0578\u0582.jpeg\",\"contentUrl\":\"https:\\\/\\\/akunq.net\\\/tr\\\/wp-content\\\/uploads\\\/sites\\\/6\\\/2021\\\/11\\\/\u0554\u0565\u0574\u0561\u056c-\u0554\u0568\u056c\u0568\u0579\u0564\u0561\u0580\u0585\u0572\u056c\u0578\u0582.jpeg\",\"width\":1000,\"height\":582},{\"@type\":\"BreadcrumbList\",\"@id\":\"https:\\\/\\\/akunq.net\\\/tr\\\/?p=65871#breadcrumb\",\"itemListElement\":[{\"@type\":\"ListItem\",\"position\":1,\"name\":\"Home\",\"item\":\"https:\\\/\\\/akunq.net\\\/tr\"},{\"@type\":\"ListItem\",\"position\":2,\"name\":\"CHP y\u00f6netimi &#8216;iktidar\u0131 erken se\u00e7ime zorlamak&#8217; i\u00e7in hangi ad\u0131mlar\u0131 atacak?\"}]},{\"@type\":\"WebSite\",\"@id\":\"https:\\\/\\\/akunq.net\\\/tr\\\/#website\",\"url\":\"https:\\\/\\\/akunq.net\\\/tr\\\/\",\"name\":\"Bati Ermenistan Ve Bati Ermenileri Sorunlari Ara\u015ftirmalar Merkezi\",\"description\":\"\",\"potentialAction\":[{\"@type\":\"SearchAction\",\"target\":{\"@type\":\"EntryPoint\",\"urlTemplate\":\"https:\\\/\\\/akunq.net\\\/tr\\\/?s={search_term_string}\"},\"query-input\":{\"@type\":\"PropertyValueSpecification\",\"valueRequired\":true,\"valueName\":\"search_term_string\"}}],\"inLanguage\":\"en-US\"},{\"@type\":\"Person\",\"@id\":\"https:\\\/\\\/akunq.net\\\/tr\\\/#\\\/schema\\\/person\\\/096f1d38a12cce57fb855b485ed24c9e\",\"name\":\"admin\",\"url\":\"https:\\\/\\\/akunq.net\\\/tr\\\/?author=7\"}]}<\/script>\n<!-- \/ Yoast SEO plugin. -->","yoast_head_json":{"title":"CHP y\u00f6netimi 'iktidar\u0131 erken se\u00e7ime zorlamak' i\u00e7in hangi ad\u0131mlar\u0131 atacak? - Bati Ermenistan Ve Bati Ermenileri Sorunlari Ara\u015ftirmalar Merkezi","robots":{"index":"index","follow":"follow","max-snippet":"max-snippet:-1","max-image-preview":"max-image-preview:large","max-video-preview":"max-video-preview:-1"},"canonical":"https:\/\/akunq.net\/tr\/?p=65871","og_locale":"en_US","og_type":"article","og_title":"CHP y\u00f6netimi 'iktidar\u0131 erken se\u00e7ime zorlamak' i\u00e7in hangi ad\u0131mlar\u0131 atacak? - Bati Ermenistan Ve Bati Ermenileri Sorunlari Ara\u015ftirmalar Merkezi","og_description":"Cumhurba\u015fkan\u0131 Recep Tayyip Erdo\u011fan&#8217;\u0131n ekonominin yeni rotas\u0131na ili\u015fkin yapt\u0131\u011f\u0131 a\u00e7\u0131klamalar sonras\u0131, T\u00fcrk liras\u0131n\u0131n dolar kar\u015f\u0131s\u0131nda rekor d\u00fc\u015f\u00fc\u015f ya\u015fad\u0131\u011f\u0131 Sal\u0131 g\u00fcnk\u00fc kur krizinin ard\u0131ndan muhalefet partileri, iktidara y\u00f6nelik &#8220;erken se\u00e7im bask\u0131s\u0131n\u0131&#8221; art\u0131rmaya haz\u0131rlan\u0131yor. Bu konuda ilk somut ad\u0131m, CHP Lideri Kemal K\u0131l\u0131\u00e7daro\u011flu&#8217;ndan geldi. Partisinin Merkez Y\u00f6netim Kurulu&#8217;nu (MYK) ola\u011fan\u00fcst\u00fc toplayan K\u0131l\u0131\u00e7daro\u011flu, &#8220;ekonomik krize kar\u015f\u0131 muhalefetin \u00f6nerilerinin [&hellip;]","og_url":"https:\/\/akunq.net\/tr\/?p=65871","og_site_name":"Bati Ermenistan Ve Bati Ermenileri Sorunlari Ara\u015ftirmalar Merkezi","article_published_time":"2021-11-25T07:35:26+00:00","og_image":[{"width":1000,"height":582,"url":"https:\/\/akunq.net\/tr\/wp-content\/uploads\/sites\/6\/2021\/11\/\u0554\u0565\u0574\u0561\u056c-\u0554\u0568\u056c\u0568\u0579\u0564\u0561\u0580\u0585\u0572\u056c\u0578\u0582.jpeg","type":"image\/jpeg"}],"author":"admin","twitter_card":"summary_large_image","twitter_misc":{"Written by":"admin","Est. reading time":"4 minutes"},"schema":{"@context":"https:\/\/schema.org","@graph":[{"@type":"Article","@id":"https:\/\/akunq.net\/tr\/?p=65871#article","isPartOf":{"@id":"https:\/\/akunq.net\/tr\/?p=65871"},"author":{"name":"admin","@id":"https:\/\/akunq.net\/tr\/#\/schema\/person\/096f1d38a12cce57fb855b485ed24c9e"},"headline":"CHP y\u00f6netimi &#8216;iktidar\u0131 erken se\u00e7ime zorlamak&#8217; i\u00e7in hangi ad\u0131mlar\u0131 atacak?","datePublished":"2021-11-25T07:35:26+00:00","mainEntityOfPage":{"@id":"https:\/\/akunq.net\/tr\/?p=65871"},"wordCount":910,"commentCount":0,"image":{"@id":"https:\/\/akunq.net\/tr\/?p=65871#primaryimage"},"thumbnailUrl":"https:\/\/akunq.net\/tr\/wp-content\/uploads\/sites\/6\/2021\/11\/\u0554\u0565\u0574\u0561\u056c-\u0554\u0568\u056c\u0568\u0579\u0564\u0561\u0580\u0585\u0572\u056c\u0578\u0582.jpeg","articleSection":["Haberler"],"inLanguage":"en-US","potentialAction":[{"@type":"CommentAction","name":"Comment","target":["https:\/\/akunq.net\/tr\/?p=65871#respond"]}]},{"@type":"WebPage","@id":"https:\/\/akunq.net\/tr\/?p=65871","url":"https:\/\/akunq.net\/tr\/?p=65871","name":"CHP y\u00f6netimi 'iktidar\u0131 erken se\u00e7ime zorlamak' i\u00e7in hangi ad\u0131mlar\u0131 atacak? - Bati Ermenistan Ve Bati Ermenileri Sorunlari Ara\u015ftirmalar Merkezi","isPartOf":{"@id":"https:\/\/akunq.net\/tr\/#website"},"primaryImageOfPage":{"@id":"https:\/\/akunq.net\/tr\/?p=65871#primaryimage"},"image":{"@id":"https:\/\/akunq.net\/tr\/?p=65871#primaryimage"},"thumbnailUrl":"https:\/\/akunq.net\/tr\/wp-content\/uploads\/sites\/6\/2021\/11\/\u0554\u0565\u0574\u0561\u056c-\u0554\u0568\u056c\u0568\u0579\u0564\u0561\u0580\u0585\u0572\u056c\u0578\u0582.jpeg","datePublished":"2021-11-25T07:35:26+00:00","author":{"@id":"https:\/\/akunq.net\/tr\/#\/schema\/person\/096f1d38a12cce57fb855b485ed24c9e"},"breadcrumb":{"@id":"https:\/\/akunq.net\/tr\/?p=65871#breadcrumb"},"inLanguage":"en-US","potentialAction":[{"@type":"ReadAction","target":["https:\/\/akunq.net\/tr\/?p=65871"]}]},{"@type":"ImageObject","inLanguage":"en-US","@id":"https:\/\/akunq.net\/tr\/?p=65871#primaryimage","url":"https:\/\/akunq.net\/tr\/wp-content\/uploads\/sites\/6\/2021\/11\/\u0554\u0565\u0574\u0561\u056c-\u0554\u0568\u056c\u0568\u0579\u0564\u0561\u0580\u0585\u0572\u056c\u0578\u0582.jpeg","contentUrl":"https:\/\/akunq.net\/tr\/wp-content\/uploads\/sites\/6\/2021\/11\/\u0554\u0565\u0574\u0561\u056c-\u0554\u0568\u056c\u0568\u0579\u0564\u0561\u0580\u0585\u0572\u056c\u0578\u0582.jpeg","width":1000,"height":582},{"@type":"BreadcrumbList","@id":"https:\/\/akunq.net\/tr\/?p=65871#breadcrumb","itemListElement":[{"@type":"ListItem","position":1,"name":"Home","item":"https:\/\/akunq.net\/tr"},{"@type":"ListItem","position":2,"name":"CHP y\u00f6netimi &#8216;iktidar\u0131 erken se\u00e7ime zorlamak&#8217; i\u00e7in hangi ad\u0131mlar\u0131 atacak?"}]},{"@type":"WebSite","@id":"https:\/\/akunq.net\/tr\/#website","url":"https:\/\/akunq.net\/tr\/","name":"Bati Ermenistan Ve Bati Ermenileri Sorunlari Ara\u015ftirmalar Merkezi","description":"","potentialAction":[{"@type":"SearchAction","target":{"@type":"EntryPoint","urlTemplate":"https:\/\/akunq.net\/tr\/?s={search_term_string}"},"query-input":{"@type":"PropertyValueSpecification","valueRequired":true,"valueName":"search_term_string"}}],"inLanguage":"en-US"},{"@type":"Person","@id":"https:\/\/akunq.net\/tr\/#\/schema\/person\/096f1d38a12cce57fb855b485ed24c9e","name":"admin","url":"https:\/\/akunq.net\/tr\/?author=7"}]}},"_links":{"self":[{"href":"https:\/\/akunq.net\/tr\/index.php?rest_route=\/wp\/v2\/posts\/65871","targetHints":{"allow":["GET"]}}],"collection":[{"href":"https:\/\/akunq.net\/tr\/index.php?rest_route=\/wp\/v2\/posts"}],"about":[{"href":"https:\/\/akunq.net\/tr\/index.php?rest_route=\/wp\/v2\/types\/post"}],"author":[{"embeddable":true,"href":"https:\/\/akunq.net\/tr\/index.php?rest_route=\/wp\/v2\/users\/7"}],"replies":[{"embeddable":true,"href":"https:\/\/akunq.net\/tr\/index.php?rest_route=%2Fwp%2Fv2%2Fcomments&post=65871"}],"version-history":[{"count":1,"href":"https:\/\/akunq.net\/tr\/index.php?rest_route=\/wp\/v2\/posts\/65871\/revisions"}],"predecessor-version":[{"id":65873,"href":"https:\/\/akunq.net\/tr\/index.php?rest_route=\/wp\/v2\/posts\/65871\/revisions\/65873"}],"wp:featuredmedia":[{"embeddable":true,"href":"https:\/\/akunq.net\/tr\/index.php?rest_route=\/wp\/v2\/media\/65872"}],"wp:attachment":[{"href":"https:\/\/akunq.net\/tr\/index.php?rest_route=%2Fwp%2Fv2%2Fmedia&parent=65871"}],"wp:term":[{"taxonomy":"category","embeddable":true,"href":"https:\/\/akunq.net\/tr\/index.php?rest_route=%2Fwp%2Fv2%2Fcategories&post=65871"},{"taxonomy":"post_tag","embeddable":true,"href":"https:\/\/akunq.net\/tr\/index.php?rest_route=%2Fwp%2Fv2%2Ftags&post=65871"}],"curies":[{"name":"wp","href":"https:\/\/api.w.org\/{rel}","templated":true}]}}