{"id":65865,"date":"2021-11-25T01:52:56","date_gmt":"2021-11-25T06:52:56","guid":{"rendered":"https:\/\/akunq.net\/tr\/?p=65865"},"modified":"2021-11-25T01:52:56","modified_gmt":"2021-11-25T06:52:56","slug":"ermeni-orgutlerinin-mudahalesiyle-selanikte-toplu-tasimada-azerbaycan-reklami-kaldirildi","status":"publish","type":"post","link":"https:\/\/akunq.net\/tr\/?p=65865","title":{"rendered":"Ermeni \u00f6rg\u00fctlerinin m\u00fcdahalesiyle Selanik&#8217;te toplu ta\u015f\u0131mada Azerbaycan reklam\u0131 kald\u0131r\u0131ld\u0131"},"content":{"rendered":"<p><img loading=\"lazy\" decoding=\"async\" class=\"aligncenter size-medium wp-image-65866\" src=\"https:\/\/akunq.net\/tr\/wp-content\/uploads\/2021\/11\/\u015eu\u015fi-360x242.jpg\" alt=\"\" width=\"360\" height=\"242\" srcset=\"https:\/\/akunq.net\/tr\/wp-content\/uploads\/sites\/6\/2021\/11\/\u015eu\u015fi-360x242.jpg 360w, https:\/\/akunq.net\/tr\/wp-content\/uploads\/sites\/6\/2021\/11\/\u015eu\u015fi-560x376.jpg 560w, https:\/\/akunq.net\/tr\/wp-content\/uploads\/sites\/6\/2021\/11\/\u015eu\u015fi-260x175.jpg 260w, https:\/\/akunq.net\/tr\/wp-content\/uploads\/sites\/6\/2021\/11\/\u015eu\u015fi-160x107.jpg 160w, https:\/\/akunq.net\/tr\/wp-content\/uploads\/sites\/6\/2021\/11\/\u015eu\u015fi.jpg 670w\" sizes=\"auto, (max-width: 360px) 100vw, 360px\" \/><\/p>\n<p><em><strong>Yunanistan&#8217;\u0131n Selanik kentinde toplu ta\u015f\u0131ma ara\u00e7lar\u0131nda &#8220;\u015eu\u015fi Azerbaycand\u0131r&#8221; yazan Azerbayanca reklam kald\u0131r\u0131ld\u0131.<\/strong><\/em><\/p>\n<p>Armenpress haber ajans\u0131n\u0131n Greek city Times\u2019e at\u0131fta bulunarak aktard\u0131\u011f\u0131 bilgilere g\u00f6re Azerbaycan kendisi i\u015fgal etti\u011fi Ermeni \u015eu\u015fi \u015fehrini kendisine ait olarak sunmak i\u00e7in elindeki t\u00fcm imkanlar\u0131 kullan\u0131yor.<\/p>\n<p>Yunanistan&#8217;daki Ermeni toplumunun da dikkatinden ka\u00e7mad\u0131. Ermeni toplumu teredd\u00fct etmeden yap\u0131lan reklam\u0131n kald\u0131r\u0131lmas\u0131 i\u00e7in yerel yetkililere ba\u015fvurdu.<\/p>\n<p>Greek City Times, reklam\u0131n kald\u0131r\u0131ld\u0131\u011f\u0131n\u0131 yaz\u0131yor, ancak neden b\u00f6yle bir \u015feye izin verildi\u011fi sorusunu g\u00fcndeme getiriyor. Web sitesinde yer alan makalede &#8220;Azerbaycan Silahl\u0131 Kuvvetleri, 2020&#8217;de Da\u011fl\u0131k Karaba\u011f sava\u015f\u0131 s\u0131ras\u0131nda tarihi Ermeni \u015fehri \u015eu\u015fi&#8217;yi i\u015fgal etti&#8221; ifadeleri kullan\u0131l\u0131yor.<\/p>\n<p>Yunanistan&#8217;daki Ermeni B\u00fcy\u00fckel\u00e7ili\u011fi daha \u00f6nce Selanik kentindeki Azerbaycan propaganda provokasyonunun fark\u0131nda oldu\u011funu ve provokasyonu etkisiz hale getirmek ve bir daha tekrarlamamak i\u00e7in cemaat yap\u0131lar\u0131yla birlikte m\u00fcmk\u00fcn olan t\u00fcm \u00f6nlemleri ald\u0131\u011f\u0131n\u0131 belirtmi\u015fti.<\/p>\n<p><em><strong>https:\/\/armenpress.am\/tur\/news\/1069020.html\u00a0<\/strong><\/em><\/p>\n","protected":false},"excerpt":{"rendered":"<p>Yunanistan&#8217;\u0131n Selanik kentinde toplu ta\u015f\u0131ma ara\u00e7lar\u0131nda &#8220;\u015eu\u015fi Azerbaycand\u0131r&#8221; yazan Azerbayanca reklam kald\u0131r\u0131ld\u0131. Armenpress haber ajans\u0131n\u0131n Greek city Times\u2019e at\u0131fta bulunarak aktard\u0131\u011f\u0131 bilgilere g\u00f6re Azerbaycan kendisi i\u015fgal etti\u011fi Ermeni \u015eu\u015fi \u015fehrini kendisine ait olarak sunmak i\u00e7in elindeki t\u00fcm imkanlar\u0131 kullan\u0131yor. Yunanistan&#8217;daki Ermeni toplumunun da dikkatinden ka\u00e7mad\u0131. Ermeni toplumu teredd\u00fct etmeden yap\u0131lan reklam\u0131n kald\u0131r\u0131lmas\u0131 i\u00e7in yerel yetkililere [&hellip;]<\/p>\n","protected":false},"author":7,"featured_media":65866,"comment_status":"open","ping_status":"open","sticky":false,"template":"","format":"standard","meta":{"footnotes":""},"categories":[1],"tags":[],"class_list":["post-65865","post","type-post","status-publish","format-standard","has-post-thumbnail","hentry","category-haberler"],"yoast_head":"<!-- This site is optimized with the Yoast SEO plugin v27.4 - https:\/\/yoast.com\/product\/yoast-seo-wordpress\/ -->\n<title>Ermeni \u00f6rg\u00fctlerinin m\u00fcdahalesiyle Selanik&#039;te toplu ta\u015f\u0131mada Azerbaycan reklam\u0131 kald\u0131r\u0131ld\u0131 - Bati Ermenistan Ve Bati Ermenileri Sorunlari Ara\u015ftirmalar Merkezi<\/title>\n<meta name=\"robots\" content=\"index, follow, max-snippet:-1, max-image-preview:large, max-video-preview:-1\" \/>\n<link rel=\"canonical\" href=\"https:\/\/akunq.net\/tr\/?p=65865\" \/>\n<meta property=\"og:locale\" content=\"en_US\" \/>\n<meta property=\"og:type\" content=\"article\" \/>\n<meta property=\"og:title\" content=\"Ermeni \u00f6rg\u00fctlerinin m\u00fcdahalesiyle Selanik&#039;te toplu ta\u015f\u0131mada Azerbaycan reklam\u0131 kald\u0131r\u0131ld\u0131 - Bati Ermenistan Ve Bati Ermenileri Sorunlari Ara\u015ftirmalar Merkezi\" \/>\n<meta property=\"og:description\" content=\"Yunanistan&#8217;\u0131n Selanik kentinde toplu ta\u015f\u0131ma ara\u00e7lar\u0131nda &#8220;\u015eu\u015fi Azerbaycand\u0131r&#8221; yazan Azerbayanca reklam kald\u0131r\u0131ld\u0131. Armenpress haber ajans\u0131n\u0131n Greek city Times\u2019e at\u0131fta bulunarak aktard\u0131\u011f\u0131 bilgilere g\u00f6re Azerbaycan kendisi i\u015fgal etti\u011fi Ermeni \u015eu\u015fi \u015fehrini kendisine ait olarak sunmak i\u00e7in elindeki t\u00fcm imkanlar\u0131 kullan\u0131yor. Yunanistan&#8217;daki Ermeni toplumunun da dikkatinden ka\u00e7mad\u0131. Ermeni toplumu teredd\u00fct etmeden yap\u0131lan reklam\u0131n kald\u0131r\u0131lmas\u0131 i\u00e7in yerel yetkililere [&hellip;]\" \/>\n<meta property=\"og:url\" content=\"https:\/\/akunq.net\/tr\/?p=65865\" \/>\n<meta property=\"og:site_name\" content=\"Bati Ermenistan Ve Bati Ermenileri Sorunlari Ara\u015ftirmalar Merkezi\" \/>\n<meta property=\"article:published_time\" content=\"2021-11-25T06:52:56+00:00\" \/>\n<meta property=\"og:image\" content=\"https:\/\/akunq.net\/tr\/wp-content\/uploads\/sites\/6\/2021\/11\/\u015eu\u015fi.jpg\" \/>\n\t<meta property=\"og:image:width\" content=\"670\" \/>\n\t<meta property=\"og:image:height\" content=\"450\" \/>\n\t<meta property=\"og:image:type\" content=\"image\/jpeg\" \/>\n<meta name=\"author\" content=\"admin\" \/>\n<meta name=\"twitter:card\" content=\"summary_large_image\" \/>\n<meta name=\"twitter:label1\" content=\"Written by\" \/>\n\t<meta name=\"twitter:data1\" content=\"admin\" \/>\n\t<meta name=\"twitter:label2\" content=\"Est. reading time\" \/>\n\t<meta name=\"twitter:data2\" content=\"1 minute\" \/>\n<script type=\"application\/ld+json\" class=\"yoast-schema-graph\">{\"@context\":\"https:\\\/\\\/schema.org\",\"@graph\":[{\"@type\":\"Article\",\"@id\":\"https:\\\/\\\/akunq.net\\\/tr\\\/?p=65865#article\",\"isPartOf\":{\"@id\":\"https:\\\/\\\/akunq.net\\\/tr\\\/?p=65865\"},\"author\":{\"name\":\"admin\",\"@id\":\"https:\\\/\\\/akunq.net\\\/tr\\\/#\\\/schema\\\/person\\\/096f1d38a12cce57fb855b485ed24c9e\"},\"headline\":\"Ermeni \u00f6rg\u00fctlerinin m\u00fcdahalesiyle Selanik&#8217;te toplu ta\u015f\u0131mada Azerbaycan reklam\u0131 kald\u0131r\u0131ld\u0131\",\"datePublished\":\"2021-11-25T06:52:56+00:00\",\"mainEntityOfPage\":{\"@id\":\"https:\\\/\\\/akunq.net\\\/tr\\\/?p=65865\"},\"wordCount\":201,\"commentCount\":0,\"image\":{\"@id\":\"https:\\\/\\\/akunq.net\\\/tr\\\/?p=65865#primaryimage\"},\"thumbnailUrl\":\"https:\\\/\\\/akunq.net\\\/tr\\\/wp-content\\\/uploads\\\/sites\\\/6\\\/2021\\\/11\\\/\u015eu\u015fi.jpg\",\"articleSection\":[\"Haberler\"],\"inLanguage\":\"en-US\",\"potentialAction\":[{\"@type\":\"CommentAction\",\"name\":\"Comment\",\"target\":[\"https:\\\/\\\/akunq.net\\\/tr\\\/?p=65865#respond\"]}]},{\"@type\":\"WebPage\",\"@id\":\"https:\\\/\\\/akunq.net\\\/tr\\\/?p=65865\",\"url\":\"https:\\\/\\\/akunq.net\\\/tr\\\/?p=65865\",\"name\":\"Ermeni \u00f6rg\u00fctlerinin m\u00fcdahalesiyle Selanik'te toplu ta\u015f\u0131mada Azerbaycan reklam\u0131 kald\u0131r\u0131ld\u0131 - Bati Ermenistan Ve Bati Ermenileri Sorunlari Ara\u015ftirmalar Merkezi\",\"isPartOf\":{\"@id\":\"https:\\\/\\\/akunq.net\\\/tr\\\/#website\"},\"primaryImageOfPage\":{\"@id\":\"https:\\\/\\\/akunq.net\\\/tr\\\/?p=65865#primaryimage\"},\"image\":{\"@id\":\"https:\\\/\\\/akunq.net\\\/tr\\\/?p=65865#primaryimage\"},\"thumbnailUrl\":\"https:\\\/\\\/akunq.net\\\/tr\\\/wp-content\\\/uploads\\\/sites\\\/6\\\/2021\\\/11\\\/\u015eu\u015fi.jpg\",\"datePublished\":\"2021-11-25T06:52:56+00:00\",\"author\":{\"@id\":\"https:\\\/\\\/akunq.net\\\/tr\\\/#\\\/schema\\\/person\\\/096f1d38a12cce57fb855b485ed24c9e\"},\"breadcrumb\":{\"@id\":\"https:\\\/\\\/akunq.net\\\/tr\\\/?p=65865#breadcrumb\"},\"inLanguage\":\"en-US\",\"potentialAction\":[{\"@type\":\"ReadAction\",\"target\":[\"https:\\\/\\\/akunq.net\\\/tr\\\/?p=65865\"]}]},{\"@type\":\"ImageObject\",\"inLanguage\":\"en-US\",\"@id\":\"https:\\\/\\\/akunq.net\\\/tr\\\/?p=65865#primaryimage\",\"url\":\"https:\\\/\\\/akunq.net\\\/tr\\\/wp-content\\\/uploads\\\/sites\\\/6\\\/2021\\\/11\\\/\u015eu\u015fi.jpg\",\"contentUrl\":\"https:\\\/\\\/akunq.net\\\/tr\\\/wp-content\\\/uploads\\\/sites\\\/6\\\/2021\\\/11\\\/\u015eu\u015fi.jpg\",\"width\":670,\"height\":450},{\"@type\":\"BreadcrumbList\",\"@id\":\"https:\\\/\\\/akunq.net\\\/tr\\\/?p=65865#breadcrumb\",\"itemListElement\":[{\"@type\":\"ListItem\",\"position\":1,\"name\":\"Home\",\"item\":\"https:\\\/\\\/akunq.net\\\/tr\"},{\"@type\":\"ListItem\",\"position\":2,\"name\":\"Ermeni \u00f6rg\u00fctlerinin m\u00fcdahalesiyle Selanik&#8217;te toplu ta\u015f\u0131mada Azerbaycan reklam\u0131 kald\u0131r\u0131ld\u0131\"}]},{\"@type\":\"WebSite\",\"@id\":\"https:\\\/\\\/akunq.net\\\/tr\\\/#website\",\"url\":\"https:\\\/\\\/akunq.net\\\/tr\\\/\",\"name\":\"Bati Ermenistan Ve Bati Ermenileri Sorunlari Ara\u015ftirmalar Merkezi\",\"description\":\"\",\"potentialAction\":[{\"@type\":\"SearchAction\",\"target\":{\"@type\":\"EntryPoint\",\"urlTemplate\":\"https:\\\/\\\/akunq.net\\\/tr\\\/?s={search_term_string}\"},\"query-input\":{\"@type\":\"PropertyValueSpecification\",\"valueRequired\":true,\"valueName\":\"search_term_string\"}}],\"inLanguage\":\"en-US\"},{\"@type\":\"Person\",\"@id\":\"https:\\\/\\\/akunq.net\\\/tr\\\/#\\\/schema\\\/person\\\/096f1d38a12cce57fb855b485ed24c9e\",\"name\":\"admin\",\"url\":\"https:\\\/\\\/akunq.net\\\/tr\\\/?author=7\"}]}<\/script>\n<!-- \/ Yoast SEO plugin. -->","yoast_head_json":{"title":"Ermeni \u00f6rg\u00fctlerinin m\u00fcdahalesiyle Selanik'te toplu ta\u015f\u0131mada Azerbaycan reklam\u0131 kald\u0131r\u0131ld\u0131 - Bati Ermenistan Ve Bati Ermenileri Sorunlari Ara\u015ftirmalar Merkezi","robots":{"index":"index","follow":"follow","max-snippet":"max-snippet:-1","max-image-preview":"max-image-preview:large","max-video-preview":"max-video-preview:-1"},"canonical":"https:\/\/akunq.net\/tr\/?p=65865","og_locale":"en_US","og_type":"article","og_title":"Ermeni \u00f6rg\u00fctlerinin m\u00fcdahalesiyle Selanik'te toplu ta\u015f\u0131mada Azerbaycan reklam\u0131 kald\u0131r\u0131ld\u0131 - Bati Ermenistan Ve Bati Ermenileri Sorunlari Ara\u015ftirmalar Merkezi","og_description":"Yunanistan&#8217;\u0131n Selanik kentinde toplu ta\u015f\u0131ma ara\u00e7lar\u0131nda &#8220;\u015eu\u015fi Azerbaycand\u0131r&#8221; yazan Azerbayanca reklam kald\u0131r\u0131ld\u0131. Armenpress haber ajans\u0131n\u0131n Greek city Times\u2019e at\u0131fta bulunarak aktard\u0131\u011f\u0131 bilgilere g\u00f6re Azerbaycan kendisi i\u015fgal etti\u011fi Ermeni \u015eu\u015fi \u015fehrini kendisine ait olarak sunmak i\u00e7in elindeki t\u00fcm imkanlar\u0131 kullan\u0131yor. Yunanistan&#8217;daki Ermeni toplumunun da dikkatinden ka\u00e7mad\u0131. Ermeni toplumu teredd\u00fct etmeden yap\u0131lan reklam\u0131n kald\u0131r\u0131lmas\u0131 i\u00e7in yerel yetkililere [&hellip;]","og_url":"https:\/\/akunq.net\/tr\/?p=65865","og_site_name":"Bati Ermenistan Ve Bati Ermenileri Sorunlari Ara\u015ftirmalar Merkezi","article_published_time":"2021-11-25T06:52:56+00:00","og_image":[{"width":670,"height":450,"url":"https:\/\/akunq.net\/tr\/wp-content\/uploads\/sites\/6\/2021\/11\/\u015eu\u015fi.jpg","type":"image\/jpeg"}],"author":"admin","twitter_card":"summary_large_image","twitter_misc":{"Written by":"admin","Est. reading time":"1 minute"},"schema":{"@context":"https:\/\/schema.org","@graph":[{"@type":"Article","@id":"https:\/\/akunq.net\/tr\/?p=65865#article","isPartOf":{"@id":"https:\/\/akunq.net\/tr\/?p=65865"},"author":{"name":"admin","@id":"https:\/\/akunq.net\/tr\/#\/schema\/person\/096f1d38a12cce57fb855b485ed24c9e"},"headline":"Ermeni \u00f6rg\u00fctlerinin m\u00fcdahalesiyle Selanik&#8217;te toplu ta\u015f\u0131mada Azerbaycan reklam\u0131 kald\u0131r\u0131ld\u0131","datePublished":"2021-11-25T06:52:56+00:00","mainEntityOfPage":{"@id":"https:\/\/akunq.net\/tr\/?p=65865"},"wordCount":201,"commentCount":0,"image":{"@id":"https:\/\/akunq.net\/tr\/?p=65865#primaryimage"},"thumbnailUrl":"https:\/\/akunq.net\/tr\/wp-content\/uploads\/sites\/6\/2021\/11\/\u015eu\u015fi.jpg","articleSection":["Haberler"],"inLanguage":"en-US","potentialAction":[{"@type":"CommentAction","name":"Comment","target":["https:\/\/akunq.net\/tr\/?p=65865#respond"]}]},{"@type":"WebPage","@id":"https:\/\/akunq.net\/tr\/?p=65865","url":"https:\/\/akunq.net\/tr\/?p=65865","name":"Ermeni \u00f6rg\u00fctlerinin m\u00fcdahalesiyle Selanik'te toplu ta\u015f\u0131mada Azerbaycan reklam\u0131 kald\u0131r\u0131ld\u0131 - Bati Ermenistan Ve Bati Ermenileri Sorunlari Ara\u015ftirmalar Merkezi","isPartOf":{"@id":"https:\/\/akunq.net\/tr\/#website"},"primaryImageOfPage":{"@id":"https:\/\/akunq.net\/tr\/?p=65865#primaryimage"},"image":{"@id":"https:\/\/akunq.net\/tr\/?p=65865#primaryimage"},"thumbnailUrl":"https:\/\/akunq.net\/tr\/wp-content\/uploads\/sites\/6\/2021\/11\/\u015eu\u015fi.jpg","datePublished":"2021-11-25T06:52:56+00:00","author":{"@id":"https:\/\/akunq.net\/tr\/#\/schema\/person\/096f1d38a12cce57fb855b485ed24c9e"},"breadcrumb":{"@id":"https:\/\/akunq.net\/tr\/?p=65865#breadcrumb"},"inLanguage":"en-US","potentialAction":[{"@type":"ReadAction","target":["https:\/\/akunq.net\/tr\/?p=65865"]}]},{"@type":"ImageObject","inLanguage":"en-US","@id":"https:\/\/akunq.net\/tr\/?p=65865#primaryimage","url":"https:\/\/akunq.net\/tr\/wp-content\/uploads\/sites\/6\/2021\/11\/\u015eu\u015fi.jpg","contentUrl":"https:\/\/akunq.net\/tr\/wp-content\/uploads\/sites\/6\/2021\/11\/\u015eu\u015fi.jpg","width":670,"height":450},{"@type":"BreadcrumbList","@id":"https:\/\/akunq.net\/tr\/?p=65865#breadcrumb","itemListElement":[{"@type":"ListItem","position":1,"name":"Home","item":"https:\/\/akunq.net\/tr"},{"@type":"ListItem","position":2,"name":"Ermeni \u00f6rg\u00fctlerinin m\u00fcdahalesiyle Selanik&#8217;te toplu ta\u015f\u0131mada Azerbaycan reklam\u0131 kald\u0131r\u0131ld\u0131"}]},{"@type":"WebSite","@id":"https:\/\/akunq.net\/tr\/#website","url":"https:\/\/akunq.net\/tr\/","name":"Bati Ermenistan Ve Bati Ermenileri Sorunlari Ara\u015ftirmalar Merkezi","description":"","potentialAction":[{"@type":"SearchAction","target":{"@type":"EntryPoint","urlTemplate":"https:\/\/akunq.net\/tr\/?s={search_term_string}"},"query-input":{"@type":"PropertyValueSpecification","valueRequired":true,"valueName":"search_term_string"}}],"inLanguage":"en-US"},{"@type":"Person","@id":"https:\/\/akunq.net\/tr\/#\/schema\/person\/096f1d38a12cce57fb855b485ed24c9e","name":"admin","url":"https:\/\/akunq.net\/tr\/?author=7"}]}},"_links":{"self":[{"href":"https:\/\/akunq.net\/tr\/index.php?rest_route=\/wp\/v2\/posts\/65865","targetHints":{"allow":["GET"]}}],"collection":[{"href":"https:\/\/akunq.net\/tr\/index.php?rest_route=\/wp\/v2\/posts"}],"about":[{"href":"https:\/\/akunq.net\/tr\/index.php?rest_route=\/wp\/v2\/types\/post"}],"author":[{"embeddable":true,"href":"https:\/\/akunq.net\/tr\/index.php?rest_route=\/wp\/v2\/users\/7"}],"replies":[{"embeddable":true,"href":"https:\/\/akunq.net\/tr\/index.php?rest_route=%2Fwp%2Fv2%2Fcomments&post=65865"}],"version-history":[{"count":1,"href":"https:\/\/akunq.net\/tr\/index.php?rest_route=\/wp\/v2\/posts\/65865\/revisions"}],"predecessor-version":[{"id":65867,"href":"https:\/\/akunq.net\/tr\/index.php?rest_route=\/wp\/v2\/posts\/65865\/revisions\/65867"}],"wp:featuredmedia":[{"embeddable":true,"href":"https:\/\/akunq.net\/tr\/index.php?rest_route=\/wp\/v2\/media\/65866"}],"wp:attachment":[{"href":"https:\/\/akunq.net\/tr\/index.php?rest_route=%2Fwp%2Fv2%2Fmedia&parent=65865"}],"wp:term":[{"taxonomy":"category","embeddable":true,"href":"https:\/\/akunq.net\/tr\/index.php?rest_route=%2Fwp%2Fv2%2Fcategories&post=65865"},{"taxonomy":"post_tag","embeddable":true,"href":"https:\/\/akunq.net\/tr\/index.php?rest_route=%2Fwp%2Fv2%2Ftags&post=65865"}],"curies":[{"name":"wp","href":"https:\/\/api.w.org\/{rel}","templated":true}]}}