{"id":65850,"date":"2021-11-24T02:22:52","date_gmt":"2021-11-24T07:22:52","guid":{"rendered":"https:\/\/akunq.net\/tr\/?p=65850"},"modified":"2021-11-24T02:22:52","modified_gmt":"2021-11-24T07:22:52","slug":"definecilerin-actigi-cukurda-mahsur-kaldilar","status":"publish","type":"post","link":"https:\/\/akunq.net\/tr\/?p=65850","title":{"rendered":"Definecilerin a\u00e7t\u0131\u011f\u0131 \u00e7ukurda mahsur kald\u0131lar"},"content":{"rendered":"<p><img loading=\"lazy\" decoding=\"async\" class=\"aligncenter size-medium wp-image-65851\" src=\"https:\/\/akunq.net\/tr\/wp-content\/uploads\/2021\/11\/Definecilerin-a\u00e7t\u0131\u011f\u0131-\u00e7ukur-360x191.jpg\" alt=\"\" width=\"360\" height=\"191\" srcset=\"https:\/\/akunq.net\/tr\/wp-content\/uploads\/sites\/6\/2021\/11\/Definecilerin-a\u00e7t\u0131\u011f\u0131-\u00e7ukur-360x191.jpg 360w, https:\/\/akunq.net\/tr\/wp-content\/uploads\/sites\/6\/2021\/11\/Definecilerin-a\u00e7t\u0131\u011f\u0131-\u00e7ukur-560x296.jpg 560w, https:\/\/akunq.net\/tr\/wp-content\/uploads\/sites\/6\/2021\/11\/Definecilerin-a\u00e7t\u0131\u011f\u0131-\u00e7ukur-260x138.jpg 260w, https:\/\/akunq.net\/tr\/wp-content\/uploads\/sites\/6\/2021\/11\/Definecilerin-a\u00e7t\u0131\u011f\u0131-\u00e7ukur-160x85.jpg 160w, https:\/\/akunq.net\/tr\/wp-content\/uploads\/sites\/6\/2021\/11\/Definecilerin-a\u00e7t\u0131\u011f\u0131-\u00e7ukur.jpg 650w\" sizes=\"auto, (max-width: 360px) 100vw, 360px\" \/><\/p>\n<p><strong><em>Kocaeli\u2019de bir mezarl\u0131kta, defineciler taraf\u0131ndan a\u00e7\u0131ld\u0131\u011f\u0131 d\u00fc\u015f\u00fcn\u00fclen \u00e7ukura d\u00fc\u015fen 8 yavru k\u00f6pek, vatanda\u015flar\u0131n ihbar\u0131 \u00fczerine g\u00f6n\u00fcll\u00fc itfaiye ekibi taraf\u0131ndan kurtar\u0131ld\u0131.<\/em><\/strong><\/p>\n<p>Dilovas\u0131 il\u00e7esi Demirciler K\u00f6y\u00fc\u2019nde bulunan Asri Mezarl\u0131k\u2019ta, bir \u00e7ukura \u00e7ok say\u0131da yavru k\u00f6pe\u011fin d\u00fc\u015ferek mahsur kald\u0131\u011f\u0131 ve uzun s\u00fcre yiyecek ve i\u00e7ecek bulamad\u0131klar\u0131 i\u00e7in \u00f6lmek olduklar\u0131 ihbar\u0131 \u00fczerine, b\u00f6lgeye Mollafenari G\u00f6n\u00fcll\u00fc \u0130tfaiye ekibi sevk edildi. K\u00f6peklerin olduk\u00e7a k\u00f6t\u00fc durumda ve hareket edemediklerini fark eden itfaiye ekibi, hemen merdiven ile defineciler taraf\u0131ndan eski mezarl\u0131n bulundu\u011fu b\u00f6lgede a\u00e7\u0131lan \u00e7ukura inerek yavru k\u00f6pekleri kurtard\u0131. Yavru k\u00f6peklerin belediyenin veteriner ekiplerine teslim edilece\u011fi \u00f6\u011frenilirken, b\u00f6lge sakinleri \u00e7ukurlar\u0131n kapat\u0131lmas\u0131 gerekti\u011fini ifade etti.<\/p>\n<p><em><strong>ABBAS \u00c7AKAR<\/strong><\/em><\/p>\n<p><em><strong>https:\/\/www.sabah.com.tr\/yasam\/definecilerin-actigi-cukurda-mahsur-kaldilar-5756701\u00a0<\/strong><\/em><\/p>\n","protected":false},"excerpt":{"rendered":"<p>Kocaeli\u2019de bir mezarl\u0131kta, defineciler taraf\u0131ndan a\u00e7\u0131ld\u0131\u011f\u0131 d\u00fc\u015f\u00fcn\u00fclen \u00e7ukura d\u00fc\u015fen 8 yavru k\u00f6pek, vatanda\u015flar\u0131n ihbar\u0131 \u00fczerine g\u00f6n\u00fcll\u00fc itfaiye ekibi taraf\u0131ndan kurtar\u0131ld\u0131. Dilovas\u0131 il\u00e7esi Demirciler K\u00f6y\u00fc\u2019nde bulunan Asri Mezarl\u0131k\u2019ta, bir \u00e7ukura \u00e7ok say\u0131da yavru k\u00f6pe\u011fin d\u00fc\u015ferek mahsur kald\u0131\u011f\u0131 ve uzun s\u00fcre yiyecek ve i\u00e7ecek bulamad\u0131klar\u0131 i\u00e7in \u00f6lmek olduklar\u0131 ihbar\u0131 \u00fczerine, b\u00f6lgeye Mollafenari G\u00f6n\u00fcll\u00fc \u0130tfaiye ekibi sevk edildi. [&hellip;]<\/p>\n","protected":false},"author":7,"featured_media":65851,"comment_status":"open","ping_status":"open","sticky":false,"template":"","format":"standard","meta":{"footnotes":""},"categories":[1],"tags":[],"class_list":["post-65850","post","type-post","status-publish","format-standard","has-post-thumbnail","hentry","category-haberler"],"yoast_head":"<!-- This site is optimized with the Yoast SEO plugin v27.4 - https:\/\/yoast.com\/product\/yoast-seo-wordpress\/ -->\n<title>Definecilerin a\u00e7t\u0131\u011f\u0131 \u00e7ukurda mahsur kald\u0131lar - Bati Ermenistan Ve Bati Ermenileri Sorunlari Ara\u015ftirmalar Merkezi<\/title>\n<meta name=\"robots\" content=\"index, follow, max-snippet:-1, max-image-preview:large, max-video-preview:-1\" \/>\n<link rel=\"canonical\" href=\"https:\/\/akunq.net\/tr\/?p=65850\" \/>\n<meta property=\"og:locale\" content=\"en_US\" \/>\n<meta property=\"og:type\" content=\"article\" \/>\n<meta property=\"og:title\" content=\"Definecilerin a\u00e7t\u0131\u011f\u0131 \u00e7ukurda mahsur kald\u0131lar - Bati Ermenistan Ve Bati Ermenileri Sorunlari Ara\u015ftirmalar Merkezi\" \/>\n<meta property=\"og:description\" content=\"Kocaeli\u2019de bir mezarl\u0131kta, defineciler taraf\u0131ndan a\u00e7\u0131ld\u0131\u011f\u0131 d\u00fc\u015f\u00fcn\u00fclen \u00e7ukura d\u00fc\u015fen 8 yavru k\u00f6pek, vatanda\u015flar\u0131n ihbar\u0131 \u00fczerine g\u00f6n\u00fcll\u00fc itfaiye ekibi taraf\u0131ndan kurtar\u0131ld\u0131. Dilovas\u0131 il\u00e7esi Demirciler K\u00f6y\u00fc\u2019nde bulunan Asri Mezarl\u0131k\u2019ta, bir \u00e7ukura \u00e7ok say\u0131da yavru k\u00f6pe\u011fin d\u00fc\u015ferek mahsur kald\u0131\u011f\u0131 ve uzun s\u00fcre yiyecek ve i\u00e7ecek bulamad\u0131klar\u0131 i\u00e7in \u00f6lmek olduklar\u0131 ihbar\u0131 \u00fczerine, b\u00f6lgeye Mollafenari G\u00f6n\u00fcll\u00fc \u0130tfaiye ekibi sevk edildi. [&hellip;]\" \/>\n<meta property=\"og:url\" content=\"https:\/\/akunq.net\/tr\/?p=65850\" \/>\n<meta property=\"og:site_name\" content=\"Bati Ermenistan Ve Bati Ermenileri Sorunlari Ara\u015ftirmalar Merkezi\" \/>\n<meta property=\"article:published_time\" content=\"2021-11-24T07:22:52+00:00\" \/>\n<meta property=\"og:image\" content=\"https:\/\/akunq.net\/tr\/wp-content\/uploads\/sites\/6\/2021\/11\/Definecilerin-a\u00e7t\u0131\u011f\u0131-\u00e7ukur.jpg\" \/>\n\t<meta property=\"og:image:width\" content=\"650\" \/>\n\t<meta property=\"og:image:height\" content=\"344\" \/>\n\t<meta property=\"og:image:type\" content=\"image\/jpeg\" \/>\n<meta name=\"author\" content=\"admin\" \/>\n<meta name=\"twitter:card\" content=\"summary_large_image\" \/>\n<meta name=\"twitter:label1\" content=\"Written by\" \/>\n\t<meta name=\"twitter:data1\" content=\"admin\" \/>\n\t<meta name=\"twitter:label2\" content=\"Est. reading time\" \/>\n\t<meta name=\"twitter:data2\" content=\"1 minute\" \/>\n<script type=\"application\/ld+json\" class=\"yoast-schema-graph\">{\"@context\":\"https:\\\/\\\/schema.org\",\"@graph\":[{\"@type\":\"Article\",\"@id\":\"https:\\\/\\\/akunq.net\\\/tr\\\/?p=65850#article\",\"isPartOf\":{\"@id\":\"https:\\\/\\\/akunq.net\\\/tr\\\/?p=65850\"},\"author\":{\"name\":\"admin\",\"@id\":\"https:\\\/\\\/akunq.net\\\/tr\\\/#\\\/schema\\\/person\\\/096f1d38a12cce57fb855b485ed24c9e\"},\"headline\":\"Definecilerin a\u00e7t\u0131\u011f\u0131 \u00e7ukurda mahsur kald\u0131lar\",\"datePublished\":\"2021-11-24T07:22:52+00:00\",\"mainEntityOfPage\":{\"@id\":\"https:\\\/\\\/akunq.net\\\/tr\\\/?p=65850\"},\"wordCount\":156,\"commentCount\":0,\"image\":{\"@id\":\"https:\\\/\\\/akunq.net\\\/tr\\\/?p=65850#primaryimage\"},\"thumbnailUrl\":\"https:\\\/\\\/akunq.net\\\/tr\\\/wp-content\\\/uploads\\\/sites\\\/6\\\/2021\\\/11\\\/Definecilerin-a\u00e7t\u0131\u011f\u0131-\u00e7ukur.jpg\",\"articleSection\":[\"Haberler\"],\"inLanguage\":\"en-US\",\"potentialAction\":[{\"@type\":\"CommentAction\",\"name\":\"Comment\",\"target\":[\"https:\\\/\\\/akunq.net\\\/tr\\\/?p=65850#respond\"]}]},{\"@type\":\"WebPage\",\"@id\":\"https:\\\/\\\/akunq.net\\\/tr\\\/?p=65850\",\"url\":\"https:\\\/\\\/akunq.net\\\/tr\\\/?p=65850\",\"name\":\"Definecilerin a\u00e7t\u0131\u011f\u0131 \u00e7ukurda mahsur kald\u0131lar - Bati Ermenistan Ve Bati Ermenileri Sorunlari Ara\u015ftirmalar Merkezi\",\"isPartOf\":{\"@id\":\"https:\\\/\\\/akunq.net\\\/tr\\\/#website\"},\"primaryImageOfPage\":{\"@id\":\"https:\\\/\\\/akunq.net\\\/tr\\\/?p=65850#primaryimage\"},\"image\":{\"@id\":\"https:\\\/\\\/akunq.net\\\/tr\\\/?p=65850#primaryimage\"},\"thumbnailUrl\":\"https:\\\/\\\/akunq.net\\\/tr\\\/wp-content\\\/uploads\\\/sites\\\/6\\\/2021\\\/11\\\/Definecilerin-a\u00e7t\u0131\u011f\u0131-\u00e7ukur.jpg\",\"datePublished\":\"2021-11-24T07:22:52+00:00\",\"author\":{\"@id\":\"https:\\\/\\\/akunq.net\\\/tr\\\/#\\\/schema\\\/person\\\/096f1d38a12cce57fb855b485ed24c9e\"},\"breadcrumb\":{\"@id\":\"https:\\\/\\\/akunq.net\\\/tr\\\/?p=65850#breadcrumb\"},\"inLanguage\":\"en-US\",\"potentialAction\":[{\"@type\":\"ReadAction\",\"target\":[\"https:\\\/\\\/akunq.net\\\/tr\\\/?p=65850\"]}]},{\"@type\":\"ImageObject\",\"inLanguage\":\"en-US\",\"@id\":\"https:\\\/\\\/akunq.net\\\/tr\\\/?p=65850#primaryimage\",\"url\":\"https:\\\/\\\/akunq.net\\\/tr\\\/wp-content\\\/uploads\\\/sites\\\/6\\\/2021\\\/11\\\/Definecilerin-a\u00e7t\u0131\u011f\u0131-\u00e7ukur.jpg\",\"contentUrl\":\"https:\\\/\\\/akunq.net\\\/tr\\\/wp-content\\\/uploads\\\/sites\\\/6\\\/2021\\\/11\\\/Definecilerin-a\u00e7t\u0131\u011f\u0131-\u00e7ukur.jpg\",\"width\":650,\"height\":344},{\"@type\":\"BreadcrumbList\",\"@id\":\"https:\\\/\\\/akunq.net\\\/tr\\\/?p=65850#breadcrumb\",\"itemListElement\":[{\"@type\":\"ListItem\",\"position\":1,\"name\":\"Home\",\"item\":\"https:\\\/\\\/akunq.net\\\/tr\"},{\"@type\":\"ListItem\",\"position\":2,\"name\":\"Definecilerin a\u00e7t\u0131\u011f\u0131 \u00e7ukurda mahsur kald\u0131lar\"}]},{\"@type\":\"WebSite\",\"@id\":\"https:\\\/\\\/akunq.net\\\/tr\\\/#website\",\"url\":\"https:\\\/\\\/akunq.net\\\/tr\\\/\",\"name\":\"Bati Ermenistan Ve Bati Ermenileri Sorunlari Ara\u015ftirmalar Merkezi\",\"description\":\"\",\"potentialAction\":[{\"@type\":\"SearchAction\",\"target\":{\"@type\":\"EntryPoint\",\"urlTemplate\":\"https:\\\/\\\/akunq.net\\\/tr\\\/?s={search_term_string}\"},\"query-input\":{\"@type\":\"PropertyValueSpecification\",\"valueRequired\":true,\"valueName\":\"search_term_string\"}}],\"inLanguage\":\"en-US\"},{\"@type\":\"Person\",\"@id\":\"https:\\\/\\\/akunq.net\\\/tr\\\/#\\\/schema\\\/person\\\/096f1d38a12cce57fb855b485ed24c9e\",\"name\":\"admin\",\"url\":\"https:\\\/\\\/akunq.net\\\/tr\\\/?author=7\"}]}<\/script>\n<!-- \/ Yoast SEO plugin. -->","yoast_head_json":{"title":"Definecilerin a\u00e7t\u0131\u011f\u0131 \u00e7ukurda mahsur kald\u0131lar - Bati Ermenistan Ve Bati Ermenileri Sorunlari Ara\u015ftirmalar Merkezi","robots":{"index":"index","follow":"follow","max-snippet":"max-snippet:-1","max-image-preview":"max-image-preview:large","max-video-preview":"max-video-preview:-1"},"canonical":"https:\/\/akunq.net\/tr\/?p=65850","og_locale":"en_US","og_type":"article","og_title":"Definecilerin a\u00e7t\u0131\u011f\u0131 \u00e7ukurda mahsur kald\u0131lar - Bati Ermenistan Ve Bati Ermenileri Sorunlari Ara\u015ftirmalar Merkezi","og_description":"Kocaeli\u2019de bir mezarl\u0131kta, defineciler taraf\u0131ndan a\u00e7\u0131ld\u0131\u011f\u0131 d\u00fc\u015f\u00fcn\u00fclen \u00e7ukura d\u00fc\u015fen 8 yavru k\u00f6pek, vatanda\u015flar\u0131n ihbar\u0131 \u00fczerine g\u00f6n\u00fcll\u00fc itfaiye ekibi taraf\u0131ndan kurtar\u0131ld\u0131. Dilovas\u0131 il\u00e7esi Demirciler K\u00f6y\u00fc\u2019nde bulunan Asri Mezarl\u0131k\u2019ta, bir \u00e7ukura \u00e7ok say\u0131da yavru k\u00f6pe\u011fin d\u00fc\u015ferek mahsur kald\u0131\u011f\u0131 ve uzun s\u00fcre yiyecek ve i\u00e7ecek bulamad\u0131klar\u0131 i\u00e7in \u00f6lmek olduklar\u0131 ihbar\u0131 \u00fczerine, b\u00f6lgeye Mollafenari G\u00f6n\u00fcll\u00fc \u0130tfaiye ekibi sevk edildi. [&hellip;]","og_url":"https:\/\/akunq.net\/tr\/?p=65850","og_site_name":"Bati Ermenistan Ve Bati Ermenileri Sorunlari Ara\u015ftirmalar Merkezi","article_published_time":"2021-11-24T07:22:52+00:00","og_image":[{"width":650,"height":344,"url":"https:\/\/akunq.net\/tr\/wp-content\/uploads\/sites\/6\/2021\/11\/Definecilerin-a\u00e7t\u0131\u011f\u0131-\u00e7ukur.jpg","type":"image\/jpeg"}],"author":"admin","twitter_card":"summary_large_image","twitter_misc":{"Written by":"admin","Est. reading time":"1 minute"},"schema":{"@context":"https:\/\/schema.org","@graph":[{"@type":"Article","@id":"https:\/\/akunq.net\/tr\/?p=65850#article","isPartOf":{"@id":"https:\/\/akunq.net\/tr\/?p=65850"},"author":{"name":"admin","@id":"https:\/\/akunq.net\/tr\/#\/schema\/person\/096f1d38a12cce57fb855b485ed24c9e"},"headline":"Definecilerin a\u00e7t\u0131\u011f\u0131 \u00e7ukurda mahsur kald\u0131lar","datePublished":"2021-11-24T07:22:52+00:00","mainEntityOfPage":{"@id":"https:\/\/akunq.net\/tr\/?p=65850"},"wordCount":156,"commentCount":0,"image":{"@id":"https:\/\/akunq.net\/tr\/?p=65850#primaryimage"},"thumbnailUrl":"https:\/\/akunq.net\/tr\/wp-content\/uploads\/sites\/6\/2021\/11\/Definecilerin-a\u00e7t\u0131\u011f\u0131-\u00e7ukur.jpg","articleSection":["Haberler"],"inLanguage":"en-US","potentialAction":[{"@type":"CommentAction","name":"Comment","target":["https:\/\/akunq.net\/tr\/?p=65850#respond"]}]},{"@type":"WebPage","@id":"https:\/\/akunq.net\/tr\/?p=65850","url":"https:\/\/akunq.net\/tr\/?p=65850","name":"Definecilerin a\u00e7t\u0131\u011f\u0131 \u00e7ukurda mahsur kald\u0131lar - Bati Ermenistan Ve Bati Ermenileri Sorunlari Ara\u015ftirmalar Merkezi","isPartOf":{"@id":"https:\/\/akunq.net\/tr\/#website"},"primaryImageOfPage":{"@id":"https:\/\/akunq.net\/tr\/?p=65850#primaryimage"},"image":{"@id":"https:\/\/akunq.net\/tr\/?p=65850#primaryimage"},"thumbnailUrl":"https:\/\/akunq.net\/tr\/wp-content\/uploads\/sites\/6\/2021\/11\/Definecilerin-a\u00e7t\u0131\u011f\u0131-\u00e7ukur.jpg","datePublished":"2021-11-24T07:22:52+00:00","author":{"@id":"https:\/\/akunq.net\/tr\/#\/schema\/person\/096f1d38a12cce57fb855b485ed24c9e"},"breadcrumb":{"@id":"https:\/\/akunq.net\/tr\/?p=65850#breadcrumb"},"inLanguage":"en-US","potentialAction":[{"@type":"ReadAction","target":["https:\/\/akunq.net\/tr\/?p=65850"]}]},{"@type":"ImageObject","inLanguage":"en-US","@id":"https:\/\/akunq.net\/tr\/?p=65850#primaryimage","url":"https:\/\/akunq.net\/tr\/wp-content\/uploads\/sites\/6\/2021\/11\/Definecilerin-a\u00e7t\u0131\u011f\u0131-\u00e7ukur.jpg","contentUrl":"https:\/\/akunq.net\/tr\/wp-content\/uploads\/sites\/6\/2021\/11\/Definecilerin-a\u00e7t\u0131\u011f\u0131-\u00e7ukur.jpg","width":650,"height":344},{"@type":"BreadcrumbList","@id":"https:\/\/akunq.net\/tr\/?p=65850#breadcrumb","itemListElement":[{"@type":"ListItem","position":1,"name":"Home","item":"https:\/\/akunq.net\/tr"},{"@type":"ListItem","position":2,"name":"Definecilerin a\u00e7t\u0131\u011f\u0131 \u00e7ukurda mahsur kald\u0131lar"}]},{"@type":"WebSite","@id":"https:\/\/akunq.net\/tr\/#website","url":"https:\/\/akunq.net\/tr\/","name":"Bati Ermenistan Ve Bati Ermenileri Sorunlari Ara\u015ftirmalar Merkezi","description":"","potentialAction":[{"@type":"SearchAction","target":{"@type":"EntryPoint","urlTemplate":"https:\/\/akunq.net\/tr\/?s={search_term_string}"},"query-input":{"@type":"PropertyValueSpecification","valueRequired":true,"valueName":"search_term_string"}}],"inLanguage":"en-US"},{"@type":"Person","@id":"https:\/\/akunq.net\/tr\/#\/schema\/person\/096f1d38a12cce57fb855b485ed24c9e","name":"admin","url":"https:\/\/akunq.net\/tr\/?author=7"}]}},"_links":{"self":[{"href":"https:\/\/akunq.net\/tr\/index.php?rest_route=\/wp\/v2\/posts\/65850","targetHints":{"allow":["GET"]}}],"collection":[{"href":"https:\/\/akunq.net\/tr\/index.php?rest_route=\/wp\/v2\/posts"}],"about":[{"href":"https:\/\/akunq.net\/tr\/index.php?rest_route=\/wp\/v2\/types\/post"}],"author":[{"embeddable":true,"href":"https:\/\/akunq.net\/tr\/index.php?rest_route=\/wp\/v2\/users\/7"}],"replies":[{"embeddable":true,"href":"https:\/\/akunq.net\/tr\/index.php?rest_route=%2Fwp%2Fv2%2Fcomments&post=65850"}],"version-history":[{"count":1,"href":"https:\/\/akunq.net\/tr\/index.php?rest_route=\/wp\/v2\/posts\/65850\/revisions"}],"predecessor-version":[{"id":65852,"href":"https:\/\/akunq.net\/tr\/index.php?rest_route=\/wp\/v2\/posts\/65850\/revisions\/65852"}],"wp:featuredmedia":[{"embeddable":true,"href":"https:\/\/akunq.net\/tr\/index.php?rest_route=\/wp\/v2\/media\/65851"}],"wp:attachment":[{"href":"https:\/\/akunq.net\/tr\/index.php?rest_route=%2Fwp%2Fv2%2Fmedia&parent=65850"}],"wp:term":[{"taxonomy":"category","embeddable":true,"href":"https:\/\/akunq.net\/tr\/index.php?rest_route=%2Fwp%2Fv2%2Fcategories&post=65850"},{"taxonomy":"post_tag","embeddable":true,"href":"https:\/\/akunq.net\/tr\/index.php?rest_route=%2Fwp%2Fv2%2Ftags&post=65850"}],"curies":[{"name":"wp","href":"https:\/\/api.w.org\/{rel}","templated":true}]}}