{"id":65831,"date":"2021-11-23T03:28:54","date_gmt":"2021-11-23T08:28:54","guid":{"rendered":"https:\/\/akunq.net\/tr\/?p=65831"},"modified":"2021-11-23T03:28:54","modified_gmt":"2021-11-23T08:28:54","slug":"ergany-kilisesi-bakimsizlik-nedeniyle-harabeye-dondu","status":"publish","type":"post","link":"https:\/\/akunq.net\/tr\/?p=65831","title":{"rendered":"Ergany Kilisesi bak\u0131ms\u0131zl\u0131k nedeniyle harabeye d\u00f6nd\u00fc"},"content":{"rendered":"<p><img loading=\"lazy\" decoding=\"async\" class=\"aligncenter size-medium wp-image-65832\" src=\"https:\/\/akunq.net\/tr\/wp-content\/uploads\/2021\/11\/Ergany-Kilisesi-360x240.jpg\" alt=\"\" width=\"360\" height=\"240\" srcset=\"https:\/\/akunq.net\/tr\/wp-content\/uploads\/sites\/6\/2021\/11\/Ergany-Kilisesi-360x240.jpg 360w, https:\/\/akunq.net\/tr\/wp-content\/uploads\/sites\/6\/2021\/11\/Ergany-Kilisesi-768x512.jpg 768w, https:\/\/akunq.net\/tr\/wp-content\/uploads\/sites\/6\/2021\/11\/Ergany-Kilisesi-560x373.jpg 560w, https:\/\/akunq.net\/tr\/wp-content\/uploads\/sites\/6\/2021\/11\/Ergany-Kilisesi-260x173.jpg 260w, https:\/\/akunq.net\/tr\/wp-content\/uploads\/sites\/6\/2021\/11\/Ergany-Kilisesi-160x107.jpg 160w, https:\/\/akunq.net\/tr\/wp-content\/uploads\/sites\/6\/2021\/11\/Ergany-Kilisesi.jpg 840w\" sizes=\"auto, (max-width: 360px) 100vw, 360px\" \/><\/p>\n<p><em><strong>Ermenilere ait b\u00fcy\u00fck kiliselerden olan Ergany Kilisesi, bak\u0131ms\u0131zl\u0131k nedeniyle harabeye d\u00f6nd\u00fc.<\/strong><\/em><\/p>\n<p><strong>Cengiz \u00d6ZBASAR<\/strong><\/p>\n<p>Dersim\u2019in Hozat il\u00e7esine ba\u011fl\u0131 Ergen (Ge\u00e7imli) k\u00f6y\u00fcnde bulunan Ergany Kilisesi, k\u00f6yde bulunan son Ermeni\u2019nin ya\u015fam\u0131n\u0131 yitirmesinden sonra bak\u0131ms\u0131zl\u0131ktan harabeye d\u00f6n\u00fc\u015ft\u00fc. Ta\u015f duvarlar\u0131nda bulunan kitabeye g\u00f6re kilise, 975 y\u0131l\u0131nda Prens Hancit Mxit taraf\u0131ndan Meryem Ana an\u0131s\u0131na in\u015fa edildi. S\u00f6z konusu duvarda kaz\u0131ma tekni\u011fiyle yaz\u0131lan kitabede, \u201cBu sunak Beyt\u00fcllahim\u2019de Kutsal Ruh\u2019un g\u00f6lgesindeki \u00f6rt\u00fc ile \u0130sa Mesih\u2019i do\u011furarak babas\u0131n\u0131 sevindiren ve ya\u015fatan Rabb\u2019in annesinindir. Senin i\u00e7in dua ediyorum Kutsal Hizmetkar\u0131n\u0131z Mxit\u2019ar. B\u00fcy\u00fck ve Tanr\u0131m\u0131z, beni, benden \u00f6nce, kutsal do\u011fu\u015funuz i\u00e7in \u015fehit olan Beytullahim\u2019in \u00e7ocuklar\u0131na g\u00f6re s\u0131ralas\u0131n. Ve bu suna\u011f\u0131 975\u2019te yapt\u0131m\u201d bilgisi yer al\u0131yor.<\/p>\n<p>Tamam\u0131 kesme ta\u015flardan in\u015fa edilen kilisenin yap\u0131s\u0131nda bulunan ta\u015flar\u0131n i\u015flemesinde, oyma, kabartma ve kaz\u0131ma teknikleri kullan\u0131lm\u0131\u015f. Ermeni kiliselerinin \u00e7o\u011funda bulunan ve \u201ckhatchkar\/kha\u00e7kar\u201d olarak isimlendirilen ha\u00e7 tasvirleri, yine bu kilisede de ta\u015flara i\u015flenmi\u015f.<\/p>\n<p>Ermenilere 1915 soyk\u0131r\u0131m\u0131nda, kilisenin son rahibi kilisede yak\u0131larak \u00f6ld\u00fcr\u00fcl\u00fcr. Son rahibin \u00f6ld\u00fcr\u00fclmesinin ard\u0131ndan Ergany ismi Ergen olarak de\u011fi\u015ftirilir. 1950 sonras\u0131 ise Ergen ismi Ge\u00e7imli olarak de\u011fi\u015ftirilir. Ard\u0131ndan bak\u0131ms\u0131zl\u0131ktan \u00f6nce kilisenin dam\u0131 \u00e7\u00f6ker, sonras\u0131nda ise duvarlar\u0131 y\u0131k\u0131lmaya ba\u015flar. Yine b\u00f6lgede bulunan baz\u0131 kimseler taraf\u0131ndan kilise duvarlar\u0131 tahrip edilmi\u015f durumda. Kilise duvarlar\u0131na yap\u0131lan boya ve da kiliseyi tahrip etmi\u015f durumda.<\/p>\n<p>Kilisenin koruma alt\u0131na al\u0131nmas\u0131 amac\u0131yla Tunceli \u0130l K\u00fclt\u00fcr ve Turizm M\u00fcd\u00fcrl\u00fc\u011f\u00fc taraf\u0131ndan Erzurum K\u00fclt\u00fcr Varl\u0131klar\u0131n\u0131 Koruma Kurulu\u2019na 2012 y\u0131l\u0131nda yap\u0131lan ba\u015fvurunun kabul edilmesine ra\u011fmen, kilisenin korunmas\u0131 veya restore edilmesine y\u00f6nelik bir \u00e7al\u0131\u015fma yap\u0131lmad\u0131.\u00a0<strong>(Dersim\/MA)<\/strong><\/p>\n<figure class=\"wp-block-image\"><img decoding=\"async\" src=\"https:\/\/i1.wp.com\/www.evrensel.net\/upload\/dosya\/198741.jpg?ssl=1\" alt=\"Kilise\" data-recalc-dims=\"1\" \/><\/figure>\n<figure class=\"wp-block-image\"><img decoding=\"async\" src=\"https:\/\/i1.wp.com\/www.evrensel.net\/images\/600\/upload\/dosya\/198742.jpg?ssl=1\" alt=\"Kilise\" data-recalc-dims=\"1\" \/><figcaption><strong><em>Foto\u011fraf: MA<\/em><\/strong><\/figcaption><\/figure>\n<p><strong><em><a href=\"https:\/\/www.evrensel.net\/haber\/448409\/ergany-kilisesi-bakimsizlik-nedeniyle-harabeye-dondu\">https:\/\/www.evrensel.net\/haber\/448409\/ergany-kilisesi-bakimsizlik-nedeniyle-harabeye-dondu<\/a>\u00a0<\/em><\/strong><\/p>\n","protected":false},"excerpt":{"rendered":"<p>Ermenilere ait b\u00fcy\u00fck kiliselerden olan Ergany Kilisesi, bak\u0131ms\u0131zl\u0131k nedeniyle harabeye d\u00f6nd\u00fc. Cengiz \u00d6ZBASAR Dersim\u2019in Hozat il\u00e7esine ba\u011fl\u0131 Ergen (Ge\u00e7imli) k\u00f6y\u00fcnde bulunan Ergany Kilisesi, k\u00f6yde bulunan son Ermeni\u2019nin ya\u015fam\u0131n\u0131 yitirmesinden sonra bak\u0131ms\u0131zl\u0131ktan harabeye d\u00f6n\u00fc\u015ft\u00fc. Ta\u015f duvarlar\u0131nda bulunan kitabeye g\u00f6re kilise, 975 y\u0131l\u0131nda Prens Hancit Mxit taraf\u0131ndan Meryem Ana an\u0131s\u0131na in\u015fa edildi. S\u00f6z konusu duvarda kaz\u0131ma tekni\u011fiyle [&hellip;]<\/p>\n","protected":false},"author":7,"featured_media":65832,"comment_status":"open","ping_status":"open","sticky":false,"template":"","format":"standard","meta":{"footnotes":""},"categories":[22,1],"tags":[],"class_list":["post-65831","post","type-post","status-publish","format-standard","has-post-thumbnail","hentry","category-gunumuzde-bati-ermenistan","category-haberler"],"yoast_head":"<!-- This site is optimized with the Yoast SEO plugin v27.4 - https:\/\/yoast.com\/product\/yoast-seo-wordpress\/ -->\n<title>Ergany Kilisesi bak\u0131ms\u0131zl\u0131k nedeniyle harabeye d\u00f6nd\u00fc - Bati Ermenistan Ve Bati Ermenileri Sorunlari Ara\u015ftirmalar Merkezi<\/title>\n<meta name=\"robots\" content=\"index, follow, max-snippet:-1, max-image-preview:large, max-video-preview:-1\" \/>\n<link rel=\"canonical\" href=\"https:\/\/akunq.net\/tr\/?p=65831\" \/>\n<meta property=\"og:locale\" content=\"en_US\" \/>\n<meta property=\"og:type\" content=\"article\" \/>\n<meta property=\"og:title\" content=\"Ergany Kilisesi bak\u0131ms\u0131zl\u0131k nedeniyle harabeye d\u00f6nd\u00fc - Bati Ermenistan Ve Bati Ermenileri Sorunlari Ara\u015ftirmalar Merkezi\" \/>\n<meta property=\"og:description\" content=\"Ermenilere ait b\u00fcy\u00fck kiliselerden olan Ergany Kilisesi, bak\u0131ms\u0131zl\u0131k nedeniyle harabeye d\u00f6nd\u00fc. Cengiz \u00d6ZBASAR Dersim\u2019in Hozat il\u00e7esine ba\u011fl\u0131 Ergen (Ge\u00e7imli) k\u00f6y\u00fcnde bulunan Ergany Kilisesi, k\u00f6yde bulunan son Ermeni\u2019nin ya\u015fam\u0131n\u0131 yitirmesinden sonra bak\u0131ms\u0131zl\u0131ktan harabeye d\u00f6n\u00fc\u015ft\u00fc. Ta\u015f duvarlar\u0131nda bulunan kitabeye g\u00f6re kilise, 975 y\u0131l\u0131nda Prens Hancit Mxit taraf\u0131ndan Meryem Ana an\u0131s\u0131na in\u015fa edildi. S\u00f6z konusu duvarda kaz\u0131ma tekni\u011fiyle [&hellip;]\" \/>\n<meta property=\"og:url\" content=\"https:\/\/akunq.net\/tr\/?p=65831\" \/>\n<meta property=\"og:site_name\" content=\"Bati Ermenistan Ve Bati Ermenileri Sorunlari Ara\u015ftirmalar Merkezi\" \/>\n<meta property=\"article:published_time\" content=\"2021-11-23T08:28:54+00:00\" \/>\n<meta property=\"og:image\" content=\"https:\/\/akunq.net\/tr\/wp-content\/uploads\/sites\/6\/2021\/11\/Ergany-Kilisesi.jpg\" \/>\n\t<meta property=\"og:image:width\" content=\"840\" \/>\n\t<meta property=\"og:image:height\" content=\"560\" \/>\n\t<meta property=\"og:image:type\" content=\"image\/jpeg\" \/>\n<meta name=\"author\" content=\"admin\" \/>\n<meta name=\"twitter:card\" content=\"summary_large_image\" \/>\n<meta name=\"twitter:label1\" content=\"Written by\" \/>\n\t<meta name=\"twitter:data1\" content=\"admin\" \/>\n\t<meta name=\"twitter:label2\" content=\"Est. reading time\" \/>\n\t<meta name=\"twitter:data2\" content=\"2 minutes\" \/>\n<script type=\"application\/ld+json\" class=\"yoast-schema-graph\">{\"@context\":\"https:\\\/\\\/schema.org\",\"@graph\":[{\"@type\":\"Article\",\"@id\":\"https:\\\/\\\/akunq.net\\\/tr\\\/?p=65831#article\",\"isPartOf\":{\"@id\":\"https:\\\/\\\/akunq.net\\\/tr\\\/?p=65831\"},\"author\":{\"name\":\"admin\",\"@id\":\"https:\\\/\\\/akunq.net\\\/tr\\\/#\\\/schema\\\/person\\\/096f1d38a12cce57fb855b485ed24c9e\"},\"headline\":\"Ergany Kilisesi bak\u0131ms\u0131zl\u0131k nedeniyle harabeye d\u00f6nd\u00fc\",\"datePublished\":\"2021-11-23T08:28:54+00:00\",\"mainEntityOfPage\":{\"@id\":\"https:\\\/\\\/akunq.net\\\/tr\\\/?p=65831\"},\"wordCount\":366,\"commentCount\":0,\"image\":{\"@id\":\"https:\\\/\\\/akunq.net\\\/tr\\\/?p=65831#primaryimage\"},\"thumbnailUrl\":\"https:\\\/\\\/akunq.net\\\/tr\\\/wp-content\\\/uploads\\\/sites\\\/6\\\/2021\\\/11\\\/Ergany-Kilisesi.jpg\",\"articleSection\":[\"G\u00fcn\u00fcm\u00fczde Bat\u0131 Ermenistan\",\"Haberler\"],\"inLanguage\":\"en-US\",\"potentialAction\":[{\"@type\":\"CommentAction\",\"name\":\"Comment\",\"target\":[\"https:\\\/\\\/akunq.net\\\/tr\\\/?p=65831#respond\"]}]},{\"@type\":\"WebPage\",\"@id\":\"https:\\\/\\\/akunq.net\\\/tr\\\/?p=65831\",\"url\":\"https:\\\/\\\/akunq.net\\\/tr\\\/?p=65831\",\"name\":\"Ergany Kilisesi bak\u0131ms\u0131zl\u0131k nedeniyle harabeye d\u00f6nd\u00fc - Bati Ermenistan Ve Bati Ermenileri Sorunlari Ara\u015ftirmalar Merkezi\",\"isPartOf\":{\"@id\":\"https:\\\/\\\/akunq.net\\\/tr\\\/#website\"},\"primaryImageOfPage\":{\"@id\":\"https:\\\/\\\/akunq.net\\\/tr\\\/?p=65831#primaryimage\"},\"image\":{\"@id\":\"https:\\\/\\\/akunq.net\\\/tr\\\/?p=65831#primaryimage\"},\"thumbnailUrl\":\"https:\\\/\\\/akunq.net\\\/tr\\\/wp-content\\\/uploads\\\/sites\\\/6\\\/2021\\\/11\\\/Ergany-Kilisesi.jpg\",\"datePublished\":\"2021-11-23T08:28:54+00:00\",\"author\":{\"@id\":\"https:\\\/\\\/akunq.net\\\/tr\\\/#\\\/schema\\\/person\\\/096f1d38a12cce57fb855b485ed24c9e\"},\"breadcrumb\":{\"@id\":\"https:\\\/\\\/akunq.net\\\/tr\\\/?p=65831#breadcrumb\"},\"inLanguage\":\"en-US\",\"potentialAction\":[{\"@type\":\"ReadAction\",\"target\":[\"https:\\\/\\\/akunq.net\\\/tr\\\/?p=65831\"]}]},{\"@type\":\"ImageObject\",\"inLanguage\":\"en-US\",\"@id\":\"https:\\\/\\\/akunq.net\\\/tr\\\/?p=65831#primaryimage\",\"url\":\"https:\\\/\\\/akunq.net\\\/tr\\\/wp-content\\\/uploads\\\/sites\\\/6\\\/2021\\\/11\\\/Ergany-Kilisesi.jpg\",\"contentUrl\":\"https:\\\/\\\/akunq.net\\\/tr\\\/wp-content\\\/uploads\\\/sites\\\/6\\\/2021\\\/11\\\/Ergany-Kilisesi.jpg\",\"width\":840,\"height\":560},{\"@type\":\"BreadcrumbList\",\"@id\":\"https:\\\/\\\/akunq.net\\\/tr\\\/?p=65831#breadcrumb\",\"itemListElement\":[{\"@type\":\"ListItem\",\"position\":1,\"name\":\"Home\",\"item\":\"https:\\\/\\\/akunq.net\\\/tr\"},{\"@type\":\"ListItem\",\"position\":2,\"name\":\"Ergany Kilisesi bak\u0131ms\u0131zl\u0131k nedeniyle harabeye d\u00f6nd\u00fc\"}]},{\"@type\":\"WebSite\",\"@id\":\"https:\\\/\\\/akunq.net\\\/tr\\\/#website\",\"url\":\"https:\\\/\\\/akunq.net\\\/tr\\\/\",\"name\":\"Bati Ermenistan Ve Bati Ermenileri Sorunlari Ara\u015ftirmalar Merkezi\",\"description\":\"\",\"potentialAction\":[{\"@type\":\"SearchAction\",\"target\":{\"@type\":\"EntryPoint\",\"urlTemplate\":\"https:\\\/\\\/akunq.net\\\/tr\\\/?s={search_term_string}\"},\"query-input\":{\"@type\":\"PropertyValueSpecification\",\"valueRequired\":true,\"valueName\":\"search_term_string\"}}],\"inLanguage\":\"en-US\"},{\"@type\":\"Person\",\"@id\":\"https:\\\/\\\/akunq.net\\\/tr\\\/#\\\/schema\\\/person\\\/096f1d38a12cce57fb855b485ed24c9e\",\"name\":\"admin\",\"url\":\"https:\\\/\\\/akunq.net\\\/tr\\\/?author=7\"}]}<\/script>\n<!-- \/ Yoast SEO plugin. -->","yoast_head_json":{"title":"Ergany Kilisesi bak\u0131ms\u0131zl\u0131k nedeniyle harabeye d\u00f6nd\u00fc - Bati Ermenistan Ve Bati Ermenileri Sorunlari Ara\u015ftirmalar Merkezi","robots":{"index":"index","follow":"follow","max-snippet":"max-snippet:-1","max-image-preview":"max-image-preview:large","max-video-preview":"max-video-preview:-1"},"canonical":"https:\/\/akunq.net\/tr\/?p=65831","og_locale":"en_US","og_type":"article","og_title":"Ergany Kilisesi bak\u0131ms\u0131zl\u0131k nedeniyle harabeye d\u00f6nd\u00fc - Bati Ermenistan Ve Bati Ermenileri Sorunlari Ara\u015ftirmalar Merkezi","og_description":"Ermenilere ait b\u00fcy\u00fck kiliselerden olan Ergany Kilisesi, bak\u0131ms\u0131zl\u0131k nedeniyle harabeye d\u00f6nd\u00fc. Cengiz \u00d6ZBASAR Dersim\u2019in Hozat il\u00e7esine ba\u011fl\u0131 Ergen (Ge\u00e7imli) k\u00f6y\u00fcnde bulunan Ergany Kilisesi, k\u00f6yde bulunan son Ermeni\u2019nin ya\u015fam\u0131n\u0131 yitirmesinden sonra bak\u0131ms\u0131zl\u0131ktan harabeye d\u00f6n\u00fc\u015ft\u00fc. Ta\u015f duvarlar\u0131nda bulunan kitabeye g\u00f6re kilise, 975 y\u0131l\u0131nda Prens Hancit Mxit taraf\u0131ndan Meryem Ana an\u0131s\u0131na in\u015fa edildi. S\u00f6z konusu duvarda kaz\u0131ma tekni\u011fiyle [&hellip;]","og_url":"https:\/\/akunq.net\/tr\/?p=65831","og_site_name":"Bati Ermenistan Ve Bati Ermenileri Sorunlari Ara\u015ftirmalar Merkezi","article_published_time":"2021-11-23T08:28:54+00:00","og_image":[{"width":840,"height":560,"url":"https:\/\/akunq.net\/tr\/wp-content\/uploads\/sites\/6\/2021\/11\/Ergany-Kilisesi.jpg","type":"image\/jpeg"}],"author":"admin","twitter_card":"summary_large_image","twitter_misc":{"Written by":"admin","Est. reading time":"2 minutes"},"schema":{"@context":"https:\/\/schema.org","@graph":[{"@type":"Article","@id":"https:\/\/akunq.net\/tr\/?p=65831#article","isPartOf":{"@id":"https:\/\/akunq.net\/tr\/?p=65831"},"author":{"name":"admin","@id":"https:\/\/akunq.net\/tr\/#\/schema\/person\/096f1d38a12cce57fb855b485ed24c9e"},"headline":"Ergany Kilisesi bak\u0131ms\u0131zl\u0131k nedeniyle harabeye d\u00f6nd\u00fc","datePublished":"2021-11-23T08:28:54+00:00","mainEntityOfPage":{"@id":"https:\/\/akunq.net\/tr\/?p=65831"},"wordCount":366,"commentCount":0,"image":{"@id":"https:\/\/akunq.net\/tr\/?p=65831#primaryimage"},"thumbnailUrl":"https:\/\/akunq.net\/tr\/wp-content\/uploads\/sites\/6\/2021\/11\/Ergany-Kilisesi.jpg","articleSection":["G\u00fcn\u00fcm\u00fczde Bat\u0131 Ermenistan","Haberler"],"inLanguage":"en-US","potentialAction":[{"@type":"CommentAction","name":"Comment","target":["https:\/\/akunq.net\/tr\/?p=65831#respond"]}]},{"@type":"WebPage","@id":"https:\/\/akunq.net\/tr\/?p=65831","url":"https:\/\/akunq.net\/tr\/?p=65831","name":"Ergany Kilisesi bak\u0131ms\u0131zl\u0131k nedeniyle harabeye d\u00f6nd\u00fc - Bati Ermenistan Ve Bati Ermenileri Sorunlari Ara\u015ftirmalar Merkezi","isPartOf":{"@id":"https:\/\/akunq.net\/tr\/#website"},"primaryImageOfPage":{"@id":"https:\/\/akunq.net\/tr\/?p=65831#primaryimage"},"image":{"@id":"https:\/\/akunq.net\/tr\/?p=65831#primaryimage"},"thumbnailUrl":"https:\/\/akunq.net\/tr\/wp-content\/uploads\/sites\/6\/2021\/11\/Ergany-Kilisesi.jpg","datePublished":"2021-11-23T08:28:54+00:00","author":{"@id":"https:\/\/akunq.net\/tr\/#\/schema\/person\/096f1d38a12cce57fb855b485ed24c9e"},"breadcrumb":{"@id":"https:\/\/akunq.net\/tr\/?p=65831#breadcrumb"},"inLanguage":"en-US","potentialAction":[{"@type":"ReadAction","target":["https:\/\/akunq.net\/tr\/?p=65831"]}]},{"@type":"ImageObject","inLanguage":"en-US","@id":"https:\/\/akunq.net\/tr\/?p=65831#primaryimage","url":"https:\/\/akunq.net\/tr\/wp-content\/uploads\/sites\/6\/2021\/11\/Ergany-Kilisesi.jpg","contentUrl":"https:\/\/akunq.net\/tr\/wp-content\/uploads\/sites\/6\/2021\/11\/Ergany-Kilisesi.jpg","width":840,"height":560},{"@type":"BreadcrumbList","@id":"https:\/\/akunq.net\/tr\/?p=65831#breadcrumb","itemListElement":[{"@type":"ListItem","position":1,"name":"Home","item":"https:\/\/akunq.net\/tr"},{"@type":"ListItem","position":2,"name":"Ergany Kilisesi bak\u0131ms\u0131zl\u0131k nedeniyle harabeye d\u00f6nd\u00fc"}]},{"@type":"WebSite","@id":"https:\/\/akunq.net\/tr\/#website","url":"https:\/\/akunq.net\/tr\/","name":"Bati Ermenistan Ve Bati Ermenileri Sorunlari Ara\u015ftirmalar Merkezi","description":"","potentialAction":[{"@type":"SearchAction","target":{"@type":"EntryPoint","urlTemplate":"https:\/\/akunq.net\/tr\/?s={search_term_string}"},"query-input":{"@type":"PropertyValueSpecification","valueRequired":true,"valueName":"search_term_string"}}],"inLanguage":"en-US"},{"@type":"Person","@id":"https:\/\/akunq.net\/tr\/#\/schema\/person\/096f1d38a12cce57fb855b485ed24c9e","name":"admin","url":"https:\/\/akunq.net\/tr\/?author=7"}]}},"_links":{"self":[{"href":"https:\/\/akunq.net\/tr\/index.php?rest_route=\/wp\/v2\/posts\/65831","targetHints":{"allow":["GET"]}}],"collection":[{"href":"https:\/\/akunq.net\/tr\/index.php?rest_route=\/wp\/v2\/posts"}],"about":[{"href":"https:\/\/akunq.net\/tr\/index.php?rest_route=\/wp\/v2\/types\/post"}],"author":[{"embeddable":true,"href":"https:\/\/akunq.net\/tr\/index.php?rest_route=\/wp\/v2\/users\/7"}],"replies":[{"embeddable":true,"href":"https:\/\/akunq.net\/tr\/index.php?rest_route=%2Fwp%2Fv2%2Fcomments&post=65831"}],"version-history":[{"count":1,"href":"https:\/\/akunq.net\/tr\/index.php?rest_route=\/wp\/v2\/posts\/65831\/revisions"}],"predecessor-version":[{"id":65833,"href":"https:\/\/akunq.net\/tr\/index.php?rest_route=\/wp\/v2\/posts\/65831\/revisions\/65833"}],"wp:featuredmedia":[{"embeddable":true,"href":"https:\/\/akunq.net\/tr\/index.php?rest_route=\/wp\/v2\/media\/65832"}],"wp:attachment":[{"href":"https:\/\/akunq.net\/tr\/index.php?rest_route=%2Fwp%2Fv2%2Fmedia&parent=65831"}],"wp:term":[{"taxonomy":"category","embeddable":true,"href":"https:\/\/akunq.net\/tr\/index.php?rest_route=%2Fwp%2Fv2%2Fcategories&post=65831"},{"taxonomy":"post_tag","embeddable":true,"href":"https:\/\/akunq.net\/tr\/index.php?rest_route=%2Fwp%2Fv2%2Ftags&post=65831"}],"curies":[{"name":"wp","href":"https:\/\/api.w.org\/{rel}","templated":true}]}}