{"id":65803,"date":"2021-11-22T02:24:10","date_gmt":"2021-11-22T07:24:10","guid":{"rendered":"https:\/\/akunq.net\/tr\/?p=65803"},"modified":"2021-11-22T02:24:10","modified_gmt":"2021-11-22T07:24:10","slug":"hdpli-vekil-turizm-bakanini-mardindeki-kilise-uzerinden-elestirdi","status":"publish","type":"post","link":"https:\/\/akunq.net\/tr\/?p=65803","title":{"rendered":"HDP\u2019li vekil Turizm Bakan\u0131n\u0131 Mardin\u2019deki kilise \u00fczerinden ele\u015ftirdi"},"content":{"rendered":"<p><img loading=\"lazy\" decoding=\"async\" class=\"aligncenter size-medium wp-image-65804\" src=\"https:\/\/akunq.net\/tr\/wp-content\/uploads\/2021\/11\/Mardin-kilise-360x172.jpg\" alt=\"\" width=\"360\" height=\"172\" srcset=\"https:\/\/akunq.net\/tr\/wp-content\/uploads\/sites\/6\/2021\/11\/Mardin-kilise-360x172.jpg 360w, https:\/\/akunq.net\/tr\/wp-content\/uploads\/sites\/6\/2021\/11\/Mardin-kilise-560x268.jpg 560w, https:\/\/akunq.net\/tr\/wp-content\/uploads\/sites\/6\/2021\/11\/Mardin-kilise-260x124.jpg 260w, https:\/\/akunq.net\/tr\/wp-content\/uploads\/sites\/6\/2021\/11\/Mardin-kilise-160x77.jpg 160w, https:\/\/akunq.net\/tr\/wp-content\/uploads\/sites\/6\/2021\/11\/Mardin-kilise.jpg 702w\" sizes=\"auto, (max-width: 360px) 100vw, 360px\" \/><\/p>\n<p><em><strong>HDP Diyarbak\u0131r Milletvekili Garo Paylan, K\u00fclt\u00fcr ve Turizm Bakan\u0131 Mehmet Nuri Ersoy\u2019u ele\u015ftirerek Mardin\u2019de sat\u0131l\u0131k kilise haberlerini g\u00f6steren Paylan, \u201cBunlar sizin can\u0131n\u0131z\u0131 s\u0131km\u0131yor mu Say\u0131n Bakan? O kilise restore edilebilse b\u00f6lge o paray\u0131 turizmle bir y\u0131lda kazanabilecek.\u201d diye konu\u015ftu.<\/strong><\/em><\/p>\n<p><strong>Tbmm Plan ve B\u00fct\u00e7e Komisyonunda, K\u00fclt\u00fcr ve Turizm Bakanl\u0131\u011f\u0131 ile ilgili kurulu\u015flar\u0131n b\u00fct\u00e7elerinin g\u00f6r\u00fc\u015fmeleri s\u00fcr\u00fcyor.<\/strong><\/p>\n<p>CHP \u0130stanbul Milletvekili Gamze Akku\u015f \u0130lgezdi, k\u00fclt\u00fcr ve sanata \u00fcvey evlat muamelesi yap\u0131ld\u0131\u011f\u0131n\u0131 savunarak, k\u00fclt\u00fcre ayr\u0131lan pay\u0131n her y\u0131l eridi\u011fini, sa\u011fl\u0131kl\u0131 bir b\u00fct\u00e7e i\u00e7in Bakanl\u0131\u011f\u0131n ayr\u0131 \u00e7at\u0131lar alt\u0131nda yeniden \u00f6rg\u00fctlenmesi gerekti\u011fini s\u00f6yledi. B\u00fct\u00e7enin, k\u00fclt\u00fcr-sanat emek\u00e7ilerinin sosyal ve ekonomik haklar\u0131n\u0131 g\u00fcvence alt\u0131na almad\u0131\u011f\u0131 ele\u015ftirisinde bulunan \u0130lgezdi, k\u00fclt\u00fcr sanat end\u00fcstrisinin Kovid-19 pandemisinden en \u00e7ok etkilenen alanlardan biri oldu\u011funu belirtti. \u0130lgezdi, \u201cSosyal devlet, halk\u0131 kucaklayan, kolayla\u015ft\u0131ran, ma\u011fdur etmeyen devlettir. \u00d6nlem ad\u0131 alt\u0131nda bir mesle\u011fin icras\u0131n\u0131 k\u0131s\u0131tl\u0131yorsan\u0131z, o meslekten ge\u00e7inenlerin hayatlar\u0131n\u0131 ekonomik olarak garanti alt\u0131na almak zorundas\u0131n\u0131z.\u201d diye konu\u015ftu.<\/p>\n<p>M\u00fczelerden kaybolan eserler oldu\u011funu ifade eden \u0130lgezdi, \u201cAntalya Arkeoloji M\u00fczesi\u2019nden, Zeugma\u2019dan, Ankara Resim ve Heykel\u2019den kaybolan eserler nerede? Say\u0131lar\u0131 nedir? Siz biliyor musunuz, ben bilmiyorum. Bunlar halk\u0131n mal\u0131. Kay\u0131p eserlerle ilgili bilgi edinme talebinde bulundum. Aylar sonra g\u00f6nderdi\u011finiz cevapta \u2018kay\u0131p eserler ekli listede\u2019 dediniz. Ekine bakt\u0131m, liste yoktu.\u201d diye konu\u015ftu.<\/p>\n<p>Topkap\u0131 Saray\u0131\u2019n\u0131n as\u0131rl\u0131k a\u011fa\u00e7lar\u0131n\u0131n kesilmesini de ele\u015ftiren \u0130lgezdi, \u201cHer f\u0131rsatta Osmanl\u0131\u2019y\u0131 \u00f6vd\u00fcn\u00fcz ama saray\u0131n as\u0131rl\u0131k a\u011fa\u00e7lar\u0131n\u0131 kestiniz. Yol yapmak i\u00e7in tarihi eserlere zarar verdiniz.\u201d dedi<\/p>\n<p><strong>HDP\u2019li Paylan: \u201cD\u00fcnyan\u0131n en g\u00fczel \u00fclkesine sahibiz\u201d<\/strong><\/p>\n<p>HDP Diyarbak\u0131r Milletvekili Garo Paylan, K\u00fclt\u00fcr ve Turizm Bakan\u0131 Mehmet Nuri Ersoy\u2019un sunumunda turizm emek\u00e7ilerinin sorunlar\u0131ndan bahsetmedi\u011fini belirtti. K\u00fclt\u00fcr ve turizme y\u00f6nelik gelecek vizyonu ortaya konulmas\u0131 gerekti\u011fini dile getiren Paylan, \u201cBiz 12 bin y\u0131ll\u0131k medeniyetin do\u011fdu\u011fu topraklarday\u0131z, d\u00fcnyan\u0131n en g\u00fczel \u00fclkesine sahibiz. T\u00fcrkiye\u2019m kadar g\u00fczel bir \u00fclke, derin tarihi olan \u00fclke de g\u00f6rmedim. Ama yanl\u0131\u015f k\u00fclt\u00fcr ve turizm politikalar\u0131 nedeniyle hak etti\u011fimiz potansiyeli alam\u0131yoruz.\u201d ifadelerini kulland\u0131.<\/p>\n<p>Bursa ve Mardin\u2019de sat\u0131l\u0131k kilise haberler ini g\u00f6steren Paylan, \u201cBunlar sizin can\u0131n\u0131z\u0131 s\u0131km\u0131yor mu Say\u0131n Bakan? O kilise restore edilebilse b\u00f6lge o paray\u0131 turizmle bir y\u0131lda kazanabilecek.\u201d diye konu\u015ftu.<\/p>\n<p>\u0130srailli iki turistin \u0130stanbul\u2019da Cumhurba\u015fkan\u0131 Recep Tayyip Erdo\u011fan\u2019\u0131n evinin foto\u011fraf\u0131n\u0131 \u00e7ekti\u011fi gerek\u00e7esiyle tutukland\u0131\u011f\u0131n\u0131 an\u0131msatan Paylan, \u201cT\u00fcrkiye\u2019ye en \u00e7ok turist g\u00f6nderen \u0130srail aya\u011fa kalkt\u0131. Say\u0131n Bakan, \u00e7ok g\u00fczel tan\u0131t\u0131m yapm\u0131\u015f oldunuz. Siz reklama 1 milyar dolar harcars\u0131n\u0131z, bu olay eksi 5 olarak yans\u0131r.\u201d s\u00f6zlerini sarf etti.<\/p>\n<p>Garo Paylan, k\u00fclt\u00fcre sanata \u00f6nem verilmesi halinde T\u00fcrkiye\u2019nin 10 y\u0131l i\u00e7erisinde 100 milyar dolar gelir elde edebilece\u011fini belirtti.<\/p>\n<p><strong>\u201cAhlat bir k\u00fclt\u00fcr \u015fehri olmal\u0131\u201d<\/strong><\/p>\n<p>\u0130Y\u0130 Parti Ankara Milletvekili \u0130brahim Halil Oral, Bakanl\u0131\u011f\u0131n b\u00f6l\u00fcnmesi ve Turizm Bakanl\u0131\u011f\u0131 kurulmas\u0131 gerekti\u011fini ifade etti.<\/p>\n<p>Go T\u00fcrkiye projesinin kamu kaynaklar\u0131yla m\u0131 yoksa \u00f6zel bir \u015firket arac\u0131l\u0131\u011f\u0131yla m\u0131 hayata ge\u00e7irildi\u011fini soran Oral, \u201cE\u011fer d\u0131\u015far\u0131dansa bunu Tan\u0131tma Genel M\u00fcd\u00fcrl\u00fc\u011f\u00fc yapamaz m\u0131yd\u0131? Neden b\u00f6yle bir ajansa ihtiya\u00e7 duyulmu\u015ftur?\u201d dedi.<\/p>\n<p>Oral, Say\u0131\u015ftay raporlar\u0131nda Anadolu Medeniyetleri M\u00fczesi\u2019nde envanter kay\u0131tlar\u0131n\u0131n sorunlu oldu\u011fu bulgusunun yer ald\u0131\u011f\u0131n\u0131 belirtti.<\/p>\n<p>Ahlat\u2019a Cumhurba\u015fkanl\u0131\u011f\u0131 saray\u0131 yap\u0131lmas\u0131n\u0131 destekledi\u011fini dile getiren Oral, \u201cBen, Ahlat\u2019\u0131n T\u00fcrk tarihindeki k\u0131ymeti sebebiyle \u00e7ok daha fazla destek g\u00f6rmesi gerekti\u011fini d\u00fc\u015f\u00fcn\u00fcyorum. Ahlat\u2019a alan ba\u015fkanl\u0131klar\u0131 benzeri bir stat\u00fc verilmelidir. Ahlat bir k\u00fclt\u00fcr \u015fehri olmal\u0131d\u0131r. T\u00fcrk Devletleri Te\u015fkilat\u0131\u2019n\u0131n ve pek \u00e7ok uluslararas\u0131 \u00f6rg\u00fct\u00fcn toplant\u0131lar\u0131ndan baz\u0131lar\u0131 burada yap\u0131labilmelidir.\u201d de\u011ferlendirmesinde bulundu.<\/p>\n<p><strong>MHP\u2019li Kalayc\u0131\u2019dan alternatif turizm \u00f6nerileri<\/strong><\/p>\n<p>MHP Konya Milletvekili Mustafa Kalayc\u0131, son 2 y\u0131ld\u0131r bir taraftan Kovid-19 salg\u0131n\u0131 nedeniyle zorlu bir s\u00fcre\u00e7 ya\u015fan\u0131rken di\u011fer taraftan T\u00fcrk tarihi, T\u00fcrkiye Cumhuriyeti devleti ve T\u00fcrk milleti i\u00e7in \u00f6nem arz eden, milletin her ferdini gururland\u0131ran ve her biri ayr\u0131 bir mana y\u00fckl\u00fc tarihi ad\u0131mlar at\u0131ld\u0131\u011f\u0131n\u0131, muhte\u015fem eserlerin hizmete a\u00e7\u0131ld\u0131\u011f\u0131n\u0131 kaydetti.<\/p>\n<p>Turizmin 12 aya ve t\u00fcm \u00fclkeye yayg\u0131nla\u015ft\u0131r\u0131lmas\u0131 amac\u0131yla yeni destinasyonlar belirlenmesini, gastronomi, golf, festival, k\u00fclt\u00fcr, eko turizm, inan\u00e7, e\u011fitim, spor ve bisiklet turizmi gibi alternatif turizm alanlar\u0131n\u0131n zenginle\u015ftirilmesini isteyen Kalayc\u0131, \u201cGeleneksel pazarlar\u0131n yan\u0131 s\u0131ra yeni pazarlara a\u00e7\u0131lmay\u0131 ve yeni bir T\u00fcrkiye imaj\u0131 olu\u015fturmay\u0131 ama\u00e7layan \u00f6zel sekt\u00f6r ve sivil toplum kurulu\u015flar\u0131 aras\u0131nda i\u015f birli\u011fi ve e\u015f g\u00fcd\u00fcm\u00fc \u00f6ng\u00f6ren uzun vadeli bir turizm politikas\u0131 uygulanmal\u0131.\u201d diye konu\u015ftu.<\/p>\n<p>Kalayc\u0131, birden fazla turizm faaliyetlerini ayn\u0131 anda i\u00e7eren, \u00fcr\u00fcn \u00e7e\u015fitlili\u011fi sunan, b\u00fct\u00fcnc\u00fcl olarak planlanm\u0131\u015f turizm destinasyonlar\u0131 olu\u015fturulmas\u0131, i\u015f g\u00fcc\u00fc piyasas\u0131 ile turizm e\u011fitim sistemi aras\u0131ndaki ba\u011f\u0131n g\u00fc\u00e7lendirilmesi, sekt\u00f6rde nitelikli personel say\u0131s\u0131n\u0131n art\u0131r\u0131lmas\u0131, sa\u011fl\u0131k turizminin pay\u0131n\u0131n art\u0131r\u0131lmas\u0131 gerekti\u011fini dile getirdi.<\/p>\n<p>T\u00fcrk devlet ve topluluklar\u0131yla ili\u015fkilerin dilde, fikirde ve i\u015fte birlik esas\u0131na dayand\u0131r\u0131lmas\u0131n\u0131n \u00f6nemine i\u015faret eden Kalayc\u0131, \u201cT\u00fcrk d\u00fcnyas\u0131na ili\u015fkin politikalar\u0131n bir e\u015f g\u00fcd\u00fcm i\u00e7erisinde ve b\u00fct\u00fcnc\u00fcl bir anlay\u0131\u015fla k\u00f6kl\u00fc dostluklar ve kal\u0131c\u0131 ittifaklar geli\u015ftirilmesine hizmet edecek tarzda tanzim edilmelidir.\u201d dedi.<\/p>\n<p><strong>AK Parti\u2019li Erim: \u201cVizyoner bir bak\u0131\u015f a\u00e7\u0131\u015f\u0131 ortaya koyduk\u201d<\/strong><\/p>\n<p>AK Parti Ayd\u0131n Milletvekili Bekir Kuvvet Erim, T\u00fcrkiye\u2019nin tarih boyunca medeniyetlerin kav\u015fa\u011f\u0131nda yer ald\u0131\u011f\u0131n\u0131 s\u00f6yledi. AK Parti\u2019nin iktidar oldu\u011fu 19 y\u0131l boyunca k\u00fclt\u00fcr ve turizm alanlar\u0131nda \u00f6nemli at\u0131l\u0131mlar ger\u00e7ekle\u015ftirdiklerini vurgulayan Erim, \u201cSahip \u00e7\u0131kt\u0131\u011f\u0131m\u0131z medeniyetimiz, korudu\u011fumuz k\u00fclt\u00fcrel de\u011ferlerimiz ve turizm yat\u0131r\u0131mlar\u0131yla vizyoner bak\u0131\u015f a\u00e7\u0131s\u0131 ortaya koyduk.\u201d ifadelerini kulland\u0131.<\/p>\n<p>Erim, T\u00fcrkiye\u2019nin UNESCO tarih miras\u0131 listesindeki varl\u0131k say\u0131s\u0131n\u0131n 9\u2019dan 19\u2019a \u00e7\u0131kar\u0131ld\u0131\u011f\u0131n\u0131 kaydetti.<\/p>\n<p>K\u00fclt\u00fcr ve Turizm Bakanl\u0131\u011f\u0131 K\u00fclt\u00fcr Varl\u0131klar\u0131 ve M\u00fczeler Genel Genel M\u00fcd\u00fcrl\u00fc\u011f\u00fcne ba\u011fl\u0131 m\u00fcze m\u00fcd\u00fcrl\u00fc\u011f\u00fc say\u0131s\u0131n\u0131n 96\u2019dan 113\u2019e, m\u00fcze say\u0131s\u0131n\u0131n 183\u2019den 208\u2019e, \u00f6zel m\u00fcze say\u0131s\u0131n\u0131n da 92\u2019den 316\u2019a y\u00fckseldi\u011fine dikkati \u00e7eken Erim, k\u00fclt\u00fcr merkezi say\u0131s\u0131n\u0131n 42\u2019den 122\u2019ye \u00e7\u0131kt\u0131\u011f\u0131n\u0131 anlatt\u0131.<\/p>\n<p>T\u00fcrkiye\u2019nin 2002 y\u0131l\u0131nda 12,4 milyar dolar olan turizm gelirinin 2019 y\u0131l\u0131nda 34,5 milyar dolara y\u00fckseldi\u011fini anlatan Erim, \u201c2020 y\u0131l\u0131nda turizm gelirimiz pandemi nedeniyle 12,1 milyar dolar olmu\u015f, ocak-eyl\u00fcl d\u00f6neminde turizm gelirimiz 2020 y\u0131l\u0131n\u0131n ayn\u0131 d\u00f6nemini a\u015farak 16,8 milyar dolar olarak ger\u00e7ekle\u015fmi\u015ftir.\u201d diye konu\u015ftu.<\/p>\n<p>K\u00fclt\u00fcr ve Turizm Bakanl\u0131\u011f\u0131n\u0131n 2022 y\u0131l\u0131 b\u00fct\u00e7esinin Plan B\u00fct\u00e7e Komisyonundaki g\u00f6r\u00fc\u015fmeleri s\u00fcr\u00fcyor.<\/p>\n<p><em><strong><a href=\"https:\/\/www.mardinlife.com\/hdpli-vekil-turizm-bakanini-mardindeki-kilise-uzerinden-elestirdi.html\">https:\/\/www.mardinlife.com\/hdpli-vekil-turizm-bakanini-mardindeki-kilise-uzerinden-elestirdi.html<\/a>\u00a0<\/strong><\/em><\/p>\n","protected":false},"excerpt":{"rendered":"<p>HDP Diyarbak\u0131r Milletvekili Garo Paylan, K\u00fclt\u00fcr ve Turizm Bakan\u0131 Mehmet Nuri Ersoy\u2019u ele\u015ftirerek Mardin\u2019de sat\u0131l\u0131k kilise haberlerini g\u00f6steren Paylan, \u201cBunlar sizin can\u0131n\u0131z\u0131 s\u0131km\u0131yor mu Say\u0131n Bakan? O kilise restore edilebilse b\u00f6lge o paray\u0131 turizmle bir y\u0131lda kazanabilecek.\u201d diye konu\u015ftu. Tbmm Plan ve B\u00fct\u00e7e Komisyonunda, K\u00fclt\u00fcr ve Turizm Bakanl\u0131\u011f\u0131 ile ilgili kurulu\u015flar\u0131n b\u00fct\u00e7elerinin g\u00f6r\u00fc\u015fmeleri s\u00fcr\u00fcyor. CHP [&hellip;]<\/p>\n","protected":false},"author":7,"featured_media":65804,"comment_status":"open","ping_status":"open","sticky":false,"template":"","format":"standard","meta":{"footnotes":""},"categories":[1],"tags":[],"class_list":["post-65803","post","type-post","status-publish","format-standard","has-post-thumbnail","hentry","category-haberler"],"yoast_head":"<!-- This site is optimized with the Yoast SEO plugin v27.4 - https:\/\/yoast.com\/product\/yoast-seo-wordpress\/ -->\n<title>HDP\u2019li vekil Turizm Bakan\u0131n\u0131 Mardin\u2019deki kilise \u00fczerinden ele\u015ftirdi - Bati Ermenistan Ve Bati Ermenileri Sorunlari Ara\u015ftirmalar Merkezi<\/title>\n<meta name=\"robots\" content=\"index, follow, max-snippet:-1, max-image-preview:large, max-video-preview:-1\" \/>\n<link rel=\"canonical\" href=\"https:\/\/akunq.net\/tr\/?p=65803\" \/>\n<meta property=\"og:locale\" content=\"en_US\" \/>\n<meta property=\"og:type\" content=\"article\" \/>\n<meta property=\"og:title\" content=\"HDP\u2019li vekil Turizm Bakan\u0131n\u0131 Mardin\u2019deki kilise \u00fczerinden ele\u015ftirdi - Bati Ermenistan Ve Bati Ermenileri Sorunlari Ara\u015ftirmalar Merkezi\" \/>\n<meta property=\"og:description\" content=\"HDP Diyarbak\u0131r Milletvekili Garo Paylan, K\u00fclt\u00fcr ve Turizm Bakan\u0131 Mehmet Nuri Ersoy\u2019u ele\u015ftirerek Mardin\u2019de sat\u0131l\u0131k kilise haberlerini g\u00f6steren Paylan, \u201cBunlar sizin can\u0131n\u0131z\u0131 s\u0131km\u0131yor mu Say\u0131n Bakan? O kilise restore edilebilse b\u00f6lge o paray\u0131 turizmle bir y\u0131lda kazanabilecek.\u201d diye konu\u015ftu. Tbmm Plan ve B\u00fct\u00e7e Komisyonunda, K\u00fclt\u00fcr ve Turizm Bakanl\u0131\u011f\u0131 ile ilgili kurulu\u015flar\u0131n b\u00fct\u00e7elerinin g\u00f6r\u00fc\u015fmeleri s\u00fcr\u00fcyor. CHP [&hellip;]\" \/>\n<meta property=\"og:url\" content=\"https:\/\/akunq.net\/tr\/?p=65803\" \/>\n<meta property=\"og:site_name\" content=\"Bati Ermenistan Ve Bati Ermenileri Sorunlari Ara\u015ftirmalar Merkezi\" \/>\n<meta property=\"article:published_time\" content=\"2021-11-22T07:24:10+00:00\" \/>\n<meta property=\"og:image\" content=\"https:\/\/akunq.net\/tr\/wp-content\/uploads\/sites\/6\/2021\/11\/Mardin-kilise.jpg\" \/>\n\t<meta property=\"og:image:width\" content=\"702\" \/>\n\t<meta property=\"og:image:height\" content=\"336\" \/>\n\t<meta property=\"og:image:type\" content=\"image\/jpeg\" \/>\n<meta name=\"author\" content=\"admin\" \/>\n<meta name=\"twitter:card\" content=\"summary_large_image\" \/>\n<meta name=\"twitter:label1\" content=\"Written by\" \/>\n\t<meta name=\"twitter:data1\" content=\"admin\" \/>\n\t<meta name=\"twitter:label2\" content=\"Est. reading time\" \/>\n\t<meta name=\"twitter:data2\" content=\"6 minutes\" \/>\n<script type=\"application\/ld+json\" class=\"yoast-schema-graph\">{\"@context\":\"https:\\\/\\\/schema.org\",\"@graph\":[{\"@type\":\"Article\",\"@id\":\"https:\\\/\\\/akunq.net\\\/tr\\\/?p=65803#article\",\"isPartOf\":{\"@id\":\"https:\\\/\\\/akunq.net\\\/tr\\\/?p=65803\"},\"author\":{\"name\":\"admin\",\"@id\":\"https:\\\/\\\/akunq.net\\\/tr\\\/#\\\/schema\\\/person\\\/096f1d38a12cce57fb855b485ed24c9e\"},\"headline\":\"HDP\u2019li vekil Turizm Bakan\u0131n\u0131 Mardin\u2019deki kilise \u00fczerinden ele\u015ftirdi\",\"datePublished\":\"2021-11-22T07:24:10+00:00\",\"mainEntityOfPage\":{\"@id\":\"https:\\\/\\\/akunq.net\\\/tr\\\/?p=65803\"},\"wordCount\":1298,\"commentCount\":0,\"image\":{\"@id\":\"https:\\\/\\\/akunq.net\\\/tr\\\/?p=65803#primaryimage\"},\"thumbnailUrl\":\"https:\\\/\\\/akunq.net\\\/tr\\\/wp-content\\\/uploads\\\/sites\\\/6\\\/2021\\\/11\\\/Mardin-kilise.jpg\",\"articleSection\":[\"Haberler\"],\"inLanguage\":\"en-US\",\"potentialAction\":[{\"@type\":\"CommentAction\",\"name\":\"Comment\",\"target\":[\"https:\\\/\\\/akunq.net\\\/tr\\\/?p=65803#respond\"]}]},{\"@type\":\"WebPage\",\"@id\":\"https:\\\/\\\/akunq.net\\\/tr\\\/?p=65803\",\"url\":\"https:\\\/\\\/akunq.net\\\/tr\\\/?p=65803\",\"name\":\"HDP\u2019li vekil Turizm Bakan\u0131n\u0131 Mardin\u2019deki kilise \u00fczerinden ele\u015ftirdi - Bati Ermenistan Ve Bati Ermenileri Sorunlari Ara\u015ftirmalar Merkezi\",\"isPartOf\":{\"@id\":\"https:\\\/\\\/akunq.net\\\/tr\\\/#website\"},\"primaryImageOfPage\":{\"@id\":\"https:\\\/\\\/akunq.net\\\/tr\\\/?p=65803#primaryimage\"},\"image\":{\"@id\":\"https:\\\/\\\/akunq.net\\\/tr\\\/?p=65803#primaryimage\"},\"thumbnailUrl\":\"https:\\\/\\\/akunq.net\\\/tr\\\/wp-content\\\/uploads\\\/sites\\\/6\\\/2021\\\/11\\\/Mardin-kilise.jpg\",\"datePublished\":\"2021-11-22T07:24:10+00:00\",\"author\":{\"@id\":\"https:\\\/\\\/akunq.net\\\/tr\\\/#\\\/schema\\\/person\\\/096f1d38a12cce57fb855b485ed24c9e\"},\"breadcrumb\":{\"@id\":\"https:\\\/\\\/akunq.net\\\/tr\\\/?p=65803#breadcrumb\"},\"inLanguage\":\"en-US\",\"potentialAction\":[{\"@type\":\"ReadAction\",\"target\":[\"https:\\\/\\\/akunq.net\\\/tr\\\/?p=65803\"]}]},{\"@type\":\"ImageObject\",\"inLanguage\":\"en-US\",\"@id\":\"https:\\\/\\\/akunq.net\\\/tr\\\/?p=65803#primaryimage\",\"url\":\"https:\\\/\\\/akunq.net\\\/tr\\\/wp-content\\\/uploads\\\/sites\\\/6\\\/2021\\\/11\\\/Mardin-kilise.jpg\",\"contentUrl\":\"https:\\\/\\\/akunq.net\\\/tr\\\/wp-content\\\/uploads\\\/sites\\\/6\\\/2021\\\/11\\\/Mardin-kilise.jpg\",\"width\":702,\"height\":336},{\"@type\":\"BreadcrumbList\",\"@id\":\"https:\\\/\\\/akunq.net\\\/tr\\\/?p=65803#breadcrumb\",\"itemListElement\":[{\"@type\":\"ListItem\",\"position\":1,\"name\":\"Home\",\"item\":\"https:\\\/\\\/akunq.net\\\/tr\"},{\"@type\":\"ListItem\",\"position\":2,\"name\":\"HDP\u2019li vekil Turizm Bakan\u0131n\u0131 Mardin\u2019deki kilise \u00fczerinden ele\u015ftirdi\"}]},{\"@type\":\"WebSite\",\"@id\":\"https:\\\/\\\/akunq.net\\\/tr\\\/#website\",\"url\":\"https:\\\/\\\/akunq.net\\\/tr\\\/\",\"name\":\"Bati Ermenistan Ve Bati Ermenileri Sorunlari Ara\u015ftirmalar Merkezi\",\"description\":\"\",\"potentialAction\":[{\"@type\":\"SearchAction\",\"target\":{\"@type\":\"EntryPoint\",\"urlTemplate\":\"https:\\\/\\\/akunq.net\\\/tr\\\/?s={search_term_string}\"},\"query-input\":{\"@type\":\"PropertyValueSpecification\",\"valueRequired\":true,\"valueName\":\"search_term_string\"}}],\"inLanguage\":\"en-US\"},{\"@type\":\"Person\",\"@id\":\"https:\\\/\\\/akunq.net\\\/tr\\\/#\\\/schema\\\/person\\\/096f1d38a12cce57fb855b485ed24c9e\",\"name\":\"admin\",\"url\":\"https:\\\/\\\/akunq.net\\\/tr\\\/?author=7\"}]}<\/script>\n<!-- \/ Yoast SEO plugin. -->","yoast_head_json":{"title":"HDP\u2019li vekil Turizm Bakan\u0131n\u0131 Mardin\u2019deki kilise \u00fczerinden ele\u015ftirdi - Bati Ermenistan Ve Bati Ermenileri Sorunlari Ara\u015ftirmalar Merkezi","robots":{"index":"index","follow":"follow","max-snippet":"max-snippet:-1","max-image-preview":"max-image-preview:large","max-video-preview":"max-video-preview:-1"},"canonical":"https:\/\/akunq.net\/tr\/?p=65803","og_locale":"en_US","og_type":"article","og_title":"HDP\u2019li vekil Turizm Bakan\u0131n\u0131 Mardin\u2019deki kilise \u00fczerinden ele\u015ftirdi - Bati Ermenistan Ve Bati Ermenileri Sorunlari Ara\u015ftirmalar Merkezi","og_description":"HDP Diyarbak\u0131r Milletvekili Garo Paylan, K\u00fclt\u00fcr ve Turizm Bakan\u0131 Mehmet Nuri Ersoy\u2019u ele\u015ftirerek Mardin\u2019de sat\u0131l\u0131k kilise haberlerini g\u00f6steren Paylan, \u201cBunlar sizin can\u0131n\u0131z\u0131 s\u0131km\u0131yor mu Say\u0131n Bakan? O kilise restore edilebilse b\u00f6lge o paray\u0131 turizmle bir y\u0131lda kazanabilecek.\u201d diye konu\u015ftu. Tbmm Plan ve B\u00fct\u00e7e Komisyonunda, K\u00fclt\u00fcr ve Turizm Bakanl\u0131\u011f\u0131 ile ilgili kurulu\u015flar\u0131n b\u00fct\u00e7elerinin g\u00f6r\u00fc\u015fmeleri s\u00fcr\u00fcyor. CHP [&hellip;]","og_url":"https:\/\/akunq.net\/tr\/?p=65803","og_site_name":"Bati Ermenistan Ve Bati Ermenileri Sorunlari Ara\u015ftirmalar Merkezi","article_published_time":"2021-11-22T07:24:10+00:00","og_image":[{"width":702,"height":336,"url":"https:\/\/akunq.net\/tr\/wp-content\/uploads\/sites\/6\/2021\/11\/Mardin-kilise.jpg","type":"image\/jpeg"}],"author":"admin","twitter_card":"summary_large_image","twitter_misc":{"Written by":"admin","Est. reading time":"6 minutes"},"schema":{"@context":"https:\/\/schema.org","@graph":[{"@type":"Article","@id":"https:\/\/akunq.net\/tr\/?p=65803#article","isPartOf":{"@id":"https:\/\/akunq.net\/tr\/?p=65803"},"author":{"name":"admin","@id":"https:\/\/akunq.net\/tr\/#\/schema\/person\/096f1d38a12cce57fb855b485ed24c9e"},"headline":"HDP\u2019li vekil Turizm Bakan\u0131n\u0131 Mardin\u2019deki kilise \u00fczerinden ele\u015ftirdi","datePublished":"2021-11-22T07:24:10+00:00","mainEntityOfPage":{"@id":"https:\/\/akunq.net\/tr\/?p=65803"},"wordCount":1298,"commentCount":0,"image":{"@id":"https:\/\/akunq.net\/tr\/?p=65803#primaryimage"},"thumbnailUrl":"https:\/\/akunq.net\/tr\/wp-content\/uploads\/sites\/6\/2021\/11\/Mardin-kilise.jpg","articleSection":["Haberler"],"inLanguage":"en-US","potentialAction":[{"@type":"CommentAction","name":"Comment","target":["https:\/\/akunq.net\/tr\/?p=65803#respond"]}]},{"@type":"WebPage","@id":"https:\/\/akunq.net\/tr\/?p=65803","url":"https:\/\/akunq.net\/tr\/?p=65803","name":"HDP\u2019li vekil Turizm Bakan\u0131n\u0131 Mardin\u2019deki kilise \u00fczerinden ele\u015ftirdi - Bati Ermenistan Ve Bati Ermenileri Sorunlari Ara\u015ftirmalar Merkezi","isPartOf":{"@id":"https:\/\/akunq.net\/tr\/#website"},"primaryImageOfPage":{"@id":"https:\/\/akunq.net\/tr\/?p=65803#primaryimage"},"image":{"@id":"https:\/\/akunq.net\/tr\/?p=65803#primaryimage"},"thumbnailUrl":"https:\/\/akunq.net\/tr\/wp-content\/uploads\/sites\/6\/2021\/11\/Mardin-kilise.jpg","datePublished":"2021-11-22T07:24:10+00:00","author":{"@id":"https:\/\/akunq.net\/tr\/#\/schema\/person\/096f1d38a12cce57fb855b485ed24c9e"},"breadcrumb":{"@id":"https:\/\/akunq.net\/tr\/?p=65803#breadcrumb"},"inLanguage":"en-US","potentialAction":[{"@type":"ReadAction","target":["https:\/\/akunq.net\/tr\/?p=65803"]}]},{"@type":"ImageObject","inLanguage":"en-US","@id":"https:\/\/akunq.net\/tr\/?p=65803#primaryimage","url":"https:\/\/akunq.net\/tr\/wp-content\/uploads\/sites\/6\/2021\/11\/Mardin-kilise.jpg","contentUrl":"https:\/\/akunq.net\/tr\/wp-content\/uploads\/sites\/6\/2021\/11\/Mardin-kilise.jpg","width":702,"height":336},{"@type":"BreadcrumbList","@id":"https:\/\/akunq.net\/tr\/?p=65803#breadcrumb","itemListElement":[{"@type":"ListItem","position":1,"name":"Home","item":"https:\/\/akunq.net\/tr"},{"@type":"ListItem","position":2,"name":"HDP\u2019li vekil Turizm Bakan\u0131n\u0131 Mardin\u2019deki kilise \u00fczerinden ele\u015ftirdi"}]},{"@type":"WebSite","@id":"https:\/\/akunq.net\/tr\/#website","url":"https:\/\/akunq.net\/tr\/","name":"Bati Ermenistan Ve Bati Ermenileri Sorunlari Ara\u015ftirmalar Merkezi","description":"","potentialAction":[{"@type":"SearchAction","target":{"@type":"EntryPoint","urlTemplate":"https:\/\/akunq.net\/tr\/?s={search_term_string}"},"query-input":{"@type":"PropertyValueSpecification","valueRequired":true,"valueName":"search_term_string"}}],"inLanguage":"en-US"},{"@type":"Person","@id":"https:\/\/akunq.net\/tr\/#\/schema\/person\/096f1d38a12cce57fb855b485ed24c9e","name":"admin","url":"https:\/\/akunq.net\/tr\/?author=7"}]}},"_links":{"self":[{"href":"https:\/\/akunq.net\/tr\/index.php?rest_route=\/wp\/v2\/posts\/65803","targetHints":{"allow":["GET"]}}],"collection":[{"href":"https:\/\/akunq.net\/tr\/index.php?rest_route=\/wp\/v2\/posts"}],"about":[{"href":"https:\/\/akunq.net\/tr\/index.php?rest_route=\/wp\/v2\/types\/post"}],"author":[{"embeddable":true,"href":"https:\/\/akunq.net\/tr\/index.php?rest_route=\/wp\/v2\/users\/7"}],"replies":[{"embeddable":true,"href":"https:\/\/akunq.net\/tr\/index.php?rest_route=%2Fwp%2Fv2%2Fcomments&post=65803"}],"version-history":[{"count":1,"href":"https:\/\/akunq.net\/tr\/index.php?rest_route=\/wp\/v2\/posts\/65803\/revisions"}],"predecessor-version":[{"id":65805,"href":"https:\/\/akunq.net\/tr\/index.php?rest_route=\/wp\/v2\/posts\/65803\/revisions\/65805"}],"wp:featuredmedia":[{"embeddable":true,"href":"https:\/\/akunq.net\/tr\/index.php?rest_route=\/wp\/v2\/media\/65804"}],"wp:attachment":[{"href":"https:\/\/akunq.net\/tr\/index.php?rest_route=%2Fwp%2Fv2%2Fmedia&parent=65803"}],"wp:term":[{"taxonomy":"category","embeddable":true,"href":"https:\/\/akunq.net\/tr\/index.php?rest_route=%2Fwp%2Fv2%2Fcategories&post=65803"},{"taxonomy":"post_tag","embeddable":true,"href":"https:\/\/akunq.net\/tr\/index.php?rest_route=%2Fwp%2Fv2%2Ftags&post=65803"}],"curies":[{"name":"wp","href":"https:\/\/api.w.org\/{rel}","templated":true}]}}