{"id":65674,"date":"2021-11-15T01:03:42","date_gmt":"2021-11-15T06:03:42","guid":{"rendered":"https:\/\/akunq.net\/tr\/?p=65674"},"modified":"2021-11-15T01:03:42","modified_gmt":"2021-11-15T06:03:42","slug":"basrahip-tatul-anusyan-hayatini-kaybetti","status":"publish","type":"post","link":"https:\/\/akunq.net\/tr\/?p=65674","title":{"rendered":"Ba\u015frahip Tatul Anu\u015fyan hayat\u0131n\u0131 kaybetti"},"content":{"rendered":"<p><img loading=\"lazy\" decoding=\"async\" class=\"aligncenter size-medium wp-image-65675\" src=\"https:\/\/akunq.net\/tr\/wp-content\/uploads\/2021\/11\/Ba\u015frahip-Tatul-Anu\u015fyan-360x240.jpg\" alt=\"\" width=\"360\" height=\"240\" srcset=\"https:\/\/akunq.net\/tr\/wp-content\/uploads\/sites\/6\/2021\/11\/Ba\u015frahip-Tatul-Anu\u015fyan-360x240.jpg 360w, https:\/\/akunq.net\/tr\/wp-content\/uploads\/sites\/6\/2021\/11\/Ba\u015frahip-Tatul-Anu\u015fyan-768x512.jpg 768w, https:\/\/akunq.net\/tr\/wp-content\/uploads\/sites\/6\/2021\/11\/Ba\u015frahip-Tatul-Anu\u015fyan-1536x1024.jpg 1536w, https:\/\/akunq.net\/tr\/wp-content\/uploads\/sites\/6\/2021\/11\/Ba\u015frahip-Tatul-Anu\u015fyan-560x373.jpg 560w, https:\/\/akunq.net\/tr\/wp-content\/uploads\/sites\/6\/2021\/11\/Ba\u015frahip-Tatul-Anu\u015fyan-260x173.jpg 260w, https:\/\/akunq.net\/tr\/wp-content\/uploads\/sites\/6\/2021\/11\/Ba\u015frahip-Tatul-Anu\u015fyan-160x107.jpg 160w, https:\/\/akunq.net\/tr\/wp-content\/uploads\/sites\/6\/2021\/11\/Ba\u015frahip-Tatul-Anu\u015fyan.jpg 1990w\" sizes=\"auto, (max-width: 360px) 100vw, 360px\" \/><\/p>\n<p><em><strong>T\u00fcrkiye Ermeni Kilisesi din g\u00f6revlilerinden Ba\u015frahip Tatul Anu\u015fyan 14 Kas\u0131m Pazar g\u00fcn\u00fc ak\u015fam saatlerinde hayat\u0131n\u0131 kaybetti. Ba\u015frahip Anu\u015fyan bir s\u00fcredir rahats\u0131zl\u0131\u011f\u0131 nedeniyle tedavi g\u00f6rmekteydi.<\/strong><\/em><\/p>\n<p>Ba\u015frahip Tatul Anu\u015fyan ayn\u0131 zamanda T\u00fcrkiye Ermenileri Patrikli\u011fi Ruhani Kurul Ba\u015fkanl\u0131\u011f\u0131 g\u00f6revini y\u00fcr\u00fct\u00fcyordu.<\/p>\n<p>Ba\u015frahip Anu\u015fyan yakla\u015f\u0131k \u00fc\u00e7 y\u0131ld\u0131r midesinde ya\u015fad\u0131\u011f\u0131 bir rahats\u0131zl\u0131k nedeniyle tedavi g\u00f6rmekteydi.<\/p>\n<p>Ge\u00e7ti\u011fimiz aylarda tedavi s\u00fcrecinde olumlu geli\u015fmeler ya\u015fanm\u0131\u015f ancak son haftalarda tekrar hastaneye kald\u0131r\u0131lm\u0131\u015ft\u0131. Ba\u015frahip Anu\u015fyan Yedikule Surp P\u0131rgi\u00e7 Ermeni Hastanesi&#8217;nde tedavi g\u00f6r\u00fcyordu.<\/p>\n<p>1966 y\u0131l\u0131nda do\u011fan Anu\u015fyan 2003 y\u0131l\u0131nda rahiplik mertebesi ald\u0131. Ba\u015frahip Anu\u015fyan 2019 y\u0131l\u0131nda Ruhani Kurul Ba\u015fkan\u0131 oldu. Ba\u015frahip Anu\u015fyan&#8217;\u0131n Episkopos mertebesi almas\u0131 i\u00e7in Ruhani\u00a0 Kurul, T\u00fcm D\u00fcnya Ermenileri Katolikosu II. Karekin&#8217;e ba\u015fvuruda bulunmu\u015ftu.<\/p>\n<p>Uzun s\u00fcre Ferik\u00f6y Kilisesi Vaizli\u011fi g\u00f6revini de y\u00fcr\u00fcten Ba\u015frahip Anu\u015fyan, T\u00fcrkiye Ermeni toplumunun e\u011fitim d\u00fcnyas\u0131nda g\u00f6rev alm\u0131\u015f, Patrikhane b\u00fcnyesinde yay\u0131nlanan eserlere de emek vermi\u015fti.<\/p>\n<p>T\u00fcrkiye Ermenileri Patrikli\u011fi, cenaze t\u00f6renine dair detaylar\u0131n \u00f6n\u00fcm\u00fczdeki g\u00fcnlerde a\u00e7\u0131klanaca\u011f\u0131n\u0131 bildirdi.<\/p>\n<p>Agos, T\u00fcrkiye Ermenileri Patrikli\u011fi ve toplumuna ba\u015fsa\u011fl\u0131\u011f\u0131 diler.<\/p>\n<p><strong><em><span class=\"title\">FOTO: \u0130\u015fhan Erdin\u00e7\u00a0<\/span><\/em><\/strong><\/p>\n<p><strong><em>http:\/\/www.agos.com.tr\/tr\/yazi\/26409\/basrahip-tatul-anusyan-hayatini-kaybetti\u00a0<\/em><\/strong><\/p>\n","protected":false},"excerpt":{"rendered":"<p>T\u00fcrkiye Ermeni Kilisesi din g\u00f6revlilerinden Ba\u015frahip Tatul Anu\u015fyan 14 Kas\u0131m Pazar g\u00fcn\u00fc ak\u015fam saatlerinde hayat\u0131n\u0131 kaybetti. Ba\u015frahip Anu\u015fyan bir s\u00fcredir rahats\u0131zl\u0131\u011f\u0131 nedeniyle tedavi g\u00f6rmekteydi. Ba\u015frahip Tatul Anu\u015fyan ayn\u0131 zamanda T\u00fcrkiye Ermenileri Patrikli\u011fi Ruhani Kurul Ba\u015fkanl\u0131\u011f\u0131 g\u00f6revini y\u00fcr\u00fct\u00fcyordu. Ba\u015frahip Anu\u015fyan yakla\u015f\u0131k \u00fc\u00e7 y\u0131ld\u0131r midesinde ya\u015fad\u0131\u011f\u0131 bir rahats\u0131zl\u0131k nedeniyle tedavi g\u00f6rmekteydi. Ge\u00e7ti\u011fimiz aylarda tedavi s\u00fcrecinde olumlu geli\u015fmeler [&hellip;]<\/p>\n","protected":false},"author":7,"featured_media":65675,"comment_status":"open","ping_status":"open","sticky":false,"template":"","format":"standard","meta":{"footnotes":""},"categories":[1],"tags":[],"class_list":["post-65674","post","type-post","status-publish","format-standard","has-post-thumbnail","hentry","category-haberler"],"yoast_head":"<!-- This site is optimized with the Yoast SEO plugin v27.4 - https:\/\/yoast.com\/product\/yoast-seo-wordpress\/ -->\n<title>Ba\u015frahip Tatul Anu\u015fyan hayat\u0131n\u0131 kaybetti - Bati Ermenistan Ve Bati Ermenileri Sorunlari Ara\u015ftirmalar Merkezi<\/title>\n<meta name=\"robots\" content=\"index, follow, max-snippet:-1, max-image-preview:large, max-video-preview:-1\" \/>\n<link rel=\"canonical\" href=\"https:\/\/akunq.net\/tr\/?p=65674\" \/>\n<meta property=\"og:locale\" content=\"en_US\" \/>\n<meta property=\"og:type\" content=\"article\" \/>\n<meta property=\"og:title\" content=\"Ba\u015frahip Tatul Anu\u015fyan hayat\u0131n\u0131 kaybetti - Bati Ermenistan Ve Bati Ermenileri Sorunlari Ara\u015ftirmalar Merkezi\" \/>\n<meta property=\"og:description\" content=\"T\u00fcrkiye Ermeni Kilisesi din g\u00f6revlilerinden Ba\u015frahip Tatul Anu\u015fyan 14 Kas\u0131m Pazar g\u00fcn\u00fc ak\u015fam saatlerinde hayat\u0131n\u0131 kaybetti. Ba\u015frahip Anu\u015fyan bir s\u00fcredir rahats\u0131zl\u0131\u011f\u0131 nedeniyle tedavi g\u00f6rmekteydi. Ba\u015frahip Tatul Anu\u015fyan ayn\u0131 zamanda T\u00fcrkiye Ermenileri Patrikli\u011fi Ruhani Kurul Ba\u015fkanl\u0131\u011f\u0131 g\u00f6revini y\u00fcr\u00fct\u00fcyordu. Ba\u015frahip Anu\u015fyan yakla\u015f\u0131k \u00fc\u00e7 y\u0131ld\u0131r midesinde ya\u015fad\u0131\u011f\u0131 bir rahats\u0131zl\u0131k nedeniyle tedavi g\u00f6rmekteydi. Ge\u00e7ti\u011fimiz aylarda tedavi s\u00fcrecinde olumlu geli\u015fmeler [&hellip;]\" \/>\n<meta property=\"og:url\" content=\"https:\/\/akunq.net\/tr\/?p=65674\" \/>\n<meta property=\"og:site_name\" content=\"Bati Ermenistan Ve Bati Ermenileri Sorunlari Ara\u015ftirmalar Merkezi\" \/>\n<meta property=\"article:published_time\" content=\"2021-11-15T06:03:42+00:00\" \/>\n<meta property=\"og:image\" content=\"https:\/\/akunq.net\/tr\/wp-content\/uploads\/sites\/6\/2021\/11\/Ba\u015frahip-Tatul-Anu\u015fyan.jpg\" \/>\n\t<meta property=\"og:image:width\" content=\"1990\" \/>\n\t<meta property=\"og:image:height\" content=\"1327\" \/>\n\t<meta property=\"og:image:type\" content=\"image\/jpeg\" \/>\n<meta name=\"author\" content=\"admin\" \/>\n<meta name=\"twitter:card\" content=\"summary_large_image\" \/>\n<meta name=\"twitter:label1\" content=\"Written by\" \/>\n\t<meta name=\"twitter:data1\" content=\"admin\" \/>\n\t<meta name=\"twitter:label2\" content=\"Est. reading time\" \/>\n\t<meta name=\"twitter:data2\" content=\"1 minute\" \/>\n<script type=\"application\/ld+json\" class=\"yoast-schema-graph\">{\"@context\":\"https:\\\/\\\/schema.org\",\"@graph\":[{\"@type\":\"Article\",\"@id\":\"https:\\\/\\\/akunq.net\\\/tr\\\/?p=65674#article\",\"isPartOf\":{\"@id\":\"https:\\\/\\\/akunq.net\\\/tr\\\/?p=65674\"},\"author\":{\"name\":\"admin\",\"@id\":\"https:\\\/\\\/akunq.net\\\/tr\\\/#\\\/schema\\\/person\\\/096f1d38a12cce57fb855b485ed24c9e\"},\"headline\":\"Ba\u015frahip Tatul Anu\u015fyan hayat\u0131n\u0131 kaybetti\",\"datePublished\":\"2021-11-15T06:03:42+00:00\",\"mainEntityOfPage\":{\"@id\":\"https:\\\/\\\/akunq.net\\\/tr\\\/?p=65674\"},\"wordCount\":253,\"commentCount\":0,\"image\":{\"@id\":\"https:\\\/\\\/akunq.net\\\/tr\\\/?p=65674#primaryimage\"},\"thumbnailUrl\":\"https:\\\/\\\/akunq.net\\\/tr\\\/wp-content\\\/uploads\\\/sites\\\/6\\\/2021\\\/11\\\/Ba\u015frahip-Tatul-Anu\u015fyan.jpg\",\"articleSection\":[\"Haberler\"],\"inLanguage\":\"en-US\",\"potentialAction\":[{\"@type\":\"CommentAction\",\"name\":\"Comment\",\"target\":[\"https:\\\/\\\/akunq.net\\\/tr\\\/?p=65674#respond\"]}]},{\"@type\":\"WebPage\",\"@id\":\"https:\\\/\\\/akunq.net\\\/tr\\\/?p=65674\",\"url\":\"https:\\\/\\\/akunq.net\\\/tr\\\/?p=65674\",\"name\":\"Ba\u015frahip Tatul Anu\u015fyan hayat\u0131n\u0131 kaybetti - Bati Ermenistan Ve Bati Ermenileri Sorunlari Ara\u015ftirmalar Merkezi\",\"isPartOf\":{\"@id\":\"https:\\\/\\\/akunq.net\\\/tr\\\/#website\"},\"primaryImageOfPage\":{\"@id\":\"https:\\\/\\\/akunq.net\\\/tr\\\/?p=65674#primaryimage\"},\"image\":{\"@id\":\"https:\\\/\\\/akunq.net\\\/tr\\\/?p=65674#primaryimage\"},\"thumbnailUrl\":\"https:\\\/\\\/akunq.net\\\/tr\\\/wp-content\\\/uploads\\\/sites\\\/6\\\/2021\\\/11\\\/Ba\u015frahip-Tatul-Anu\u015fyan.jpg\",\"datePublished\":\"2021-11-15T06:03:42+00:00\",\"author\":{\"@id\":\"https:\\\/\\\/akunq.net\\\/tr\\\/#\\\/schema\\\/person\\\/096f1d38a12cce57fb855b485ed24c9e\"},\"breadcrumb\":{\"@id\":\"https:\\\/\\\/akunq.net\\\/tr\\\/?p=65674#breadcrumb\"},\"inLanguage\":\"en-US\",\"potentialAction\":[{\"@type\":\"ReadAction\",\"target\":[\"https:\\\/\\\/akunq.net\\\/tr\\\/?p=65674\"]}]},{\"@type\":\"ImageObject\",\"inLanguage\":\"en-US\",\"@id\":\"https:\\\/\\\/akunq.net\\\/tr\\\/?p=65674#primaryimage\",\"url\":\"https:\\\/\\\/akunq.net\\\/tr\\\/wp-content\\\/uploads\\\/sites\\\/6\\\/2021\\\/11\\\/Ba\u015frahip-Tatul-Anu\u015fyan.jpg\",\"contentUrl\":\"https:\\\/\\\/akunq.net\\\/tr\\\/wp-content\\\/uploads\\\/sites\\\/6\\\/2021\\\/11\\\/Ba\u015frahip-Tatul-Anu\u015fyan.jpg\",\"width\":1990,\"height\":1327},{\"@type\":\"BreadcrumbList\",\"@id\":\"https:\\\/\\\/akunq.net\\\/tr\\\/?p=65674#breadcrumb\",\"itemListElement\":[{\"@type\":\"ListItem\",\"position\":1,\"name\":\"Home\",\"item\":\"https:\\\/\\\/akunq.net\\\/tr\"},{\"@type\":\"ListItem\",\"position\":2,\"name\":\"Ba\u015frahip Tatul Anu\u015fyan hayat\u0131n\u0131 kaybetti\"}]},{\"@type\":\"WebSite\",\"@id\":\"https:\\\/\\\/akunq.net\\\/tr\\\/#website\",\"url\":\"https:\\\/\\\/akunq.net\\\/tr\\\/\",\"name\":\"Bati Ermenistan Ve Bati Ermenileri Sorunlari Ara\u015ftirmalar Merkezi\",\"description\":\"\",\"potentialAction\":[{\"@type\":\"SearchAction\",\"target\":{\"@type\":\"EntryPoint\",\"urlTemplate\":\"https:\\\/\\\/akunq.net\\\/tr\\\/?s={search_term_string}\"},\"query-input\":{\"@type\":\"PropertyValueSpecification\",\"valueRequired\":true,\"valueName\":\"search_term_string\"}}],\"inLanguage\":\"en-US\"},{\"@type\":\"Person\",\"@id\":\"https:\\\/\\\/akunq.net\\\/tr\\\/#\\\/schema\\\/person\\\/096f1d38a12cce57fb855b485ed24c9e\",\"name\":\"admin\",\"url\":\"https:\\\/\\\/akunq.net\\\/tr\\\/?author=7\"}]}<\/script>\n<!-- \/ Yoast SEO plugin. -->","yoast_head_json":{"title":"Ba\u015frahip Tatul Anu\u015fyan hayat\u0131n\u0131 kaybetti - Bati Ermenistan Ve Bati Ermenileri Sorunlari Ara\u015ftirmalar Merkezi","robots":{"index":"index","follow":"follow","max-snippet":"max-snippet:-1","max-image-preview":"max-image-preview:large","max-video-preview":"max-video-preview:-1"},"canonical":"https:\/\/akunq.net\/tr\/?p=65674","og_locale":"en_US","og_type":"article","og_title":"Ba\u015frahip Tatul Anu\u015fyan hayat\u0131n\u0131 kaybetti - Bati Ermenistan Ve Bati Ermenileri Sorunlari Ara\u015ftirmalar Merkezi","og_description":"T\u00fcrkiye Ermeni Kilisesi din g\u00f6revlilerinden Ba\u015frahip Tatul Anu\u015fyan 14 Kas\u0131m Pazar g\u00fcn\u00fc ak\u015fam saatlerinde hayat\u0131n\u0131 kaybetti. Ba\u015frahip Anu\u015fyan bir s\u00fcredir rahats\u0131zl\u0131\u011f\u0131 nedeniyle tedavi g\u00f6rmekteydi. Ba\u015frahip Tatul Anu\u015fyan ayn\u0131 zamanda T\u00fcrkiye Ermenileri Patrikli\u011fi Ruhani Kurul Ba\u015fkanl\u0131\u011f\u0131 g\u00f6revini y\u00fcr\u00fct\u00fcyordu. Ba\u015frahip Anu\u015fyan yakla\u015f\u0131k \u00fc\u00e7 y\u0131ld\u0131r midesinde ya\u015fad\u0131\u011f\u0131 bir rahats\u0131zl\u0131k nedeniyle tedavi g\u00f6rmekteydi. Ge\u00e7ti\u011fimiz aylarda tedavi s\u00fcrecinde olumlu geli\u015fmeler [&hellip;]","og_url":"https:\/\/akunq.net\/tr\/?p=65674","og_site_name":"Bati Ermenistan Ve Bati Ermenileri Sorunlari Ara\u015ftirmalar Merkezi","article_published_time":"2021-11-15T06:03:42+00:00","og_image":[{"width":1990,"height":1327,"url":"https:\/\/akunq.net\/tr\/wp-content\/uploads\/sites\/6\/2021\/11\/Ba\u015frahip-Tatul-Anu\u015fyan.jpg","type":"image\/jpeg"}],"author":"admin","twitter_card":"summary_large_image","twitter_misc":{"Written by":"admin","Est. reading time":"1 minute"},"schema":{"@context":"https:\/\/schema.org","@graph":[{"@type":"Article","@id":"https:\/\/akunq.net\/tr\/?p=65674#article","isPartOf":{"@id":"https:\/\/akunq.net\/tr\/?p=65674"},"author":{"name":"admin","@id":"https:\/\/akunq.net\/tr\/#\/schema\/person\/096f1d38a12cce57fb855b485ed24c9e"},"headline":"Ba\u015frahip Tatul Anu\u015fyan hayat\u0131n\u0131 kaybetti","datePublished":"2021-11-15T06:03:42+00:00","mainEntityOfPage":{"@id":"https:\/\/akunq.net\/tr\/?p=65674"},"wordCount":253,"commentCount":0,"image":{"@id":"https:\/\/akunq.net\/tr\/?p=65674#primaryimage"},"thumbnailUrl":"https:\/\/akunq.net\/tr\/wp-content\/uploads\/sites\/6\/2021\/11\/Ba\u015frahip-Tatul-Anu\u015fyan.jpg","articleSection":["Haberler"],"inLanguage":"en-US","potentialAction":[{"@type":"CommentAction","name":"Comment","target":["https:\/\/akunq.net\/tr\/?p=65674#respond"]}]},{"@type":"WebPage","@id":"https:\/\/akunq.net\/tr\/?p=65674","url":"https:\/\/akunq.net\/tr\/?p=65674","name":"Ba\u015frahip Tatul Anu\u015fyan hayat\u0131n\u0131 kaybetti - Bati Ermenistan Ve Bati Ermenileri Sorunlari Ara\u015ftirmalar Merkezi","isPartOf":{"@id":"https:\/\/akunq.net\/tr\/#website"},"primaryImageOfPage":{"@id":"https:\/\/akunq.net\/tr\/?p=65674#primaryimage"},"image":{"@id":"https:\/\/akunq.net\/tr\/?p=65674#primaryimage"},"thumbnailUrl":"https:\/\/akunq.net\/tr\/wp-content\/uploads\/sites\/6\/2021\/11\/Ba\u015frahip-Tatul-Anu\u015fyan.jpg","datePublished":"2021-11-15T06:03:42+00:00","author":{"@id":"https:\/\/akunq.net\/tr\/#\/schema\/person\/096f1d38a12cce57fb855b485ed24c9e"},"breadcrumb":{"@id":"https:\/\/akunq.net\/tr\/?p=65674#breadcrumb"},"inLanguage":"en-US","potentialAction":[{"@type":"ReadAction","target":["https:\/\/akunq.net\/tr\/?p=65674"]}]},{"@type":"ImageObject","inLanguage":"en-US","@id":"https:\/\/akunq.net\/tr\/?p=65674#primaryimage","url":"https:\/\/akunq.net\/tr\/wp-content\/uploads\/sites\/6\/2021\/11\/Ba\u015frahip-Tatul-Anu\u015fyan.jpg","contentUrl":"https:\/\/akunq.net\/tr\/wp-content\/uploads\/sites\/6\/2021\/11\/Ba\u015frahip-Tatul-Anu\u015fyan.jpg","width":1990,"height":1327},{"@type":"BreadcrumbList","@id":"https:\/\/akunq.net\/tr\/?p=65674#breadcrumb","itemListElement":[{"@type":"ListItem","position":1,"name":"Home","item":"https:\/\/akunq.net\/tr"},{"@type":"ListItem","position":2,"name":"Ba\u015frahip Tatul Anu\u015fyan hayat\u0131n\u0131 kaybetti"}]},{"@type":"WebSite","@id":"https:\/\/akunq.net\/tr\/#website","url":"https:\/\/akunq.net\/tr\/","name":"Bati Ermenistan Ve Bati Ermenileri Sorunlari Ara\u015ftirmalar Merkezi","description":"","potentialAction":[{"@type":"SearchAction","target":{"@type":"EntryPoint","urlTemplate":"https:\/\/akunq.net\/tr\/?s={search_term_string}"},"query-input":{"@type":"PropertyValueSpecification","valueRequired":true,"valueName":"search_term_string"}}],"inLanguage":"en-US"},{"@type":"Person","@id":"https:\/\/akunq.net\/tr\/#\/schema\/person\/096f1d38a12cce57fb855b485ed24c9e","name":"admin","url":"https:\/\/akunq.net\/tr\/?author=7"}]}},"_links":{"self":[{"href":"https:\/\/akunq.net\/tr\/index.php?rest_route=\/wp\/v2\/posts\/65674","targetHints":{"allow":["GET"]}}],"collection":[{"href":"https:\/\/akunq.net\/tr\/index.php?rest_route=\/wp\/v2\/posts"}],"about":[{"href":"https:\/\/akunq.net\/tr\/index.php?rest_route=\/wp\/v2\/types\/post"}],"author":[{"embeddable":true,"href":"https:\/\/akunq.net\/tr\/index.php?rest_route=\/wp\/v2\/users\/7"}],"replies":[{"embeddable":true,"href":"https:\/\/akunq.net\/tr\/index.php?rest_route=%2Fwp%2Fv2%2Fcomments&post=65674"}],"version-history":[{"count":1,"href":"https:\/\/akunq.net\/tr\/index.php?rest_route=\/wp\/v2\/posts\/65674\/revisions"}],"predecessor-version":[{"id":65676,"href":"https:\/\/akunq.net\/tr\/index.php?rest_route=\/wp\/v2\/posts\/65674\/revisions\/65676"}],"wp:featuredmedia":[{"embeddable":true,"href":"https:\/\/akunq.net\/tr\/index.php?rest_route=\/wp\/v2\/media\/65675"}],"wp:attachment":[{"href":"https:\/\/akunq.net\/tr\/index.php?rest_route=%2Fwp%2Fv2%2Fmedia&parent=65674"}],"wp:term":[{"taxonomy":"category","embeddable":true,"href":"https:\/\/akunq.net\/tr\/index.php?rest_route=%2Fwp%2Fv2%2Fcategories&post=65674"},{"taxonomy":"post_tag","embeddable":true,"href":"https:\/\/akunq.net\/tr\/index.php?rest_route=%2Fwp%2Fv2%2Ftags&post=65674"}],"curies":[{"name":"wp","href":"https:\/\/api.w.org\/{rel}","templated":true}]}}