{"id":65613,"date":"2021-11-10T02:56:28","date_gmt":"2021-11-10T07:56:28","guid":{"rendered":"https:\/\/akunq.net\/tr\/?p=65613"},"modified":"2021-11-10T02:56:28","modified_gmt":"2021-11-10T07:56:28","slug":"pandemi-nedeniyle-ziyaretcisi-azalan-cok-kulturlulugun-kenti-ani-ilgi-bekliyor","status":"publish","type":"post","link":"https:\/\/akunq.net\/tr\/?p=65613","title":{"rendered":"Pandemi nedeniyle ziyaret\u00e7isi azalan \u00e7ok k\u00fclt\u00fcrl\u00fcl\u00fc\u011f\u00fcn kenti Ani, ilgi bekliyor"},"content":{"rendered":"<div class=\"breadcrumbs-wrapper hide-for-small-only\">\n<div class=\"grid-container\">\n<div class=\"grid-x\">\n<div class=\"cell\"><\/div>\n<\/div>\n<\/div>\n<\/div>\n<div class=\"entry-video-container\">\n<section class=\"entry-article-topper\">\n<div class=\"grid-x grid-margin-x\">\n<div class=\"cell\">\n<div class=\"entry-media\">\n<div>\n<div>\n<div>\n<div id=\"botr_HJrLaSPg_NQpf0io0_div\" class=\"jwplayer jw-reset jw-state-paused jw-stretch-uniform jw-flag-aspect-mode jw-breakpoint-6 jw-floating-dismissible jw-flag-user-inactive\" tabindex=\"0\" role=\"application\" aria-label=\"Video Oynat\u0131c\u0131\">\n<div class=\"jw-wrapper jw-reset\">\n<div class=\"jw-controls jw-reset\">\n<div class=\"jw-controlbar jw-reset\">\n<div class=\"jw-reset jw-button-container\">\n<div class=\"jw-icon jw-icon-inline jw-button-color jw-reset jw-icon-settings jw-settings-submenu-button\" tabindex=\"0\" role=\"button\" aria-label=\"Ayarlar\" aria-controls=\"jw-settings-menu\" aria-expanded=\"false\">\n<div class=\"jw-reset-text jw-tooltip jw-tooltip-settings\" dir=\"auto\">\n<p class=\"jw-text\"><em style=\"letter-spacing: 0.05em;\"><strong>Ani; &#8220;antik kenti&#8221;, &#8220;\u00f6ren yeri&#8221; veya &#8220;harabeleri&#8221; olarak biliniyor. Kars&#8217;\u0131n g\u00fcneydo\u011fusundaki kadim b\u00f6lgede, zaman\u0131n beraberinde getirdi\u011fi tahribata ra\u011fmen ayakta kalan tarihi yap\u0131lar, zengin medeniyetlerin i\u015fareti.<\/strong><\/em><\/p>\n<\/div>\n<\/div>\n<\/div>\n<\/div>\n<\/div>\n<\/div>\n<\/div>\n<\/div>\n<\/div>\n<\/div>\n<\/div>\n<div class=\"entry-header clearfix\">\n<div class=\"entry-meta-wrapper\">\n<div class=\"grid-x align-justify align-middle\">\n<div class=\"cell shrink\">\n<div class=\"entry-meta\">\n<div class=\"entry-meta-field entry-meta-author\"><strong><a href=\"https:\/\/www.indyturk.com\/taxonomy\/term\/234406\">Yunus Kele\u015f\u00a0<\/a><\/strong><\/div>\n<\/div>\n<\/div>\n<\/div>\n<\/div>\n<\/div>\n<\/div>\n<\/div>\n<\/section>\n<\/div>\n<div class=\"grid-container\">\n<article class=\"entry-article\">\n<div class=\"grid-x align-justify\">\n<div class=\"content-wrap-holder cell\">\n<div class=\"region region-content\">\n<div id=\"block-system-main\" class=\"block block-system\">\n<div class=\"content\">\n<div class=\"content-wrap\">\n<div class=\"printable-area page-taxonomy-term-16\" dir=\"ltr\">\n<div class=\"entry-content\" data-io-article-url=\"https:\/\/www.indyturk.com\/node\/433886\/haber\/pandemi-nedeniyle-ziyaret%C3%A7isi-azalan-%C3%A7ok-k%C3%BClt%C3%BCrl%C3%BCl%C3%BC%C4%9F%C3%BCn-kenti-ani-ilgi-bekliyor\">\n<div class=\"field field-name-body field-type-text-with-summary field-label-hidden\">\n<div class=\"field-items\">\n<div class=\"field-item even\">\n<p>Ani; Kars&#8217;\u0131n g\u00fcney do\u011fusunda Ermenistan s\u0131n\u0131r\u0131n\u0131n s\u0131f\u0131r noktas\u0131nda yer al\u0131yor.<\/p>\n<p>T\u00fcrkiye s\u0131n\u0131rlar\u0131n\u0131n en do\u011fusundaki Ani; Orta Asya steplerinin Anadolu&#8217;ya a\u00e7\u0131lan kap\u0131s\u0131 olarak, \u00e7ok kimlikli bir \u015fehrin izlerinin hissedildi\u011fi, g\u00f6r\u00fcld\u00fc\u011f\u00fc antik bir yer.<\/p>\n<p>Say\u0131s\u0131z mimari \u015fah eserin yer ald\u0131\u011f\u0131 Ani harabeleri; Urartulardan, Perslere, Bizans&#8217;tan, B\u00fcy\u00fck Sel\u00e7uklu&#8217;ya, \u015eeddadilerden Osmanl\u0131&#8217;ya kadar t\u00fcm zamanlar\u0131n tozunu katman katman biriktirmi\u015f bir kent.<\/p>\n<div class=\"dnd-widget-wrapper context-custom_image type-image\">\n<div class=\"dnd-atom-rendered\">\n<div class=\"entry-media-inner-img\"><img loading=\"lazy\" decoding=\"async\" title=\"aae137e9-7d65-42f8-a6a3-2960a50fb84b.jpg\" src=\"https:\/\/www.indyturk.com\/sites\/default\/files\/styles\/800xauto\/public\/thumbnails\/image\/2021\/11\/09\/794446-1069544915.jpg?itok=Ft_yvHx9\" alt=\"aae137e9-7d65-42f8-a6a3-2960a50fb84b.jpg\" width=\"800\" height=\"450\" \/><\/div>\n<\/div>\n<div class=\"dnd-caption-wrapper\">\n<div class=\"meta\"><em>Tarihi eserlerin yok almas\u0131 i\u00e7in restorasyon \u00e7al\u0131\u015fmalar\u0131 ba\u015flat\u0131lm\u0131\u015ft\u0131 \/ Foto\u011fraf: Yunus Kele\u015f<\/em><\/div>\n<\/div>\n<\/div>\n<p>&nbsp;<\/p>\n<p>A\u00e7\u0131k kaynaklarda yer alan bilgilere g\u00f6re Ani, 2016 y\u0131l\u0131nda UNESCO D\u00fcnya Miras\u0131 Listesi&#8217;nde yer al\u0131yor.<\/p>\n<p>Antik kentte; Zerd\u00fc\u015ft tap\u0131na\u011f\u0131, b\u00fcy\u00fck bir katedral, \u00e7ok say\u0131da kilise ve Anadolu&#8217;da in\u015fa edilen ilk cami gibi bir\u00e7ok yap\u0131n\u0131n yer al\u0131yor.<\/p>\n<p>Ani, dibinde vadilerle \u00e7evrili bir d\u00fczl\u00fck \u00fczerinde yer al\u0131yor. Bu vadilerden akan \u00e7aylar birikerek Aras nehrine kar\u0131\u015f\u0131yor.<\/p>\n<p>\u00c7evresinde akan k\u00fc\u00e7\u00fck nehirler, kadim medeniyetlerin neden Ani&#8217;ye kuruldu\u011funun birer g\u00f6stergesi.<\/p>\n<p>Hem suyun getirdi\u011fi bereket hem de g\u00fcvenlikli a\u015f\u0131lmaz surlar, buray\u0131 b\u00fct\u00fcn devletlere cazip bir kent k\u0131ld\u0131\u011f\u0131 yaz\u0131yor tarih kitaplar\u0131nda.<\/p>\n<p>Ani kentinin kuzey taraf\u0131, savunma a\u00e7\u0131s\u0131ndan en zay\u0131f yer olmas\u0131 nedeniyle g\u00fcvenlik amac\u0131yla yap\u0131lan, yedi kap\u0131l\u0131 \u00e7ifte surlar ve s\u0131k aral\u0131klarla dikilen bur\u00e7larla da desteklenmi\u015f.<\/p>\n<div class=\"dnd-widget-wrapper context-custom_image type-image\">\n<div class=\"dnd-atom-rendered\">\n<div class=\"entry-media-inner-img\"><em><img loading=\"lazy\" decoding=\"async\" title=\"5e680be8-760a-4a41-9fe9-bc5d63231fb5.jpg\" src=\"https:\/\/www.indyturk.com\/sites\/default\/files\/styles\/800xauto\/public\/thumbnails\/image\/2021\/11\/09\/794456-655468904.jpg?itok=YugGJrIi\" alt=\"5e680be8-760a-4a41-9fe9-bc5d63231fb5.jpg\" width=\"800\" height=\"450\" \/><\/em><\/div>\n<\/div>\n<div class=\"dnd-caption-wrapper\">\n<div class=\"meta\"><em>Ani&#8217;de farkl\u0131 medeniyetlere ait bir\u00e7ok tarihi eser bulunuyor \/ Foto\u011fraf: Yunus Kele\u015f<\/em><\/div>\n<\/div>\n<\/div>\n<p>&nbsp;<\/p>\n<p><strong>\u0130lkleri kenti\u00a0<\/strong><\/p>\n<p>961 y\u0131l\u0131nda 3. A\u015fot ba\u015fkentini Ani&#8217;ye ta\u015f\u0131yarak burada b\u00fcy\u00fck bir kentin in\u015fas\u0131na ba\u015flad\u0131.<\/p>\n<p>Ani En parlak devrini Ermeni Bagrationi soyundan gelen Kral Gagik zaman\u0131nda ya\u015fad\u0131.<\/p>\n<p>\u00c7ok say\u0131da ya\u015fam yerinin, kiliselerin, \u00e7ar\u015f\u0131lar\u0131n, yollar\u0131n, surlar\u0131n in\u015fa edildi\u011fi bu d\u00f6nemde kentin n\u00fcfusunun y\u00fcz binlere ula\u015ft\u0131\u011f\u0131 tahmin ediliyor.<\/p>\n<p>1045&#8217;te Bizansl\u0131lar Ani&#8217;yi zapt edip Bagratl\u0131 devletine son verince savunmas\u0131z ve huzursuz kalan b\u00f6lge, 1064&#8217;te Sel\u00e7uklu sultan\u0131 Alpaslan&#8217;a teslim oldu.<\/p>\n<div class=\"dnd-widget-wrapper context-custom_image type-image\">\n<div class=\"dnd-atom-rendered\">\n<div class=\"entry-media-inner-img\"><img loading=\"lazy\" decoding=\"async\" title=\"041abbd9-8469-4a0e-8aa9-0f7a73574dcc.jpg\" src=\"https:\/\/www.indyturk.com\/sites\/default\/files\/styles\/800xauto\/public\/thumbnails\/image\/2021\/11\/09\/794461-1737849299.jpg?itok=H3AEU3TN\" alt=\"041abbd9-8469-4a0e-8aa9-0f7a73574dcc.jpg\" width=\"800\" height=\"469\" \/><\/div>\n<\/div>\n<div class=\"dnd-caption-wrapper\">\n<div class=\"meta\"><em>1072 y\u0131l\u0131nda in\u015fa edilen Ebu&#8217;l Men\u00fb\u00e7ihr Camii, Anadolu&#8217;da yap\u0131lm\u0131\u015f ilk cami olarak baz\u0131 kaynaklarda ge\u00e7iyor \/ Foto\u011fraf: Yunus Kele\u015f<\/em><\/div>\n<\/div>\n<\/div>\n<p>&nbsp;<\/p>\n<p>Sel\u00e7uklular, \u015fehri fethettikten k\u0131sa bir s\u00fcre sonra y\u00f6netimini K\u00fcrt \u015eeddadi Beyli\u011fi&#8217;ne teslim etti.<\/p>\n<p>Ani, \u015eeddadiler taraf\u0131ndan ba\u015fkent ilan edildikten sonra, 1072 y\u0131l\u0131nda Ebu&#8217;l Men\u00fb\u00e7ihr Camii in\u015fa ettiler.<\/p>\n<p>\u00d6zg\u00fcn bir mimariyle yap\u0131lan cami d\u00fcnyadaki en \u00f6nemli \u0130slam eserlerinden biri olarak biliniyor.<\/p>\n<p>Ani kentinde ayakta kalan bu eser, Anadolu topraklar\u0131nda yap\u0131lm\u0131\u015f ilk camii kimi kaynaklarda ge\u00e7iyor.<\/p>\n<p>Zaman\u0131n bir\u00e7ok sanat\u00e7\u0131s\u0131n\u0131n, mimar\u0131n\u0131n \u00e7ekim merkezi olmu\u015f Ani antik kentinde ayakta kalan eserlerden biri olan B\u00fcy\u00fck Katedral.<\/p>\n<div class=\"dnd-widget-wrapper context-custom_image type-image\">\n<div class=\"dnd-atom-rendered\">\n<div class=\"entry-media-inner-img\"><img loading=\"lazy\" decoding=\"async\" title=\"e72da31b-96e7-45f0-9977-0d733a99d0e3.jpg\" src=\"https:\/\/www.indyturk.com\/sites\/default\/files\/styles\/800xauto\/public\/thumbnails\/image\/2021\/11\/09\/794471-1201080042.jpg?itok=AFKmpFZ_\" alt=\"e72da31b-96e7-45f0-9977-0d733a99d0e3.jpg\" width=\"800\" height=\"450\" \/><\/div>\n<\/div>\n<div class=\"dnd-caption-wrapper\">\n<div class=\"meta\"><em>B\u00fcy\u00fck Katedral&#8217;in (Meryem Ana Kilisesi) i\u00e7inden bir kare \/ Foto\u011fraf: Yunus Kele\u015f<\/em><\/div>\n<\/div>\n<\/div>\n<p>&nbsp;<\/p>\n<p>Bu katedral, \u0130stanbul&#8217;daki Ayasofya&#8217;n\u0131n da kubbesini onaran \u00fcnl\u00fc mimar Tradat taraf\u0131ndan in\u015fa edildi.<\/p>\n<p>Sultan Alpaslan, fethettikten sonra b\u00fcy\u00fck katedralde namaz k\u0131lm\u0131\u015f ve buran\u0131n daha sonra camiye d\u00f6n\u00fc\u015ft\u00fcr\u00fclmesini sa\u011flad\u0131.<\/p>\n<p>Ani, tarih boyunca; ticaret yolu, k\u00fclt\u00fcrl\u00fc bir b\u00f6lge, stratejik konumu ve mimarisi ile bir\u00e7ok devlet i\u00e7in \u00e7ekici bir kent oldu.<\/p>\n<p>Bu nedenle kentteki pek \u00e7ok eser \u00e7e\u015fitli sava\u015flarda ya tahrip oldu ya da yok olmayla kar\u015f\u0131 kar\u015f\u0131ya geldi.<\/p>\n<p>Baz\u0131 eserlerin de b\u00f6lgede ya\u015fanan b\u00fcy\u00fck depremlerde yok oldu\u011fu tahmin ediliyor. Bunlardan biri olan 1035 y\u0131l\u0131nda in\u015fa edilmi\u015f Halask\u00e2r Kilisesi\u2026<\/p>\n<p>1953, y\u0131l\u0131nda y\u0131ld\u0131r\u0131m d\u00fc\u015fmesi sonucu kubbesinin yar\u0131s\u0131 y\u0131k\u0131lan Halask\u00e2r Kilisesi&#8217;nin yar\u0131s\u0131 ise dimdik ayakta durmakta.<\/p>\n<div class=\"dnd-widget-wrapper context-custom_image type-image\">\n<div class=\"dnd-atom-rendered\">\n<div class=\"entry-media-inner-img\"><em><img loading=\"lazy\" decoding=\"async\" title=\"1b9dea47-bb31-49ab-8e91-dcfef0eaf307.jpg\" src=\"https:\/\/www.indyturk.com\/sites\/default\/files\/styles\/800xauto\/public\/thumbnails\/image\/2021\/11\/09\/794486-992714783.jpg?itok=hDc8Byd1\" alt=\"1b9dea47-bb31-49ab-8e91-dcfef0eaf307.jpg\" width=\"800\" height=\"531\" \/><\/em><\/div>\n<\/div>\n<div class=\"dnd-caption-wrapper\">\n<div class=\"meta\"><em>Ani&#8217;deki tarihi eserler, yerli ve yabanc\u0131 turistlerin ilgisini \u00e7ekiyor \/ Foto\u011fraf: Yunus Kele\u015f<\/em><\/div>\n<\/div>\n<\/div>\n<p><strong>Turizmin g\u00f6zdesi Ani\u00a0<\/strong><\/p>\n<p>Son y\u0131llarda Do\u011fu Ekspresi&#8217;nin pop\u00fcler olmas\u0131yla beraber Kars ve \u00e7evresine turist ak\u0131n\u0131 olmaya ba\u015flad\u0131.<\/p>\n<p>\u00d6zellikle k\u0131\u015f aylar\u0131nda \u00e7e\u015fitli yerlerden gelen turistlerin ziyaret etti\u011fi ba\u015fl\u0131ca yerlerden Ani oldu.<\/p>\n<p>Ani, her mevsim ayr\u0131 ayr\u0131 renklere b\u00fcr\u00fcn\u00fcyor.\u00a0E\u015fsiz mimari eserler \u00f6zellikle sonbaharda foto\u011fraf\u00e7\u0131lar i\u00e7in adeta renk c\u00fcmb\u00fc\u015f\u00fc sunuyor.<\/p>\n<p>\u00c7\u0131plak g\u00f6zle Ermenistan&#8217;a ba\u011fl\u0131 k\u00f6yler ve yerle\u015fim yerleri g\u00f6r\u00fclebiliyor.<\/p>\n<div class=\"dnd-widget-wrapper context-custom_image type-image\">\n<div class=\"dnd-atom-rendered\">\n<div class=\"entry-media-inner-img\"><em><img loading=\"lazy\" decoding=\"async\" title=\"80f9fa0f-d22c-469a-b7cb-b9c9e9a2c48b.jpg\" src=\"https:\/\/www.indyturk.com\/sites\/default\/files\/styles\/800xauto\/public\/thumbnails\/image\/2021\/11\/09\/794491-1893813260.jpg?itok=SGcwie6M\" alt=\"80f9fa0f-d22c-469a-b7cb-b9c9e9a2c48b.jpg\" width=\"800\" height=\"507\" \/><\/em><\/div>\n<\/div>\n<div class=\"dnd-caption-wrapper\">\n<div class=\"meta\"><em>Zamana meydan okuyarak bug\u00fcnlere ula\u015fan eserler, ilgi istiyor \/ Foto\u011fraf: Yunus Kele\u015f<\/em><\/div>\n<\/div>\n<\/div>\n<p>&nbsp;<\/p>\n<p>S\u0131n\u0131r\u0131n Ermenistan taraf\u0131nda kalan ma\u011faralar ve yer, 6 \u015fehri oldu\u011fu d\u00fc\u015f\u00fcn\u00fclen bir b\u00f6lgede bulunuyor.<\/p>\n<p>Yerel halk, buradaki ma\u011faralar\u0131n \u015eahmeran efsanesinin ge\u00e7ti\u011fi yer oldu\u011funa inan\u0131r.<\/p>\n<p>Pandemi nedeniyle Ani de bir\u00e7ok turizm b\u00f6lgesi gibi ziyaret\u00e7i s\u0131k\u0131nt\u0131s\u0131 ya\u015f\u0131yor.<\/p>\n<p>Restorasyon \u00e7al\u0131\u015fmalar\u0131na ara verilmi\u015f \u00e7ok k\u00fclt\u00fcrl\u00fc\u011f\u00fcn kenti Ani ilgi bekliyor.<\/p>\n<\/div>\n<\/div>\n<\/div>\n<\/div>\n<\/div>\n<div class=\"entry-tags\"><em><strong>https:\/\/www.indyturk.com\/node\/433886\/haber\/pandemi-nedeniyle-ziyaret%C3%A7isi-azalan-%C3%A7ok-k%C3%BClt%C3%BCrl%C3%BCl%C3%BC%C4%9F%C3%BCn-kenti-ani-ilgi-bekliyor\u00a0<\/strong><\/em><\/div>\n<\/div>\n<\/div>\n<\/div>\n<\/div>\n<\/div>\n<\/div>\n<\/article>\n<\/div>\n","protected":false},"excerpt":{"rendered":"<p>Ani; &#8220;antik kenti&#8221;, &#8220;\u00f6ren yeri&#8221; veya &#8220;harabeleri&#8221; olarak biliniyor. Kars&#8217;\u0131n g\u00fcneydo\u011fusundaki kadim b\u00f6lgede, zaman\u0131n beraberinde getirdi\u011fi tahribata ra\u011fmen ayakta kalan tarihi yap\u0131lar, zengin medeniyetlerin i\u015fareti. Yunus Kele\u015f\u00a0 Ani; Kars&#8217;\u0131n g\u00fcney do\u011fusunda Ermenistan s\u0131n\u0131r\u0131n\u0131n s\u0131f\u0131r noktas\u0131nda yer al\u0131yor. T\u00fcrkiye s\u0131n\u0131rlar\u0131n\u0131n en do\u011fusundaki Ani; Orta Asya steplerinin Anadolu&#8217;ya a\u00e7\u0131lan kap\u0131s\u0131 olarak, \u00e7ok kimlikli bir \u015fehrin izlerinin hissedildi\u011fi, [&hellip;]<\/p>\n","protected":false},"author":7,"featured_media":65614,"comment_status":"open","ping_status":"open","sticky":false,"template":"","format":"standard","meta":{"footnotes":""},"categories":[22,1],"tags":[],"class_list":["post-65613","post","type-post","status-publish","format-standard","has-post-thumbnail","hentry","category-gunumuzde-bati-ermenistan","category-haberler"],"yoast_head":"<!-- This site is optimized with the Yoast SEO plugin v27.4 - https:\/\/yoast.com\/product\/yoast-seo-wordpress\/ -->\n<title>Pandemi nedeniyle ziyaret\u00e7isi azalan \u00e7ok k\u00fclt\u00fcrl\u00fcl\u00fc\u011f\u00fcn kenti Ani, ilgi bekliyor - Bati Ermenistan Ve Bati Ermenileri Sorunlari Ara\u015ftirmalar Merkezi<\/title>\n<meta name=\"robots\" content=\"index, follow, max-snippet:-1, max-image-preview:large, max-video-preview:-1\" \/>\n<link rel=\"canonical\" href=\"https:\/\/akunq.net\/tr\/?p=65613\" \/>\n<meta property=\"og:locale\" content=\"en_US\" \/>\n<meta property=\"og:type\" content=\"article\" \/>\n<meta property=\"og:title\" content=\"Pandemi nedeniyle ziyaret\u00e7isi azalan \u00e7ok k\u00fclt\u00fcrl\u00fcl\u00fc\u011f\u00fcn kenti Ani, ilgi bekliyor - Bati Ermenistan Ve Bati Ermenileri Sorunlari Ara\u015ftirmalar Merkezi\" \/>\n<meta property=\"og:description\" content=\"Ani; &#8220;antik kenti&#8221;, &#8220;\u00f6ren yeri&#8221; veya &#8220;harabeleri&#8221; olarak biliniyor. Kars&#8217;\u0131n g\u00fcneydo\u011fusundaki kadim b\u00f6lgede, zaman\u0131n beraberinde getirdi\u011fi tahribata ra\u011fmen ayakta kalan tarihi yap\u0131lar, zengin medeniyetlerin i\u015fareti. Yunus Kele\u015f\u00a0 Ani; Kars&#8217;\u0131n g\u00fcney do\u011fusunda Ermenistan s\u0131n\u0131r\u0131n\u0131n s\u0131f\u0131r noktas\u0131nda yer al\u0131yor. T\u00fcrkiye s\u0131n\u0131rlar\u0131n\u0131n en do\u011fusundaki Ani; Orta Asya steplerinin Anadolu&#8217;ya a\u00e7\u0131lan kap\u0131s\u0131 olarak, \u00e7ok kimlikli bir \u015fehrin izlerinin hissedildi\u011fi, [&hellip;]\" \/>\n<meta property=\"og:url\" content=\"https:\/\/akunq.net\/tr\/?p=65613\" \/>\n<meta property=\"og:site_name\" content=\"Bati Ermenistan Ve Bati Ermenileri Sorunlari Ara\u015ftirmalar Merkezi\" \/>\n<meta property=\"article:published_time\" content=\"2021-11-10T07:56:28+00:00\" \/>\n<meta property=\"og:image\" content=\"https:\/\/akunq.net\/tr\/wp-content\/uploads\/sites\/6\/2021\/11\/Ani.jpg\" \/>\n\t<meta property=\"og:image:width\" content=\"800\" \/>\n\t<meta property=\"og:image:height\" content=\"507\" \/>\n\t<meta property=\"og:image:type\" content=\"image\/jpeg\" \/>\n<meta name=\"author\" content=\"admin\" \/>\n<meta name=\"twitter:card\" content=\"summary_large_image\" \/>\n<meta name=\"twitter:label1\" content=\"Written by\" \/>\n\t<meta name=\"twitter:data1\" content=\"admin\" \/>\n\t<meta name=\"twitter:label2\" content=\"Est. reading time\" \/>\n\t<meta name=\"twitter:data2\" content=\"4 minutes\" \/>\n<script type=\"application\/ld+json\" class=\"yoast-schema-graph\">{\"@context\":\"https:\\\/\\\/schema.org\",\"@graph\":[{\"@type\":\"Article\",\"@id\":\"https:\\\/\\\/akunq.net\\\/tr\\\/?p=65613#article\",\"isPartOf\":{\"@id\":\"https:\\\/\\\/akunq.net\\\/tr\\\/?p=65613\"},\"author\":{\"name\":\"admin\",\"@id\":\"https:\\\/\\\/akunq.net\\\/tr\\\/#\\\/schema\\\/person\\\/096f1d38a12cce57fb855b485ed24c9e\"},\"headline\":\"Pandemi nedeniyle ziyaret\u00e7isi azalan \u00e7ok k\u00fclt\u00fcrl\u00fcl\u00fc\u011f\u00fcn kenti Ani, ilgi bekliyor\",\"datePublished\":\"2021-11-10T07:56:28+00:00\",\"mainEntityOfPage\":{\"@id\":\"https:\\\/\\\/akunq.net\\\/tr\\\/?p=65613\"},\"wordCount\":893,\"commentCount\":0,\"image\":{\"@id\":\"https:\\\/\\\/akunq.net\\\/tr\\\/?p=65613#primaryimage\"},\"thumbnailUrl\":\"https:\\\/\\\/akunq.net\\\/tr\\\/wp-content\\\/uploads\\\/sites\\\/6\\\/2021\\\/11\\\/Ani.jpg\",\"articleSection\":[\"G\u00fcn\u00fcm\u00fczde Bat\u0131 Ermenistan\",\"Haberler\"],\"inLanguage\":\"en-US\",\"potentialAction\":[{\"@type\":\"CommentAction\",\"name\":\"Comment\",\"target\":[\"https:\\\/\\\/akunq.net\\\/tr\\\/?p=65613#respond\"]}]},{\"@type\":\"WebPage\",\"@id\":\"https:\\\/\\\/akunq.net\\\/tr\\\/?p=65613\",\"url\":\"https:\\\/\\\/akunq.net\\\/tr\\\/?p=65613\",\"name\":\"Pandemi nedeniyle ziyaret\u00e7isi azalan \u00e7ok k\u00fclt\u00fcrl\u00fcl\u00fc\u011f\u00fcn kenti Ani, ilgi bekliyor - Bati Ermenistan Ve Bati Ermenileri Sorunlari Ara\u015ftirmalar Merkezi\",\"isPartOf\":{\"@id\":\"https:\\\/\\\/akunq.net\\\/tr\\\/#website\"},\"primaryImageOfPage\":{\"@id\":\"https:\\\/\\\/akunq.net\\\/tr\\\/?p=65613#primaryimage\"},\"image\":{\"@id\":\"https:\\\/\\\/akunq.net\\\/tr\\\/?p=65613#primaryimage\"},\"thumbnailUrl\":\"https:\\\/\\\/akunq.net\\\/tr\\\/wp-content\\\/uploads\\\/sites\\\/6\\\/2021\\\/11\\\/Ani.jpg\",\"datePublished\":\"2021-11-10T07:56:28+00:00\",\"author\":{\"@id\":\"https:\\\/\\\/akunq.net\\\/tr\\\/#\\\/schema\\\/person\\\/096f1d38a12cce57fb855b485ed24c9e\"},\"breadcrumb\":{\"@id\":\"https:\\\/\\\/akunq.net\\\/tr\\\/?p=65613#breadcrumb\"},\"inLanguage\":\"en-US\",\"potentialAction\":[{\"@type\":\"ReadAction\",\"target\":[\"https:\\\/\\\/akunq.net\\\/tr\\\/?p=65613\"]}]},{\"@type\":\"ImageObject\",\"inLanguage\":\"en-US\",\"@id\":\"https:\\\/\\\/akunq.net\\\/tr\\\/?p=65613#primaryimage\",\"url\":\"https:\\\/\\\/akunq.net\\\/tr\\\/wp-content\\\/uploads\\\/sites\\\/6\\\/2021\\\/11\\\/Ani.jpg\",\"contentUrl\":\"https:\\\/\\\/akunq.net\\\/tr\\\/wp-content\\\/uploads\\\/sites\\\/6\\\/2021\\\/11\\\/Ani.jpg\",\"width\":800,\"height\":507},{\"@type\":\"BreadcrumbList\",\"@id\":\"https:\\\/\\\/akunq.net\\\/tr\\\/?p=65613#breadcrumb\",\"itemListElement\":[{\"@type\":\"ListItem\",\"position\":1,\"name\":\"Home\",\"item\":\"https:\\\/\\\/akunq.net\\\/tr\"},{\"@type\":\"ListItem\",\"position\":2,\"name\":\"Pandemi nedeniyle ziyaret\u00e7isi azalan \u00e7ok k\u00fclt\u00fcrl\u00fcl\u00fc\u011f\u00fcn kenti Ani, ilgi bekliyor\"}]},{\"@type\":\"WebSite\",\"@id\":\"https:\\\/\\\/akunq.net\\\/tr\\\/#website\",\"url\":\"https:\\\/\\\/akunq.net\\\/tr\\\/\",\"name\":\"Bati Ermenistan Ve Bati Ermenileri Sorunlari Ara\u015ftirmalar Merkezi\",\"description\":\"\",\"potentialAction\":[{\"@type\":\"SearchAction\",\"target\":{\"@type\":\"EntryPoint\",\"urlTemplate\":\"https:\\\/\\\/akunq.net\\\/tr\\\/?s={search_term_string}\"},\"query-input\":{\"@type\":\"PropertyValueSpecification\",\"valueRequired\":true,\"valueName\":\"search_term_string\"}}],\"inLanguage\":\"en-US\"},{\"@type\":\"Person\",\"@id\":\"https:\\\/\\\/akunq.net\\\/tr\\\/#\\\/schema\\\/person\\\/096f1d38a12cce57fb855b485ed24c9e\",\"name\":\"admin\",\"url\":\"https:\\\/\\\/akunq.net\\\/tr\\\/?author=7\"}]}<\/script>\n<!-- \/ Yoast SEO plugin. -->","yoast_head_json":{"title":"Pandemi nedeniyle ziyaret\u00e7isi azalan \u00e7ok k\u00fclt\u00fcrl\u00fcl\u00fc\u011f\u00fcn kenti Ani, ilgi bekliyor - Bati Ermenistan Ve Bati Ermenileri Sorunlari Ara\u015ftirmalar Merkezi","robots":{"index":"index","follow":"follow","max-snippet":"max-snippet:-1","max-image-preview":"max-image-preview:large","max-video-preview":"max-video-preview:-1"},"canonical":"https:\/\/akunq.net\/tr\/?p=65613","og_locale":"en_US","og_type":"article","og_title":"Pandemi nedeniyle ziyaret\u00e7isi azalan \u00e7ok k\u00fclt\u00fcrl\u00fcl\u00fc\u011f\u00fcn kenti Ani, ilgi bekliyor - Bati Ermenistan Ve Bati Ermenileri Sorunlari Ara\u015ftirmalar Merkezi","og_description":"Ani; &#8220;antik kenti&#8221;, &#8220;\u00f6ren yeri&#8221; veya &#8220;harabeleri&#8221; olarak biliniyor. Kars&#8217;\u0131n g\u00fcneydo\u011fusundaki kadim b\u00f6lgede, zaman\u0131n beraberinde getirdi\u011fi tahribata ra\u011fmen ayakta kalan tarihi yap\u0131lar, zengin medeniyetlerin i\u015fareti. Yunus Kele\u015f\u00a0 Ani; Kars&#8217;\u0131n g\u00fcney do\u011fusunda Ermenistan s\u0131n\u0131r\u0131n\u0131n s\u0131f\u0131r noktas\u0131nda yer al\u0131yor. T\u00fcrkiye s\u0131n\u0131rlar\u0131n\u0131n en do\u011fusundaki Ani; Orta Asya steplerinin Anadolu&#8217;ya a\u00e7\u0131lan kap\u0131s\u0131 olarak, \u00e7ok kimlikli bir \u015fehrin izlerinin hissedildi\u011fi, [&hellip;]","og_url":"https:\/\/akunq.net\/tr\/?p=65613","og_site_name":"Bati Ermenistan Ve Bati Ermenileri Sorunlari Ara\u015ftirmalar Merkezi","article_published_time":"2021-11-10T07:56:28+00:00","og_image":[{"width":800,"height":507,"url":"https:\/\/akunq.net\/tr\/wp-content\/uploads\/sites\/6\/2021\/11\/Ani.jpg","type":"image\/jpeg"}],"author":"admin","twitter_card":"summary_large_image","twitter_misc":{"Written by":"admin","Est. reading time":"4 minutes"},"schema":{"@context":"https:\/\/schema.org","@graph":[{"@type":"Article","@id":"https:\/\/akunq.net\/tr\/?p=65613#article","isPartOf":{"@id":"https:\/\/akunq.net\/tr\/?p=65613"},"author":{"name":"admin","@id":"https:\/\/akunq.net\/tr\/#\/schema\/person\/096f1d38a12cce57fb855b485ed24c9e"},"headline":"Pandemi nedeniyle ziyaret\u00e7isi azalan \u00e7ok k\u00fclt\u00fcrl\u00fcl\u00fc\u011f\u00fcn kenti Ani, ilgi bekliyor","datePublished":"2021-11-10T07:56:28+00:00","mainEntityOfPage":{"@id":"https:\/\/akunq.net\/tr\/?p=65613"},"wordCount":893,"commentCount":0,"image":{"@id":"https:\/\/akunq.net\/tr\/?p=65613#primaryimage"},"thumbnailUrl":"https:\/\/akunq.net\/tr\/wp-content\/uploads\/sites\/6\/2021\/11\/Ani.jpg","articleSection":["G\u00fcn\u00fcm\u00fczde Bat\u0131 Ermenistan","Haberler"],"inLanguage":"en-US","potentialAction":[{"@type":"CommentAction","name":"Comment","target":["https:\/\/akunq.net\/tr\/?p=65613#respond"]}]},{"@type":"WebPage","@id":"https:\/\/akunq.net\/tr\/?p=65613","url":"https:\/\/akunq.net\/tr\/?p=65613","name":"Pandemi nedeniyle ziyaret\u00e7isi azalan \u00e7ok k\u00fclt\u00fcrl\u00fcl\u00fc\u011f\u00fcn kenti Ani, ilgi bekliyor - Bati Ermenistan Ve Bati Ermenileri Sorunlari Ara\u015ftirmalar Merkezi","isPartOf":{"@id":"https:\/\/akunq.net\/tr\/#website"},"primaryImageOfPage":{"@id":"https:\/\/akunq.net\/tr\/?p=65613#primaryimage"},"image":{"@id":"https:\/\/akunq.net\/tr\/?p=65613#primaryimage"},"thumbnailUrl":"https:\/\/akunq.net\/tr\/wp-content\/uploads\/sites\/6\/2021\/11\/Ani.jpg","datePublished":"2021-11-10T07:56:28+00:00","author":{"@id":"https:\/\/akunq.net\/tr\/#\/schema\/person\/096f1d38a12cce57fb855b485ed24c9e"},"breadcrumb":{"@id":"https:\/\/akunq.net\/tr\/?p=65613#breadcrumb"},"inLanguage":"en-US","potentialAction":[{"@type":"ReadAction","target":["https:\/\/akunq.net\/tr\/?p=65613"]}]},{"@type":"ImageObject","inLanguage":"en-US","@id":"https:\/\/akunq.net\/tr\/?p=65613#primaryimage","url":"https:\/\/akunq.net\/tr\/wp-content\/uploads\/sites\/6\/2021\/11\/Ani.jpg","contentUrl":"https:\/\/akunq.net\/tr\/wp-content\/uploads\/sites\/6\/2021\/11\/Ani.jpg","width":800,"height":507},{"@type":"BreadcrumbList","@id":"https:\/\/akunq.net\/tr\/?p=65613#breadcrumb","itemListElement":[{"@type":"ListItem","position":1,"name":"Home","item":"https:\/\/akunq.net\/tr"},{"@type":"ListItem","position":2,"name":"Pandemi nedeniyle ziyaret\u00e7isi azalan \u00e7ok k\u00fclt\u00fcrl\u00fcl\u00fc\u011f\u00fcn kenti Ani, ilgi bekliyor"}]},{"@type":"WebSite","@id":"https:\/\/akunq.net\/tr\/#website","url":"https:\/\/akunq.net\/tr\/","name":"Bati Ermenistan Ve Bati Ermenileri Sorunlari Ara\u015ftirmalar Merkezi","description":"","potentialAction":[{"@type":"SearchAction","target":{"@type":"EntryPoint","urlTemplate":"https:\/\/akunq.net\/tr\/?s={search_term_string}"},"query-input":{"@type":"PropertyValueSpecification","valueRequired":true,"valueName":"search_term_string"}}],"inLanguage":"en-US"},{"@type":"Person","@id":"https:\/\/akunq.net\/tr\/#\/schema\/person\/096f1d38a12cce57fb855b485ed24c9e","name":"admin","url":"https:\/\/akunq.net\/tr\/?author=7"}]}},"_links":{"self":[{"href":"https:\/\/akunq.net\/tr\/index.php?rest_route=\/wp\/v2\/posts\/65613","targetHints":{"allow":["GET"]}}],"collection":[{"href":"https:\/\/akunq.net\/tr\/index.php?rest_route=\/wp\/v2\/posts"}],"about":[{"href":"https:\/\/akunq.net\/tr\/index.php?rest_route=\/wp\/v2\/types\/post"}],"author":[{"embeddable":true,"href":"https:\/\/akunq.net\/tr\/index.php?rest_route=\/wp\/v2\/users\/7"}],"replies":[{"embeddable":true,"href":"https:\/\/akunq.net\/tr\/index.php?rest_route=%2Fwp%2Fv2%2Fcomments&post=65613"}],"version-history":[{"count":1,"href":"https:\/\/akunq.net\/tr\/index.php?rest_route=\/wp\/v2\/posts\/65613\/revisions"}],"predecessor-version":[{"id":65615,"href":"https:\/\/akunq.net\/tr\/index.php?rest_route=\/wp\/v2\/posts\/65613\/revisions\/65615"}],"wp:featuredmedia":[{"embeddable":true,"href":"https:\/\/akunq.net\/tr\/index.php?rest_route=\/wp\/v2\/media\/65614"}],"wp:attachment":[{"href":"https:\/\/akunq.net\/tr\/index.php?rest_route=%2Fwp%2Fv2%2Fmedia&parent=65613"}],"wp:term":[{"taxonomy":"category","embeddable":true,"href":"https:\/\/akunq.net\/tr\/index.php?rest_route=%2Fwp%2Fv2%2Fcategories&post=65613"},{"taxonomy":"post_tag","embeddable":true,"href":"https:\/\/akunq.net\/tr\/index.php?rest_route=%2Fwp%2Fv2%2Ftags&post=65613"}],"curies":[{"name":"wp","href":"https:\/\/api.w.org\/{rel}","templated":true}]}}