{"id":65610,"date":"2021-11-10T02:46:15","date_gmt":"2021-11-10T07:46:15","guid":{"rendered":"https:\/\/akunq.net\/tr\/?p=65610"},"modified":"2021-11-10T02:46:15","modified_gmt":"2021-11-10T07:46:15","slug":"mit-raporundaki-yesil-ve-ocalana-operasyon","status":"publish","type":"post","link":"https:\/\/akunq.net\/tr\/?p=65610","title":{"rendered":"M\u0130T raporundaki Ye\u015fil ve \u00d6calan&#8217;a operasyon"},"content":{"rendered":"<p>&nbsp;<\/p>\n<p class=\"intro\"><strong><em>Eski M\u0130T mensubu Eym\u00fcr, \u00d6calan&#8217;a y\u00f6nelik 1996&#8217;da Suriye&#8217;de d\u00fczenlenen operasyonun &#8220;ba\u015far\u0131l\u0131&#8221; oldu\u011funu savunurken, M\u0130T Tefti\u015f Kurulu Ba\u015fkanl\u0131\u011f\u0131&#8217;n\u0131n o d\u00f6nem haz\u0131rlad\u0131\u011f\u0131 soru\u015fturma raporunda tam tersi tespitler yap\u0131ld\u0131.<\/em><\/strong><\/p>\n<div class=\"picBox full\"><a class=\"overlayLink init\" href=\"https:\/\/www.dw.com\/tr\/mit-raporundaki-ye%C5%9Fil-ve-%C3%B6calana-operasyon\/a-59752022#\" rel=\"nofollow\"><img decoding=\"async\" title=\"Eski M\u0130T Kontrter\u00f6r Dairesi Ba\u015fkan\u0131 Mehmet Eym\u00fcr\" src=\"https:\/\/static.dw.com\/image\/59752253_303.jpg\" alt=\"Eski M\u0130T Kontrter\u00f6r Dairesi Ba\u015fkan\u0131 Mehmet Eym\u00fcr\" \/><\/a><em>Eski M\u0130T Kontrter\u00f6r Dairesi Ba\u015fkan\u0131 Mehmet Eym\u00fcr<\/em><\/p>\n<\/div>\n<div class=\"group\">\n<div class=\"longText\">\n<p>Eski M\u0130T Kontrter\u00f6r Dairesi Ba\u015fkan\u0131 Mehmet Eym\u00fcr&#8217;\u00fcn a\u00e7\u0131klamalar\u0131n\u0131n ard\u0131ndan g\u00f6zler bir kez daha Ye\u015fil kod adl\u0131 Mahmut Y\u0131ld\u0131r\u0131m&#8217;\u0131n M\u0130T ile olan ili\u015fkisine ve Abdullah \u00d6calan&#8217;a y\u00f6nelik Suriye ile L\u00fcbnan&#8217;da ger\u00e7ekle\u015ftirilmek istenen operasyonlara \u00e7evrildi. Eym\u00fcr, Ye\u015fil&#8217;in kullan\u0131lmas\u0131n\u0131n do\u011fru oldu\u011funu savunurken, Suriye&#8217;deki Mercedes Operasyonu i\u00e7in &#8220;ba\u015far\u0131l\u0131yd\u0131&#8221; dedi. Ancak M\u0130T Tefti\u015f Kurulu Ba\u015fkanl\u0131\u011f\u0131&#8217;n\u0131n o d\u00f6nem haz\u0131rlad\u0131\u011f\u0131 soru\u015fturma raporunda tam tersi tespitler yap\u0131ld\u0131. Raporda, Ye\u015fil&#8217;in 1985 y\u0131l\u0131nda &#8220;komplikasyonlara sebep oldu\u011fu&#8221; gerek\u00e7esiyle M\u0130T ile olan ili\u015fkisinin kesildi\u011fi belirtildi, ancak 1994&#8217;ten sonra M\u0130T taraf\u0131ndan Mahmut Y\u0131ld\u0131r\u0131m&#8217;\u0131n ikinci kez kullan\u0131lmas\u0131 konusunda Mehmet Eym\u00fcr su\u00e7land\u0131. Raporda, Ye\u015fil&#8217;in g\u00f6rev ald\u0131\u011f\u0131 Yunanistan, Suriye ve L\u00fcbnan operasyonlar\u0131n\u0131n &#8220;ba\u015far\u0131s\u0131z&#8221; oldu\u011fu vurguland\u0131.<\/p>\n<p>Eski M\u0130T Kontrter\u00f6r Dairesi Ba\u015fkan\u0131 Mehmet Eym\u00fcr&#8217;\u00fcn, ge\u00e7en hafta\u00a0<em>T24\u00a0<\/em>Ankara Temsilcisi G\u00f6k\u00e7er Tahincio\u011flu&#8217;na verdi\u011fi r\u00f6portaj g\u00fcndem yaratt\u0131. M\u0130T&#8217;in Suriye&#8217;de Abdullah \u00d6calan&#8217;a y\u00f6nelik d\u00fczenledi\u011fi ve Ye\u015fil&#8217;in de kullan\u0131ld\u0131\u011f\u0131 Mercedes operasyonunu anlatan Eym\u00fcr, &#8220;Esasen ba\u015far\u0131s\u0131z da denilemez. Apo&#8217;yu \u00f6ld\u00fcremedik ama \u00f6yle b\u00fcy\u00fck bir patlama yapt\u0131k ki Suriye \u00fcrkt\u00fc. O zamanki Kara Kuvvetleri Komutan\u0131&#8217;n\u0131n bir beyan\u0131 oldu. O konu\u015fmadan sonra Suriye&#8217;den \u00e7\u0131kartt\u0131lar. Yani \u00f6n ayak oldu. Bir ba\u015far\u0131d\u0131r&#8221; dedi.<\/p>\n<p>Eym\u00fcr, Ye\u015fil konusunda ise &#8220;Y\u00fcrekli bir o\u011fland\u0131&#8221; derken, &#8220;Tabii \u015fimdi bize d\u00fczg\u00fcn adam laz\u0131m de\u011fil ki. D\u00fczg\u00fcn adam neyin haberini getirecek. Bir faaliyetin i\u00e7erisinde olan adam zaten kirli adamd\u0131r&#8221; ifadesini kulland\u0131.<\/p>\n<p>DW T\u00fcrk\u00e7e, Eym\u00fcr&#8217;\u00fcn a\u00e7\u0131klamalar\u0131 \u0131\u015f\u0131\u011f\u0131nda Ye\u015fil kod adl\u0131 Mahmut Y\u0131ld\u0131r\u0131m ve \u00d6calan&#8217;a operasyonlar olay\u0131na mercek tuttu. Eym\u00fcr&#8217;\u00fcn a\u00e7\u0131klamalar\u0131n\u0131 \u00e7\u00fcr\u00fcten belge ise Ankara&#8217;da eski bakan Mehmet A\u011far&#8217;\u0131n da san\u0131\u011f\u0131 oldu\u011fu faili me\u00e7hul cinayetler davas\u0131n\u0131n dosyas\u0131ndan \u00e7\u0131kt\u0131. M\u0130T taraf\u0131ndan Ankara 1. A\u011f\u0131r Ceza Mahkemesi&#8217;ne g\u00f6nderilerek &#8220;alenile\u015fen&#8221; belge, M\u0130T Tefti\u015f Kurulu&#8217;nun Soru\u015fturma Raporu oldu.<\/p>\n<h2>M\u0130T&#8217;in Ye\u015fil raporu<\/h2>\n<p>29 May\u0131s 1998 tarihli raporun konusu &#8220;Mahmut Y\u0131ld\u0131r\u0131m (Ye\u015fil) ile Te\u015fkilat\u0131m\u0131z aras\u0131ndaki ili\u015fki ve te\u015fkilat mensuplar\u0131n\u0131n ad\u0131ge\u00e7en ile temaslar\u0131n\u0131n soru\u015fturulmas\u0131&#8221; \u015feklinde yaz\u0131ld\u0131.<\/p>\n<h2>1973&#8217;te ilk kez kullan\u0131lmaya ba\u015fland\u0131<\/h2>\n<p>Rapor, Ye\u015fil kod adl\u0131 Mahmut Y\u0131ld\u0131r\u0131m&#8217;\u0131n M\u0130T ile olan ili\u015fkisini g\u00f6zler \u00f6n\u00fcne serdi. Rapora g\u00f6re, Mahmut Y\u0131ld\u0131r\u0131m ilk olarak Mahmut Atmaca kod ad\u0131yla 1973 y\u0131l\u0131nda El\u00e2z\u0131\u011f B\u00f6lge M\u00fcd\u00fcrl\u00fc\u011f\u00fc&#8217;nce angaje edilerek elaman stat\u00fcs\u00fcnde istihdam edildi. 1985 y\u0131l\u0131na gelindi\u011finde ise &#8220;komplikasyonlara sebep oldu\u011fu&#8221; gerek\u00e7esiyle Y\u0131ld\u0131r\u0131m&#8217;\u0131n M\u0130T ile olan ili\u015fkisi kesildi. Raporda, bu tarihten sonra Ye\u015fil&#8217;in &#8220;J\u0130TEM ve Jandarma Asayi\u015f B\u00f6lge Komutanl\u0131\u011f\u0131 ile beraber \u00e7al\u0131\u015ft\u0131\u011f\u0131&#8221; anlat\u0131ld\u0131.<\/p>\n<div class=\"picBox full\">\n<div id=\"twtr-1457746363714789380\" class=\"group embeddedTweet\">\n<div class=\"twitter-tweet twitter-tweet-rendered\"><iframe id=\"twitter-widget-0\" class=\"\" title=\"Twitter Tweet\" src=\"https:\/\/platform.twitter.com\/embed\/Tweet.html?dnt=false&amp;embedId=twitter-widget-0&amp;features=eyJ0ZndfZXhwZXJpbWVudHNfY29va2llX2V4cGlyYXRpb24iOnsiYnVja2V0IjoxMjA5NjAwLCJ2ZXJzaW9uIjpudWxsfSwidGZ3X2hvcml6b25fdHdlZXRfZW1iZWRfOTU1NSI6eyJidWNrZXQiOiJodGUiLCJ2ZXJzaW9uIjpudWxsfSwidGZ3X3NwYWNlX2NhcmQiOnsiYnVja2V0Ijoib2ZmIiwidmVyc2lvbiI6bnVsbH19&amp;frame=false&amp;hideCard=false&amp;hideThread=false&amp;id=1457746363714789380&amp;lang=en&amp;origin=https%3A%2F%2Fwww.dw.com%2Ftr%2Fmit-raporundaki-ye%25C5%259Fil-ve-%25C3%25B6calana-operasyon%2Fa-59752022&amp;sessionId=4e34e284cb3e2d5e1bc693d23f91a0305030ea3f&amp;siteScreenName=dw_turkce&amp;theme=light&amp;widgetsVersion=f001879%3A1634581029404&amp;width=550px\" frameborder=\"0\" scrolling=\"no\" allowfullscreen=\"allowfullscreen\" data-tweet-id=\"1457746363714789380\" data-mce-fragment=\"1\"><\/iframe><\/div>\n<\/div>\n<\/div>\n<h2>1992&#8217;de uyar\u0131<\/h2>\n<p>\u0130\u00e7 \u0130stihbarat Ba\u015fkanl\u0131\u011f\u0131, 17 Mart 1992 tarihinde Malatya B\u00f6lge Ba\u015fkanl\u0131\u011f\u0131&#8217;na g\u00f6nderdi\u011fi emirde, Ye\u015fil&#8217;e ili\u015fkin &#8220;Sakall\u0131 kod adl\u0131 Mahmut Y\u0131ld\u0131r\u0131m&#8217;\u0131n konumu itibariyle komplikasyonlara neden olabilecek bir ki\u015fi olmas\u0131 nedeniyle, ad\u0131ge\u00e7enle kati suretle temasta bulunulmamas\u0131na azami \u00f6zen g\u00f6sterilmelidir&#8221; denildi.<\/p>\n<p>Haziran 1992 tarihinde ise d\u00f6nemin M\u0130T M\u00fcste\u015far\u0131 Teoman Koman, ba\u015fta Ba\u015fbakanl\u0131k olmak \u00fczere ilgili devlet kurumlar\u0131na &#8220;Bundan b\u00f6yle s\u00fcrd\u00fcr\u00fclecek \u00e7al\u0131\u015fmalarda da Sakall\u0131 lakapl\u0131 \u015fahs\u0131n \u00dcnitemiz unsurlar\u0131 ile temas ettirilmemesini arzederim&#8221; dedi.<\/p>\n<p>Soru\u015fturma kapsam\u0131nda M\u0130T&#8217;in ar\u015fivindeki Mahmut Y\u0131ld\u0131r\u0131m dosyas\u0131 da incelendi. Raporda, &#8220;evraklarda Y\u0131ld\u0131r\u0131m&#8217;\u0131n Jandarma ile irtibat\u0131ndan, Ye\u015fil&#8217;in alm\u0131\u015f oldu\u011fu hara\u00e7lardan, G\u00fcneydo\u011fu&#8217;da bir\u00e7ok adam ka\u00e7\u0131rma, \u00f6ld\u00fcrme olaylar\u0131n\u0131 Ye\u015fil&#8217;in y\u00f6nlendirmi\u015f olmas\u0131ndan bahsedildi\u011fi&#8221; aktar\u0131ld\u0131.<\/p>\n<h2>1994&#8217;te Eym\u00fcr sayesinde yeniden d\u00f6n\u00fc\u015f<\/h2>\n<p>Ye\u015fil, 12 Eyl\u00fcl 1994 tarihinde M\u0130T&#8217;in Bing\u00f6l B\u00f6lge M\u00fcd\u00fcrl\u00fc\u011f\u00fc&#8217;nde g\u00f6revli bir personeli taraf\u0131ndan Mehmet Eym\u00fcr ile tan\u0131\u015ft\u0131r\u0131ld\u0131. Raporda, Ye\u015fil&#8217;in Ocak 1995&#8217;te Ankara Emniyet M\u00fcd\u00fcrl\u00fc\u011f\u00fc taraf\u0131ndan g\u00f6zalt\u0131na al\u0131nd\u0131\u011f\u0131, sorgusu s\u0131ras\u0131nda i\u015fkence edilerek kaburgalar\u0131n\u0131n k\u0131r\u0131ld\u0131\u011f\u0131 ve k\u0131r\u0131lan kaburga kemiklerinin M\u0130T taraf\u0131ndan tedavi edildi\u011fi kaydedildi. Raporda, &#8220;Mahmut Y\u0131ld\u0131r\u0131m ile 28 Kas\u0131m 1996 tarihinden itibaren Te\u015fkilat\u0131m\u0131z\u0131n irtibat\u0131 kesildi\u011fi ve ad\u0131ge\u00e7enin ak\u0131betinin bilinmedi\u011fi&#8221; ifadelerine yer verildi.<\/p>\n<p>Di\u011fer yandan Temmuz-A\u011fustos 1996 aylar\u0131 i\u00e7erisinde M\u0130T&#8217;in asker k\u00f6kenli eski bir personelinin Te\u015fkilat\u0131n bilgisi d\u0131\u015f\u0131nda Antalya&#8217;da Y\u0131ld\u0131r\u0131m&#8217;a ait yazl\u0131k evde 10 g\u00fcn tatil yapt\u0131\u011f\u0131 anlat\u0131lan raporda, 3 Haziran 1996 tarihinde Y\u0131ld\u0131r\u0131m&#8217;\u0131n Ankara Emniyet M\u00fcd\u00fcr\u00fc Ramazan Er, Polis Akademisi M\u00fcd\u00fcr\u00fc H\u00fcseyin \u00d6zalp ve J\u0130TEM&#8217;de g\u00f6revli emekli Binba\u015f\u0131 Nurettin Ata ile birlikte \u00c7iftlik Merkez Lokantas\u0131&#8217;nda yemek yedikleri ve foto\u011fraf \u00e7ektirdikleri de ifade edildi.<\/p>\n<h2>22 M\u0130T&#8217;\u00e7i ile irtibatl\u0131<\/h2>\n<p>Soru\u015fturma kapsam\u0131nda yap\u0131lan ara\u015ft\u0131rmaya g\u00f6re, Mahmut Y\u0131ld\u0131r\u0131m b\u00fct\u00fcn s\u00fcre\u00e7 boyunca 22 Te\u015fkilat mensubu ile temas etti. Raporda, bu durum, &#8220;Elaman kategorisinde dahi olmayan bir \u015fah\u0131s ile bu tarz bir ili\u015fki kurularak gizlilik prensibinin ihlal edildi\u011fini a\u00e7\u0131k\u00e7a ortaya \u00e7\u0131karmaktad\u0131r&#8221; \u015feklinde ele\u015ftirildi.<\/p>\n<div class=\"picBox full\nrechts\n\"><em><a class=\"overlayLink init\" href=\"https:\/\/www.dw.com\/tr\/mit-raporundaki-ye%C5%9Fil-ve-%C3%B6calana-operasyon\/a-59752022#\" rel=\"nofollow\"><img decoding=\"async\" title=\"Abdullah \u00d6calan, 1999'da duru\u015fma s\u0131ras\u0131nda\" src=\"https:\/\/static.dw.com\/image\/48625803_401.jpg\" alt=\"Abdullah \u00d6calan, 1999'da duru\u015fma s\u0131ras\u0131nda\" \/><\/a><\/em><em>Abdullah \u00d6calan, 1999&#8217;da duru\u015fma s\u0131ras\u0131nda<\/em><\/p>\n<\/div>\n<h2>Ye\u015fil, \u00fc\u00e7 operasyonda kullan\u0131ld\u0131<\/h2>\n<p>M\u0130T Tefti\u015f Kurulu Ba\u015fkanl\u0131\u011f\u0131&#8217;n\u0131n soru\u015fturma raporuna g\u00f6re, Ye\u015fil kod adl\u0131 Mahmut Y\u0131ld\u0131r\u0131m, M\u0130T taraf\u0131ndan Suriye, Yunanistan ve L\u00fcbnan&#8217;da \u00fc\u00e7 farkl\u0131 operasyonda kullan\u0131ld\u0131. Soru\u015fturma kapsam\u0131nda ifadesi al\u0131nan bir M\u0130T g\u00f6revlisi, verdi\u011fi ifadede Ye\u015fil&#8217;in kat\u0131ld\u0131\u011f\u0131 Yunanistan operasyonunun neden ba\u015far\u0131s\u0131zl\u0131kla sonu\u00e7land\u0131\u011f\u0131n\u0131 \u015f\u00f6yle anlatt\u0131:<\/p>\n<p>&#8220;Bahse konu operasyonda g\u00f6rev alan ki\u015filer planland\u0131\u011f\u0131 \u015fekilde Yunanistan&#8217;a gittiler. Keysing grubu operasyon \u00f6ncesi yapt\u0131\u011f\u0131 bir \u00e7al\u0131\u015fmada trafik kaidesi ihlali nedeniyle Yunanistan g\u00fcvenlik g\u00fc\u00e7leri taraf\u0131ndan g\u00f6zalt\u0131na al\u0131n\u0131p bilahare s\u0131n\u0131r d\u0131\u015f\u0131 edilmeleri \u00fczerine bu operasyon ger\u00e7ekle\u015ftirilemedi.&#8221;<\/p>\n<h2>Operasyon teklifi Ye\u015fil&#8217;den gelmi\u015f<\/h2>\n<p>\u0130fadelere g\u00f6re, Abdullah \u00d6calan&#8217;a Suriye ve L\u00fcbnan&#8217;da ger\u00e7ekle\u015ftirilmek istenilen operasyon teklifi bizzat Mahmut Y\u0131ld\u0131r\u0131m&#8217;dan geldi. Y\u0131ld\u0131r\u0131m, bu konuda kullan\u0131lmak \u00fczere elinde uzaktan komutal\u0131 patlay\u0131c\u0131 cihazlar\u0131 ve 100 milyar TL paras\u0131 oldu\u011funu iddia etti. Ye\u015fil, bu paray\u0131 PKK&#8217;ya yard\u0131m eden K\u00fcrt i\u015f adamlar\u0131ndan istedi\u011fi an temin edebilece\u011fini savundu.<\/p>\n<p>Bu g\u00f6r\u00fc\u015fme \u00f6nce Mehmet Eym\u00fcr&#8217;e iletildi. Eym\u00fcr, konuyu d\u00f6nemin M\u00fcste\u015far\u0131 S\u00f6nmez K\u00f6ksal&#8217;a sundu. K\u00f6ksal, konu hakk\u0131nda Cumhurba\u015fkan\u0131, Ba\u015fbakan ve Genelkurmay Ba\u015fkan\u0131&#8217;na bilgi verdi ancak operasyonda Ye\u015fil&#8217;in de olaca\u011f\u0131ndan bahsetmedi.<\/p>\n<h2>\u00c7ekincelere ra\u011fmen onay<\/h2>\n<p>D\u00f6nemin M\u00fcste\u015far\u0131 S\u00f6nmez K\u00f6ksal, Suriye&#8217;deki Mercedes Operasyonu \u00f6ncesinde 10 Ekim 1995 tarihinde Ye\u015fil ile yap\u0131lan g\u00f6r\u00fc\u015fmeye ili\u015fkin, &#8220;Ye\u015filin ge\u00e7mi\u015finden kaynaklanan endi\u015fem ge\u00e7erli,&#8221; &#8220;At\u0131lacak bir yanl\u0131\u015f ad\u0131m veya yap\u0131lacak bir hatada b\u00fct\u00fcn ge\u00e7mi\u015finin M\u0130T&#8217;e fatura edilebilece\u011fi ihtimalini g\u00f6z \u00f6n\u00fcnde bulundurun&#8221; uyar\u0131s\u0131 yapt\u0131. Raporda, K\u00f6ksal&#8217;\u0131n bu \u00e7ekincelerine ra\u011fmen Ye\u015fil&#8217;in operasyonda kullan\u0131lmas\u0131n\u0131 kabul etti\u011fi aktar\u0131ld\u0131.<\/p>\n<p>Raporda, Eym\u00fcr&#8217;\u00fcn &#8220;ba\u015far\u0131l\u0131&#8221; dedi\u011fi Suriye operasyonuna ili\u015fkin tam tersi tespitte bulunuldu. Raporda &#8220;Suriye&#8217;deki Mercedes (Nisan 1996) ve Yunanistan&#8217;daki Y\u0131ld\u0131r\u0131m (Eyl\u00fcl 1996) operasyonlar\u0131 \u00e7e\u015fitli nedenlerle ba\u015far\u0131s\u0131z olarak neticelenmi\u015ftir&#8221; denildi.<\/p>\n<h2>Beyrut Operasyonu&#8217;nun ayr\u0131nt\u0131lar\u0131<\/h2>\n<p>Soru\u015fturma raporunda, Beyrut Operasyonu&#8217;nun ise ayr\u0131nt\u0131lar\u0131na yer verildi. Raporda yer alan bilgilere g\u00f6re, 14 Eyl\u00fcl 1996 tarihinde Beyrut B\u00fcy\u00fckel\u00e7ili\u011fi&#8217;ne giderek teslim olan PKK itiraf\u00e7\u0131s\u0131 Azman \u00d6zt\u00fcrk, Abdullah \u00d6calan&#8217;\u0131n Beyrut&#8217;ta 27 Kas\u0131m 1996&#8217;da gelece\u011fini iddia etti\u011fi evi g\u00f6sterdi.<\/p>\n<p>Bunun \u00fczerine M\u0130T taraf\u0131ndan \u00d6calan&#8217;\u0131n gelece\u011fi iddia edilen eve y\u00f6nelik patlay\u0131c\u0131 madde dolu ara\u00e7la sald\u0131r\u0131 planland\u0131. Metin Atmaca sahte kimli\u011fini kullanan Y\u0131ld\u0131r\u0131m&#8217;\u0131n g\u00f6revi, \u00d6calan&#8217;\u0131n konu\u015fma yapaca\u011f\u0131 binaya yerle\u015ftirilecek patlay\u0131c\u0131 maddenin uzaktan kumanda ile patlat\u0131larak binan\u0131n imha edilmesi olarak belirlendi.<\/p>\n<p>23 Kas\u0131m 1996 tarihinde M\u0130T elamanlar\u0131 \u00fc\u00e7 ayr\u0131 grup halinde L\u00fcbnan&#8217;a gitti. Bir grup Ba\u015fkanl\u0131k uzman\u0131, bir grup D\u0131\u015fi\u015fleri kuryesi maskesi ile giderken, Mahmut Y\u0131ld\u0131r\u0131m ise i\u015f adam\u0131 maskesiyle g\u00f6rev ald\u0131. Plan kapsam\u0131nda Mahmut Y\u0131ld\u0131r\u0131m&#8217;\u0131 havaliman\u0131nda kar\u015f\u0131layacak olan M\u0130T elaman\u0131, burada Ye\u015fil&#8217;i tan\u0131mazl\u0131ktan geldi.<\/p>\n<p>Mahmut Y\u0131ld\u0131r\u0131m, operasyon kapsam\u0131nda Beyrut Carltan Oteli&#8217;nde 23-28 Kas\u0131m 1996 tarihleri aras\u0131nda kalacakt\u0131. Ancak M\u0130T&#8217;in daha sonra yapt\u0131rd\u0131\u011f\u0131 ara\u015ft\u0131rmaya g\u00f6re Ye\u015fil o otelde hi\u00e7 kalmad\u0131.<\/p>\n<h2>Ev bo\u015f \u00e7\u0131kt\u0131, operasyon iptal edildi<\/h2>\n<p>Operasyon s\u0131ras\u0131nda yap\u0131lan ara\u015ft\u0131rmada, \u00d6calan&#8217;\u0131n gelece\u011fi iddia edilen evin bo\u015f ve in\u015faat halinde oldu\u011funun ortaya \u00e7\u0131kmas\u0131 \u00fczerine, Ankara&#8217;dan gelen &#8220;En ufak \u015f\u00fcphe sezilmesi halinde operasyonun kesilmesi&#8221; talimat\u0131 verildi. Ekip, 28 Kas\u0131m 1996&#8217;da T\u00fcrkiye&#8217;ye d\u00f6nd\u00fc.<\/p>\n<p>Raporda, Beyrut F\u0131rsat Operasyonu&#8217;nun acele karar al\u0131nm\u0131\u015f bir operasyon oldu\u011fu, tek bir PKK itiraf\u00e7\u0131n\u0131n verdi\u011fi bir bilgiyle b\u00f6yle bir karar\u0131n al\u0131nmas\u0131n\u0131n yanl\u0131\u015fl\u0131\u011f\u0131na i\u015faret edildi. Raporda, \u015fu ele\u015ftiriler yap\u0131ld\u0131:<\/p>\n<p>&#8220;Beyrut F\u0131rsat Operasyonu&#8217;nda kullan\u0131lacak patlay\u0131c\u0131lar operasyon mahalline an\u0131lan \u00fclkede L\/R olarak g\u00f6rev yapan diplomatik dokunulmazl\u0131\u011fa sahip personelce kendi otolar\u0131yla ta\u015f\u0131tt\u0131r\u0131lm\u0131\u015ft\u0131r. Ayr\u0131ca, operasyonu bizzat ger\u00e7ekle\u015ftirecek olan personel ve eleman\u0131n da diplomatik pasaportla ve patlay\u0131c\u0131larla beraber operasyonun yap\u0131laca\u011f\u0131 \u00fclkeye gitmeleri s\u0131ras\u0131nda meydana gelebilecek en ufak bir olumsuzlukta T.C. Devleti&#8217;ne uluslararas\u0131 platformda ter\u00f6rist devlet damgas\u0131 vurulabilece\u011finin hesab\u0131 yap\u0131lamam\u0131\u015ft\u0131r.&#8221;<\/p>\n<p>Raporun netice ve kanaat b\u00f6l\u00fcm\u00fcnde, operasyonel \u00e7al\u0131\u015fmalar s\u0131ras\u0131nda baz\u0131 metot ve prensiplerin g\u00f6z ard\u0131 edilmesinden kaynaklanan hatalar yap\u0131ld\u0131\u011f\u0131 belirtildi.<\/p>\n<h2>Eym\u00fcr&#8217;e Ye\u015fil su\u00e7lamas\u0131<\/h2>\n<p>Raporda Ye\u015fil&#8217;in kullan\u0131lmas\u0131 konusunda Mehmet Eym\u00fcr \u015f\u00f6yle su\u00e7land\u0131:<\/p>\n<p>&#8220;Kendisi ile ili\u015fik kesildikten sonra, \u00e7e\u015fitli vesilelerle Te\u015fkilat\u0131m\u0131zla tekrar temas kurmak isteyen Mahmut Y\u0131ld\u0131r\u0131m, bu arzusunu Mehmet Eym\u00fcr arac\u0131l\u0131\u011f\u0131yla ger\u00e7ekle\u015ftirmi\u015ftir. M\u0130T ile ikinci kez \u00e7al\u0131\u015fmaya ba\u015flayacak olan Ye\u015fil&#8217;e daha ilk g\u00f6r\u00fc\u015fmede, Eym\u00fcr taraf\u0131ndan yurtd\u0131\u015f\u0131ndaki hedeflerle ilgili operasyonlarda g\u00f6rev alaca\u011f\u0131n\u0131n s\u00f6ylenmesinin, Te\u015fkilat\u0131n metot ve prensipleriyle izah\u0131 m\u00fcmk\u00fcn olmad\u0131\u011f\u0131 gibi ilk g\u00f6r\u00fc\u015fmede Ye\u015fil hakk\u0131nda duyulan g\u00fcven duygusunun nereden kaynakland\u0131\u011f\u0131 sorusu da yan\u0131t bulamamaktad\u0131r.&#8221;<\/p>\n<h2>M\u00fcste\u015far\u0131n bilgisi dahilinde\u2026<\/h2>\n<p>Ancak, bu konuda nihai yetkinin M\u0130T M\u00fcste\u015far\u0131&#8217;nda olmas\u0131 nedeniyle, S\u00f6nmez K\u00f6ksal&#8217;\u0131n bilgisi dahilinde ger\u00e7ekle\u015fen uygulamalar nedeniyle personele ceza verilmemesi istendi. \u0130dari y\u00f6nden ise ifadeleri al\u0131nan ve Ye\u015fil ile birlikte \u00e7al\u0131\u015fan personelin g\u00f6rev yerlerinin de\u011fi\u015ftirilmesi istendi.<\/p>\n<p>\u0130fadelere g\u00f6re Mahmut Y\u0131ld\u0131r\u0131m, Beyrut&#8217;taki operasyonun ard\u0131ndan 29 Kas\u0131m 1996&#8217;da Mehmet Eym\u00fcr&#8217;\u00fcn odas\u0131nda g\u00f6r\u00fcld\u00fc. Y\u0131ld\u0131r\u0131m, o tarihte ba\u015fka bir M\u0130T g\u00f6revlisine &#8220;Ankara&#8217;da kalmam \u015fu an gerekiyor mu&#8221; diye sordu. Ancak Ye\u015fil, 30 Kas\u0131m&#8217;da \u00c7iftlik&#8217;te yap\u0131lan toplant\u0131ya ise kat\u0131lmad\u0131 ve o tarihten sonra bir daha kendisinden haber al\u0131namad\u0131.<\/p>\n<p><em><strong>Alican Uluda\u011f<\/strong><\/em><\/p>\n<p><em><strong>https:\/\/www.dw.com\/tr\/mit-raporundaki-ye%C5%9Fil-ve-%C3%B6calana-operasyon\/a-59752022\u00a0<\/strong><\/em><\/p>\n<\/div>\n<\/div>\n","protected":false},"excerpt":{"rendered":"<p>&nbsp; Eski M\u0130T mensubu Eym\u00fcr, \u00d6calan&#8217;a y\u00f6nelik 1996&#8217;da Suriye&#8217;de d\u00fczenlenen operasyonun &#8220;ba\u015far\u0131l\u0131&#8221; oldu\u011funu savunurken, M\u0130T Tefti\u015f Kurulu Ba\u015fkanl\u0131\u011f\u0131&#8217;n\u0131n o d\u00f6nem haz\u0131rlad\u0131\u011f\u0131 soru\u015fturma raporunda tam tersi tespitler yap\u0131ld\u0131. Eski M\u0130T Kontrter\u00f6r Dairesi Ba\u015fkan\u0131 Mehmet Eym\u00fcr Eski M\u0130T Kontrter\u00f6r Dairesi Ba\u015fkan\u0131 Mehmet Eym\u00fcr&#8217;\u00fcn a\u00e7\u0131klamalar\u0131n\u0131n ard\u0131ndan g\u00f6zler bir kez daha Ye\u015fil kod adl\u0131 Mahmut Y\u0131ld\u0131r\u0131m&#8217;\u0131n M\u0130T ile olan [&hellip;]<\/p>\n","protected":false},"author":7,"featured_media":65611,"comment_status":"open","ping_status":"open","sticky":false,"template":"","format":"standard","meta":{"footnotes":""},"categories":[1],"tags":[],"class_list":["post-65610","post","type-post","status-publish","format-standard","has-post-thumbnail","hentry","category-haberler"],"yoast_head":"<!-- This site is optimized with the Yoast SEO plugin v27.4 - https:\/\/yoast.com\/product\/yoast-seo-wordpress\/ -->\n<title>M\u0130T raporundaki Ye\u015fil ve \u00d6calan&#039;a operasyon - Bati Ermenistan Ve Bati Ermenileri Sorunlari Ara\u015ftirmalar Merkezi<\/title>\n<meta name=\"robots\" content=\"index, follow, max-snippet:-1, max-image-preview:large, max-video-preview:-1\" \/>\n<link rel=\"canonical\" href=\"https:\/\/akunq.net\/tr\/?p=65610\" \/>\n<meta property=\"og:locale\" content=\"en_US\" \/>\n<meta property=\"og:type\" content=\"article\" \/>\n<meta property=\"og:title\" content=\"M\u0130T raporundaki Ye\u015fil ve \u00d6calan&#039;a operasyon - Bati Ermenistan Ve Bati Ermenileri Sorunlari Ara\u015ftirmalar Merkezi\" \/>\n<meta property=\"og:description\" content=\"&nbsp; Eski M\u0130T mensubu Eym\u00fcr, \u00d6calan&#8217;a y\u00f6nelik 1996&#8217;da Suriye&#8217;de d\u00fczenlenen operasyonun &#8220;ba\u015far\u0131l\u0131&#8221; oldu\u011funu savunurken, M\u0130T Tefti\u015f Kurulu Ba\u015fkanl\u0131\u011f\u0131&#8217;n\u0131n o d\u00f6nem haz\u0131rlad\u0131\u011f\u0131 soru\u015fturma raporunda tam tersi tespitler yap\u0131ld\u0131. Eski M\u0130T Kontrter\u00f6r Dairesi Ba\u015fkan\u0131 Mehmet Eym\u00fcr Eski M\u0130T Kontrter\u00f6r Dairesi Ba\u015fkan\u0131 Mehmet Eym\u00fcr&#8217;\u00fcn a\u00e7\u0131klamalar\u0131n\u0131n ard\u0131ndan g\u00f6zler bir kez daha Ye\u015fil kod adl\u0131 Mahmut Y\u0131ld\u0131r\u0131m&#8217;\u0131n M\u0130T ile olan [&hellip;]\" \/>\n<meta property=\"og:url\" content=\"https:\/\/akunq.net\/tr\/?p=65610\" \/>\n<meta property=\"og:site_name\" content=\"Bati Ermenistan Ve Bati Ermenileri Sorunlari Ara\u015ftirmalar Merkezi\" \/>\n<meta property=\"article:published_time\" content=\"2021-11-10T07:46:15+00:00\" \/>\n<meta property=\"og:image\" content=\"https:\/\/akunq.net\/tr\/wp-content\/uploads\/sites\/6\/2021\/11\/Mehmet-Eym\u00fcr.jpg\" \/>\n\t<meta property=\"og:image:width\" content=\"700\" \/>\n\t<meta property=\"og:image:height\" content=\"394\" \/>\n\t<meta property=\"og:image:type\" content=\"image\/jpeg\" \/>\n<meta name=\"author\" content=\"admin\" \/>\n<meta name=\"twitter:card\" content=\"summary_large_image\" \/>\n<meta name=\"twitter:label1\" content=\"Written by\" \/>\n\t<meta name=\"twitter:data1\" content=\"admin\" \/>\n\t<meta name=\"twitter:label2\" content=\"Est. reading time\" \/>\n\t<meta name=\"twitter:data2\" content=\"10 minutes\" \/>\n<script type=\"application\/ld+json\" class=\"yoast-schema-graph\">{\"@context\":\"https:\\\/\\\/schema.org\",\"@graph\":[{\"@type\":\"Article\",\"@id\":\"https:\\\/\\\/akunq.net\\\/tr\\\/?p=65610#article\",\"isPartOf\":{\"@id\":\"https:\\\/\\\/akunq.net\\\/tr\\\/?p=65610\"},\"author\":{\"name\":\"admin\",\"@id\":\"https:\\\/\\\/akunq.net\\\/tr\\\/#\\\/schema\\\/person\\\/096f1d38a12cce57fb855b485ed24c9e\"},\"headline\":\"M\u0130T raporundaki Ye\u015fil ve \u00d6calan&#8217;a operasyon\",\"datePublished\":\"2021-11-10T07:46:15+00:00\",\"mainEntityOfPage\":{\"@id\":\"https:\\\/\\\/akunq.net\\\/tr\\\/?p=65610\"},\"wordCount\":2059,\"commentCount\":0,\"image\":{\"@id\":\"https:\\\/\\\/akunq.net\\\/tr\\\/?p=65610#primaryimage\"},\"thumbnailUrl\":\"https:\\\/\\\/akunq.net\\\/tr\\\/wp-content\\\/uploads\\\/sites\\\/6\\\/2021\\\/11\\\/Mehmet-Eym\u00fcr.jpg\",\"articleSection\":[\"Haberler\"],\"inLanguage\":\"en-US\",\"potentialAction\":[{\"@type\":\"CommentAction\",\"name\":\"Comment\",\"target\":[\"https:\\\/\\\/akunq.net\\\/tr\\\/?p=65610#respond\"]}]},{\"@type\":\"WebPage\",\"@id\":\"https:\\\/\\\/akunq.net\\\/tr\\\/?p=65610\",\"url\":\"https:\\\/\\\/akunq.net\\\/tr\\\/?p=65610\",\"name\":\"M\u0130T raporundaki Ye\u015fil ve \u00d6calan'a operasyon - Bati Ermenistan Ve Bati Ermenileri Sorunlari Ara\u015ftirmalar Merkezi\",\"isPartOf\":{\"@id\":\"https:\\\/\\\/akunq.net\\\/tr\\\/#website\"},\"primaryImageOfPage\":{\"@id\":\"https:\\\/\\\/akunq.net\\\/tr\\\/?p=65610#primaryimage\"},\"image\":{\"@id\":\"https:\\\/\\\/akunq.net\\\/tr\\\/?p=65610#primaryimage\"},\"thumbnailUrl\":\"https:\\\/\\\/akunq.net\\\/tr\\\/wp-content\\\/uploads\\\/sites\\\/6\\\/2021\\\/11\\\/Mehmet-Eym\u00fcr.jpg\",\"datePublished\":\"2021-11-10T07:46:15+00:00\",\"author\":{\"@id\":\"https:\\\/\\\/akunq.net\\\/tr\\\/#\\\/schema\\\/person\\\/096f1d38a12cce57fb855b485ed24c9e\"},\"breadcrumb\":{\"@id\":\"https:\\\/\\\/akunq.net\\\/tr\\\/?p=65610#breadcrumb\"},\"inLanguage\":\"en-US\",\"potentialAction\":[{\"@type\":\"ReadAction\",\"target\":[\"https:\\\/\\\/akunq.net\\\/tr\\\/?p=65610\"]}]},{\"@type\":\"ImageObject\",\"inLanguage\":\"en-US\",\"@id\":\"https:\\\/\\\/akunq.net\\\/tr\\\/?p=65610#primaryimage\",\"url\":\"https:\\\/\\\/akunq.net\\\/tr\\\/wp-content\\\/uploads\\\/sites\\\/6\\\/2021\\\/11\\\/Mehmet-Eym\u00fcr.jpg\",\"contentUrl\":\"https:\\\/\\\/akunq.net\\\/tr\\\/wp-content\\\/uploads\\\/sites\\\/6\\\/2021\\\/11\\\/Mehmet-Eym\u00fcr.jpg\",\"width\":700,\"height\":394},{\"@type\":\"BreadcrumbList\",\"@id\":\"https:\\\/\\\/akunq.net\\\/tr\\\/?p=65610#breadcrumb\",\"itemListElement\":[{\"@type\":\"ListItem\",\"position\":1,\"name\":\"Home\",\"item\":\"https:\\\/\\\/akunq.net\\\/tr\"},{\"@type\":\"ListItem\",\"position\":2,\"name\":\"M\u0130T raporundaki Ye\u015fil ve \u00d6calan&#8217;a operasyon\"}]},{\"@type\":\"WebSite\",\"@id\":\"https:\\\/\\\/akunq.net\\\/tr\\\/#website\",\"url\":\"https:\\\/\\\/akunq.net\\\/tr\\\/\",\"name\":\"Bati Ermenistan Ve Bati Ermenileri Sorunlari Ara\u015ftirmalar Merkezi\",\"description\":\"\",\"potentialAction\":[{\"@type\":\"SearchAction\",\"target\":{\"@type\":\"EntryPoint\",\"urlTemplate\":\"https:\\\/\\\/akunq.net\\\/tr\\\/?s={search_term_string}\"},\"query-input\":{\"@type\":\"PropertyValueSpecification\",\"valueRequired\":true,\"valueName\":\"search_term_string\"}}],\"inLanguage\":\"en-US\"},{\"@type\":\"Person\",\"@id\":\"https:\\\/\\\/akunq.net\\\/tr\\\/#\\\/schema\\\/person\\\/096f1d38a12cce57fb855b485ed24c9e\",\"name\":\"admin\",\"url\":\"https:\\\/\\\/akunq.net\\\/tr\\\/?author=7\"}]}<\/script>\n<!-- \/ Yoast SEO plugin. -->","yoast_head_json":{"title":"M\u0130T raporundaki Ye\u015fil ve \u00d6calan'a operasyon - Bati Ermenistan Ve Bati Ermenileri Sorunlari Ara\u015ftirmalar Merkezi","robots":{"index":"index","follow":"follow","max-snippet":"max-snippet:-1","max-image-preview":"max-image-preview:large","max-video-preview":"max-video-preview:-1"},"canonical":"https:\/\/akunq.net\/tr\/?p=65610","og_locale":"en_US","og_type":"article","og_title":"M\u0130T raporundaki Ye\u015fil ve \u00d6calan'a operasyon - Bati Ermenistan Ve Bati Ermenileri Sorunlari Ara\u015ftirmalar Merkezi","og_description":"&nbsp; Eski M\u0130T mensubu Eym\u00fcr, \u00d6calan&#8217;a y\u00f6nelik 1996&#8217;da Suriye&#8217;de d\u00fczenlenen operasyonun &#8220;ba\u015far\u0131l\u0131&#8221; oldu\u011funu savunurken, M\u0130T Tefti\u015f Kurulu Ba\u015fkanl\u0131\u011f\u0131&#8217;n\u0131n o d\u00f6nem haz\u0131rlad\u0131\u011f\u0131 soru\u015fturma raporunda tam tersi tespitler yap\u0131ld\u0131. Eski M\u0130T Kontrter\u00f6r Dairesi Ba\u015fkan\u0131 Mehmet Eym\u00fcr Eski M\u0130T Kontrter\u00f6r Dairesi Ba\u015fkan\u0131 Mehmet Eym\u00fcr&#8217;\u00fcn a\u00e7\u0131klamalar\u0131n\u0131n ard\u0131ndan g\u00f6zler bir kez daha Ye\u015fil kod adl\u0131 Mahmut Y\u0131ld\u0131r\u0131m&#8217;\u0131n M\u0130T ile olan [&hellip;]","og_url":"https:\/\/akunq.net\/tr\/?p=65610","og_site_name":"Bati Ermenistan Ve Bati Ermenileri Sorunlari Ara\u015ftirmalar Merkezi","article_published_time":"2021-11-10T07:46:15+00:00","og_image":[{"width":700,"height":394,"url":"https:\/\/akunq.net\/tr\/wp-content\/uploads\/sites\/6\/2021\/11\/Mehmet-Eym\u00fcr.jpg","type":"image\/jpeg"}],"author":"admin","twitter_card":"summary_large_image","twitter_misc":{"Written by":"admin","Est. reading time":"10 minutes"},"schema":{"@context":"https:\/\/schema.org","@graph":[{"@type":"Article","@id":"https:\/\/akunq.net\/tr\/?p=65610#article","isPartOf":{"@id":"https:\/\/akunq.net\/tr\/?p=65610"},"author":{"name":"admin","@id":"https:\/\/akunq.net\/tr\/#\/schema\/person\/096f1d38a12cce57fb855b485ed24c9e"},"headline":"M\u0130T raporundaki Ye\u015fil ve \u00d6calan&#8217;a operasyon","datePublished":"2021-11-10T07:46:15+00:00","mainEntityOfPage":{"@id":"https:\/\/akunq.net\/tr\/?p=65610"},"wordCount":2059,"commentCount":0,"image":{"@id":"https:\/\/akunq.net\/tr\/?p=65610#primaryimage"},"thumbnailUrl":"https:\/\/akunq.net\/tr\/wp-content\/uploads\/sites\/6\/2021\/11\/Mehmet-Eym\u00fcr.jpg","articleSection":["Haberler"],"inLanguage":"en-US","potentialAction":[{"@type":"CommentAction","name":"Comment","target":["https:\/\/akunq.net\/tr\/?p=65610#respond"]}]},{"@type":"WebPage","@id":"https:\/\/akunq.net\/tr\/?p=65610","url":"https:\/\/akunq.net\/tr\/?p=65610","name":"M\u0130T raporundaki Ye\u015fil ve \u00d6calan'a operasyon - Bati Ermenistan Ve Bati Ermenileri Sorunlari Ara\u015ftirmalar Merkezi","isPartOf":{"@id":"https:\/\/akunq.net\/tr\/#website"},"primaryImageOfPage":{"@id":"https:\/\/akunq.net\/tr\/?p=65610#primaryimage"},"image":{"@id":"https:\/\/akunq.net\/tr\/?p=65610#primaryimage"},"thumbnailUrl":"https:\/\/akunq.net\/tr\/wp-content\/uploads\/sites\/6\/2021\/11\/Mehmet-Eym\u00fcr.jpg","datePublished":"2021-11-10T07:46:15+00:00","author":{"@id":"https:\/\/akunq.net\/tr\/#\/schema\/person\/096f1d38a12cce57fb855b485ed24c9e"},"breadcrumb":{"@id":"https:\/\/akunq.net\/tr\/?p=65610#breadcrumb"},"inLanguage":"en-US","potentialAction":[{"@type":"ReadAction","target":["https:\/\/akunq.net\/tr\/?p=65610"]}]},{"@type":"ImageObject","inLanguage":"en-US","@id":"https:\/\/akunq.net\/tr\/?p=65610#primaryimage","url":"https:\/\/akunq.net\/tr\/wp-content\/uploads\/sites\/6\/2021\/11\/Mehmet-Eym\u00fcr.jpg","contentUrl":"https:\/\/akunq.net\/tr\/wp-content\/uploads\/sites\/6\/2021\/11\/Mehmet-Eym\u00fcr.jpg","width":700,"height":394},{"@type":"BreadcrumbList","@id":"https:\/\/akunq.net\/tr\/?p=65610#breadcrumb","itemListElement":[{"@type":"ListItem","position":1,"name":"Home","item":"https:\/\/akunq.net\/tr"},{"@type":"ListItem","position":2,"name":"M\u0130T raporundaki Ye\u015fil ve \u00d6calan&#8217;a operasyon"}]},{"@type":"WebSite","@id":"https:\/\/akunq.net\/tr\/#website","url":"https:\/\/akunq.net\/tr\/","name":"Bati Ermenistan Ve Bati Ermenileri Sorunlari Ara\u015ftirmalar Merkezi","description":"","potentialAction":[{"@type":"SearchAction","target":{"@type":"EntryPoint","urlTemplate":"https:\/\/akunq.net\/tr\/?s={search_term_string}"},"query-input":{"@type":"PropertyValueSpecification","valueRequired":true,"valueName":"search_term_string"}}],"inLanguage":"en-US"},{"@type":"Person","@id":"https:\/\/akunq.net\/tr\/#\/schema\/person\/096f1d38a12cce57fb855b485ed24c9e","name":"admin","url":"https:\/\/akunq.net\/tr\/?author=7"}]}},"_links":{"self":[{"href":"https:\/\/akunq.net\/tr\/index.php?rest_route=\/wp\/v2\/posts\/65610","targetHints":{"allow":["GET"]}}],"collection":[{"href":"https:\/\/akunq.net\/tr\/index.php?rest_route=\/wp\/v2\/posts"}],"about":[{"href":"https:\/\/akunq.net\/tr\/index.php?rest_route=\/wp\/v2\/types\/post"}],"author":[{"embeddable":true,"href":"https:\/\/akunq.net\/tr\/index.php?rest_route=\/wp\/v2\/users\/7"}],"replies":[{"embeddable":true,"href":"https:\/\/akunq.net\/tr\/index.php?rest_route=%2Fwp%2Fv2%2Fcomments&post=65610"}],"version-history":[{"count":1,"href":"https:\/\/akunq.net\/tr\/index.php?rest_route=\/wp\/v2\/posts\/65610\/revisions"}],"predecessor-version":[{"id":65612,"href":"https:\/\/akunq.net\/tr\/index.php?rest_route=\/wp\/v2\/posts\/65610\/revisions\/65612"}],"wp:featuredmedia":[{"embeddable":true,"href":"https:\/\/akunq.net\/tr\/index.php?rest_route=\/wp\/v2\/media\/65611"}],"wp:attachment":[{"href":"https:\/\/akunq.net\/tr\/index.php?rest_route=%2Fwp%2Fv2%2Fmedia&parent=65610"}],"wp:term":[{"taxonomy":"category","embeddable":true,"href":"https:\/\/akunq.net\/tr\/index.php?rest_route=%2Fwp%2Fv2%2Fcategories&post=65610"},{"taxonomy":"post_tag","embeddable":true,"href":"https:\/\/akunq.net\/tr\/index.php?rest_route=%2Fwp%2Fv2%2Ftags&post=65610"}],"curies":[{"name":"wp","href":"https:\/\/api.w.org\/{rel}","templated":true}]}}