{"id":65607,"date":"2021-11-10T02:29:22","date_gmt":"2021-11-10T07:29:22","guid":{"rendered":"https:\/\/akunq.net\/tr\/?p=65607"},"modified":"2021-11-10T02:29:22","modified_gmt":"2021-11-10T07:29:22","slug":"malatyada-coken-bina-13-kisi-kurtarildi-kayip-ihbari-yok","status":"publish","type":"post","link":"https:\/\/akunq.net\/tr\/?p=65607","title":{"rendered":"Malatya&#8217;da \u00e7\u00f6ken bina: 13 ki\u015fi kurtar\u0131ld\u0131, kay\u0131p ihbar\u0131 yok"},"content":{"rendered":"<div><img loading=\"lazy\" decoding=\"async\" class=\"aligncenter size-medium wp-image-65608\" src=\"https:\/\/akunq.net\/tr\/wp-content\/uploads\/2021\/11\/Malatyada-\u00e7\u00f6ken-bina-360x270.jpg\" alt=\"\" width=\"360\" height=\"270\" srcset=\"https:\/\/akunq.net\/tr\/wp-content\/uploads\/sites\/6\/2021\/11\/Malatyada-\u00e7\u00f6ken-bina-360x270.jpg 360w, https:\/\/akunq.net\/tr\/wp-content\/uploads\/sites\/6\/2021\/11\/Malatyada-\u00e7\u00f6ken-bina-560x420.jpg 560w, https:\/\/akunq.net\/tr\/wp-content\/uploads\/sites\/6\/2021\/11\/Malatyada-\u00e7\u00f6ken-bina-260x195.jpg 260w, https:\/\/akunq.net\/tr\/wp-content\/uploads\/sites\/6\/2021\/11\/Malatyada-\u00e7\u00f6ken-bina-160x120.jpg 160w, https:\/\/akunq.net\/tr\/wp-content\/uploads\/sites\/6\/2021\/11\/Malatyada-\u00e7\u00f6ken-bina.jpg 750w\" sizes=\"auto, (max-width: 360px) 100vw, 360px\" \/><\/div>\n<div><strong><em>Malatya&#8217;da \u00e7\u00f6ken iki bina enkaz\u0131ndan 13 ki\u015finin kurtar\u0131ld\u0131\u011f\u0131 ve 8 ki\u015finin de kendi imkanlar\u0131yla kurtuldu\u011fu a\u00e7\u0131kland\u0131. Yetkililer, kendilerinde kay\u0131p ihbar\u0131 bulunmad\u0131\u011f\u0131n\u0131 duyurdu.<\/em><\/strong><\/div>\n<p>Merkez Ye\u015filyurt il\u00e7esindeki S\u0131tmap\u0131nar\u0131 Mahallesi \u0130n\u00f6n\u00fc Caddesi&#8217;nde bulunan 2 katl\u0131\u00a0binada hen\u00fcz bilinmeyen nedenle g\u00f6\u00e7\u00fck meydana geldi.<\/p>\n<p>Giri\u015f kat\u0131nda d\u00fckkanlar\u0131n bulundu\u011fu binan\u0131n \u00e7evresinde g\u00fcvenlik \u00f6nlemi al\u0131nd\u0131<\/p>\n<p>B\u00f6lgedeki g\u00f6rg\u00fc tan\u0131klar\u0131, s\u00f6z konusu binadaki bir i\u015f\u00a0yerinde g\u00fcn boyunca tadilat yap\u0131ld\u0131\u011f\u0131n\u0131 belirterek bir kolonun da kesildi\u011fini\u00a0iddia etti.<\/p>\n<p>B\u00f6lgede ba\u015flat\u0131lan arama kurtarma \u00e7al\u0131\u015fmalar\u0131 s\u0131ras\u0131nda 13\u00a0ki\u015fi, enkazdan yaral\u0131 kurtar\u0131ld\u0131. Yaral\u0131lar, ambulanslarla hastanelere sevk edildi.<\/p>\n<p data-min-tv-running=\"true\">\u0130\u00e7i\u015fleri Bakan Yard\u0131mc\u0131s\u0131 ve Bakanl\u0131k S\u00f6zc\u00fcs\u00fc \u0130smail \u00c7atakl\u0131, olay ya\u015fand\u0131\u011f\u0131 s\u0131rada binada 21 ki\u015fi oldu\u011funu ve bunlar\u0131n 8&#8217;inin kendi imkanlar\u0131yla kurtuldu\u011funu a\u00e7\u0131klad\u0131.<\/p>\n<p>Enkaz alt\u0131nda kalan 13 ki\u015finin ekiplerce \u00e7\u0131kar\u0131larak hastaneye kald\u0131r\u0131ld\u0131\u011f\u0131n\u0131 aktaran \u00c7atakl\u0131, 8 ki\u015finin taburcu oldu\u011funu ve 1&#8217;i yo\u011fun bak\u0131mda olmak \u00fczere 5 ki\u015finin tedavisinin s\u00fcrd\u00fc\u011f\u00fcn\u00fc s\u00f6yledi.<\/p>\n<p>Yaral\u0131lar\u0131n hayati tehlikesinin olmad\u0131\u011f\u0131n\u0131 ifade eden\u00a0\u00c7atakl\u0131, ellerinde kay\u0131p ihbar\u0131 bulunmad\u0131\u011f\u0131n\u0131 ekledi. Enkaz\u0131n da her ihtimale kar\u015f\u0131 dikkatli bir \u015fekilde kald\u0131r\u0131laca\u011f\u0131 kaydedildi.<\/p>\n<div>\n<h3>\u00a0Binada kolonlar\u0131n kesildi\u011fi iddias\u0131<\/h3>\n<p>Ye\u015filyurt Belediye Ba\u015fkan\u0131 Mehmet \u00c7\u0131nar, g\u00f6\u00e7me \u00f6ncesinde bina alt\u0131ndaki d\u00fckkanlarda tadilat oldu\u011fu y\u00f6n\u00fcndeki iddialara de\u011finerek, \u015funlar\u0131 kaydetti:<\/p>\n<p>&#8220;Binam\u0131zda 16.50 sular\u0131nda g\u00f6\u00e7me ya\u015fand\u0131. Binan\u0131n alt kat\u0131ndaki iki i\u015fyerinin birle\u015ftirilmesiyle ilgili bir tadilat oldu\u011fu bilgisi bize verildi. Bina g\u00f6rd\u00fc\u011f\u00fcm kadar\u0131yla eski bir bina. \u0130\u015fyerini alan ki\u015fi, iki d\u00fckkan\u0131 birle\u015ftirirken g\u00f6r\u00fcnen o ki ya duvarlar\u0131 kald\u0131rm\u0131\u015f ya da ta\u015f\u0131y\u0131c\u0131lar\u0131n kald\u0131r\u0131lmas\u0131yla ilgili tadilat yapm\u0131\u015f. Bu da maalesef binan\u0131n g\u00f6\u00e7mesine vesile olmu\u015f.<\/p>\n<p><strong><em>https:\/\/tr.euronews.com\/2021\/11\/09\/merkez-bankas-doviz-mevzuatlar-nda-zorunlu-kars-l-k-oran-n-art-rd\u00a0<\/em><\/strong><\/p>\n<\/div>\n","protected":false},"excerpt":{"rendered":"<p>Malatya&#8217;da \u00e7\u00f6ken iki bina enkaz\u0131ndan 13 ki\u015finin kurtar\u0131ld\u0131\u011f\u0131 ve 8 ki\u015finin de kendi imkanlar\u0131yla kurtuldu\u011fu a\u00e7\u0131kland\u0131. Yetkililer, kendilerinde kay\u0131p ihbar\u0131 bulunmad\u0131\u011f\u0131n\u0131 duyurdu. Merkez Ye\u015filyurt il\u00e7esindeki S\u0131tmap\u0131nar\u0131 Mahallesi \u0130n\u00f6n\u00fc Caddesi&#8217;nde bulunan 2 katl\u0131\u00a0binada hen\u00fcz bilinmeyen nedenle g\u00f6\u00e7\u00fck meydana geldi. Giri\u015f kat\u0131nda d\u00fckkanlar\u0131n bulundu\u011fu binan\u0131n \u00e7evresinde g\u00fcvenlik \u00f6nlemi al\u0131nd\u0131 B\u00f6lgedeki g\u00f6rg\u00fc tan\u0131klar\u0131, s\u00f6z konusu binadaki bir i\u015f\u00a0yerinde [&hellip;]<\/p>\n","protected":false},"author":7,"featured_media":65608,"comment_status":"open","ping_status":"open","sticky":false,"template":"","format":"standard","meta":{"footnotes":""},"categories":[1],"tags":[],"class_list":["post-65607","post","type-post","status-publish","format-standard","has-post-thumbnail","hentry","category-haberler"],"yoast_head":"<!-- This site is optimized with the Yoast SEO plugin v27.4 - https:\/\/yoast.com\/product\/yoast-seo-wordpress\/ -->\n<title>Malatya&#039;da \u00e7\u00f6ken bina: 13 ki\u015fi kurtar\u0131ld\u0131, kay\u0131p ihbar\u0131 yok - Bati Ermenistan Ve Bati Ermenileri Sorunlari Ara\u015ftirmalar Merkezi<\/title>\n<meta name=\"robots\" content=\"index, follow, max-snippet:-1, max-image-preview:large, max-video-preview:-1\" \/>\n<link rel=\"canonical\" href=\"https:\/\/akunq.net\/tr\/?p=65607\" \/>\n<meta property=\"og:locale\" content=\"en_US\" \/>\n<meta property=\"og:type\" content=\"article\" \/>\n<meta property=\"og:title\" content=\"Malatya&#039;da \u00e7\u00f6ken bina: 13 ki\u015fi kurtar\u0131ld\u0131, kay\u0131p ihbar\u0131 yok - Bati Ermenistan Ve Bati Ermenileri Sorunlari Ara\u015ftirmalar Merkezi\" \/>\n<meta property=\"og:description\" content=\"Malatya&#8217;da \u00e7\u00f6ken iki bina enkaz\u0131ndan 13 ki\u015finin kurtar\u0131ld\u0131\u011f\u0131 ve 8 ki\u015finin de kendi imkanlar\u0131yla kurtuldu\u011fu a\u00e7\u0131kland\u0131. Yetkililer, kendilerinde kay\u0131p ihbar\u0131 bulunmad\u0131\u011f\u0131n\u0131 duyurdu. Merkez Ye\u015filyurt il\u00e7esindeki S\u0131tmap\u0131nar\u0131 Mahallesi \u0130n\u00f6n\u00fc Caddesi&#8217;nde bulunan 2 katl\u0131\u00a0binada hen\u00fcz bilinmeyen nedenle g\u00f6\u00e7\u00fck meydana geldi. Giri\u015f kat\u0131nda d\u00fckkanlar\u0131n bulundu\u011fu binan\u0131n \u00e7evresinde g\u00fcvenlik \u00f6nlemi al\u0131nd\u0131 B\u00f6lgedeki g\u00f6rg\u00fc tan\u0131klar\u0131, s\u00f6z konusu binadaki bir i\u015f\u00a0yerinde [&hellip;]\" \/>\n<meta property=\"og:url\" content=\"https:\/\/akunq.net\/tr\/?p=65607\" \/>\n<meta property=\"og:site_name\" content=\"Bati Ermenistan Ve Bati Ermenileri Sorunlari Ara\u015ftirmalar Merkezi\" \/>\n<meta property=\"article:published_time\" content=\"2021-11-10T07:29:22+00:00\" \/>\n<meta property=\"og:image\" content=\"https:\/\/akunq.net\/tr\/wp-content\/uploads\/sites\/6\/2021\/11\/Malatyada-\u00e7\u00f6ken-bina.jpg\" \/>\n\t<meta property=\"og:image:width\" content=\"750\" \/>\n\t<meta property=\"og:image:height\" content=\"562\" \/>\n\t<meta property=\"og:image:type\" content=\"image\/jpeg\" \/>\n<meta name=\"author\" content=\"admin\" \/>\n<meta name=\"twitter:card\" content=\"summary_large_image\" \/>\n<meta name=\"twitter:label1\" content=\"Written by\" \/>\n\t<meta name=\"twitter:data1\" content=\"admin\" \/>\n\t<meta name=\"twitter:label2\" content=\"Est. reading time\" \/>\n\t<meta name=\"twitter:data2\" content=\"2 minutes\" \/>\n<script type=\"application\/ld+json\" class=\"yoast-schema-graph\">{\"@context\":\"https:\\\/\\\/schema.org\",\"@graph\":[{\"@type\":\"Article\",\"@id\":\"https:\\\/\\\/akunq.net\\\/tr\\\/?p=65607#article\",\"isPartOf\":{\"@id\":\"https:\\\/\\\/akunq.net\\\/tr\\\/?p=65607\"},\"author\":{\"name\":\"admin\",\"@id\":\"https:\\\/\\\/akunq.net\\\/tr\\\/#\\\/schema\\\/person\\\/096f1d38a12cce57fb855b485ed24c9e\"},\"headline\":\"Malatya&#8217;da \u00e7\u00f6ken bina: 13 ki\u015fi kurtar\u0131ld\u0131, kay\u0131p ihbar\u0131 yok\",\"datePublished\":\"2021-11-10T07:29:22+00:00\",\"mainEntityOfPage\":{\"@id\":\"https:\\\/\\\/akunq.net\\\/tr\\\/?p=65607\"},\"wordCount\":346,\"commentCount\":0,\"image\":{\"@id\":\"https:\\\/\\\/akunq.net\\\/tr\\\/?p=65607#primaryimage\"},\"thumbnailUrl\":\"https:\\\/\\\/akunq.net\\\/tr\\\/wp-content\\\/uploads\\\/sites\\\/6\\\/2021\\\/11\\\/Malatyada-\u00e7\u00f6ken-bina.jpg\",\"articleSection\":[\"Haberler\"],\"inLanguage\":\"en-US\",\"potentialAction\":[{\"@type\":\"CommentAction\",\"name\":\"Comment\",\"target\":[\"https:\\\/\\\/akunq.net\\\/tr\\\/?p=65607#respond\"]}]},{\"@type\":\"WebPage\",\"@id\":\"https:\\\/\\\/akunq.net\\\/tr\\\/?p=65607\",\"url\":\"https:\\\/\\\/akunq.net\\\/tr\\\/?p=65607\",\"name\":\"Malatya'da \u00e7\u00f6ken bina: 13 ki\u015fi kurtar\u0131ld\u0131, kay\u0131p ihbar\u0131 yok - Bati Ermenistan Ve Bati Ermenileri Sorunlari Ara\u015ftirmalar Merkezi\",\"isPartOf\":{\"@id\":\"https:\\\/\\\/akunq.net\\\/tr\\\/#website\"},\"primaryImageOfPage\":{\"@id\":\"https:\\\/\\\/akunq.net\\\/tr\\\/?p=65607#primaryimage\"},\"image\":{\"@id\":\"https:\\\/\\\/akunq.net\\\/tr\\\/?p=65607#primaryimage\"},\"thumbnailUrl\":\"https:\\\/\\\/akunq.net\\\/tr\\\/wp-content\\\/uploads\\\/sites\\\/6\\\/2021\\\/11\\\/Malatyada-\u00e7\u00f6ken-bina.jpg\",\"datePublished\":\"2021-11-10T07:29:22+00:00\",\"author\":{\"@id\":\"https:\\\/\\\/akunq.net\\\/tr\\\/#\\\/schema\\\/person\\\/096f1d38a12cce57fb855b485ed24c9e\"},\"breadcrumb\":{\"@id\":\"https:\\\/\\\/akunq.net\\\/tr\\\/?p=65607#breadcrumb\"},\"inLanguage\":\"en-US\",\"potentialAction\":[{\"@type\":\"ReadAction\",\"target\":[\"https:\\\/\\\/akunq.net\\\/tr\\\/?p=65607\"]}]},{\"@type\":\"ImageObject\",\"inLanguage\":\"en-US\",\"@id\":\"https:\\\/\\\/akunq.net\\\/tr\\\/?p=65607#primaryimage\",\"url\":\"https:\\\/\\\/akunq.net\\\/tr\\\/wp-content\\\/uploads\\\/sites\\\/6\\\/2021\\\/11\\\/Malatyada-\u00e7\u00f6ken-bina.jpg\",\"contentUrl\":\"https:\\\/\\\/akunq.net\\\/tr\\\/wp-content\\\/uploads\\\/sites\\\/6\\\/2021\\\/11\\\/Malatyada-\u00e7\u00f6ken-bina.jpg\",\"width\":750,\"height\":562},{\"@type\":\"BreadcrumbList\",\"@id\":\"https:\\\/\\\/akunq.net\\\/tr\\\/?p=65607#breadcrumb\",\"itemListElement\":[{\"@type\":\"ListItem\",\"position\":1,\"name\":\"Home\",\"item\":\"https:\\\/\\\/akunq.net\\\/tr\"},{\"@type\":\"ListItem\",\"position\":2,\"name\":\"Malatya&#8217;da \u00e7\u00f6ken bina: 13 ki\u015fi kurtar\u0131ld\u0131, kay\u0131p ihbar\u0131 yok\"}]},{\"@type\":\"WebSite\",\"@id\":\"https:\\\/\\\/akunq.net\\\/tr\\\/#website\",\"url\":\"https:\\\/\\\/akunq.net\\\/tr\\\/\",\"name\":\"Bati Ermenistan Ve Bati Ermenileri Sorunlari Ara\u015ftirmalar Merkezi\",\"description\":\"\",\"potentialAction\":[{\"@type\":\"SearchAction\",\"target\":{\"@type\":\"EntryPoint\",\"urlTemplate\":\"https:\\\/\\\/akunq.net\\\/tr\\\/?s={search_term_string}\"},\"query-input\":{\"@type\":\"PropertyValueSpecification\",\"valueRequired\":true,\"valueName\":\"search_term_string\"}}],\"inLanguage\":\"en-US\"},{\"@type\":\"Person\",\"@id\":\"https:\\\/\\\/akunq.net\\\/tr\\\/#\\\/schema\\\/person\\\/096f1d38a12cce57fb855b485ed24c9e\",\"name\":\"admin\",\"url\":\"https:\\\/\\\/akunq.net\\\/tr\\\/?author=7\"}]}<\/script>\n<!-- \/ Yoast SEO plugin. -->","yoast_head_json":{"title":"Malatya'da \u00e7\u00f6ken bina: 13 ki\u015fi kurtar\u0131ld\u0131, kay\u0131p ihbar\u0131 yok - Bati Ermenistan Ve Bati Ermenileri Sorunlari Ara\u015ftirmalar Merkezi","robots":{"index":"index","follow":"follow","max-snippet":"max-snippet:-1","max-image-preview":"max-image-preview:large","max-video-preview":"max-video-preview:-1"},"canonical":"https:\/\/akunq.net\/tr\/?p=65607","og_locale":"en_US","og_type":"article","og_title":"Malatya'da \u00e7\u00f6ken bina: 13 ki\u015fi kurtar\u0131ld\u0131, kay\u0131p ihbar\u0131 yok - Bati Ermenistan Ve Bati Ermenileri Sorunlari Ara\u015ftirmalar Merkezi","og_description":"Malatya&#8217;da \u00e7\u00f6ken iki bina enkaz\u0131ndan 13 ki\u015finin kurtar\u0131ld\u0131\u011f\u0131 ve 8 ki\u015finin de kendi imkanlar\u0131yla kurtuldu\u011fu a\u00e7\u0131kland\u0131. Yetkililer, kendilerinde kay\u0131p ihbar\u0131 bulunmad\u0131\u011f\u0131n\u0131 duyurdu. Merkez Ye\u015filyurt il\u00e7esindeki S\u0131tmap\u0131nar\u0131 Mahallesi \u0130n\u00f6n\u00fc Caddesi&#8217;nde bulunan 2 katl\u0131\u00a0binada hen\u00fcz bilinmeyen nedenle g\u00f6\u00e7\u00fck meydana geldi. Giri\u015f kat\u0131nda d\u00fckkanlar\u0131n bulundu\u011fu binan\u0131n \u00e7evresinde g\u00fcvenlik \u00f6nlemi al\u0131nd\u0131 B\u00f6lgedeki g\u00f6rg\u00fc tan\u0131klar\u0131, s\u00f6z konusu binadaki bir i\u015f\u00a0yerinde [&hellip;]","og_url":"https:\/\/akunq.net\/tr\/?p=65607","og_site_name":"Bati Ermenistan Ve Bati Ermenileri Sorunlari Ara\u015ftirmalar Merkezi","article_published_time":"2021-11-10T07:29:22+00:00","og_image":[{"width":750,"height":562,"url":"https:\/\/akunq.net\/tr\/wp-content\/uploads\/sites\/6\/2021\/11\/Malatyada-\u00e7\u00f6ken-bina.jpg","type":"image\/jpeg"}],"author":"admin","twitter_card":"summary_large_image","twitter_misc":{"Written by":"admin","Est. reading time":"2 minutes"},"schema":{"@context":"https:\/\/schema.org","@graph":[{"@type":"Article","@id":"https:\/\/akunq.net\/tr\/?p=65607#article","isPartOf":{"@id":"https:\/\/akunq.net\/tr\/?p=65607"},"author":{"name":"admin","@id":"https:\/\/akunq.net\/tr\/#\/schema\/person\/096f1d38a12cce57fb855b485ed24c9e"},"headline":"Malatya&#8217;da \u00e7\u00f6ken bina: 13 ki\u015fi kurtar\u0131ld\u0131, kay\u0131p ihbar\u0131 yok","datePublished":"2021-11-10T07:29:22+00:00","mainEntityOfPage":{"@id":"https:\/\/akunq.net\/tr\/?p=65607"},"wordCount":346,"commentCount":0,"image":{"@id":"https:\/\/akunq.net\/tr\/?p=65607#primaryimage"},"thumbnailUrl":"https:\/\/akunq.net\/tr\/wp-content\/uploads\/sites\/6\/2021\/11\/Malatyada-\u00e7\u00f6ken-bina.jpg","articleSection":["Haberler"],"inLanguage":"en-US","potentialAction":[{"@type":"CommentAction","name":"Comment","target":["https:\/\/akunq.net\/tr\/?p=65607#respond"]}]},{"@type":"WebPage","@id":"https:\/\/akunq.net\/tr\/?p=65607","url":"https:\/\/akunq.net\/tr\/?p=65607","name":"Malatya'da \u00e7\u00f6ken bina: 13 ki\u015fi kurtar\u0131ld\u0131, kay\u0131p ihbar\u0131 yok - Bati Ermenistan Ve Bati Ermenileri Sorunlari Ara\u015ftirmalar Merkezi","isPartOf":{"@id":"https:\/\/akunq.net\/tr\/#website"},"primaryImageOfPage":{"@id":"https:\/\/akunq.net\/tr\/?p=65607#primaryimage"},"image":{"@id":"https:\/\/akunq.net\/tr\/?p=65607#primaryimage"},"thumbnailUrl":"https:\/\/akunq.net\/tr\/wp-content\/uploads\/sites\/6\/2021\/11\/Malatyada-\u00e7\u00f6ken-bina.jpg","datePublished":"2021-11-10T07:29:22+00:00","author":{"@id":"https:\/\/akunq.net\/tr\/#\/schema\/person\/096f1d38a12cce57fb855b485ed24c9e"},"breadcrumb":{"@id":"https:\/\/akunq.net\/tr\/?p=65607#breadcrumb"},"inLanguage":"en-US","potentialAction":[{"@type":"ReadAction","target":["https:\/\/akunq.net\/tr\/?p=65607"]}]},{"@type":"ImageObject","inLanguage":"en-US","@id":"https:\/\/akunq.net\/tr\/?p=65607#primaryimage","url":"https:\/\/akunq.net\/tr\/wp-content\/uploads\/sites\/6\/2021\/11\/Malatyada-\u00e7\u00f6ken-bina.jpg","contentUrl":"https:\/\/akunq.net\/tr\/wp-content\/uploads\/sites\/6\/2021\/11\/Malatyada-\u00e7\u00f6ken-bina.jpg","width":750,"height":562},{"@type":"BreadcrumbList","@id":"https:\/\/akunq.net\/tr\/?p=65607#breadcrumb","itemListElement":[{"@type":"ListItem","position":1,"name":"Home","item":"https:\/\/akunq.net\/tr"},{"@type":"ListItem","position":2,"name":"Malatya&#8217;da \u00e7\u00f6ken bina: 13 ki\u015fi kurtar\u0131ld\u0131, kay\u0131p ihbar\u0131 yok"}]},{"@type":"WebSite","@id":"https:\/\/akunq.net\/tr\/#website","url":"https:\/\/akunq.net\/tr\/","name":"Bati Ermenistan Ve Bati Ermenileri Sorunlari Ara\u015ftirmalar Merkezi","description":"","potentialAction":[{"@type":"SearchAction","target":{"@type":"EntryPoint","urlTemplate":"https:\/\/akunq.net\/tr\/?s={search_term_string}"},"query-input":{"@type":"PropertyValueSpecification","valueRequired":true,"valueName":"search_term_string"}}],"inLanguage":"en-US"},{"@type":"Person","@id":"https:\/\/akunq.net\/tr\/#\/schema\/person\/096f1d38a12cce57fb855b485ed24c9e","name":"admin","url":"https:\/\/akunq.net\/tr\/?author=7"}]}},"_links":{"self":[{"href":"https:\/\/akunq.net\/tr\/index.php?rest_route=\/wp\/v2\/posts\/65607","targetHints":{"allow":["GET"]}}],"collection":[{"href":"https:\/\/akunq.net\/tr\/index.php?rest_route=\/wp\/v2\/posts"}],"about":[{"href":"https:\/\/akunq.net\/tr\/index.php?rest_route=\/wp\/v2\/types\/post"}],"author":[{"embeddable":true,"href":"https:\/\/akunq.net\/tr\/index.php?rest_route=\/wp\/v2\/users\/7"}],"replies":[{"embeddable":true,"href":"https:\/\/akunq.net\/tr\/index.php?rest_route=%2Fwp%2Fv2%2Fcomments&post=65607"}],"version-history":[{"count":1,"href":"https:\/\/akunq.net\/tr\/index.php?rest_route=\/wp\/v2\/posts\/65607\/revisions"}],"predecessor-version":[{"id":65609,"href":"https:\/\/akunq.net\/tr\/index.php?rest_route=\/wp\/v2\/posts\/65607\/revisions\/65609"}],"wp:featuredmedia":[{"embeddable":true,"href":"https:\/\/akunq.net\/tr\/index.php?rest_route=\/wp\/v2\/media\/65608"}],"wp:attachment":[{"href":"https:\/\/akunq.net\/tr\/index.php?rest_route=%2Fwp%2Fv2%2Fmedia&parent=65607"}],"wp:term":[{"taxonomy":"category","embeddable":true,"href":"https:\/\/akunq.net\/tr\/index.php?rest_route=%2Fwp%2Fv2%2Fcategories&post=65607"},{"taxonomy":"post_tag","embeddable":true,"href":"https:\/\/akunq.net\/tr\/index.php?rest_route=%2Fwp%2Fv2%2Ftags&post=65607"}],"curies":[{"name":"wp","href":"https:\/\/api.w.org\/{rel}","templated":true}]}}