{"id":65587,"date":"2021-11-09T02:12:04","date_gmt":"2021-11-09T07:12:04","guid":{"rendered":"https:\/\/akunq.net\/tr\/?p=65587"},"modified":"2021-11-09T02:12:04","modified_gmt":"2021-11-09T07:12:04","slug":"abdden-azerbaycana-tum-ermeni-esirleri-serbest-birakma-cagrisi","status":"publish","type":"post","link":"https:\/\/akunq.net\/tr\/?p=65587","title":{"rendered":"ABD&#8217;den Azerbaycan&#8217;a t\u00fcm Ermeni esirleri serbest b\u0131rakma \u00e7a\u011fr\u0131s\u0131"},"content":{"rendered":"<p><img loading=\"lazy\" decoding=\"async\" class=\"aligncenter size-medium wp-image-65588\" src=\"https:\/\/akunq.net\/tr\/wp-content\/uploads\/2021\/11\/ABD-D\u0131\u015fi\u015fleri-Bakanl\u0131\u011f\u0131-360x242.jpg\" alt=\"\" width=\"360\" height=\"242\" srcset=\"https:\/\/akunq.net\/tr\/wp-content\/uploads\/sites\/6\/2021\/11\/ABD-D\u0131\u015fi\u015fleri-Bakanl\u0131\u011f\u0131-360x242.jpg 360w, https:\/\/akunq.net\/tr\/wp-content\/uploads\/sites\/6\/2021\/11\/ABD-D\u0131\u015fi\u015fleri-Bakanl\u0131\u011f\u0131-560x376.jpg 560w, https:\/\/akunq.net\/tr\/wp-content\/uploads\/sites\/6\/2021\/11\/ABD-D\u0131\u015fi\u015fleri-Bakanl\u0131\u011f\u0131-260x175.jpg 260w, https:\/\/akunq.net\/tr\/wp-content\/uploads\/sites\/6\/2021\/11\/ABD-D\u0131\u015fi\u015fleri-Bakanl\u0131\u011f\u0131-160x107.jpg 160w, https:\/\/akunq.net\/tr\/wp-content\/uploads\/sites\/6\/2021\/11\/ABD-D\u0131\u015fi\u015fleri-Bakanl\u0131\u011f\u0131.jpg 670w\" sizes=\"auto, (max-width: 360px) 100vw, 360px\" \/><\/p>\n<p><em><strong>ABD, 44 g\u00fcn s\u00fcren Artsakh sava\u015f\u0131 sonucu esir al\u0131nanlar\u0131n geri g\u00f6nderilmesi \u00e7a\u011fr\u0131s\u0131nda bulundu. ABD D\u0131\u015fi\u015fleri Bakanl\u0131\u011f\u0131 S\u00f6zc\u00fcs\u00fc Ned Price 44 g\u00fcnl\u00fck Artsakh sava\u015f\u0131n\u0131n birinci y\u0131ld\u00f6n\u00fcm\u00fc ile ilgili a\u00e7\u0131klamalarda bulundu.<\/strong><\/em><\/p>\n<p><em>ABD D\u0131\u015fi\u015fleri Bakanl\u0131\u011f\u0131&#8217;n\u0131n a\u00e7\u0131klamas\u0131 \u015f\u00f6yle:<\/em><\/p>\n<p>&#8220;Bu hafta ABD ve uluslararas\u0131 kamuoyunun g\u00fcndeminde G\u00fcney Kafkasya&#8217;da Ermenistan ile Azerbaycan aras\u0131nda 44 g\u00fcn s\u00fcren yo\u011fun \u00e7at\u0131\u015fmay\u0131 sona erdiren ate\u015fkes anla\u015fmas\u0131n\u0131n birinci y\u0131l\u0131. Ge\u00e7en y\u0131lki \u00e7at\u0131\u015fmalarda \u015fehit d\u00fc\u015fenlerin ve yaralananlar\u0131n ailelerine en derin taziyelerimizi ifade ediyoruz.<\/p>\n<p>T\u00fcm sava\u015f esirlerinin iade edilmesi, t\u00fcm kay\u0131p ki\u015filerin say\u0131s\u0131n\u0131n netle\u015ftirimesi, yerinden edilmi\u015f ki\u015filerin g\u00f6n\u00fcll\u00fc olarak evlerine d\u00f6n\u00fc\u015f\u00fcn\u00fcn sa\u011flanmas\u0131, \u00e7at\u0131\u015fmalardan etkilenen b\u00f6lgelerde kapsaml\u0131 insani may\u0131n temizleme \u00e7al\u0131\u015fmalar\u0131 yap\u0131lmas\u0131 ve ihtiyac\u0131 olanlar\u0131n uluslararas\u0131 insani yard\u0131m kurulu\u015flar\u0131na eri\u015fiminin sa\u011flanmas\u0131 i\u00e7in \u00e7a\u011fr\u0131da bulunuyoruz.<\/p>\n<p>Ayr\u0131ca iddia edilen insan haklar\u0131 ihlalleri ve insanc\u0131l hukuka ili\u015fkin ihlallerin soru\u015fturulmas\u0131 \u00e7a\u011fr\u0131s\u0131nda bulunuyoruz.<\/p>\n<p>Amerika Birle\u015fik Devletleri, G\u00fcney Kafkasya&#8217;da g\u00fcvenli, istikrarl\u0131, m\u00fcreffeh ve bar\u0131\u015f\u00e7\u0131l bir gelece\u011fi te\u015fvik etmeye kararl\u0131d\u0131r.<\/p>\n<p>ABD D\u0131\u015fi\u015fleri Bakan Yard\u0131mc\u0131s\u0131 Avrupa ve Avrasya \u0130\u015flerinden Sorumlu M\u00fcste\u015far Yard\u0131mc\u0131s\u0131 Muavini Erika Olson, \u015fu anda \u00fc\u00e7 \u00fclkeyle ikili meseleleri g\u00f6r\u00fc\u015fmek ve b\u00f6lgesel i\u015fbirli\u011fi imkanlar\u0131n\u0131 ara\u015ft\u0131rmak i\u00e7in b\u00f6lgede bulunuyor.<\/p>\n<p>Ermenistan ve Azerbaycan&#8217;\u0131, Da\u011fl\u0131k Karaba\u011f ihtilaf\u0131yla ilgili veya bundan kaynaklanan t\u00fcm \u00f6nemli sorunlara kapsaml\u0131 \u00e7\u00f6z\u00fcmler bulmak i\u00e7in Minsk Grubu E\u015fba\u015fkanlar\u0131n\u0131n himayesi de dahil olmak \u00fczere, kat\u0131l\u0131mlar\u0131n\u0131 s\u00fcrd\u00fcrmeye ve yo\u011funla\u015ft\u0131rmaya \u00e7a\u011f\u0131r\u0131yoruz.&#8221;<\/p>\n<p><em><strong>https:\/\/armenpress.am\/tur\/news\/1067663.html\u00a0<\/strong><\/em><\/p>\n","protected":false},"excerpt":{"rendered":"<p>ABD, 44 g\u00fcn s\u00fcren Artsakh sava\u015f\u0131 sonucu esir al\u0131nanlar\u0131n geri g\u00f6nderilmesi \u00e7a\u011fr\u0131s\u0131nda bulundu. ABD D\u0131\u015fi\u015fleri Bakanl\u0131\u011f\u0131 S\u00f6zc\u00fcs\u00fc Ned Price 44 g\u00fcnl\u00fck Artsakh sava\u015f\u0131n\u0131n birinci y\u0131ld\u00f6n\u00fcm\u00fc ile ilgili a\u00e7\u0131klamalarda bulundu. ABD D\u0131\u015fi\u015fleri Bakanl\u0131\u011f\u0131&#8217;n\u0131n a\u00e7\u0131klamas\u0131 \u015f\u00f6yle: &#8220;Bu hafta ABD ve uluslararas\u0131 kamuoyunun g\u00fcndeminde G\u00fcney Kafkasya&#8217;da Ermenistan ile Azerbaycan aras\u0131nda 44 g\u00fcn s\u00fcren yo\u011fun \u00e7at\u0131\u015fmay\u0131 sona erdiren ate\u015fkes [&hellip;]<\/p>\n","protected":false},"author":7,"featured_media":65588,"comment_status":"open","ping_status":"open","sticky":false,"template":"","format":"standard","meta":{"footnotes":""},"categories":[1],"tags":[],"class_list":["post-65587","post","type-post","status-publish","format-standard","has-post-thumbnail","hentry","category-haberler"],"yoast_head":"<!-- This site is optimized with the Yoast SEO plugin v27.4 - https:\/\/yoast.com\/product\/yoast-seo-wordpress\/ -->\n<title>ABD&#039;den Azerbaycan&#039;a t\u00fcm Ermeni esirleri serbest b\u0131rakma \u00e7a\u011fr\u0131s\u0131 - Bati Ermenistan Ve Bati Ermenileri Sorunlari Ara\u015ftirmalar Merkezi<\/title>\n<meta name=\"robots\" content=\"index, follow, max-snippet:-1, max-image-preview:large, max-video-preview:-1\" \/>\n<link rel=\"canonical\" href=\"https:\/\/akunq.net\/tr\/?p=65587\" \/>\n<meta property=\"og:locale\" content=\"en_US\" \/>\n<meta property=\"og:type\" content=\"article\" \/>\n<meta property=\"og:title\" content=\"ABD&#039;den Azerbaycan&#039;a t\u00fcm Ermeni esirleri serbest b\u0131rakma \u00e7a\u011fr\u0131s\u0131 - Bati Ermenistan Ve Bati Ermenileri Sorunlari Ara\u015ftirmalar Merkezi\" \/>\n<meta property=\"og:description\" content=\"ABD, 44 g\u00fcn s\u00fcren Artsakh sava\u015f\u0131 sonucu esir al\u0131nanlar\u0131n geri g\u00f6nderilmesi \u00e7a\u011fr\u0131s\u0131nda bulundu. ABD D\u0131\u015fi\u015fleri Bakanl\u0131\u011f\u0131 S\u00f6zc\u00fcs\u00fc Ned Price 44 g\u00fcnl\u00fck Artsakh sava\u015f\u0131n\u0131n birinci y\u0131ld\u00f6n\u00fcm\u00fc ile ilgili a\u00e7\u0131klamalarda bulundu. ABD D\u0131\u015fi\u015fleri Bakanl\u0131\u011f\u0131&#8217;n\u0131n a\u00e7\u0131klamas\u0131 \u015f\u00f6yle: &#8220;Bu hafta ABD ve uluslararas\u0131 kamuoyunun g\u00fcndeminde G\u00fcney Kafkasya&#8217;da Ermenistan ile Azerbaycan aras\u0131nda 44 g\u00fcn s\u00fcren yo\u011fun \u00e7at\u0131\u015fmay\u0131 sona erdiren ate\u015fkes [&hellip;]\" \/>\n<meta property=\"og:url\" content=\"https:\/\/akunq.net\/tr\/?p=65587\" \/>\n<meta property=\"og:site_name\" content=\"Bati Ermenistan Ve Bati Ermenileri Sorunlari Ara\u015ftirmalar Merkezi\" \/>\n<meta property=\"article:published_time\" content=\"2021-11-09T07:12:04+00:00\" \/>\n<meta property=\"og:image\" content=\"https:\/\/akunq.net\/tr\/wp-content\/uploads\/sites\/6\/2021\/11\/ABD-D\u0131\u015fi\u015fleri-Bakanl\u0131\u011f\u0131.jpg\" \/>\n\t<meta property=\"og:image:width\" content=\"670\" \/>\n\t<meta property=\"og:image:height\" content=\"450\" \/>\n\t<meta property=\"og:image:type\" content=\"image\/jpeg\" \/>\n<meta name=\"author\" content=\"admin\" \/>\n<meta name=\"twitter:card\" content=\"summary_large_image\" \/>\n<meta name=\"twitter:label1\" content=\"Written by\" \/>\n\t<meta name=\"twitter:data1\" content=\"admin\" \/>\n\t<meta name=\"twitter:label2\" content=\"Est. reading time\" \/>\n\t<meta name=\"twitter:data2\" content=\"2 minutes\" \/>\n<script type=\"application\/ld+json\" class=\"yoast-schema-graph\">{\"@context\":\"https:\\\/\\\/schema.org\",\"@graph\":[{\"@type\":\"Article\",\"@id\":\"https:\\\/\\\/akunq.net\\\/tr\\\/?p=65587#article\",\"isPartOf\":{\"@id\":\"https:\\\/\\\/akunq.net\\\/tr\\\/?p=65587\"},\"author\":{\"name\":\"admin\",\"@id\":\"https:\\\/\\\/akunq.net\\\/tr\\\/#\\\/schema\\\/person\\\/096f1d38a12cce57fb855b485ed24c9e\"},\"headline\":\"ABD&#8217;den Azerbaycan&#8217;a t\u00fcm Ermeni esirleri serbest b\u0131rakma \u00e7a\u011fr\u0131s\u0131\",\"datePublished\":\"2021-11-09T07:12:04+00:00\",\"mainEntityOfPage\":{\"@id\":\"https:\\\/\\\/akunq.net\\\/tr\\\/?p=65587\"},\"wordCount\":337,\"commentCount\":0,\"image\":{\"@id\":\"https:\\\/\\\/akunq.net\\\/tr\\\/?p=65587#primaryimage\"},\"thumbnailUrl\":\"https:\\\/\\\/akunq.net\\\/tr\\\/wp-content\\\/uploads\\\/sites\\\/6\\\/2021\\\/11\\\/ABD-D\u0131\u015fi\u015fleri-Bakanl\u0131\u011f\u0131.jpg\",\"articleSection\":[\"Haberler\"],\"inLanguage\":\"en-US\",\"potentialAction\":[{\"@type\":\"CommentAction\",\"name\":\"Comment\",\"target\":[\"https:\\\/\\\/akunq.net\\\/tr\\\/?p=65587#respond\"]}]},{\"@type\":\"WebPage\",\"@id\":\"https:\\\/\\\/akunq.net\\\/tr\\\/?p=65587\",\"url\":\"https:\\\/\\\/akunq.net\\\/tr\\\/?p=65587\",\"name\":\"ABD'den Azerbaycan'a t\u00fcm Ermeni esirleri serbest b\u0131rakma \u00e7a\u011fr\u0131s\u0131 - Bati Ermenistan Ve Bati Ermenileri Sorunlari Ara\u015ftirmalar Merkezi\",\"isPartOf\":{\"@id\":\"https:\\\/\\\/akunq.net\\\/tr\\\/#website\"},\"primaryImageOfPage\":{\"@id\":\"https:\\\/\\\/akunq.net\\\/tr\\\/?p=65587#primaryimage\"},\"image\":{\"@id\":\"https:\\\/\\\/akunq.net\\\/tr\\\/?p=65587#primaryimage\"},\"thumbnailUrl\":\"https:\\\/\\\/akunq.net\\\/tr\\\/wp-content\\\/uploads\\\/sites\\\/6\\\/2021\\\/11\\\/ABD-D\u0131\u015fi\u015fleri-Bakanl\u0131\u011f\u0131.jpg\",\"datePublished\":\"2021-11-09T07:12:04+00:00\",\"author\":{\"@id\":\"https:\\\/\\\/akunq.net\\\/tr\\\/#\\\/schema\\\/person\\\/096f1d38a12cce57fb855b485ed24c9e\"},\"breadcrumb\":{\"@id\":\"https:\\\/\\\/akunq.net\\\/tr\\\/?p=65587#breadcrumb\"},\"inLanguage\":\"en-US\",\"potentialAction\":[{\"@type\":\"ReadAction\",\"target\":[\"https:\\\/\\\/akunq.net\\\/tr\\\/?p=65587\"]}]},{\"@type\":\"ImageObject\",\"inLanguage\":\"en-US\",\"@id\":\"https:\\\/\\\/akunq.net\\\/tr\\\/?p=65587#primaryimage\",\"url\":\"https:\\\/\\\/akunq.net\\\/tr\\\/wp-content\\\/uploads\\\/sites\\\/6\\\/2021\\\/11\\\/ABD-D\u0131\u015fi\u015fleri-Bakanl\u0131\u011f\u0131.jpg\",\"contentUrl\":\"https:\\\/\\\/akunq.net\\\/tr\\\/wp-content\\\/uploads\\\/sites\\\/6\\\/2021\\\/11\\\/ABD-D\u0131\u015fi\u015fleri-Bakanl\u0131\u011f\u0131.jpg\",\"width\":670,\"height\":450},{\"@type\":\"BreadcrumbList\",\"@id\":\"https:\\\/\\\/akunq.net\\\/tr\\\/?p=65587#breadcrumb\",\"itemListElement\":[{\"@type\":\"ListItem\",\"position\":1,\"name\":\"Home\",\"item\":\"https:\\\/\\\/akunq.net\\\/tr\"},{\"@type\":\"ListItem\",\"position\":2,\"name\":\"ABD&#8217;den Azerbaycan&#8217;a t\u00fcm Ermeni esirleri serbest b\u0131rakma \u00e7a\u011fr\u0131s\u0131\"}]},{\"@type\":\"WebSite\",\"@id\":\"https:\\\/\\\/akunq.net\\\/tr\\\/#website\",\"url\":\"https:\\\/\\\/akunq.net\\\/tr\\\/\",\"name\":\"Bati Ermenistan Ve Bati Ermenileri Sorunlari Ara\u015ftirmalar Merkezi\",\"description\":\"\",\"potentialAction\":[{\"@type\":\"SearchAction\",\"target\":{\"@type\":\"EntryPoint\",\"urlTemplate\":\"https:\\\/\\\/akunq.net\\\/tr\\\/?s={search_term_string}\"},\"query-input\":{\"@type\":\"PropertyValueSpecification\",\"valueRequired\":true,\"valueName\":\"search_term_string\"}}],\"inLanguage\":\"en-US\"},{\"@type\":\"Person\",\"@id\":\"https:\\\/\\\/akunq.net\\\/tr\\\/#\\\/schema\\\/person\\\/096f1d38a12cce57fb855b485ed24c9e\",\"name\":\"admin\",\"url\":\"https:\\\/\\\/akunq.net\\\/tr\\\/?author=7\"}]}<\/script>\n<!-- \/ Yoast SEO plugin. -->","yoast_head_json":{"title":"ABD'den Azerbaycan'a t\u00fcm Ermeni esirleri serbest b\u0131rakma \u00e7a\u011fr\u0131s\u0131 - Bati Ermenistan Ve Bati Ermenileri Sorunlari Ara\u015ftirmalar Merkezi","robots":{"index":"index","follow":"follow","max-snippet":"max-snippet:-1","max-image-preview":"max-image-preview:large","max-video-preview":"max-video-preview:-1"},"canonical":"https:\/\/akunq.net\/tr\/?p=65587","og_locale":"en_US","og_type":"article","og_title":"ABD'den Azerbaycan'a t\u00fcm Ermeni esirleri serbest b\u0131rakma \u00e7a\u011fr\u0131s\u0131 - Bati Ermenistan Ve Bati Ermenileri Sorunlari Ara\u015ftirmalar Merkezi","og_description":"ABD, 44 g\u00fcn s\u00fcren Artsakh sava\u015f\u0131 sonucu esir al\u0131nanlar\u0131n geri g\u00f6nderilmesi \u00e7a\u011fr\u0131s\u0131nda bulundu. ABD D\u0131\u015fi\u015fleri Bakanl\u0131\u011f\u0131 S\u00f6zc\u00fcs\u00fc Ned Price 44 g\u00fcnl\u00fck Artsakh sava\u015f\u0131n\u0131n birinci y\u0131ld\u00f6n\u00fcm\u00fc ile ilgili a\u00e7\u0131klamalarda bulundu. ABD D\u0131\u015fi\u015fleri Bakanl\u0131\u011f\u0131&#8217;n\u0131n a\u00e7\u0131klamas\u0131 \u015f\u00f6yle: &#8220;Bu hafta ABD ve uluslararas\u0131 kamuoyunun g\u00fcndeminde G\u00fcney Kafkasya&#8217;da Ermenistan ile Azerbaycan aras\u0131nda 44 g\u00fcn s\u00fcren yo\u011fun \u00e7at\u0131\u015fmay\u0131 sona erdiren ate\u015fkes [&hellip;]","og_url":"https:\/\/akunq.net\/tr\/?p=65587","og_site_name":"Bati Ermenistan Ve Bati Ermenileri Sorunlari Ara\u015ftirmalar Merkezi","article_published_time":"2021-11-09T07:12:04+00:00","og_image":[{"width":670,"height":450,"url":"https:\/\/akunq.net\/tr\/wp-content\/uploads\/sites\/6\/2021\/11\/ABD-D\u0131\u015fi\u015fleri-Bakanl\u0131\u011f\u0131.jpg","type":"image\/jpeg"}],"author":"admin","twitter_card":"summary_large_image","twitter_misc":{"Written by":"admin","Est. reading time":"2 minutes"},"schema":{"@context":"https:\/\/schema.org","@graph":[{"@type":"Article","@id":"https:\/\/akunq.net\/tr\/?p=65587#article","isPartOf":{"@id":"https:\/\/akunq.net\/tr\/?p=65587"},"author":{"name":"admin","@id":"https:\/\/akunq.net\/tr\/#\/schema\/person\/096f1d38a12cce57fb855b485ed24c9e"},"headline":"ABD&#8217;den Azerbaycan&#8217;a t\u00fcm Ermeni esirleri serbest b\u0131rakma \u00e7a\u011fr\u0131s\u0131","datePublished":"2021-11-09T07:12:04+00:00","mainEntityOfPage":{"@id":"https:\/\/akunq.net\/tr\/?p=65587"},"wordCount":337,"commentCount":0,"image":{"@id":"https:\/\/akunq.net\/tr\/?p=65587#primaryimage"},"thumbnailUrl":"https:\/\/akunq.net\/tr\/wp-content\/uploads\/sites\/6\/2021\/11\/ABD-D\u0131\u015fi\u015fleri-Bakanl\u0131\u011f\u0131.jpg","articleSection":["Haberler"],"inLanguage":"en-US","potentialAction":[{"@type":"CommentAction","name":"Comment","target":["https:\/\/akunq.net\/tr\/?p=65587#respond"]}]},{"@type":"WebPage","@id":"https:\/\/akunq.net\/tr\/?p=65587","url":"https:\/\/akunq.net\/tr\/?p=65587","name":"ABD'den Azerbaycan'a t\u00fcm Ermeni esirleri serbest b\u0131rakma \u00e7a\u011fr\u0131s\u0131 - Bati Ermenistan Ve Bati Ermenileri Sorunlari Ara\u015ftirmalar Merkezi","isPartOf":{"@id":"https:\/\/akunq.net\/tr\/#website"},"primaryImageOfPage":{"@id":"https:\/\/akunq.net\/tr\/?p=65587#primaryimage"},"image":{"@id":"https:\/\/akunq.net\/tr\/?p=65587#primaryimage"},"thumbnailUrl":"https:\/\/akunq.net\/tr\/wp-content\/uploads\/sites\/6\/2021\/11\/ABD-D\u0131\u015fi\u015fleri-Bakanl\u0131\u011f\u0131.jpg","datePublished":"2021-11-09T07:12:04+00:00","author":{"@id":"https:\/\/akunq.net\/tr\/#\/schema\/person\/096f1d38a12cce57fb855b485ed24c9e"},"breadcrumb":{"@id":"https:\/\/akunq.net\/tr\/?p=65587#breadcrumb"},"inLanguage":"en-US","potentialAction":[{"@type":"ReadAction","target":["https:\/\/akunq.net\/tr\/?p=65587"]}]},{"@type":"ImageObject","inLanguage":"en-US","@id":"https:\/\/akunq.net\/tr\/?p=65587#primaryimage","url":"https:\/\/akunq.net\/tr\/wp-content\/uploads\/sites\/6\/2021\/11\/ABD-D\u0131\u015fi\u015fleri-Bakanl\u0131\u011f\u0131.jpg","contentUrl":"https:\/\/akunq.net\/tr\/wp-content\/uploads\/sites\/6\/2021\/11\/ABD-D\u0131\u015fi\u015fleri-Bakanl\u0131\u011f\u0131.jpg","width":670,"height":450},{"@type":"BreadcrumbList","@id":"https:\/\/akunq.net\/tr\/?p=65587#breadcrumb","itemListElement":[{"@type":"ListItem","position":1,"name":"Home","item":"https:\/\/akunq.net\/tr"},{"@type":"ListItem","position":2,"name":"ABD&#8217;den Azerbaycan&#8217;a t\u00fcm Ermeni esirleri serbest b\u0131rakma \u00e7a\u011fr\u0131s\u0131"}]},{"@type":"WebSite","@id":"https:\/\/akunq.net\/tr\/#website","url":"https:\/\/akunq.net\/tr\/","name":"Bati Ermenistan Ve Bati Ermenileri Sorunlari Ara\u015ftirmalar Merkezi","description":"","potentialAction":[{"@type":"SearchAction","target":{"@type":"EntryPoint","urlTemplate":"https:\/\/akunq.net\/tr\/?s={search_term_string}"},"query-input":{"@type":"PropertyValueSpecification","valueRequired":true,"valueName":"search_term_string"}}],"inLanguage":"en-US"},{"@type":"Person","@id":"https:\/\/akunq.net\/tr\/#\/schema\/person\/096f1d38a12cce57fb855b485ed24c9e","name":"admin","url":"https:\/\/akunq.net\/tr\/?author=7"}]}},"_links":{"self":[{"href":"https:\/\/akunq.net\/tr\/index.php?rest_route=\/wp\/v2\/posts\/65587","targetHints":{"allow":["GET"]}}],"collection":[{"href":"https:\/\/akunq.net\/tr\/index.php?rest_route=\/wp\/v2\/posts"}],"about":[{"href":"https:\/\/akunq.net\/tr\/index.php?rest_route=\/wp\/v2\/types\/post"}],"author":[{"embeddable":true,"href":"https:\/\/akunq.net\/tr\/index.php?rest_route=\/wp\/v2\/users\/7"}],"replies":[{"embeddable":true,"href":"https:\/\/akunq.net\/tr\/index.php?rest_route=%2Fwp%2Fv2%2Fcomments&post=65587"}],"version-history":[{"count":1,"href":"https:\/\/akunq.net\/tr\/index.php?rest_route=\/wp\/v2\/posts\/65587\/revisions"}],"predecessor-version":[{"id":65589,"href":"https:\/\/akunq.net\/tr\/index.php?rest_route=\/wp\/v2\/posts\/65587\/revisions\/65589"}],"wp:featuredmedia":[{"embeddable":true,"href":"https:\/\/akunq.net\/tr\/index.php?rest_route=\/wp\/v2\/media\/65588"}],"wp:attachment":[{"href":"https:\/\/akunq.net\/tr\/index.php?rest_route=%2Fwp%2Fv2%2Fmedia&parent=65587"}],"wp:term":[{"taxonomy":"category","embeddable":true,"href":"https:\/\/akunq.net\/tr\/index.php?rest_route=%2Fwp%2Fv2%2Fcategories&post=65587"},{"taxonomy":"post_tag","embeddable":true,"href":"https:\/\/akunq.net\/tr\/index.php?rest_route=%2Fwp%2Fv2%2Ftags&post=65587"}],"curies":[{"name":"wp","href":"https:\/\/api.w.org\/{rel}","templated":true}]}}