{"id":65568,"date":"2021-11-08T03:33:47","date_gmt":"2021-11-08T08:33:47","guid":{"rendered":"https:\/\/akunq.net\/tr\/?p=65568"},"modified":"2021-11-08T03:33:47","modified_gmt":"2021-11-08T08:33:47","slug":"goreme-acik-hava-muzesindeki-kilise-ve-sapeller-ziyaretcilerini-tarihi-yolculuga-cikariyor","status":"publish","type":"post","link":"https:\/\/akunq.net\/tr\/?p=65568","title":{"rendered":"G\u00f6reme A\u00e7\u0131k Hava M\u00fczesi\u2019ndeki kilise ve \u015fapeller ziyaret\u00e7ilerini tarihi yolculu\u011fa \u00e7\u0131kar\u0131yor"},"content":{"rendered":"<p><img loading=\"lazy\" decoding=\"async\" class=\"aligncenter size-medium wp-image-65569\" src=\"https:\/\/akunq.net\/tr\/wp-content\/uploads\/2021\/11\/G\u00f6reme-A\u00e7\u0131k-Hava-M\u00fczesi\u2019ndeki-kilise-360x203.jpeg\" alt=\"\" width=\"360\" height=\"203\" srcset=\"https:\/\/akunq.net\/tr\/wp-content\/uploads\/sites\/6\/2021\/11\/G\u00f6reme-A\u00e7\u0131k-Hava-M\u00fczesi\u2019ndeki-kilise-360x203.jpeg 360w, https:\/\/akunq.net\/tr\/wp-content\/uploads\/sites\/6\/2021\/11\/G\u00f6reme-A\u00e7\u0131k-Hava-M\u00fczesi\u2019ndeki-kilise-768x432.jpeg 768w, https:\/\/akunq.net\/tr\/wp-content\/uploads\/sites\/6\/2021\/11\/G\u00f6reme-A\u00e7\u0131k-Hava-M\u00fczesi\u2019ndeki-kilise-560x315.jpeg 560w, https:\/\/akunq.net\/tr\/wp-content\/uploads\/sites\/6\/2021\/11\/G\u00f6reme-A\u00e7\u0131k-Hava-M\u00fczesi\u2019ndeki-kilise-260x146.jpeg 260w, https:\/\/akunq.net\/tr\/wp-content\/uploads\/sites\/6\/2021\/11\/G\u00f6reme-A\u00e7\u0131k-Hava-M\u00fczesi\u2019ndeki-kilise-160x90.jpeg 160w, https:\/\/akunq.net\/tr\/wp-content\/uploads\/sites\/6\/2021\/11\/G\u00f6reme-A\u00e7\u0131k-Hava-M\u00fczesi\u2019ndeki-kilise.jpeg 864w\" sizes=\"auto, (max-width: 360px) 100vw, 360px\" \/><\/p>\n<p><em><strong>Kapadokya\u2019da her y\u0131l y\u00fczbinlerce ziyaret\u00e7inin gezdi\u011fi G\u00f6reme A\u00e7\u0131k Hava M\u00fczesi i\u00e7inde yer alan kayadan oyma kilise, manast\u0131r ve \u015fapeller tarihi dokusu ve as\u0131rlara meydan okuyan freskleriyle turistleri cezbediyor.<\/strong><\/em><\/p>\n<p><em><strong>Beh\u00e7et Alkan<\/strong><\/em><\/p>\n<p><strong>UNESCO D\u00fcnya K\u00fclt\u00fcr Miras\u0131 Listesi\u2019<\/strong>ndeki alanda bulunan \u00e7ok say\u0131daki dini yap\u0131dan Karanl\u0131k, El Nazar, Tokal\u0131, Elmal\u0131 kiliseleri ile Azize Barbara, Aziz Basil \u015fapelleri, ba\u015fl\u0131ca ziyaret edilenler aras\u0131nda yer al\u0131yor. \u0130lk d\u00f6nemlerde daha sade \u00e7izimlerle s\u00fcslenen kilise, \u015fapel ve manast\u0131rlarda, \u00fc\u00e7\u00fcnc\u00fc y\u00fczy\u0131lda Roma \u0130mparatoru 1. Konstantin\u2019in H\u0131ristiyanl\u0131\u011f\u0131 kabul etmesinin ard\u0131ndan duvar ve tavanlara resmedilen freskler aradan ge\u00e7en\u00a0<strong>as\u0131rlara ra\u011fmen orijinalli\u011fini koruyo<\/strong>r.<\/p>\n<figure class=\"wp-block-image\"><img decoding=\"async\" src=\"https:\/\/i1.wp.com\/www.aa.com.tr\/uploads\/userFiles\/7fc6ad83-e801-4dd2-b1c1-974abd5a6af0\/2021%2FKasim%2FAA-26038378.jpg?ssl=1\" alt=\"\" data-recalc-dims=\"1\" \/><\/figure>\n<p>K\u00fclt\u00fcr ve Turizm Bakanl\u0131\u011f\u0131na ba\u011fl\u0131 m\u00fczeler aras\u0131nda, T\u00fcrkiye\u2019nin en \u00e7ok ziyaret edilen ilk 10 turizm merkezi aras\u0131nda yer alan G\u00f6reme A\u00e7\u0131k Hava M\u00fczesi\u2019nde bulunan kilise ve \u015fapellerde yer alan orijinal fresklerdeki \u201cDo\u011fum\u201d, \u201cVaftiz\u201d, \u201cKud\u00fcs\u2019e giri\u015f\u201d, \u201cBeyt\u00fcllahim\u2019e yolculuk\u201d, \u201c\u00dc\u00e7 m\u00fcneccimin tap\u0131nmas\u0131\u201d, \u201cLazarus\u2019un diriltilmesi\u201d, \u201cSon ak\u015fam yeme\u011fi\u201d, \u201c\u0130sa \u00e7arm\u0131hta\u201d ve \u201c\u0130brahim peygamberin misafirperverli\u011fi\u201d tasvirleri, turistlerin ilgisini \u00e7ekiyor.<\/p>\n<figure class=\"wp-block-image\"><img decoding=\"async\" src=\"https:\/\/i1.wp.com\/www.aa.com.tr\/uploads\/userFiles\/7fc6ad83-e801-4dd2-b1c1-974abd5a6af0\/2021%2FKasim%2FAA-26038380.jpg?ssl=1\" alt=\"\" data-recalc-dims=\"1\" \/><\/figure>\n<p>Turist rehberi \u00d6zay Onur, AA muhabirine, Roma d\u00f6nemindeki sorunlar nedeniyle Hristiyan topluluklar\u0131n\u0131n milattan sonra 67 y\u0131l\u0131ndan itibaren Kapadokya\u2019daki sakl\u0131 vadilerde ya\u015famaya ba\u015flad\u0131klar\u0131n\u0131, yapt\u0131klar\u0131 dini mekanlar\u0131n g\u00fcn\u00fcm\u00fczde turistleri tarihi yolculu\u011fa \u00e7\u0131kard\u0131\u011f\u0131n\u0131 belirtti.<\/p>\n<p>Hristiyan halklar\u0131n miladi ilk as\u0131rda, b\u00f6lgede ya\u015fama tutunarak dinlerini \u00f6zg\u00fcrce ya\u015fayabildiklerini anlatan Onur, \u201cO d\u00f6nemde Hristiyanl\u0131k, Romal\u0131larca yasaklanm\u0131\u015f ve bask\u0131 alt\u0131nda tutuluyordu. Kapadokya, onlar i\u00e7in \u00e7ok \u00f6nemliydi. Tarihi \u0130pek ve Baharat yollar\u0131n\u0131n kesi\u015fti\u011fi bir yer. Bu b\u00f6lge, kolay ula\u015f\u0131ld\u0131\u011f\u0131 gibi kolayl\u0131kla saklanma imkanlar\u0131 da sunmu\u015f. B\u00f6lgede \u00e7ok say\u0131da sakl\u0131 vadi var.\u201d dedi.<\/p>\n<figure class=\"wp-block-image\"><img decoding=\"async\" src=\"https:\/\/i1.wp.com\/www.aa.com.tr\/uploads\/userFiles\/7fc6ad83-e801-4dd2-b1c1-974abd5a6af0\/2021%2FKasim%2FAA-26038384.jpg?ssl=1\" alt=\"\" data-recalc-dims=\"1\" \/><\/figure>\n<h3>B\u00f6lgede irili ufakl\u0131 17 \u015fapel ve kilise var<\/h3>\n<p>Ge\u00e7mi\u015fte b\u00f6lgenin, Hristiyan inanc\u0131na sahip ki\u015filer a\u00e7\u0131s\u0131ndan stratejik konumda oldu\u011funu ifade eden Onur, \u015f\u00f6yle konu\u015ftu:<\/p>\n<p>\u201cG\u00f6reme A\u00e7\u0131k Hava M\u00fczesi\u2019nde irili ufakl\u0131 17 \u015fapel ve kilise var. Bunlardan en iyi korunan\u0131 ve \u00f6nemlisi Karanl\u0131k Kilise. Bu kilise ge\u00e7 ortaya \u00e7\u0131kt\u0131 ve temizleme, restorasyon \u00e7al\u0131\u015fmalar\u0131 yap\u0131ld\u0131. Kapadokya b\u00f6lgesinde k\u00fclt\u00fcr ve tarih var. Kapadokya\u2019daki kayadan oyma kiliseler olmasa bug\u00fcnk\u00fc Hristiyan say\u0131s\u0131 yar\u0131 yar\u0131ya az olabilirdi. Buradaki kiliselerde e\u011fitim verilmi\u015f. Bir dine mensup olan ki\u015fi o dinin geli\u015fti\u011fi yeri g\u00f6rmek ister. Kapadokya\u2019ya gelenler yer alt\u0131 ve yer \u00fcst\u00fcnde k\u00fclt\u00fcrel varl\u0131klar\u0131 gezebiliyor.\u201d<\/p>\n<figure class=\"wp-block-image\"><img decoding=\"async\" src=\"https:\/\/i2.wp.com\/www.aa.com.tr\/uploads\/userFiles\/7fc6ad83-e801-4dd2-b1c1-974abd5a6af0\/2021%2FKasim%2FAA-26038388.jpg?ssl=1\" alt=\"\" data-recalc-dims=\"1\" \/><\/figure>\n<h3>Tarihi yap\u0131lar turistleri cezbediyor<\/h3>\n<p>Panamal\u0131 turist Jaima Luna da kayadan oyma tarihi kilise ve \u015fapelleri gezip, duvar resimlerini inceledi\u011fini belirterek \u201cBuras\u0131 d\u00fcnya \u00e7ap\u0131nda \u00e7ok \u00f6nemli bir b\u00f6lge. UNESCO taraf\u0131ndan koruma alt\u0131na al\u0131nan bu alanlar\u0131 herkesin gelip gezmesini tavsiye ediyorum. G\u00f6reme A\u00e7\u0131k Hava M\u00fczesi i\u00e7indeki kiliseleri gezdim. Ben bir Katolik inanc\u0131na sahibim. Buradaki tarihi fresklerde azizlerin resimlerinden \u00e7ok etkilendim.\u201d diye konu\u015ftu.<\/p>\n<figure class=\"wp-block-image\"><img decoding=\"async\" src=\"https:\/\/i1.wp.com\/www.aa.com.tr\/uploads\/userFiles\/7fc6ad83-e801-4dd2-b1c1-974abd5a6af0\/2021%2FKasim%2FAA-26038389.jpg?ssl=1\" alt=\"\" data-recalc-dims=\"1\" \/><\/figure>\n<p>Romanyal\u0131 turist Marius Dalca ise y\u00fczy\u0131llar \u00f6nce duvarlara nak\u015fedilen fresklerin bulundu\u011fu yap\u0131lar\u0131n hala ayakta olmas\u0131ndan etkilendi\u011fini kaydederek \u201cBurada \u00e7e\u015fitli y\u00fczy\u0131llarda yap\u0131lan kiliseler beni cezbetti. Daha \u00f6nce bir\u00e7ok \u00fclkedeki turizm alanlar\u0131na seyahatte bulundum ama buras\u0131 ger\u00e7ekten de \u00e7ok e\u015fsiz bir yer.\u201d ifadelerini kulland\u0131.<\/p>\n<figure class=\"wp-block-image\"><img decoding=\"async\" src=\"https:\/\/i2.wp.com\/www.aa.com.tr\/uploads\/userFiles\/7fc6ad83-e801-4dd2-b1c1-974abd5a6af0\/2021%2FKasim%2FAA-26038392.jpg?ssl=1\" alt=\"\" data-recalc-dims=\"1\" \/><\/figure>\n<p>Arkada\u015flar\u0131 ile alan\u0131 gezen Tu\u011f\u00e7e K\u00fc\u00e7\u00fckadal\u0131 da b\u00f6lgenin dokusunun ilgi \u00e7ekici oldu\u011funu, \u00e7evresindekilere Kapadokya\u2019y\u0131 mutlaka ziyaret etmelerini tavsiye edece\u011fini s\u00f6yledi.<\/p>\n<p><em><strong><a href=\"https:\/\/www.aa.com.tr\/tr\/kultur-sanat\/goreme-acik-hava-muzesindeki-kilise-ve-sapeller-ziyaretcilerini-tarihi-yolculuga-cikariyor\/2413549\">https:\/\/www.aa.com.tr\/tr\/kultur-sanat\/goreme-acik-hava-muzesindeki-kilise-ve-sapeller-ziyaretcilerini-tarihi-yolculuga-cikariyor\/2413549<\/a><\/strong><\/em><\/p>\n<div class=\"sharedaddy sd-sharing-enabled\">\n<div class=\"robots-nocontent sd-block sd-social sd-social-icon-text sd-sharing\">\n<h3 class=\"sd-title\"><\/h3>\n<\/div>\n<\/div>\n","protected":false},"excerpt":{"rendered":"<p>Kapadokya\u2019da her y\u0131l y\u00fczbinlerce ziyaret\u00e7inin gezdi\u011fi G\u00f6reme A\u00e7\u0131k Hava M\u00fczesi i\u00e7inde yer alan kayadan oyma kilise, manast\u0131r ve \u015fapeller tarihi dokusu ve as\u0131rlara meydan okuyan freskleriyle turistleri cezbediyor. Beh\u00e7et Alkan UNESCO D\u00fcnya K\u00fclt\u00fcr Miras\u0131 Listesi\u2019ndeki alanda bulunan \u00e7ok say\u0131daki dini yap\u0131dan Karanl\u0131k, El Nazar, Tokal\u0131, Elmal\u0131 kiliseleri ile Azize Barbara, Aziz Basil \u015fapelleri, ba\u015fl\u0131ca ziyaret [&hellip;]<\/p>\n","protected":false},"author":7,"featured_media":65569,"comment_status":"open","ping_status":"open","sticky":false,"template":"","format":"standard","meta":{"footnotes":""},"categories":[1],"tags":[],"class_list":["post-65568","post","type-post","status-publish","format-standard","has-post-thumbnail","hentry","category-haberler"],"yoast_head":"<!-- This site is optimized with the Yoast SEO plugin v27.4 - https:\/\/yoast.com\/product\/yoast-seo-wordpress\/ -->\n<title>G\u00f6reme A\u00e7\u0131k Hava M\u00fczesi\u2019ndeki kilise ve \u015fapeller ziyaret\u00e7ilerini tarihi yolculu\u011fa \u00e7\u0131kar\u0131yor - Bati Ermenistan Ve Bati Ermenileri Sorunlari Ara\u015ftirmalar Merkezi<\/title>\n<meta name=\"robots\" content=\"index, follow, max-snippet:-1, max-image-preview:large, max-video-preview:-1\" \/>\n<link rel=\"canonical\" href=\"https:\/\/akunq.net\/tr\/?p=65568\" \/>\n<meta property=\"og:locale\" content=\"en_US\" \/>\n<meta property=\"og:type\" content=\"article\" \/>\n<meta property=\"og:title\" content=\"G\u00f6reme A\u00e7\u0131k Hava M\u00fczesi\u2019ndeki kilise ve \u015fapeller ziyaret\u00e7ilerini tarihi yolculu\u011fa \u00e7\u0131kar\u0131yor - Bati Ermenistan Ve Bati Ermenileri Sorunlari Ara\u015ftirmalar Merkezi\" \/>\n<meta property=\"og:description\" content=\"Kapadokya\u2019da her y\u0131l y\u00fczbinlerce ziyaret\u00e7inin gezdi\u011fi G\u00f6reme A\u00e7\u0131k Hava M\u00fczesi i\u00e7inde yer alan kayadan oyma kilise, manast\u0131r ve \u015fapeller tarihi dokusu ve as\u0131rlara meydan okuyan freskleriyle turistleri cezbediyor. Beh\u00e7et Alkan UNESCO D\u00fcnya K\u00fclt\u00fcr Miras\u0131 Listesi\u2019ndeki alanda bulunan \u00e7ok say\u0131daki dini yap\u0131dan Karanl\u0131k, El Nazar, Tokal\u0131, Elmal\u0131 kiliseleri ile Azize Barbara, Aziz Basil \u015fapelleri, ba\u015fl\u0131ca ziyaret [&hellip;]\" \/>\n<meta property=\"og:url\" content=\"https:\/\/akunq.net\/tr\/?p=65568\" \/>\n<meta property=\"og:site_name\" content=\"Bati Ermenistan Ve Bati Ermenileri Sorunlari Ara\u015ftirmalar Merkezi\" \/>\n<meta property=\"article:published_time\" content=\"2021-11-08T08:33:47+00:00\" \/>\n<meta property=\"og:image\" content=\"https:\/\/akunq.net\/tr\/wp-content\/uploads\/sites\/6\/2021\/11\/G\u00f6reme-A\u00e7\u0131k-Hava-M\u00fczesi\u2019ndeki-kilise.jpeg\" \/>\n\t<meta property=\"og:image:width\" content=\"864\" \/>\n\t<meta property=\"og:image:height\" content=\"486\" \/>\n\t<meta property=\"og:image:type\" content=\"image\/jpeg\" \/>\n<meta name=\"author\" content=\"admin\" \/>\n<meta name=\"twitter:card\" content=\"summary_large_image\" \/>\n<meta name=\"twitter:label1\" content=\"Written by\" \/>\n\t<meta name=\"twitter:data1\" content=\"admin\" \/>\n\t<meta name=\"twitter:label2\" content=\"Est. reading time\" \/>\n\t<meta name=\"twitter:data2\" content=\"3 minutes\" \/>\n<script type=\"application\/ld+json\" class=\"yoast-schema-graph\">{\"@context\":\"https:\\\/\\\/schema.org\",\"@graph\":[{\"@type\":\"Article\",\"@id\":\"https:\\\/\\\/akunq.net\\\/tr\\\/?p=65568#article\",\"isPartOf\":{\"@id\":\"https:\\\/\\\/akunq.net\\\/tr\\\/?p=65568\"},\"author\":{\"name\":\"admin\",\"@id\":\"https:\\\/\\\/akunq.net\\\/tr\\\/#\\\/schema\\\/person\\\/096f1d38a12cce57fb855b485ed24c9e\"},\"headline\":\"G\u00f6reme A\u00e7\u0131k Hava M\u00fczesi\u2019ndeki kilise ve \u015fapeller ziyaret\u00e7ilerini tarihi yolculu\u011fa \u00e7\u0131kar\u0131yor\",\"datePublished\":\"2021-11-08T08:33:47+00:00\",\"mainEntityOfPage\":{\"@id\":\"https:\\\/\\\/akunq.net\\\/tr\\\/?p=65568\"},\"wordCount\":634,\"commentCount\":0,\"image\":{\"@id\":\"https:\\\/\\\/akunq.net\\\/tr\\\/?p=65568#primaryimage\"},\"thumbnailUrl\":\"https:\\\/\\\/akunq.net\\\/tr\\\/wp-content\\\/uploads\\\/sites\\\/6\\\/2021\\\/11\\\/G\u00f6reme-A\u00e7\u0131k-Hava-M\u00fczesi\u2019ndeki-kilise.jpeg\",\"articleSection\":[\"Haberler\"],\"inLanguage\":\"en-US\",\"potentialAction\":[{\"@type\":\"CommentAction\",\"name\":\"Comment\",\"target\":[\"https:\\\/\\\/akunq.net\\\/tr\\\/?p=65568#respond\"]}]},{\"@type\":\"WebPage\",\"@id\":\"https:\\\/\\\/akunq.net\\\/tr\\\/?p=65568\",\"url\":\"https:\\\/\\\/akunq.net\\\/tr\\\/?p=65568\",\"name\":\"G\u00f6reme A\u00e7\u0131k Hava M\u00fczesi\u2019ndeki kilise ve \u015fapeller ziyaret\u00e7ilerini tarihi yolculu\u011fa \u00e7\u0131kar\u0131yor - Bati Ermenistan Ve Bati Ermenileri Sorunlari Ara\u015ftirmalar Merkezi\",\"isPartOf\":{\"@id\":\"https:\\\/\\\/akunq.net\\\/tr\\\/#website\"},\"primaryImageOfPage\":{\"@id\":\"https:\\\/\\\/akunq.net\\\/tr\\\/?p=65568#primaryimage\"},\"image\":{\"@id\":\"https:\\\/\\\/akunq.net\\\/tr\\\/?p=65568#primaryimage\"},\"thumbnailUrl\":\"https:\\\/\\\/akunq.net\\\/tr\\\/wp-content\\\/uploads\\\/sites\\\/6\\\/2021\\\/11\\\/G\u00f6reme-A\u00e7\u0131k-Hava-M\u00fczesi\u2019ndeki-kilise.jpeg\",\"datePublished\":\"2021-11-08T08:33:47+00:00\",\"author\":{\"@id\":\"https:\\\/\\\/akunq.net\\\/tr\\\/#\\\/schema\\\/person\\\/096f1d38a12cce57fb855b485ed24c9e\"},\"breadcrumb\":{\"@id\":\"https:\\\/\\\/akunq.net\\\/tr\\\/?p=65568#breadcrumb\"},\"inLanguage\":\"en-US\",\"potentialAction\":[{\"@type\":\"ReadAction\",\"target\":[\"https:\\\/\\\/akunq.net\\\/tr\\\/?p=65568\"]}]},{\"@type\":\"ImageObject\",\"inLanguage\":\"en-US\",\"@id\":\"https:\\\/\\\/akunq.net\\\/tr\\\/?p=65568#primaryimage\",\"url\":\"https:\\\/\\\/akunq.net\\\/tr\\\/wp-content\\\/uploads\\\/sites\\\/6\\\/2021\\\/11\\\/G\u00f6reme-A\u00e7\u0131k-Hava-M\u00fczesi\u2019ndeki-kilise.jpeg\",\"contentUrl\":\"https:\\\/\\\/akunq.net\\\/tr\\\/wp-content\\\/uploads\\\/sites\\\/6\\\/2021\\\/11\\\/G\u00f6reme-A\u00e7\u0131k-Hava-M\u00fczesi\u2019ndeki-kilise.jpeg\",\"width\":864,\"height\":486},{\"@type\":\"BreadcrumbList\",\"@id\":\"https:\\\/\\\/akunq.net\\\/tr\\\/?p=65568#breadcrumb\",\"itemListElement\":[{\"@type\":\"ListItem\",\"position\":1,\"name\":\"Home\",\"item\":\"https:\\\/\\\/akunq.net\\\/tr\"},{\"@type\":\"ListItem\",\"position\":2,\"name\":\"G\u00f6reme A\u00e7\u0131k Hava M\u00fczesi\u2019ndeki kilise ve \u015fapeller ziyaret\u00e7ilerini tarihi yolculu\u011fa \u00e7\u0131kar\u0131yor\"}]},{\"@type\":\"WebSite\",\"@id\":\"https:\\\/\\\/akunq.net\\\/tr\\\/#website\",\"url\":\"https:\\\/\\\/akunq.net\\\/tr\\\/\",\"name\":\"Bati Ermenistan Ve Bati Ermenileri Sorunlari Ara\u015ftirmalar Merkezi\",\"description\":\"\",\"potentialAction\":[{\"@type\":\"SearchAction\",\"target\":{\"@type\":\"EntryPoint\",\"urlTemplate\":\"https:\\\/\\\/akunq.net\\\/tr\\\/?s={search_term_string}\"},\"query-input\":{\"@type\":\"PropertyValueSpecification\",\"valueRequired\":true,\"valueName\":\"search_term_string\"}}],\"inLanguage\":\"en-US\"},{\"@type\":\"Person\",\"@id\":\"https:\\\/\\\/akunq.net\\\/tr\\\/#\\\/schema\\\/person\\\/096f1d38a12cce57fb855b485ed24c9e\",\"name\":\"admin\",\"url\":\"https:\\\/\\\/akunq.net\\\/tr\\\/?author=7\"}]}<\/script>\n<!-- \/ Yoast SEO plugin. -->","yoast_head_json":{"title":"G\u00f6reme A\u00e7\u0131k Hava M\u00fczesi\u2019ndeki kilise ve \u015fapeller ziyaret\u00e7ilerini tarihi yolculu\u011fa \u00e7\u0131kar\u0131yor - Bati Ermenistan Ve Bati Ermenileri Sorunlari Ara\u015ftirmalar Merkezi","robots":{"index":"index","follow":"follow","max-snippet":"max-snippet:-1","max-image-preview":"max-image-preview:large","max-video-preview":"max-video-preview:-1"},"canonical":"https:\/\/akunq.net\/tr\/?p=65568","og_locale":"en_US","og_type":"article","og_title":"G\u00f6reme A\u00e7\u0131k Hava M\u00fczesi\u2019ndeki kilise ve \u015fapeller ziyaret\u00e7ilerini tarihi yolculu\u011fa \u00e7\u0131kar\u0131yor - Bati Ermenistan Ve Bati Ermenileri Sorunlari Ara\u015ftirmalar Merkezi","og_description":"Kapadokya\u2019da her y\u0131l y\u00fczbinlerce ziyaret\u00e7inin gezdi\u011fi G\u00f6reme A\u00e7\u0131k Hava M\u00fczesi i\u00e7inde yer alan kayadan oyma kilise, manast\u0131r ve \u015fapeller tarihi dokusu ve as\u0131rlara meydan okuyan freskleriyle turistleri cezbediyor. Beh\u00e7et Alkan UNESCO D\u00fcnya K\u00fclt\u00fcr Miras\u0131 Listesi\u2019ndeki alanda bulunan \u00e7ok say\u0131daki dini yap\u0131dan Karanl\u0131k, El Nazar, Tokal\u0131, Elmal\u0131 kiliseleri ile Azize Barbara, Aziz Basil \u015fapelleri, ba\u015fl\u0131ca ziyaret [&hellip;]","og_url":"https:\/\/akunq.net\/tr\/?p=65568","og_site_name":"Bati Ermenistan Ve Bati Ermenileri Sorunlari Ara\u015ftirmalar Merkezi","article_published_time":"2021-11-08T08:33:47+00:00","og_image":[{"width":864,"height":486,"url":"https:\/\/akunq.net\/tr\/wp-content\/uploads\/sites\/6\/2021\/11\/G\u00f6reme-A\u00e7\u0131k-Hava-M\u00fczesi\u2019ndeki-kilise.jpeg","type":"image\/jpeg"}],"author":"admin","twitter_card":"summary_large_image","twitter_misc":{"Written by":"admin","Est. reading time":"3 minutes"},"schema":{"@context":"https:\/\/schema.org","@graph":[{"@type":"Article","@id":"https:\/\/akunq.net\/tr\/?p=65568#article","isPartOf":{"@id":"https:\/\/akunq.net\/tr\/?p=65568"},"author":{"name":"admin","@id":"https:\/\/akunq.net\/tr\/#\/schema\/person\/096f1d38a12cce57fb855b485ed24c9e"},"headline":"G\u00f6reme A\u00e7\u0131k Hava M\u00fczesi\u2019ndeki kilise ve \u015fapeller ziyaret\u00e7ilerini tarihi yolculu\u011fa \u00e7\u0131kar\u0131yor","datePublished":"2021-11-08T08:33:47+00:00","mainEntityOfPage":{"@id":"https:\/\/akunq.net\/tr\/?p=65568"},"wordCount":634,"commentCount":0,"image":{"@id":"https:\/\/akunq.net\/tr\/?p=65568#primaryimage"},"thumbnailUrl":"https:\/\/akunq.net\/tr\/wp-content\/uploads\/sites\/6\/2021\/11\/G\u00f6reme-A\u00e7\u0131k-Hava-M\u00fczesi\u2019ndeki-kilise.jpeg","articleSection":["Haberler"],"inLanguage":"en-US","potentialAction":[{"@type":"CommentAction","name":"Comment","target":["https:\/\/akunq.net\/tr\/?p=65568#respond"]}]},{"@type":"WebPage","@id":"https:\/\/akunq.net\/tr\/?p=65568","url":"https:\/\/akunq.net\/tr\/?p=65568","name":"G\u00f6reme A\u00e7\u0131k Hava M\u00fczesi\u2019ndeki kilise ve \u015fapeller ziyaret\u00e7ilerini tarihi yolculu\u011fa \u00e7\u0131kar\u0131yor - Bati Ermenistan Ve Bati Ermenileri Sorunlari Ara\u015ftirmalar Merkezi","isPartOf":{"@id":"https:\/\/akunq.net\/tr\/#website"},"primaryImageOfPage":{"@id":"https:\/\/akunq.net\/tr\/?p=65568#primaryimage"},"image":{"@id":"https:\/\/akunq.net\/tr\/?p=65568#primaryimage"},"thumbnailUrl":"https:\/\/akunq.net\/tr\/wp-content\/uploads\/sites\/6\/2021\/11\/G\u00f6reme-A\u00e7\u0131k-Hava-M\u00fczesi\u2019ndeki-kilise.jpeg","datePublished":"2021-11-08T08:33:47+00:00","author":{"@id":"https:\/\/akunq.net\/tr\/#\/schema\/person\/096f1d38a12cce57fb855b485ed24c9e"},"breadcrumb":{"@id":"https:\/\/akunq.net\/tr\/?p=65568#breadcrumb"},"inLanguage":"en-US","potentialAction":[{"@type":"ReadAction","target":["https:\/\/akunq.net\/tr\/?p=65568"]}]},{"@type":"ImageObject","inLanguage":"en-US","@id":"https:\/\/akunq.net\/tr\/?p=65568#primaryimage","url":"https:\/\/akunq.net\/tr\/wp-content\/uploads\/sites\/6\/2021\/11\/G\u00f6reme-A\u00e7\u0131k-Hava-M\u00fczesi\u2019ndeki-kilise.jpeg","contentUrl":"https:\/\/akunq.net\/tr\/wp-content\/uploads\/sites\/6\/2021\/11\/G\u00f6reme-A\u00e7\u0131k-Hava-M\u00fczesi\u2019ndeki-kilise.jpeg","width":864,"height":486},{"@type":"BreadcrumbList","@id":"https:\/\/akunq.net\/tr\/?p=65568#breadcrumb","itemListElement":[{"@type":"ListItem","position":1,"name":"Home","item":"https:\/\/akunq.net\/tr"},{"@type":"ListItem","position":2,"name":"G\u00f6reme A\u00e7\u0131k Hava M\u00fczesi\u2019ndeki kilise ve \u015fapeller ziyaret\u00e7ilerini tarihi yolculu\u011fa \u00e7\u0131kar\u0131yor"}]},{"@type":"WebSite","@id":"https:\/\/akunq.net\/tr\/#website","url":"https:\/\/akunq.net\/tr\/","name":"Bati Ermenistan Ve Bati Ermenileri Sorunlari Ara\u015ftirmalar Merkezi","description":"","potentialAction":[{"@type":"SearchAction","target":{"@type":"EntryPoint","urlTemplate":"https:\/\/akunq.net\/tr\/?s={search_term_string}"},"query-input":{"@type":"PropertyValueSpecification","valueRequired":true,"valueName":"search_term_string"}}],"inLanguage":"en-US"},{"@type":"Person","@id":"https:\/\/akunq.net\/tr\/#\/schema\/person\/096f1d38a12cce57fb855b485ed24c9e","name":"admin","url":"https:\/\/akunq.net\/tr\/?author=7"}]}},"_links":{"self":[{"href":"https:\/\/akunq.net\/tr\/index.php?rest_route=\/wp\/v2\/posts\/65568","targetHints":{"allow":["GET"]}}],"collection":[{"href":"https:\/\/akunq.net\/tr\/index.php?rest_route=\/wp\/v2\/posts"}],"about":[{"href":"https:\/\/akunq.net\/tr\/index.php?rest_route=\/wp\/v2\/types\/post"}],"author":[{"embeddable":true,"href":"https:\/\/akunq.net\/tr\/index.php?rest_route=\/wp\/v2\/users\/7"}],"replies":[{"embeddable":true,"href":"https:\/\/akunq.net\/tr\/index.php?rest_route=%2Fwp%2Fv2%2Fcomments&post=65568"}],"version-history":[{"count":1,"href":"https:\/\/akunq.net\/tr\/index.php?rest_route=\/wp\/v2\/posts\/65568\/revisions"}],"predecessor-version":[{"id":65570,"href":"https:\/\/akunq.net\/tr\/index.php?rest_route=\/wp\/v2\/posts\/65568\/revisions\/65570"}],"wp:featuredmedia":[{"embeddable":true,"href":"https:\/\/akunq.net\/tr\/index.php?rest_route=\/wp\/v2\/media\/65569"}],"wp:attachment":[{"href":"https:\/\/akunq.net\/tr\/index.php?rest_route=%2Fwp%2Fv2%2Fmedia&parent=65568"}],"wp:term":[{"taxonomy":"category","embeddable":true,"href":"https:\/\/akunq.net\/tr\/index.php?rest_route=%2Fwp%2Fv2%2Fcategories&post=65568"},{"taxonomy":"post_tag","embeddable":true,"href":"https:\/\/akunq.net\/tr\/index.php?rest_route=%2Fwp%2Fv2%2Ftags&post=65568"}],"curies":[{"name":"wp","href":"https:\/\/api.w.org\/{rel}","templated":true}]}}