{"id":65498,"date":"2021-11-04T02:01:45","date_gmt":"2021-11-04T07:01:45","guid":{"rendered":"https:\/\/akunq.net\/tr\/?p=65498"},"modified":"2021-11-04T02:01:45","modified_gmt":"2021-11-04T07:01:45","slug":"hdpnin-anadil-temelli-egitim-onergesi-isleme-alinmadi","status":"publish","type":"post","link":"https:\/\/akunq.net\/tr\/?p=65498","title":{"rendered":"HDP\u2019nin \u2018anadil temelli e\u011fitim\u2019 \u00f6nergesi i\u015fleme al\u0131nmad\u0131"},"content":{"rendered":"<p><img loading=\"lazy\" decoding=\"async\" class=\"aligncenter size-medium wp-image-65499\" src=\"https:\/\/akunq.net\/tr\/wp-content\/uploads\/2021\/11\/Paylan-Garo--344x270.jpg\" alt=\"\" width=\"344\" height=\"270\" srcset=\"https:\/\/akunq.net\/tr\/wp-content\/uploads\/sites\/6\/2021\/11\/Paylan-Garo--344x270.jpg 344w, https:\/\/akunq.net\/tr\/wp-content\/uploads\/sites\/6\/2021\/11\/Paylan-Garo--260x204.jpg 260w, https:\/\/akunq.net\/tr\/wp-content\/uploads\/sites\/6\/2021\/11\/Paylan-Garo--160x126.jpg 160w, https:\/\/akunq.net\/tr\/wp-content\/uploads\/sites\/6\/2021\/11\/Paylan-Garo-.jpg 548w\" sizes=\"auto, (max-width: 344px) 100vw, 344px\" \/><\/p>\n<p><em><strong>HDP\u2019nin Plan ve B\u00fct\u00e7e Komisyonu\u2019na sundu\u011fu \u2018anadil temelli \u00e7ok dilli e\u011fitim \u00f6nergesi\u2019 Anayasa\u2019ya ayk\u0131r\u0131l\u0131k gerek\u00e7esiyle kabul edilmedi, \u2018az\u0131nl\u0131k okullar\u0131 i\u00e7in b\u00fct\u00e7e art\u0131r\u0131m\u0131\u2019 \u00f6nergesi ise reddedildi.<\/strong><\/em><\/p>\n<p><strong>ANKARA \u2013<\/strong>\u00a0Meclis Plan ve B\u00fct\u00e7e Komisyonu\u2019nda d\u00fcn Milli E\u011fitim Bakanl\u0131\u011f\u0131 (MEB) ve Y\u00fcksek\u00f6\u011fretim Kurumu (Y\u00d6K) b\u00fct\u00e7eleri g\u00f6r\u00fc\u015f\u00fcld\u00fc.<\/p>\n<p>G\u00f6r\u00fc\u015fmelerde HDP, \u201cAnadil temelli \u00e7ok dilli e\u011fitim ko\u015fullar\u0131n\u0131n sa\u011flanmas\u0131 ad\u0131na haz\u0131rl\u0131k \u00e7al\u0131\u015fmas\u0131 yap\u0131lmas\u0131 amac\u0131yla Mill\u00ee E\u011fitim Bakanl\u0131\u011f\u0131 2022 y\u0131l\u0131 b\u00fct\u00e7esinin 10 milyon TL art\u0131r\u0131lmas\u0131\u201d i\u00e7in \u00f6nerge verdi.<\/p>\n<p><strong>\u2018TEK\u00c7\u0130L\u0130\u011eE H\u0130ZMET EDEN B\u0130R B\u00dcT\u00c7EYLE KAR\u015eI KAR\u015eIYAYIZ\u2019<\/strong><\/p>\n<p>HDP taraf\u0131ndan verilen \u201canadilde e\u011fitim\u201d talepli \u00f6nerge \u201cAnayasa\u2019n\u0131n 3\u2019\u00fcnc\u00fc ve 42\u2019inci maddesine ayk\u0131r\u0131 oldu\u011fu\u201d gerek\u00e7esiyle i\u015fleme al\u0131nmad\u0131.<br \/>\n\u00d6nerge \u00fczerine konu\u015fan HDP E\u015f Genel Ba\u015fkan Yard\u0131mc\u0131s\u0131 Garo Paylan, \u201cAK Partili vekil \u2018Bu \u00fclkede ayr\u0131mc\u0131l\u0131k yok\u2019 dedi ama ayr\u0131mc\u0131l\u0131\u011f\u0131n oldu\u011funu siz tescil etmi\u015f oldunuz. Bu \u00fclkede T\u00fcrk de K\u00fcrt de Ermeni de S\u00fcryani de hepimiz vergi veriyoruz ve bu \u00fclkenin t\u00fcm yurtta\u015flar\u0131na da bu b\u00fct\u00e7e hizmet etsin istiyoruz. Nas\u0131l ki T\u00fcrk\u00e7e dilinde e\u011fitim veriliyorsa, nas\u0131l ki \u0130ngilizce e\u011fitim veriliyorsa, Almanca e\u011fitim veriliyorsa, Frans\u0131zca e\u011fitim veriliyorsa bu \u00fclkede K\u00fcrt\u00e7e temelli e\u011fitim de verilebilir, Ermenice de e\u011fitim verilebilir, Lazca da \u00c7erkesce de e\u011fitim verilebilir. Bu \u00f6nergemiz Anayasa\u2019ya ayk\u0131r\u0131 de\u011fildir. Tek dile hizmet eden, tek\u00e7ili\u011fe hizmet eden bir b\u00fct\u00e7eyle kar\u015f\u0131 kar\u015f\u0131yay\u0131z\u201d diye konu\u015ftu.<\/p>\n<p><strong>AZINLIK OKULUNA B\u00dcT\u00c7E AKTARIMI \u00d6NERGES\u0130 DE REDDED\u0130LD\u0130<\/strong><\/p>\n<p>HDP E\u015f Genel Ba\u015fkan Yard\u0131mc\u0131s\u0131 Garo Paylan, verdi\u011fi bir di\u011fer \u00f6nergeyle az\u0131nl\u0131k okullar\u0131na destek i\u00e7in b\u00fct\u00e7enin 40 milyon TL art\u0131r\u0131lmas\u0131n\u0131 talep etti. Paylan, \u201cAz\u0131nl\u0131k okullar\u0131 da bu \u00fclkenin okullar\u0131; Ermeniler, Rumlar, Museviler az\u0131nl\u0131k okullar\u0131n\u0131 ayakta tutmaya \u00e7al\u0131\u015f\u0131yorlar ve \u00f6\u011fretmenlerin maa\u015flar\u0131n\u0131 vermeye \u00e7al\u0131\u015f\u0131yorlar, \u00f6\u011frencilerin ihtiya\u00e7lar\u0131n\u0131 kar\u015f\u0131lamaya \u00e7al\u0131\u015f\u0131yorlar ama bununla ilgili yeterli kaynaklar\u0131 yok\u201d dedi.<\/p>\n<p>Paylan\u2019\u0131n az\u0131nl\u0131k okullar\u0131n\u0131n b\u00fct\u00e7e art\u0131r\u0131m\u0131 i\u00e7in sundu\u011fu \u00f6nerge Plan ve B\u00fct\u00e7e Komisyonu\u2019nun AK Partili ve MHP\u2019li \u00fcyelerinin oylar\u0131yla reddedildi. (DUVAR)<\/p>\n<p><em><strong><a href=\"https:\/\/www.gazeteduvar.com.tr\/hdpnin-anadil-temelli-egitim-onergesi-isleme-alinmadi-haber-1540571\">https:\/\/www.gazeteduvar.com.tr\/hdpnin-anadil-temelli-egitim-onergesi-isleme-alinmadi-haber-1540571<\/a>\u00a0<\/strong><\/em><\/p>\n","protected":false},"excerpt":{"rendered":"<p>HDP\u2019nin Plan ve B\u00fct\u00e7e Komisyonu\u2019na sundu\u011fu \u2018anadil temelli \u00e7ok dilli e\u011fitim \u00f6nergesi\u2019 Anayasa\u2019ya ayk\u0131r\u0131l\u0131k gerek\u00e7esiyle kabul edilmedi, \u2018az\u0131nl\u0131k okullar\u0131 i\u00e7in b\u00fct\u00e7e art\u0131r\u0131m\u0131\u2019 \u00f6nergesi ise reddedildi. ANKARA \u2013\u00a0Meclis Plan ve B\u00fct\u00e7e Komisyonu\u2019nda d\u00fcn Milli E\u011fitim Bakanl\u0131\u011f\u0131 (MEB) ve Y\u00fcksek\u00f6\u011fretim Kurumu (Y\u00d6K) b\u00fct\u00e7eleri g\u00f6r\u00fc\u015f\u00fcld\u00fc. G\u00f6r\u00fc\u015fmelerde HDP, \u201cAnadil temelli \u00e7ok dilli e\u011fitim ko\u015fullar\u0131n\u0131n sa\u011flanmas\u0131 ad\u0131na haz\u0131rl\u0131k \u00e7al\u0131\u015fmas\u0131 yap\u0131lmas\u0131 [&hellip;]<\/p>\n","protected":false},"author":7,"featured_media":65499,"comment_status":"open","ping_status":"open","sticky":false,"template":"","format":"standard","meta":{"footnotes":""},"categories":[1,53],"tags":[],"class_list":["post-65498","post","type-post","status-publish","format-standard","has-post-thumbnail","hentry","category-haberler","category-turkiyede-azinliklar"],"yoast_head":"<!-- This site is optimized with the Yoast SEO plugin v27.4 - https:\/\/yoast.com\/product\/yoast-seo-wordpress\/ -->\n<title>HDP\u2019nin \u2018anadil temelli e\u011fitim\u2019 \u00f6nergesi i\u015fleme al\u0131nmad\u0131 - Bati Ermenistan Ve Bati Ermenileri Sorunlari Ara\u015ftirmalar Merkezi<\/title>\n<meta name=\"robots\" content=\"index, follow, max-snippet:-1, max-image-preview:large, max-video-preview:-1\" \/>\n<link rel=\"canonical\" href=\"https:\/\/akunq.net\/tr\/?p=65498\" \/>\n<meta property=\"og:locale\" content=\"en_US\" \/>\n<meta property=\"og:type\" content=\"article\" \/>\n<meta property=\"og:title\" content=\"HDP\u2019nin \u2018anadil temelli e\u011fitim\u2019 \u00f6nergesi i\u015fleme al\u0131nmad\u0131 - Bati Ermenistan Ve Bati Ermenileri Sorunlari Ara\u015ftirmalar Merkezi\" \/>\n<meta property=\"og:description\" content=\"HDP\u2019nin Plan ve B\u00fct\u00e7e Komisyonu\u2019na sundu\u011fu \u2018anadil temelli \u00e7ok dilli e\u011fitim \u00f6nergesi\u2019 Anayasa\u2019ya ayk\u0131r\u0131l\u0131k gerek\u00e7esiyle kabul edilmedi, \u2018az\u0131nl\u0131k okullar\u0131 i\u00e7in b\u00fct\u00e7e art\u0131r\u0131m\u0131\u2019 \u00f6nergesi ise reddedildi. ANKARA \u2013\u00a0Meclis Plan ve B\u00fct\u00e7e Komisyonu\u2019nda d\u00fcn Milli E\u011fitim Bakanl\u0131\u011f\u0131 (MEB) ve Y\u00fcksek\u00f6\u011fretim Kurumu (Y\u00d6K) b\u00fct\u00e7eleri g\u00f6r\u00fc\u015f\u00fcld\u00fc. G\u00f6r\u00fc\u015fmelerde HDP, \u201cAnadil temelli \u00e7ok dilli e\u011fitim ko\u015fullar\u0131n\u0131n sa\u011flanmas\u0131 ad\u0131na haz\u0131rl\u0131k \u00e7al\u0131\u015fmas\u0131 yap\u0131lmas\u0131 [&hellip;]\" \/>\n<meta property=\"og:url\" content=\"https:\/\/akunq.net\/tr\/?p=65498\" \/>\n<meta property=\"og:site_name\" content=\"Bati Ermenistan Ve Bati Ermenileri Sorunlari Ara\u015ftirmalar Merkezi\" \/>\n<meta property=\"article:published_time\" content=\"2021-11-04T07:01:45+00:00\" \/>\n<meta property=\"og:image\" content=\"https:\/\/akunq.net\/tr\/wp-content\/uploads\/sites\/6\/2021\/11\/Paylan-Garo-.jpg\" \/>\n\t<meta property=\"og:image:width\" content=\"548\" \/>\n\t<meta property=\"og:image:height\" content=\"430\" \/>\n\t<meta property=\"og:image:type\" content=\"image\/jpeg\" \/>\n<meta name=\"author\" content=\"admin\" \/>\n<meta name=\"twitter:card\" content=\"summary_large_image\" \/>\n<meta name=\"twitter:label1\" content=\"Written by\" \/>\n\t<meta name=\"twitter:data1\" content=\"admin\" \/>\n\t<meta name=\"twitter:label2\" content=\"Est. reading time\" \/>\n\t<meta name=\"twitter:data2\" content=\"2 minutes\" \/>\n<script type=\"application\/ld+json\" class=\"yoast-schema-graph\">{\"@context\":\"https:\\\/\\\/schema.org\",\"@graph\":[{\"@type\":\"Article\",\"@id\":\"https:\\\/\\\/akunq.net\\\/tr\\\/?p=65498#article\",\"isPartOf\":{\"@id\":\"https:\\\/\\\/akunq.net\\\/tr\\\/?p=65498\"},\"author\":{\"name\":\"admin\",\"@id\":\"https:\\\/\\\/akunq.net\\\/tr\\\/#\\\/schema\\\/person\\\/096f1d38a12cce57fb855b485ed24c9e\"},\"headline\":\"HDP\u2019nin \u2018anadil temelli e\u011fitim\u2019 \u00f6nergesi i\u015fleme al\u0131nmad\u0131\",\"datePublished\":\"2021-11-04T07:01:45+00:00\",\"mainEntityOfPage\":{\"@id\":\"https:\\\/\\\/akunq.net\\\/tr\\\/?p=65498\"},\"wordCount\":444,\"commentCount\":0,\"image\":{\"@id\":\"https:\\\/\\\/akunq.net\\\/tr\\\/?p=65498#primaryimage\"},\"thumbnailUrl\":\"https:\\\/\\\/akunq.net\\\/tr\\\/wp-content\\\/uploads\\\/sites\\\/6\\\/2021\\\/11\\\/Paylan-Garo-.jpg\",\"articleSection\":[\"Haberler\",\"T\u00fcrkiye\u2019de Az\u0131nl\u0131klar\"],\"inLanguage\":\"en-US\",\"potentialAction\":[{\"@type\":\"CommentAction\",\"name\":\"Comment\",\"target\":[\"https:\\\/\\\/akunq.net\\\/tr\\\/?p=65498#respond\"]}]},{\"@type\":\"WebPage\",\"@id\":\"https:\\\/\\\/akunq.net\\\/tr\\\/?p=65498\",\"url\":\"https:\\\/\\\/akunq.net\\\/tr\\\/?p=65498\",\"name\":\"HDP\u2019nin \u2018anadil temelli e\u011fitim\u2019 \u00f6nergesi i\u015fleme al\u0131nmad\u0131 - Bati Ermenistan Ve Bati Ermenileri Sorunlari Ara\u015ftirmalar Merkezi\",\"isPartOf\":{\"@id\":\"https:\\\/\\\/akunq.net\\\/tr\\\/#website\"},\"primaryImageOfPage\":{\"@id\":\"https:\\\/\\\/akunq.net\\\/tr\\\/?p=65498#primaryimage\"},\"image\":{\"@id\":\"https:\\\/\\\/akunq.net\\\/tr\\\/?p=65498#primaryimage\"},\"thumbnailUrl\":\"https:\\\/\\\/akunq.net\\\/tr\\\/wp-content\\\/uploads\\\/sites\\\/6\\\/2021\\\/11\\\/Paylan-Garo-.jpg\",\"datePublished\":\"2021-11-04T07:01:45+00:00\",\"author\":{\"@id\":\"https:\\\/\\\/akunq.net\\\/tr\\\/#\\\/schema\\\/person\\\/096f1d38a12cce57fb855b485ed24c9e\"},\"breadcrumb\":{\"@id\":\"https:\\\/\\\/akunq.net\\\/tr\\\/?p=65498#breadcrumb\"},\"inLanguage\":\"en-US\",\"potentialAction\":[{\"@type\":\"ReadAction\",\"target\":[\"https:\\\/\\\/akunq.net\\\/tr\\\/?p=65498\"]}]},{\"@type\":\"ImageObject\",\"inLanguage\":\"en-US\",\"@id\":\"https:\\\/\\\/akunq.net\\\/tr\\\/?p=65498#primaryimage\",\"url\":\"https:\\\/\\\/akunq.net\\\/tr\\\/wp-content\\\/uploads\\\/sites\\\/6\\\/2021\\\/11\\\/Paylan-Garo-.jpg\",\"contentUrl\":\"https:\\\/\\\/akunq.net\\\/tr\\\/wp-content\\\/uploads\\\/sites\\\/6\\\/2021\\\/11\\\/Paylan-Garo-.jpg\",\"width\":548,\"height\":430},{\"@type\":\"BreadcrumbList\",\"@id\":\"https:\\\/\\\/akunq.net\\\/tr\\\/?p=65498#breadcrumb\",\"itemListElement\":[{\"@type\":\"ListItem\",\"position\":1,\"name\":\"Home\",\"item\":\"https:\\\/\\\/akunq.net\\\/tr\"},{\"@type\":\"ListItem\",\"position\":2,\"name\":\"HDP\u2019nin \u2018anadil temelli e\u011fitim\u2019 \u00f6nergesi i\u015fleme al\u0131nmad\u0131\"}]},{\"@type\":\"WebSite\",\"@id\":\"https:\\\/\\\/akunq.net\\\/tr\\\/#website\",\"url\":\"https:\\\/\\\/akunq.net\\\/tr\\\/\",\"name\":\"Bati Ermenistan Ve Bati Ermenileri Sorunlari Ara\u015ftirmalar Merkezi\",\"description\":\"\",\"potentialAction\":[{\"@type\":\"SearchAction\",\"target\":{\"@type\":\"EntryPoint\",\"urlTemplate\":\"https:\\\/\\\/akunq.net\\\/tr\\\/?s={search_term_string}\"},\"query-input\":{\"@type\":\"PropertyValueSpecification\",\"valueRequired\":true,\"valueName\":\"search_term_string\"}}],\"inLanguage\":\"en-US\"},{\"@type\":\"Person\",\"@id\":\"https:\\\/\\\/akunq.net\\\/tr\\\/#\\\/schema\\\/person\\\/096f1d38a12cce57fb855b485ed24c9e\",\"name\":\"admin\",\"url\":\"https:\\\/\\\/akunq.net\\\/tr\\\/?author=7\"}]}<\/script>\n<!-- \/ Yoast SEO plugin. -->","yoast_head_json":{"title":"HDP\u2019nin \u2018anadil temelli e\u011fitim\u2019 \u00f6nergesi i\u015fleme al\u0131nmad\u0131 - Bati Ermenistan Ve Bati Ermenileri Sorunlari Ara\u015ftirmalar Merkezi","robots":{"index":"index","follow":"follow","max-snippet":"max-snippet:-1","max-image-preview":"max-image-preview:large","max-video-preview":"max-video-preview:-1"},"canonical":"https:\/\/akunq.net\/tr\/?p=65498","og_locale":"en_US","og_type":"article","og_title":"HDP\u2019nin \u2018anadil temelli e\u011fitim\u2019 \u00f6nergesi i\u015fleme al\u0131nmad\u0131 - Bati Ermenistan Ve Bati Ermenileri Sorunlari Ara\u015ftirmalar Merkezi","og_description":"HDP\u2019nin Plan ve B\u00fct\u00e7e Komisyonu\u2019na sundu\u011fu \u2018anadil temelli \u00e7ok dilli e\u011fitim \u00f6nergesi\u2019 Anayasa\u2019ya ayk\u0131r\u0131l\u0131k gerek\u00e7esiyle kabul edilmedi, \u2018az\u0131nl\u0131k okullar\u0131 i\u00e7in b\u00fct\u00e7e art\u0131r\u0131m\u0131\u2019 \u00f6nergesi ise reddedildi. ANKARA \u2013\u00a0Meclis Plan ve B\u00fct\u00e7e Komisyonu\u2019nda d\u00fcn Milli E\u011fitim Bakanl\u0131\u011f\u0131 (MEB) ve Y\u00fcksek\u00f6\u011fretim Kurumu (Y\u00d6K) b\u00fct\u00e7eleri g\u00f6r\u00fc\u015f\u00fcld\u00fc. G\u00f6r\u00fc\u015fmelerde HDP, \u201cAnadil temelli \u00e7ok dilli e\u011fitim ko\u015fullar\u0131n\u0131n sa\u011flanmas\u0131 ad\u0131na haz\u0131rl\u0131k \u00e7al\u0131\u015fmas\u0131 yap\u0131lmas\u0131 [&hellip;]","og_url":"https:\/\/akunq.net\/tr\/?p=65498","og_site_name":"Bati Ermenistan Ve Bati Ermenileri Sorunlari Ara\u015ftirmalar Merkezi","article_published_time":"2021-11-04T07:01:45+00:00","og_image":[{"width":548,"height":430,"url":"https:\/\/akunq.net\/tr\/wp-content\/uploads\/sites\/6\/2021\/11\/Paylan-Garo-.jpg","type":"image\/jpeg"}],"author":"admin","twitter_card":"summary_large_image","twitter_misc":{"Written by":"admin","Est. reading time":"2 minutes"},"schema":{"@context":"https:\/\/schema.org","@graph":[{"@type":"Article","@id":"https:\/\/akunq.net\/tr\/?p=65498#article","isPartOf":{"@id":"https:\/\/akunq.net\/tr\/?p=65498"},"author":{"name":"admin","@id":"https:\/\/akunq.net\/tr\/#\/schema\/person\/096f1d38a12cce57fb855b485ed24c9e"},"headline":"HDP\u2019nin \u2018anadil temelli e\u011fitim\u2019 \u00f6nergesi i\u015fleme al\u0131nmad\u0131","datePublished":"2021-11-04T07:01:45+00:00","mainEntityOfPage":{"@id":"https:\/\/akunq.net\/tr\/?p=65498"},"wordCount":444,"commentCount":0,"image":{"@id":"https:\/\/akunq.net\/tr\/?p=65498#primaryimage"},"thumbnailUrl":"https:\/\/akunq.net\/tr\/wp-content\/uploads\/sites\/6\/2021\/11\/Paylan-Garo-.jpg","articleSection":["Haberler","T\u00fcrkiye\u2019de Az\u0131nl\u0131klar"],"inLanguage":"en-US","potentialAction":[{"@type":"CommentAction","name":"Comment","target":["https:\/\/akunq.net\/tr\/?p=65498#respond"]}]},{"@type":"WebPage","@id":"https:\/\/akunq.net\/tr\/?p=65498","url":"https:\/\/akunq.net\/tr\/?p=65498","name":"HDP\u2019nin \u2018anadil temelli e\u011fitim\u2019 \u00f6nergesi i\u015fleme al\u0131nmad\u0131 - Bati Ermenistan Ve Bati Ermenileri Sorunlari Ara\u015ftirmalar Merkezi","isPartOf":{"@id":"https:\/\/akunq.net\/tr\/#website"},"primaryImageOfPage":{"@id":"https:\/\/akunq.net\/tr\/?p=65498#primaryimage"},"image":{"@id":"https:\/\/akunq.net\/tr\/?p=65498#primaryimage"},"thumbnailUrl":"https:\/\/akunq.net\/tr\/wp-content\/uploads\/sites\/6\/2021\/11\/Paylan-Garo-.jpg","datePublished":"2021-11-04T07:01:45+00:00","author":{"@id":"https:\/\/akunq.net\/tr\/#\/schema\/person\/096f1d38a12cce57fb855b485ed24c9e"},"breadcrumb":{"@id":"https:\/\/akunq.net\/tr\/?p=65498#breadcrumb"},"inLanguage":"en-US","potentialAction":[{"@type":"ReadAction","target":["https:\/\/akunq.net\/tr\/?p=65498"]}]},{"@type":"ImageObject","inLanguage":"en-US","@id":"https:\/\/akunq.net\/tr\/?p=65498#primaryimage","url":"https:\/\/akunq.net\/tr\/wp-content\/uploads\/sites\/6\/2021\/11\/Paylan-Garo-.jpg","contentUrl":"https:\/\/akunq.net\/tr\/wp-content\/uploads\/sites\/6\/2021\/11\/Paylan-Garo-.jpg","width":548,"height":430},{"@type":"BreadcrumbList","@id":"https:\/\/akunq.net\/tr\/?p=65498#breadcrumb","itemListElement":[{"@type":"ListItem","position":1,"name":"Home","item":"https:\/\/akunq.net\/tr"},{"@type":"ListItem","position":2,"name":"HDP\u2019nin \u2018anadil temelli e\u011fitim\u2019 \u00f6nergesi i\u015fleme al\u0131nmad\u0131"}]},{"@type":"WebSite","@id":"https:\/\/akunq.net\/tr\/#website","url":"https:\/\/akunq.net\/tr\/","name":"Bati Ermenistan Ve Bati Ermenileri Sorunlari Ara\u015ftirmalar Merkezi","description":"","potentialAction":[{"@type":"SearchAction","target":{"@type":"EntryPoint","urlTemplate":"https:\/\/akunq.net\/tr\/?s={search_term_string}"},"query-input":{"@type":"PropertyValueSpecification","valueRequired":true,"valueName":"search_term_string"}}],"inLanguage":"en-US"},{"@type":"Person","@id":"https:\/\/akunq.net\/tr\/#\/schema\/person\/096f1d38a12cce57fb855b485ed24c9e","name":"admin","url":"https:\/\/akunq.net\/tr\/?author=7"}]}},"_links":{"self":[{"href":"https:\/\/akunq.net\/tr\/index.php?rest_route=\/wp\/v2\/posts\/65498","targetHints":{"allow":["GET"]}}],"collection":[{"href":"https:\/\/akunq.net\/tr\/index.php?rest_route=\/wp\/v2\/posts"}],"about":[{"href":"https:\/\/akunq.net\/tr\/index.php?rest_route=\/wp\/v2\/types\/post"}],"author":[{"embeddable":true,"href":"https:\/\/akunq.net\/tr\/index.php?rest_route=\/wp\/v2\/users\/7"}],"replies":[{"embeddable":true,"href":"https:\/\/akunq.net\/tr\/index.php?rest_route=%2Fwp%2Fv2%2Fcomments&post=65498"}],"version-history":[{"count":1,"href":"https:\/\/akunq.net\/tr\/index.php?rest_route=\/wp\/v2\/posts\/65498\/revisions"}],"predecessor-version":[{"id":65500,"href":"https:\/\/akunq.net\/tr\/index.php?rest_route=\/wp\/v2\/posts\/65498\/revisions\/65500"}],"wp:featuredmedia":[{"embeddable":true,"href":"https:\/\/akunq.net\/tr\/index.php?rest_route=\/wp\/v2\/media\/65499"}],"wp:attachment":[{"href":"https:\/\/akunq.net\/tr\/index.php?rest_route=%2Fwp%2Fv2%2Fmedia&parent=65498"}],"wp:term":[{"taxonomy":"category","embeddable":true,"href":"https:\/\/akunq.net\/tr\/index.php?rest_route=%2Fwp%2Fv2%2Fcategories&post=65498"},{"taxonomy":"post_tag","embeddable":true,"href":"https:\/\/akunq.net\/tr\/index.php?rest_route=%2Fwp%2Fv2%2Ftags&post=65498"}],"curies":[{"name":"wp","href":"https:\/\/api.w.org\/{rel}","templated":true}]}}