{"id":65469,"date":"2021-11-03T01:26:24","date_gmt":"2021-11-03T06:26:24","guid":{"rendered":"https:\/\/akunq.net\/tr\/?p=65469"},"modified":"2021-11-03T01:26:24","modified_gmt":"2021-11-03T06:26:24","slug":"paylandan-ozgur-birey-tepkisi-yuzlerce-polisle-mi-yetistireceksiniz","status":"publish","type":"post","link":"https:\/\/akunq.net\/tr\/?p=65469","title":{"rendered":"Paylan\u2019dan \u2018\u00f6zg\u00fcr birey\u2019 tepkisi: \u201cY\u00fczlerce polisle mi yeti\u015ftireceksiniz?\u201d"},"content":{"rendered":"<p><img loading=\"lazy\" decoding=\"async\" class=\"aligncenter size-medium wp-image-65470\" src=\"https:\/\/akunq.net\/tr\/wp-content\/uploads\/2021\/11\/Paylan-360x213.jpeg\" alt=\"\" width=\"360\" height=\"213\" srcset=\"https:\/\/akunq.net\/tr\/wp-content\/uploads\/sites\/6\/2021\/11\/Paylan-360x213.jpeg 360w, https:\/\/akunq.net\/tr\/wp-content\/uploads\/sites\/6\/2021\/11\/Paylan-560x332.jpeg 560w, https:\/\/akunq.net\/tr\/wp-content\/uploads\/sites\/6\/2021\/11\/Paylan-260x154.jpeg 260w, https:\/\/akunq.net\/tr\/wp-content\/uploads\/sites\/6\/2021\/11\/Paylan-160x95.jpeg 160w, https:\/\/akunq.net\/tr\/wp-content\/uploads\/sites\/6\/2021\/11\/Paylan.jpeg 760w\" sizes=\"auto, (max-width: 360px) 100vw, 360px\" \/><\/p>\n<p><em><strong>HDP E\u015f Genel Ba\u015fkan Yard\u0131mc\u0131s\u0131 Garo Paylan, Mill\u00ee E\u011fitim Bakanl\u0131\u011f\u0131 ve Y\u00d6K\u2019\u00fcn b\u00fct\u00e7esinin g\u00f6r\u00fc\u015f\u00fcld\u00fc\u011f\u00fc TBMM Plan ve B\u00fct\u00e7e Komisyonu\u2019nda, Bo\u011fazi\u00e7i \u00dcniversitesi\u2019ne polis m\u00fcdahalesi s\u0131ras\u0131nda \u00e7ekilmi\u015f foto\u011fraflar\u0131 g\u00f6sterdi. Paylan, \u201cBo\u011fazi\u00e7i \u00dcniversitesi\u2019nin kap\u0131s\u0131nda y\u00fczlerce polisle mi \u00f6zg\u00fcr bireyler yeti\u015ftireceksiniz?\u201d diye sordu.\u00a0<\/strong><\/em><\/p>\n<p>HDP E\u015f Genel Ba\u015fkan Yard\u0131mc\u0131s\u0131 Garo Paylan, TBMM Plan ve B\u00fct\u00e7e Komisyonu\u2019nda, Milli E\u011fitim Bakanl\u0131\u011f\u0131\u2019n\u0131n ve Y\u00d6K\u2019\u00fcn 2022 y\u0131l\u0131 b\u00fct\u00e7esi \u00fczerindeki g\u00f6r\u00fc\u015fmelerde; Milli E\u011fitim Bakan\u0131 Mahmut \u00d6zer ve Y\u00d6K Ba\u015fkan\u0131 Erol \u00d6zvar\u2019\u0131n sunumlar\u0131n\u0131 \u201cHayal k\u0131r\u0131kl\u0131\u011f\u0131\u201d olarak nitelendirdi.<\/p>\n<p>Paylan, \u00d6zer\u2019in sunumu i\u00e7in; \u201cSiz sunumuzu yaparken d\u0131\u015far\u0131dan biri gelseydi e\u011fitim bakan\u0131 m\u0131s\u0131n\u0131z, ekonomi bakan\u0131 m\u0131s\u0131n\u0131z \u015fa\u015f\u0131r\u0131rd\u0131. \u00c7\u00fcnk\u00fc siz kalk\u0131nmadan, i\u015f g\u00fcc\u00fcnden, sanayiden bahsettiniz. E\u011fitimden, anaokulundan daha \u00e7ok onlardan bahsettiniz. Yani i\u015f g\u00fcc\u00fcn\u00fc etkin bir \u015fekilde sermayenin hizmetine sunmaktan bahsettiniz\u201d dedi.<\/p>\n<p>Paylan, \u201cY\u00d6K Ba\u015fkan\u0131m, siz de b\u00fcy\u00fck bir hayat k\u0131r\u0131kl\u0131\u011f\u0131s\u0131n\u0131z maalesef. Ne diyorsunuz, \u2018Piyasan\u0131n umdu\u011fu ki\u015fileri yeti\u015ftirmek \u00fczere bir anlay\u0131\u015ftan\u2019 bahsediyorsunuz. \u00dcniversite \u2018piyasa\u2019 der mi ya. \u00d6zg\u00fcr bireyler yeti\u015ftirmekten bahseder bir \u00fcniversite, ama siz Y\u00d6K\u2019s\u00fcn\u00fcz. Y\u00d6K\u2019\u00fcn b\u00f6yle bir \u015feyden anlamas\u0131 m\u00fcmk\u00fcn de\u011fil ki\u201d dedi.<\/p>\n<h3>Paylan, okullarda eksikliklerin oldu\u011funu belirterek \u015fu ifadeleri kulland\u0131:<\/h3>\n<blockquote class=\"wp-block-quote\"><p>\u201cOkullarda \u00e7ocuklardan A4 istiyorlar. Temizlik paras\u0131 topluyorlar \u00e7ocuklardan. Bu anlamda okullar\u0131n ihtiyac\u0131n\u0131 kar\u015f\u0131lam\u0131\u015f de\u011filsiniz. Yoksul durumda olan ailelerden ciddi anlamda para talep ediliyor. Bu \u015fikayetlerden binlercesi bize ula\u015f\u0131yor Say\u0131n Bakan\u0131m.\u201d<\/p><\/blockquote>\n<h3>F\u0131rsat e\u015fitli\u011fine de de\u011finen Paylan, \u015funlar\u0131 s\u00f6yledi:<\/h3>\n<blockquote class=\"wp-block-quote\"><p>\u201cE\u011fitim f\u0131rsat e\u015fitli\u011finden bahsediyorsunuz. Eminim k\u00f6y okullar\u0131na gitmi\u015fsinizdir. F\u0131rsat e\u015fitli\u011finden nas\u0131l bahsediyorsunuz? \u0130stanbul\u2019da l\u00fcks kolejlerde ya\u015fayan 10, 15 bin dolarla \u00e7ocuklar\u0131n\u0131 okutanlarla Diyarbak\u0131r\u2019\u0131n k\u00f6ylerinde okuyan \u00e7ocuklar\u0131n e\u015fit oldu\u011fundan bahsedebilir misiniz? Biz bilimsel, nitelikli, anadilinde ve tamamen \u00fccret e\u011fitimi savunuyoruz. Tamamen f\u0131rsat e\u015fitli\u011fini savunuyoruz. Say\u0131n Bakan sizde lafta kalan bir vizyon var ama \u00f6zde yok.\u201d<\/p><\/blockquote>\n<h3>Bo\u011fazi\u00e7i \u00dcniversitesi \u00f6n\u00fcnde \u00e7ok say\u0131da polisin bulundu\u011fu bir foto\u011fraf\u0131 g\u00f6steren Paylan, \u015funlar\u0131 s\u00f6yledi:<\/h3>\n<blockquote class=\"wp-block-quote\"><p>\u201cElinizdeki b\u00fct\u00e7e ile ne yapt\u0131\u011f\u0131n\u0131za bakal\u0131m. \u2018\u00d6zg\u00fcr bireyler yeti\u015ftirece\u011fim\u2019 diyorsunuz. Bo\u011fazi\u00e7i \u00dcniversitesi\u2019nin kap\u0131s\u0131nda y\u00fczlerce polisle mi \u00f6zg\u00fcr bireyler yeti\u015ftireceksiniz? Bo\u011fazi\u00e7i\u2019nin kap\u0131s\u0131na kelep\u00e7e takarak m\u0131 \u00f6zg\u00fcr bireyler yeti\u015ftireceksiniz? Lise \u00f6\u011frencileri bir tweet at\u0131yor diye gece yata\u011f\u0131ndan al\u0131n\u0131yor, fark\u0131nda m\u0131s\u0131n\u0131z? Bo\u011fazi\u00e7i\u2019ne kayyum atayarak m\u0131 \u00f6zg\u00fcr bireyler yeti\u015ftireceksiniz? B\u00f6yle mi \u00f6zg\u00fcr bireyler yeti\u015ftireceksiniz? \u00d6zg\u00fcr bireyler b\u00f6yle yeti\u015ftirilmez. \u00d6zg\u00fcr bireyler, demokrasi bilinci olan bireyler olarak yeti\u015ftirilir.<\/p>\n<p>Analitik d\u00fc\u015f\u00fcncenin \u00f6nemi yok. Niye, sanayiye ucuz i\u015f g\u00fcc\u00fc yeti\u015ftireceksiniz. Ele\u015ftirel d\u00fc\u015f\u00fcnce ile ilgili tek bir c\u00fcmle yok. \u0130stemiyorsunuz \u00e7\u00fcnk\u00fc. Cumhurba\u015fkan\u0131 ne diyorsa ona biat etmesini istiyorsunuz. Tek\u00e7ilik dayat\u0131yorsunuz. Ele\u015ftirel d\u00fc\u015f\u00fcnce istemiyorsunuz. \u00c7\u00fcnk\u00fc ele\u015ftirel d\u00fc\u015f\u00fcnen insanlar, tek\u00e7ili\u011fi dayatan insanlara itiraz ederler.\u201d<\/p><\/blockquote>\n<h3>Bakan \u00d6zer\u2019e seslenen Paylan, \u015f\u00f6yle konu\u015ftu:<\/h3>\n<blockquote class=\"wp-block-quote\"><p>\u201cToplumsal bar\u0131\u015f var m\u0131 b\u00fct\u00e7enizde ya burada ge\u00e7iyor mu? \u2018Demokrasi memokrasi\u2019 diyorsunuz, T\u00fcrkiye olarak \u00e7ok kimlikli oldu\u011fumuzun fark\u0131nda m\u0131s\u0131n\u0131z? T\u00fcrkiye\u2019miz kendi kuyru\u011funu kovalayan bir kedi gibi etraf\u0131nda d\u00f6n\u00fcyor, s\u00fcrekli kendi etraf\u0131nda d\u00f6n\u00fcyor, ter\u00f6rist var hain var, o var \u00f6teki. Ne var? Toplumsal talepler var. \u00c7ok kimlikliyiz, \u00e7ok k\u00fclt\u00fcrl\u00fc y\u00fcz, \u00e7ok inan\u00e7l\u0131y\u0131z, \u00e7ok mezhepliyiz, \u00e7ok dilliyiz, sizin bunlar\u0131n fark\u0131nda oldu\u011funuza dair tek c\u00fcmle var m\u0131 ya? Ben \u2018\u00c7ok kimlikli oldu\u011fumuzun fark\u0131nday\u0131z\u2019 diyen, \u2018T\u00fcrk\u2019\u00fcz, K\u00fcrt\u2019\u00fcz, Ermeni\u2019yiz, S\u00fcryani\u2019yiz, Alevi\u2019yiz, Hristiyan\u2019\u0131z, Musevi\u2019yiz\u2019 diyen tek bir c\u00fcmleniz var m\u0131? Bunu anlayan, bunu \u00e7ocuklara anlatabilecek tek bir c\u00fcmleniz var m\u0131?\u201d<\/p><\/blockquote>\n<h3>Paylan, s\u00f6zlerini \u015f\u00f6yle s\u00fcrd\u00fcrd\u00fc:<\/h3>\n<blockquote class=\"wp-block-quote\"><p>\u201cBen T\u00fcrk\u00e7e konu\u015fuyorum de\u011fil mi? Ama ben hayata Ermenice ba\u015flad\u0131m biliyor musunuz? \u0130lk okula gitti\u011fimde de Ermenice e\u011fitim ald\u0131m. Nas\u0131l ald\u0131m? Ana dili temelli \u00e7ok dilli e\u011fitim veren bir Ermeni okuluna gittim. \u00d6\u011fretmenim Ermenice konu\u015fuyordu ve \u015fu anda Ermenice de konu\u015fabiliyorum, T\u00fcrk\u00e7eyi de konu\u015fabiliyorum. Diller kafamda bar\u0131\u015f i\u00e7inde ya\u015fad\u0131\u011f\u0131 i\u00e7in \u0130ngilizceyi de konu\u015fabiliyorum, \u0130spanyolcay\u0131 da konu\u015fabiliyorum, \u00e7ok dilli olmay\u0131 \u00f6\u011frendim ve K\u00fcrt\u00e7eyi de \u00f6\u011freniyorum \u015fu an. K\u00fcrt\u00e7e de konu\u015fmaya \u00e7al\u0131\u015f\u0131yorum elimden geldi\u011fince. \u00c7ok dilli olmak ulusal dili \u00f6\u011frenmeye mani de\u011filmi\u015f demek ki \u00f6yle de\u011fil mi? Peki, bana sa\u011flanan bu hak neden K\u00fcrt\u2019e sa\u011flanm\u0131yor, neden Laz\u2019a sa\u011flanm\u0131yor, neden Bekaro\u011flu\u2019nun (CHP Milletvekili Mehmet Bekaro\u011flu) \u00e7ocu\u011funun, torununun Lazca \u00f6\u011frenmesi i\u00e7in imk\u00e2n verilmiyor?\u201d<\/p><\/blockquote>\n<p><em><strong><a href=\"https:\/\/www.cumhuriyet.com.tr\/turkiye\/paylandan-ozgur-birey-tepkisi-yuzlerce-polisle-mi-yetistireceksiniz-1881543\">https:\/\/www.cumhuriyet.com.tr\/turkiye\/paylandan-ozgur-birey-tepkisi-yuzlerce-polisle-mi-yetistireceksiniz-1881543<\/a>\u00a0<\/strong><\/em><\/p>\n","protected":false},"excerpt":{"rendered":"<p>HDP E\u015f Genel Ba\u015fkan Yard\u0131mc\u0131s\u0131 Garo Paylan, Mill\u00ee E\u011fitim Bakanl\u0131\u011f\u0131 ve Y\u00d6K\u2019\u00fcn b\u00fct\u00e7esinin g\u00f6r\u00fc\u015f\u00fcld\u00fc\u011f\u00fc TBMM Plan ve B\u00fct\u00e7e Komisyonu\u2019nda, Bo\u011fazi\u00e7i \u00dcniversitesi\u2019ne polis m\u00fcdahalesi s\u0131ras\u0131nda \u00e7ekilmi\u015f foto\u011fraflar\u0131 g\u00f6sterdi. Paylan, \u201cBo\u011fazi\u00e7i \u00dcniversitesi\u2019nin kap\u0131s\u0131nda y\u00fczlerce polisle mi \u00f6zg\u00fcr bireyler yeti\u015ftireceksiniz?\u201d diye sordu.\u00a0 HDP E\u015f Genel Ba\u015fkan Yard\u0131mc\u0131s\u0131 Garo Paylan, TBMM Plan ve B\u00fct\u00e7e Komisyonu\u2019nda, Milli E\u011fitim Bakanl\u0131\u011f\u0131\u2019n\u0131n ve [&hellip;]<\/p>\n","protected":false},"author":7,"featured_media":65470,"comment_status":"open","ping_status":"open","sticky":false,"template":"","format":"standard","meta":{"footnotes":""},"categories":[1],"tags":[],"class_list":["post-65469","post","type-post","status-publish","format-standard","has-post-thumbnail","hentry","category-haberler"],"yoast_head":"<!-- This site is optimized with the Yoast SEO plugin v27.4 - https:\/\/yoast.com\/product\/yoast-seo-wordpress\/ -->\n<title>Paylan\u2019dan \u2018\u00f6zg\u00fcr birey\u2019 tepkisi: \u201cY\u00fczlerce polisle mi yeti\u015ftireceksiniz?\u201d - Bati Ermenistan Ve Bati Ermenileri Sorunlari Ara\u015ftirmalar Merkezi<\/title>\n<meta name=\"robots\" content=\"index, follow, max-snippet:-1, max-image-preview:large, max-video-preview:-1\" \/>\n<link rel=\"canonical\" href=\"https:\/\/akunq.net\/tr\/?p=65469\" \/>\n<meta property=\"og:locale\" content=\"en_US\" \/>\n<meta property=\"og:type\" content=\"article\" \/>\n<meta property=\"og:title\" content=\"Paylan\u2019dan \u2018\u00f6zg\u00fcr birey\u2019 tepkisi: \u201cY\u00fczlerce polisle mi yeti\u015ftireceksiniz?\u201d - Bati Ermenistan Ve Bati Ermenileri Sorunlari Ara\u015ftirmalar Merkezi\" \/>\n<meta property=\"og:description\" content=\"HDP E\u015f Genel Ba\u015fkan Yard\u0131mc\u0131s\u0131 Garo Paylan, Mill\u00ee E\u011fitim Bakanl\u0131\u011f\u0131 ve Y\u00d6K\u2019\u00fcn b\u00fct\u00e7esinin g\u00f6r\u00fc\u015f\u00fcld\u00fc\u011f\u00fc TBMM Plan ve B\u00fct\u00e7e Komisyonu\u2019nda, Bo\u011fazi\u00e7i \u00dcniversitesi\u2019ne polis m\u00fcdahalesi s\u0131ras\u0131nda \u00e7ekilmi\u015f foto\u011fraflar\u0131 g\u00f6sterdi. Paylan, \u201cBo\u011fazi\u00e7i \u00dcniversitesi\u2019nin kap\u0131s\u0131nda y\u00fczlerce polisle mi \u00f6zg\u00fcr bireyler yeti\u015ftireceksiniz?\u201d diye sordu.\u00a0 HDP E\u015f Genel Ba\u015fkan Yard\u0131mc\u0131s\u0131 Garo Paylan, TBMM Plan ve B\u00fct\u00e7e Komisyonu\u2019nda, Milli E\u011fitim Bakanl\u0131\u011f\u0131\u2019n\u0131n ve [&hellip;]\" \/>\n<meta property=\"og:url\" content=\"https:\/\/akunq.net\/tr\/?p=65469\" \/>\n<meta property=\"og:site_name\" content=\"Bati Ermenistan Ve Bati Ermenileri Sorunlari Ara\u015ftirmalar Merkezi\" \/>\n<meta property=\"article:published_time\" content=\"2021-11-03T06:26:24+00:00\" \/>\n<meta property=\"og:image\" content=\"https:\/\/akunq.net\/tr\/wp-content\/uploads\/sites\/6\/2021\/11\/Paylan.jpeg\" \/>\n\t<meta property=\"og:image:width\" content=\"760\" \/>\n\t<meta property=\"og:image:height\" content=\"450\" \/>\n\t<meta property=\"og:image:type\" content=\"image\/jpeg\" \/>\n<meta name=\"author\" content=\"admin\" \/>\n<meta name=\"twitter:card\" content=\"summary_large_image\" \/>\n<meta name=\"twitter:label1\" content=\"Written by\" \/>\n\t<meta name=\"twitter:data1\" content=\"admin\" \/>\n\t<meta name=\"twitter:label2\" content=\"Est. reading time\" \/>\n\t<meta name=\"twitter:data2\" content=\"4 minutes\" \/>\n<script type=\"application\/ld+json\" class=\"yoast-schema-graph\">{\"@context\":\"https:\\\/\\\/schema.org\",\"@graph\":[{\"@type\":\"Article\",\"@id\":\"https:\\\/\\\/akunq.net\\\/tr\\\/?p=65469#article\",\"isPartOf\":{\"@id\":\"https:\\\/\\\/akunq.net\\\/tr\\\/?p=65469\"},\"author\":{\"name\":\"admin\",\"@id\":\"https:\\\/\\\/akunq.net\\\/tr\\\/#\\\/schema\\\/person\\\/096f1d38a12cce57fb855b485ed24c9e\"},\"headline\":\"Paylan\u2019dan \u2018\u00f6zg\u00fcr birey\u2019 tepkisi: \u201cY\u00fczlerce polisle mi yeti\u015ftireceksiniz?\u201d\",\"datePublished\":\"2021-11-03T06:26:24+00:00\",\"mainEntityOfPage\":{\"@id\":\"https:\\\/\\\/akunq.net\\\/tr\\\/?p=65469\"},\"wordCount\":904,\"commentCount\":0,\"image\":{\"@id\":\"https:\\\/\\\/akunq.net\\\/tr\\\/?p=65469#primaryimage\"},\"thumbnailUrl\":\"https:\\\/\\\/akunq.net\\\/tr\\\/wp-content\\\/uploads\\\/sites\\\/6\\\/2021\\\/11\\\/Paylan.jpeg\",\"articleSection\":[\"Haberler\"],\"inLanguage\":\"en-US\",\"potentialAction\":[{\"@type\":\"CommentAction\",\"name\":\"Comment\",\"target\":[\"https:\\\/\\\/akunq.net\\\/tr\\\/?p=65469#respond\"]}]},{\"@type\":\"WebPage\",\"@id\":\"https:\\\/\\\/akunq.net\\\/tr\\\/?p=65469\",\"url\":\"https:\\\/\\\/akunq.net\\\/tr\\\/?p=65469\",\"name\":\"Paylan\u2019dan \u2018\u00f6zg\u00fcr birey\u2019 tepkisi: \u201cY\u00fczlerce polisle mi yeti\u015ftireceksiniz?\u201d - Bati Ermenistan Ve Bati Ermenileri Sorunlari Ara\u015ftirmalar Merkezi\",\"isPartOf\":{\"@id\":\"https:\\\/\\\/akunq.net\\\/tr\\\/#website\"},\"primaryImageOfPage\":{\"@id\":\"https:\\\/\\\/akunq.net\\\/tr\\\/?p=65469#primaryimage\"},\"image\":{\"@id\":\"https:\\\/\\\/akunq.net\\\/tr\\\/?p=65469#primaryimage\"},\"thumbnailUrl\":\"https:\\\/\\\/akunq.net\\\/tr\\\/wp-content\\\/uploads\\\/sites\\\/6\\\/2021\\\/11\\\/Paylan.jpeg\",\"datePublished\":\"2021-11-03T06:26:24+00:00\",\"author\":{\"@id\":\"https:\\\/\\\/akunq.net\\\/tr\\\/#\\\/schema\\\/person\\\/096f1d38a12cce57fb855b485ed24c9e\"},\"breadcrumb\":{\"@id\":\"https:\\\/\\\/akunq.net\\\/tr\\\/?p=65469#breadcrumb\"},\"inLanguage\":\"en-US\",\"potentialAction\":[{\"@type\":\"ReadAction\",\"target\":[\"https:\\\/\\\/akunq.net\\\/tr\\\/?p=65469\"]}]},{\"@type\":\"ImageObject\",\"inLanguage\":\"en-US\",\"@id\":\"https:\\\/\\\/akunq.net\\\/tr\\\/?p=65469#primaryimage\",\"url\":\"https:\\\/\\\/akunq.net\\\/tr\\\/wp-content\\\/uploads\\\/sites\\\/6\\\/2021\\\/11\\\/Paylan.jpeg\",\"contentUrl\":\"https:\\\/\\\/akunq.net\\\/tr\\\/wp-content\\\/uploads\\\/sites\\\/6\\\/2021\\\/11\\\/Paylan.jpeg\",\"width\":760,\"height\":450},{\"@type\":\"BreadcrumbList\",\"@id\":\"https:\\\/\\\/akunq.net\\\/tr\\\/?p=65469#breadcrumb\",\"itemListElement\":[{\"@type\":\"ListItem\",\"position\":1,\"name\":\"Home\",\"item\":\"https:\\\/\\\/akunq.net\\\/tr\"},{\"@type\":\"ListItem\",\"position\":2,\"name\":\"Paylan\u2019dan \u2018\u00f6zg\u00fcr birey\u2019 tepkisi: \u201cY\u00fczlerce polisle mi yeti\u015ftireceksiniz?\u201d\"}]},{\"@type\":\"WebSite\",\"@id\":\"https:\\\/\\\/akunq.net\\\/tr\\\/#website\",\"url\":\"https:\\\/\\\/akunq.net\\\/tr\\\/\",\"name\":\"Bati Ermenistan Ve Bati Ermenileri Sorunlari Ara\u015ftirmalar Merkezi\",\"description\":\"\",\"potentialAction\":[{\"@type\":\"SearchAction\",\"target\":{\"@type\":\"EntryPoint\",\"urlTemplate\":\"https:\\\/\\\/akunq.net\\\/tr\\\/?s={search_term_string}\"},\"query-input\":{\"@type\":\"PropertyValueSpecification\",\"valueRequired\":true,\"valueName\":\"search_term_string\"}}],\"inLanguage\":\"en-US\"},{\"@type\":\"Person\",\"@id\":\"https:\\\/\\\/akunq.net\\\/tr\\\/#\\\/schema\\\/person\\\/096f1d38a12cce57fb855b485ed24c9e\",\"name\":\"admin\",\"url\":\"https:\\\/\\\/akunq.net\\\/tr\\\/?author=7\"}]}<\/script>\n<!-- \/ Yoast SEO plugin. -->","yoast_head_json":{"title":"Paylan\u2019dan \u2018\u00f6zg\u00fcr birey\u2019 tepkisi: \u201cY\u00fczlerce polisle mi yeti\u015ftireceksiniz?\u201d - Bati Ermenistan Ve Bati Ermenileri Sorunlari Ara\u015ftirmalar Merkezi","robots":{"index":"index","follow":"follow","max-snippet":"max-snippet:-1","max-image-preview":"max-image-preview:large","max-video-preview":"max-video-preview:-1"},"canonical":"https:\/\/akunq.net\/tr\/?p=65469","og_locale":"en_US","og_type":"article","og_title":"Paylan\u2019dan \u2018\u00f6zg\u00fcr birey\u2019 tepkisi: \u201cY\u00fczlerce polisle mi yeti\u015ftireceksiniz?\u201d - Bati Ermenistan Ve Bati Ermenileri Sorunlari Ara\u015ftirmalar Merkezi","og_description":"HDP E\u015f Genel Ba\u015fkan Yard\u0131mc\u0131s\u0131 Garo Paylan, Mill\u00ee E\u011fitim Bakanl\u0131\u011f\u0131 ve Y\u00d6K\u2019\u00fcn b\u00fct\u00e7esinin g\u00f6r\u00fc\u015f\u00fcld\u00fc\u011f\u00fc TBMM Plan ve B\u00fct\u00e7e Komisyonu\u2019nda, Bo\u011fazi\u00e7i \u00dcniversitesi\u2019ne polis m\u00fcdahalesi s\u0131ras\u0131nda \u00e7ekilmi\u015f foto\u011fraflar\u0131 g\u00f6sterdi. Paylan, \u201cBo\u011fazi\u00e7i \u00dcniversitesi\u2019nin kap\u0131s\u0131nda y\u00fczlerce polisle mi \u00f6zg\u00fcr bireyler yeti\u015ftireceksiniz?\u201d diye sordu.\u00a0 HDP E\u015f Genel Ba\u015fkan Yard\u0131mc\u0131s\u0131 Garo Paylan, TBMM Plan ve B\u00fct\u00e7e Komisyonu\u2019nda, Milli E\u011fitim Bakanl\u0131\u011f\u0131\u2019n\u0131n ve [&hellip;]","og_url":"https:\/\/akunq.net\/tr\/?p=65469","og_site_name":"Bati Ermenistan Ve Bati Ermenileri Sorunlari Ara\u015ftirmalar Merkezi","article_published_time":"2021-11-03T06:26:24+00:00","og_image":[{"width":760,"height":450,"url":"https:\/\/akunq.net\/tr\/wp-content\/uploads\/sites\/6\/2021\/11\/Paylan.jpeg","type":"image\/jpeg"}],"author":"admin","twitter_card":"summary_large_image","twitter_misc":{"Written by":"admin","Est. reading time":"4 minutes"},"schema":{"@context":"https:\/\/schema.org","@graph":[{"@type":"Article","@id":"https:\/\/akunq.net\/tr\/?p=65469#article","isPartOf":{"@id":"https:\/\/akunq.net\/tr\/?p=65469"},"author":{"name":"admin","@id":"https:\/\/akunq.net\/tr\/#\/schema\/person\/096f1d38a12cce57fb855b485ed24c9e"},"headline":"Paylan\u2019dan \u2018\u00f6zg\u00fcr birey\u2019 tepkisi: \u201cY\u00fczlerce polisle mi yeti\u015ftireceksiniz?\u201d","datePublished":"2021-11-03T06:26:24+00:00","mainEntityOfPage":{"@id":"https:\/\/akunq.net\/tr\/?p=65469"},"wordCount":904,"commentCount":0,"image":{"@id":"https:\/\/akunq.net\/tr\/?p=65469#primaryimage"},"thumbnailUrl":"https:\/\/akunq.net\/tr\/wp-content\/uploads\/sites\/6\/2021\/11\/Paylan.jpeg","articleSection":["Haberler"],"inLanguage":"en-US","potentialAction":[{"@type":"CommentAction","name":"Comment","target":["https:\/\/akunq.net\/tr\/?p=65469#respond"]}]},{"@type":"WebPage","@id":"https:\/\/akunq.net\/tr\/?p=65469","url":"https:\/\/akunq.net\/tr\/?p=65469","name":"Paylan\u2019dan \u2018\u00f6zg\u00fcr birey\u2019 tepkisi: \u201cY\u00fczlerce polisle mi yeti\u015ftireceksiniz?\u201d - Bati Ermenistan Ve Bati Ermenileri Sorunlari Ara\u015ftirmalar Merkezi","isPartOf":{"@id":"https:\/\/akunq.net\/tr\/#website"},"primaryImageOfPage":{"@id":"https:\/\/akunq.net\/tr\/?p=65469#primaryimage"},"image":{"@id":"https:\/\/akunq.net\/tr\/?p=65469#primaryimage"},"thumbnailUrl":"https:\/\/akunq.net\/tr\/wp-content\/uploads\/sites\/6\/2021\/11\/Paylan.jpeg","datePublished":"2021-11-03T06:26:24+00:00","author":{"@id":"https:\/\/akunq.net\/tr\/#\/schema\/person\/096f1d38a12cce57fb855b485ed24c9e"},"breadcrumb":{"@id":"https:\/\/akunq.net\/tr\/?p=65469#breadcrumb"},"inLanguage":"en-US","potentialAction":[{"@type":"ReadAction","target":["https:\/\/akunq.net\/tr\/?p=65469"]}]},{"@type":"ImageObject","inLanguage":"en-US","@id":"https:\/\/akunq.net\/tr\/?p=65469#primaryimage","url":"https:\/\/akunq.net\/tr\/wp-content\/uploads\/sites\/6\/2021\/11\/Paylan.jpeg","contentUrl":"https:\/\/akunq.net\/tr\/wp-content\/uploads\/sites\/6\/2021\/11\/Paylan.jpeg","width":760,"height":450},{"@type":"BreadcrumbList","@id":"https:\/\/akunq.net\/tr\/?p=65469#breadcrumb","itemListElement":[{"@type":"ListItem","position":1,"name":"Home","item":"https:\/\/akunq.net\/tr"},{"@type":"ListItem","position":2,"name":"Paylan\u2019dan \u2018\u00f6zg\u00fcr birey\u2019 tepkisi: \u201cY\u00fczlerce polisle mi yeti\u015ftireceksiniz?\u201d"}]},{"@type":"WebSite","@id":"https:\/\/akunq.net\/tr\/#website","url":"https:\/\/akunq.net\/tr\/","name":"Bati Ermenistan Ve Bati Ermenileri Sorunlari Ara\u015ftirmalar Merkezi","description":"","potentialAction":[{"@type":"SearchAction","target":{"@type":"EntryPoint","urlTemplate":"https:\/\/akunq.net\/tr\/?s={search_term_string}"},"query-input":{"@type":"PropertyValueSpecification","valueRequired":true,"valueName":"search_term_string"}}],"inLanguage":"en-US"},{"@type":"Person","@id":"https:\/\/akunq.net\/tr\/#\/schema\/person\/096f1d38a12cce57fb855b485ed24c9e","name":"admin","url":"https:\/\/akunq.net\/tr\/?author=7"}]}},"_links":{"self":[{"href":"https:\/\/akunq.net\/tr\/index.php?rest_route=\/wp\/v2\/posts\/65469","targetHints":{"allow":["GET"]}}],"collection":[{"href":"https:\/\/akunq.net\/tr\/index.php?rest_route=\/wp\/v2\/posts"}],"about":[{"href":"https:\/\/akunq.net\/tr\/index.php?rest_route=\/wp\/v2\/types\/post"}],"author":[{"embeddable":true,"href":"https:\/\/akunq.net\/tr\/index.php?rest_route=\/wp\/v2\/users\/7"}],"replies":[{"embeddable":true,"href":"https:\/\/akunq.net\/tr\/index.php?rest_route=%2Fwp%2Fv2%2Fcomments&post=65469"}],"version-history":[{"count":1,"href":"https:\/\/akunq.net\/tr\/index.php?rest_route=\/wp\/v2\/posts\/65469\/revisions"}],"predecessor-version":[{"id":65471,"href":"https:\/\/akunq.net\/tr\/index.php?rest_route=\/wp\/v2\/posts\/65469\/revisions\/65471"}],"wp:featuredmedia":[{"embeddable":true,"href":"https:\/\/akunq.net\/tr\/index.php?rest_route=\/wp\/v2\/media\/65470"}],"wp:attachment":[{"href":"https:\/\/akunq.net\/tr\/index.php?rest_route=%2Fwp%2Fv2%2Fmedia&parent=65469"}],"wp:term":[{"taxonomy":"category","embeddable":true,"href":"https:\/\/akunq.net\/tr\/index.php?rest_route=%2Fwp%2Fv2%2Fcategories&post=65469"},{"taxonomy":"post_tag","embeddable":true,"href":"https:\/\/akunq.net\/tr\/index.php?rest_route=%2Fwp%2Fv2%2Ftags&post=65469"}],"curies":[{"name":"wp","href":"https:\/\/api.w.org\/{rel}","templated":true}]}}