{"id":65398,"date":"2021-10-29T02:53:54","date_gmt":"2021-10-29T07:53:54","guid":{"rendered":"https:\/\/akunq.net\/tr\/?p=65398"},"modified":"2021-10-29T02:53:54","modified_gmt":"2021-10-29T07:53:54","slug":"erdogan-kilicdaroglu-hdpnin-emir-eri-konumuna-gelmistir","status":"publish","type":"post","link":"https:\/\/akunq.net\/tr\/?p=65398","title":{"rendered":"Erdo\u011fan: K\u0131l\u0131\u00e7daro\u011flu HDP&#8217;nin emir eri konumuna gelmi\u015ftir"},"content":{"rendered":"<p><img loading=\"lazy\" decoding=\"async\" class=\"aligncenter size-medium wp-image-65399\" src=\"https:\/\/akunq.net\/tr\/wp-content\/uploads\/2021\/10\/Recep-Tayyip-Erdo\u011fan-360x203.jpg\" alt=\"\" width=\"360\" height=\"203\" srcset=\"https:\/\/akunq.net\/tr\/wp-content\/uploads\/sites\/6\/2021\/10\/Recep-Tayyip-Erdo\u011fan-360x203.jpg 360w, https:\/\/akunq.net\/tr\/wp-content\/uploads\/sites\/6\/2021\/10\/Recep-Tayyip-Erdo\u011fan-560x315.jpg 560w, https:\/\/akunq.net\/tr\/wp-content\/uploads\/sites\/6\/2021\/10\/Recep-Tayyip-Erdo\u011fan-260x146.jpg 260w, https:\/\/akunq.net\/tr\/wp-content\/uploads\/sites\/6\/2021\/10\/Recep-Tayyip-Erdo\u011fan-160x90.jpg 160w, https:\/\/akunq.net\/tr\/wp-content\/uploads\/sites\/6\/2021\/10\/Recep-Tayyip-Erdo\u011fan.jpg 700w\" sizes=\"auto, (max-width: 360px) 100vw, 360px\" \/><\/p>\n<p class=\"intro\"><strong><em>Cumhurba\u015fkan\u0131 Erdo\u011fan, CHP&#8217;nin Suriye ve Irak tezkeresine &#8220;hay\u0131r&#8221; oyu vermesine tepki g\u00f6stererek K\u0131l\u0131\u00e7daro\u011flu&#8217;nun HDP&#8217;nin &#8220;emir eri&#8221; konumuna geldi\u011fini s\u00f6yledi.<\/em><\/strong><\/p>\n<div class=\"group\">\n<div class=\"longText\">\n<p>Cumhurba\u015fkan\u0131 ve AKP Genel Ba\u015fkan\u0131 Recep Tayyip Erdo\u011fan, partisinin Meclis&#8217;teki grup toplant\u0131s\u0131nda konu\u015ftu.<\/p>\n<p>Erdo\u011fan konu\u015fmas\u0131nda, d\u00fcn T\u00fcrkiye&#8217;nin\u00a0<a href=\"https:\/\/www.dw.com\/tr\/irak-suriye-tezkeresi-tbmmden-ge%C3%A7ti\/a-59632314\">Irak ve Suriye topraklar\u0131na operasyonlar yapabilmesi i\u00e7in<\/a>\u00a0Cumhurba\u015fkan\u0131&#8217;na verilen yetkinin 2 y\u0131l uzat\u0131lmas\u0131 ile ilgili tezkereye &#8220;hay\u0131r&#8221; oyu veren CHP&#8217;yi bu tutumundan dolay\u0131 sert s\u00f6zlerle ele\u015ftirdi.<\/p>\n<p>Son 71 y\u0131lda 76 ayr\u0131 tezkerenin Meclis&#8217;te g\u00f6r\u00fc\u015f\u00fcl\u00fcp kabul edildi\u011fini belirten Erdo\u011fan, Suriye ve Irak&#8217;la ilgili tezkerenin, &#8220;\u00dclke s\u0131n\u0131rlar\u0131 boyunca kurulmak istenen ter\u00f6r koridoruna izin vermemek ve \u00fclkemize y\u00f6nelik ter\u00f6r sald\u0131r\u0131lar\u0131n\u0131 kayna\u011f\u0131nda kurutmak&#8221; amac\u0131n\u0131 ta\u015f\u0131d\u0131\u011f\u0131n\u0131 s\u00f6yledi.<\/p>\n<h2>&#8220;HDP, CHP&#8217;yi ittifakla tehdit etti&#8221;<\/h2>\n<p>Son tezkere oylamas\u0131 \u00f6ncesinde HDP y\u00f6neticilerinin CHP&#8217;ye \u00e7a\u011fr\u0131 yapt\u0131\u011f\u0131n\u0131 ve ittifakta kalmalar\u0131n\u0131 CHP&#8217;nin tezkereye dahil olmama \u015fart\u0131na ba\u011flad\u0131klar\u0131n\u0131 ileri s\u00fcren Erdo\u011fan, &#8220;Tabii b\u00f6yle bir durumda onurlu bir partinin ve liderin \u00e7\u0131k\u0131p, &#8216;Siz kim oluyorsunuz da bizi tehdit ediyorsunuz? Biz kendi politikam\u0131z\u0131 kendimiz belirleriz&#8217; diyerek HDP&#8217;lilere a\u011f\u0131zlar\u0131n\u0131n pay\u0131n\u0131 vermesi beklenir. Ama kar\u015f\u0131m\u0131zda maalesef art\u0131k b\u00f6yle bir CHP mevcut de\u011fil&#8221; ifadelerini kulland\u0131.<\/p>\n<p>Cumhurba\u015fkan\u0131 Erdo\u011fan,\u00a0<a href=\"https:\/\/www.dw.com\/tr\/chp-tezkereye-ret-oyu-verecek\/a-59630469\">tezkerenin oylamas\u0131na saatler kala CHP&#8217;nin &#8220;hay\u0131r&#8221; oyu kullanaca\u011f\u0131n\u0131<\/a>\u00a0a\u00e7\u0131klad\u0131\u011f\u0131n\u0131 belirterek &#8220;Burada as\u0131l \u00f6nemli olan \u00fclkemizin en b\u00fcy\u00fck ikinci partisi durumundaki CHP&#8217;nin, ter\u00f6r \u00f6rg\u00fct\u00fcn\u00fcn oyunca\u011f\u0131 HDP&#8217;ye teslim olmas\u0131, HDP&#8217;ye biat etmesi, boyun e\u011fmesidir. Yaz\u0131k, hem demokrasimiz ad\u0131na hem milli g\u00fcvenli\u011fimiz ad\u0131na ne kadar \u00fcz\u00fcnt\u00fc verici, ne kadar hazin bir tablo. Kendilerine, &#8216;Mustafa Kemal&#8217;in askerleri&#8217; diyenlerin; onlara, &#8216;Mustafa Kemal&#8217;in itleri&#8217; diyerek hakaret edenlerin d\u00fcmen suyuna girdi\u011fini g\u00f6rmek bizim bile a\u011fr\u0131m\u0131za gidiyor. Allah CHP&#8217;ye g\u00f6n\u00fcl veren vatanda\u015flar\u0131m\u0131z\u0131n sabr\u0131n\u0131 art\u0131rs\u0131n&#8221; diye konu\u015ftu.<\/p>\n<p>CHP Genel Ba\u015fkan\u0131 Kemal K\u0131l\u0131\u00e7daro\u011flu&#8217;nun daha \u00f6nceki tezkerelere de &#8220;hay\u0131r&#8221; oyu veren HDP&#8217;nin etkisi alt\u0131na girdi\u011fini iddia eden Erdo\u011fan, s\u00f6zlerini, &#8220;Bizim T\u00fcrk Silahl\u0131 Kuvvetleri&#8217;nin ba\u015fkomutan\u0131 oldu\u011fumuz do\u011frudur, as\u0131l sorulmas\u0131 gereken soru K\u0131l\u0131\u00e7daro\u011flu&#8217;nun nas\u0131l olup da HDP&#8217;nin emir eri konumuna geldi\u011fidir. T\u00fcrkiye&#8217;nin ve T\u00fcrk milletinin aleyhinde ne malzeme varsa, hemen d\u00f6rt elle sar\u0131lanlar\u0131n \u00fclkenin menfaatleri s\u00f6z konusu oldu\u011funda b\u00f6yle savrulmalar ya\u015famalar\u0131na art\u0131k \u015fa\u015f\u0131rm\u0131yoruz. CHP ve HDP\u2019nin perde arkas\u0131nda zaten bildi\u011fimiz ortakl\u0131\u011f\u0131, bu tezkere oylamas\u0131 vesilesiyle aleniyet kazanm\u0131\u015ft\u0131r&#8221; dedi.<\/p>\n<h2>Video izletildi<\/h2>\n<p>Erdo\u011fan, K\u0131l\u0131\u00e7daro\u011flu&#8217;na y\u00f6nelik ele\u015ftirilerini Bat\u0131l\u0131 10 b\u00fcy\u00fckel\u00e7inin i\u015f insan\u0131 Osman Kavala&#8217;n\u0131n serbest b\u0131rak\u0131lmas\u0131 i\u00e7in ortak bildiri yay\u0131nlamas\u0131 sonras\u0131nda patlak veren kriz ba\u011flam\u0131nda da s\u00fcrd\u00fcrerek &#8220;\u00dclkemize ve yarg\u0131m\u0131za b\u00fchtan edilen ilk a\u00e7\u0131klamay\u0131 sevin\u00e7le kar\u015f\u0131lay\u0131p \u00f6z\u00fcr a\u00e7\u0131klamas\u0131 kar\u015f\u0131s\u0131nda hayal k\u0131r\u0131kl\u0131\u011f\u0131na kap\u0131lanlar\u0131n bu topraklarla ne g\u00f6n\u00fcl ba\u011f\u0131, ne k\u00f6k ba\u011f\u0131 yoktur olamaz&#8221; diye konu\u015ftu<\/p>\n<p>Erdo\u011fan&#8217;\u0131n konu\u015fmas\u0131 s\u0131ras\u0131nda Kemal K\u0131l\u0131\u00e7daro\u011flu&#8217;nun baz\u0131 kamu g\u00f6revlileri ve b\u00fcrokratlara y\u00f6nelik uyar\u0131lar\u0131n\u0131n da yer ald\u0131\u011f\u0131 bir video yay\u0131nland\u0131. Erdo\u011fan videonun izlenmesinden sonra, &#8220;Bu \u00fclkenin her memuru, her kamu g\u00f6revlisi, her meslek mensubu, her bireyi devletinin korumas\u0131 ve g\u00fcvencesi alt\u0131ndad\u0131r. K\u0131l\u0131\u00e7daro\u011flu&#8217;nun hezeyanlar\u0131 kendini rezil etmenin \u00f6tesinde bir anlama sahip de\u011fildir. Kendi partisini y\u00f6netmekten aciz, alt\u0131nda olup bitenler kar\u015f\u0131s\u0131nda \u00e7aresiz, a\u011fz\u0131ndan \u00e7\u0131kanlardan habersiz bir genel ba\u015fkan\u0131n \u00fclkenin idaresi hususunda at\u0131p tutmas\u0131ndan daha g\u00fcl\u00fcn\u00e7, trajikomik ne olabilir?&#8221; a\u00e7\u0131klamas\u0131 yapt\u0131.<\/p>\n<p><em><strong>https:\/\/www.dw.com\/tr\/erdo%C4%9Fan-k%C4%B1l%C4%B1%C3%A7daro%C4%9Flu-hdpnin-emir-eri-konumuna-gelmi%C5%9Ftir\/a-59641011\u00a0<\/strong><\/em><\/p>\n<\/div>\n<\/div>\n","protected":false},"excerpt":{"rendered":"<p>Cumhurba\u015fkan\u0131 Erdo\u011fan, CHP&#8217;nin Suriye ve Irak tezkeresine &#8220;hay\u0131r&#8221; oyu vermesine tepki g\u00f6stererek K\u0131l\u0131\u00e7daro\u011flu&#8217;nun HDP&#8217;nin &#8220;emir eri&#8221; konumuna geldi\u011fini s\u00f6yledi. Cumhurba\u015fkan\u0131 ve AKP Genel Ba\u015fkan\u0131 Recep Tayyip Erdo\u011fan, partisinin Meclis&#8217;teki grup toplant\u0131s\u0131nda konu\u015ftu. Erdo\u011fan konu\u015fmas\u0131nda, d\u00fcn T\u00fcrkiye&#8217;nin\u00a0Irak ve Suriye topraklar\u0131na operasyonlar yapabilmesi i\u00e7in\u00a0Cumhurba\u015fkan\u0131&#8217;na verilen yetkinin 2 y\u0131l uzat\u0131lmas\u0131 ile ilgili tezkereye &#8220;hay\u0131r&#8221; oyu veren CHP&#8217;yi bu [&hellip;]<\/p>\n","protected":false},"author":7,"featured_media":65399,"comment_status":"open","ping_status":"open","sticky":false,"template":"","format":"standard","meta":{"footnotes":""},"categories":[1],"tags":[],"class_list":["post-65398","post","type-post","status-publish","format-standard","has-post-thumbnail","hentry","category-haberler"],"yoast_head":"<!-- This site is optimized with the Yoast SEO plugin v27.4 - https:\/\/yoast.com\/product\/yoast-seo-wordpress\/ -->\n<title>Erdo\u011fan: K\u0131l\u0131\u00e7daro\u011flu HDP&#039;nin emir eri konumuna gelmi\u015ftir - Bati Ermenistan Ve Bati Ermenileri Sorunlari Ara\u015ftirmalar Merkezi<\/title>\n<meta name=\"robots\" content=\"index, follow, max-snippet:-1, max-image-preview:large, max-video-preview:-1\" \/>\n<link rel=\"canonical\" href=\"https:\/\/akunq.net\/tr\/?p=65398\" \/>\n<meta property=\"og:locale\" content=\"en_US\" \/>\n<meta property=\"og:type\" content=\"article\" \/>\n<meta property=\"og:title\" content=\"Erdo\u011fan: K\u0131l\u0131\u00e7daro\u011flu HDP&#039;nin emir eri konumuna gelmi\u015ftir - Bati Ermenistan Ve Bati Ermenileri Sorunlari Ara\u015ftirmalar Merkezi\" \/>\n<meta property=\"og:description\" content=\"Cumhurba\u015fkan\u0131 Erdo\u011fan, CHP&#8217;nin Suriye ve Irak tezkeresine &#8220;hay\u0131r&#8221; oyu vermesine tepki g\u00f6stererek K\u0131l\u0131\u00e7daro\u011flu&#8217;nun HDP&#8217;nin &#8220;emir eri&#8221; konumuna geldi\u011fini s\u00f6yledi. Cumhurba\u015fkan\u0131 ve AKP Genel Ba\u015fkan\u0131 Recep Tayyip Erdo\u011fan, partisinin Meclis&#8217;teki grup toplant\u0131s\u0131nda konu\u015ftu. Erdo\u011fan konu\u015fmas\u0131nda, d\u00fcn T\u00fcrkiye&#8217;nin\u00a0Irak ve Suriye topraklar\u0131na operasyonlar yapabilmesi i\u00e7in\u00a0Cumhurba\u015fkan\u0131&#8217;na verilen yetkinin 2 y\u0131l uzat\u0131lmas\u0131 ile ilgili tezkereye &#8220;hay\u0131r&#8221; oyu veren CHP&#8217;yi bu [&hellip;]\" \/>\n<meta property=\"og:url\" content=\"https:\/\/akunq.net\/tr\/?p=65398\" \/>\n<meta property=\"og:site_name\" content=\"Bati Ermenistan Ve Bati Ermenileri Sorunlari Ara\u015ftirmalar Merkezi\" \/>\n<meta property=\"article:published_time\" content=\"2021-10-29T07:53:54+00:00\" \/>\n<meta property=\"og:image\" content=\"https:\/\/akunq.net\/tr\/wp-content\/uploads\/sites\/6\/2021\/10\/Recep-Tayyip-Erdo\u011fan.jpg\" \/>\n\t<meta property=\"og:image:width\" content=\"700\" \/>\n\t<meta property=\"og:image:height\" content=\"394\" \/>\n\t<meta property=\"og:image:type\" content=\"image\/jpeg\" \/>\n<meta name=\"author\" content=\"admin\" \/>\n<meta name=\"twitter:card\" content=\"summary_large_image\" \/>\n<meta name=\"twitter:label1\" content=\"Written by\" \/>\n\t<meta name=\"twitter:data1\" content=\"admin\" \/>\n\t<meta name=\"twitter:label2\" content=\"Est. reading time\" \/>\n\t<meta name=\"twitter:data2\" content=\"3 minutes\" \/>\n<script type=\"application\/ld+json\" class=\"yoast-schema-graph\">{\"@context\":\"https:\\\/\\\/schema.org\",\"@graph\":[{\"@type\":\"Article\",\"@id\":\"https:\\\/\\\/akunq.net\\\/tr\\\/?p=65398#article\",\"isPartOf\":{\"@id\":\"https:\\\/\\\/akunq.net\\\/tr\\\/?p=65398\"},\"author\":{\"name\":\"admin\",\"@id\":\"https:\\\/\\\/akunq.net\\\/tr\\\/#\\\/schema\\\/person\\\/096f1d38a12cce57fb855b485ed24c9e\"},\"headline\":\"Erdo\u011fan: K\u0131l\u0131\u00e7daro\u011flu HDP&#8217;nin emir eri konumuna gelmi\u015ftir\",\"datePublished\":\"2021-10-29T07:53:54+00:00\",\"mainEntityOfPage\":{\"@id\":\"https:\\\/\\\/akunq.net\\\/tr\\\/?p=65398\"},\"wordCount\":699,\"commentCount\":0,\"image\":{\"@id\":\"https:\\\/\\\/akunq.net\\\/tr\\\/?p=65398#primaryimage\"},\"thumbnailUrl\":\"https:\\\/\\\/akunq.net\\\/tr\\\/wp-content\\\/uploads\\\/sites\\\/6\\\/2021\\\/10\\\/Recep-Tayyip-Erdo\u011fan.jpg\",\"articleSection\":[\"Haberler\"],\"inLanguage\":\"en-US\",\"potentialAction\":[{\"@type\":\"CommentAction\",\"name\":\"Comment\",\"target\":[\"https:\\\/\\\/akunq.net\\\/tr\\\/?p=65398#respond\"]}]},{\"@type\":\"WebPage\",\"@id\":\"https:\\\/\\\/akunq.net\\\/tr\\\/?p=65398\",\"url\":\"https:\\\/\\\/akunq.net\\\/tr\\\/?p=65398\",\"name\":\"Erdo\u011fan: K\u0131l\u0131\u00e7daro\u011flu HDP'nin emir eri konumuna gelmi\u015ftir - Bati Ermenistan Ve Bati Ermenileri Sorunlari Ara\u015ftirmalar Merkezi\",\"isPartOf\":{\"@id\":\"https:\\\/\\\/akunq.net\\\/tr\\\/#website\"},\"primaryImageOfPage\":{\"@id\":\"https:\\\/\\\/akunq.net\\\/tr\\\/?p=65398#primaryimage\"},\"image\":{\"@id\":\"https:\\\/\\\/akunq.net\\\/tr\\\/?p=65398#primaryimage\"},\"thumbnailUrl\":\"https:\\\/\\\/akunq.net\\\/tr\\\/wp-content\\\/uploads\\\/sites\\\/6\\\/2021\\\/10\\\/Recep-Tayyip-Erdo\u011fan.jpg\",\"datePublished\":\"2021-10-29T07:53:54+00:00\",\"author\":{\"@id\":\"https:\\\/\\\/akunq.net\\\/tr\\\/#\\\/schema\\\/person\\\/096f1d38a12cce57fb855b485ed24c9e\"},\"breadcrumb\":{\"@id\":\"https:\\\/\\\/akunq.net\\\/tr\\\/?p=65398#breadcrumb\"},\"inLanguage\":\"en-US\",\"potentialAction\":[{\"@type\":\"ReadAction\",\"target\":[\"https:\\\/\\\/akunq.net\\\/tr\\\/?p=65398\"]}]},{\"@type\":\"ImageObject\",\"inLanguage\":\"en-US\",\"@id\":\"https:\\\/\\\/akunq.net\\\/tr\\\/?p=65398#primaryimage\",\"url\":\"https:\\\/\\\/akunq.net\\\/tr\\\/wp-content\\\/uploads\\\/sites\\\/6\\\/2021\\\/10\\\/Recep-Tayyip-Erdo\u011fan.jpg\",\"contentUrl\":\"https:\\\/\\\/akunq.net\\\/tr\\\/wp-content\\\/uploads\\\/sites\\\/6\\\/2021\\\/10\\\/Recep-Tayyip-Erdo\u011fan.jpg\",\"width\":700,\"height\":394},{\"@type\":\"BreadcrumbList\",\"@id\":\"https:\\\/\\\/akunq.net\\\/tr\\\/?p=65398#breadcrumb\",\"itemListElement\":[{\"@type\":\"ListItem\",\"position\":1,\"name\":\"Home\",\"item\":\"https:\\\/\\\/akunq.net\\\/tr\"},{\"@type\":\"ListItem\",\"position\":2,\"name\":\"Erdo\u011fan: K\u0131l\u0131\u00e7daro\u011flu HDP&#8217;nin emir eri konumuna gelmi\u015ftir\"}]},{\"@type\":\"WebSite\",\"@id\":\"https:\\\/\\\/akunq.net\\\/tr\\\/#website\",\"url\":\"https:\\\/\\\/akunq.net\\\/tr\\\/\",\"name\":\"Bati Ermenistan Ve Bati Ermenileri Sorunlari Ara\u015ftirmalar Merkezi\",\"description\":\"\",\"potentialAction\":[{\"@type\":\"SearchAction\",\"target\":{\"@type\":\"EntryPoint\",\"urlTemplate\":\"https:\\\/\\\/akunq.net\\\/tr\\\/?s={search_term_string}\"},\"query-input\":{\"@type\":\"PropertyValueSpecification\",\"valueRequired\":true,\"valueName\":\"search_term_string\"}}],\"inLanguage\":\"en-US\"},{\"@type\":\"Person\",\"@id\":\"https:\\\/\\\/akunq.net\\\/tr\\\/#\\\/schema\\\/person\\\/096f1d38a12cce57fb855b485ed24c9e\",\"name\":\"admin\",\"url\":\"https:\\\/\\\/akunq.net\\\/tr\\\/?author=7\"}]}<\/script>\n<!-- \/ Yoast SEO plugin. -->","yoast_head_json":{"title":"Erdo\u011fan: K\u0131l\u0131\u00e7daro\u011flu HDP'nin emir eri konumuna gelmi\u015ftir - Bati Ermenistan Ve Bati Ermenileri Sorunlari Ara\u015ftirmalar Merkezi","robots":{"index":"index","follow":"follow","max-snippet":"max-snippet:-1","max-image-preview":"max-image-preview:large","max-video-preview":"max-video-preview:-1"},"canonical":"https:\/\/akunq.net\/tr\/?p=65398","og_locale":"en_US","og_type":"article","og_title":"Erdo\u011fan: K\u0131l\u0131\u00e7daro\u011flu HDP'nin emir eri konumuna gelmi\u015ftir - Bati Ermenistan Ve Bati Ermenileri Sorunlari Ara\u015ftirmalar Merkezi","og_description":"Cumhurba\u015fkan\u0131 Erdo\u011fan, CHP&#8217;nin Suriye ve Irak tezkeresine &#8220;hay\u0131r&#8221; oyu vermesine tepki g\u00f6stererek K\u0131l\u0131\u00e7daro\u011flu&#8217;nun HDP&#8217;nin &#8220;emir eri&#8221; konumuna geldi\u011fini s\u00f6yledi. Cumhurba\u015fkan\u0131 ve AKP Genel Ba\u015fkan\u0131 Recep Tayyip Erdo\u011fan, partisinin Meclis&#8217;teki grup toplant\u0131s\u0131nda konu\u015ftu. Erdo\u011fan konu\u015fmas\u0131nda, d\u00fcn T\u00fcrkiye&#8217;nin\u00a0Irak ve Suriye topraklar\u0131na operasyonlar yapabilmesi i\u00e7in\u00a0Cumhurba\u015fkan\u0131&#8217;na verilen yetkinin 2 y\u0131l uzat\u0131lmas\u0131 ile ilgili tezkereye &#8220;hay\u0131r&#8221; oyu veren CHP&#8217;yi bu [&hellip;]","og_url":"https:\/\/akunq.net\/tr\/?p=65398","og_site_name":"Bati Ermenistan Ve Bati Ermenileri Sorunlari Ara\u015ftirmalar Merkezi","article_published_time":"2021-10-29T07:53:54+00:00","og_image":[{"width":700,"height":394,"url":"https:\/\/akunq.net\/tr\/wp-content\/uploads\/sites\/6\/2021\/10\/Recep-Tayyip-Erdo\u011fan.jpg","type":"image\/jpeg"}],"author":"admin","twitter_card":"summary_large_image","twitter_misc":{"Written by":"admin","Est. reading time":"3 minutes"},"schema":{"@context":"https:\/\/schema.org","@graph":[{"@type":"Article","@id":"https:\/\/akunq.net\/tr\/?p=65398#article","isPartOf":{"@id":"https:\/\/akunq.net\/tr\/?p=65398"},"author":{"name":"admin","@id":"https:\/\/akunq.net\/tr\/#\/schema\/person\/096f1d38a12cce57fb855b485ed24c9e"},"headline":"Erdo\u011fan: K\u0131l\u0131\u00e7daro\u011flu HDP&#8217;nin emir eri konumuna gelmi\u015ftir","datePublished":"2021-10-29T07:53:54+00:00","mainEntityOfPage":{"@id":"https:\/\/akunq.net\/tr\/?p=65398"},"wordCount":699,"commentCount":0,"image":{"@id":"https:\/\/akunq.net\/tr\/?p=65398#primaryimage"},"thumbnailUrl":"https:\/\/akunq.net\/tr\/wp-content\/uploads\/sites\/6\/2021\/10\/Recep-Tayyip-Erdo\u011fan.jpg","articleSection":["Haberler"],"inLanguage":"en-US","potentialAction":[{"@type":"CommentAction","name":"Comment","target":["https:\/\/akunq.net\/tr\/?p=65398#respond"]}]},{"@type":"WebPage","@id":"https:\/\/akunq.net\/tr\/?p=65398","url":"https:\/\/akunq.net\/tr\/?p=65398","name":"Erdo\u011fan: K\u0131l\u0131\u00e7daro\u011flu HDP'nin emir eri konumuna gelmi\u015ftir - Bati Ermenistan Ve Bati Ermenileri Sorunlari Ara\u015ftirmalar Merkezi","isPartOf":{"@id":"https:\/\/akunq.net\/tr\/#website"},"primaryImageOfPage":{"@id":"https:\/\/akunq.net\/tr\/?p=65398#primaryimage"},"image":{"@id":"https:\/\/akunq.net\/tr\/?p=65398#primaryimage"},"thumbnailUrl":"https:\/\/akunq.net\/tr\/wp-content\/uploads\/sites\/6\/2021\/10\/Recep-Tayyip-Erdo\u011fan.jpg","datePublished":"2021-10-29T07:53:54+00:00","author":{"@id":"https:\/\/akunq.net\/tr\/#\/schema\/person\/096f1d38a12cce57fb855b485ed24c9e"},"breadcrumb":{"@id":"https:\/\/akunq.net\/tr\/?p=65398#breadcrumb"},"inLanguage":"en-US","potentialAction":[{"@type":"ReadAction","target":["https:\/\/akunq.net\/tr\/?p=65398"]}]},{"@type":"ImageObject","inLanguage":"en-US","@id":"https:\/\/akunq.net\/tr\/?p=65398#primaryimage","url":"https:\/\/akunq.net\/tr\/wp-content\/uploads\/sites\/6\/2021\/10\/Recep-Tayyip-Erdo\u011fan.jpg","contentUrl":"https:\/\/akunq.net\/tr\/wp-content\/uploads\/sites\/6\/2021\/10\/Recep-Tayyip-Erdo\u011fan.jpg","width":700,"height":394},{"@type":"BreadcrumbList","@id":"https:\/\/akunq.net\/tr\/?p=65398#breadcrumb","itemListElement":[{"@type":"ListItem","position":1,"name":"Home","item":"https:\/\/akunq.net\/tr"},{"@type":"ListItem","position":2,"name":"Erdo\u011fan: K\u0131l\u0131\u00e7daro\u011flu HDP&#8217;nin emir eri konumuna gelmi\u015ftir"}]},{"@type":"WebSite","@id":"https:\/\/akunq.net\/tr\/#website","url":"https:\/\/akunq.net\/tr\/","name":"Bati Ermenistan Ve Bati Ermenileri Sorunlari Ara\u015ftirmalar Merkezi","description":"","potentialAction":[{"@type":"SearchAction","target":{"@type":"EntryPoint","urlTemplate":"https:\/\/akunq.net\/tr\/?s={search_term_string}"},"query-input":{"@type":"PropertyValueSpecification","valueRequired":true,"valueName":"search_term_string"}}],"inLanguage":"en-US"},{"@type":"Person","@id":"https:\/\/akunq.net\/tr\/#\/schema\/person\/096f1d38a12cce57fb855b485ed24c9e","name":"admin","url":"https:\/\/akunq.net\/tr\/?author=7"}]}},"_links":{"self":[{"href":"https:\/\/akunq.net\/tr\/index.php?rest_route=\/wp\/v2\/posts\/65398","targetHints":{"allow":["GET"]}}],"collection":[{"href":"https:\/\/akunq.net\/tr\/index.php?rest_route=\/wp\/v2\/posts"}],"about":[{"href":"https:\/\/akunq.net\/tr\/index.php?rest_route=\/wp\/v2\/types\/post"}],"author":[{"embeddable":true,"href":"https:\/\/akunq.net\/tr\/index.php?rest_route=\/wp\/v2\/users\/7"}],"replies":[{"embeddable":true,"href":"https:\/\/akunq.net\/tr\/index.php?rest_route=%2Fwp%2Fv2%2Fcomments&post=65398"}],"version-history":[{"count":1,"href":"https:\/\/akunq.net\/tr\/index.php?rest_route=\/wp\/v2\/posts\/65398\/revisions"}],"predecessor-version":[{"id":65400,"href":"https:\/\/akunq.net\/tr\/index.php?rest_route=\/wp\/v2\/posts\/65398\/revisions\/65400"}],"wp:featuredmedia":[{"embeddable":true,"href":"https:\/\/akunq.net\/tr\/index.php?rest_route=\/wp\/v2\/media\/65399"}],"wp:attachment":[{"href":"https:\/\/akunq.net\/tr\/index.php?rest_route=%2Fwp%2Fv2%2Fmedia&parent=65398"}],"wp:term":[{"taxonomy":"category","embeddable":true,"href":"https:\/\/akunq.net\/tr\/index.php?rest_route=%2Fwp%2Fv2%2Fcategories&post=65398"},{"taxonomy":"post_tag","embeddable":true,"href":"https:\/\/akunq.net\/tr\/index.php?rest_route=%2Fwp%2Fv2%2Ftags&post=65398"}],"curies":[{"name":"wp","href":"https:\/\/api.w.org\/{rel}","templated":true}]}}