{"id":65389,"date":"2021-10-29T02:20:50","date_gmt":"2021-10-29T07:20:50","guid":{"rendered":"https:\/\/akunq.net\/tr\/?p=65389"},"modified":"2021-10-29T02:20:50","modified_gmt":"2021-10-29T07:20:50","slug":"abdde-11-kongre-uyesinden-bidena-mektup-turkiyeye-f-16-satilmamali","status":"publish","type":"post","link":"https:\/\/akunq.net\/tr\/?p=65389","title":{"rendered":"ABD\u2019de 11 Kongre \u00fcyesinden Biden\u2019a mektup: \u2018T\u00fcrkiye\u2019ye F-16 sat\u0131lmamal\u0131\u2019"},"content":{"rendered":"<p><img loading=\"lazy\" decoding=\"async\" class=\"aligncenter size-medium wp-image-65390\" src=\"https:\/\/akunq.net\/tr\/wp-content\/uploads\/2021\/10\/F-16-360x252.jpg\" alt=\"\" width=\"360\" height=\"252\" srcset=\"https:\/\/akunq.net\/tr\/wp-content\/uploads\/sites\/6\/2021\/10\/F-16-360x252.jpg 360w, https:\/\/akunq.net\/tr\/wp-content\/uploads\/sites\/6\/2021\/10\/F-16-560x392.jpg 560w, https:\/\/akunq.net\/tr\/wp-content\/uploads\/sites\/6\/2021\/10\/F-16-260x182.jpg 260w, https:\/\/akunq.net\/tr\/wp-content\/uploads\/sites\/6\/2021\/10\/F-16-160x112.jpg 160w, https:\/\/akunq.net\/tr\/wp-content\/uploads\/sites\/6\/2021\/10\/F-16.jpg 640w\" sizes=\"auto, (max-width: 360px) 100vw, 360px\" \/><\/p>\n<p><strong><em>ABD Temsilciler Meclisi\u2019nin 11 \u00fcyesi Ba\u015fkan Joe Biden ve D\u0131\u015fi\u015fleri Bakan\u0131 Antony Blinken\u2019a bir mektup g\u00f6ndererek T\u00fcrkiye\u2019ye F-16 sava\u015f u\u00e7aklar\u0131 sat\u0131lmamas\u0131 \u00e7a\u011fr\u0131s\u0131nda bulundu. Aralar\u0131nda hem Demokrat hem Cumhuriyet\u00e7i Parti\u2019den isimlerin yer ald\u0131\u011f\u0131 \u00fcyeler mektupta, Amerikan Kongresi\u2019nin F-16 sat\u0131\u015f\u0131n\u0131 engelleyece\u011finden emin olduklar\u0131n\u0131 s\u00f6yledi.<\/em><\/strong><\/p>\n<p>Reuters haber ajans\u0131, mektubun 25 Ekim tarihli oldu\u011funu bildirdi.<\/p>\n<p>Ajans\u0131n haberine g\u00f6re mektupta \u015fu ifadeler yer ald\u0131:<\/p>\n<p>\u201cT\u00fcrkiye Cumhurba\u015fkan\u0131 Erdo\u011fan\u2019\u0131n Eyl\u00fcl ay\u0131nda T\u00fcrkiye\u2019nin Rusya\u2019dan ikinci parti S-400 f\u00fcze savunma sistemi sat\u0131n alaca\u011f\u0131n\u0131 duyurmas\u0131 sonras\u0131, ABD\u2019de \u00fcretilmi\u015f sava\u015f u\u00e7aklar\u0131n\u0131 bize d\u00fc\u015fmanm\u0131\u015f\u0131z gibi davranan bir m\u00fcttefi\u011fe satarak ulusal g\u00fcvenli\u011fimizi tehlikeye atamay\u0131z.\u201d<\/p>\n<p>\u201cKongre\u2019nin, s\u00fcre\u00e7 ilerlerse birlikte hareket ederek bu sat\u0131\u015f\u0131 engelleyece\u011finden eminiz. ABD b\u00f6ylesi bir d\u00f6nemde ileri d\u00fczey herhangi bir askeri te\u00e7hizat\u0131 T\u00fcrkiye\u2019ye g\u00f6nderemez.\u201d<\/p>\n<p>Beyaz Saray, Cumhuriyet\u00e7i Parti\u2019den Nicole Malliotakis ve Demokrat Parti\u2019den Carolyn Maloney\u2019nin giri\u015fimiyle haz\u0131rlanan mektupla ilgili a\u00e7\u0131klama yapmad\u0131.<\/p>\n<p>ABD D\u0131\u015fi\u015fleri Bakanl\u0131\u011f\u0131\u2019ndan bir s\u00f6zc\u00fc ise bakanl\u0131\u011f\u0131n\u0131n Kongre\u2019yle yaz\u0131\u015fmalar\u0131 hakk\u0131nda a\u00e7\u0131klama yapmad\u0131\u011f\u0131n\u0131 s\u00f6yledi.<\/p>\n<p>Reuters bu ay T\u00fcrkiye\u2019nin ABD\u2019ye 40 F-16 sava\u015f u\u00e7a\u011f\u0131 sat\u0131n alma ve 80\u2019e yak\u0131n u\u00e7a\u011f\u0131n modernizasyonu i\u00e7in talepte bulundu\u011funu bildirmi\u015fti.<\/p>\n<p>T\u00fcrkiye daha \u00f6nce 100\u2019den fazla F-35 sava\u015f u\u00e7a\u011f\u0131 sipari\u015fi vermi\u015f ancak ABD T\u00fcrkiye\u2019yi, Rusya\u2019dan S-400 f\u00fczeleri sat\u0131n almas\u0131 sonras\u0131 2019\u2019da bu programdan \u00e7\u0131karm\u0131\u015ft\u0131.<\/p>\n<hr \/>\n<p><em><strong><a href=\"https:\/\/www.ermenihaber.am\/tr\/news\/2021\/10\/28\/ABD-Biden-T%C3%BCrkiye-F-16\/218350\" target=\"_blank\" rel=\"noopener noreferrer\">ERMEN\u0130 HABER AJANSI<\/a><\/strong><\/em><\/p>\n","protected":false},"excerpt":{"rendered":"<p>ABD Temsilciler Meclisi\u2019nin 11 \u00fcyesi Ba\u015fkan Joe Biden ve D\u0131\u015fi\u015fleri Bakan\u0131 Antony Blinken\u2019a bir mektup g\u00f6ndererek T\u00fcrkiye\u2019ye F-16 sava\u015f u\u00e7aklar\u0131 sat\u0131lmamas\u0131 \u00e7a\u011fr\u0131s\u0131nda bulundu. Aralar\u0131nda hem Demokrat hem Cumhuriyet\u00e7i Parti\u2019den isimlerin yer ald\u0131\u011f\u0131 \u00fcyeler mektupta, Amerikan Kongresi\u2019nin F-16 sat\u0131\u015f\u0131n\u0131 engelleyece\u011finden emin olduklar\u0131n\u0131 s\u00f6yledi. Reuters haber ajans\u0131, mektubun 25 Ekim tarihli oldu\u011funu bildirdi. Ajans\u0131n haberine g\u00f6re mektupta [&hellip;]<\/p>\n","protected":false},"author":7,"featured_media":65390,"comment_status":"open","ping_status":"open","sticky":false,"template":"","format":"standard","meta":{"footnotes":""},"categories":[1],"tags":[],"class_list":["post-65389","post","type-post","status-publish","format-standard","has-post-thumbnail","hentry","category-haberler"],"yoast_head":"<!-- This site is optimized with the Yoast SEO plugin v27.4 - https:\/\/yoast.com\/product\/yoast-seo-wordpress\/ -->\n<title>ABD\u2019de 11 Kongre \u00fcyesinden Biden\u2019a mektup: \u2018T\u00fcrkiye\u2019ye F-16 sat\u0131lmamal\u0131\u2019 - Bati Ermenistan Ve Bati Ermenileri Sorunlari Ara\u015ftirmalar Merkezi<\/title>\n<meta name=\"robots\" content=\"index, follow, max-snippet:-1, max-image-preview:large, max-video-preview:-1\" \/>\n<link rel=\"canonical\" href=\"https:\/\/akunq.net\/tr\/?p=65389\" \/>\n<meta property=\"og:locale\" content=\"en_US\" \/>\n<meta property=\"og:type\" content=\"article\" \/>\n<meta property=\"og:title\" content=\"ABD\u2019de 11 Kongre \u00fcyesinden Biden\u2019a mektup: \u2018T\u00fcrkiye\u2019ye F-16 sat\u0131lmamal\u0131\u2019 - Bati Ermenistan Ve Bati Ermenileri Sorunlari Ara\u015ftirmalar Merkezi\" \/>\n<meta property=\"og:description\" content=\"ABD Temsilciler Meclisi\u2019nin 11 \u00fcyesi Ba\u015fkan Joe Biden ve D\u0131\u015fi\u015fleri Bakan\u0131 Antony Blinken\u2019a bir mektup g\u00f6ndererek T\u00fcrkiye\u2019ye F-16 sava\u015f u\u00e7aklar\u0131 sat\u0131lmamas\u0131 \u00e7a\u011fr\u0131s\u0131nda bulundu. Aralar\u0131nda hem Demokrat hem Cumhuriyet\u00e7i Parti\u2019den isimlerin yer ald\u0131\u011f\u0131 \u00fcyeler mektupta, Amerikan Kongresi\u2019nin F-16 sat\u0131\u015f\u0131n\u0131 engelleyece\u011finden emin olduklar\u0131n\u0131 s\u00f6yledi. Reuters haber ajans\u0131, mektubun 25 Ekim tarihli oldu\u011funu bildirdi. Ajans\u0131n haberine g\u00f6re mektupta [&hellip;]\" \/>\n<meta property=\"og:url\" content=\"https:\/\/akunq.net\/tr\/?p=65389\" \/>\n<meta property=\"og:site_name\" content=\"Bati Ermenistan Ve Bati Ermenileri Sorunlari Ara\u015ftirmalar Merkezi\" \/>\n<meta property=\"article:published_time\" content=\"2021-10-29T07:20:50+00:00\" \/>\n<meta property=\"og:image\" content=\"https:\/\/akunq.net\/tr\/wp-content\/uploads\/sites\/6\/2021\/10\/F-16.jpg\" \/>\n\t<meta property=\"og:image:width\" content=\"640\" \/>\n\t<meta property=\"og:image:height\" content=\"448\" \/>\n\t<meta property=\"og:image:type\" content=\"image\/jpeg\" \/>\n<meta name=\"author\" content=\"admin\" \/>\n<meta name=\"twitter:card\" content=\"summary_large_image\" \/>\n<meta name=\"twitter:label1\" content=\"Written by\" \/>\n\t<meta name=\"twitter:data1\" content=\"admin\" \/>\n\t<meta name=\"twitter:label2\" content=\"Est. reading time\" \/>\n\t<meta name=\"twitter:data2\" content=\"1 minute\" \/>\n<script type=\"application\/ld+json\" class=\"yoast-schema-graph\">{\"@context\":\"https:\\\/\\\/schema.org\",\"@graph\":[{\"@type\":\"Article\",\"@id\":\"https:\\\/\\\/akunq.net\\\/tr\\\/?p=65389#article\",\"isPartOf\":{\"@id\":\"https:\\\/\\\/akunq.net\\\/tr\\\/?p=65389\"},\"author\":{\"name\":\"admin\",\"@id\":\"https:\\\/\\\/akunq.net\\\/tr\\\/#\\\/schema\\\/person\\\/096f1d38a12cce57fb855b485ed24c9e\"},\"headline\":\"ABD\u2019de 11 Kongre \u00fcyesinden Biden\u2019a mektup: \u2018T\u00fcrkiye\u2019ye F-16 sat\u0131lmamal\u0131\u2019\",\"datePublished\":\"2021-10-29T07:20:50+00:00\",\"mainEntityOfPage\":{\"@id\":\"https:\\\/\\\/akunq.net\\\/tr\\\/?p=65389\"},\"wordCount\":294,\"commentCount\":0,\"image\":{\"@id\":\"https:\\\/\\\/akunq.net\\\/tr\\\/?p=65389#primaryimage\"},\"thumbnailUrl\":\"https:\\\/\\\/akunq.net\\\/tr\\\/wp-content\\\/uploads\\\/sites\\\/6\\\/2021\\\/10\\\/F-16.jpg\",\"articleSection\":[\"Haberler\"],\"inLanguage\":\"en-US\",\"potentialAction\":[{\"@type\":\"CommentAction\",\"name\":\"Comment\",\"target\":[\"https:\\\/\\\/akunq.net\\\/tr\\\/?p=65389#respond\"]}]},{\"@type\":\"WebPage\",\"@id\":\"https:\\\/\\\/akunq.net\\\/tr\\\/?p=65389\",\"url\":\"https:\\\/\\\/akunq.net\\\/tr\\\/?p=65389\",\"name\":\"ABD\u2019de 11 Kongre \u00fcyesinden Biden\u2019a mektup: \u2018T\u00fcrkiye\u2019ye F-16 sat\u0131lmamal\u0131\u2019 - Bati Ermenistan Ve Bati Ermenileri Sorunlari Ara\u015ftirmalar Merkezi\",\"isPartOf\":{\"@id\":\"https:\\\/\\\/akunq.net\\\/tr\\\/#website\"},\"primaryImageOfPage\":{\"@id\":\"https:\\\/\\\/akunq.net\\\/tr\\\/?p=65389#primaryimage\"},\"image\":{\"@id\":\"https:\\\/\\\/akunq.net\\\/tr\\\/?p=65389#primaryimage\"},\"thumbnailUrl\":\"https:\\\/\\\/akunq.net\\\/tr\\\/wp-content\\\/uploads\\\/sites\\\/6\\\/2021\\\/10\\\/F-16.jpg\",\"datePublished\":\"2021-10-29T07:20:50+00:00\",\"author\":{\"@id\":\"https:\\\/\\\/akunq.net\\\/tr\\\/#\\\/schema\\\/person\\\/096f1d38a12cce57fb855b485ed24c9e\"},\"breadcrumb\":{\"@id\":\"https:\\\/\\\/akunq.net\\\/tr\\\/?p=65389#breadcrumb\"},\"inLanguage\":\"en-US\",\"potentialAction\":[{\"@type\":\"ReadAction\",\"target\":[\"https:\\\/\\\/akunq.net\\\/tr\\\/?p=65389\"]}]},{\"@type\":\"ImageObject\",\"inLanguage\":\"en-US\",\"@id\":\"https:\\\/\\\/akunq.net\\\/tr\\\/?p=65389#primaryimage\",\"url\":\"https:\\\/\\\/akunq.net\\\/tr\\\/wp-content\\\/uploads\\\/sites\\\/6\\\/2021\\\/10\\\/F-16.jpg\",\"contentUrl\":\"https:\\\/\\\/akunq.net\\\/tr\\\/wp-content\\\/uploads\\\/sites\\\/6\\\/2021\\\/10\\\/F-16.jpg\",\"width\":640,\"height\":448},{\"@type\":\"BreadcrumbList\",\"@id\":\"https:\\\/\\\/akunq.net\\\/tr\\\/?p=65389#breadcrumb\",\"itemListElement\":[{\"@type\":\"ListItem\",\"position\":1,\"name\":\"Home\",\"item\":\"https:\\\/\\\/akunq.net\\\/tr\"},{\"@type\":\"ListItem\",\"position\":2,\"name\":\"ABD\u2019de 11 Kongre \u00fcyesinden Biden\u2019a mektup: \u2018T\u00fcrkiye\u2019ye F-16 sat\u0131lmamal\u0131\u2019\"}]},{\"@type\":\"WebSite\",\"@id\":\"https:\\\/\\\/akunq.net\\\/tr\\\/#website\",\"url\":\"https:\\\/\\\/akunq.net\\\/tr\\\/\",\"name\":\"Bati Ermenistan Ve Bati Ermenileri Sorunlari Ara\u015ftirmalar Merkezi\",\"description\":\"\",\"potentialAction\":[{\"@type\":\"SearchAction\",\"target\":{\"@type\":\"EntryPoint\",\"urlTemplate\":\"https:\\\/\\\/akunq.net\\\/tr\\\/?s={search_term_string}\"},\"query-input\":{\"@type\":\"PropertyValueSpecification\",\"valueRequired\":true,\"valueName\":\"search_term_string\"}}],\"inLanguage\":\"en-US\"},{\"@type\":\"Person\",\"@id\":\"https:\\\/\\\/akunq.net\\\/tr\\\/#\\\/schema\\\/person\\\/096f1d38a12cce57fb855b485ed24c9e\",\"name\":\"admin\",\"url\":\"https:\\\/\\\/akunq.net\\\/tr\\\/?author=7\"}]}<\/script>\n<!-- \/ Yoast SEO plugin. -->","yoast_head_json":{"title":"ABD\u2019de 11 Kongre \u00fcyesinden Biden\u2019a mektup: \u2018T\u00fcrkiye\u2019ye F-16 sat\u0131lmamal\u0131\u2019 - Bati Ermenistan Ve Bati Ermenileri Sorunlari Ara\u015ftirmalar Merkezi","robots":{"index":"index","follow":"follow","max-snippet":"max-snippet:-1","max-image-preview":"max-image-preview:large","max-video-preview":"max-video-preview:-1"},"canonical":"https:\/\/akunq.net\/tr\/?p=65389","og_locale":"en_US","og_type":"article","og_title":"ABD\u2019de 11 Kongre \u00fcyesinden Biden\u2019a mektup: \u2018T\u00fcrkiye\u2019ye F-16 sat\u0131lmamal\u0131\u2019 - Bati Ermenistan Ve Bati Ermenileri Sorunlari Ara\u015ftirmalar Merkezi","og_description":"ABD Temsilciler Meclisi\u2019nin 11 \u00fcyesi Ba\u015fkan Joe Biden ve D\u0131\u015fi\u015fleri Bakan\u0131 Antony Blinken\u2019a bir mektup g\u00f6ndererek T\u00fcrkiye\u2019ye F-16 sava\u015f u\u00e7aklar\u0131 sat\u0131lmamas\u0131 \u00e7a\u011fr\u0131s\u0131nda bulundu. Aralar\u0131nda hem Demokrat hem Cumhuriyet\u00e7i Parti\u2019den isimlerin yer ald\u0131\u011f\u0131 \u00fcyeler mektupta, Amerikan Kongresi\u2019nin F-16 sat\u0131\u015f\u0131n\u0131 engelleyece\u011finden emin olduklar\u0131n\u0131 s\u00f6yledi. Reuters haber ajans\u0131, mektubun 25 Ekim tarihli oldu\u011funu bildirdi. Ajans\u0131n haberine g\u00f6re mektupta [&hellip;]","og_url":"https:\/\/akunq.net\/tr\/?p=65389","og_site_name":"Bati Ermenistan Ve Bati Ermenileri Sorunlari Ara\u015ftirmalar Merkezi","article_published_time":"2021-10-29T07:20:50+00:00","og_image":[{"width":640,"height":448,"url":"https:\/\/akunq.net\/tr\/wp-content\/uploads\/sites\/6\/2021\/10\/F-16.jpg","type":"image\/jpeg"}],"author":"admin","twitter_card":"summary_large_image","twitter_misc":{"Written by":"admin","Est. reading time":"1 minute"},"schema":{"@context":"https:\/\/schema.org","@graph":[{"@type":"Article","@id":"https:\/\/akunq.net\/tr\/?p=65389#article","isPartOf":{"@id":"https:\/\/akunq.net\/tr\/?p=65389"},"author":{"name":"admin","@id":"https:\/\/akunq.net\/tr\/#\/schema\/person\/096f1d38a12cce57fb855b485ed24c9e"},"headline":"ABD\u2019de 11 Kongre \u00fcyesinden Biden\u2019a mektup: \u2018T\u00fcrkiye\u2019ye F-16 sat\u0131lmamal\u0131\u2019","datePublished":"2021-10-29T07:20:50+00:00","mainEntityOfPage":{"@id":"https:\/\/akunq.net\/tr\/?p=65389"},"wordCount":294,"commentCount":0,"image":{"@id":"https:\/\/akunq.net\/tr\/?p=65389#primaryimage"},"thumbnailUrl":"https:\/\/akunq.net\/tr\/wp-content\/uploads\/sites\/6\/2021\/10\/F-16.jpg","articleSection":["Haberler"],"inLanguage":"en-US","potentialAction":[{"@type":"CommentAction","name":"Comment","target":["https:\/\/akunq.net\/tr\/?p=65389#respond"]}]},{"@type":"WebPage","@id":"https:\/\/akunq.net\/tr\/?p=65389","url":"https:\/\/akunq.net\/tr\/?p=65389","name":"ABD\u2019de 11 Kongre \u00fcyesinden Biden\u2019a mektup: \u2018T\u00fcrkiye\u2019ye F-16 sat\u0131lmamal\u0131\u2019 - Bati Ermenistan Ve Bati Ermenileri Sorunlari Ara\u015ftirmalar Merkezi","isPartOf":{"@id":"https:\/\/akunq.net\/tr\/#website"},"primaryImageOfPage":{"@id":"https:\/\/akunq.net\/tr\/?p=65389#primaryimage"},"image":{"@id":"https:\/\/akunq.net\/tr\/?p=65389#primaryimage"},"thumbnailUrl":"https:\/\/akunq.net\/tr\/wp-content\/uploads\/sites\/6\/2021\/10\/F-16.jpg","datePublished":"2021-10-29T07:20:50+00:00","author":{"@id":"https:\/\/akunq.net\/tr\/#\/schema\/person\/096f1d38a12cce57fb855b485ed24c9e"},"breadcrumb":{"@id":"https:\/\/akunq.net\/tr\/?p=65389#breadcrumb"},"inLanguage":"en-US","potentialAction":[{"@type":"ReadAction","target":["https:\/\/akunq.net\/tr\/?p=65389"]}]},{"@type":"ImageObject","inLanguage":"en-US","@id":"https:\/\/akunq.net\/tr\/?p=65389#primaryimage","url":"https:\/\/akunq.net\/tr\/wp-content\/uploads\/sites\/6\/2021\/10\/F-16.jpg","contentUrl":"https:\/\/akunq.net\/tr\/wp-content\/uploads\/sites\/6\/2021\/10\/F-16.jpg","width":640,"height":448},{"@type":"BreadcrumbList","@id":"https:\/\/akunq.net\/tr\/?p=65389#breadcrumb","itemListElement":[{"@type":"ListItem","position":1,"name":"Home","item":"https:\/\/akunq.net\/tr"},{"@type":"ListItem","position":2,"name":"ABD\u2019de 11 Kongre \u00fcyesinden Biden\u2019a mektup: \u2018T\u00fcrkiye\u2019ye F-16 sat\u0131lmamal\u0131\u2019"}]},{"@type":"WebSite","@id":"https:\/\/akunq.net\/tr\/#website","url":"https:\/\/akunq.net\/tr\/","name":"Bati Ermenistan Ve Bati Ermenileri Sorunlari Ara\u015ftirmalar Merkezi","description":"","potentialAction":[{"@type":"SearchAction","target":{"@type":"EntryPoint","urlTemplate":"https:\/\/akunq.net\/tr\/?s={search_term_string}"},"query-input":{"@type":"PropertyValueSpecification","valueRequired":true,"valueName":"search_term_string"}}],"inLanguage":"en-US"},{"@type":"Person","@id":"https:\/\/akunq.net\/tr\/#\/schema\/person\/096f1d38a12cce57fb855b485ed24c9e","name":"admin","url":"https:\/\/akunq.net\/tr\/?author=7"}]}},"_links":{"self":[{"href":"https:\/\/akunq.net\/tr\/index.php?rest_route=\/wp\/v2\/posts\/65389","targetHints":{"allow":["GET"]}}],"collection":[{"href":"https:\/\/akunq.net\/tr\/index.php?rest_route=\/wp\/v2\/posts"}],"about":[{"href":"https:\/\/akunq.net\/tr\/index.php?rest_route=\/wp\/v2\/types\/post"}],"author":[{"embeddable":true,"href":"https:\/\/akunq.net\/tr\/index.php?rest_route=\/wp\/v2\/users\/7"}],"replies":[{"embeddable":true,"href":"https:\/\/akunq.net\/tr\/index.php?rest_route=%2Fwp%2Fv2%2Fcomments&post=65389"}],"version-history":[{"count":1,"href":"https:\/\/akunq.net\/tr\/index.php?rest_route=\/wp\/v2\/posts\/65389\/revisions"}],"predecessor-version":[{"id":65391,"href":"https:\/\/akunq.net\/tr\/index.php?rest_route=\/wp\/v2\/posts\/65389\/revisions\/65391"}],"wp:featuredmedia":[{"embeddable":true,"href":"https:\/\/akunq.net\/tr\/index.php?rest_route=\/wp\/v2\/media\/65390"}],"wp:attachment":[{"href":"https:\/\/akunq.net\/tr\/index.php?rest_route=%2Fwp%2Fv2%2Fmedia&parent=65389"}],"wp:term":[{"taxonomy":"category","embeddable":true,"href":"https:\/\/akunq.net\/tr\/index.php?rest_route=%2Fwp%2Fv2%2Fcategories&post=65389"},{"taxonomy":"post_tag","embeddable":true,"href":"https:\/\/akunq.net\/tr\/index.php?rest_route=%2Fwp%2Fv2%2Ftags&post=65389"}],"curies":[{"name":"wp","href":"https:\/\/api.w.org\/{rel}","templated":true}]}}