{"id":65380,"date":"2021-10-29T01:13:22","date_gmt":"2021-10-29T06:13:22","guid":{"rendered":"https:\/\/akunq.net\/tr\/?p=65380"},"modified":"2021-10-29T01:13:22","modified_gmt":"2021-10-29T06:13:22","slug":"turkiye-ermeni-toplumundan-bir-kisi-kaymakam-olmaya-hak-kazandi","status":"publish","type":"post","link":"https:\/\/akunq.net\/tr\/?p=65380","title":{"rendered":"T\u00fcrkiye Ermeni toplumundan bir ki\u015fi kaymakam olmaya hak kazand\u0131"},"content":{"rendered":"<p><img loading=\"lazy\" decoding=\"async\" class=\"aligncenter size-medium wp-image-65381\" src=\"https:\/\/akunq.net\/tr\/wp-content\/uploads\/2021\/10\/Icisleri-Bakanligi-360x188.jpg\" alt=\"\" width=\"360\" height=\"188\" srcset=\"https:\/\/akunq.net\/tr\/wp-content\/uploads\/sites\/6\/2021\/10\/Icisleri-Bakanligi-360x188.jpg 360w, https:\/\/akunq.net\/tr\/wp-content\/uploads\/sites\/6\/2021\/10\/Icisleri-Bakanligi-560x292.jpg 560w, https:\/\/akunq.net\/tr\/wp-content\/uploads\/sites\/6\/2021\/10\/Icisleri-Bakanligi-260x135.jpg 260w, https:\/\/akunq.net\/tr\/wp-content\/uploads\/sites\/6\/2021\/10\/Icisleri-Bakanligi-160x83.jpg 160w, https:\/\/akunq.net\/tr\/wp-content\/uploads\/sites\/6\/2021\/10\/Icisleri-Bakanligi.jpg 616w\" sizes=\"auto, (max-width: 360px) 100vw, 360px\" \/><\/p>\n<p><strong><em>T\u00fcrkiye Ermeni toplumundan avukat Berk Acar t\u00fcm s\u0131navlar\u0131 ge\u00e7erek Kaymakam olmaya hak kazand\u0131. Acar&#8217;\u0131n \u00f6n\u00fcm\u00fczdeki d\u00f6nemde g\u00f6rev almas\u0131 bekleniyor.<\/em><\/strong><\/p>\n<p>1995 y\u0131l\u0131nda \u0130stanbul&#8217;da do\u011fan Berk Acar \u00d6zel Sahakyan Nunyan Ermeni Ortaokulu&#8217;nu ve I\u015f\u0131k Lisesi&#8217;ni bitirdi.<\/p>\n<p>2020 y\u0131l\u0131nda Bilgi \u00dcniversitesi Hukuk B\u00f6l\u00fcm\u00fc&#8217;nden mezun olan Acar \u0130ngilizce biliyor.<\/p>\n<p>Bir s\u00fcre avukatl\u0131k yapan Berk Acar\u00a0t\u00fcm s\u0131navlar\u0131 ge\u00e7erek Kaymakam olmaya hak kazand\u0131. Acar&#8217;\u0131n gerekli e\u011fitimler sonras\u0131 \u00f6n\u00fcm\u00fczdeki d\u00f6nemde g\u00f6rev almas\u0131 bekleniyor.<\/p>\n<p>Acar&#8217;\u0131n kaymakam olarak atanmas\u0131yla Cumhuriyet d\u00f6neminde bir ilk ger\u00e7ekle\u015fecek ve T\u00fcrkiye Ermenileri&#8217;nden bir ki\u015fi ilk kez kaymakaml\u0131k g\u00f6revini yapacak.<\/p>\n<p><em><strong>http:\/\/www.agos.com.tr\/tr\/yazi\/26345\/turkiye-ermeni-toplumundan-bir-kisi-kaymakam-olmaya-hak-kazandi\u00a0<\/strong><\/em><\/p>\n<div class=\"cf\"><\/div>\n<div class=\"tagcloud\">\n<h4><\/h4>\n<\/div>\n","protected":false},"excerpt":{"rendered":"<p>T\u00fcrkiye Ermeni toplumundan avukat Berk Acar t\u00fcm s\u0131navlar\u0131 ge\u00e7erek Kaymakam olmaya hak kazand\u0131. Acar&#8217;\u0131n \u00f6n\u00fcm\u00fczdeki d\u00f6nemde g\u00f6rev almas\u0131 bekleniyor. 1995 y\u0131l\u0131nda \u0130stanbul&#8217;da do\u011fan Berk Acar \u00d6zel Sahakyan Nunyan Ermeni Ortaokulu&#8217;nu ve I\u015f\u0131k Lisesi&#8217;ni bitirdi. 2020 y\u0131l\u0131nda Bilgi \u00dcniversitesi Hukuk B\u00f6l\u00fcm\u00fc&#8217;nden mezun olan Acar \u0130ngilizce biliyor. Bir s\u00fcre avukatl\u0131k yapan Berk Acar\u00a0t\u00fcm s\u0131navlar\u0131 ge\u00e7erek Kaymakam olmaya [&hellip;]<\/p>\n","protected":false},"author":7,"featured_media":65381,"comment_status":"open","ping_status":"open","sticky":false,"template":"","format":"standard","meta":{"footnotes":""},"categories":[1],"tags":[],"class_list":["post-65380","post","type-post","status-publish","format-standard","has-post-thumbnail","hentry","category-haberler"],"yoast_head":"<!-- This site is optimized with the Yoast SEO plugin v27.4 - https:\/\/yoast.com\/product\/yoast-seo-wordpress\/ -->\n<title>T\u00fcrkiye Ermeni toplumundan bir ki\u015fi kaymakam olmaya hak kazand\u0131 - Bati Ermenistan Ve Bati Ermenileri Sorunlari Ara\u015ftirmalar Merkezi<\/title>\n<meta name=\"robots\" content=\"index, follow, max-snippet:-1, max-image-preview:large, max-video-preview:-1\" \/>\n<link rel=\"canonical\" href=\"https:\/\/akunq.net\/tr\/?p=65380\" \/>\n<meta property=\"og:locale\" content=\"en_US\" \/>\n<meta property=\"og:type\" content=\"article\" \/>\n<meta property=\"og:title\" content=\"T\u00fcrkiye Ermeni toplumundan bir ki\u015fi kaymakam olmaya hak kazand\u0131 - Bati Ermenistan Ve Bati Ermenileri Sorunlari Ara\u015ftirmalar Merkezi\" \/>\n<meta property=\"og:description\" content=\"T\u00fcrkiye Ermeni toplumundan avukat Berk Acar t\u00fcm s\u0131navlar\u0131 ge\u00e7erek Kaymakam olmaya hak kazand\u0131. Acar&#8217;\u0131n \u00f6n\u00fcm\u00fczdeki d\u00f6nemde g\u00f6rev almas\u0131 bekleniyor. 1995 y\u0131l\u0131nda \u0130stanbul&#8217;da do\u011fan Berk Acar \u00d6zel Sahakyan Nunyan Ermeni Ortaokulu&#8217;nu ve I\u015f\u0131k Lisesi&#8217;ni bitirdi. 2020 y\u0131l\u0131nda Bilgi \u00dcniversitesi Hukuk B\u00f6l\u00fcm\u00fc&#8217;nden mezun olan Acar \u0130ngilizce biliyor. Bir s\u00fcre avukatl\u0131k yapan Berk Acar\u00a0t\u00fcm s\u0131navlar\u0131 ge\u00e7erek Kaymakam olmaya [&hellip;]\" \/>\n<meta property=\"og:url\" content=\"https:\/\/akunq.net\/tr\/?p=65380\" \/>\n<meta property=\"og:site_name\" content=\"Bati Ermenistan Ve Bati Ermenileri Sorunlari Ara\u015ftirmalar Merkezi\" \/>\n<meta property=\"article:published_time\" content=\"2021-10-29T06:13:22+00:00\" \/>\n<meta property=\"og:image\" content=\"https:\/\/akunq.net\/tr\/wp-content\/uploads\/sites\/6\/2021\/10\/Icisleri-Bakanligi.jpg\" \/>\n\t<meta property=\"og:image:width\" content=\"616\" \/>\n\t<meta property=\"og:image:height\" content=\"321\" \/>\n\t<meta property=\"og:image:type\" content=\"image\/jpeg\" \/>\n<meta name=\"author\" content=\"admin\" \/>\n<meta name=\"twitter:card\" content=\"summary_large_image\" \/>\n<meta name=\"twitter:label1\" content=\"Written by\" \/>\n\t<meta name=\"twitter:data1\" content=\"admin\" \/>\n\t<meta name=\"twitter:label2\" content=\"Est. reading time\" \/>\n\t<meta name=\"twitter:data2\" content=\"1 minute\" \/>\n<script type=\"application\/ld+json\" class=\"yoast-schema-graph\">{\"@context\":\"https:\\\/\\\/schema.org\",\"@graph\":[{\"@type\":\"Article\",\"@id\":\"https:\\\/\\\/akunq.net\\\/tr\\\/?p=65380#article\",\"isPartOf\":{\"@id\":\"https:\\\/\\\/akunq.net\\\/tr\\\/?p=65380\"},\"author\":{\"name\":\"admin\",\"@id\":\"https:\\\/\\\/akunq.net\\\/tr\\\/#\\\/schema\\\/person\\\/096f1d38a12cce57fb855b485ed24c9e\"},\"headline\":\"T\u00fcrkiye Ermeni toplumundan bir ki\u015fi kaymakam olmaya hak kazand\u0131\",\"datePublished\":\"2021-10-29T06:13:22+00:00\",\"mainEntityOfPage\":{\"@id\":\"https:\\\/\\\/akunq.net\\\/tr\\\/?p=65380\"},\"wordCount\":141,\"commentCount\":0,\"image\":{\"@id\":\"https:\\\/\\\/akunq.net\\\/tr\\\/?p=65380#primaryimage\"},\"thumbnailUrl\":\"https:\\\/\\\/akunq.net\\\/tr\\\/wp-content\\\/uploads\\\/sites\\\/6\\\/2021\\\/10\\\/Icisleri-Bakanligi.jpg\",\"articleSection\":[\"Haberler\"],\"inLanguage\":\"en-US\",\"potentialAction\":[{\"@type\":\"CommentAction\",\"name\":\"Comment\",\"target\":[\"https:\\\/\\\/akunq.net\\\/tr\\\/?p=65380#respond\"]}]},{\"@type\":\"WebPage\",\"@id\":\"https:\\\/\\\/akunq.net\\\/tr\\\/?p=65380\",\"url\":\"https:\\\/\\\/akunq.net\\\/tr\\\/?p=65380\",\"name\":\"T\u00fcrkiye Ermeni toplumundan bir ki\u015fi kaymakam olmaya hak kazand\u0131 - Bati Ermenistan Ve Bati Ermenileri Sorunlari Ara\u015ftirmalar Merkezi\",\"isPartOf\":{\"@id\":\"https:\\\/\\\/akunq.net\\\/tr\\\/#website\"},\"primaryImageOfPage\":{\"@id\":\"https:\\\/\\\/akunq.net\\\/tr\\\/?p=65380#primaryimage\"},\"image\":{\"@id\":\"https:\\\/\\\/akunq.net\\\/tr\\\/?p=65380#primaryimage\"},\"thumbnailUrl\":\"https:\\\/\\\/akunq.net\\\/tr\\\/wp-content\\\/uploads\\\/sites\\\/6\\\/2021\\\/10\\\/Icisleri-Bakanligi.jpg\",\"datePublished\":\"2021-10-29T06:13:22+00:00\",\"author\":{\"@id\":\"https:\\\/\\\/akunq.net\\\/tr\\\/#\\\/schema\\\/person\\\/096f1d38a12cce57fb855b485ed24c9e\"},\"breadcrumb\":{\"@id\":\"https:\\\/\\\/akunq.net\\\/tr\\\/?p=65380#breadcrumb\"},\"inLanguage\":\"en-US\",\"potentialAction\":[{\"@type\":\"ReadAction\",\"target\":[\"https:\\\/\\\/akunq.net\\\/tr\\\/?p=65380\"]}]},{\"@type\":\"ImageObject\",\"inLanguage\":\"en-US\",\"@id\":\"https:\\\/\\\/akunq.net\\\/tr\\\/?p=65380#primaryimage\",\"url\":\"https:\\\/\\\/akunq.net\\\/tr\\\/wp-content\\\/uploads\\\/sites\\\/6\\\/2021\\\/10\\\/Icisleri-Bakanligi.jpg\",\"contentUrl\":\"https:\\\/\\\/akunq.net\\\/tr\\\/wp-content\\\/uploads\\\/sites\\\/6\\\/2021\\\/10\\\/Icisleri-Bakanligi.jpg\",\"width\":616,\"height\":321},{\"@type\":\"BreadcrumbList\",\"@id\":\"https:\\\/\\\/akunq.net\\\/tr\\\/?p=65380#breadcrumb\",\"itemListElement\":[{\"@type\":\"ListItem\",\"position\":1,\"name\":\"Home\",\"item\":\"https:\\\/\\\/akunq.net\\\/tr\"},{\"@type\":\"ListItem\",\"position\":2,\"name\":\"T\u00fcrkiye Ermeni toplumundan bir ki\u015fi kaymakam olmaya hak kazand\u0131\"}]},{\"@type\":\"WebSite\",\"@id\":\"https:\\\/\\\/akunq.net\\\/tr\\\/#website\",\"url\":\"https:\\\/\\\/akunq.net\\\/tr\\\/\",\"name\":\"Bati Ermenistan Ve Bati Ermenileri Sorunlari Ara\u015ftirmalar Merkezi\",\"description\":\"\",\"potentialAction\":[{\"@type\":\"SearchAction\",\"target\":{\"@type\":\"EntryPoint\",\"urlTemplate\":\"https:\\\/\\\/akunq.net\\\/tr\\\/?s={search_term_string}\"},\"query-input\":{\"@type\":\"PropertyValueSpecification\",\"valueRequired\":true,\"valueName\":\"search_term_string\"}}],\"inLanguage\":\"en-US\"},{\"@type\":\"Person\",\"@id\":\"https:\\\/\\\/akunq.net\\\/tr\\\/#\\\/schema\\\/person\\\/096f1d38a12cce57fb855b485ed24c9e\",\"name\":\"admin\",\"url\":\"https:\\\/\\\/akunq.net\\\/tr\\\/?author=7\"}]}<\/script>\n<!-- \/ Yoast SEO plugin. -->","yoast_head_json":{"title":"T\u00fcrkiye Ermeni toplumundan bir ki\u015fi kaymakam olmaya hak kazand\u0131 - Bati Ermenistan Ve Bati Ermenileri Sorunlari Ara\u015ftirmalar Merkezi","robots":{"index":"index","follow":"follow","max-snippet":"max-snippet:-1","max-image-preview":"max-image-preview:large","max-video-preview":"max-video-preview:-1"},"canonical":"https:\/\/akunq.net\/tr\/?p=65380","og_locale":"en_US","og_type":"article","og_title":"T\u00fcrkiye Ermeni toplumundan bir ki\u015fi kaymakam olmaya hak kazand\u0131 - Bati Ermenistan Ve Bati Ermenileri Sorunlari Ara\u015ftirmalar Merkezi","og_description":"T\u00fcrkiye Ermeni toplumundan avukat Berk Acar t\u00fcm s\u0131navlar\u0131 ge\u00e7erek Kaymakam olmaya hak kazand\u0131. Acar&#8217;\u0131n \u00f6n\u00fcm\u00fczdeki d\u00f6nemde g\u00f6rev almas\u0131 bekleniyor. 1995 y\u0131l\u0131nda \u0130stanbul&#8217;da do\u011fan Berk Acar \u00d6zel Sahakyan Nunyan Ermeni Ortaokulu&#8217;nu ve I\u015f\u0131k Lisesi&#8217;ni bitirdi. 2020 y\u0131l\u0131nda Bilgi \u00dcniversitesi Hukuk B\u00f6l\u00fcm\u00fc&#8217;nden mezun olan Acar \u0130ngilizce biliyor. Bir s\u00fcre avukatl\u0131k yapan Berk Acar\u00a0t\u00fcm s\u0131navlar\u0131 ge\u00e7erek Kaymakam olmaya [&hellip;]","og_url":"https:\/\/akunq.net\/tr\/?p=65380","og_site_name":"Bati Ermenistan Ve Bati Ermenileri Sorunlari Ara\u015ftirmalar Merkezi","article_published_time":"2021-10-29T06:13:22+00:00","og_image":[{"width":616,"height":321,"url":"https:\/\/akunq.net\/tr\/wp-content\/uploads\/sites\/6\/2021\/10\/Icisleri-Bakanligi.jpg","type":"image\/jpeg"}],"author":"admin","twitter_card":"summary_large_image","twitter_misc":{"Written by":"admin","Est. reading time":"1 minute"},"schema":{"@context":"https:\/\/schema.org","@graph":[{"@type":"Article","@id":"https:\/\/akunq.net\/tr\/?p=65380#article","isPartOf":{"@id":"https:\/\/akunq.net\/tr\/?p=65380"},"author":{"name":"admin","@id":"https:\/\/akunq.net\/tr\/#\/schema\/person\/096f1d38a12cce57fb855b485ed24c9e"},"headline":"T\u00fcrkiye Ermeni toplumundan bir ki\u015fi kaymakam olmaya hak kazand\u0131","datePublished":"2021-10-29T06:13:22+00:00","mainEntityOfPage":{"@id":"https:\/\/akunq.net\/tr\/?p=65380"},"wordCount":141,"commentCount":0,"image":{"@id":"https:\/\/akunq.net\/tr\/?p=65380#primaryimage"},"thumbnailUrl":"https:\/\/akunq.net\/tr\/wp-content\/uploads\/sites\/6\/2021\/10\/Icisleri-Bakanligi.jpg","articleSection":["Haberler"],"inLanguage":"en-US","potentialAction":[{"@type":"CommentAction","name":"Comment","target":["https:\/\/akunq.net\/tr\/?p=65380#respond"]}]},{"@type":"WebPage","@id":"https:\/\/akunq.net\/tr\/?p=65380","url":"https:\/\/akunq.net\/tr\/?p=65380","name":"T\u00fcrkiye Ermeni toplumundan bir ki\u015fi kaymakam olmaya hak kazand\u0131 - Bati Ermenistan Ve Bati Ermenileri Sorunlari Ara\u015ftirmalar Merkezi","isPartOf":{"@id":"https:\/\/akunq.net\/tr\/#website"},"primaryImageOfPage":{"@id":"https:\/\/akunq.net\/tr\/?p=65380#primaryimage"},"image":{"@id":"https:\/\/akunq.net\/tr\/?p=65380#primaryimage"},"thumbnailUrl":"https:\/\/akunq.net\/tr\/wp-content\/uploads\/sites\/6\/2021\/10\/Icisleri-Bakanligi.jpg","datePublished":"2021-10-29T06:13:22+00:00","author":{"@id":"https:\/\/akunq.net\/tr\/#\/schema\/person\/096f1d38a12cce57fb855b485ed24c9e"},"breadcrumb":{"@id":"https:\/\/akunq.net\/tr\/?p=65380#breadcrumb"},"inLanguage":"en-US","potentialAction":[{"@type":"ReadAction","target":["https:\/\/akunq.net\/tr\/?p=65380"]}]},{"@type":"ImageObject","inLanguage":"en-US","@id":"https:\/\/akunq.net\/tr\/?p=65380#primaryimage","url":"https:\/\/akunq.net\/tr\/wp-content\/uploads\/sites\/6\/2021\/10\/Icisleri-Bakanligi.jpg","contentUrl":"https:\/\/akunq.net\/tr\/wp-content\/uploads\/sites\/6\/2021\/10\/Icisleri-Bakanligi.jpg","width":616,"height":321},{"@type":"BreadcrumbList","@id":"https:\/\/akunq.net\/tr\/?p=65380#breadcrumb","itemListElement":[{"@type":"ListItem","position":1,"name":"Home","item":"https:\/\/akunq.net\/tr"},{"@type":"ListItem","position":2,"name":"T\u00fcrkiye Ermeni toplumundan bir ki\u015fi kaymakam olmaya hak kazand\u0131"}]},{"@type":"WebSite","@id":"https:\/\/akunq.net\/tr\/#website","url":"https:\/\/akunq.net\/tr\/","name":"Bati Ermenistan Ve Bati Ermenileri Sorunlari Ara\u015ftirmalar Merkezi","description":"","potentialAction":[{"@type":"SearchAction","target":{"@type":"EntryPoint","urlTemplate":"https:\/\/akunq.net\/tr\/?s={search_term_string}"},"query-input":{"@type":"PropertyValueSpecification","valueRequired":true,"valueName":"search_term_string"}}],"inLanguage":"en-US"},{"@type":"Person","@id":"https:\/\/akunq.net\/tr\/#\/schema\/person\/096f1d38a12cce57fb855b485ed24c9e","name":"admin","url":"https:\/\/akunq.net\/tr\/?author=7"}]}},"_links":{"self":[{"href":"https:\/\/akunq.net\/tr\/index.php?rest_route=\/wp\/v2\/posts\/65380","targetHints":{"allow":["GET"]}}],"collection":[{"href":"https:\/\/akunq.net\/tr\/index.php?rest_route=\/wp\/v2\/posts"}],"about":[{"href":"https:\/\/akunq.net\/tr\/index.php?rest_route=\/wp\/v2\/types\/post"}],"author":[{"embeddable":true,"href":"https:\/\/akunq.net\/tr\/index.php?rest_route=\/wp\/v2\/users\/7"}],"replies":[{"embeddable":true,"href":"https:\/\/akunq.net\/tr\/index.php?rest_route=%2Fwp%2Fv2%2Fcomments&post=65380"}],"version-history":[{"count":1,"href":"https:\/\/akunq.net\/tr\/index.php?rest_route=\/wp\/v2\/posts\/65380\/revisions"}],"predecessor-version":[{"id":65382,"href":"https:\/\/akunq.net\/tr\/index.php?rest_route=\/wp\/v2\/posts\/65380\/revisions\/65382"}],"wp:featuredmedia":[{"embeddable":true,"href":"https:\/\/akunq.net\/tr\/index.php?rest_route=\/wp\/v2\/media\/65381"}],"wp:attachment":[{"href":"https:\/\/akunq.net\/tr\/index.php?rest_route=%2Fwp%2Fv2%2Fmedia&parent=65380"}],"wp:term":[{"taxonomy":"category","embeddable":true,"href":"https:\/\/akunq.net\/tr\/index.php?rest_route=%2Fwp%2Fv2%2Fcategories&post=65380"},{"taxonomy":"post_tag","embeddable":true,"href":"https:\/\/akunq.net\/tr\/index.php?rest_route=%2Fwp%2Fv2%2Ftags&post=65380"}],"curies":[{"name":"wp","href":"https:\/\/api.w.org\/{rel}","templated":true}]}}