{"id":65367,"date":"2021-10-28T04:12:36","date_gmt":"2021-10-28T09:12:36","guid":{"rendered":"https:\/\/akunq.net\/tr\/?p=65367"},"modified":"2021-10-28T04:12:36","modified_gmt":"2021-10-28T09:12:36","slug":"kayseride-kesaria-akunq-web-sitesi-gec-roma-erken-bizans-donemine-ait-mozaikli-yapi-bulundu","status":"publish","type":"post","link":"https:\/\/akunq.net\/tr\/?p=65367","title":{"rendered":"Kayseri\u2019de (Kesaria-&#8216;Akunq&#8217; web sitesi) Ge\u00e7 Roma-Erken Bizans d\u00f6nemine ait mozaikli yap\u0131 bulundu"},"content":{"rendered":"<p><img loading=\"lazy\" decoding=\"async\" class=\"aligncenter size-medium wp-image-65368\" src=\"https:\/\/akunq.net\/tr\/wp-content\/uploads\/2021\/10\/Ge\u00e7-Roma-Erken-Bizans-d\u00f6nemine-ait-mozaikli-yap\u0131-360x203.jpg\" alt=\"\" width=\"360\" height=\"203\" srcset=\"https:\/\/akunq.net\/tr\/wp-content\/uploads\/sites\/6\/2021\/10\/Ge\u00e7-Roma-Erken-Bizans-d\u00f6nemine-ait-mozaikli-yap\u0131-360x203.jpg 360w, https:\/\/akunq.net\/tr\/wp-content\/uploads\/sites\/6\/2021\/10\/Ge\u00e7-Roma-Erken-Bizans-d\u00f6nemine-ait-mozaikli-yap\u0131-768x432.jpg 768w, https:\/\/akunq.net\/tr\/wp-content\/uploads\/sites\/6\/2021\/10\/Ge\u00e7-Roma-Erken-Bizans-d\u00f6nemine-ait-mozaikli-yap\u0131-560x315.jpg 560w, https:\/\/akunq.net\/tr\/wp-content\/uploads\/sites\/6\/2021\/10\/Ge\u00e7-Roma-Erken-Bizans-d\u00f6nemine-ait-mozaikli-yap\u0131-260x146.jpg 260w, https:\/\/akunq.net\/tr\/wp-content\/uploads\/sites\/6\/2021\/10\/Ge\u00e7-Roma-Erken-Bizans-d\u00f6nemine-ait-mozaikli-yap\u0131-160x90.jpg 160w, https:\/\/akunq.net\/tr\/wp-content\/uploads\/sites\/6\/2021\/10\/Ge\u00e7-Roma-Erken-Bizans-d\u00f6nemine-ait-mozaikli-yap\u0131.jpg 864w\" sizes=\"auto, (max-width: 360px) 100vw, 360px\" \/><\/p>\n<p><em><strong>Yakla\u015f\u0131k 300 metrekare sa\u011flam mozaik taban d\u00f6\u015femelerinin yer ald\u0131\u011f\u0131 yap\u0131da, Latince ve Grek\u00e7e yaz\u0131lm\u0131\u015f iki yaz\u0131t da yer al\u0131yor.<\/strong><\/em><\/p>\n<p><strong>Esma K\u00fc\u00e7\u00fck\u015fahin<\/strong><\/p>\n<p>Kayseri\u2019nin (Kesaria-&#8216;Akunq&#8217; web sitesi) \u0130ncesu il\u00e7esinde \u0130\u00e7 Anadolu\u2019daki Ge\u00e7 Roma-Erken Bizans d\u00f6nemine ait en b\u00fcy\u00fck mozaik yap\u0131s\u0131na ula\u015f\u0131ld\u0131\u011f\u0131 bildirildi.<\/p>\n<p>B\u00fcy\u00fck\u015fehir Belediyesinden yap\u0131lan yaz\u0131l\u0131 a\u00e7\u0131klamaya g\u00f6re, \u0130ncesu il\u00e7esinin \u00d6ren\u015fehir Mahallesi K\u00f6y \u0130\u00e7i mevkisinde B\u00fcy\u00fck\u015fehir Belediyesinin destekleriyle Kayseri M\u00fcze M\u00fcd\u00fcrl\u00fc\u011f\u00fcn\u00fcn denetiminde arkeolojik kaz\u0131 \u00e7al\u0131\u015fmalar\u0131 ba\u015flat\u0131ld\u0131.<\/p>\n<p>\u00c7al\u0131\u015fmalarda, Ge\u00e7 Roma-Erken Bizans d\u00f6nemine ait sivil konut \u00f6rnekleri, geometrik ve bitkisel fig\u00fcrl\u00fc s\u00fcslemeler ile Grek\u00e7e ve Latince yaz\u0131tlar ortaya \u00e7\u0131kar\u0131ld\u0131.<\/p>\n<p>Yakla\u015f\u0131k 300 metrekare b\u00fcy\u00fckl\u00fc\u011f\u00fcnde sa\u011flam mozaik taban d\u00f6\u015femelerinin yer ald\u0131\u011f\u0131 yap\u0131da, 10\u2019dan fazla oda a\u00e7\u0131ld\u0131.<\/p>\n<p>Kaz\u0131 \u00e7al\u0131\u015fmalar\u0131n\u0131n devam etti\u011fi alan, tespiti yap\u0131lan \u0130\u00e7 Anadolu\u2019daki en b\u00fcy\u00fck mozaikli yap\u0131 olarak dikkati \u00e7ekiyor.<\/p>\n<p>Yap\u0131da, kurtarma kaz\u0131lar\u0131 sonucu iki mozaik yaz\u0131t da ortaya \u00e7\u0131kar\u0131ld\u0131. Latince yaz\u0131 bulunan mozaik, dikd\u00f6rtgen planl\u0131 bir yap\u0131n\u0131n taban\u0131nda yer al\u0131rken, Grek\u00e7e yaz\u0131 bulunan di\u011fer mozaik ise k\u0131smen korunmu\u015f olan duvarla \u00e7evrili bir ba\u015fka binan\u0131n taban\u0131nda bulundu.<\/p>\n<p>Latince mozaikte \u201c30. y\u0131l d\u00f6n\u00fcm\u00fc vesilesiyle ve 40. y\u0131la ula\u015fmas\u0131 i\u00e7in dualar\u0131m\u0131zla. Bu bina (Fabrica), dostu (Comes) Hyacinthos\u2019un \u00f6nderli\u011finde in\u015fa edildi. Sen, ey bina, \u015fimdi en g\u00f6rkemli d\u00fczeye ula\u015ft\u0131n\u201d ifadeleri yer al\u0131yor.<\/p>\n<p>Grek\u00e7e mozaikte ise \u201cSa\u011fl\u0131kl\u0131 olarak gir\u201d veya \u201cSa\u011fl\u0131kl\u0131 isen gir\u201d yazd\u0131\u011f\u0131 belirtildi.<\/p>\n<p>Kaz\u0131 alan\u0131nda Vali \u015eehmus G\u00fcnayd\u0131n ve B\u00fcy\u00fck\u015fehir Belediye Ba\u015fkan\u0131 Memduh B\u00fcy\u00fckk\u0131l\u0131\u00e7 ile \u0130l K\u00fclt\u00fcr ve Turizm M\u00fcd\u00fcr\u00fc \u015e\u00fckr\u00fc Dursun da inceleme yapt\u0131.<\/p>\n<p>Burada konu\u015fan B\u00fcy\u00fckk\u0131l\u0131\u00e7, Kayseri\u2019nin d\u00f6rt bir yan\u0131nda kaz\u0131 \u00e7al\u0131\u015fmalar\u0131 yap\u0131ld\u0131\u011f\u0131n\u0131, \u0130ncesu il\u00e7esindeki mozaik yap\u0131n\u0131n da kendilerini heyecanland\u0131rd\u0131\u011f\u0131n\u0131 belirtti.<\/p>\n<p>Vali G\u00fcnayd\u0131n ise bulunan mozaiklerin \u00e7ok \u00f6zellikli oldu\u011funu ve fazla tahrip olmad\u0131klar\u0131n\u0131 ifade ederek, \u00e7al\u0131\u015fmalar\u0131 y\u00fcr\u00fcten B\u00fcy\u00fck\u015fehir Belediyesine te\u015fekk\u00fcr etti.<\/p>\n<hr \/>\n<p><em><strong><a href=\"https:\/\/www.aa.com.tr\/tr\/kultur-sanat\/kayseride-gec-roma-erken-bizans-donemine-ait-mozaikli-yapi-bulundu\/2404617\" target=\"_blank\" rel=\"noopener noreferrer\">AA<\/a><\/strong><\/em><\/p>\n","protected":false},"excerpt":{"rendered":"<p>Yakla\u015f\u0131k 300 metrekare sa\u011flam mozaik taban d\u00f6\u015femelerinin yer ald\u0131\u011f\u0131 yap\u0131da, Latince ve Grek\u00e7e yaz\u0131lm\u0131\u015f iki yaz\u0131t da yer al\u0131yor. Esma K\u00fc\u00e7\u00fck\u015fahin Kayseri\u2019nin (Kesaria-&#8216;Akunq&#8217; web sitesi) \u0130ncesu il\u00e7esinde \u0130\u00e7 Anadolu\u2019daki Ge\u00e7 Roma-Erken Bizans d\u00f6nemine ait en b\u00fcy\u00fck mozaik yap\u0131s\u0131na ula\u015f\u0131ld\u0131\u011f\u0131 bildirildi. B\u00fcy\u00fck\u015fehir Belediyesinden yap\u0131lan yaz\u0131l\u0131 a\u00e7\u0131klamaya g\u00f6re, \u0130ncesu il\u00e7esinin \u00d6ren\u015fehir Mahallesi K\u00f6y \u0130\u00e7i mevkisinde B\u00fcy\u00fck\u015fehir Belediyesinin [&hellip;]<\/p>\n","protected":false},"author":7,"featured_media":65368,"comment_status":"open","ping_status":"open","sticky":false,"template":"","format":"standard","meta":{"footnotes":""},"categories":[1],"tags":[],"class_list":["post-65367","post","type-post","status-publish","format-standard","has-post-thumbnail","hentry","category-haberler"],"yoast_head":"<!-- This site is optimized with the Yoast SEO plugin v27.4 - https:\/\/yoast.com\/product\/yoast-seo-wordpress\/ -->\n<title>Kayseri\u2019de (Kesaria-&#039;Akunq&#039; web sitesi) Ge\u00e7 Roma-Erken Bizans d\u00f6nemine ait mozaikli yap\u0131 bulundu - Bati Ermenistan Ve Bati Ermenileri Sorunlari Ara\u015ftirmalar Merkezi<\/title>\n<meta name=\"robots\" content=\"index, follow, max-snippet:-1, max-image-preview:large, max-video-preview:-1\" \/>\n<link rel=\"canonical\" href=\"https:\/\/akunq.net\/tr\/?p=65367\" \/>\n<meta property=\"og:locale\" content=\"en_US\" \/>\n<meta property=\"og:type\" content=\"article\" \/>\n<meta property=\"og:title\" content=\"Kayseri\u2019de (Kesaria-&#039;Akunq&#039; web sitesi) Ge\u00e7 Roma-Erken Bizans d\u00f6nemine ait mozaikli yap\u0131 bulundu - Bati Ermenistan Ve Bati Ermenileri Sorunlari Ara\u015ftirmalar Merkezi\" \/>\n<meta property=\"og:description\" content=\"Yakla\u015f\u0131k 300 metrekare sa\u011flam mozaik taban d\u00f6\u015femelerinin yer ald\u0131\u011f\u0131 yap\u0131da, Latince ve Grek\u00e7e yaz\u0131lm\u0131\u015f iki yaz\u0131t da yer al\u0131yor. Esma K\u00fc\u00e7\u00fck\u015fahin Kayseri\u2019nin (Kesaria-&#8216;Akunq&#8217; web sitesi) \u0130ncesu il\u00e7esinde \u0130\u00e7 Anadolu\u2019daki Ge\u00e7 Roma-Erken Bizans d\u00f6nemine ait en b\u00fcy\u00fck mozaik yap\u0131s\u0131na ula\u015f\u0131ld\u0131\u011f\u0131 bildirildi. B\u00fcy\u00fck\u015fehir Belediyesinden yap\u0131lan yaz\u0131l\u0131 a\u00e7\u0131klamaya g\u00f6re, \u0130ncesu il\u00e7esinin \u00d6ren\u015fehir Mahallesi K\u00f6y \u0130\u00e7i mevkisinde B\u00fcy\u00fck\u015fehir Belediyesinin [&hellip;]\" \/>\n<meta property=\"og:url\" content=\"https:\/\/akunq.net\/tr\/?p=65367\" \/>\n<meta property=\"og:site_name\" content=\"Bati Ermenistan Ve Bati Ermenileri Sorunlari Ara\u015ftirmalar Merkezi\" \/>\n<meta property=\"article:published_time\" content=\"2021-10-28T09:12:36+00:00\" \/>\n<meta property=\"og:image\" content=\"https:\/\/akunq.net\/tr\/wp-content\/uploads\/sites\/6\/2021\/10\/Ge\u00e7-Roma-Erken-Bizans-d\u00f6nemine-ait-mozaikli-yap\u0131.jpg\" \/>\n\t<meta property=\"og:image:width\" content=\"864\" \/>\n\t<meta property=\"og:image:height\" content=\"486\" \/>\n\t<meta property=\"og:image:type\" content=\"image\/jpeg\" \/>\n<meta name=\"author\" content=\"admin\" \/>\n<meta name=\"twitter:card\" content=\"summary_large_image\" \/>\n<meta name=\"twitter:label1\" content=\"Written by\" \/>\n\t<meta name=\"twitter:data1\" content=\"admin\" \/>\n\t<meta name=\"twitter:label2\" content=\"Est. reading time\" \/>\n\t<meta name=\"twitter:data2\" content=\"2 minutes\" \/>\n<script type=\"application\/ld+json\" class=\"yoast-schema-graph\">{\"@context\":\"https:\\\/\\\/schema.org\",\"@graph\":[{\"@type\":\"Article\",\"@id\":\"https:\\\/\\\/akunq.net\\\/tr\\\/?p=65367#article\",\"isPartOf\":{\"@id\":\"https:\\\/\\\/akunq.net\\\/tr\\\/?p=65367\"},\"author\":{\"name\":\"admin\",\"@id\":\"https:\\\/\\\/akunq.net\\\/tr\\\/#\\\/schema\\\/person\\\/096f1d38a12cce57fb855b485ed24c9e\"},\"headline\":\"Kayseri\u2019de (Kesaria-&#8216;Akunq&#8217; web sitesi) Ge\u00e7 Roma-Erken Bizans d\u00f6nemine ait mozaikli yap\u0131 bulundu\",\"datePublished\":\"2021-10-28T09:12:36+00:00\",\"mainEntityOfPage\":{\"@id\":\"https:\\\/\\\/akunq.net\\\/tr\\\/?p=65367\"},\"wordCount\":407,\"commentCount\":0,\"image\":{\"@id\":\"https:\\\/\\\/akunq.net\\\/tr\\\/?p=65367#primaryimage\"},\"thumbnailUrl\":\"https:\\\/\\\/akunq.net\\\/tr\\\/wp-content\\\/uploads\\\/sites\\\/6\\\/2021\\\/10\\\/Ge\u00e7-Roma-Erken-Bizans-d\u00f6nemine-ait-mozaikli-yap\u0131.jpg\",\"articleSection\":[\"Haberler\"],\"inLanguage\":\"en-US\",\"potentialAction\":[{\"@type\":\"CommentAction\",\"name\":\"Comment\",\"target\":[\"https:\\\/\\\/akunq.net\\\/tr\\\/?p=65367#respond\"]}]},{\"@type\":\"WebPage\",\"@id\":\"https:\\\/\\\/akunq.net\\\/tr\\\/?p=65367\",\"url\":\"https:\\\/\\\/akunq.net\\\/tr\\\/?p=65367\",\"name\":\"Kayseri\u2019de (Kesaria-'Akunq' web sitesi) Ge\u00e7 Roma-Erken Bizans d\u00f6nemine ait mozaikli yap\u0131 bulundu - Bati Ermenistan Ve Bati Ermenileri Sorunlari Ara\u015ftirmalar Merkezi\",\"isPartOf\":{\"@id\":\"https:\\\/\\\/akunq.net\\\/tr\\\/#website\"},\"primaryImageOfPage\":{\"@id\":\"https:\\\/\\\/akunq.net\\\/tr\\\/?p=65367#primaryimage\"},\"image\":{\"@id\":\"https:\\\/\\\/akunq.net\\\/tr\\\/?p=65367#primaryimage\"},\"thumbnailUrl\":\"https:\\\/\\\/akunq.net\\\/tr\\\/wp-content\\\/uploads\\\/sites\\\/6\\\/2021\\\/10\\\/Ge\u00e7-Roma-Erken-Bizans-d\u00f6nemine-ait-mozaikli-yap\u0131.jpg\",\"datePublished\":\"2021-10-28T09:12:36+00:00\",\"author\":{\"@id\":\"https:\\\/\\\/akunq.net\\\/tr\\\/#\\\/schema\\\/person\\\/096f1d38a12cce57fb855b485ed24c9e\"},\"breadcrumb\":{\"@id\":\"https:\\\/\\\/akunq.net\\\/tr\\\/?p=65367#breadcrumb\"},\"inLanguage\":\"en-US\",\"potentialAction\":[{\"@type\":\"ReadAction\",\"target\":[\"https:\\\/\\\/akunq.net\\\/tr\\\/?p=65367\"]}]},{\"@type\":\"ImageObject\",\"inLanguage\":\"en-US\",\"@id\":\"https:\\\/\\\/akunq.net\\\/tr\\\/?p=65367#primaryimage\",\"url\":\"https:\\\/\\\/akunq.net\\\/tr\\\/wp-content\\\/uploads\\\/sites\\\/6\\\/2021\\\/10\\\/Ge\u00e7-Roma-Erken-Bizans-d\u00f6nemine-ait-mozaikli-yap\u0131.jpg\",\"contentUrl\":\"https:\\\/\\\/akunq.net\\\/tr\\\/wp-content\\\/uploads\\\/sites\\\/6\\\/2021\\\/10\\\/Ge\u00e7-Roma-Erken-Bizans-d\u00f6nemine-ait-mozaikli-yap\u0131.jpg\",\"width\":864,\"height\":486},{\"@type\":\"BreadcrumbList\",\"@id\":\"https:\\\/\\\/akunq.net\\\/tr\\\/?p=65367#breadcrumb\",\"itemListElement\":[{\"@type\":\"ListItem\",\"position\":1,\"name\":\"Home\",\"item\":\"https:\\\/\\\/akunq.net\\\/tr\"},{\"@type\":\"ListItem\",\"position\":2,\"name\":\"Kayseri\u2019de (Kesaria-&#8216;Akunq&#8217; web sitesi) Ge\u00e7 Roma-Erken Bizans d\u00f6nemine ait mozaikli yap\u0131 bulundu\"}]},{\"@type\":\"WebSite\",\"@id\":\"https:\\\/\\\/akunq.net\\\/tr\\\/#website\",\"url\":\"https:\\\/\\\/akunq.net\\\/tr\\\/\",\"name\":\"Bati Ermenistan Ve Bati Ermenileri Sorunlari Ara\u015ftirmalar Merkezi\",\"description\":\"\",\"potentialAction\":[{\"@type\":\"SearchAction\",\"target\":{\"@type\":\"EntryPoint\",\"urlTemplate\":\"https:\\\/\\\/akunq.net\\\/tr\\\/?s={search_term_string}\"},\"query-input\":{\"@type\":\"PropertyValueSpecification\",\"valueRequired\":true,\"valueName\":\"search_term_string\"}}],\"inLanguage\":\"en-US\"},{\"@type\":\"Person\",\"@id\":\"https:\\\/\\\/akunq.net\\\/tr\\\/#\\\/schema\\\/person\\\/096f1d38a12cce57fb855b485ed24c9e\",\"name\":\"admin\",\"url\":\"https:\\\/\\\/akunq.net\\\/tr\\\/?author=7\"}]}<\/script>\n<!-- \/ Yoast SEO plugin. -->","yoast_head_json":{"title":"Kayseri\u2019de (Kesaria-'Akunq' web sitesi) Ge\u00e7 Roma-Erken Bizans d\u00f6nemine ait mozaikli yap\u0131 bulundu - Bati Ermenistan Ve Bati Ermenileri Sorunlari Ara\u015ftirmalar Merkezi","robots":{"index":"index","follow":"follow","max-snippet":"max-snippet:-1","max-image-preview":"max-image-preview:large","max-video-preview":"max-video-preview:-1"},"canonical":"https:\/\/akunq.net\/tr\/?p=65367","og_locale":"en_US","og_type":"article","og_title":"Kayseri\u2019de (Kesaria-'Akunq' web sitesi) Ge\u00e7 Roma-Erken Bizans d\u00f6nemine ait mozaikli yap\u0131 bulundu - Bati Ermenistan Ve Bati Ermenileri Sorunlari Ara\u015ftirmalar Merkezi","og_description":"Yakla\u015f\u0131k 300 metrekare sa\u011flam mozaik taban d\u00f6\u015femelerinin yer ald\u0131\u011f\u0131 yap\u0131da, Latince ve Grek\u00e7e yaz\u0131lm\u0131\u015f iki yaz\u0131t da yer al\u0131yor. Esma K\u00fc\u00e7\u00fck\u015fahin Kayseri\u2019nin (Kesaria-&#8216;Akunq&#8217; web sitesi) \u0130ncesu il\u00e7esinde \u0130\u00e7 Anadolu\u2019daki Ge\u00e7 Roma-Erken Bizans d\u00f6nemine ait en b\u00fcy\u00fck mozaik yap\u0131s\u0131na ula\u015f\u0131ld\u0131\u011f\u0131 bildirildi. B\u00fcy\u00fck\u015fehir Belediyesinden yap\u0131lan yaz\u0131l\u0131 a\u00e7\u0131klamaya g\u00f6re, \u0130ncesu il\u00e7esinin \u00d6ren\u015fehir Mahallesi K\u00f6y \u0130\u00e7i mevkisinde B\u00fcy\u00fck\u015fehir Belediyesinin [&hellip;]","og_url":"https:\/\/akunq.net\/tr\/?p=65367","og_site_name":"Bati Ermenistan Ve Bati Ermenileri Sorunlari Ara\u015ftirmalar Merkezi","article_published_time":"2021-10-28T09:12:36+00:00","og_image":[{"width":864,"height":486,"url":"https:\/\/akunq.net\/tr\/wp-content\/uploads\/sites\/6\/2021\/10\/Ge\u00e7-Roma-Erken-Bizans-d\u00f6nemine-ait-mozaikli-yap\u0131.jpg","type":"image\/jpeg"}],"author":"admin","twitter_card":"summary_large_image","twitter_misc":{"Written by":"admin","Est. reading time":"2 minutes"},"schema":{"@context":"https:\/\/schema.org","@graph":[{"@type":"Article","@id":"https:\/\/akunq.net\/tr\/?p=65367#article","isPartOf":{"@id":"https:\/\/akunq.net\/tr\/?p=65367"},"author":{"name":"admin","@id":"https:\/\/akunq.net\/tr\/#\/schema\/person\/096f1d38a12cce57fb855b485ed24c9e"},"headline":"Kayseri\u2019de (Kesaria-&#8216;Akunq&#8217; web sitesi) Ge\u00e7 Roma-Erken Bizans d\u00f6nemine ait mozaikli yap\u0131 bulundu","datePublished":"2021-10-28T09:12:36+00:00","mainEntityOfPage":{"@id":"https:\/\/akunq.net\/tr\/?p=65367"},"wordCount":407,"commentCount":0,"image":{"@id":"https:\/\/akunq.net\/tr\/?p=65367#primaryimage"},"thumbnailUrl":"https:\/\/akunq.net\/tr\/wp-content\/uploads\/sites\/6\/2021\/10\/Ge\u00e7-Roma-Erken-Bizans-d\u00f6nemine-ait-mozaikli-yap\u0131.jpg","articleSection":["Haberler"],"inLanguage":"en-US","potentialAction":[{"@type":"CommentAction","name":"Comment","target":["https:\/\/akunq.net\/tr\/?p=65367#respond"]}]},{"@type":"WebPage","@id":"https:\/\/akunq.net\/tr\/?p=65367","url":"https:\/\/akunq.net\/tr\/?p=65367","name":"Kayseri\u2019de (Kesaria-'Akunq' web sitesi) Ge\u00e7 Roma-Erken Bizans d\u00f6nemine ait mozaikli yap\u0131 bulundu - Bati Ermenistan Ve Bati Ermenileri Sorunlari Ara\u015ftirmalar Merkezi","isPartOf":{"@id":"https:\/\/akunq.net\/tr\/#website"},"primaryImageOfPage":{"@id":"https:\/\/akunq.net\/tr\/?p=65367#primaryimage"},"image":{"@id":"https:\/\/akunq.net\/tr\/?p=65367#primaryimage"},"thumbnailUrl":"https:\/\/akunq.net\/tr\/wp-content\/uploads\/sites\/6\/2021\/10\/Ge\u00e7-Roma-Erken-Bizans-d\u00f6nemine-ait-mozaikli-yap\u0131.jpg","datePublished":"2021-10-28T09:12:36+00:00","author":{"@id":"https:\/\/akunq.net\/tr\/#\/schema\/person\/096f1d38a12cce57fb855b485ed24c9e"},"breadcrumb":{"@id":"https:\/\/akunq.net\/tr\/?p=65367#breadcrumb"},"inLanguage":"en-US","potentialAction":[{"@type":"ReadAction","target":["https:\/\/akunq.net\/tr\/?p=65367"]}]},{"@type":"ImageObject","inLanguage":"en-US","@id":"https:\/\/akunq.net\/tr\/?p=65367#primaryimage","url":"https:\/\/akunq.net\/tr\/wp-content\/uploads\/sites\/6\/2021\/10\/Ge\u00e7-Roma-Erken-Bizans-d\u00f6nemine-ait-mozaikli-yap\u0131.jpg","contentUrl":"https:\/\/akunq.net\/tr\/wp-content\/uploads\/sites\/6\/2021\/10\/Ge\u00e7-Roma-Erken-Bizans-d\u00f6nemine-ait-mozaikli-yap\u0131.jpg","width":864,"height":486},{"@type":"BreadcrumbList","@id":"https:\/\/akunq.net\/tr\/?p=65367#breadcrumb","itemListElement":[{"@type":"ListItem","position":1,"name":"Home","item":"https:\/\/akunq.net\/tr"},{"@type":"ListItem","position":2,"name":"Kayseri\u2019de (Kesaria-&#8216;Akunq&#8217; web sitesi) Ge\u00e7 Roma-Erken Bizans d\u00f6nemine ait mozaikli yap\u0131 bulundu"}]},{"@type":"WebSite","@id":"https:\/\/akunq.net\/tr\/#website","url":"https:\/\/akunq.net\/tr\/","name":"Bati Ermenistan Ve Bati Ermenileri Sorunlari Ara\u015ftirmalar Merkezi","description":"","potentialAction":[{"@type":"SearchAction","target":{"@type":"EntryPoint","urlTemplate":"https:\/\/akunq.net\/tr\/?s={search_term_string}"},"query-input":{"@type":"PropertyValueSpecification","valueRequired":true,"valueName":"search_term_string"}}],"inLanguage":"en-US"},{"@type":"Person","@id":"https:\/\/akunq.net\/tr\/#\/schema\/person\/096f1d38a12cce57fb855b485ed24c9e","name":"admin","url":"https:\/\/akunq.net\/tr\/?author=7"}]}},"_links":{"self":[{"href":"https:\/\/akunq.net\/tr\/index.php?rest_route=\/wp\/v2\/posts\/65367","targetHints":{"allow":["GET"]}}],"collection":[{"href":"https:\/\/akunq.net\/tr\/index.php?rest_route=\/wp\/v2\/posts"}],"about":[{"href":"https:\/\/akunq.net\/tr\/index.php?rest_route=\/wp\/v2\/types\/post"}],"author":[{"embeddable":true,"href":"https:\/\/akunq.net\/tr\/index.php?rest_route=\/wp\/v2\/users\/7"}],"replies":[{"embeddable":true,"href":"https:\/\/akunq.net\/tr\/index.php?rest_route=%2Fwp%2Fv2%2Fcomments&post=65367"}],"version-history":[{"count":1,"href":"https:\/\/akunq.net\/tr\/index.php?rest_route=\/wp\/v2\/posts\/65367\/revisions"}],"predecessor-version":[{"id":65369,"href":"https:\/\/akunq.net\/tr\/index.php?rest_route=\/wp\/v2\/posts\/65367\/revisions\/65369"}],"wp:featuredmedia":[{"embeddable":true,"href":"https:\/\/akunq.net\/tr\/index.php?rest_route=\/wp\/v2\/media\/65368"}],"wp:attachment":[{"href":"https:\/\/akunq.net\/tr\/index.php?rest_route=%2Fwp%2Fv2%2Fmedia&parent=65367"}],"wp:term":[{"taxonomy":"category","embeddable":true,"href":"https:\/\/akunq.net\/tr\/index.php?rest_route=%2Fwp%2Fv2%2Fcategories&post=65367"},{"taxonomy":"post_tag","embeddable":true,"href":"https:\/\/akunq.net\/tr\/index.php?rest_route=%2Fwp%2Fv2%2Ftags&post=65367"}],"curies":[{"name":"wp","href":"https:\/\/api.w.org\/{rel}","templated":true}]}}