{"id":65364,"date":"2021-10-28T04:03:36","date_gmt":"2021-10-28T09:03:36","guid":{"rendered":"https:\/\/akunq.net\/tr\/?p=65364"},"modified":"2021-10-28T04:03:36","modified_gmt":"2021-10-28T09:03:36","slug":"darp-edilen-tutuklular-cezaevinde-acil-inceleme-yapilmali","status":"publish","type":"post","link":"https:\/\/akunq.net\/tr\/?p=65364","title":{"rendered":"Darp edilen tutuklular: Cezaevinde acil inceleme yap\u0131lmal\u0131"},"content":{"rendered":"<p><img loading=\"lazy\" decoding=\"async\" class=\"aligncenter size-medium wp-image-65365\" src=\"https:\/\/akunq.net\/tr\/wp-content\/uploads\/2021\/10\/\u0539\u0578\u0582\u0580\u0584\u056b\u0561\u0575\u0578\u0582\u0574-\u0584\u0578\u0582\u0580\u0564-\u0584\u0561\u0572\u0562\u0561\u0576\u057f\u0561\u0580\u056f\u0575\u0561\u056c\u0576\u0565\u0580-360x240.jpeg\" alt=\"\" width=\"360\" height=\"240\" srcset=\"https:\/\/akunq.net\/tr\/wp-content\/uploads\/sites\/6\/2021\/10\/\u0539\u0578\u0582\u0580\u0584\u056b\u0561\u0575\u0578\u0582\u0574-\u0584\u0578\u0582\u0580\u0564-\u0584\u0561\u0572\u0562\u0561\u0576\u057f\u0561\u0580\u056f\u0575\u0561\u056c\u0576\u0565\u0580-360x240.jpeg 360w, https:\/\/akunq.net\/tr\/wp-content\/uploads\/sites\/6\/2021\/10\/\u0539\u0578\u0582\u0580\u0584\u056b\u0561\u0575\u0578\u0582\u0574-\u0584\u0578\u0582\u0580\u0564-\u0584\u0561\u0572\u0562\u0561\u0576\u057f\u0561\u0580\u056f\u0575\u0561\u056c\u0576\u0565\u0580-768x512.jpeg 768w, https:\/\/akunq.net\/tr\/wp-content\/uploads\/sites\/6\/2021\/10\/\u0539\u0578\u0582\u0580\u0584\u056b\u0561\u0575\u0578\u0582\u0574-\u0584\u0578\u0582\u0580\u0564-\u0584\u0561\u0572\u0562\u0561\u0576\u057f\u0561\u0580\u056f\u0575\u0561\u056c\u0576\u0565\u0580-560x373.jpeg 560w, https:\/\/akunq.net\/tr\/wp-content\/uploads\/sites\/6\/2021\/10\/\u0539\u0578\u0582\u0580\u0584\u056b\u0561\u0575\u0578\u0582\u0574-\u0584\u0578\u0582\u0580\u0564-\u0584\u0561\u0572\u0562\u0561\u0576\u057f\u0561\u0580\u056f\u0575\u0561\u056c\u0576\u0565\u0580-260x173.jpeg 260w, https:\/\/akunq.net\/tr\/wp-content\/uploads\/sites\/6\/2021\/10\/\u0539\u0578\u0582\u0580\u0584\u056b\u0561\u0575\u0578\u0582\u0574-\u0584\u0578\u0582\u0580\u0564-\u0584\u0561\u0572\u0562\u0561\u0576\u057f\u0561\u0580\u056f\u0575\u0561\u056c\u0576\u0565\u0580-160x107.jpeg 160w, https:\/\/akunq.net\/tr\/wp-content\/uploads\/sites\/6\/2021\/10\/\u0539\u0578\u0582\u0580\u0584\u056b\u0561\u0575\u0578\u0582\u0574-\u0584\u0578\u0582\u0580\u0564-\u0584\u0561\u0572\u0562\u0561\u0576\u057f\u0561\u0580\u056f\u0575\u0561\u056c\u0576\u0565\u0580.jpeg 800w\" sizes=\"auto, (max-width: 360px) 100vw, 360px\" \/><\/p>\n<p><strong><em>\u015e\u0131rnak T Tipi Kapal\u0131 Cezaevi\u2019nde iki ayr\u0131 ko\u011fu\u015fta bulunan tutuklular \u0130stiklal Mar\u015f\u0131\u2019n\u0131 okumad\u0131\u011f\u0131 gerek\u00e7esiyle darp edildi. Tutuklulardan Hamza S\u00f6nmez, ailesiyle yapt\u0131\u011f\u0131 haftal\u0131k g\u00f6r\u00fc\u015fmede bug\u00fcn ko\u011fu\u015flar\u0131n\u0131n gardiyanlar taraf\u0131ndan bas\u0131larak \u0130stiklal Mar\u015f\u0131 okumas\u0131 y\u00f6n\u00fcnde tehdit edildikleri s\u00f6yledi.<\/em><\/strong><\/p>\n<p><strong>DARP ED\u0130LD\u0130LER<\/strong><\/p>\n<p>S\u00f6nmez, yapt\u0131\u011f\u0131 telefon g\u00f6r\u00fc\u015fmesinde \u015funlar\u0131 aktard\u0131: \u201cBug\u00fcn iki ko\u011fu\u015fumuz gardiyanlar taraf\u0131ndan bas\u0131ld\u0131. Bize aya\u011fa kalkarak istiklal mar\u015f\u0131n\u0131 okumam\u0131z\u0131 s\u00f6ylediler. Bizlerde bu uygulamay\u0131 kabul etmedi\u011fimizi belirttik. Ard\u0131ndan darp edildik. Ben ba\u015f\u0131mdan darp edildim ve bir\u00e7ok arkada\u015f\u0131m da burnundan ve farkl\u0131 yerlerinden darbe ald\u0131. Ard\u0131ndan beni ve bir\u00e7ok arkada\u015f\u0131m\u0131 hastaneye kald\u0131rd\u0131lar. \u015eimdi de h\u00fccreye at\u0131ld\u0131k. Darp edilen arkada\u015flar\u0131m\u0131zdan baz\u0131lar\u0131 yar\u0131n burnundan ameliyat olacak.\u201d<\/p>\n<p>Hastaneden darp raporu ald\u0131klar\u0131n\u0131 belirten S\u00f6nmez, acil olarak bir heyetin cezaevinde inceleme yapmas\u0131n\u0131 talep etti.<\/p>\n<p><em><strong>MA<\/strong><\/em><\/p>\n<p><strong><em>https:\/\/politikahaber.org\/darp-edilen-tutuklular-cezaevinde-acil-inceleme-yapilmali\/<\/em>\u00a0<\/strong><\/p>\n","protected":false},"excerpt":{"rendered":"<p>\u015e\u0131rnak T Tipi Kapal\u0131 Cezaevi\u2019nde iki ayr\u0131 ko\u011fu\u015fta bulunan tutuklular \u0130stiklal Mar\u015f\u0131\u2019n\u0131 okumad\u0131\u011f\u0131 gerek\u00e7esiyle darp edildi. Tutuklulardan Hamza S\u00f6nmez, ailesiyle yapt\u0131\u011f\u0131 haftal\u0131k g\u00f6r\u00fc\u015fmede bug\u00fcn ko\u011fu\u015flar\u0131n\u0131n gardiyanlar taraf\u0131ndan bas\u0131larak \u0130stiklal Mar\u015f\u0131 okumas\u0131 y\u00f6n\u00fcnde tehdit edildikleri s\u00f6yledi. DARP ED\u0130LD\u0130LER S\u00f6nmez, yapt\u0131\u011f\u0131 telefon g\u00f6r\u00fc\u015fmesinde \u015funlar\u0131 aktard\u0131: \u201cBug\u00fcn iki ko\u011fu\u015fumuz gardiyanlar taraf\u0131ndan bas\u0131ld\u0131. Bize aya\u011fa kalkarak istiklal mar\u015f\u0131n\u0131 okumam\u0131z\u0131 [&hellip;]<\/p>\n","protected":false},"author":7,"featured_media":65365,"comment_status":"open","ping_status":"open","sticky":false,"template":"","format":"standard","meta":{"footnotes":""},"categories":[1,53],"tags":[],"class_list":["post-65364","post","type-post","status-publish","format-standard","has-post-thumbnail","hentry","category-haberler","category-turkiyede-azinliklar"],"yoast_head":"<!-- This site is optimized with the Yoast SEO plugin v27.4 - https:\/\/yoast.com\/product\/yoast-seo-wordpress\/ -->\n<title>Darp edilen tutuklular: Cezaevinde acil inceleme yap\u0131lmal\u0131 - Bati Ermenistan Ve Bati Ermenileri Sorunlari Ara\u015ftirmalar Merkezi<\/title>\n<meta name=\"robots\" content=\"index, follow, max-snippet:-1, max-image-preview:large, max-video-preview:-1\" \/>\n<link rel=\"canonical\" href=\"https:\/\/akunq.net\/tr\/?p=65364\" \/>\n<meta property=\"og:locale\" content=\"en_US\" \/>\n<meta property=\"og:type\" content=\"article\" \/>\n<meta property=\"og:title\" content=\"Darp edilen tutuklular: Cezaevinde acil inceleme yap\u0131lmal\u0131 - Bati Ermenistan Ve Bati Ermenileri Sorunlari Ara\u015ftirmalar Merkezi\" \/>\n<meta property=\"og:description\" content=\"\u015e\u0131rnak T Tipi Kapal\u0131 Cezaevi\u2019nde iki ayr\u0131 ko\u011fu\u015fta bulunan tutuklular \u0130stiklal Mar\u015f\u0131\u2019n\u0131 okumad\u0131\u011f\u0131 gerek\u00e7esiyle darp edildi. Tutuklulardan Hamza S\u00f6nmez, ailesiyle yapt\u0131\u011f\u0131 haftal\u0131k g\u00f6r\u00fc\u015fmede bug\u00fcn ko\u011fu\u015flar\u0131n\u0131n gardiyanlar taraf\u0131ndan bas\u0131larak \u0130stiklal Mar\u015f\u0131 okumas\u0131 y\u00f6n\u00fcnde tehdit edildikleri s\u00f6yledi. DARP ED\u0130LD\u0130LER S\u00f6nmez, yapt\u0131\u011f\u0131 telefon g\u00f6r\u00fc\u015fmesinde \u015funlar\u0131 aktard\u0131: \u201cBug\u00fcn iki ko\u011fu\u015fumuz gardiyanlar taraf\u0131ndan bas\u0131ld\u0131. Bize aya\u011fa kalkarak istiklal mar\u015f\u0131n\u0131 okumam\u0131z\u0131 [&hellip;]\" \/>\n<meta property=\"og:url\" content=\"https:\/\/akunq.net\/tr\/?p=65364\" \/>\n<meta property=\"og:site_name\" content=\"Bati Ermenistan Ve Bati Ermenileri Sorunlari Ara\u015ftirmalar Merkezi\" \/>\n<meta property=\"article:published_time\" content=\"2021-10-28T09:03:36+00:00\" \/>\n<meta property=\"og:image\" content=\"https:\/\/akunq.net\/tr\/wp-content\/uploads\/sites\/6\/2021\/10\/\u0539\u0578\u0582\u0580\u0584\u056b\u0561\u0575\u0578\u0582\u0574-\u0584\u0578\u0582\u0580\u0564-\u0584\u0561\u0572\u0562\u0561\u0576\u057f\u0561\u0580\u056f\u0575\u0561\u056c\u0576\u0565\u0580.jpeg\" \/>\n\t<meta property=\"og:image:width\" content=\"800\" \/>\n\t<meta property=\"og:image:height\" content=\"533\" \/>\n\t<meta property=\"og:image:type\" content=\"image\/jpeg\" \/>\n<meta name=\"author\" content=\"admin\" \/>\n<meta name=\"twitter:card\" content=\"summary_large_image\" \/>\n<meta name=\"twitter:label1\" content=\"Written by\" \/>\n\t<meta name=\"twitter:data1\" content=\"admin\" \/>\n\t<meta name=\"twitter:label2\" content=\"Est. reading time\" \/>\n\t<meta name=\"twitter:data2\" content=\"1 minute\" \/>\n<script type=\"application\/ld+json\" class=\"yoast-schema-graph\">{\"@context\":\"https:\\\/\\\/schema.org\",\"@graph\":[{\"@type\":\"Article\",\"@id\":\"https:\\\/\\\/akunq.net\\\/tr\\\/?p=65364#article\",\"isPartOf\":{\"@id\":\"https:\\\/\\\/akunq.net\\\/tr\\\/?p=65364\"},\"author\":{\"name\":\"admin\",\"@id\":\"https:\\\/\\\/akunq.net\\\/tr\\\/#\\\/schema\\\/person\\\/096f1d38a12cce57fb855b485ed24c9e\"},\"headline\":\"Darp edilen tutuklular: Cezaevinde acil inceleme yap\u0131lmal\u0131\",\"datePublished\":\"2021-10-28T09:03:36+00:00\",\"mainEntityOfPage\":{\"@id\":\"https:\\\/\\\/akunq.net\\\/tr\\\/?p=65364\"},\"wordCount\":181,\"commentCount\":0,\"image\":{\"@id\":\"https:\\\/\\\/akunq.net\\\/tr\\\/?p=65364#primaryimage\"},\"thumbnailUrl\":\"https:\\\/\\\/akunq.net\\\/tr\\\/wp-content\\\/uploads\\\/sites\\\/6\\\/2021\\\/10\\\/\u0539\u0578\u0582\u0580\u0584\u056b\u0561\u0575\u0578\u0582\u0574-\u0584\u0578\u0582\u0580\u0564-\u0584\u0561\u0572\u0562\u0561\u0576\u057f\u0561\u0580\u056f\u0575\u0561\u056c\u0576\u0565\u0580.jpeg\",\"articleSection\":[\"Haberler\",\"T\u00fcrkiye\u2019de Az\u0131nl\u0131klar\"],\"inLanguage\":\"en-US\",\"potentialAction\":[{\"@type\":\"CommentAction\",\"name\":\"Comment\",\"target\":[\"https:\\\/\\\/akunq.net\\\/tr\\\/?p=65364#respond\"]}]},{\"@type\":\"WebPage\",\"@id\":\"https:\\\/\\\/akunq.net\\\/tr\\\/?p=65364\",\"url\":\"https:\\\/\\\/akunq.net\\\/tr\\\/?p=65364\",\"name\":\"Darp edilen tutuklular: Cezaevinde acil inceleme yap\u0131lmal\u0131 - Bati Ermenistan Ve Bati Ermenileri Sorunlari Ara\u015ftirmalar Merkezi\",\"isPartOf\":{\"@id\":\"https:\\\/\\\/akunq.net\\\/tr\\\/#website\"},\"primaryImageOfPage\":{\"@id\":\"https:\\\/\\\/akunq.net\\\/tr\\\/?p=65364#primaryimage\"},\"image\":{\"@id\":\"https:\\\/\\\/akunq.net\\\/tr\\\/?p=65364#primaryimage\"},\"thumbnailUrl\":\"https:\\\/\\\/akunq.net\\\/tr\\\/wp-content\\\/uploads\\\/sites\\\/6\\\/2021\\\/10\\\/\u0539\u0578\u0582\u0580\u0584\u056b\u0561\u0575\u0578\u0582\u0574-\u0584\u0578\u0582\u0580\u0564-\u0584\u0561\u0572\u0562\u0561\u0576\u057f\u0561\u0580\u056f\u0575\u0561\u056c\u0576\u0565\u0580.jpeg\",\"datePublished\":\"2021-10-28T09:03:36+00:00\",\"author\":{\"@id\":\"https:\\\/\\\/akunq.net\\\/tr\\\/#\\\/schema\\\/person\\\/096f1d38a12cce57fb855b485ed24c9e\"},\"breadcrumb\":{\"@id\":\"https:\\\/\\\/akunq.net\\\/tr\\\/?p=65364#breadcrumb\"},\"inLanguage\":\"en-US\",\"potentialAction\":[{\"@type\":\"ReadAction\",\"target\":[\"https:\\\/\\\/akunq.net\\\/tr\\\/?p=65364\"]}]},{\"@type\":\"ImageObject\",\"inLanguage\":\"en-US\",\"@id\":\"https:\\\/\\\/akunq.net\\\/tr\\\/?p=65364#primaryimage\",\"url\":\"https:\\\/\\\/akunq.net\\\/tr\\\/wp-content\\\/uploads\\\/sites\\\/6\\\/2021\\\/10\\\/\u0539\u0578\u0582\u0580\u0584\u056b\u0561\u0575\u0578\u0582\u0574-\u0584\u0578\u0582\u0580\u0564-\u0584\u0561\u0572\u0562\u0561\u0576\u057f\u0561\u0580\u056f\u0575\u0561\u056c\u0576\u0565\u0580.jpeg\",\"contentUrl\":\"https:\\\/\\\/akunq.net\\\/tr\\\/wp-content\\\/uploads\\\/sites\\\/6\\\/2021\\\/10\\\/\u0539\u0578\u0582\u0580\u0584\u056b\u0561\u0575\u0578\u0582\u0574-\u0584\u0578\u0582\u0580\u0564-\u0584\u0561\u0572\u0562\u0561\u0576\u057f\u0561\u0580\u056f\u0575\u0561\u056c\u0576\u0565\u0580.jpeg\",\"width\":800,\"height\":533},{\"@type\":\"BreadcrumbList\",\"@id\":\"https:\\\/\\\/akunq.net\\\/tr\\\/?p=65364#breadcrumb\",\"itemListElement\":[{\"@type\":\"ListItem\",\"position\":1,\"name\":\"Home\",\"item\":\"https:\\\/\\\/akunq.net\\\/tr\"},{\"@type\":\"ListItem\",\"position\":2,\"name\":\"Darp edilen tutuklular: Cezaevinde acil inceleme yap\u0131lmal\u0131\"}]},{\"@type\":\"WebSite\",\"@id\":\"https:\\\/\\\/akunq.net\\\/tr\\\/#website\",\"url\":\"https:\\\/\\\/akunq.net\\\/tr\\\/\",\"name\":\"Bati Ermenistan Ve Bati Ermenileri Sorunlari Ara\u015ftirmalar Merkezi\",\"description\":\"\",\"potentialAction\":[{\"@type\":\"SearchAction\",\"target\":{\"@type\":\"EntryPoint\",\"urlTemplate\":\"https:\\\/\\\/akunq.net\\\/tr\\\/?s={search_term_string}\"},\"query-input\":{\"@type\":\"PropertyValueSpecification\",\"valueRequired\":true,\"valueName\":\"search_term_string\"}}],\"inLanguage\":\"en-US\"},{\"@type\":\"Person\",\"@id\":\"https:\\\/\\\/akunq.net\\\/tr\\\/#\\\/schema\\\/person\\\/096f1d38a12cce57fb855b485ed24c9e\",\"name\":\"admin\",\"url\":\"https:\\\/\\\/akunq.net\\\/tr\\\/?author=7\"}]}<\/script>\n<!-- \/ Yoast SEO plugin. -->","yoast_head_json":{"title":"Darp edilen tutuklular: Cezaevinde acil inceleme yap\u0131lmal\u0131 - Bati Ermenistan Ve Bati Ermenileri Sorunlari Ara\u015ftirmalar Merkezi","robots":{"index":"index","follow":"follow","max-snippet":"max-snippet:-1","max-image-preview":"max-image-preview:large","max-video-preview":"max-video-preview:-1"},"canonical":"https:\/\/akunq.net\/tr\/?p=65364","og_locale":"en_US","og_type":"article","og_title":"Darp edilen tutuklular: Cezaevinde acil inceleme yap\u0131lmal\u0131 - Bati Ermenistan Ve Bati Ermenileri Sorunlari Ara\u015ftirmalar Merkezi","og_description":"\u015e\u0131rnak T Tipi Kapal\u0131 Cezaevi\u2019nde iki ayr\u0131 ko\u011fu\u015fta bulunan tutuklular \u0130stiklal Mar\u015f\u0131\u2019n\u0131 okumad\u0131\u011f\u0131 gerek\u00e7esiyle darp edildi. Tutuklulardan Hamza S\u00f6nmez, ailesiyle yapt\u0131\u011f\u0131 haftal\u0131k g\u00f6r\u00fc\u015fmede bug\u00fcn ko\u011fu\u015flar\u0131n\u0131n gardiyanlar taraf\u0131ndan bas\u0131larak \u0130stiklal Mar\u015f\u0131 okumas\u0131 y\u00f6n\u00fcnde tehdit edildikleri s\u00f6yledi. DARP ED\u0130LD\u0130LER S\u00f6nmez, yapt\u0131\u011f\u0131 telefon g\u00f6r\u00fc\u015fmesinde \u015funlar\u0131 aktard\u0131: \u201cBug\u00fcn iki ko\u011fu\u015fumuz gardiyanlar taraf\u0131ndan bas\u0131ld\u0131. Bize aya\u011fa kalkarak istiklal mar\u015f\u0131n\u0131 okumam\u0131z\u0131 [&hellip;]","og_url":"https:\/\/akunq.net\/tr\/?p=65364","og_site_name":"Bati Ermenistan Ve Bati Ermenileri Sorunlari Ara\u015ftirmalar Merkezi","article_published_time":"2021-10-28T09:03:36+00:00","og_image":[{"width":800,"height":533,"url":"https:\/\/akunq.net\/tr\/wp-content\/uploads\/sites\/6\/2021\/10\/\u0539\u0578\u0582\u0580\u0584\u056b\u0561\u0575\u0578\u0582\u0574-\u0584\u0578\u0582\u0580\u0564-\u0584\u0561\u0572\u0562\u0561\u0576\u057f\u0561\u0580\u056f\u0575\u0561\u056c\u0576\u0565\u0580.jpeg","type":"image\/jpeg"}],"author":"admin","twitter_card":"summary_large_image","twitter_misc":{"Written by":"admin","Est. reading time":"1 minute"},"schema":{"@context":"https:\/\/schema.org","@graph":[{"@type":"Article","@id":"https:\/\/akunq.net\/tr\/?p=65364#article","isPartOf":{"@id":"https:\/\/akunq.net\/tr\/?p=65364"},"author":{"name":"admin","@id":"https:\/\/akunq.net\/tr\/#\/schema\/person\/096f1d38a12cce57fb855b485ed24c9e"},"headline":"Darp edilen tutuklular: Cezaevinde acil inceleme yap\u0131lmal\u0131","datePublished":"2021-10-28T09:03:36+00:00","mainEntityOfPage":{"@id":"https:\/\/akunq.net\/tr\/?p=65364"},"wordCount":181,"commentCount":0,"image":{"@id":"https:\/\/akunq.net\/tr\/?p=65364#primaryimage"},"thumbnailUrl":"https:\/\/akunq.net\/tr\/wp-content\/uploads\/sites\/6\/2021\/10\/\u0539\u0578\u0582\u0580\u0584\u056b\u0561\u0575\u0578\u0582\u0574-\u0584\u0578\u0582\u0580\u0564-\u0584\u0561\u0572\u0562\u0561\u0576\u057f\u0561\u0580\u056f\u0575\u0561\u056c\u0576\u0565\u0580.jpeg","articleSection":["Haberler","T\u00fcrkiye\u2019de Az\u0131nl\u0131klar"],"inLanguage":"en-US","potentialAction":[{"@type":"CommentAction","name":"Comment","target":["https:\/\/akunq.net\/tr\/?p=65364#respond"]}]},{"@type":"WebPage","@id":"https:\/\/akunq.net\/tr\/?p=65364","url":"https:\/\/akunq.net\/tr\/?p=65364","name":"Darp edilen tutuklular: Cezaevinde acil inceleme yap\u0131lmal\u0131 - Bati Ermenistan Ve Bati Ermenileri Sorunlari Ara\u015ftirmalar Merkezi","isPartOf":{"@id":"https:\/\/akunq.net\/tr\/#website"},"primaryImageOfPage":{"@id":"https:\/\/akunq.net\/tr\/?p=65364#primaryimage"},"image":{"@id":"https:\/\/akunq.net\/tr\/?p=65364#primaryimage"},"thumbnailUrl":"https:\/\/akunq.net\/tr\/wp-content\/uploads\/sites\/6\/2021\/10\/\u0539\u0578\u0582\u0580\u0584\u056b\u0561\u0575\u0578\u0582\u0574-\u0584\u0578\u0582\u0580\u0564-\u0584\u0561\u0572\u0562\u0561\u0576\u057f\u0561\u0580\u056f\u0575\u0561\u056c\u0576\u0565\u0580.jpeg","datePublished":"2021-10-28T09:03:36+00:00","author":{"@id":"https:\/\/akunq.net\/tr\/#\/schema\/person\/096f1d38a12cce57fb855b485ed24c9e"},"breadcrumb":{"@id":"https:\/\/akunq.net\/tr\/?p=65364#breadcrumb"},"inLanguage":"en-US","potentialAction":[{"@type":"ReadAction","target":["https:\/\/akunq.net\/tr\/?p=65364"]}]},{"@type":"ImageObject","inLanguage":"en-US","@id":"https:\/\/akunq.net\/tr\/?p=65364#primaryimage","url":"https:\/\/akunq.net\/tr\/wp-content\/uploads\/sites\/6\/2021\/10\/\u0539\u0578\u0582\u0580\u0584\u056b\u0561\u0575\u0578\u0582\u0574-\u0584\u0578\u0582\u0580\u0564-\u0584\u0561\u0572\u0562\u0561\u0576\u057f\u0561\u0580\u056f\u0575\u0561\u056c\u0576\u0565\u0580.jpeg","contentUrl":"https:\/\/akunq.net\/tr\/wp-content\/uploads\/sites\/6\/2021\/10\/\u0539\u0578\u0582\u0580\u0584\u056b\u0561\u0575\u0578\u0582\u0574-\u0584\u0578\u0582\u0580\u0564-\u0584\u0561\u0572\u0562\u0561\u0576\u057f\u0561\u0580\u056f\u0575\u0561\u056c\u0576\u0565\u0580.jpeg","width":800,"height":533},{"@type":"BreadcrumbList","@id":"https:\/\/akunq.net\/tr\/?p=65364#breadcrumb","itemListElement":[{"@type":"ListItem","position":1,"name":"Home","item":"https:\/\/akunq.net\/tr"},{"@type":"ListItem","position":2,"name":"Darp edilen tutuklular: Cezaevinde acil inceleme yap\u0131lmal\u0131"}]},{"@type":"WebSite","@id":"https:\/\/akunq.net\/tr\/#website","url":"https:\/\/akunq.net\/tr\/","name":"Bati Ermenistan Ve Bati Ermenileri Sorunlari Ara\u015ftirmalar Merkezi","description":"","potentialAction":[{"@type":"SearchAction","target":{"@type":"EntryPoint","urlTemplate":"https:\/\/akunq.net\/tr\/?s={search_term_string}"},"query-input":{"@type":"PropertyValueSpecification","valueRequired":true,"valueName":"search_term_string"}}],"inLanguage":"en-US"},{"@type":"Person","@id":"https:\/\/akunq.net\/tr\/#\/schema\/person\/096f1d38a12cce57fb855b485ed24c9e","name":"admin","url":"https:\/\/akunq.net\/tr\/?author=7"}]}},"_links":{"self":[{"href":"https:\/\/akunq.net\/tr\/index.php?rest_route=\/wp\/v2\/posts\/65364","targetHints":{"allow":["GET"]}}],"collection":[{"href":"https:\/\/akunq.net\/tr\/index.php?rest_route=\/wp\/v2\/posts"}],"about":[{"href":"https:\/\/akunq.net\/tr\/index.php?rest_route=\/wp\/v2\/types\/post"}],"author":[{"embeddable":true,"href":"https:\/\/akunq.net\/tr\/index.php?rest_route=\/wp\/v2\/users\/7"}],"replies":[{"embeddable":true,"href":"https:\/\/akunq.net\/tr\/index.php?rest_route=%2Fwp%2Fv2%2Fcomments&post=65364"}],"version-history":[{"count":1,"href":"https:\/\/akunq.net\/tr\/index.php?rest_route=\/wp\/v2\/posts\/65364\/revisions"}],"predecessor-version":[{"id":65366,"href":"https:\/\/akunq.net\/tr\/index.php?rest_route=\/wp\/v2\/posts\/65364\/revisions\/65366"}],"wp:featuredmedia":[{"embeddable":true,"href":"https:\/\/akunq.net\/tr\/index.php?rest_route=\/wp\/v2\/media\/65365"}],"wp:attachment":[{"href":"https:\/\/akunq.net\/tr\/index.php?rest_route=%2Fwp%2Fv2%2Fmedia&parent=65364"}],"wp:term":[{"taxonomy":"category","embeddable":true,"href":"https:\/\/akunq.net\/tr\/index.php?rest_route=%2Fwp%2Fv2%2Fcategories&post=65364"},{"taxonomy":"post_tag","embeddable":true,"href":"https:\/\/akunq.net\/tr\/index.php?rest_route=%2Fwp%2Fv2%2Ftags&post=65364"}],"curies":[{"name":"wp","href":"https:\/\/api.w.org\/{rel}","templated":true}]}}