{"id":65356,"date":"2021-10-28T01:58:11","date_gmt":"2021-10-28T06:58:11","guid":{"rendered":"https:\/\/akunq.net\/tr\/?p=65356"},"modified":"2021-10-28T01:58:11","modified_gmt":"2021-10-28T06:58:11","slug":"turkiye-ermenileri-patrigi-sahak-masalyan-diyarbakirda","status":"publish","type":"post","link":"https:\/\/akunq.net\/tr\/?p=65356","title":{"rendered":"T\u00fcrkiye Ermenileri Patri\u011fi Sahak Ma\u015falyan, Diyarbak\u0131r\u2019da"},"content":{"rendered":"<p><img loading=\"lazy\" decoding=\"async\" class=\"aligncenter size-medium wp-image-65357\" src=\"https:\/\/akunq.net\/tr\/wp-content\/uploads\/2021\/10\/Sahak-Ma\u015falyan-360x226.jpg\" alt=\"\" width=\"360\" height=\"226\" srcset=\"https:\/\/akunq.net\/tr\/wp-content\/uploads\/sites\/6\/2021\/10\/Sahak-Ma\u015falyan-360x226.jpg 360w, https:\/\/akunq.net\/tr\/wp-content\/uploads\/sites\/6\/2021\/10\/Sahak-Ma\u015falyan-560x351.jpg 560w, https:\/\/akunq.net\/tr\/wp-content\/uploads\/sites\/6\/2021\/10\/Sahak-Ma\u015falyan-260x163.jpg 260w, https:\/\/akunq.net\/tr\/wp-content\/uploads\/sites\/6\/2021\/10\/Sahak-Ma\u015falyan-160x100.jpg 160w, https:\/\/akunq.net\/tr\/wp-content\/uploads\/sites\/6\/2021\/10\/Sahak-Ma\u015falyan.jpg 752w\" sizes=\"auto, (max-width: 360px) 100vw, 360px\" \/><\/p>\n<p><em><strong>Diyarbak\u0131r (R\u00fbdaw) \u2013\u00a0\u0130lk kez Diyarbak\u0131r\u2019a gelen T\u00fcrkiye Ermeni toplumu Patri\u011fi Sahak Ma\u015falyan, restorasyonu devam eden 645 y\u0131ll\u0131k Surp Giragos Ermeni Kilisesi\u2019nde d\u00fczenlenecek olan ayine kat\u0131laca\u011f\u0131n\u0131 s\u00f6yledi.<\/strong><\/em><\/p>\n<p>Diyarbak\u0131r\u2019\u0131 ziyaret eden T\u00fcrkiye Ermeni toplumu 85\u2019inci Patri\u011fi Sahak Ma\u015falyan, Vali M\u00fcnir Karalo\u011flu taraf\u0131ndan kar\u015f\u0131land\u0131.<\/p>\n<p>Ma\u015falyan\u2019\u0131n ziyaretinin amac\u0131, Sur il\u00e7esinde Ermeni cemaatinin \u201cOrtado\u011fu\u2019daki en b\u00fcy\u00fck kilisesi\u201d olarak bilinen 645 y\u0131ll\u0131k Surp Giragos Ermeni Kilisesi\u2019nin restoransyon \u00e7al\u0131\u015fmalar\u0131n\u0131 h\u0131zland\u0131rmay\u0131 ama\u00e7l\u0131yor.<\/p>\n<p>Sur\u2019da, 2015 y\u0131l\u0131nda ya\u015fanan \u201cHedek Olaylar\u0131\u201d s\u0131ras\u0131nda tahrip olan Surp Giragos Ermeni Kilisesi ile Mar Petyun Keldani Kilisesi\u2019nin de i\u00e7inde oldu\u011fu 4 kilisenin restorasyonu hala bitmi\u015f de\u011fil.<\/p>\n<p>Ma\u015falyan, Vali Karalo\u011flu ile g\u00f6r\u00fc\u015fmesinde, T\u00fcrkiye \u00c7evre ve \u015eehircilik Bakanl\u0131\u011f\u0131 taraf\u0131ndan onar\u0131m ve restorasyon ba\u015flat\u0131lan orar\u0131ma h\u0131z verilmesini istedi.<\/p>\n<p>R\u00fbdaw\u2019a konu\u015fan Ma\u015falyan, Paskalya Bayram\u0131nda kiliseyi a\u00e7mak istediklerini belirterek, \u201c\u00d6n\u00fcm\u00fczdeki Paskalya g\u00fcnlerinde buran\u0131n a\u00e7\u0131l\u0131\u015f\u0131n\u0131 yapaca\u011f\u0131z ve ayin yapaca\u011f\u0131. Allah nasip ederse ben de bu a\u00e7\u0131l\u0131\u015f t\u00f6renine kat\u0131laca\u011f\u0131m. \u00c7ok renkli bir a\u00e7\u0131l\u0131\u015f ger\u00e7ekle\u015fecek. Hem \u00fclke i\u00e7inde hem de \u00fclke d\u0131\u015f\u0131ndaki Ermeniler kat\u0131lacak\u201d dedi.<\/p>\n<p>Diyarbak\u0131r\u2019daki Ermeniler, gerek kiliselerinin onar\u0131lmamas\u0131 ve gerekse de Sur\u2019daki soka\u011fa \u00e7\u0131kma yasa\u011f\u0131 nedeniyle 2015\u2019ten bu yana t\u00fcm ayinlerini \u0130stanbul\u2019daki kiliselerde ger\u00e7ekle\u015ftiriyor.<\/p>\n<p>Surp Giragos Ermeni Vakf\u0131 Y\u00f6netim Kurulu \u00dcyesi Ohanes Gaffur Ohanyan da, \u201cYasak oldu\u011fu i\u00e7in cemaatimiz hi\u00e7bir \u015fey yapmad\u0131. Ne bir ayin ne de \u00f6nemli bir g\u00fcn kutlanmad\u0131. Ne bayramlar\u0131m\u0131z\u0131 ne de yeni y\u0131l\u0131m\u0131z\u0131 kutlayamad\u0131k. 2015\u2019ten bug\u00fcne bu 5-6 y\u0131lda hi\u00e7bir \u015fey olmad\u0131. Ama buras\u0131 a\u00e7\u0131ld\u0131\u011f\u0131nda etkinliklerimizi tekrar yapabilce\u011fiz\u201d diye konu\u015ftu.<\/p>\n<p><em><strong><a href=\"https:\/\/www.rudaw.net\/turkish\/kurdistan\/271020213\">https:\/\/www.rudaw.net\/turkish\/kurdistan\/271020213<\/a>\u00a0<\/strong><\/em><\/p>\n","protected":false},"excerpt":{"rendered":"<p>Diyarbak\u0131r (R\u00fbdaw) \u2013\u00a0\u0130lk kez Diyarbak\u0131r\u2019a gelen T\u00fcrkiye Ermeni toplumu Patri\u011fi Sahak Ma\u015falyan, restorasyonu devam eden 645 y\u0131ll\u0131k Surp Giragos Ermeni Kilisesi\u2019nde d\u00fczenlenecek olan ayine kat\u0131laca\u011f\u0131n\u0131 s\u00f6yledi. Diyarbak\u0131r\u2019\u0131 ziyaret eden T\u00fcrkiye Ermeni toplumu 85\u2019inci Patri\u011fi Sahak Ma\u015falyan, Vali M\u00fcnir Karalo\u011flu taraf\u0131ndan kar\u015f\u0131land\u0131. Ma\u015falyan\u2019\u0131n ziyaretinin amac\u0131, Sur il\u00e7esinde Ermeni cemaatinin \u201cOrtado\u011fu\u2019daki en b\u00fcy\u00fck kilisesi\u201d olarak bilinen 645 [&hellip;]<\/p>\n","protected":false},"author":7,"featured_media":65357,"comment_status":"open","ping_status":"open","sticky":false,"template":"","format":"standard","meta":{"footnotes":""},"categories":[22,1],"tags":[],"class_list":["post-65356","post","type-post","status-publish","format-standard","has-post-thumbnail","hentry","category-gunumuzde-bati-ermenistan","category-haberler"],"yoast_head":"<!-- This site is optimized with the Yoast SEO plugin v27.4 - https:\/\/yoast.com\/product\/yoast-seo-wordpress\/ -->\n<title>T\u00fcrkiye Ermenileri Patri\u011fi Sahak Ma\u015falyan, Diyarbak\u0131r\u2019da - Bati Ermenistan Ve Bati Ermenileri Sorunlari Ara\u015ftirmalar Merkezi<\/title>\n<meta name=\"robots\" content=\"index, follow, max-snippet:-1, max-image-preview:large, max-video-preview:-1\" \/>\n<link rel=\"canonical\" href=\"https:\/\/akunq.net\/tr\/?p=65356\" \/>\n<meta property=\"og:locale\" content=\"en_US\" \/>\n<meta property=\"og:type\" content=\"article\" \/>\n<meta property=\"og:title\" content=\"T\u00fcrkiye Ermenileri Patri\u011fi Sahak Ma\u015falyan, Diyarbak\u0131r\u2019da - Bati Ermenistan Ve Bati Ermenileri Sorunlari Ara\u015ftirmalar Merkezi\" \/>\n<meta property=\"og:description\" content=\"Diyarbak\u0131r (R\u00fbdaw) \u2013\u00a0\u0130lk kez Diyarbak\u0131r\u2019a gelen T\u00fcrkiye Ermeni toplumu Patri\u011fi Sahak Ma\u015falyan, restorasyonu devam eden 645 y\u0131ll\u0131k Surp Giragos Ermeni Kilisesi\u2019nde d\u00fczenlenecek olan ayine kat\u0131laca\u011f\u0131n\u0131 s\u00f6yledi. Diyarbak\u0131r\u2019\u0131 ziyaret eden T\u00fcrkiye Ermeni toplumu 85\u2019inci Patri\u011fi Sahak Ma\u015falyan, Vali M\u00fcnir Karalo\u011flu taraf\u0131ndan kar\u015f\u0131land\u0131. Ma\u015falyan\u2019\u0131n ziyaretinin amac\u0131, Sur il\u00e7esinde Ermeni cemaatinin \u201cOrtado\u011fu\u2019daki en b\u00fcy\u00fck kilisesi\u201d olarak bilinen 645 [&hellip;]\" \/>\n<meta property=\"og:url\" content=\"https:\/\/akunq.net\/tr\/?p=65356\" \/>\n<meta property=\"og:site_name\" content=\"Bati Ermenistan Ve Bati Ermenileri Sorunlari Ara\u015ftirmalar Merkezi\" \/>\n<meta property=\"article:published_time\" content=\"2021-10-28T06:58:11+00:00\" \/>\n<meta property=\"og:image\" content=\"https:\/\/akunq.net\/tr\/wp-content\/uploads\/sites\/6\/2021\/10\/Sahak-Ma\u015falyan.jpg\" \/>\n\t<meta property=\"og:image:width\" content=\"752\" \/>\n\t<meta property=\"og:image:height\" content=\"472\" \/>\n\t<meta property=\"og:image:type\" content=\"image\/jpeg\" \/>\n<meta name=\"author\" content=\"admin\" \/>\n<meta name=\"twitter:card\" content=\"summary_large_image\" \/>\n<meta name=\"twitter:label1\" content=\"Written by\" \/>\n\t<meta name=\"twitter:data1\" content=\"admin\" \/>\n\t<meta name=\"twitter:label2\" content=\"Est. reading time\" \/>\n\t<meta name=\"twitter:data2\" content=\"2 minutes\" \/>\n<script type=\"application\/ld+json\" class=\"yoast-schema-graph\">{\"@context\":\"https:\\\/\\\/schema.org\",\"@graph\":[{\"@type\":\"Article\",\"@id\":\"https:\\\/\\\/akunq.net\\\/tr\\\/?p=65356#article\",\"isPartOf\":{\"@id\":\"https:\\\/\\\/akunq.net\\\/tr\\\/?p=65356\"},\"author\":{\"name\":\"admin\",\"@id\":\"https:\\\/\\\/akunq.net\\\/tr\\\/#\\\/schema\\\/person\\\/096f1d38a12cce57fb855b485ed24c9e\"},\"headline\":\"T\u00fcrkiye Ermenileri Patri\u011fi Sahak Ma\u015falyan, Diyarbak\u0131r\u2019da\",\"datePublished\":\"2021-10-28T06:58:11+00:00\",\"mainEntityOfPage\":{\"@id\":\"https:\\\/\\\/akunq.net\\\/tr\\\/?p=65356\"},\"wordCount\":345,\"commentCount\":0,\"image\":{\"@id\":\"https:\\\/\\\/akunq.net\\\/tr\\\/?p=65356#primaryimage\"},\"thumbnailUrl\":\"https:\\\/\\\/akunq.net\\\/tr\\\/wp-content\\\/uploads\\\/sites\\\/6\\\/2021\\\/10\\\/Sahak-Ma\u015falyan.jpg\",\"articleSection\":[\"G\u00fcn\u00fcm\u00fczde Bat\u0131 Ermenistan\",\"Haberler\"],\"inLanguage\":\"en-US\",\"potentialAction\":[{\"@type\":\"CommentAction\",\"name\":\"Comment\",\"target\":[\"https:\\\/\\\/akunq.net\\\/tr\\\/?p=65356#respond\"]}]},{\"@type\":\"WebPage\",\"@id\":\"https:\\\/\\\/akunq.net\\\/tr\\\/?p=65356\",\"url\":\"https:\\\/\\\/akunq.net\\\/tr\\\/?p=65356\",\"name\":\"T\u00fcrkiye Ermenileri Patri\u011fi Sahak Ma\u015falyan, Diyarbak\u0131r\u2019da - Bati Ermenistan Ve Bati Ermenileri Sorunlari Ara\u015ftirmalar Merkezi\",\"isPartOf\":{\"@id\":\"https:\\\/\\\/akunq.net\\\/tr\\\/#website\"},\"primaryImageOfPage\":{\"@id\":\"https:\\\/\\\/akunq.net\\\/tr\\\/?p=65356#primaryimage\"},\"image\":{\"@id\":\"https:\\\/\\\/akunq.net\\\/tr\\\/?p=65356#primaryimage\"},\"thumbnailUrl\":\"https:\\\/\\\/akunq.net\\\/tr\\\/wp-content\\\/uploads\\\/sites\\\/6\\\/2021\\\/10\\\/Sahak-Ma\u015falyan.jpg\",\"datePublished\":\"2021-10-28T06:58:11+00:00\",\"author\":{\"@id\":\"https:\\\/\\\/akunq.net\\\/tr\\\/#\\\/schema\\\/person\\\/096f1d38a12cce57fb855b485ed24c9e\"},\"breadcrumb\":{\"@id\":\"https:\\\/\\\/akunq.net\\\/tr\\\/?p=65356#breadcrumb\"},\"inLanguage\":\"en-US\",\"potentialAction\":[{\"@type\":\"ReadAction\",\"target\":[\"https:\\\/\\\/akunq.net\\\/tr\\\/?p=65356\"]}]},{\"@type\":\"ImageObject\",\"inLanguage\":\"en-US\",\"@id\":\"https:\\\/\\\/akunq.net\\\/tr\\\/?p=65356#primaryimage\",\"url\":\"https:\\\/\\\/akunq.net\\\/tr\\\/wp-content\\\/uploads\\\/sites\\\/6\\\/2021\\\/10\\\/Sahak-Ma\u015falyan.jpg\",\"contentUrl\":\"https:\\\/\\\/akunq.net\\\/tr\\\/wp-content\\\/uploads\\\/sites\\\/6\\\/2021\\\/10\\\/Sahak-Ma\u015falyan.jpg\",\"width\":752,\"height\":472},{\"@type\":\"BreadcrumbList\",\"@id\":\"https:\\\/\\\/akunq.net\\\/tr\\\/?p=65356#breadcrumb\",\"itemListElement\":[{\"@type\":\"ListItem\",\"position\":1,\"name\":\"Home\",\"item\":\"https:\\\/\\\/akunq.net\\\/tr\"},{\"@type\":\"ListItem\",\"position\":2,\"name\":\"T\u00fcrkiye Ermenileri Patri\u011fi Sahak Ma\u015falyan, Diyarbak\u0131r\u2019da\"}]},{\"@type\":\"WebSite\",\"@id\":\"https:\\\/\\\/akunq.net\\\/tr\\\/#website\",\"url\":\"https:\\\/\\\/akunq.net\\\/tr\\\/\",\"name\":\"Bati Ermenistan Ve Bati Ermenileri Sorunlari Ara\u015ftirmalar Merkezi\",\"description\":\"\",\"potentialAction\":[{\"@type\":\"SearchAction\",\"target\":{\"@type\":\"EntryPoint\",\"urlTemplate\":\"https:\\\/\\\/akunq.net\\\/tr\\\/?s={search_term_string}\"},\"query-input\":{\"@type\":\"PropertyValueSpecification\",\"valueRequired\":true,\"valueName\":\"search_term_string\"}}],\"inLanguage\":\"en-US\"},{\"@type\":\"Person\",\"@id\":\"https:\\\/\\\/akunq.net\\\/tr\\\/#\\\/schema\\\/person\\\/096f1d38a12cce57fb855b485ed24c9e\",\"name\":\"admin\",\"url\":\"https:\\\/\\\/akunq.net\\\/tr\\\/?author=7\"}]}<\/script>\n<!-- \/ Yoast SEO plugin. -->","yoast_head_json":{"title":"T\u00fcrkiye Ermenileri Patri\u011fi Sahak Ma\u015falyan, Diyarbak\u0131r\u2019da - Bati Ermenistan Ve Bati Ermenileri Sorunlari Ara\u015ftirmalar Merkezi","robots":{"index":"index","follow":"follow","max-snippet":"max-snippet:-1","max-image-preview":"max-image-preview:large","max-video-preview":"max-video-preview:-1"},"canonical":"https:\/\/akunq.net\/tr\/?p=65356","og_locale":"en_US","og_type":"article","og_title":"T\u00fcrkiye Ermenileri Patri\u011fi Sahak Ma\u015falyan, Diyarbak\u0131r\u2019da - Bati Ermenistan Ve Bati Ermenileri Sorunlari Ara\u015ftirmalar Merkezi","og_description":"Diyarbak\u0131r (R\u00fbdaw) \u2013\u00a0\u0130lk kez Diyarbak\u0131r\u2019a gelen T\u00fcrkiye Ermeni toplumu Patri\u011fi Sahak Ma\u015falyan, restorasyonu devam eden 645 y\u0131ll\u0131k Surp Giragos Ermeni Kilisesi\u2019nde d\u00fczenlenecek olan ayine kat\u0131laca\u011f\u0131n\u0131 s\u00f6yledi. Diyarbak\u0131r\u2019\u0131 ziyaret eden T\u00fcrkiye Ermeni toplumu 85\u2019inci Patri\u011fi Sahak Ma\u015falyan, Vali M\u00fcnir Karalo\u011flu taraf\u0131ndan kar\u015f\u0131land\u0131. Ma\u015falyan\u2019\u0131n ziyaretinin amac\u0131, Sur il\u00e7esinde Ermeni cemaatinin \u201cOrtado\u011fu\u2019daki en b\u00fcy\u00fck kilisesi\u201d olarak bilinen 645 [&hellip;]","og_url":"https:\/\/akunq.net\/tr\/?p=65356","og_site_name":"Bati Ermenistan Ve Bati Ermenileri Sorunlari Ara\u015ftirmalar Merkezi","article_published_time":"2021-10-28T06:58:11+00:00","og_image":[{"width":752,"height":472,"url":"https:\/\/akunq.net\/tr\/wp-content\/uploads\/sites\/6\/2021\/10\/Sahak-Ma\u015falyan.jpg","type":"image\/jpeg"}],"author":"admin","twitter_card":"summary_large_image","twitter_misc":{"Written by":"admin","Est. reading time":"2 minutes"},"schema":{"@context":"https:\/\/schema.org","@graph":[{"@type":"Article","@id":"https:\/\/akunq.net\/tr\/?p=65356#article","isPartOf":{"@id":"https:\/\/akunq.net\/tr\/?p=65356"},"author":{"name":"admin","@id":"https:\/\/akunq.net\/tr\/#\/schema\/person\/096f1d38a12cce57fb855b485ed24c9e"},"headline":"T\u00fcrkiye Ermenileri Patri\u011fi Sahak Ma\u015falyan, Diyarbak\u0131r\u2019da","datePublished":"2021-10-28T06:58:11+00:00","mainEntityOfPage":{"@id":"https:\/\/akunq.net\/tr\/?p=65356"},"wordCount":345,"commentCount":0,"image":{"@id":"https:\/\/akunq.net\/tr\/?p=65356#primaryimage"},"thumbnailUrl":"https:\/\/akunq.net\/tr\/wp-content\/uploads\/sites\/6\/2021\/10\/Sahak-Ma\u015falyan.jpg","articleSection":["G\u00fcn\u00fcm\u00fczde Bat\u0131 Ermenistan","Haberler"],"inLanguage":"en-US","potentialAction":[{"@type":"CommentAction","name":"Comment","target":["https:\/\/akunq.net\/tr\/?p=65356#respond"]}]},{"@type":"WebPage","@id":"https:\/\/akunq.net\/tr\/?p=65356","url":"https:\/\/akunq.net\/tr\/?p=65356","name":"T\u00fcrkiye Ermenileri Patri\u011fi Sahak Ma\u015falyan, Diyarbak\u0131r\u2019da - Bati Ermenistan Ve Bati Ermenileri Sorunlari Ara\u015ftirmalar Merkezi","isPartOf":{"@id":"https:\/\/akunq.net\/tr\/#website"},"primaryImageOfPage":{"@id":"https:\/\/akunq.net\/tr\/?p=65356#primaryimage"},"image":{"@id":"https:\/\/akunq.net\/tr\/?p=65356#primaryimage"},"thumbnailUrl":"https:\/\/akunq.net\/tr\/wp-content\/uploads\/sites\/6\/2021\/10\/Sahak-Ma\u015falyan.jpg","datePublished":"2021-10-28T06:58:11+00:00","author":{"@id":"https:\/\/akunq.net\/tr\/#\/schema\/person\/096f1d38a12cce57fb855b485ed24c9e"},"breadcrumb":{"@id":"https:\/\/akunq.net\/tr\/?p=65356#breadcrumb"},"inLanguage":"en-US","potentialAction":[{"@type":"ReadAction","target":["https:\/\/akunq.net\/tr\/?p=65356"]}]},{"@type":"ImageObject","inLanguage":"en-US","@id":"https:\/\/akunq.net\/tr\/?p=65356#primaryimage","url":"https:\/\/akunq.net\/tr\/wp-content\/uploads\/sites\/6\/2021\/10\/Sahak-Ma\u015falyan.jpg","contentUrl":"https:\/\/akunq.net\/tr\/wp-content\/uploads\/sites\/6\/2021\/10\/Sahak-Ma\u015falyan.jpg","width":752,"height":472},{"@type":"BreadcrumbList","@id":"https:\/\/akunq.net\/tr\/?p=65356#breadcrumb","itemListElement":[{"@type":"ListItem","position":1,"name":"Home","item":"https:\/\/akunq.net\/tr"},{"@type":"ListItem","position":2,"name":"T\u00fcrkiye Ermenileri Patri\u011fi Sahak Ma\u015falyan, Diyarbak\u0131r\u2019da"}]},{"@type":"WebSite","@id":"https:\/\/akunq.net\/tr\/#website","url":"https:\/\/akunq.net\/tr\/","name":"Bati Ermenistan Ve Bati Ermenileri Sorunlari Ara\u015ftirmalar Merkezi","description":"","potentialAction":[{"@type":"SearchAction","target":{"@type":"EntryPoint","urlTemplate":"https:\/\/akunq.net\/tr\/?s={search_term_string}"},"query-input":{"@type":"PropertyValueSpecification","valueRequired":true,"valueName":"search_term_string"}}],"inLanguage":"en-US"},{"@type":"Person","@id":"https:\/\/akunq.net\/tr\/#\/schema\/person\/096f1d38a12cce57fb855b485ed24c9e","name":"admin","url":"https:\/\/akunq.net\/tr\/?author=7"}]}},"_links":{"self":[{"href":"https:\/\/akunq.net\/tr\/index.php?rest_route=\/wp\/v2\/posts\/65356","targetHints":{"allow":["GET"]}}],"collection":[{"href":"https:\/\/akunq.net\/tr\/index.php?rest_route=\/wp\/v2\/posts"}],"about":[{"href":"https:\/\/akunq.net\/tr\/index.php?rest_route=\/wp\/v2\/types\/post"}],"author":[{"embeddable":true,"href":"https:\/\/akunq.net\/tr\/index.php?rest_route=\/wp\/v2\/users\/7"}],"replies":[{"embeddable":true,"href":"https:\/\/akunq.net\/tr\/index.php?rest_route=%2Fwp%2Fv2%2Fcomments&post=65356"}],"version-history":[{"count":1,"href":"https:\/\/akunq.net\/tr\/index.php?rest_route=\/wp\/v2\/posts\/65356\/revisions"}],"predecessor-version":[{"id":65358,"href":"https:\/\/akunq.net\/tr\/index.php?rest_route=\/wp\/v2\/posts\/65356\/revisions\/65358"}],"wp:featuredmedia":[{"embeddable":true,"href":"https:\/\/akunq.net\/tr\/index.php?rest_route=\/wp\/v2\/media\/65357"}],"wp:attachment":[{"href":"https:\/\/akunq.net\/tr\/index.php?rest_route=%2Fwp%2Fv2%2Fmedia&parent=65356"}],"wp:term":[{"taxonomy":"category","embeddable":true,"href":"https:\/\/akunq.net\/tr\/index.php?rest_route=%2Fwp%2Fv2%2Fcategories&post=65356"},{"taxonomy":"post_tag","embeddable":true,"href":"https:\/\/akunq.net\/tr\/index.php?rest_route=%2Fwp%2Fv2%2Ftags&post=65356"}],"curies":[{"name":"wp","href":"https:\/\/api.w.org\/{rel}","templated":true}]}}