{"id":65353,"date":"2021-10-28T01:51:00","date_gmt":"2021-10-28T06:51:00","guid":{"rendered":"https:\/\/akunq.net\/tr\/?p=65353"},"modified":"2021-10-28T02:23:14","modified_gmt":"2021-10-28T07:23:14","slug":"giresun-valisi-unlu-restore-edilen-cakrak-kilisesinde-inceleme-yapti","status":"publish","type":"post","link":"https:\/\/akunq.net\/tr\/?p=65353","title":{"rendered":"Giresun Valisi \u00dcnl\u00fc, restore edilen \u00c7akrak Kilise&#8217;sinde inceleme yapt\u0131"},"content":{"rendered":"<p><img loading=\"lazy\" decoding=\"async\" class=\"aligncenter size-medium wp-image-65354\" src=\"https:\/\/akunq.net\/tr\/wp-content\/uploads\/2021\/10\/\u00c7akrak-Kilisesi-360x206.jpg\" alt=\"\" width=\"360\" height=\"206\" srcset=\"https:\/\/akunq.net\/tr\/wp-content\/uploads\/sites\/6\/2021\/10\/\u00c7akrak-Kilisesi-360x206.jpg 360w, https:\/\/akunq.net\/tr\/wp-content\/uploads\/sites\/6\/2021\/10\/\u00c7akrak-Kilisesi-560x320.jpg 560w, https:\/\/akunq.net\/tr\/wp-content\/uploads\/sites\/6\/2021\/10\/\u00c7akrak-Kilisesi-260x149.jpg 260w, https:\/\/akunq.net\/tr\/wp-content\/uploads\/sites\/6\/2021\/10\/\u00c7akrak-Kilisesi-160x91.jpg 160w, https:\/\/akunq.net\/tr\/wp-content\/uploads\/sites\/6\/2021\/10\/\u00c7akrak-Kilisesi.jpg 600w\" sizes=\"auto, (max-width: 360px) 100vw, 360px\" \/><\/p>\n<p><em><strong>G\u0130RESUN (DHA) \u2013 G\u0130RESUN\u2019un Alucra il\u00e7esinde yak\u0131n\u0131ndaki tarihi ta\u015f kemer k\u00f6pr\u00fc ile ilgi g\u00f6ren \u00c7akrak Kilisesi\u2019nde restorasyon \u00e7al\u0131\u015fmalar\u0131 s\u00fcr\u00fcyor. B\u00f6lgede inceleme yapan Vali Enver \u00dcnl\u00fc, \u201cBu kilise ve hemen a\u015fa\u011f\u0131s\u0131ndaki kemer k\u00f6pr\u00fcn\u00fcn restorasyonuyla \u015eah Yolu\u2019nu tekrar eski \u00fcn\u00fcne kavu\u015fturmak istiyoruz\u201d dedi.<\/strong><\/em><\/p>\n<p>Alucra il\u00e7esinde 19\u2019uncu y\u00fczy\u0131lda in\u015fa edilen halk aras\u0131nda \u2018\u00c7akrak Kilisesi\u2019 olarak bilinen Kimisis Teodoku Kilisesi i\u00e7in \u0130l K\u00fclt\u00fcr ve\u00a0\u00a0<a href=\"https:\/\/www.haberler.com\/turizm\/\">Turizm<\/a>\u00a0M\u00fcd\u00fcrl\u00fc\u011f\u00fc, \u2018\u00c7akrak Kilisesi\u2019nin Turizme Kazand\u0131r\u0131lmas\u0131 ve \u015eah Yolu G\u00fczergah\u0131 Destinasyonu\u2019 projesi haz\u0131rlad\u0131. Yakla\u015f\u0131k 1 y\u0131l \u00f6nce Do\u011fu\u00a0\u00a0<a href=\"https:\/\/www.haberler.com\/karadeniz\/\">Karadeniz<\/a>\u00a0Kalk\u0131nma Ajans\u0131 taraf\u0131ndan kabul edilen,\u00a0\u00a0<a href=\"https:\/\/www.haberler.com\/giresun-valiligi\/\">Giresun Valili\u011fi<\/a>\u00a0\u0130l \u00d6zel \u0130daresi, K\u00fclt\u00fcr ve Turizm Bakanl\u0131\u011f\u0131\u2019nca da desteklenen proje kapsam\u0131nda restorasyon \u00e7al\u0131\u015fmas\u0131 ba\u015flat\u0131ld\u0131. Yakla\u015f\u0131k 1 milyon 580 bin lira maliyetli projede, ilk etapta s\u00fcrd\u00fcr\u00fclen kaz\u0131 \u00e7al\u0131\u015fmalar\u0131 ile tarihi kilisede baz\u0131 mimari eser ve par\u00e7alar g\u00fcn y\u00fcz\u00fcne \u00e7\u0131kar\u0131ld\u0131.<\/p>\n<p><strong>\u2018K\u0130L\u0130SEN\u0130N AYA\u011eA KALDIRILMASINI AMA\u00c7LIYORUZ\u2019<\/strong><\/p>\n<p>B\u00f6lgede inceleme yapan Giresun Valisi Enver \u00dcnl\u00fc, kilisenin kemer k\u00f6pr\u00fcs\u00fcyle \u015eah Yolu g\u00fczergah\u0131nda seyahat edenlerin olduk\u00e7a ilgi g\u00f6sterdi\u011fi bir destinasyon oldu\u011funu s\u00f6yledi. Tarihi, do\u011fal ve k\u00fclt\u00fcrel zenginlikleri, g\u00fcn \u0131\u015f\u0131\u011f\u0131na \u00e7\u0131kararak b\u00f6lgeye gelen turistlerle payla\u015fmak istediklerini hedeflediklerini belirten Vali \u00dcnl\u00fc, \u201cBurada \u00e7ok ekonomik bir maliyetle kaz\u0131y\u0131 bitirdik. Haz\u0131rlanan r\u00f6l\u00f6ve restit\u00fcsyon projeleri kapsam\u0131nda i\u00e7eriden \u00e7\u0131kan malzemelerin orijinal yerlerine konulmas\u0131yla restorasyonunun yap\u0131larak bir an \u00f6nce kilisenin aya\u011fa kald\u0131r\u0131lmas\u0131n\u0131 ama\u00e7l\u0131yoruz. Bu kilise ve hemen a\u015fa\u011f\u0131s\u0131ndaki kemer k\u00f6pr\u00fcn\u00fcn restorasyonuyla \u015eah Yolu\u2019nu tekrar eski \u00fcn\u00fcne kavu\u015fturmak istiyoruz. Bu eserleri tekrar tarihseverlerin, do\u011faseverlerin ve turizm hareketlili\u011fine kat\u0131lan turistlerin be\u011fenisine sunmak istiyoruz. Bu tarihi ve k\u00fclt\u00fcrel de\u011ferlerimizi korumam\u0131z laz\u0131m\u201d dedi.<\/p>\n<p><strong>\u2018G\u00d6M\u00dcL\u00dc \u0130SKELETLER \u00c7IKTI\u2019<\/strong><\/p>\n<p>Projenin bilimsel dan\u0131\u015fman\u0131 ve Giresun \u00dcniversitesi K\u00fclt\u00fcr Varl\u0131klar\u0131n\u0131 Koruma ve Onar\u0131m B\u00f6l\u00fcm Ba\u015fkan\u0131 Do\u00e7. Dr. Gazanfer \u0130ltar de \u00c7akrak b\u00f6lgesinin Karadeniz\u2019i, \u0130\u00e7 Anadolu ve \u0130ran\u2019a ba\u011flayan bir nokta oldu\u011funu aktard\u0131. \u00c7akrak b\u00f6lgesinin ismini Fars\u00e7a \u015eah-Rah\u2019tan geldi\u011fini belirten Do\u00e7. Dr. \u0130ltar, \u201cYakla\u015f\u0131k bir ay \u00f6nce tamamlad\u0131\u011f\u0131m\u0131z restit\u00fcsyon projesinin \u00e7\u00f6z\u00fcmlemesine y\u00f6nelik bir kaz\u0131 yapt\u0131k, kilisenin s\u00fctunlar\u0131, s\u00fctun ba\u015flar\u0131 ve di\u011fer mimari birimlerinin par\u00e7alar\u0131n\u0131 ve kilise i\u00e7erisine g\u00f6m\u00fclen birtak\u0131m iskeletleri g\u00fcn y\u00fcz\u00fcne \u00e7\u0131kard\u0131k. Bunlar\u0131 tekrar restorasyonda kullanmak i\u00e7in muhafaza alt\u0131na ald\u0131k\u201d diye konu\u015ftu.<\/p>\n<figure class=\"wp-block-image\"><img decoding=\"async\" src=\"https:\/\/i0.wp.com\/foto.haberler.com\/haber\/2021\/10\/27\/giresun-da-sah-yolu-ndaki-tarihi-kilise-resto-14489382_o.jpg?ssl=1\" alt=\"G\u0130RESUN VAL\u0130S\u0130 \u00dcNL\u00dc, RESTORE ED\u0130LEN \u00c7AKRAK K\u0130L\u0130SES\u0130'NDE \u0130NCELEME YAPTI\" data-recalc-dims=\"1\" \/><\/figure>\n<p><em><strong><a href=\"https:\/\/www.haberler.com\/haberler-giresun-da-sah-yolu-ndaki-tarihi-kilise-restore-14489382-haberi\/\">https:\/\/www.haberler.com\/haberler-giresun-da-sah-yolu-ndaki-tarihi-kilise-restore-14489382-haberi\/<\/a>\u00a0<\/strong><\/em><\/p>\n","protected":false},"excerpt":{"rendered":"<p>G\u0130RESUN (DHA) \u2013 G\u0130RESUN\u2019un Alucra il\u00e7esinde yak\u0131n\u0131ndaki tarihi ta\u015f kemer k\u00f6pr\u00fc ile ilgi g\u00f6ren \u00c7akrak Kilisesi\u2019nde restorasyon \u00e7al\u0131\u015fmalar\u0131 s\u00fcr\u00fcyor. B\u00f6lgede inceleme yapan Vali Enver \u00dcnl\u00fc, \u201cBu kilise ve hemen a\u015fa\u011f\u0131s\u0131ndaki kemer k\u00f6pr\u00fcn\u00fcn restorasyonuyla \u015eah Yolu\u2019nu tekrar eski \u00fcn\u00fcne kavu\u015fturmak istiyoruz\u201d dedi. Alucra il\u00e7esinde 19\u2019uncu y\u00fczy\u0131lda in\u015fa edilen halk aras\u0131nda \u2018\u00c7akrak Kilisesi\u2019 olarak bilinen Kimisis Teodoku [&hellip;]<\/p>\n","protected":false},"author":7,"featured_media":65354,"comment_status":"open","ping_status":"open","sticky":false,"template":"","format":"standard","meta":{"footnotes":""},"categories":[1],"tags":[],"class_list":["post-65353","post","type-post","status-publish","format-standard","has-post-thumbnail","hentry","category-haberler"],"yoast_head":"<!-- This site is optimized with the Yoast SEO plugin v27.4 - https:\/\/yoast.com\/product\/yoast-seo-wordpress\/ -->\n<title>Giresun Valisi \u00dcnl\u00fc, restore edilen \u00c7akrak Kilise&#039;sinde inceleme yapt\u0131 - Bati Ermenistan Ve Bati Ermenileri Sorunlari Ara\u015ftirmalar Merkezi<\/title>\n<meta name=\"robots\" content=\"index, follow, max-snippet:-1, max-image-preview:large, max-video-preview:-1\" \/>\n<link rel=\"canonical\" href=\"https:\/\/akunq.net\/tr\/?p=65353\" \/>\n<meta property=\"og:locale\" content=\"en_US\" \/>\n<meta property=\"og:type\" content=\"article\" \/>\n<meta property=\"og:title\" content=\"Giresun Valisi \u00dcnl\u00fc, restore edilen \u00c7akrak Kilise&#039;sinde inceleme yapt\u0131 - Bati Ermenistan Ve Bati Ermenileri Sorunlari Ara\u015ftirmalar Merkezi\" \/>\n<meta property=\"og:description\" content=\"G\u0130RESUN (DHA) \u2013 G\u0130RESUN\u2019un Alucra il\u00e7esinde yak\u0131n\u0131ndaki tarihi ta\u015f kemer k\u00f6pr\u00fc ile ilgi g\u00f6ren \u00c7akrak Kilisesi\u2019nde restorasyon \u00e7al\u0131\u015fmalar\u0131 s\u00fcr\u00fcyor. B\u00f6lgede inceleme yapan Vali Enver \u00dcnl\u00fc, \u201cBu kilise ve hemen a\u015fa\u011f\u0131s\u0131ndaki kemer k\u00f6pr\u00fcn\u00fcn restorasyonuyla \u015eah Yolu\u2019nu tekrar eski \u00fcn\u00fcne kavu\u015fturmak istiyoruz\u201d dedi. Alucra il\u00e7esinde 19\u2019uncu y\u00fczy\u0131lda in\u015fa edilen halk aras\u0131nda \u2018\u00c7akrak Kilisesi\u2019 olarak bilinen Kimisis Teodoku [&hellip;]\" \/>\n<meta property=\"og:url\" content=\"https:\/\/akunq.net\/tr\/?p=65353\" \/>\n<meta property=\"og:site_name\" content=\"Bati Ermenistan Ve Bati Ermenileri Sorunlari Ara\u015ftirmalar Merkezi\" \/>\n<meta property=\"article:published_time\" content=\"2021-10-28T06:51:00+00:00\" \/>\n<meta property=\"article:modified_time\" content=\"2021-10-28T07:23:14+00:00\" \/>\n<meta property=\"og:image\" content=\"https:\/\/akunq.net\/tr\/wp-content\/uploads\/sites\/6\/2021\/10\/\u00c7akrak-Kilisesi.jpg\" \/>\n\t<meta property=\"og:image:width\" content=\"600\" \/>\n\t<meta property=\"og:image:height\" content=\"343\" \/>\n\t<meta property=\"og:image:type\" content=\"image\/jpeg\" \/>\n<meta name=\"author\" content=\"admin\" \/>\n<meta name=\"twitter:card\" content=\"summary_large_image\" \/>\n<meta name=\"twitter:label1\" content=\"Written by\" \/>\n\t<meta name=\"twitter:data1\" content=\"admin\" \/>\n\t<meta name=\"twitter:label2\" content=\"Est. reading time\" \/>\n\t<meta name=\"twitter:data2\" content=\"2 minutes\" \/>\n<script type=\"application\/ld+json\" class=\"yoast-schema-graph\">{\"@context\":\"https:\\\/\\\/schema.org\",\"@graph\":[{\"@type\":\"Article\",\"@id\":\"https:\\\/\\\/akunq.net\\\/tr\\\/?p=65353#article\",\"isPartOf\":{\"@id\":\"https:\\\/\\\/akunq.net\\\/tr\\\/?p=65353\"},\"author\":{\"name\":\"admin\",\"@id\":\"https:\\\/\\\/akunq.net\\\/tr\\\/#\\\/schema\\\/person\\\/096f1d38a12cce57fb855b485ed24c9e\"},\"headline\":\"Giresun Valisi \u00dcnl\u00fc, restore edilen \u00c7akrak Kilise&#8217;sinde inceleme yapt\u0131\",\"datePublished\":\"2021-10-28T06:51:00+00:00\",\"dateModified\":\"2021-10-28T07:23:14+00:00\",\"mainEntityOfPage\":{\"@id\":\"https:\\\/\\\/akunq.net\\\/tr\\\/?p=65353\"},\"wordCount\":483,\"commentCount\":0,\"image\":{\"@id\":\"https:\\\/\\\/akunq.net\\\/tr\\\/?p=65353#primaryimage\"},\"thumbnailUrl\":\"https:\\\/\\\/akunq.net\\\/tr\\\/wp-content\\\/uploads\\\/sites\\\/6\\\/2021\\\/10\\\/\u00c7akrak-Kilisesi.jpg\",\"articleSection\":[\"Haberler\"],\"inLanguage\":\"en-US\",\"potentialAction\":[{\"@type\":\"CommentAction\",\"name\":\"Comment\",\"target\":[\"https:\\\/\\\/akunq.net\\\/tr\\\/?p=65353#respond\"]}]},{\"@type\":\"WebPage\",\"@id\":\"https:\\\/\\\/akunq.net\\\/tr\\\/?p=65353\",\"url\":\"https:\\\/\\\/akunq.net\\\/tr\\\/?p=65353\",\"name\":\"Giresun Valisi \u00dcnl\u00fc, restore edilen \u00c7akrak Kilise'sinde inceleme yapt\u0131 - Bati Ermenistan Ve Bati Ermenileri Sorunlari Ara\u015ftirmalar Merkezi\",\"isPartOf\":{\"@id\":\"https:\\\/\\\/akunq.net\\\/tr\\\/#website\"},\"primaryImageOfPage\":{\"@id\":\"https:\\\/\\\/akunq.net\\\/tr\\\/?p=65353#primaryimage\"},\"image\":{\"@id\":\"https:\\\/\\\/akunq.net\\\/tr\\\/?p=65353#primaryimage\"},\"thumbnailUrl\":\"https:\\\/\\\/akunq.net\\\/tr\\\/wp-content\\\/uploads\\\/sites\\\/6\\\/2021\\\/10\\\/\u00c7akrak-Kilisesi.jpg\",\"datePublished\":\"2021-10-28T06:51:00+00:00\",\"dateModified\":\"2021-10-28T07:23:14+00:00\",\"author\":{\"@id\":\"https:\\\/\\\/akunq.net\\\/tr\\\/#\\\/schema\\\/person\\\/096f1d38a12cce57fb855b485ed24c9e\"},\"breadcrumb\":{\"@id\":\"https:\\\/\\\/akunq.net\\\/tr\\\/?p=65353#breadcrumb\"},\"inLanguage\":\"en-US\",\"potentialAction\":[{\"@type\":\"ReadAction\",\"target\":[\"https:\\\/\\\/akunq.net\\\/tr\\\/?p=65353\"]}]},{\"@type\":\"ImageObject\",\"inLanguage\":\"en-US\",\"@id\":\"https:\\\/\\\/akunq.net\\\/tr\\\/?p=65353#primaryimage\",\"url\":\"https:\\\/\\\/akunq.net\\\/tr\\\/wp-content\\\/uploads\\\/sites\\\/6\\\/2021\\\/10\\\/\u00c7akrak-Kilisesi.jpg\",\"contentUrl\":\"https:\\\/\\\/akunq.net\\\/tr\\\/wp-content\\\/uploads\\\/sites\\\/6\\\/2021\\\/10\\\/\u00c7akrak-Kilisesi.jpg\",\"width\":600,\"height\":343},{\"@type\":\"BreadcrumbList\",\"@id\":\"https:\\\/\\\/akunq.net\\\/tr\\\/?p=65353#breadcrumb\",\"itemListElement\":[{\"@type\":\"ListItem\",\"position\":1,\"name\":\"Home\",\"item\":\"https:\\\/\\\/akunq.net\\\/tr\"},{\"@type\":\"ListItem\",\"position\":2,\"name\":\"Giresun Valisi \u00dcnl\u00fc, restore edilen \u00c7akrak Kilise&#8217;sinde inceleme yapt\u0131\"}]},{\"@type\":\"WebSite\",\"@id\":\"https:\\\/\\\/akunq.net\\\/tr\\\/#website\",\"url\":\"https:\\\/\\\/akunq.net\\\/tr\\\/\",\"name\":\"Bati Ermenistan Ve Bati Ermenileri Sorunlari Ara\u015ftirmalar Merkezi\",\"description\":\"\",\"potentialAction\":[{\"@type\":\"SearchAction\",\"target\":{\"@type\":\"EntryPoint\",\"urlTemplate\":\"https:\\\/\\\/akunq.net\\\/tr\\\/?s={search_term_string}\"},\"query-input\":{\"@type\":\"PropertyValueSpecification\",\"valueRequired\":true,\"valueName\":\"search_term_string\"}}],\"inLanguage\":\"en-US\"},{\"@type\":\"Person\",\"@id\":\"https:\\\/\\\/akunq.net\\\/tr\\\/#\\\/schema\\\/person\\\/096f1d38a12cce57fb855b485ed24c9e\",\"name\":\"admin\",\"url\":\"https:\\\/\\\/akunq.net\\\/tr\\\/?author=7\"}]}<\/script>\n<!-- \/ Yoast SEO plugin. -->","yoast_head_json":{"title":"Giresun Valisi \u00dcnl\u00fc, restore edilen \u00c7akrak Kilise'sinde inceleme yapt\u0131 - Bati Ermenistan Ve Bati Ermenileri Sorunlari Ara\u015ftirmalar Merkezi","robots":{"index":"index","follow":"follow","max-snippet":"max-snippet:-1","max-image-preview":"max-image-preview:large","max-video-preview":"max-video-preview:-1"},"canonical":"https:\/\/akunq.net\/tr\/?p=65353","og_locale":"en_US","og_type":"article","og_title":"Giresun Valisi \u00dcnl\u00fc, restore edilen \u00c7akrak Kilise'sinde inceleme yapt\u0131 - Bati Ermenistan Ve Bati Ermenileri Sorunlari Ara\u015ftirmalar Merkezi","og_description":"G\u0130RESUN (DHA) \u2013 G\u0130RESUN\u2019un Alucra il\u00e7esinde yak\u0131n\u0131ndaki tarihi ta\u015f kemer k\u00f6pr\u00fc ile ilgi g\u00f6ren \u00c7akrak Kilisesi\u2019nde restorasyon \u00e7al\u0131\u015fmalar\u0131 s\u00fcr\u00fcyor. B\u00f6lgede inceleme yapan Vali Enver \u00dcnl\u00fc, \u201cBu kilise ve hemen a\u015fa\u011f\u0131s\u0131ndaki kemer k\u00f6pr\u00fcn\u00fcn restorasyonuyla \u015eah Yolu\u2019nu tekrar eski \u00fcn\u00fcne kavu\u015fturmak istiyoruz\u201d dedi. Alucra il\u00e7esinde 19\u2019uncu y\u00fczy\u0131lda in\u015fa edilen halk aras\u0131nda \u2018\u00c7akrak Kilisesi\u2019 olarak bilinen Kimisis Teodoku [&hellip;]","og_url":"https:\/\/akunq.net\/tr\/?p=65353","og_site_name":"Bati Ermenistan Ve Bati Ermenileri Sorunlari Ara\u015ftirmalar Merkezi","article_published_time":"2021-10-28T06:51:00+00:00","article_modified_time":"2021-10-28T07:23:14+00:00","og_image":[{"width":600,"height":343,"url":"https:\/\/akunq.net\/tr\/wp-content\/uploads\/sites\/6\/2021\/10\/\u00c7akrak-Kilisesi.jpg","type":"image\/jpeg"}],"author":"admin","twitter_card":"summary_large_image","twitter_misc":{"Written by":"admin","Est. reading time":"2 minutes"},"schema":{"@context":"https:\/\/schema.org","@graph":[{"@type":"Article","@id":"https:\/\/akunq.net\/tr\/?p=65353#article","isPartOf":{"@id":"https:\/\/akunq.net\/tr\/?p=65353"},"author":{"name":"admin","@id":"https:\/\/akunq.net\/tr\/#\/schema\/person\/096f1d38a12cce57fb855b485ed24c9e"},"headline":"Giresun Valisi \u00dcnl\u00fc, restore edilen \u00c7akrak Kilise&#8217;sinde inceleme yapt\u0131","datePublished":"2021-10-28T06:51:00+00:00","dateModified":"2021-10-28T07:23:14+00:00","mainEntityOfPage":{"@id":"https:\/\/akunq.net\/tr\/?p=65353"},"wordCount":483,"commentCount":0,"image":{"@id":"https:\/\/akunq.net\/tr\/?p=65353#primaryimage"},"thumbnailUrl":"https:\/\/akunq.net\/tr\/wp-content\/uploads\/sites\/6\/2021\/10\/\u00c7akrak-Kilisesi.jpg","articleSection":["Haberler"],"inLanguage":"en-US","potentialAction":[{"@type":"CommentAction","name":"Comment","target":["https:\/\/akunq.net\/tr\/?p=65353#respond"]}]},{"@type":"WebPage","@id":"https:\/\/akunq.net\/tr\/?p=65353","url":"https:\/\/akunq.net\/tr\/?p=65353","name":"Giresun Valisi \u00dcnl\u00fc, restore edilen \u00c7akrak Kilise'sinde inceleme yapt\u0131 - Bati Ermenistan Ve Bati Ermenileri Sorunlari Ara\u015ftirmalar Merkezi","isPartOf":{"@id":"https:\/\/akunq.net\/tr\/#website"},"primaryImageOfPage":{"@id":"https:\/\/akunq.net\/tr\/?p=65353#primaryimage"},"image":{"@id":"https:\/\/akunq.net\/tr\/?p=65353#primaryimage"},"thumbnailUrl":"https:\/\/akunq.net\/tr\/wp-content\/uploads\/sites\/6\/2021\/10\/\u00c7akrak-Kilisesi.jpg","datePublished":"2021-10-28T06:51:00+00:00","dateModified":"2021-10-28T07:23:14+00:00","author":{"@id":"https:\/\/akunq.net\/tr\/#\/schema\/person\/096f1d38a12cce57fb855b485ed24c9e"},"breadcrumb":{"@id":"https:\/\/akunq.net\/tr\/?p=65353#breadcrumb"},"inLanguage":"en-US","potentialAction":[{"@type":"ReadAction","target":["https:\/\/akunq.net\/tr\/?p=65353"]}]},{"@type":"ImageObject","inLanguage":"en-US","@id":"https:\/\/akunq.net\/tr\/?p=65353#primaryimage","url":"https:\/\/akunq.net\/tr\/wp-content\/uploads\/sites\/6\/2021\/10\/\u00c7akrak-Kilisesi.jpg","contentUrl":"https:\/\/akunq.net\/tr\/wp-content\/uploads\/sites\/6\/2021\/10\/\u00c7akrak-Kilisesi.jpg","width":600,"height":343},{"@type":"BreadcrumbList","@id":"https:\/\/akunq.net\/tr\/?p=65353#breadcrumb","itemListElement":[{"@type":"ListItem","position":1,"name":"Home","item":"https:\/\/akunq.net\/tr"},{"@type":"ListItem","position":2,"name":"Giresun Valisi \u00dcnl\u00fc, restore edilen \u00c7akrak Kilise&#8217;sinde inceleme yapt\u0131"}]},{"@type":"WebSite","@id":"https:\/\/akunq.net\/tr\/#website","url":"https:\/\/akunq.net\/tr\/","name":"Bati Ermenistan Ve Bati Ermenileri Sorunlari Ara\u015ftirmalar Merkezi","description":"","potentialAction":[{"@type":"SearchAction","target":{"@type":"EntryPoint","urlTemplate":"https:\/\/akunq.net\/tr\/?s={search_term_string}"},"query-input":{"@type":"PropertyValueSpecification","valueRequired":true,"valueName":"search_term_string"}}],"inLanguage":"en-US"},{"@type":"Person","@id":"https:\/\/akunq.net\/tr\/#\/schema\/person\/096f1d38a12cce57fb855b485ed24c9e","name":"admin","url":"https:\/\/akunq.net\/tr\/?author=7"}]}},"_links":{"self":[{"href":"https:\/\/akunq.net\/tr\/index.php?rest_route=\/wp\/v2\/posts\/65353","targetHints":{"allow":["GET"]}}],"collection":[{"href":"https:\/\/akunq.net\/tr\/index.php?rest_route=\/wp\/v2\/posts"}],"about":[{"href":"https:\/\/akunq.net\/tr\/index.php?rest_route=\/wp\/v2\/types\/post"}],"author":[{"embeddable":true,"href":"https:\/\/akunq.net\/tr\/index.php?rest_route=\/wp\/v2\/users\/7"}],"replies":[{"embeddable":true,"href":"https:\/\/akunq.net\/tr\/index.php?rest_route=%2Fwp%2Fv2%2Fcomments&post=65353"}],"version-history":[{"count":2,"href":"https:\/\/akunq.net\/tr\/index.php?rest_route=\/wp\/v2\/posts\/65353\/revisions"}],"predecessor-version":[{"id":65360,"href":"https:\/\/akunq.net\/tr\/index.php?rest_route=\/wp\/v2\/posts\/65353\/revisions\/65360"}],"wp:featuredmedia":[{"embeddable":true,"href":"https:\/\/akunq.net\/tr\/index.php?rest_route=\/wp\/v2\/media\/65354"}],"wp:attachment":[{"href":"https:\/\/akunq.net\/tr\/index.php?rest_route=%2Fwp%2Fv2%2Fmedia&parent=65353"}],"wp:term":[{"taxonomy":"category","embeddable":true,"href":"https:\/\/akunq.net\/tr\/index.php?rest_route=%2Fwp%2Fv2%2Fcategories&post=65353"},{"taxonomy":"post_tag","embeddable":true,"href":"https:\/\/akunq.net\/tr\/index.php?rest_route=%2Fwp%2Fv2%2Ftags&post=65353"}],"curies":[{"name":"wp","href":"https:\/\/api.w.org\/{rel}","templated":true}]}}