{"id":65336,"date":"2021-10-27T03:19:58","date_gmt":"2021-10-27T08:19:58","guid":{"rendered":"https:\/\/akunq.net\/tr\/?p=65336"},"modified":"2021-10-27T03:19:58","modified_gmt":"2021-10-27T08:19:58","slug":"erdogan-azinlik-vakiflari-secim-usulunu-degerlendirdik","status":"publish","type":"post","link":"https:\/\/akunq.net\/tr\/?p=65336","title":{"rendered":"Erdo\u011fan: Az\u0131nl\u0131k vak\u0131flar\u0131 se\u00e7im usul\u00fcn\u00fc de\u011ferlendirdik"},"content":{"rendered":"<p><img loading=\"lazy\" decoding=\"async\" class=\"aligncenter size-medium wp-image-65337\" src=\"https:\/\/akunq.net\/tr\/wp-content\/uploads\/2021\/10\/Erdogan-360x270.jpg\" alt=\"\" width=\"360\" height=\"270\" srcset=\"https:\/\/akunq.net\/tr\/wp-content\/uploads\/sites\/6\/2021\/10\/Erdogan-360x270.jpg 360w, https:\/\/akunq.net\/tr\/wp-content\/uploads\/sites\/6\/2021\/10\/Erdogan-260x195.jpg 260w, https:\/\/akunq.net\/tr\/wp-content\/uploads\/sites\/6\/2021\/10\/Erdogan-160x120.jpg 160w, https:\/\/akunq.net\/tr\/wp-content\/uploads\/sites\/6\/2021\/10\/Erdogan.jpg 480w\" sizes=\"auto, (max-width: 360px) 100vw, 360px\" \/><\/p>\n<p><em><strong>Cumhurba\u015fkan\u0131 Erdo\u011fan 25 Ekim Pazartesi g\u00fcnk\u00fc kabine toplant\u0131s\u0131 sonras\u0131 yapt\u0131\u011f\u0131 a\u00e7\u0131klamada uzun s\u00fcredir yap\u0131lamayan az\u0131nl\u0131k vak\u0131flar\u0131 se\u00e7imleri konusuna da de\u011findi.<\/strong><\/em><\/p>\n<p>Az\u0131nl\u0131k vak\u0131flar\u0131n\u0131n y\u00f6netim kurullar\u0131n\u0131 se\u00e7mesine imkan veren y\u00f6netmelik 2013 y\u0131l\u0131nda daha iyisi yap\u0131laca\u011f\u0131 gerek\u00e7esiyle VGM (Vak\u0131flar Genel M\u00fcd\u00fcrl\u00fc\u011f\u00fc) taraf\u0131ndan iptal edilmi\u015fti. O tarihten bu yana yeni y\u00f6netmelik yay\u0131nlanmad\u0131\u011f\u0131 i\u00e7in az\u0131nl\u0131k vak\u0131flar\u0131 se\u00e7im yapam\u0131yor. Konu \u00e7e\u015fitli vesilelerle az\u0131nl\u0131k toplumlar\u0131n\u0131n temsilcileri taraf\u0131ndan s\u0131kl\u0131kla g\u00fcndeme getiriliyor. Konuyla ilgili a\u00e7\u0131lm\u0131\u015f bir dava da var.<\/p>\n<p>Cumhurba\u015fkan\u0131 Erdo\u011fan kabine toplant\u0131s\u0131 sonras\u0131nda konuya \u015fu s\u00f6zlerle de\u011findi:<\/p>\n<p>\u201c\u00dclke i\u00e7indeki s\u0131k\u0131nt\u0131lar\u0131 \u00e7\u00f6zmek, her kesimden insan\u0131m\u0131za rahat nefes ald\u0131rmak i\u00e7in de daha \u00e7ok \u00e7al\u0131\u015facak, daha \u00e7ok kaynak \u00fcretecek, daha \u00e7ok politikalar geli\u015ftirece\u011fiz. Bug\u00fcnk\u00fc kabine g\u00fcndemimizde talimat\u0131m\u0131zla \u00fclkemizin 58 ilindeki 1585 cemevi ziyaret edilerek haz\u0131rlanan kapsaml\u0131 bir \u00e7al\u0131\u015fmay\u0131 da g\u00f6r\u00fc\u015ft\u00fck. Ayn\u0131 \u015fekilde \u0130nsan Haklar\u0131 Eylem Plan\u0131\u2019nda yer alan az\u0131nl\u0131k vak\u0131flar\u0131n\u0131n se\u00e7im usul\u00fcyle ilgili hususu da de\u011ferlendirdik. Hangi k\u00f6kene, hangi inanca, hangi me\u015frebe sahip olursa olsun T\u00fcrkiye\u2019nin, 84 milyon vatanda\u015f\u0131m\u0131z\u0131n her birinin meselesi bizim meselemizdir. Bu anlay\u0131\u015fla milli birlik ve beraberli\u011fimizi g\u00fc\u00e7lendirecek her ad\u0131m\u0131 ge\u00e7mi\u015fte att\u0131k, bug\u00fcn de atmay\u0131 s\u00fcrd\u00fcrece\u011fiz.\u201d<\/p>\n<p><strong><em>(AA)<\/em><\/strong><\/p>\n<hr \/>\n<p><strong><em><a href=\"http:\/\/www.agos.com.tr\/tr\/yazi\/26335\/erdogan-azinlik-vakiflari-secim-usulunu-degerlendirdik\" target=\"_blank\" rel=\"noopener noreferrer\">Agos<\/a><\/em><\/strong><\/p>\n","protected":false},"excerpt":{"rendered":"<p>Cumhurba\u015fkan\u0131 Erdo\u011fan 25 Ekim Pazartesi g\u00fcnk\u00fc kabine toplant\u0131s\u0131 sonras\u0131 yapt\u0131\u011f\u0131 a\u00e7\u0131klamada uzun s\u00fcredir yap\u0131lamayan az\u0131nl\u0131k vak\u0131flar\u0131 se\u00e7imleri konusuna da de\u011findi. Az\u0131nl\u0131k vak\u0131flar\u0131n\u0131n y\u00f6netim kurullar\u0131n\u0131 se\u00e7mesine imkan veren y\u00f6netmelik 2013 y\u0131l\u0131nda daha iyisi yap\u0131laca\u011f\u0131 gerek\u00e7esiyle VGM (Vak\u0131flar Genel M\u00fcd\u00fcrl\u00fc\u011f\u00fc) taraf\u0131ndan iptal edilmi\u015fti. O tarihten bu yana yeni y\u00f6netmelik yay\u0131nlanmad\u0131\u011f\u0131 i\u00e7in az\u0131nl\u0131k vak\u0131flar\u0131 se\u00e7im yapam\u0131yor. Konu \u00e7e\u015fitli [&hellip;]<\/p>\n","protected":false},"author":7,"featured_media":65337,"comment_status":"open","ping_status":"open","sticky":false,"template":"","format":"standard","meta":{"footnotes":""},"categories":[1,53],"tags":[],"class_list":["post-65336","post","type-post","status-publish","format-standard","has-post-thumbnail","hentry","category-haberler","category-turkiyede-azinliklar"],"yoast_head":"<!-- This site is optimized with the Yoast SEO plugin v27.4 - https:\/\/yoast.com\/product\/yoast-seo-wordpress\/ -->\n<title>Erdo\u011fan: Az\u0131nl\u0131k vak\u0131flar\u0131 se\u00e7im usul\u00fcn\u00fc de\u011ferlendirdik - Bati Ermenistan Ve Bati Ermenileri Sorunlari Ara\u015ftirmalar Merkezi<\/title>\n<meta name=\"robots\" content=\"index, follow, max-snippet:-1, max-image-preview:large, max-video-preview:-1\" \/>\n<link rel=\"canonical\" href=\"https:\/\/akunq.net\/tr\/?p=65336\" \/>\n<meta property=\"og:locale\" content=\"en_US\" \/>\n<meta property=\"og:type\" content=\"article\" \/>\n<meta property=\"og:title\" content=\"Erdo\u011fan: Az\u0131nl\u0131k vak\u0131flar\u0131 se\u00e7im usul\u00fcn\u00fc de\u011ferlendirdik - Bati Ermenistan Ve Bati Ermenileri Sorunlari Ara\u015ftirmalar Merkezi\" \/>\n<meta property=\"og:description\" content=\"Cumhurba\u015fkan\u0131 Erdo\u011fan 25 Ekim Pazartesi g\u00fcnk\u00fc kabine toplant\u0131s\u0131 sonras\u0131 yapt\u0131\u011f\u0131 a\u00e7\u0131klamada uzun s\u00fcredir yap\u0131lamayan az\u0131nl\u0131k vak\u0131flar\u0131 se\u00e7imleri konusuna da de\u011findi. Az\u0131nl\u0131k vak\u0131flar\u0131n\u0131n y\u00f6netim kurullar\u0131n\u0131 se\u00e7mesine imkan veren y\u00f6netmelik 2013 y\u0131l\u0131nda daha iyisi yap\u0131laca\u011f\u0131 gerek\u00e7esiyle VGM (Vak\u0131flar Genel M\u00fcd\u00fcrl\u00fc\u011f\u00fc) taraf\u0131ndan iptal edilmi\u015fti. O tarihten bu yana yeni y\u00f6netmelik yay\u0131nlanmad\u0131\u011f\u0131 i\u00e7in az\u0131nl\u0131k vak\u0131flar\u0131 se\u00e7im yapam\u0131yor. Konu \u00e7e\u015fitli [&hellip;]\" \/>\n<meta property=\"og:url\" content=\"https:\/\/akunq.net\/tr\/?p=65336\" \/>\n<meta property=\"og:site_name\" content=\"Bati Ermenistan Ve Bati Ermenileri Sorunlari Ara\u015ftirmalar Merkezi\" \/>\n<meta property=\"article:published_time\" content=\"2021-10-27T08:19:58+00:00\" \/>\n<meta property=\"og:image\" content=\"https:\/\/akunq.net\/tr\/wp-content\/uploads\/sites\/6\/2021\/10\/Erdogan.jpg\" \/>\n\t<meta property=\"og:image:width\" content=\"480\" \/>\n\t<meta property=\"og:image:height\" content=\"360\" \/>\n\t<meta property=\"og:image:type\" content=\"image\/jpeg\" \/>\n<meta name=\"author\" content=\"admin\" \/>\n<meta name=\"twitter:card\" content=\"summary_large_image\" \/>\n<meta name=\"twitter:label1\" content=\"Written by\" \/>\n\t<meta name=\"twitter:data1\" content=\"admin\" \/>\n\t<meta name=\"twitter:label2\" content=\"Est. reading time\" \/>\n\t<meta name=\"twitter:data2\" content=\"1 minute\" \/>\n<script type=\"application\/ld+json\" class=\"yoast-schema-graph\">{\"@context\":\"https:\\\/\\\/schema.org\",\"@graph\":[{\"@type\":\"Article\",\"@id\":\"https:\\\/\\\/akunq.net\\\/tr\\\/?p=65336#article\",\"isPartOf\":{\"@id\":\"https:\\\/\\\/akunq.net\\\/tr\\\/?p=65336\"},\"author\":{\"name\":\"admin\",\"@id\":\"https:\\\/\\\/akunq.net\\\/tr\\\/#\\\/schema\\\/person\\\/096f1d38a12cce57fb855b485ed24c9e\"},\"headline\":\"Erdo\u011fan: Az\u0131nl\u0131k vak\u0131flar\u0131 se\u00e7im usul\u00fcn\u00fc de\u011ferlendirdik\",\"datePublished\":\"2021-10-27T08:19:58+00:00\",\"mainEntityOfPage\":{\"@id\":\"https:\\\/\\\/akunq.net\\\/tr\\\/?p=65336\"},\"wordCount\":279,\"commentCount\":0,\"image\":{\"@id\":\"https:\\\/\\\/akunq.net\\\/tr\\\/?p=65336#primaryimage\"},\"thumbnailUrl\":\"https:\\\/\\\/akunq.net\\\/tr\\\/wp-content\\\/uploads\\\/sites\\\/6\\\/2021\\\/10\\\/Erdogan.jpg\",\"articleSection\":[\"Haberler\",\"T\u00fcrkiye\u2019de Az\u0131nl\u0131klar\"],\"inLanguage\":\"en-US\",\"potentialAction\":[{\"@type\":\"CommentAction\",\"name\":\"Comment\",\"target\":[\"https:\\\/\\\/akunq.net\\\/tr\\\/?p=65336#respond\"]}]},{\"@type\":\"WebPage\",\"@id\":\"https:\\\/\\\/akunq.net\\\/tr\\\/?p=65336\",\"url\":\"https:\\\/\\\/akunq.net\\\/tr\\\/?p=65336\",\"name\":\"Erdo\u011fan: Az\u0131nl\u0131k vak\u0131flar\u0131 se\u00e7im usul\u00fcn\u00fc de\u011ferlendirdik - Bati Ermenistan Ve Bati Ermenileri Sorunlari Ara\u015ftirmalar Merkezi\",\"isPartOf\":{\"@id\":\"https:\\\/\\\/akunq.net\\\/tr\\\/#website\"},\"primaryImageOfPage\":{\"@id\":\"https:\\\/\\\/akunq.net\\\/tr\\\/?p=65336#primaryimage\"},\"image\":{\"@id\":\"https:\\\/\\\/akunq.net\\\/tr\\\/?p=65336#primaryimage\"},\"thumbnailUrl\":\"https:\\\/\\\/akunq.net\\\/tr\\\/wp-content\\\/uploads\\\/sites\\\/6\\\/2021\\\/10\\\/Erdogan.jpg\",\"datePublished\":\"2021-10-27T08:19:58+00:00\",\"author\":{\"@id\":\"https:\\\/\\\/akunq.net\\\/tr\\\/#\\\/schema\\\/person\\\/096f1d38a12cce57fb855b485ed24c9e\"},\"breadcrumb\":{\"@id\":\"https:\\\/\\\/akunq.net\\\/tr\\\/?p=65336#breadcrumb\"},\"inLanguage\":\"en-US\",\"potentialAction\":[{\"@type\":\"ReadAction\",\"target\":[\"https:\\\/\\\/akunq.net\\\/tr\\\/?p=65336\"]}]},{\"@type\":\"ImageObject\",\"inLanguage\":\"en-US\",\"@id\":\"https:\\\/\\\/akunq.net\\\/tr\\\/?p=65336#primaryimage\",\"url\":\"https:\\\/\\\/akunq.net\\\/tr\\\/wp-content\\\/uploads\\\/sites\\\/6\\\/2021\\\/10\\\/Erdogan.jpg\",\"contentUrl\":\"https:\\\/\\\/akunq.net\\\/tr\\\/wp-content\\\/uploads\\\/sites\\\/6\\\/2021\\\/10\\\/Erdogan.jpg\",\"width\":480,\"height\":360},{\"@type\":\"BreadcrumbList\",\"@id\":\"https:\\\/\\\/akunq.net\\\/tr\\\/?p=65336#breadcrumb\",\"itemListElement\":[{\"@type\":\"ListItem\",\"position\":1,\"name\":\"Home\",\"item\":\"https:\\\/\\\/akunq.net\\\/tr\"},{\"@type\":\"ListItem\",\"position\":2,\"name\":\"Erdo\u011fan: Az\u0131nl\u0131k vak\u0131flar\u0131 se\u00e7im usul\u00fcn\u00fc de\u011ferlendirdik\"}]},{\"@type\":\"WebSite\",\"@id\":\"https:\\\/\\\/akunq.net\\\/tr\\\/#website\",\"url\":\"https:\\\/\\\/akunq.net\\\/tr\\\/\",\"name\":\"Bati Ermenistan Ve Bati Ermenileri Sorunlari Ara\u015ftirmalar Merkezi\",\"description\":\"\",\"potentialAction\":[{\"@type\":\"SearchAction\",\"target\":{\"@type\":\"EntryPoint\",\"urlTemplate\":\"https:\\\/\\\/akunq.net\\\/tr\\\/?s={search_term_string}\"},\"query-input\":{\"@type\":\"PropertyValueSpecification\",\"valueRequired\":true,\"valueName\":\"search_term_string\"}}],\"inLanguage\":\"en-US\"},{\"@type\":\"Person\",\"@id\":\"https:\\\/\\\/akunq.net\\\/tr\\\/#\\\/schema\\\/person\\\/096f1d38a12cce57fb855b485ed24c9e\",\"name\":\"admin\",\"url\":\"https:\\\/\\\/akunq.net\\\/tr\\\/?author=7\"}]}<\/script>\n<!-- \/ Yoast SEO plugin. -->","yoast_head_json":{"title":"Erdo\u011fan: Az\u0131nl\u0131k vak\u0131flar\u0131 se\u00e7im usul\u00fcn\u00fc de\u011ferlendirdik - Bati Ermenistan Ve Bati Ermenileri Sorunlari Ara\u015ftirmalar Merkezi","robots":{"index":"index","follow":"follow","max-snippet":"max-snippet:-1","max-image-preview":"max-image-preview:large","max-video-preview":"max-video-preview:-1"},"canonical":"https:\/\/akunq.net\/tr\/?p=65336","og_locale":"en_US","og_type":"article","og_title":"Erdo\u011fan: Az\u0131nl\u0131k vak\u0131flar\u0131 se\u00e7im usul\u00fcn\u00fc de\u011ferlendirdik - Bati Ermenistan Ve Bati Ermenileri Sorunlari Ara\u015ftirmalar Merkezi","og_description":"Cumhurba\u015fkan\u0131 Erdo\u011fan 25 Ekim Pazartesi g\u00fcnk\u00fc kabine toplant\u0131s\u0131 sonras\u0131 yapt\u0131\u011f\u0131 a\u00e7\u0131klamada uzun s\u00fcredir yap\u0131lamayan az\u0131nl\u0131k vak\u0131flar\u0131 se\u00e7imleri konusuna da de\u011findi. Az\u0131nl\u0131k vak\u0131flar\u0131n\u0131n y\u00f6netim kurullar\u0131n\u0131 se\u00e7mesine imkan veren y\u00f6netmelik 2013 y\u0131l\u0131nda daha iyisi yap\u0131laca\u011f\u0131 gerek\u00e7esiyle VGM (Vak\u0131flar Genel M\u00fcd\u00fcrl\u00fc\u011f\u00fc) taraf\u0131ndan iptal edilmi\u015fti. O tarihten bu yana yeni y\u00f6netmelik yay\u0131nlanmad\u0131\u011f\u0131 i\u00e7in az\u0131nl\u0131k vak\u0131flar\u0131 se\u00e7im yapam\u0131yor. Konu \u00e7e\u015fitli [&hellip;]","og_url":"https:\/\/akunq.net\/tr\/?p=65336","og_site_name":"Bati Ermenistan Ve Bati Ermenileri Sorunlari Ara\u015ftirmalar Merkezi","article_published_time":"2021-10-27T08:19:58+00:00","og_image":[{"width":480,"height":360,"url":"https:\/\/akunq.net\/tr\/wp-content\/uploads\/sites\/6\/2021\/10\/Erdogan.jpg","type":"image\/jpeg"}],"author":"admin","twitter_card":"summary_large_image","twitter_misc":{"Written by":"admin","Est. reading time":"1 minute"},"schema":{"@context":"https:\/\/schema.org","@graph":[{"@type":"Article","@id":"https:\/\/akunq.net\/tr\/?p=65336#article","isPartOf":{"@id":"https:\/\/akunq.net\/tr\/?p=65336"},"author":{"name":"admin","@id":"https:\/\/akunq.net\/tr\/#\/schema\/person\/096f1d38a12cce57fb855b485ed24c9e"},"headline":"Erdo\u011fan: Az\u0131nl\u0131k vak\u0131flar\u0131 se\u00e7im usul\u00fcn\u00fc de\u011ferlendirdik","datePublished":"2021-10-27T08:19:58+00:00","mainEntityOfPage":{"@id":"https:\/\/akunq.net\/tr\/?p=65336"},"wordCount":279,"commentCount":0,"image":{"@id":"https:\/\/akunq.net\/tr\/?p=65336#primaryimage"},"thumbnailUrl":"https:\/\/akunq.net\/tr\/wp-content\/uploads\/sites\/6\/2021\/10\/Erdogan.jpg","articleSection":["Haberler","T\u00fcrkiye\u2019de Az\u0131nl\u0131klar"],"inLanguage":"en-US","potentialAction":[{"@type":"CommentAction","name":"Comment","target":["https:\/\/akunq.net\/tr\/?p=65336#respond"]}]},{"@type":"WebPage","@id":"https:\/\/akunq.net\/tr\/?p=65336","url":"https:\/\/akunq.net\/tr\/?p=65336","name":"Erdo\u011fan: Az\u0131nl\u0131k vak\u0131flar\u0131 se\u00e7im usul\u00fcn\u00fc de\u011ferlendirdik - Bati Ermenistan Ve Bati Ermenileri Sorunlari Ara\u015ftirmalar Merkezi","isPartOf":{"@id":"https:\/\/akunq.net\/tr\/#website"},"primaryImageOfPage":{"@id":"https:\/\/akunq.net\/tr\/?p=65336#primaryimage"},"image":{"@id":"https:\/\/akunq.net\/tr\/?p=65336#primaryimage"},"thumbnailUrl":"https:\/\/akunq.net\/tr\/wp-content\/uploads\/sites\/6\/2021\/10\/Erdogan.jpg","datePublished":"2021-10-27T08:19:58+00:00","author":{"@id":"https:\/\/akunq.net\/tr\/#\/schema\/person\/096f1d38a12cce57fb855b485ed24c9e"},"breadcrumb":{"@id":"https:\/\/akunq.net\/tr\/?p=65336#breadcrumb"},"inLanguage":"en-US","potentialAction":[{"@type":"ReadAction","target":["https:\/\/akunq.net\/tr\/?p=65336"]}]},{"@type":"ImageObject","inLanguage":"en-US","@id":"https:\/\/akunq.net\/tr\/?p=65336#primaryimage","url":"https:\/\/akunq.net\/tr\/wp-content\/uploads\/sites\/6\/2021\/10\/Erdogan.jpg","contentUrl":"https:\/\/akunq.net\/tr\/wp-content\/uploads\/sites\/6\/2021\/10\/Erdogan.jpg","width":480,"height":360},{"@type":"BreadcrumbList","@id":"https:\/\/akunq.net\/tr\/?p=65336#breadcrumb","itemListElement":[{"@type":"ListItem","position":1,"name":"Home","item":"https:\/\/akunq.net\/tr"},{"@type":"ListItem","position":2,"name":"Erdo\u011fan: Az\u0131nl\u0131k vak\u0131flar\u0131 se\u00e7im usul\u00fcn\u00fc de\u011ferlendirdik"}]},{"@type":"WebSite","@id":"https:\/\/akunq.net\/tr\/#website","url":"https:\/\/akunq.net\/tr\/","name":"Bati Ermenistan Ve Bati Ermenileri Sorunlari Ara\u015ftirmalar Merkezi","description":"","potentialAction":[{"@type":"SearchAction","target":{"@type":"EntryPoint","urlTemplate":"https:\/\/akunq.net\/tr\/?s={search_term_string}"},"query-input":{"@type":"PropertyValueSpecification","valueRequired":true,"valueName":"search_term_string"}}],"inLanguage":"en-US"},{"@type":"Person","@id":"https:\/\/akunq.net\/tr\/#\/schema\/person\/096f1d38a12cce57fb855b485ed24c9e","name":"admin","url":"https:\/\/akunq.net\/tr\/?author=7"}]}},"_links":{"self":[{"href":"https:\/\/akunq.net\/tr\/index.php?rest_route=\/wp\/v2\/posts\/65336","targetHints":{"allow":["GET"]}}],"collection":[{"href":"https:\/\/akunq.net\/tr\/index.php?rest_route=\/wp\/v2\/posts"}],"about":[{"href":"https:\/\/akunq.net\/tr\/index.php?rest_route=\/wp\/v2\/types\/post"}],"author":[{"embeddable":true,"href":"https:\/\/akunq.net\/tr\/index.php?rest_route=\/wp\/v2\/users\/7"}],"replies":[{"embeddable":true,"href":"https:\/\/akunq.net\/tr\/index.php?rest_route=%2Fwp%2Fv2%2Fcomments&post=65336"}],"version-history":[{"count":1,"href":"https:\/\/akunq.net\/tr\/index.php?rest_route=\/wp\/v2\/posts\/65336\/revisions"}],"predecessor-version":[{"id":65338,"href":"https:\/\/akunq.net\/tr\/index.php?rest_route=\/wp\/v2\/posts\/65336\/revisions\/65338"}],"wp:featuredmedia":[{"embeddable":true,"href":"https:\/\/akunq.net\/tr\/index.php?rest_route=\/wp\/v2\/media\/65337"}],"wp:attachment":[{"href":"https:\/\/akunq.net\/tr\/index.php?rest_route=%2Fwp%2Fv2%2Fmedia&parent=65336"}],"wp:term":[{"taxonomy":"category","embeddable":true,"href":"https:\/\/akunq.net\/tr\/index.php?rest_route=%2Fwp%2Fv2%2Fcategories&post=65336"},{"taxonomy":"post_tag","embeddable":true,"href":"https:\/\/akunq.net\/tr\/index.php?rest_route=%2Fwp%2Fv2%2Ftags&post=65336"}],"curies":[{"name":"wp","href":"https:\/\/api.w.org\/{rel}","templated":true}]}}