{"id":65323,"date":"2021-10-27T02:25:14","date_gmt":"2021-10-27T07:25:14","guid":{"rendered":"https:\/\/akunq.net\/tr\/?p=65323"},"modified":"2021-10-27T02:25:14","modified_gmt":"2021-10-27T07:25:14","slug":"suriye-ve-irak-tezkeresi-tbmmde-onaylandi","status":"publish","type":"post","link":"https:\/\/akunq.net\/tr\/?p=65323","title":{"rendered":"Suriye ve Irak Tezkeresi TBMM\u2019de Onayland\u0131"},"content":{"rendered":"<p><img loading=\"lazy\" decoding=\"async\" class=\"aligncenter size-medium wp-image-65324\" src=\"https:\/\/akunq.net\/tr\/wp-content\/uploads\/2021\/10\/TBMM-360x270.jpg\" alt=\"\" width=\"360\" height=\"270\" srcset=\"https:\/\/akunq.net\/tr\/wp-content\/uploads\/sites\/6\/2021\/10\/TBMM-360x270.jpg 360w, https:\/\/akunq.net\/tr\/wp-content\/uploads\/sites\/6\/2021\/10\/TBMM-560x420.jpg 560w, https:\/\/akunq.net\/tr\/wp-content\/uploads\/sites\/6\/2021\/10\/TBMM-260x195.jpg 260w, https:\/\/akunq.net\/tr\/wp-content\/uploads\/sites\/6\/2021\/10\/TBMM-160x120.jpg 160w, https:\/\/akunq.net\/tr\/wp-content\/uploads\/sites\/6\/2021\/10\/TBMM.jpg 640w\" sizes=\"auto, (max-width: 360px) 100vw, 360px\" \/><\/p>\n<p><strong><em>T\u00fcrkiye B\u00fcy\u00fck Millet Meclisi, bug\u00fcnk\u00fc oturumunda biri Irak ve Suriye di\u011feri L\u00fcbnan olmak \u00fczere iki yurtd\u0131\u015f\u0131na asker g\u00f6nderme tezkeresinin s\u00fcresinin uzat\u0131lmas\u0131n\u0131 g\u00f6r\u00fc\u015ft\u00fc.<\/em><\/strong><\/p>\n<p>Irak ve Suriye&#8217;ye asker g\u00f6ndermeyi i\u00e7eren tezkerenin s\u00fcresi, Adalet ve Kalk\u0131nma Partisi, Milliyet\u00e7i Hareket Partisi ve \u0130yi Parti&#8217;nin \u2018\u2018evet\u2019\u2019 oylar\u0131yla iki y\u0131l daha uzat\u0131ld\u0131.<\/p>\n<p>Cumhuriyet Halk Partisi ve Halklar\u0131n Demokratik Partisi, genel kuruldaki oylamada T\u00fcrkiye \u0130\u015f\u00e7i Partisi ile birlikte\u2018\u2018hay\u0131r\u2019\u2019 oyu kulland\u0131.<\/p>\n<p><strong>K\u0131l\u0131\u00e7daro\u011flu, Erdo\u011fan\u2019a o\u011flunun bedelli askerlik yapmas\u0131n\u0131 hat\u0131rlatt\u0131<\/strong><\/p>\n<p>Bug\u00fcn partisinin TBMM grup toplant\u0131s\u0131nda \u201cBiz hi\u00e7bir askerimizin ve polisimizin Suriye&#8217;de \u015fehit olmas\u0131n\u0131 istemiyoruz. Komando mar\u015f\u0131 s\u00f6yleyen T\u00dcGVA&#8217;c\u0131lar var. \u2018En b\u00fcy\u00fck komutan\u0131m\u0131z da Erdo\u011fan\u2019 diyorlar. E, g\u00f6nder karde\u015fim onlar\u0131 Suriye&#8217;ye. Oradaki komutan\u0131n da Bilal Erdo\u011fan olsun\u2019\u2019 diyen Cumhuriyet Halk Partisi Genel Ba\u015fkan\u0131 oylama \u00f6ncesinde sosyal medya hesab\u0131ndan yapt\u0131\u011f\u0131 payla\u015f\u0131mda partisinin tezkere oylamas\u0131nda \u2018\u2018hay\u0131r\u2019\u2019 kullanaca\u011f\u0131n\u0131 a\u00e7\u0131klarken Bilal Erdo\u011fan\u2019\u0131n bedelli askerlik yapt\u0131\u011f\u0131n\u0131 hat\u0131rlatt\u0131.<\/p>\n<p><strong>CHP\u2019li \u00c7evik\u00f6z: \u2018\u2018Art\u0131k bar\u0131\u015f i\u00e7in \u00e7al\u0131\u015fma zaman\u0131d\u0131r\u201d<\/strong><\/p>\n<p>Oylama \u00f6ncesi CHP ad\u0131na konu\u015fan \u00dcnal \u00c7evik\u00f6z, \u0130dlib\u2019deki en b\u00fcy\u00fck \u00f6rg\u00fct olan El Nusra\u2019n\u0131n ad\u0131n\u0131n tezkerede ge\u00e7memesini ele\u015ftirdi.<\/p>\n<p>\u00c7evik\u00f6z, \u2018\u2018Suriye\u2019de ne gibi bir tehlike ile kar\u015f\u0131 kar\u015f\u0131ya oldu\u011fumuzu y\u0131llard\u0131r s\u00f6yl\u00fcyoruz. Bug\u00fcn Rusya ve Suriye, 2018 y\u0131l\u0131ndan beri yerine getirmedi\u011fi M5 karayolunun ter\u00f6ristten temizlenmesi konusunda harekata haz\u0131rlan\u0131yor. Bunun yeni bir g\u00f6\u00e7 dalgas\u0131n\u0131 do\u011furup do\u011furmayaca\u011f\u0131 bilinmiyor. \u0130ktidar T\u00fcrkiye\u2019yi Suriye\u2019ye mahkum hale getirdi. \u0130dlib\u2019de korudu\u011fumuz b\u00f6lgede ter\u00f6rist unsurlar var. Rusya ve Suriye s\u00fcrekli onlar\u0131 buluyor. Bu y\u00fczden g\u00f6zlem noktalar\u0131m\u0131z bazen hedef oluyor. Son bir y\u0131lda b\u00f6lgedeki askerimize ka\u00e7 sald\u0131r\u0131 yap\u0131ld\u0131\u011f\u0131n\u0131 biliyor musunuz? 33 askerimizin \u015fehit verildi\u011fi ve T\u00fcrkiye i\u00e7in batakl\u0131\u011fa d\u00f6n\u00fc\u015fen \u0130dlib sadece iki c\u00fcmle ile ge\u00e7mi\u015f tezkerede. \u00dclkemizin ter\u00f6r \u00f6rg\u00fct\u00fc listesinde yer alan ve b\u00f6lgedeki en kalabal\u0131k ter\u00f6r \u00f6rg\u00fct\u00fc olan \u00f6rg\u00fct g\u00f6z\u00f6n\u00fcne al\u0131nmam\u0131\u015ft\u0131r. Askerimizin ve s\u0131n\u0131rlar\u0131m\u0131z\u0131n g\u00fcvenli\u011fi \u00f6nceli\u011fimizdir. Art\u0131k bar\u0131\u015f i\u00e7in \u00e7al\u0131\u015fma zaman\u0131d\u0131r. Biz milyonlarca Suriyeli\u2019nin topraklar\u0131na g\u00f6n\u00fcl rahatl\u0131\u011f\u0131 ile d\u00f6nmesini istiyoruz ve bunu iki y\u0131lda sa\u011flayaca\u011f\u0131m\u0131z\u0131n teminat\u0131n\u0131 veriyoruz. Suriye\u2019deki oyunun milli dava ad\u0131 alt\u0131nda y\u00fcr\u00fct\u00fclmesine izin vermeyece\u011fiz. Esad\u2019\u0131n kendi \u00fclkesinde toprak b\u00fct\u00fcnl\u00fc\u011f\u00fcn\u00fc sa\u011flamas\u0131 i\u00e7in yap\u0131c\u0131 olunmal\u0131d\u0131r\u2019\u2019 dedi.<\/p>\n<p><strong>\u0130yi Parti\u2019den \u2018evet\u2019 oyu<\/strong><\/p>\n<p>CHP\u2019nin Millet \u0130ttifak\u0131\u2019ndaki orta\u011f\u0131 \u0130yi Parti ise oylamada ana muhalefet partisinin aksine \u2018\u2018evet\u2019\u2019 oyu kulland\u0131.<\/p>\n<p>\u0130yi Parti ad\u0131na konu\u015fan Aytun \u00c7\u0131nar, Suriye ve Irak tezkerelerinin birle\u015ftirilmesinin siyasi ahlaks\u0131zl\u0131k oldu\u011funu s\u00f6yledi.<\/p>\n<p>\u00c7\u0131nar, \u2018\u2018Tezkerede yer alan \u2018Milli g\u00fcvenli\u011fimiz a\u00e7\u0131s\u0131ndan risk ve tehdit artmaktad\u0131r\u2019 ifadesi do\u011frudur ama bu riskin ba\u015f kahraman\u0131 AKP\u2019dir. T\u00fcrkiye, Suriye\u2019de taraf olmak yerine sayg\u0131n bir arabulucu olsayd\u0131 hi\u00e7 \u015fehit vermeyecekti. Binlerce insan \u00f6lmeyecekti. Milyonlarca Suriyeli T\u00fcrkiye\u2019ye gelmeyecekti. Rusya ter\u00f6ristleri \u0130dlib\u2019den 3 ayda uzakla\u015ft\u0131rma s\u00f6z\u00fc vermi\u015ftir ama yerine getirememi\u015ftir. T\u00fcrkiye\u2019nin beka sorunu Say\u0131n Erdo\u011fan&#8217;\u0131n her defas\u0131nda se\u00e7ilmek i\u00e7in kendine tayin etmi\u015f olmas\u0131d\u0131r. Suriye\u2019de \u015ferefle m\u00fccadele eden T\u00fcrk askerinin zarar g\u00f6rmemesi i\u00e7in bu tezkereye \u2018evet\u2019 diyece\u011fiz. Bu tezkereyi Irak tezkeresi ile birlikte getirerek yapt\u0131\u011f\u0131n\u0131z siyasi ahlaks\u0131zl\u0131\u011f\u0131n fark\u0131nday\u0131z\u2019\u2019 dedi.<\/p>\n<p><strong>\u2018\u2018Bu parlamento i\u00e7inde ter\u00f6r \u00f6rg\u00fct\u00fc destek\u00e7ilerinin bar\u0131nmayaca\u011f\u0131 kanaatindeyim\u2019\u2019<\/strong><\/p>\n<p>Genel kurulda konu\u015fan Adalet ve Kalk\u0131nma Parti Grup Ba\u015fkanvekili Mustafa Elita\u015f, PKK, YPG ve I\u015e\u0130D\u2019i f\u0131rsat vermemek i\u00e7in bu tezkereye \u2018\u2018evet\u2019\u2019 oyu vereceklerini a\u00e7\u0131klad\u0131.<\/p>\n<p>Elita\u015f, \u201cIrak\u2019\u0131n i\u015fgalinden bu tarafa Irak&#8217;\u0131n kuzeyinden veya kom\u015fu \u00fclkelerden T\u00fcrkiye aleyhine yap\u0131lacak her t\u00fcrl\u00fc faaliyetleri, s\u0131n\u0131r \u00f6tesi harekat\u0131 da g\u00f6ze alarak veya d\u00fc\u015f\u00fcnerek engelleyece\u011fimizin kararl\u0131 duru\u015funu ortaya koyduk. Suriye&#8217;nin kuzeyinde mikro devlet\u00e7ikler kurarak \u00fclkemizin milli birli\u011fini ve bekas\u0131n\u0131 engellemeyi ama\u00e7layan ba\u015fta PKK, DEA\u015e, YPG gibi \u00f6rg\u00fctlere f\u0131rsat vermemek \u00fczere T\u00fcrk Silahl\u0131 Kuvvetleri&#8217;ne yetki veren tezkereyi g\u00f6r\u00fc\u015fece\u011fiz. T\u00fcrkiye&#8217;nin bekas\u0131, birli\u011fi ve beraberli\u011fi, b\u00fct\u00fcnl\u00fc\u011f\u00fc ve gelece\u011fi i\u00e7in se\u00e7ilmi\u015f milletvekillerinin olumlu oy vereceklerini d\u00fc\u015f\u00fcn\u00fcyorum. Hi\u00e7 kimse ter\u00f6r \u00f6rg\u00fct\u00fc destek\u00e7isi de\u011fildir, oldu\u011funa da inanm\u0131yorum. Bu parlamento i\u00e7inde ter\u00f6r \u00f6rg\u00fct\u00fc destek\u00e7ilerinin ya\u015famayaca\u011f\u0131, bar\u0131nmayaca\u011f\u0131 kanaatindeyim\u2019\u2019 dedi.<\/p>\n<p><strong>\u2018\u2018T\u00fcrkiye Cumhuriyeti her t\u00fcrl\u00fc ter\u00f6r \u00f6rg\u00fct\u00fcyle kahramanca m\u00fccadele etmektedir\u2019\u2019<\/strong><\/p>\n<p>AKP\u2019nin Millet \u0130ttifak\u0131\u2019ndaki orta\u011f\u0131 MHP de bug\u00fcn Genel Ba\u015fkan Devlet Bah\u00e7eli\u2019nin de a\u00e7\u0131klad\u0131\u011f\u0131 gibi tezkere lehinde oy kulland\u0131.<\/p>\n<p>MHP ad\u0131na konu\u015fan Kamil Ayd\u0131n, \u2018\u2018Bir devletin g\u00fcvenilir olabilmesi i\u00e7in eylemi ile s\u00f6ylemi aras\u0131nda \u00e7eli\u015fki olmamas\u0131 gerekir. 2020 raporlar\u0131na g\u00f6re d\u00fcnyada en fazla askeri harcama yapan \u00fclke s\u0131ralamas\u0131nda ABD, \u00c7in Rusya, Hindistan ve Fransa gelmektedir. Savunma harcamas\u0131 olarak,\u0130srail, \u0130ngiltere, Avusturya ve Kanada\u2019n\u0131n dahi gerisinde kalmaktay\u0131z.Bug\u00fcn T\u00fcrkiye Cumhuriyeti her t\u00fcrl\u00fc ter\u00f6r \u00f6rg\u00fct\u00fcyle kahramanca m\u00fccadele etmektedir. Ortado\u011fu, Balkanlar ve Mavi Vatan\u2019da oldubittilere kar\u015f\u0131 g\u00f6sterdi\u011fimiz, milli duru\u015fumuzdur. MHP olarak duru\u015fumuz yurdumuzu ve milletimizi \u00f6z\u00fcm\u00fczden \u00e7ok sevmemizdir\u2019\u2019 dedi.<\/p>\n<p><em><strong>https:\/\/www.amerikaninsesi.com\/a\/suriye-ve-irak-tezkeresi-tbmmde-onaylandi\/6286273.html\u00a0<\/strong><\/em><\/p>\n","protected":false},"excerpt":{"rendered":"<p>T\u00fcrkiye B\u00fcy\u00fck Millet Meclisi, bug\u00fcnk\u00fc oturumunda biri Irak ve Suriye di\u011feri L\u00fcbnan olmak \u00fczere iki yurtd\u0131\u015f\u0131na asker g\u00f6nderme tezkeresinin s\u00fcresinin uzat\u0131lmas\u0131n\u0131 g\u00f6r\u00fc\u015ft\u00fc. Irak ve Suriye&#8217;ye asker g\u00f6ndermeyi i\u00e7eren tezkerenin s\u00fcresi, Adalet ve Kalk\u0131nma Partisi, Milliyet\u00e7i Hareket Partisi ve \u0130yi Parti&#8217;nin \u2018\u2018evet\u2019\u2019 oylar\u0131yla iki y\u0131l daha uzat\u0131ld\u0131. Cumhuriyet Halk Partisi ve Halklar\u0131n Demokratik Partisi, genel kuruldaki [&hellip;]<\/p>\n","protected":false},"author":7,"featured_media":65324,"comment_status":"open","ping_status":"open","sticky":false,"template":"","format":"standard","meta":{"footnotes":""},"categories":[1],"tags":[],"class_list":["post-65323","post","type-post","status-publish","format-standard","has-post-thumbnail","hentry","category-haberler"],"yoast_head":"<!-- This site is optimized with the Yoast SEO plugin v27.4 - https:\/\/yoast.com\/product\/yoast-seo-wordpress\/ -->\n<title>Suriye ve Irak Tezkeresi TBMM\u2019de Onayland\u0131 - Bati Ermenistan Ve Bati Ermenileri Sorunlari Ara\u015ftirmalar Merkezi<\/title>\n<meta name=\"robots\" content=\"index, follow, max-snippet:-1, max-image-preview:large, max-video-preview:-1\" \/>\n<link rel=\"canonical\" href=\"https:\/\/akunq.net\/tr\/?p=65323\" \/>\n<meta property=\"og:locale\" content=\"en_US\" \/>\n<meta property=\"og:type\" content=\"article\" \/>\n<meta property=\"og:title\" content=\"Suriye ve Irak Tezkeresi TBMM\u2019de Onayland\u0131 - Bati Ermenistan Ve Bati Ermenileri Sorunlari Ara\u015ftirmalar Merkezi\" \/>\n<meta property=\"og:description\" content=\"T\u00fcrkiye B\u00fcy\u00fck Millet Meclisi, bug\u00fcnk\u00fc oturumunda biri Irak ve Suriye di\u011feri L\u00fcbnan olmak \u00fczere iki yurtd\u0131\u015f\u0131na asker g\u00f6nderme tezkeresinin s\u00fcresinin uzat\u0131lmas\u0131n\u0131 g\u00f6r\u00fc\u015ft\u00fc. Irak ve Suriye&#8217;ye asker g\u00f6ndermeyi i\u00e7eren tezkerenin s\u00fcresi, Adalet ve Kalk\u0131nma Partisi, Milliyet\u00e7i Hareket Partisi ve \u0130yi Parti&#8217;nin \u2018\u2018evet\u2019\u2019 oylar\u0131yla iki y\u0131l daha uzat\u0131ld\u0131. Cumhuriyet Halk Partisi ve Halklar\u0131n Demokratik Partisi, genel kuruldaki [&hellip;]\" \/>\n<meta property=\"og:url\" content=\"https:\/\/akunq.net\/tr\/?p=65323\" \/>\n<meta property=\"og:site_name\" content=\"Bati Ermenistan Ve Bati Ermenileri Sorunlari Ara\u015ftirmalar Merkezi\" \/>\n<meta property=\"article:published_time\" content=\"2021-10-27T07:25:14+00:00\" \/>\n<meta property=\"og:image\" content=\"https:\/\/akunq.net\/tr\/wp-content\/uploads\/sites\/6\/2021\/10\/TBMM.jpg\" \/>\n\t<meta property=\"og:image:width\" content=\"640\" \/>\n\t<meta property=\"og:image:height\" content=\"480\" \/>\n\t<meta property=\"og:image:type\" content=\"image\/jpeg\" \/>\n<meta name=\"author\" content=\"admin\" \/>\n<meta name=\"twitter:card\" content=\"summary_large_image\" \/>\n<meta name=\"twitter:label1\" content=\"Written by\" \/>\n\t<meta name=\"twitter:data1\" content=\"admin\" \/>\n\t<meta name=\"twitter:label2\" content=\"Est. reading time\" \/>\n\t<meta name=\"twitter:data2\" content=\"5 minutes\" \/>\n<script type=\"application\/ld+json\" class=\"yoast-schema-graph\">{\"@context\":\"https:\\\/\\\/schema.org\",\"@graph\":[{\"@type\":\"Article\",\"@id\":\"https:\\\/\\\/akunq.net\\\/tr\\\/?p=65323#article\",\"isPartOf\":{\"@id\":\"https:\\\/\\\/akunq.net\\\/tr\\\/?p=65323\"},\"author\":{\"name\":\"admin\",\"@id\":\"https:\\\/\\\/akunq.net\\\/tr\\\/#\\\/schema\\\/person\\\/096f1d38a12cce57fb855b485ed24c9e\"},\"headline\":\"Suriye ve Irak Tezkeresi TBMM\u2019de Onayland\u0131\",\"datePublished\":\"2021-10-27T07:25:14+00:00\",\"mainEntityOfPage\":{\"@id\":\"https:\\\/\\\/akunq.net\\\/tr\\\/?p=65323\"},\"wordCount\":991,\"commentCount\":0,\"image\":{\"@id\":\"https:\\\/\\\/akunq.net\\\/tr\\\/?p=65323#primaryimage\"},\"thumbnailUrl\":\"https:\\\/\\\/akunq.net\\\/tr\\\/wp-content\\\/uploads\\\/sites\\\/6\\\/2021\\\/10\\\/TBMM.jpg\",\"articleSection\":[\"Haberler\"],\"inLanguage\":\"en-US\",\"potentialAction\":[{\"@type\":\"CommentAction\",\"name\":\"Comment\",\"target\":[\"https:\\\/\\\/akunq.net\\\/tr\\\/?p=65323#respond\"]}]},{\"@type\":\"WebPage\",\"@id\":\"https:\\\/\\\/akunq.net\\\/tr\\\/?p=65323\",\"url\":\"https:\\\/\\\/akunq.net\\\/tr\\\/?p=65323\",\"name\":\"Suriye ve Irak Tezkeresi TBMM\u2019de Onayland\u0131 - Bati Ermenistan Ve Bati Ermenileri Sorunlari Ara\u015ftirmalar Merkezi\",\"isPartOf\":{\"@id\":\"https:\\\/\\\/akunq.net\\\/tr\\\/#website\"},\"primaryImageOfPage\":{\"@id\":\"https:\\\/\\\/akunq.net\\\/tr\\\/?p=65323#primaryimage\"},\"image\":{\"@id\":\"https:\\\/\\\/akunq.net\\\/tr\\\/?p=65323#primaryimage\"},\"thumbnailUrl\":\"https:\\\/\\\/akunq.net\\\/tr\\\/wp-content\\\/uploads\\\/sites\\\/6\\\/2021\\\/10\\\/TBMM.jpg\",\"datePublished\":\"2021-10-27T07:25:14+00:00\",\"author\":{\"@id\":\"https:\\\/\\\/akunq.net\\\/tr\\\/#\\\/schema\\\/person\\\/096f1d38a12cce57fb855b485ed24c9e\"},\"breadcrumb\":{\"@id\":\"https:\\\/\\\/akunq.net\\\/tr\\\/?p=65323#breadcrumb\"},\"inLanguage\":\"en-US\",\"potentialAction\":[{\"@type\":\"ReadAction\",\"target\":[\"https:\\\/\\\/akunq.net\\\/tr\\\/?p=65323\"]}]},{\"@type\":\"ImageObject\",\"inLanguage\":\"en-US\",\"@id\":\"https:\\\/\\\/akunq.net\\\/tr\\\/?p=65323#primaryimage\",\"url\":\"https:\\\/\\\/akunq.net\\\/tr\\\/wp-content\\\/uploads\\\/sites\\\/6\\\/2021\\\/10\\\/TBMM.jpg\",\"contentUrl\":\"https:\\\/\\\/akunq.net\\\/tr\\\/wp-content\\\/uploads\\\/sites\\\/6\\\/2021\\\/10\\\/TBMM.jpg\",\"width\":640,\"height\":480},{\"@type\":\"BreadcrumbList\",\"@id\":\"https:\\\/\\\/akunq.net\\\/tr\\\/?p=65323#breadcrumb\",\"itemListElement\":[{\"@type\":\"ListItem\",\"position\":1,\"name\":\"Home\",\"item\":\"https:\\\/\\\/akunq.net\\\/tr\"},{\"@type\":\"ListItem\",\"position\":2,\"name\":\"Suriye ve Irak Tezkeresi TBMM\u2019de Onayland\u0131\"}]},{\"@type\":\"WebSite\",\"@id\":\"https:\\\/\\\/akunq.net\\\/tr\\\/#website\",\"url\":\"https:\\\/\\\/akunq.net\\\/tr\\\/\",\"name\":\"Bati Ermenistan Ve Bati Ermenileri Sorunlari Ara\u015ftirmalar Merkezi\",\"description\":\"\",\"potentialAction\":[{\"@type\":\"SearchAction\",\"target\":{\"@type\":\"EntryPoint\",\"urlTemplate\":\"https:\\\/\\\/akunq.net\\\/tr\\\/?s={search_term_string}\"},\"query-input\":{\"@type\":\"PropertyValueSpecification\",\"valueRequired\":true,\"valueName\":\"search_term_string\"}}],\"inLanguage\":\"en-US\"},{\"@type\":\"Person\",\"@id\":\"https:\\\/\\\/akunq.net\\\/tr\\\/#\\\/schema\\\/person\\\/096f1d38a12cce57fb855b485ed24c9e\",\"name\":\"admin\",\"url\":\"https:\\\/\\\/akunq.net\\\/tr\\\/?author=7\"}]}<\/script>\n<!-- \/ Yoast SEO plugin. -->","yoast_head_json":{"title":"Suriye ve Irak Tezkeresi TBMM\u2019de Onayland\u0131 - Bati Ermenistan Ve Bati Ermenileri Sorunlari Ara\u015ftirmalar Merkezi","robots":{"index":"index","follow":"follow","max-snippet":"max-snippet:-1","max-image-preview":"max-image-preview:large","max-video-preview":"max-video-preview:-1"},"canonical":"https:\/\/akunq.net\/tr\/?p=65323","og_locale":"en_US","og_type":"article","og_title":"Suriye ve Irak Tezkeresi TBMM\u2019de Onayland\u0131 - Bati Ermenistan Ve Bati Ermenileri Sorunlari Ara\u015ftirmalar Merkezi","og_description":"T\u00fcrkiye B\u00fcy\u00fck Millet Meclisi, bug\u00fcnk\u00fc oturumunda biri Irak ve Suriye di\u011feri L\u00fcbnan olmak \u00fczere iki yurtd\u0131\u015f\u0131na asker g\u00f6nderme tezkeresinin s\u00fcresinin uzat\u0131lmas\u0131n\u0131 g\u00f6r\u00fc\u015ft\u00fc. Irak ve Suriye&#8217;ye asker g\u00f6ndermeyi i\u00e7eren tezkerenin s\u00fcresi, Adalet ve Kalk\u0131nma Partisi, Milliyet\u00e7i Hareket Partisi ve \u0130yi Parti&#8217;nin \u2018\u2018evet\u2019\u2019 oylar\u0131yla iki y\u0131l daha uzat\u0131ld\u0131. Cumhuriyet Halk Partisi ve Halklar\u0131n Demokratik Partisi, genel kuruldaki [&hellip;]","og_url":"https:\/\/akunq.net\/tr\/?p=65323","og_site_name":"Bati Ermenistan Ve Bati Ermenileri Sorunlari Ara\u015ftirmalar Merkezi","article_published_time":"2021-10-27T07:25:14+00:00","og_image":[{"width":640,"height":480,"url":"https:\/\/akunq.net\/tr\/wp-content\/uploads\/sites\/6\/2021\/10\/TBMM.jpg","type":"image\/jpeg"}],"author":"admin","twitter_card":"summary_large_image","twitter_misc":{"Written by":"admin","Est. reading time":"5 minutes"},"schema":{"@context":"https:\/\/schema.org","@graph":[{"@type":"Article","@id":"https:\/\/akunq.net\/tr\/?p=65323#article","isPartOf":{"@id":"https:\/\/akunq.net\/tr\/?p=65323"},"author":{"name":"admin","@id":"https:\/\/akunq.net\/tr\/#\/schema\/person\/096f1d38a12cce57fb855b485ed24c9e"},"headline":"Suriye ve Irak Tezkeresi TBMM\u2019de Onayland\u0131","datePublished":"2021-10-27T07:25:14+00:00","mainEntityOfPage":{"@id":"https:\/\/akunq.net\/tr\/?p=65323"},"wordCount":991,"commentCount":0,"image":{"@id":"https:\/\/akunq.net\/tr\/?p=65323#primaryimage"},"thumbnailUrl":"https:\/\/akunq.net\/tr\/wp-content\/uploads\/sites\/6\/2021\/10\/TBMM.jpg","articleSection":["Haberler"],"inLanguage":"en-US","potentialAction":[{"@type":"CommentAction","name":"Comment","target":["https:\/\/akunq.net\/tr\/?p=65323#respond"]}]},{"@type":"WebPage","@id":"https:\/\/akunq.net\/tr\/?p=65323","url":"https:\/\/akunq.net\/tr\/?p=65323","name":"Suriye ve Irak Tezkeresi TBMM\u2019de Onayland\u0131 - Bati Ermenistan Ve Bati Ermenileri Sorunlari Ara\u015ftirmalar Merkezi","isPartOf":{"@id":"https:\/\/akunq.net\/tr\/#website"},"primaryImageOfPage":{"@id":"https:\/\/akunq.net\/tr\/?p=65323#primaryimage"},"image":{"@id":"https:\/\/akunq.net\/tr\/?p=65323#primaryimage"},"thumbnailUrl":"https:\/\/akunq.net\/tr\/wp-content\/uploads\/sites\/6\/2021\/10\/TBMM.jpg","datePublished":"2021-10-27T07:25:14+00:00","author":{"@id":"https:\/\/akunq.net\/tr\/#\/schema\/person\/096f1d38a12cce57fb855b485ed24c9e"},"breadcrumb":{"@id":"https:\/\/akunq.net\/tr\/?p=65323#breadcrumb"},"inLanguage":"en-US","potentialAction":[{"@type":"ReadAction","target":["https:\/\/akunq.net\/tr\/?p=65323"]}]},{"@type":"ImageObject","inLanguage":"en-US","@id":"https:\/\/akunq.net\/tr\/?p=65323#primaryimage","url":"https:\/\/akunq.net\/tr\/wp-content\/uploads\/sites\/6\/2021\/10\/TBMM.jpg","contentUrl":"https:\/\/akunq.net\/tr\/wp-content\/uploads\/sites\/6\/2021\/10\/TBMM.jpg","width":640,"height":480},{"@type":"BreadcrumbList","@id":"https:\/\/akunq.net\/tr\/?p=65323#breadcrumb","itemListElement":[{"@type":"ListItem","position":1,"name":"Home","item":"https:\/\/akunq.net\/tr"},{"@type":"ListItem","position":2,"name":"Suriye ve Irak Tezkeresi TBMM\u2019de Onayland\u0131"}]},{"@type":"WebSite","@id":"https:\/\/akunq.net\/tr\/#website","url":"https:\/\/akunq.net\/tr\/","name":"Bati Ermenistan Ve Bati Ermenileri Sorunlari Ara\u015ftirmalar Merkezi","description":"","potentialAction":[{"@type":"SearchAction","target":{"@type":"EntryPoint","urlTemplate":"https:\/\/akunq.net\/tr\/?s={search_term_string}"},"query-input":{"@type":"PropertyValueSpecification","valueRequired":true,"valueName":"search_term_string"}}],"inLanguage":"en-US"},{"@type":"Person","@id":"https:\/\/akunq.net\/tr\/#\/schema\/person\/096f1d38a12cce57fb855b485ed24c9e","name":"admin","url":"https:\/\/akunq.net\/tr\/?author=7"}]}},"_links":{"self":[{"href":"https:\/\/akunq.net\/tr\/index.php?rest_route=\/wp\/v2\/posts\/65323","targetHints":{"allow":["GET"]}}],"collection":[{"href":"https:\/\/akunq.net\/tr\/index.php?rest_route=\/wp\/v2\/posts"}],"about":[{"href":"https:\/\/akunq.net\/tr\/index.php?rest_route=\/wp\/v2\/types\/post"}],"author":[{"embeddable":true,"href":"https:\/\/akunq.net\/tr\/index.php?rest_route=\/wp\/v2\/users\/7"}],"replies":[{"embeddable":true,"href":"https:\/\/akunq.net\/tr\/index.php?rest_route=%2Fwp%2Fv2%2Fcomments&post=65323"}],"version-history":[{"count":1,"href":"https:\/\/akunq.net\/tr\/index.php?rest_route=\/wp\/v2\/posts\/65323\/revisions"}],"predecessor-version":[{"id":65325,"href":"https:\/\/akunq.net\/tr\/index.php?rest_route=\/wp\/v2\/posts\/65323\/revisions\/65325"}],"wp:featuredmedia":[{"embeddable":true,"href":"https:\/\/akunq.net\/tr\/index.php?rest_route=\/wp\/v2\/media\/65324"}],"wp:attachment":[{"href":"https:\/\/akunq.net\/tr\/index.php?rest_route=%2Fwp%2Fv2%2Fmedia&parent=65323"}],"wp:term":[{"taxonomy":"category","embeddable":true,"href":"https:\/\/akunq.net\/tr\/index.php?rest_route=%2Fwp%2Fv2%2Fcategories&post=65323"},{"taxonomy":"post_tag","embeddable":true,"href":"https:\/\/akunq.net\/tr\/index.php?rest_route=%2Fwp%2Fv2%2Ftags&post=65323"}],"curies":[{"name":"wp","href":"https:\/\/api.w.org\/{rel}","templated":true}]}}