{"id":65320,"date":"2021-10-27T01:15:27","date_gmt":"2021-10-27T06:15:27","guid":{"rendered":"https:\/\/akunq.net\/tr\/?p=65320"},"modified":"2021-10-27T01:15:27","modified_gmt":"2021-10-27T06:15:27","slug":"diyarbakir-surp-giragos-kilisesinin-paskalyada-acilmasi-ongoruluyor","status":"publish","type":"post","link":"https:\/\/akunq.net\/tr\/?p=65320","title":{"rendered":"Diyarbak\u0131r Surp Giragos Kilisesi&#8217;nin Paskalya&#8217;da a\u00e7\u0131lmas\u0131 \u00f6ng\u00f6r\u00fcl\u00fcyor"},"content":{"rendered":"<p><img loading=\"lazy\" decoding=\"async\" class=\"aligncenter size-medium wp-image-65321\" src=\"https:\/\/akunq.net\/tr\/wp-content\/uploads\/2021\/10\/T\u00fcrkiye-Ermenileri-Patrikli\u011fi-360x239.jpeg\" alt=\"\" width=\"360\" height=\"239\" srcset=\"https:\/\/akunq.net\/tr\/wp-content\/uploads\/sites\/6\/2021\/10\/T\u00fcrkiye-Ermenileri-Patrikli\u011fi-360x239.jpeg 360w, https:\/\/akunq.net\/tr\/wp-content\/uploads\/sites\/6\/2021\/10\/T\u00fcrkiye-Ermenileri-Patrikli\u011fi-768x510.jpeg 768w, https:\/\/akunq.net\/tr\/wp-content\/uploads\/sites\/6\/2021\/10\/T\u00fcrkiye-Ermenileri-Patrikli\u011fi-1536x1019.jpeg 1536w, https:\/\/akunq.net\/tr\/wp-content\/uploads\/sites\/6\/2021\/10\/T\u00fcrkiye-Ermenileri-Patrikli\u011fi-560x372.jpeg 560w, https:\/\/akunq.net\/tr\/wp-content\/uploads\/sites\/6\/2021\/10\/T\u00fcrkiye-Ermenileri-Patrikli\u011fi-260x173.jpeg 260w, https:\/\/akunq.net\/tr\/wp-content\/uploads\/sites\/6\/2021\/10\/T\u00fcrkiye-Ermenileri-Patrikli\u011fi-160x106.jpeg 160w, https:\/\/akunq.net\/tr\/wp-content\/uploads\/sites\/6\/2021\/10\/T\u00fcrkiye-Ermenileri-Patrikli\u011fi.jpeg 1772w\" sizes=\"auto, (max-width: 360px) 100vw, 360px\" \/><\/p>\n<p><em><strong>T\u00fcrkiye Ermenileri Patri\u011fi Sahak Ma\u015falyan Diyarbak\u0131r&#8217;a g\u00fcn\u00fcbirlik bir ziyaret ger\u00e7ekle\u015ftiriyor. \u00c7at\u0131\u015fmal\u0131 d\u00f6nemde tahrip olan Surp Giragos Kilisesi&#8217;ni yenileme \u00e7al\u0131\u015fmalar\u0131n\u0131 inceleyen Patrik Ma\u015falyan Vali M\u00fcnir Karalo\u011flu&#8217;nu da ziyaret etti.<\/strong><\/em><\/p>\n<p>Konuya dair T\u00fcrkiye Ermenileri Patrikli\u011fi&#8217;nden yap\u0131lan a\u00e7\u0131klamada \u015fu ifadelere yer verildi:<\/p>\n<p>&#8220;26 Ekim Sal\u0131 g\u00fcn\u00fc Patrik Hazretleri Havaliman\u0131\u2019n\u0131n \u015eeref Salonu\u2019nda, Anadolu Ermeni Cemaatleri G\u00f6zetmeni Peder Avedis Taba\u015fyan, S. Giragos Kilisesi Vak\u0131f Y\u00f6netim Kurulu Ba\u015fkan\u0131 Erg\u00fcn Ay\u0131k, y\u00f6neticilerden Gaffur T\u00fcrkay ve G\u00f6zetmen Yard\u0131mc\u0131s\u0131 Yusuf Taba\u015f taraf\u0131ndan kar\u015f\u0131land\u0131. Patrik Hazretleri\u2019nin ziyaretlerine e\u015flik etmek \u00fczere, ayn\u0131 u\u00e7akla Tekin Demirciyan ve y\u00f6neticilerden Kenan Sarraf da Diyarbak\u0131r\u2019a geldiler.&#8221;<\/p>\n<p>A\u00e7\u0131klamaya g\u00f6re Patrik Ma\u015falyan maiyetindeki y\u00f6neticiler ve din g\u00f6revlileriyle, Diyarbak\u0131r Valisi M\u00fcnir Karalo\u011flu\u2019na nezaket ziyaretinde bulundu.<\/p>\n<p>A\u00e7\u0131klamada &#8220;Say\u0131n Vali, \u00f6ncelikli olarak Patrik Hazretleri\u2019nin se\u00e7imini kutlarken, se\u00e7im sonras\u0131 ilk kez Diyarbak\u0131r\u2019a gelmesinden dolay\u0131 memnuniyetini belirtti. Say\u0131n Vali, S. Giragos Kilisesi\u2019nin durumuyla ilgilendi. Kilisede y\u00fcr\u00fct\u00fclen yenileme \u00e7al\u0131\u015fmalar\u0131n\u0131n d\u00fczenli bir \u015fekilde ilerlemesi memnuniyet vericiydi. \u00c7al\u0131\u015fmalar\u0131n bu \u015fekilde devam etmesi durumunda, \u00e7al\u0131\u015fmalar\u0131n bahar d\u00f6neminde tamamlanmas\u0131 \u00f6ng\u00f6r\u00fclmekteydi. \u00d6te yandan, \u00e7al\u0131\u015fmalar\u0131n tamamlanmas\u0131yla, Paskalya d\u00f6neminde kilisenin a\u00e7\u0131l\u0131\u015f t\u00f6reninin ger\u00e7ekle\u015fmesi \u00f6ng\u00f6r\u00fclmekte.&#8221; dendi.<\/p>\n<p>Patrikhaneden yap\u0131lan a\u00e7\u0131klamaya g\u00f6re Vali Karalo\u011flu hasarl\u0131 durumda olan Surp Sarkis Kilisesi i\u00e7in de\u00a0 bir proje haz\u0131rlanmas\u0131n\u0131 ve yetkili mercilere sunulmas\u0131n\u0131 \u00f6nerdi ve yetkili mercilerin de projenin geli\u015fmesine katk\u0131 verebileceklerini belirtti. Vali Karalo\u011flu\u00a0 yetkili g\u00f6revlilere konuyla alakadar olmalar\u0131 talimat\u0131n\u0131 verdi.<\/p>\n<p>Patrik Ma\u015falyan gezisi s\u0131ras\u0131nda Surp Giragos ve Surp Sarkis kiliselerini de inceledi. Patrik Ma\u015falyan&#8217;\u0131n 26 Ekim Sal\u0131 g\u00fcn\u00fc ak\u015fam saatlerinde \u0130stanbul&#8217;a d\u00f6nmesi bekleniyor.<\/p>\n<p>2015 sonras\u0131ndaki \u00e7at\u0131\u015fmal\u0131 s\u00fcre\u00e7te Diyarbak\u0131r Surp Giragos Kilisesi hasar alm\u0131\u015ft\u0131. Kilisenin yenileme \u00e7al\u0131\u015fmalar\u0131na devlet de destek veriyor.\u00a0 \u00c7evre ve \u015eehircilik Bakanl\u0131\u011f\u0131&#8217;n\u0131n destekledi\u011fi \u00e7al\u0131\u015fmalara 2019 y\u0131l\u0131nda ba\u015fland\u0131. \u00c7al\u0131\u015fmalar kapsam\u0131nda S\u00fcryani Mar Petyun Kilisesi de yenileniyor.<\/p>\n<p><em><strong>http:\/\/www.agos.com.tr\/tr\/yazi\/26337\/diyarbakir-surp-giragos-kilisesi-nin-paskalya-da-acilmasi-ongoruluyor\u00a0<\/strong><\/em><\/p>\n","protected":false},"excerpt":{"rendered":"<p>T\u00fcrkiye Ermenileri Patri\u011fi Sahak Ma\u015falyan Diyarbak\u0131r&#8217;a g\u00fcn\u00fcbirlik bir ziyaret ger\u00e7ekle\u015ftiriyor. \u00c7at\u0131\u015fmal\u0131 d\u00f6nemde tahrip olan Surp Giragos Kilisesi&#8217;ni yenileme \u00e7al\u0131\u015fmalar\u0131n\u0131 inceleyen Patrik Ma\u015falyan Vali M\u00fcnir Karalo\u011flu&#8217;nu da ziyaret etti. Konuya dair T\u00fcrkiye Ermenileri Patrikli\u011fi&#8217;nden yap\u0131lan a\u00e7\u0131klamada \u015fu ifadelere yer verildi: &#8220;26 Ekim Sal\u0131 g\u00fcn\u00fc Patrik Hazretleri Havaliman\u0131\u2019n\u0131n \u015eeref Salonu\u2019nda, Anadolu Ermeni Cemaatleri G\u00f6zetmeni Peder Avedis Taba\u015fyan, [&hellip;]<\/p>\n","protected":false},"author":7,"featured_media":65321,"comment_status":"open","ping_status":"open","sticky":false,"template":"","format":"standard","meta":{"footnotes":""},"categories":[22,1],"tags":[],"class_list":["post-65320","post","type-post","status-publish","format-standard","has-post-thumbnail","hentry","category-gunumuzde-bati-ermenistan","category-haberler"],"yoast_head":"<!-- This site is optimized with the Yoast SEO plugin v27.4 - https:\/\/yoast.com\/product\/yoast-seo-wordpress\/ -->\n<title>Diyarbak\u0131r Surp Giragos Kilisesi&#039;nin Paskalya&#039;da a\u00e7\u0131lmas\u0131 \u00f6ng\u00f6r\u00fcl\u00fcyor - Bati Ermenistan Ve Bati Ermenileri Sorunlari Ara\u015ftirmalar Merkezi<\/title>\n<meta name=\"robots\" content=\"index, follow, max-snippet:-1, max-image-preview:large, max-video-preview:-1\" \/>\n<link rel=\"canonical\" href=\"https:\/\/akunq.net\/tr\/?p=65320\" \/>\n<meta property=\"og:locale\" content=\"en_US\" \/>\n<meta property=\"og:type\" content=\"article\" \/>\n<meta property=\"og:title\" content=\"Diyarbak\u0131r Surp Giragos Kilisesi&#039;nin Paskalya&#039;da a\u00e7\u0131lmas\u0131 \u00f6ng\u00f6r\u00fcl\u00fcyor - Bati Ermenistan Ve Bati Ermenileri Sorunlari Ara\u015ftirmalar Merkezi\" \/>\n<meta property=\"og:description\" content=\"T\u00fcrkiye Ermenileri Patri\u011fi Sahak Ma\u015falyan Diyarbak\u0131r&#8217;a g\u00fcn\u00fcbirlik bir ziyaret ger\u00e7ekle\u015ftiriyor. \u00c7at\u0131\u015fmal\u0131 d\u00f6nemde tahrip olan Surp Giragos Kilisesi&#8217;ni yenileme \u00e7al\u0131\u015fmalar\u0131n\u0131 inceleyen Patrik Ma\u015falyan Vali M\u00fcnir Karalo\u011flu&#8217;nu da ziyaret etti. Konuya dair T\u00fcrkiye Ermenileri Patrikli\u011fi&#8217;nden yap\u0131lan a\u00e7\u0131klamada \u015fu ifadelere yer verildi: &#8220;26 Ekim Sal\u0131 g\u00fcn\u00fc Patrik Hazretleri Havaliman\u0131\u2019n\u0131n \u015eeref Salonu\u2019nda, Anadolu Ermeni Cemaatleri G\u00f6zetmeni Peder Avedis Taba\u015fyan, [&hellip;]\" \/>\n<meta property=\"og:url\" content=\"https:\/\/akunq.net\/tr\/?p=65320\" \/>\n<meta property=\"og:site_name\" content=\"Bati Ermenistan Ve Bati Ermenileri Sorunlari Ara\u015ftirmalar Merkezi\" \/>\n<meta property=\"article:published_time\" content=\"2021-10-27T06:15:27+00:00\" \/>\n<meta property=\"og:image\" content=\"https:\/\/akunq.net\/tr\/wp-content\/uploads\/sites\/6\/2021\/10\/T\u00fcrkiye-Ermenileri-Patrikli\u011fi.jpeg\" \/>\n\t<meta property=\"og:image:width\" content=\"1772\" \/>\n\t<meta property=\"og:image:height\" content=\"1176\" \/>\n\t<meta property=\"og:image:type\" content=\"image\/jpeg\" \/>\n<meta name=\"author\" content=\"admin\" \/>\n<meta name=\"twitter:card\" content=\"summary_large_image\" \/>\n<meta name=\"twitter:label1\" content=\"Written by\" \/>\n\t<meta name=\"twitter:data1\" content=\"admin\" \/>\n\t<meta name=\"twitter:label2\" content=\"Est. reading time\" \/>\n\t<meta name=\"twitter:data2\" content=\"2 minutes\" \/>\n<script type=\"application\/ld+json\" class=\"yoast-schema-graph\">{\"@context\":\"https:\\\/\\\/schema.org\",\"@graph\":[{\"@type\":\"Article\",\"@id\":\"https:\\\/\\\/akunq.net\\\/tr\\\/?p=65320#article\",\"isPartOf\":{\"@id\":\"https:\\\/\\\/akunq.net\\\/tr\\\/?p=65320\"},\"author\":{\"name\":\"admin\",\"@id\":\"https:\\\/\\\/akunq.net\\\/tr\\\/#\\\/schema\\\/person\\\/096f1d38a12cce57fb855b485ed24c9e\"},\"headline\":\"Diyarbak\u0131r Surp Giragos Kilisesi&#8217;nin Paskalya&#8217;da a\u00e7\u0131lmas\u0131 \u00f6ng\u00f6r\u00fcl\u00fcyor\",\"datePublished\":\"2021-10-27T06:15:27+00:00\",\"mainEntityOfPage\":{\"@id\":\"https:\\\/\\\/akunq.net\\\/tr\\\/?p=65320\"},\"wordCount\":401,\"commentCount\":0,\"image\":{\"@id\":\"https:\\\/\\\/akunq.net\\\/tr\\\/?p=65320#primaryimage\"},\"thumbnailUrl\":\"https:\\\/\\\/akunq.net\\\/tr\\\/wp-content\\\/uploads\\\/sites\\\/6\\\/2021\\\/10\\\/T\u00fcrkiye-Ermenileri-Patrikli\u011fi.jpeg\",\"articleSection\":[\"G\u00fcn\u00fcm\u00fczde Bat\u0131 Ermenistan\",\"Haberler\"],\"inLanguage\":\"en-US\",\"potentialAction\":[{\"@type\":\"CommentAction\",\"name\":\"Comment\",\"target\":[\"https:\\\/\\\/akunq.net\\\/tr\\\/?p=65320#respond\"]}]},{\"@type\":\"WebPage\",\"@id\":\"https:\\\/\\\/akunq.net\\\/tr\\\/?p=65320\",\"url\":\"https:\\\/\\\/akunq.net\\\/tr\\\/?p=65320\",\"name\":\"Diyarbak\u0131r Surp Giragos Kilisesi'nin Paskalya'da a\u00e7\u0131lmas\u0131 \u00f6ng\u00f6r\u00fcl\u00fcyor - Bati Ermenistan Ve Bati Ermenileri Sorunlari Ara\u015ftirmalar Merkezi\",\"isPartOf\":{\"@id\":\"https:\\\/\\\/akunq.net\\\/tr\\\/#website\"},\"primaryImageOfPage\":{\"@id\":\"https:\\\/\\\/akunq.net\\\/tr\\\/?p=65320#primaryimage\"},\"image\":{\"@id\":\"https:\\\/\\\/akunq.net\\\/tr\\\/?p=65320#primaryimage\"},\"thumbnailUrl\":\"https:\\\/\\\/akunq.net\\\/tr\\\/wp-content\\\/uploads\\\/sites\\\/6\\\/2021\\\/10\\\/T\u00fcrkiye-Ermenileri-Patrikli\u011fi.jpeg\",\"datePublished\":\"2021-10-27T06:15:27+00:00\",\"author\":{\"@id\":\"https:\\\/\\\/akunq.net\\\/tr\\\/#\\\/schema\\\/person\\\/096f1d38a12cce57fb855b485ed24c9e\"},\"breadcrumb\":{\"@id\":\"https:\\\/\\\/akunq.net\\\/tr\\\/?p=65320#breadcrumb\"},\"inLanguage\":\"en-US\",\"potentialAction\":[{\"@type\":\"ReadAction\",\"target\":[\"https:\\\/\\\/akunq.net\\\/tr\\\/?p=65320\"]}]},{\"@type\":\"ImageObject\",\"inLanguage\":\"en-US\",\"@id\":\"https:\\\/\\\/akunq.net\\\/tr\\\/?p=65320#primaryimage\",\"url\":\"https:\\\/\\\/akunq.net\\\/tr\\\/wp-content\\\/uploads\\\/sites\\\/6\\\/2021\\\/10\\\/T\u00fcrkiye-Ermenileri-Patrikli\u011fi.jpeg\",\"contentUrl\":\"https:\\\/\\\/akunq.net\\\/tr\\\/wp-content\\\/uploads\\\/sites\\\/6\\\/2021\\\/10\\\/T\u00fcrkiye-Ermenileri-Patrikli\u011fi.jpeg\",\"width\":1772,\"height\":1176},{\"@type\":\"BreadcrumbList\",\"@id\":\"https:\\\/\\\/akunq.net\\\/tr\\\/?p=65320#breadcrumb\",\"itemListElement\":[{\"@type\":\"ListItem\",\"position\":1,\"name\":\"Home\",\"item\":\"https:\\\/\\\/akunq.net\\\/tr\"},{\"@type\":\"ListItem\",\"position\":2,\"name\":\"Diyarbak\u0131r Surp Giragos Kilisesi&#8217;nin Paskalya&#8217;da a\u00e7\u0131lmas\u0131 \u00f6ng\u00f6r\u00fcl\u00fcyor\"}]},{\"@type\":\"WebSite\",\"@id\":\"https:\\\/\\\/akunq.net\\\/tr\\\/#website\",\"url\":\"https:\\\/\\\/akunq.net\\\/tr\\\/\",\"name\":\"Bati Ermenistan Ve Bati Ermenileri Sorunlari Ara\u015ftirmalar Merkezi\",\"description\":\"\",\"potentialAction\":[{\"@type\":\"SearchAction\",\"target\":{\"@type\":\"EntryPoint\",\"urlTemplate\":\"https:\\\/\\\/akunq.net\\\/tr\\\/?s={search_term_string}\"},\"query-input\":{\"@type\":\"PropertyValueSpecification\",\"valueRequired\":true,\"valueName\":\"search_term_string\"}}],\"inLanguage\":\"en-US\"},{\"@type\":\"Person\",\"@id\":\"https:\\\/\\\/akunq.net\\\/tr\\\/#\\\/schema\\\/person\\\/096f1d38a12cce57fb855b485ed24c9e\",\"name\":\"admin\",\"url\":\"https:\\\/\\\/akunq.net\\\/tr\\\/?author=7\"}]}<\/script>\n<!-- \/ Yoast SEO plugin. -->","yoast_head_json":{"title":"Diyarbak\u0131r Surp Giragos Kilisesi'nin Paskalya'da a\u00e7\u0131lmas\u0131 \u00f6ng\u00f6r\u00fcl\u00fcyor - Bati Ermenistan Ve Bati Ermenileri Sorunlari Ara\u015ftirmalar Merkezi","robots":{"index":"index","follow":"follow","max-snippet":"max-snippet:-1","max-image-preview":"max-image-preview:large","max-video-preview":"max-video-preview:-1"},"canonical":"https:\/\/akunq.net\/tr\/?p=65320","og_locale":"en_US","og_type":"article","og_title":"Diyarbak\u0131r Surp Giragos Kilisesi'nin Paskalya'da a\u00e7\u0131lmas\u0131 \u00f6ng\u00f6r\u00fcl\u00fcyor - Bati Ermenistan Ve Bati Ermenileri Sorunlari Ara\u015ftirmalar Merkezi","og_description":"T\u00fcrkiye Ermenileri Patri\u011fi Sahak Ma\u015falyan Diyarbak\u0131r&#8217;a g\u00fcn\u00fcbirlik bir ziyaret ger\u00e7ekle\u015ftiriyor. \u00c7at\u0131\u015fmal\u0131 d\u00f6nemde tahrip olan Surp Giragos Kilisesi&#8217;ni yenileme \u00e7al\u0131\u015fmalar\u0131n\u0131 inceleyen Patrik Ma\u015falyan Vali M\u00fcnir Karalo\u011flu&#8217;nu da ziyaret etti. Konuya dair T\u00fcrkiye Ermenileri Patrikli\u011fi&#8217;nden yap\u0131lan a\u00e7\u0131klamada \u015fu ifadelere yer verildi: &#8220;26 Ekim Sal\u0131 g\u00fcn\u00fc Patrik Hazretleri Havaliman\u0131\u2019n\u0131n \u015eeref Salonu\u2019nda, Anadolu Ermeni Cemaatleri G\u00f6zetmeni Peder Avedis Taba\u015fyan, [&hellip;]","og_url":"https:\/\/akunq.net\/tr\/?p=65320","og_site_name":"Bati Ermenistan Ve Bati Ermenileri Sorunlari Ara\u015ftirmalar Merkezi","article_published_time":"2021-10-27T06:15:27+00:00","og_image":[{"width":1772,"height":1176,"url":"https:\/\/akunq.net\/tr\/wp-content\/uploads\/sites\/6\/2021\/10\/T\u00fcrkiye-Ermenileri-Patrikli\u011fi.jpeg","type":"image\/jpeg"}],"author":"admin","twitter_card":"summary_large_image","twitter_misc":{"Written by":"admin","Est. reading time":"2 minutes"},"schema":{"@context":"https:\/\/schema.org","@graph":[{"@type":"Article","@id":"https:\/\/akunq.net\/tr\/?p=65320#article","isPartOf":{"@id":"https:\/\/akunq.net\/tr\/?p=65320"},"author":{"name":"admin","@id":"https:\/\/akunq.net\/tr\/#\/schema\/person\/096f1d38a12cce57fb855b485ed24c9e"},"headline":"Diyarbak\u0131r Surp Giragos Kilisesi&#8217;nin Paskalya&#8217;da a\u00e7\u0131lmas\u0131 \u00f6ng\u00f6r\u00fcl\u00fcyor","datePublished":"2021-10-27T06:15:27+00:00","mainEntityOfPage":{"@id":"https:\/\/akunq.net\/tr\/?p=65320"},"wordCount":401,"commentCount":0,"image":{"@id":"https:\/\/akunq.net\/tr\/?p=65320#primaryimage"},"thumbnailUrl":"https:\/\/akunq.net\/tr\/wp-content\/uploads\/sites\/6\/2021\/10\/T\u00fcrkiye-Ermenileri-Patrikli\u011fi.jpeg","articleSection":["G\u00fcn\u00fcm\u00fczde Bat\u0131 Ermenistan","Haberler"],"inLanguage":"en-US","potentialAction":[{"@type":"CommentAction","name":"Comment","target":["https:\/\/akunq.net\/tr\/?p=65320#respond"]}]},{"@type":"WebPage","@id":"https:\/\/akunq.net\/tr\/?p=65320","url":"https:\/\/akunq.net\/tr\/?p=65320","name":"Diyarbak\u0131r Surp Giragos Kilisesi'nin Paskalya'da a\u00e7\u0131lmas\u0131 \u00f6ng\u00f6r\u00fcl\u00fcyor - Bati Ermenistan Ve Bati Ermenileri Sorunlari Ara\u015ftirmalar Merkezi","isPartOf":{"@id":"https:\/\/akunq.net\/tr\/#website"},"primaryImageOfPage":{"@id":"https:\/\/akunq.net\/tr\/?p=65320#primaryimage"},"image":{"@id":"https:\/\/akunq.net\/tr\/?p=65320#primaryimage"},"thumbnailUrl":"https:\/\/akunq.net\/tr\/wp-content\/uploads\/sites\/6\/2021\/10\/T\u00fcrkiye-Ermenileri-Patrikli\u011fi.jpeg","datePublished":"2021-10-27T06:15:27+00:00","author":{"@id":"https:\/\/akunq.net\/tr\/#\/schema\/person\/096f1d38a12cce57fb855b485ed24c9e"},"breadcrumb":{"@id":"https:\/\/akunq.net\/tr\/?p=65320#breadcrumb"},"inLanguage":"en-US","potentialAction":[{"@type":"ReadAction","target":["https:\/\/akunq.net\/tr\/?p=65320"]}]},{"@type":"ImageObject","inLanguage":"en-US","@id":"https:\/\/akunq.net\/tr\/?p=65320#primaryimage","url":"https:\/\/akunq.net\/tr\/wp-content\/uploads\/sites\/6\/2021\/10\/T\u00fcrkiye-Ermenileri-Patrikli\u011fi.jpeg","contentUrl":"https:\/\/akunq.net\/tr\/wp-content\/uploads\/sites\/6\/2021\/10\/T\u00fcrkiye-Ermenileri-Patrikli\u011fi.jpeg","width":1772,"height":1176},{"@type":"BreadcrumbList","@id":"https:\/\/akunq.net\/tr\/?p=65320#breadcrumb","itemListElement":[{"@type":"ListItem","position":1,"name":"Home","item":"https:\/\/akunq.net\/tr"},{"@type":"ListItem","position":2,"name":"Diyarbak\u0131r Surp Giragos Kilisesi&#8217;nin Paskalya&#8217;da a\u00e7\u0131lmas\u0131 \u00f6ng\u00f6r\u00fcl\u00fcyor"}]},{"@type":"WebSite","@id":"https:\/\/akunq.net\/tr\/#website","url":"https:\/\/akunq.net\/tr\/","name":"Bati Ermenistan Ve Bati Ermenileri Sorunlari Ara\u015ftirmalar Merkezi","description":"","potentialAction":[{"@type":"SearchAction","target":{"@type":"EntryPoint","urlTemplate":"https:\/\/akunq.net\/tr\/?s={search_term_string}"},"query-input":{"@type":"PropertyValueSpecification","valueRequired":true,"valueName":"search_term_string"}}],"inLanguage":"en-US"},{"@type":"Person","@id":"https:\/\/akunq.net\/tr\/#\/schema\/person\/096f1d38a12cce57fb855b485ed24c9e","name":"admin","url":"https:\/\/akunq.net\/tr\/?author=7"}]}},"_links":{"self":[{"href":"https:\/\/akunq.net\/tr\/index.php?rest_route=\/wp\/v2\/posts\/65320","targetHints":{"allow":["GET"]}}],"collection":[{"href":"https:\/\/akunq.net\/tr\/index.php?rest_route=\/wp\/v2\/posts"}],"about":[{"href":"https:\/\/akunq.net\/tr\/index.php?rest_route=\/wp\/v2\/types\/post"}],"author":[{"embeddable":true,"href":"https:\/\/akunq.net\/tr\/index.php?rest_route=\/wp\/v2\/users\/7"}],"replies":[{"embeddable":true,"href":"https:\/\/akunq.net\/tr\/index.php?rest_route=%2Fwp%2Fv2%2Fcomments&post=65320"}],"version-history":[{"count":1,"href":"https:\/\/akunq.net\/tr\/index.php?rest_route=\/wp\/v2\/posts\/65320\/revisions"}],"predecessor-version":[{"id":65322,"href":"https:\/\/akunq.net\/tr\/index.php?rest_route=\/wp\/v2\/posts\/65320\/revisions\/65322"}],"wp:featuredmedia":[{"embeddable":true,"href":"https:\/\/akunq.net\/tr\/index.php?rest_route=\/wp\/v2\/media\/65321"}],"wp:attachment":[{"href":"https:\/\/akunq.net\/tr\/index.php?rest_route=%2Fwp%2Fv2%2Fmedia&parent=65320"}],"wp:term":[{"taxonomy":"category","embeddable":true,"href":"https:\/\/akunq.net\/tr\/index.php?rest_route=%2Fwp%2Fv2%2Fcategories&post=65320"},{"taxonomy":"post_tag","embeddable":true,"href":"https:\/\/akunq.net\/tr\/index.php?rest_route=%2Fwp%2Fv2%2Ftags&post=65320"}],"curies":[{"name":"wp","href":"https:\/\/api.w.org\/{rel}","templated":true}]}}