{"id":65310,"date":"2021-10-26T05:01:11","date_gmt":"2021-10-26T10:01:11","guid":{"rendered":"https:\/\/akunq.net\/tr\/?p=65310"},"modified":"2021-10-26T05:01:11","modified_gmt":"2021-10-26T10:01:11","slug":"patrik-bartholomeos-abd-baskani-biden-ile-gorustu","status":"publish","type":"post","link":"https:\/\/akunq.net\/tr\/?p=65310","title":{"rendered":"Patrik Bartholomeos ABD Ba\u015fkan\u0131 Biden ile g\u00f6r\u00fc\u015ft\u00fc"},"content":{"rendered":"<p><img loading=\"lazy\" decoding=\"async\" class=\"aligncenter size-medium wp-image-65311\" src=\"https:\/\/akunq.net\/tr\/wp-content\/uploads\/2021\/10\/Patrik-Bartholomeos-360x213.jpeg\" alt=\"\" width=\"360\" height=\"213\" srcset=\"https:\/\/akunq.net\/tr\/wp-content\/uploads\/sites\/6\/2021\/10\/Patrik-Bartholomeos-360x213.jpeg 360w, https:\/\/akunq.net\/tr\/wp-content\/uploads\/sites\/6\/2021\/10\/Patrik-Bartholomeos-560x332.jpeg 560w, https:\/\/akunq.net\/tr\/wp-content\/uploads\/sites\/6\/2021\/10\/Patrik-Bartholomeos-260x154.jpeg 260w, https:\/\/akunq.net\/tr\/wp-content\/uploads\/sites\/6\/2021\/10\/Patrik-Bartholomeos-160x95.jpeg 160w, https:\/\/akunq.net\/tr\/wp-content\/uploads\/sites\/6\/2021\/10\/Patrik-Bartholomeos.jpeg 760w\" sizes=\"auto, (max-width: 360px) 100vw, 360px\" \/><\/p>\n<p><em><strong>Ek\u00fcmenik Patrik Bartholomeos ABD ziyareti kapsam\u0131nda ABD Ba\u015fkan\u0131 Joe Biden ve D\u0131\u015fi\u015fleri Bakan\u0131 Antony Blinken ile bir araya geldi.<\/strong><\/em><\/p>\n<p>Patrik Bartholomeos ilk olarak D\u0131\u015fi\u015fleri Bakan\u0131 Blinken ile g\u00f6r\u00fc\u015ft\u00fc. Blinken, Bartholomeos ile g\u00f6r\u00fc\u015fmesi sonras\u0131nda yapt\u0131\u011f\u0131 a\u00e7\u0131klamada, &#8220;ABD din \u00f6zg\u00fcrl\u00fc\u011f\u00fc ilkelerini g\u00fc\u00e7l\u00fc bir \u015fekilde savunmaktad\u0131r&#8221; dedi.<\/p>\n<p>ABD D\u0131\u015fi\u015fleri Bakanl\u0131\u011f\u0131&#8217;ndan yap\u0131lan a\u00e7\u0131klamada, g\u00f6r\u00fc\u015fmede T\u00fcrkiye&#8217;de 1971 y\u0131l\u0131nda kapat\u0131lan Ruhban Okulu&#8217;nun stat\u00fcs\u00fcn\u00fcn ele al\u0131nd\u0131\u011f\u0131 belirtildi. A\u00e7\u0131klamada, &#8220;Ruhban Okulu&#8217;nun yeniden a\u00e7\u0131lmas\u0131 Biden y\u00f6netimi i\u00e7in bir \u00f6ncelik olmay\u0131 s\u00fcrd\u00fcrmektedir&#8221; ifadeleri yer ald\u0131. Bakanl\u0131\u011f\u0131n a\u00e7\u0131klamas\u0131na g\u00f6re Patrik Bartholomeos ABD y\u00f6netimine &#8220;Patrikhaneye ve tarihi \u015fehir \u0130stanbul&#8217;da hayatta kalma m\u00fccadelesi verirken Patrikhane&#8217;nin korumaya \u00e7al\u0131\u015ft\u0131\u011f\u0131 d\u00fc\u015f\u00fcnceleri ve de\u011ferlerine&#8221; verdi\u011fi destekten \u00f6t\u00fcr\u00fc te\u015fekk\u00fcr etti.<\/p>\n<p>Patrik Bartholomeos Blinken ile g\u00f6r\u00fc\u015fmesinin ard\u0131ndan ABD Ba\u015fkan\u0131 Biden ile bir araya geldi. Bas\u0131na kapal\u0131 olarak ger\u00e7ekle\u015fen g\u00f6r\u00fc\u015fmenin i\u00e7eri\u011fine ili\u015fkin olarak Beyaz Saray&#8217;dan yap\u0131lan a\u00e7\u0131klamada, &#8220;Kar\u015f\u0131 kar\u015f\u0131ya olunan k\u00fcresel zorluklarla y\u00fczle\u015fme konusunda&#8221; inan\u00e7 topluluklar\u0131n\u0131n rol\u00fcn\u00fcn vurguland\u0131\u011f\u0131 belirtildi. Bartholomeos ise a\u00e7\u0131klamas\u0131nda Biden&#8217;\u0131 &#8220;inan\u00e7l\u0131 ve vizyon sahibi biri&#8221; olarak nitelendirerek g\u00f6r\u00fc\u015fmeden duydu\u011fu memnuniyeti dile getirdi.<\/p>\n<p>Patrik Bartholomeos, bas\u0131na kapal\u0131 ger\u00e7ekle\u015fen g\u00f6r\u00fc\u015fmenin ard\u0131ndan Beyaz Saray&#8217;daki gazetecilere a\u00e7\u0131klamalarda bulundu.<\/p>\n<p>Biden&#8217;la son derece olumlu bir g\u00f6r\u00fc\u015fme ger\u00e7ekle\u015ftirdiklerini vurgulayan Patrik Bartholomeos, &#8220;Papa Franciscus, \u0130ngiliz Kilisesinin Ba\u015fpiskoposlu\u011fu, M\u00fcsl\u00fcman ve Yahudi dini liderler ile t\u00fcm d\u00fcnyada herkesin a\u015f\u0131 olmas\u0131n\u0131 sa\u011flamak i\u00e7in bir giri\u015fim ba\u015flatt\u0131\u011f\u0131m\u0131z\u0131 duyurmaktan memnuniyet duyuyorum. Say\u0131n Ba\u015fkan Biden da bu giri\u015fimi b\u00fcy\u00fck bir memnuniyetle kar\u015f\u0131lad\u0131.&#8221; ifadelerini kulland\u0131.<\/p>\n<p>Patrik Bartholomeos&#8217;un T\u00fcrkiye&#8217;nin Washington B\u00fcy\u00fckel\u00e7isi Hasan Murat Mercan ile de bir araya geldi\u011fi bildirildi. Amerika Rum Ortodoks Ba\u015fpiskoposlu\u011fu&#8217;nun verdi\u011fi bilgilere g\u00f6re Patrik Bartholomeos, g\u00f6r\u00fc\u015fmede patrik olarak g\u00f6revinin \u201ctamamen ruhani oldu\u011funu ve T\u00fcrkiye\u2019nin sadece \u201ckapsay\u0131c\u0131 bir toplum\u201d de\u011fil ayn\u0131 zamanda &#8220;Do\u011fu ile Bat\u0131 aras\u0131nda k\u00f6pr\u00fc kurucu&#8221; olabilece\u011fini g\u00f6sterdi\u011fini belirtti. Patrik, B\u00fcy\u00fckel\u00e7i\u2019nin davetinin ise kar\u015f\u0131l\u0131kl\u0131 \u201cdiyalog ve sayg\u0131n\u0131n\u201d bir \u00f6rne\u011fi oldu\u011funu vurgulad\u0131.<\/p>\n<p>12 g\u00fcnl\u00fck bir ziyaret i\u00e7in ABD&#8217;ye giden 81 ya\u015f\u0131ndaki Bartholomeos Pazar g\u00fcn\u00fc kendini iyi hissetmeyince tedbir ama\u00e7l\u0131 hastaneye kald\u0131r\u0131lm\u0131\u015ft\u0131. Geceyi hastanede ge\u00e7iren Bartholomeos, hastaneden ayr\u0131lmas\u0131n\u0131n ard\u0131ndan program\u0131na devam etmi\u015fti.<\/p>\n<p><strong><em>(Ajanslar, Deutsche Welle)<\/em><\/strong><\/p>\n<p><em><strong>http:\/\/www.agos.com.tr\/tr\/yazi\/26333\/patrik-bartholomeos-abd-baskani-biden-ile-gorustu\u00a0<\/strong><\/em><\/p>\n","protected":false},"excerpt":{"rendered":"<p>Ek\u00fcmenik Patrik Bartholomeos ABD ziyareti kapsam\u0131nda ABD Ba\u015fkan\u0131 Joe Biden ve D\u0131\u015fi\u015fleri Bakan\u0131 Antony Blinken ile bir araya geldi. Patrik Bartholomeos ilk olarak D\u0131\u015fi\u015fleri Bakan\u0131 Blinken ile g\u00f6r\u00fc\u015ft\u00fc. Blinken, Bartholomeos ile g\u00f6r\u00fc\u015fmesi sonras\u0131nda yapt\u0131\u011f\u0131 a\u00e7\u0131klamada, &#8220;ABD din \u00f6zg\u00fcrl\u00fc\u011f\u00fc ilkelerini g\u00fc\u00e7l\u00fc bir \u015fekilde savunmaktad\u0131r&#8221; dedi. ABD D\u0131\u015fi\u015fleri Bakanl\u0131\u011f\u0131&#8217;ndan yap\u0131lan a\u00e7\u0131klamada, g\u00f6r\u00fc\u015fmede T\u00fcrkiye&#8217;de 1971 y\u0131l\u0131nda kapat\u0131lan Ruhban [&hellip;]<\/p>\n","protected":false},"author":7,"featured_media":65311,"comment_status":"open","ping_status":"open","sticky":false,"template":"","format":"standard","meta":{"footnotes":""},"categories":[1,53],"tags":[],"class_list":["post-65310","post","type-post","status-publish","format-standard","has-post-thumbnail","hentry","category-haberler","category-turkiyede-azinliklar"],"yoast_head":"<!-- This site is optimized with the Yoast SEO plugin v27.4 - https:\/\/yoast.com\/product\/yoast-seo-wordpress\/ -->\n<title>Patrik Bartholomeos ABD Ba\u015fkan\u0131 Biden ile g\u00f6r\u00fc\u015ft\u00fc - Bati Ermenistan Ve Bati Ermenileri Sorunlari Ara\u015ftirmalar Merkezi<\/title>\n<meta name=\"robots\" content=\"index, follow, max-snippet:-1, max-image-preview:large, max-video-preview:-1\" \/>\n<link rel=\"canonical\" href=\"https:\/\/akunq.net\/tr\/?p=65310\" \/>\n<meta property=\"og:locale\" content=\"en_US\" \/>\n<meta property=\"og:type\" content=\"article\" \/>\n<meta property=\"og:title\" content=\"Patrik Bartholomeos ABD Ba\u015fkan\u0131 Biden ile g\u00f6r\u00fc\u015ft\u00fc - Bati Ermenistan Ve Bati Ermenileri Sorunlari Ara\u015ftirmalar Merkezi\" \/>\n<meta property=\"og:description\" content=\"Ek\u00fcmenik Patrik Bartholomeos ABD ziyareti kapsam\u0131nda ABD Ba\u015fkan\u0131 Joe Biden ve D\u0131\u015fi\u015fleri Bakan\u0131 Antony Blinken ile bir araya geldi. Patrik Bartholomeos ilk olarak D\u0131\u015fi\u015fleri Bakan\u0131 Blinken ile g\u00f6r\u00fc\u015ft\u00fc. Blinken, Bartholomeos ile g\u00f6r\u00fc\u015fmesi sonras\u0131nda yapt\u0131\u011f\u0131 a\u00e7\u0131klamada, &#8220;ABD din \u00f6zg\u00fcrl\u00fc\u011f\u00fc ilkelerini g\u00fc\u00e7l\u00fc bir \u015fekilde savunmaktad\u0131r&#8221; dedi. ABD D\u0131\u015fi\u015fleri Bakanl\u0131\u011f\u0131&#8217;ndan yap\u0131lan a\u00e7\u0131klamada, g\u00f6r\u00fc\u015fmede T\u00fcrkiye&#8217;de 1971 y\u0131l\u0131nda kapat\u0131lan Ruhban [&hellip;]\" \/>\n<meta property=\"og:url\" content=\"https:\/\/akunq.net\/tr\/?p=65310\" \/>\n<meta property=\"og:site_name\" content=\"Bati Ermenistan Ve Bati Ermenileri Sorunlari Ara\u015ftirmalar Merkezi\" \/>\n<meta property=\"article:published_time\" content=\"2021-10-26T10:01:11+00:00\" \/>\n<meta property=\"og:image\" content=\"https:\/\/akunq.net\/tr\/wp-content\/uploads\/sites\/6\/2021\/10\/Patrik-Bartholomeos.jpeg\" \/>\n\t<meta property=\"og:image:width\" content=\"760\" \/>\n\t<meta property=\"og:image:height\" content=\"450\" \/>\n\t<meta property=\"og:image:type\" content=\"image\/jpeg\" \/>\n<meta name=\"author\" content=\"admin\" \/>\n<meta name=\"twitter:card\" content=\"summary_large_image\" \/>\n<meta name=\"twitter:label1\" content=\"Written by\" \/>\n\t<meta name=\"twitter:data1\" content=\"admin\" \/>\n\t<meta name=\"twitter:label2\" content=\"Est. reading time\" \/>\n\t<meta name=\"twitter:data2\" content=\"2 minutes\" \/>\n<script type=\"application\/ld+json\" class=\"yoast-schema-graph\">{\"@context\":\"https:\\\/\\\/schema.org\",\"@graph\":[{\"@type\":\"Article\",\"@id\":\"https:\\\/\\\/akunq.net\\\/tr\\\/?p=65310#article\",\"isPartOf\":{\"@id\":\"https:\\\/\\\/akunq.net\\\/tr\\\/?p=65310\"},\"author\":{\"name\":\"admin\",\"@id\":\"https:\\\/\\\/akunq.net\\\/tr\\\/#\\\/schema\\\/person\\\/096f1d38a12cce57fb855b485ed24c9e\"},\"headline\":\"Patrik Bartholomeos ABD Ba\u015fkan\u0131 Biden ile g\u00f6r\u00fc\u015ft\u00fc\",\"datePublished\":\"2021-10-26T10:01:11+00:00\",\"mainEntityOfPage\":{\"@id\":\"https:\\\/\\\/akunq.net\\\/tr\\\/?p=65310\"},\"wordCount\":477,\"commentCount\":0,\"image\":{\"@id\":\"https:\\\/\\\/akunq.net\\\/tr\\\/?p=65310#primaryimage\"},\"thumbnailUrl\":\"https:\\\/\\\/akunq.net\\\/tr\\\/wp-content\\\/uploads\\\/sites\\\/6\\\/2021\\\/10\\\/Patrik-Bartholomeos.jpeg\",\"articleSection\":[\"Haberler\",\"T\u00fcrkiye\u2019de Az\u0131nl\u0131klar\"],\"inLanguage\":\"en-US\",\"potentialAction\":[{\"@type\":\"CommentAction\",\"name\":\"Comment\",\"target\":[\"https:\\\/\\\/akunq.net\\\/tr\\\/?p=65310#respond\"]}]},{\"@type\":\"WebPage\",\"@id\":\"https:\\\/\\\/akunq.net\\\/tr\\\/?p=65310\",\"url\":\"https:\\\/\\\/akunq.net\\\/tr\\\/?p=65310\",\"name\":\"Patrik Bartholomeos ABD Ba\u015fkan\u0131 Biden ile g\u00f6r\u00fc\u015ft\u00fc - Bati Ermenistan Ve Bati Ermenileri Sorunlari Ara\u015ftirmalar Merkezi\",\"isPartOf\":{\"@id\":\"https:\\\/\\\/akunq.net\\\/tr\\\/#website\"},\"primaryImageOfPage\":{\"@id\":\"https:\\\/\\\/akunq.net\\\/tr\\\/?p=65310#primaryimage\"},\"image\":{\"@id\":\"https:\\\/\\\/akunq.net\\\/tr\\\/?p=65310#primaryimage\"},\"thumbnailUrl\":\"https:\\\/\\\/akunq.net\\\/tr\\\/wp-content\\\/uploads\\\/sites\\\/6\\\/2021\\\/10\\\/Patrik-Bartholomeos.jpeg\",\"datePublished\":\"2021-10-26T10:01:11+00:00\",\"author\":{\"@id\":\"https:\\\/\\\/akunq.net\\\/tr\\\/#\\\/schema\\\/person\\\/096f1d38a12cce57fb855b485ed24c9e\"},\"breadcrumb\":{\"@id\":\"https:\\\/\\\/akunq.net\\\/tr\\\/?p=65310#breadcrumb\"},\"inLanguage\":\"en-US\",\"potentialAction\":[{\"@type\":\"ReadAction\",\"target\":[\"https:\\\/\\\/akunq.net\\\/tr\\\/?p=65310\"]}]},{\"@type\":\"ImageObject\",\"inLanguage\":\"en-US\",\"@id\":\"https:\\\/\\\/akunq.net\\\/tr\\\/?p=65310#primaryimage\",\"url\":\"https:\\\/\\\/akunq.net\\\/tr\\\/wp-content\\\/uploads\\\/sites\\\/6\\\/2021\\\/10\\\/Patrik-Bartholomeos.jpeg\",\"contentUrl\":\"https:\\\/\\\/akunq.net\\\/tr\\\/wp-content\\\/uploads\\\/sites\\\/6\\\/2021\\\/10\\\/Patrik-Bartholomeos.jpeg\",\"width\":760,\"height\":450},{\"@type\":\"BreadcrumbList\",\"@id\":\"https:\\\/\\\/akunq.net\\\/tr\\\/?p=65310#breadcrumb\",\"itemListElement\":[{\"@type\":\"ListItem\",\"position\":1,\"name\":\"Home\",\"item\":\"https:\\\/\\\/akunq.net\\\/tr\"},{\"@type\":\"ListItem\",\"position\":2,\"name\":\"Patrik Bartholomeos ABD Ba\u015fkan\u0131 Biden ile g\u00f6r\u00fc\u015ft\u00fc\"}]},{\"@type\":\"WebSite\",\"@id\":\"https:\\\/\\\/akunq.net\\\/tr\\\/#website\",\"url\":\"https:\\\/\\\/akunq.net\\\/tr\\\/\",\"name\":\"Bati Ermenistan Ve Bati Ermenileri Sorunlari Ara\u015ftirmalar Merkezi\",\"description\":\"\",\"potentialAction\":[{\"@type\":\"SearchAction\",\"target\":{\"@type\":\"EntryPoint\",\"urlTemplate\":\"https:\\\/\\\/akunq.net\\\/tr\\\/?s={search_term_string}\"},\"query-input\":{\"@type\":\"PropertyValueSpecification\",\"valueRequired\":true,\"valueName\":\"search_term_string\"}}],\"inLanguage\":\"en-US\"},{\"@type\":\"Person\",\"@id\":\"https:\\\/\\\/akunq.net\\\/tr\\\/#\\\/schema\\\/person\\\/096f1d38a12cce57fb855b485ed24c9e\",\"name\":\"admin\",\"url\":\"https:\\\/\\\/akunq.net\\\/tr\\\/?author=7\"}]}<\/script>\n<!-- \/ Yoast SEO plugin. -->","yoast_head_json":{"title":"Patrik Bartholomeos ABD Ba\u015fkan\u0131 Biden ile g\u00f6r\u00fc\u015ft\u00fc - Bati Ermenistan Ve Bati Ermenileri Sorunlari Ara\u015ftirmalar Merkezi","robots":{"index":"index","follow":"follow","max-snippet":"max-snippet:-1","max-image-preview":"max-image-preview:large","max-video-preview":"max-video-preview:-1"},"canonical":"https:\/\/akunq.net\/tr\/?p=65310","og_locale":"en_US","og_type":"article","og_title":"Patrik Bartholomeos ABD Ba\u015fkan\u0131 Biden ile g\u00f6r\u00fc\u015ft\u00fc - Bati Ermenistan Ve Bati Ermenileri Sorunlari Ara\u015ftirmalar Merkezi","og_description":"Ek\u00fcmenik Patrik Bartholomeos ABD ziyareti kapsam\u0131nda ABD Ba\u015fkan\u0131 Joe Biden ve D\u0131\u015fi\u015fleri Bakan\u0131 Antony Blinken ile bir araya geldi. Patrik Bartholomeos ilk olarak D\u0131\u015fi\u015fleri Bakan\u0131 Blinken ile g\u00f6r\u00fc\u015ft\u00fc. Blinken, Bartholomeos ile g\u00f6r\u00fc\u015fmesi sonras\u0131nda yapt\u0131\u011f\u0131 a\u00e7\u0131klamada, &#8220;ABD din \u00f6zg\u00fcrl\u00fc\u011f\u00fc ilkelerini g\u00fc\u00e7l\u00fc bir \u015fekilde savunmaktad\u0131r&#8221; dedi. ABD D\u0131\u015fi\u015fleri Bakanl\u0131\u011f\u0131&#8217;ndan yap\u0131lan a\u00e7\u0131klamada, g\u00f6r\u00fc\u015fmede T\u00fcrkiye&#8217;de 1971 y\u0131l\u0131nda kapat\u0131lan Ruhban [&hellip;]","og_url":"https:\/\/akunq.net\/tr\/?p=65310","og_site_name":"Bati Ermenistan Ve Bati Ermenileri Sorunlari Ara\u015ftirmalar Merkezi","article_published_time":"2021-10-26T10:01:11+00:00","og_image":[{"width":760,"height":450,"url":"https:\/\/akunq.net\/tr\/wp-content\/uploads\/sites\/6\/2021\/10\/Patrik-Bartholomeos.jpeg","type":"image\/jpeg"}],"author":"admin","twitter_card":"summary_large_image","twitter_misc":{"Written by":"admin","Est. reading time":"2 minutes"},"schema":{"@context":"https:\/\/schema.org","@graph":[{"@type":"Article","@id":"https:\/\/akunq.net\/tr\/?p=65310#article","isPartOf":{"@id":"https:\/\/akunq.net\/tr\/?p=65310"},"author":{"name":"admin","@id":"https:\/\/akunq.net\/tr\/#\/schema\/person\/096f1d38a12cce57fb855b485ed24c9e"},"headline":"Patrik Bartholomeos ABD Ba\u015fkan\u0131 Biden ile g\u00f6r\u00fc\u015ft\u00fc","datePublished":"2021-10-26T10:01:11+00:00","mainEntityOfPage":{"@id":"https:\/\/akunq.net\/tr\/?p=65310"},"wordCount":477,"commentCount":0,"image":{"@id":"https:\/\/akunq.net\/tr\/?p=65310#primaryimage"},"thumbnailUrl":"https:\/\/akunq.net\/tr\/wp-content\/uploads\/sites\/6\/2021\/10\/Patrik-Bartholomeos.jpeg","articleSection":["Haberler","T\u00fcrkiye\u2019de Az\u0131nl\u0131klar"],"inLanguage":"en-US","potentialAction":[{"@type":"CommentAction","name":"Comment","target":["https:\/\/akunq.net\/tr\/?p=65310#respond"]}]},{"@type":"WebPage","@id":"https:\/\/akunq.net\/tr\/?p=65310","url":"https:\/\/akunq.net\/tr\/?p=65310","name":"Patrik Bartholomeos ABD Ba\u015fkan\u0131 Biden ile g\u00f6r\u00fc\u015ft\u00fc - Bati Ermenistan Ve Bati Ermenileri Sorunlari Ara\u015ftirmalar Merkezi","isPartOf":{"@id":"https:\/\/akunq.net\/tr\/#website"},"primaryImageOfPage":{"@id":"https:\/\/akunq.net\/tr\/?p=65310#primaryimage"},"image":{"@id":"https:\/\/akunq.net\/tr\/?p=65310#primaryimage"},"thumbnailUrl":"https:\/\/akunq.net\/tr\/wp-content\/uploads\/sites\/6\/2021\/10\/Patrik-Bartholomeos.jpeg","datePublished":"2021-10-26T10:01:11+00:00","author":{"@id":"https:\/\/akunq.net\/tr\/#\/schema\/person\/096f1d38a12cce57fb855b485ed24c9e"},"breadcrumb":{"@id":"https:\/\/akunq.net\/tr\/?p=65310#breadcrumb"},"inLanguage":"en-US","potentialAction":[{"@type":"ReadAction","target":["https:\/\/akunq.net\/tr\/?p=65310"]}]},{"@type":"ImageObject","inLanguage":"en-US","@id":"https:\/\/akunq.net\/tr\/?p=65310#primaryimage","url":"https:\/\/akunq.net\/tr\/wp-content\/uploads\/sites\/6\/2021\/10\/Patrik-Bartholomeos.jpeg","contentUrl":"https:\/\/akunq.net\/tr\/wp-content\/uploads\/sites\/6\/2021\/10\/Patrik-Bartholomeos.jpeg","width":760,"height":450},{"@type":"BreadcrumbList","@id":"https:\/\/akunq.net\/tr\/?p=65310#breadcrumb","itemListElement":[{"@type":"ListItem","position":1,"name":"Home","item":"https:\/\/akunq.net\/tr"},{"@type":"ListItem","position":2,"name":"Patrik Bartholomeos ABD Ba\u015fkan\u0131 Biden ile g\u00f6r\u00fc\u015ft\u00fc"}]},{"@type":"WebSite","@id":"https:\/\/akunq.net\/tr\/#website","url":"https:\/\/akunq.net\/tr\/","name":"Bati Ermenistan Ve Bati Ermenileri Sorunlari Ara\u015ftirmalar Merkezi","description":"","potentialAction":[{"@type":"SearchAction","target":{"@type":"EntryPoint","urlTemplate":"https:\/\/akunq.net\/tr\/?s={search_term_string}"},"query-input":{"@type":"PropertyValueSpecification","valueRequired":true,"valueName":"search_term_string"}}],"inLanguage":"en-US"},{"@type":"Person","@id":"https:\/\/akunq.net\/tr\/#\/schema\/person\/096f1d38a12cce57fb855b485ed24c9e","name":"admin","url":"https:\/\/akunq.net\/tr\/?author=7"}]}},"_links":{"self":[{"href":"https:\/\/akunq.net\/tr\/index.php?rest_route=\/wp\/v2\/posts\/65310","targetHints":{"allow":["GET"]}}],"collection":[{"href":"https:\/\/akunq.net\/tr\/index.php?rest_route=\/wp\/v2\/posts"}],"about":[{"href":"https:\/\/akunq.net\/tr\/index.php?rest_route=\/wp\/v2\/types\/post"}],"author":[{"embeddable":true,"href":"https:\/\/akunq.net\/tr\/index.php?rest_route=\/wp\/v2\/users\/7"}],"replies":[{"embeddable":true,"href":"https:\/\/akunq.net\/tr\/index.php?rest_route=%2Fwp%2Fv2%2Fcomments&post=65310"}],"version-history":[{"count":1,"href":"https:\/\/akunq.net\/tr\/index.php?rest_route=\/wp\/v2\/posts\/65310\/revisions"}],"predecessor-version":[{"id":65312,"href":"https:\/\/akunq.net\/tr\/index.php?rest_route=\/wp\/v2\/posts\/65310\/revisions\/65312"}],"wp:featuredmedia":[{"embeddable":true,"href":"https:\/\/akunq.net\/tr\/index.php?rest_route=\/wp\/v2\/media\/65311"}],"wp:attachment":[{"href":"https:\/\/akunq.net\/tr\/index.php?rest_route=%2Fwp%2Fv2%2Fmedia&parent=65310"}],"wp:term":[{"taxonomy":"category","embeddable":true,"href":"https:\/\/akunq.net\/tr\/index.php?rest_route=%2Fwp%2Fv2%2Fcategories&post=65310"},{"taxonomy":"post_tag","embeddable":true,"href":"https:\/\/akunq.net\/tr\/index.php?rest_route=%2Fwp%2Fv2%2Ftags&post=65310"}],"curies":[{"name":"wp","href":"https:\/\/api.w.org\/{rel}","templated":true}]}}