{"id":65307,"date":"2021-10-26T04:40:48","date_gmt":"2021-10-26T09:40:48","guid":{"rendered":"https:\/\/akunq.net\/tr\/?p=65307"},"modified":"2021-10-26T04:40:48","modified_gmt":"2021-10-26T09:40:48","slug":"ermenistan-kibris-cumhuriyetini-desteklemeye-devam-edecektir-alen-simonyan-kibris-disisleri-bakani-ile-gorustu","status":"publish","type":"post","link":"https:\/\/akunq.net\/tr\/?p=65307","title":{"rendered":"Ermenistan, K\u0131br\u0131s Cumhuriyeti&#8217;ni desteklemeye devam edecektir. Alen Simonyan, K\u0131br\u0131s D\u0131\u015fi\u015fleri Bakan\u0131 ile g\u00f6r\u00fc\u015ft\u00fc"},"content":{"rendered":"<div><img loading=\"lazy\" decoding=\"async\" class=\"aligncenter size-medium wp-image-65308\" src=\"https:\/\/akunq.net\/tr\/wp-content\/uploads\/2021\/10\/Ermenistan-Kibris-360x240.gif\" alt=\"\" width=\"360\" height=\"240\" srcset=\"https:\/\/akunq.net\/tr\/wp-content\/uploads\/sites\/6\/2021\/10\/Ermenistan-Kibris-360x240.gif 360w, https:\/\/akunq.net\/tr\/wp-content\/uploads\/sites\/6\/2021\/10\/Ermenistan-Kibris-260x173.gif 260w, https:\/\/akunq.net\/tr\/wp-content\/uploads\/sites\/6\/2021\/10\/Ermenistan-Kibris-160x107.gif 160w\" sizes=\"auto, (max-width: 360px) 100vw, 360px\" \/><\/div>\n<div><strong><em>25 Ekim&#8217;de Ermenistan Parlamento Ba\u015fkan\u0131 Alen Simonyan\u2019\u0131n ba\u015fkanl\u0131\u011f\u0131ndaki heyet K\u0131br\u0131s Cumhuriyeti D\u0131\u015fi\u015fleri Bakan\u0131 Nikos Christodoulides ile bir g\u00f6r\u00fc\u015fme ger\u00e7ekle\u015ftirdi.<\/em><\/strong><\/div>\n<div>\nErmenistan Parlamentosu\u2019ndan yap\u0131lan a\u00e7\u0131klamaya istinaden Armenpress\u2019in aktard\u0131\u011f\u0131na g\u00f6re Alen Simonyan, iki \u00fclkenin ikili ve \u00e7ok tarafl\u0131 boyutlardak\u0131 m\u00fcessir i\u015fbirli\u011fini y\u00fcksek olarak de\u011ferlendirdi. Simonyan, K\u0131br\u0131s-Ermenistan-Yunanistan parlamenter i\u015fbirli\u011finin bir an \u00f6nce ba\u015flat\u0131lmas\u0131na \u00f6zellikle 44 g\u00fcnl\u00fck sava\u015ftan sonra yarat\u0131lan durumda b\u00fcy\u00fck \u00f6nem verdi. Bu ba\u011flamda b\u00f6lgesel g\u00fcvenlik ve istikrar konular\u0131nda g\u00f6r\u00fc\u015f al\u0131\u015fveri\u015finde bulunuldu.<\/p>\n<p>A\u00e7\u0131klamada, \u201cTaraflar K\u0131br\u0131s sorununa da de\u011findiler. Ermenistan Parlamento Ba\u015fkan\u0131, Ermenistan&#8217;\u0131n uluslararas\u0131 \u00f6rg\u00fctlerde K\u0131br\u0131s&#8217;\u0131 desteklemeye devam edece\u011fini ve sorunun BM kararlar\u0131 ilkeleri temelinde m\u00fczakereler yoluyla bar\u0131\u015f\u00e7\u0131l bir \u015fekilde \u00e7\u00f6z\u00fclmesinden yana oldu\u011funu kaydetti. Her iki taraf da i\u015fbirli\u011fini ve dostlu\u011fu daha da g\u00fc\u00e7lendirmek i\u00e7in ellerinden gelenin en iyisini yapmaya karar verdiler. K\u0131br\u0131s D\u0131\u015fi\u015fleri Bakan\u0131, Ermeni cemaatinin K\u0131br\u0131s&#8217;\u0131n kamusal ve siyasi ya\u015fam\u0131ndaki \u00f6nemli rol\u00fcn\u00fcn alt\u0131n\u0131 da \u00e7izdi.\u201d ifadeleri kullan\u0131ld\u0131.<\/p>\n<p>G\u00f6r\u00fc\u015fmede K\u0131br\u0131s ile ekonomi ve turizm alan\u0131nda i\u015fbirli\u011finin \u00f6nemini vurgulayan muhataplar, K\u0131br\u0131s taraf\u0131n\u0131n yat\u0131r\u0131m f\u0131rsatlar\u0131n\u0131 da de\u011ferlendirdiler.<\/p><\/div>\n<div><\/div>\n<div><em><strong>https:\/\/armenpress.am\/tur\/news\/1066426.html\u00a0<\/strong><\/em><\/div>\n","protected":false},"excerpt":{"rendered":"<p>25 Ekim&#8217;de Ermenistan Parlamento Ba\u015fkan\u0131 Alen Simonyan\u2019\u0131n ba\u015fkanl\u0131\u011f\u0131ndaki heyet K\u0131br\u0131s Cumhuriyeti D\u0131\u015fi\u015fleri Bakan\u0131 Nikos Christodoulides ile bir g\u00f6r\u00fc\u015fme ger\u00e7ekle\u015ftirdi. Ermenistan Parlamentosu\u2019ndan yap\u0131lan a\u00e7\u0131klamaya istinaden Armenpress\u2019in aktard\u0131\u011f\u0131na g\u00f6re Alen Simonyan, iki \u00fclkenin ikili ve \u00e7ok tarafl\u0131 boyutlardak\u0131 m\u00fcessir i\u015fbirli\u011fini y\u00fcksek olarak de\u011ferlendirdi. Simonyan, K\u0131br\u0131s-Ermenistan-Yunanistan parlamenter i\u015fbirli\u011finin bir an \u00f6nce ba\u015flat\u0131lmas\u0131na \u00f6zellikle 44 g\u00fcnl\u00fck sava\u015ftan sonra yarat\u0131lan [&hellip;]<\/p>\n","protected":false},"author":7,"featured_media":65308,"comment_status":"open","ping_status":"open","sticky":false,"template":"","format":"standard","meta":{"footnotes":""},"categories":[1],"tags":[],"class_list":["post-65307","post","type-post","status-publish","format-standard","has-post-thumbnail","hentry","category-haberler"],"yoast_head":"<!-- This site is optimized with the Yoast SEO plugin v27.4 - https:\/\/yoast.com\/product\/yoast-seo-wordpress\/ -->\n<title>Ermenistan, K\u0131br\u0131s Cumhuriyeti&#039;ni desteklemeye devam edecektir. Alen Simonyan, K\u0131br\u0131s D\u0131\u015fi\u015fleri Bakan\u0131 ile g\u00f6r\u00fc\u015ft\u00fc - Bati Ermenistan Ve Bati Ermenileri Sorunlari Ara\u015ftirmalar Merkezi<\/title>\n<meta name=\"robots\" content=\"index, follow, max-snippet:-1, max-image-preview:large, max-video-preview:-1\" \/>\n<link rel=\"canonical\" href=\"https:\/\/akunq.net\/tr\/?p=65307\" \/>\n<meta property=\"og:locale\" content=\"en_US\" \/>\n<meta property=\"og:type\" content=\"article\" \/>\n<meta property=\"og:title\" content=\"Ermenistan, K\u0131br\u0131s Cumhuriyeti&#039;ni desteklemeye devam edecektir. Alen Simonyan, K\u0131br\u0131s D\u0131\u015fi\u015fleri Bakan\u0131 ile g\u00f6r\u00fc\u015ft\u00fc - Bati Ermenistan Ve Bati Ermenileri Sorunlari Ara\u015ftirmalar Merkezi\" \/>\n<meta property=\"og:description\" content=\"25 Ekim&#8217;de Ermenistan Parlamento Ba\u015fkan\u0131 Alen Simonyan\u2019\u0131n ba\u015fkanl\u0131\u011f\u0131ndaki heyet K\u0131br\u0131s Cumhuriyeti D\u0131\u015fi\u015fleri Bakan\u0131 Nikos Christodoulides ile bir g\u00f6r\u00fc\u015fme ger\u00e7ekle\u015ftirdi. Ermenistan Parlamentosu\u2019ndan yap\u0131lan a\u00e7\u0131klamaya istinaden Armenpress\u2019in aktard\u0131\u011f\u0131na g\u00f6re Alen Simonyan, iki \u00fclkenin ikili ve \u00e7ok tarafl\u0131 boyutlardak\u0131 m\u00fcessir i\u015fbirli\u011fini y\u00fcksek olarak de\u011ferlendirdi. Simonyan, K\u0131br\u0131s-Ermenistan-Yunanistan parlamenter i\u015fbirli\u011finin bir an \u00f6nce ba\u015flat\u0131lmas\u0131na \u00f6zellikle 44 g\u00fcnl\u00fck sava\u015ftan sonra yarat\u0131lan [&hellip;]\" \/>\n<meta property=\"og:url\" content=\"https:\/\/akunq.net\/tr\/?p=65307\" \/>\n<meta property=\"og:site_name\" content=\"Bati Ermenistan Ve Bati Ermenileri Sorunlari Ara\u015ftirmalar Merkezi\" \/>\n<meta property=\"article:published_time\" content=\"2021-10-26T09:40:48+00:00\" \/>\n<meta property=\"og:image\" content=\"https:\/\/akunq.net\/tr\/wp-content\/uploads\/sites\/6\/2021\/10\/Ermenistan-Kibris.gif\" \/>\n\t<meta property=\"og:image:width\" content=\"450\" \/>\n\t<meta property=\"og:image:height\" content=\"300\" \/>\n\t<meta property=\"og:image:type\" content=\"image\/gif\" \/>\n<meta name=\"author\" content=\"admin\" \/>\n<meta name=\"twitter:card\" content=\"summary_large_image\" \/>\n<meta name=\"twitter:label1\" content=\"Written by\" \/>\n\t<meta name=\"twitter:data1\" content=\"admin\" \/>\n\t<meta name=\"twitter:label2\" content=\"Est. reading time\" \/>\n\t<meta name=\"twitter:data2\" content=\"1 minute\" \/>\n<script type=\"application\/ld+json\" class=\"yoast-schema-graph\">{\"@context\":\"https:\\\/\\\/schema.org\",\"@graph\":[{\"@type\":\"Article\",\"@id\":\"https:\\\/\\\/akunq.net\\\/tr\\\/?p=65307#article\",\"isPartOf\":{\"@id\":\"https:\\\/\\\/akunq.net\\\/tr\\\/?p=65307\"},\"author\":{\"name\":\"admin\",\"@id\":\"https:\\\/\\\/akunq.net\\\/tr\\\/#\\\/schema\\\/person\\\/096f1d38a12cce57fb855b485ed24c9e\"},\"headline\":\"Ermenistan, K\u0131br\u0131s Cumhuriyeti&#8217;ni desteklemeye devam edecektir. Alen Simonyan, K\u0131br\u0131s D\u0131\u015fi\u015fleri Bakan\u0131 ile g\u00f6r\u00fc\u015ft\u00fc\",\"datePublished\":\"2021-10-26T09:40:48+00:00\",\"mainEntityOfPage\":{\"@id\":\"https:\\\/\\\/akunq.net\\\/tr\\\/?p=65307\"},\"wordCount\":268,\"commentCount\":0,\"image\":{\"@id\":\"https:\\\/\\\/akunq.net\\\/tr\\\/?p=65307#primaryimage\"},\"thumbnailUrl\":\"https:\\\/\\\/akunq.net\\\/tr\\\/wp-content\\\/uploads\\\/sites\\\/6\\\/2021\\\/10\\\/Ermenistan-Kibris.gif\",\"articleSection\":[\"Haberler\"],\"inLanguage\":\"en-US\",\"potentialAction\":[{\"@type\":\"CommentAction\",\"name\":\"Comment\",\"target\":[\"https:\\\/\\\/akunq.net\\\/tr\\\/?p=65307#respond\"]}]},{\"@type\":\"WebPage\",\"@id\":\"https:\\\/\\\/akunq.net\\\/tr\\\/?p=65307\",\"url\":\"https:\\\/\\\/akunq.net\\\/tr\\\/?p=65307\",\"name\":\"Ermenistan, K\u0131br\u0131s Cumhuriyeti'ni desteklemeye devam edecektir. Alen Simonyan, K\u0131br\u0131s D\u0131\u015fi\u015fleri Bakan\u0131 ile g\u00f6r\u00fc\u015ft\u00fc - Bati Ermenistan Ve Bati Ermenileri Sorunlari Ara\u015ftirmalar Merkezi\",\"isPartOf\":{\"@id\":\"https:\\\/\\\/akunq.net\\\/tr\\\/#website\"},\"primaryImageOfPage\":{\"@id\":\"https:\\\/\\\/akunq.net\\\/tr\\\/?p=65307#primaryimage\"},\"image\":{\"@id\":\"https:\\\/\\\/akunq.net\\\/tr\\\/?p=65307#primaryimage\"},\"thumbnailUrl\":\"https:\\\/\\\/akunq.net\\\/tr\\\/wp-content\\\/uploads\\\/sites\\\/6\\\/2021\\\/10\\\/Ermenistan-Kibris.gif\",\"datePublished\":\"2021-10-26T09:40:48+00:00\",\"author\":{\"@id\":\"https:\\\/\\\/akunq.net\\\/tr\\\/#\\\/schema\\\/person\\\/096f1d38a12cce57fb855b485ed24c9e\"},\"breadcrumb\":{\"@id\":\"https:\\\/\\\/akunq.net\\\/tr\\\/?p=65307#breadcrumb\"},\"inLanguage\":\"en-US\",\"potentialAction\":[{\"@type\":\"ReadAction\",\"target\":[\"https:\\\/\\\/akunq.net\\\/tr\\\/?p=65307\"]}]},{\"@type\":\"ImageObject\",\"inLanguage\":\"en-US\",\"@id\":\"https:\\\/\\\/akunq.net\\\/tr\\\/?p=65307#primaryimage\",\"url\":\"https:\\\/\\\/akunq.net\\\/tr\\\/wp-content\\\/uploads\\\/sites\\\/6\\\/2021\\\/10\\\/Ermenistan-Kibris.gif\",\"contentUrl\":\"https:\\\/\\\/akunq.net\\\/tr\\\/wp-content\\\/uploads\\\/sites\\\/6\\\/2021\\\/10\\\/Ermenistan-Kibris.gif\",\"width\":450,\"height\":300},{\"@type\":\"BreadcrumbList\",\"@id\":\"https:\\\/\\\/akunq.net\\\/tr\\\/?p=65307#breadcrumb\",\"itemListElement\":[{\"@type\":\"ListItem\",\"position\":1,\"name\":\"Home\",\"item\":\"https:\\\/\\\/akunq.net\\\/tr\"},{\"@type\":\"ListItem\",\"position\":2,\"name\":\"Ermenistan, K\u0131br\u0131s Cumhuriyeti&#8217;ni desteklemeye devam edecektir. Alen Simonyan, K\u0131br\u0131s D\u0131\u015fi\u015fleri Bakan\u0131 ile g\u00f6r\u00fc\u015ft\u00fc\"}]},{\"@type\":\"WebSite\",\"@id\":\"https:\\\/\\\/akunq.net\\\/tr\\\/#website\",\"url\":\"https:\\\/\\\/akunq.net\\\/tr\\\/\",\"name\":\"Bati Ermenistan Ve Bati Ermenileri Sorunlari Ara\u015ftirmalar Merkezi\",\"description\":\"\",\"potentialAction\":[{\"@type\":\"SearchAction\",\"target\":{\"@type\":\"EntryPoint\",\"urlTemplate\":\"https:\\\/\\\/akunq.net\\\/tr\\\/?s={search_term_string}\"},\"query-input\":{\"@type\":\"PropertyValueSpecification\",\"valueRequired\":true,\"valueName\":\"search_term_string\"}}],\"inLanguage\":\"en-US\"},{\"@type\":\"Person\",\"@id\":\"https:\\\/\\\/akunq.net\\\/tr\\\/#\\\/schema\\\/person\\\/096f1d38a12cce57fb855b485ed24c9e\",\"name\":\"admin\",\"url\":\"https:\\\/\\\/akunq.net\\\/tr\\\/?author=7\"}]}<\/script>\n<!-- \/ Yoast SEO plugin. -->","yoast_head_json":{"title":"Ermenistan, K\u0131br\u0131s Cumhuriyeti'ni desteklemeye devam edecektir. Alen Simonyan, K\u0131br\u0131s D\u0131\u015fi\u015fleri Bakan\u0131 ile g\u00f6r\u00fc\u015ft\u00fc - Bati Ermenistan Ve Bati Ermenileri Sorunlari Ara\u015ftirmalar Merkezi","robots":{"index":"index","follow":"follow","max-snippet":"max-snippet:-1","max-image-preview":"max-image-preview:large","max-video-preview":"max-video-preview:-1"},"canonical":"https:\/\/akunq.net\/tr\/?p=65307","og_locale":"en_US","og_type":"article","og_title":"Ermenistan, K\u0131br\u0131s Cumhuriyeti'ni desteklemeye devam edecektir. Alen Simonyan, K\u0131br\u0131s D\u0131\u015fi\u015fleri Bakan\u0131 ile g\u00f6r\u00fc\u015ft\u00fc - Bati Ermenistan Ve Bati Ermenileri Sorunlari Ara\u015ftirmalar Merkezi","og_description":"25 Ekim&#8217;de Ermenistan Parlamento Ba\u015fkan\u0131 Alen Simonyan\u2019\u0131n ba\u015fkanl\u0131\u011f\u0131ndaki heyet K\u0131br\u0131s Cumhuriyeti D\u0131\u015fi\u015fleri Bakan\u0131 Nikos Christodoulides ile bir g\u00f6r\u00fc\u015fme ger\u00e7ekle\u015ftirdi. Ermenistan Parlamentosu\u2019ndan yap\u0131lan a\u00e7\u0131klamaya istinaden Armenpress\u2019in aktard\u0131\u011f\u0131na g\u00f6re Alen Simonyan, iki \u00fclkenin ikili ve \u00e7ok tarafl\u0131 boyutlardak\u0131 m\u00fcessir i\u015fbirli\u011fini y\u00fcksek olarak de\u011ferlendirdi. Simonyan, K\u0131br\u0131s-Ermenistan-Yunanistan parlamenter i\u015fbirli\u011finin bir an \u00f6nce ba\u015flat\u0131lmas\u0131na \u00f6zellikle 44 g\u00fcnl\u00fck sava\u015ftan sonra yarat\u0131lan [&hellip;]","og_url":"https:\/\/akunq.net\/tr\/?p=65307","og_site_name":"Bati Ermenistan Ve Bati Ermenileri Sorunlari Ara\u015ftirmalar Merkezi","article_published_time":"2021-10-26T09:40:48+00:00","og_image":[{"width":450,"height":300,"url":"https:\/\/akunq.net\/tr\/wp-content\/uploads\/sites\/6\/2021\/10\/Ermenistan-Kibris.gif","type":"image\/gif"}],"author":"admin","twitter_card":"summary_large_image","twitter_misc":{"Written by":"admin","Est. reading time":"1 minute"},"schema":{"@context":"https:\/\/schema.org","@graph":[{"@type":"Article","@id":"https:\/\/akunq.net\/tr\/?p=65307#article","isPartOf":{"@id":"https:\/\/akunq.net\/tr\/?p=65307"},"author":{"name":"admin","@id":"https:\/\/akunq.net\/tr\/#\/schema\/person\/096f1d38a12cce57fb855b485ed24c9e"},"headline":"Ermenistan, K\u0131br\u0131s Cumhuriyeti&#8217;ni desteklemeye devam edecektir. Alen Simonyan, K\u0131br\u0131s D\u0131\u015fi\u015fleri Bakan\u0131 ile g\u00f6r\u00fc\u015ft\u00fc","datePublished":"2021-10-26T09:40:48+00:00","mainEntityOfPage":{"@id":"https:\/\/akunq.net\/tr\/?p=65307"},"wordCount":268,"commentCount":0,"image":{"@id":"https:\/\/akunq.net\/tr\/?p=65307#primaryimage"},"thumbnailUrl":"https:\/\/akunq.net\/tr\/wp-content\/uploads\/sites\/6\/2021\/10\/Ermenistan-Kibris.gif","articleSection":["Haberler"],"inLanguage":"en-US","potentialAction":[{"@type":"CommentAction","name":"Comment","target":["https:\/\/akunq.net\/tr\/?p=65307#respond"]}]},{"@type":"WebPage","@id":"https:\/\/akunq.net\/tr\/?p=65307","url":"https:\/\/akunq.net\/tr\/?p=65307","name":"Ermenistan, K\u0131br\u0131s Cumhuriyeti'ni desteklemeye devam edecektir. Alen Simonyan, K\u0131br\u0131s D\u0131\u015fi\u015fleri Bakan\u0131 ile g\u00f6r\u00fc\u015ft\u00fc - Bati Ermenistan Ve Bati Ermenileri Sorunlari Ara\u015ftirmalar Merkezi","isPartOf":{"@id":"https:\/\/akunq.net\/tr\/#website"},"primaryImageOfPage":{"@id":"https:\/\/akunq.net\/tr\/?p=65307#primaryimage"},"image":{"@id":"https:\/\/akunq.net\/tr\/?p=65307#primaryimage"},"thumbnailUrl":"https:\/\/akunq.net\/tr\/wp-content\/uploads\/sites\/6\/2021\/10\/Ermenistan-Kibris.gif","datePublished":"2021-10-26T09:40:48+00:00","author":{"@id":"https:\/\/akunq.net\/tr\/#\/schema\/person\/096f1d38a12cce57fb855b485ed24c9e"},"breadcrumb":{"@id":"https:\/\/akunq.net\/tr\/?p=65307#breadcrumb"},"inLanguage":"en-US","potentialAction":[{"@type":"ReadAction","target":["https:\/\/akunq.net\/tr\/?p=65307"]}]},{"@type":"ImageObject","inLanguage":"en-US","@id":"https:\/\/akunq.net\/tr\/?p=65307#primaryimage","url":"https:\/\/akunq.net\/tr\/wp-content\/uploads\/sites\/6\/2021\/10\/Ermenistan-Kibris.gif","contentUrl":"https:\/\/akunq.net\/tr\/wp-content\/uploads\/sites\/6\/2021\/10\/Ermenistan-Kibris.gif","width":450,"height":300},{"@type":"BreadcrumbList","@id":"https:\/\/akunq.net\/tr\/?p=65307#breadcrumb","itemListElement":[{"@type":"ListItem","position":1,"name":"Home","item":"https:\/\/akunq.net\/tr"},{"@type":"ListItem","position":2,"name":"Ermenistan, K\u0131br\u0131s Cumhuriyeti&#8217;ni desteklemeye devam edecektir. Alen Simonyan, K\u0131br\u0131s D\u0131\u015fi\u015fleri Bakan\u0131 ile g\u00f6r\u00fc\u015ft\u00fc"}]},{"@type":"WebSite","@id":"https:\/\/akunq.net\/tr\/#website","url":"https:\/\/akunq.net\/tr\/","name":"Bati Ermenistan Ve Bati Ermenileri Sorunlari Ara\u015ftirmalar Merkezi","description":"","potentialAction":[{"@type":"SearchAction","target":{"@type":"EntryPoint","urlTemplate":"https:\/\/akunq.net\/tr\/?s={search_term_string}"},"query-input":{"@type":"PropertyValueSpecification","valueRequired":true,"valueName":"search_term_string"}}],"inLanguage":"en-US"},{"@type":"Person","@id":"https:\/\/akunq.net\/tr\/#\/schema\/person\/096f1d38a12cce57fb855b485ed24c9e","name":"admin","url":"https:\/\/akunq.net\/tr\/?author=7"}]}},"_links":{"self":[{"href":"https:\/\/akunq.net\/tr\/index.php?rest_route=\/wp\/v2\/posts\/65307","targetHints":{"allow":["GET"]}}],"collection":[{"href":"https:\/\/akunq.net\/tr\/index.php?rest_route=\/wp\/v2\/posts"}],"about":[{"href":"https:\/\/akunq.net\/tr\/index.php?rest_route=\/wp\/v2\/types\/post"}],"author":[{"embeddable":true,"href":"https:\/\/akunq.net\/tr\/index.php?rest_route=\/wp\/v2\/users\/7"}],"replies":[{"embeddable":true,"href":"https:\/\/akunq.net\/tr\/index.php?rest_route=%2Fwp%2Fv2%2Fcomments&post=65307"}],"version-history":[{"count":1,"href":"https:\/\/akunq.net\/tr\/index.php?rest_route=\/wp\/v2\/posts\/65307\/revisions"}],"predecessor-version":[{"id":65309,"href":"https:\/\/akunq.net\/tr\/index.php?rest_route=\/wp\/v2\/posts\/65307\/revisions\/65309"}],"wp:featuredmedia":[{"embeddable":true,"href":"https:\/\/akunq.net\/tr\/index.php?rest_route=\/wp\/v2\/media\/65308"}],"wp:attachment":[{"href":"https:\/\/akunq.net\/tr\/index.php?rest_route=%2Fwp%2Fv2%2Fmedia&parent=65307"}],"wp:term":[{"taxonomy":"category","embeddable":true,"href":"https:\/\/akunq.net\/tr\/index.php?rest_route=%2Fwp%2Fv2%2Fcategories&post=65307"},{"taxonomy":"post_tag","embeddable":true,"href":"https:\/\/akunq.net\/tr\/index.php?rest_route=%2Fwp%2Fv2%2Ftags&post=65307"}],"curies":[{"name":"wp","href":"https:\/\/api.w.org\/{rel}","templated":true}]}}