{"id":65301,"date":"2021-10-26T04:08:13","date_gmt":"2021-10-26T09:08:13","guid":{"rendered":"https:\/\/akunq.net\/tr\/?p=65301"},"modified":"2021-10-26T04:08:13","modified_gmt":"2021-10-26T09:08:13","slug":"avusturyali-milletvekili-azerbaycani-alenen-kinama-cagrisinda-bulundu","status":"publish","type":"post","link":"https:\/\/akunq.net\/tr\/?p=65301","title":{"rendered":"Avusturyal\u0131 milletvekili, Azerbaycan\u2019\u0131 alenen k\u0131nama \u00e7a\u011fr\u0131s\u0131nda bulundu"},"content":{"rendered":"<p><img loading=\"lazy\" decoding=\"async\" class=\"aligncenter size-medium wp-image-65302\" src=\"https:\/\/akunq.net\/tr\/wp-content\/uploads\/2021\/10\/Joel-Fitzgibbon-360x202.jpg\" alt=\"\" width=\"360\" height=\"202\" srcset=\"https:\/\/akunq.net\/tr\/wp-content\/uploads\/sites\/6\/2021\/10\/Joel-Fitzgibbon-360x202.jpg 360w, https:\/\/akunq.net\/tr\/wp-content\/uploads\/sites\/6\/2021\/10\/Joel-Fitzgibbon-768x431.jpg 768w, https:\/\/akunq.net\/tr\/wp-content\/uploads\/sites\/6\/2021\/10\/Joel-Fitzgibbon-560x314.jpg 560w, https:\/\/akunq.net\/tr\/wp-content\/uploads\/sites\/6\/2021\/10\/Joel-Fitzgibbon-260x146.jpg 260w, https:\/\/akunq.net\/tr\/wp-content\/uploads\/sites\/6\/2021\/10\/Joel-Fitzgibbon-160x90.jpg 160w, https:\/\/akunq.net\/tr\/wp-content\/uploads\/sites\/6\/2021\/10\/Joel-Fitzgibbon.jpg 790w\" sizes=\"auto, (max-width: 360px) 100vw, 360px\" \/><\/p>\n<p><strong><em>Avustralya\u2019n\u0131n eski Savunma Bakan\u0131, milletvekili Joel Fitzgibbon, \u00fclkesinin h\u00fck\u00fcmetini, Azerbaycan\u2019\u0131n sava\u015f meyilli eylemlerini ve sava\u015f su\u00e7lar\u0131n\u0131 alenen k\u0131namaya \u00e7a\u011f\u0131rd\u0131.<\/em><\/strong><\/p>\n<p>Avustralya Ermeni Davas\u0131 Konseyi\u2019nden yap\u0131lan a\u00e7\u0131klamaya g\u00f6re Fitzgibbon, \u201cFransa, ABD gibi birtak\u0131m devletler ve Avrupa Parlamentosu gibi uluslararas\u0131 kurumlar, Azerbaycan taraf\u0131ndan uluslararas\u0131 hukukun ihlallerini hakl\u0131 olarak alennen k\u0131nad\u0131. Biz de Artsakh\u2019taki durum hakk\u0131ndaki yakla\u015f\u0131m\u0131m\u0131z\u0131 ifade etmeli ve Artsakh halk\u0131n\u0131n kendi kaderini tayin hakk\u0131n\u0131 tan\u0131mal\u0131y\u0131z\u201d ifadelerini kulland\u0131.<\/p>\n<p>Azerbaycan\u2019\u0131n sald\u0131r\u0131s\u0131n\u0131n, 5000 Ermeni gencin can\u0131n\u0131 ald\u0131\u011f\u0131n\u0131 vurgulayan milletvekili, Azerbaycan g\u00fc\u00e7lerinin, y\u00fczlerce okul ve ibadethane dahil sivil altyap\u0131lar\u0131 yok etti\u011fini, 100.000 sivil vatanda\u015f\u0131 yerlerinden etti\u011fini hat\u0131rlatt\u0131.<\/p>\n<p><strong><em><a href=\"https:\/\/www.ermenihaber.am\/tr\/news\/2021\/10\/25\/Avusturya-Azerbaycan-Karaba%C4%9F\/218193\">https:\/\/www.ermenihaber.am\/tr\/news\/2021\/10\/25\/Avusturya-Azerbaycan-Karaba\u011f\/218193<\/a>\u00a0<\/em><\/strong><\/p>\n","protected":false},"excerpt":{"rendered":"<p>Avustralya\u2019n\u0131n eski Savunma Bakan\u0131, milletvekili Joel Fitzgibbon, \u00fclkesinin h\u00fck\u00fcmetini, Azerbaycan\u2019\u0131n sava\u015f meyilli eylemlerini ve sava\u015f su\u00e7lar\u0131n\u0131 alenen k\u0131namaya \u00e7a\u011f\u0131rd\u0131. Avustralya Ermeni Davas\u0131 Konseyi\u2019nden yap\u0131lan a\u00e7\u0131klamaya g\u00f6re Fitzgibbon, \u201cFransa, ABD gibi birtak\u0131m devletler ve Avrupa Parlamentosu gibi uluslararas\u0131 kurumlar, Azerbaycan taraf\u0131ndan uluslararas\u0131 hukukun ihlallerini hakl\u0131 olarak alennen k\u0131nad\u0131. Biz de Artsakh\u2019taki durum hakk\u0131ndaki yakla\u015f\u0131m\u0131m\u0131z\u0131 ifade etmeli [&hellip;]<\/p>\n","protected":false},"author":7,"featured_media":65302,"comment_status":"open","ping_status":"open","sticky":false,"template":"","format":"standard","meta":{"footnotes":""},"categories":[1],"tags":[],"class_list":["post-65301","post","type-post","status-publish","format-standard","has-post-thumbnail","hentry","category-haberler"],"yoast_head":"<!-- This site is optimized with the Yoast SEO plugin v27.4 - https:\/\/yoast.com\/product\/yoast-seo-wordpress\/ -->\n<title>Avusturyal\u0131 milletvekili, Azerbaycan\u2019\u0131 alenen k\u0131nama \u00e7a\u011fr\u0131s\u0131nda bulundu - Bati Ermenistan Ve Bati Ermenileri Sorunlari Ara\u015ftirmalar Merkezi<\/title>\n<meta name=\"robots\" content=\"index, follow, max-snippet:-1, max-image-preview:large, max-video-preview:-1\" \/>\n<link rel=\"canonical\" href=\"https:\/\/akunq.net\/tr\/?p=65301\" \/>\n<meta property=\"og:locale\" content=\"en_US\" \/>\n<meta property=\"og:type\" content=\"article\" \/>\n<meta property=\"og:title\" content=\"Avusturyal\u0131 milletvekili, Azerbaycan\u2019\u0131 alenen k\u0131nama \u00e7a\u011fr\u0131s\u0131nda bulundu - Bati Ermenistan Ve Bati Ermenileri Sorunlari Ara\u015ftirmalar Merkezi\" \/>\n<meta property=\"og:description\" content=\"Avustralya\u2019n\u0131n eski Savunma Bakan\u0131, milletvekili Joel Fitzgibbon, \u00fclkesinin h\u00fck\u00fcmetini, Azerbaycan\u2019\u0131n sava\u015f meyilli eylemlerini ve sava\u015f su\u00e7lar\u0131n\u0131 alenen k\u0131namaya \u00e7a\u011f\u0131rd\u0131. Avustralya Ermeni Davas\u0131 Konseyi\u2019nden yap\u0131lan a\u00e7\u0131klamaya g\u00f6re Fitzgibbon, \u201cFransa, ABD gibi birtak\u0131m devletler ve Avrupa Parlamentosu gibi uluslararas\u0131 kurumlar, Azerbaycan taraf\u0131ndan uluslararas\u0131 hukukun ihlallerini hakl\u0131 olarak alennen k\u0131nad\u0131. Biz de Artsakh\u2019taki durum hakk\u0131ndaki yakla\u015f\u0131m\u0131m\u0131z\u0131 ifade etmeli [&hellip;]\" \/>\n<meta property=\"og:url\" content=\"https:\/\/akunq.net\/tr\/?p=65301\" \/>\n<meta property=\"og:site_name\" content=\"Bati Ermenistan Ve Bati Ermenileri Sorunlari Ara\u015ftirmalar Merkezi\" \/>\n<meta property=\"article:published_time\" content=\"2021-10-26T09:08:13+00:00\" \/>\n<meta property=\"og:image\" content=\"https:\/\/akunq.net\/tr\/wp-content\/uploads\/sites\/6\/2021\/10\/Joel-Fitzgibbon.jpg\" \/>\n\t<meta property=\"og:image:width\" content=\"790\" \/>\n\t<meta property=\"og:image:height\" content=\"443\" \/>\n\t<meta property=\"og:image:type\" content=\"image\/jpeg\" \/>\n<meta name=\"author\" content=\"admin\" \/>\n<meta name=\"twitter:card\" content=\"summary_large_image\" \/>\n<meta name=\"twitter:label1\" content=\"Written by\" \/>\n\t<meta name=\"twitter:data1\" content=\"admin\" \/>\n\t<meta name=\"twitter:label2\" content=\"Est. reading time\" \/>\n\t<meta name=\"twitter:data2\" content=\"1 minute\" \/>\n<script type=\"application\/ld+json\" class=\"yoast-schema-graph\">{\"@context\":\"https:\\\/\\\/schema.org\",\"@graph\":[{\"@type\":\"Article\",\"@id\":\"https:\\\/\\\/akunq.net\\\/tr\\\/?p=65301#article\",\"isPartOf\":{\"@id\":\"https:\\\/\\\/akunq.net\\\/tr\\\/?p=65301\"},\"author\":{\"name\":\"admin\",\"@id\":\"https:\\\/\\\/akunq.net\\\/tr\\\/#\\\/schema\\\/person\\\/096f1d38a12cce57fb855b485ed24c9e\"},\"headline\":\"Avusturyal\u0131 milletvekili, Azerbaycan\u2019\u0131 alenen k\u0131nama \u00e7a\u011fr\u0131s\u0131nda bulundu\",\"datePublished\":\"2021-10-26T09:08:13+00:00\",\"mainEntityOfPage\":{\"@id\":\"https:\\\/\\\/akunq.net\\\/tr\\\/?p=65301\"},\"wordCount\":147,\"commentCount\":0,\"image\":{\"@id\":\"https:\\\/\\\/akunq.net\\\/tr\\\/?p=65301#primaryimage\"},\"thumbnailUrl\":\"https:\\\/\\\/akunq.net\\\/tr\\\/wp-content\\\/uploads\\\/sites\\\/6\\\/2021\\\/10\\\/Joel-Fitzgibbon.jpg\",\"articleSection\":[\"Haberler\"],\"inLanguage\":\"en-US\",\"potentialAction\":[{\"@type\":\"CommentAction\",\"name\":\"Comment\",\"target\":[\"https:\\\/\\\/akunq.net\\\/tr\\\/?p=65301#respond\"]}]},{\"@type\":\"WebPage\",\"@id\":\"https:\\\/\\\/akunq.net\\\/tr\\\/?p=65301\",\"url\":\"https:\\\/\\\/akunq.net\\\/tr\\\/?p=65301\",\"name\":\"Avusturyal\u0131 milletvekili, Azerbaycan\u2019\u0131 alenen k\u0131nama \u00e7a\u011fr\u0131s\u0131nda bulundu - Bati Ermenistan Ve Bati Ermenileri Sorunlari Ara\u015ftirmalar Merkezi\",\"isPartOf\":{\"@id\":\"https:\\\/\\\/akunq.net\\\/tr\\\/#website\"},\"primaryImageOfPage\":{\"@id\":\"https:\\\/\\\/akunq.net\\\/tr\\\/?p=65301#primaryimage\"},\"image\":{\"@id\":\"https:\\\/\\\/akunq.net\\\/tr\\\/?p=65301#primaryimage\"},\"thumbnailUrl\":\"https:\\\/\\\/akunq.net\\\/tr\\\/wp-content\\\/uploads\\\/sites\\\/6\\\/2021\\\/10\\\/Joel-Fitzgibbon.jpg\",\"datePublished\":\"2021-10-26T09:08:13+00:00\",\"author\":{\"@id\":\"https:\\\/\\\/akunq.net\\\/tr\\\/#\\\/schema\\\/person\\\/096f1d38a12cce57fb855b485ed24c9e\"},\"breadcrumb\":{\"@id\":\"https:\\\/\\\/akunq.net\\\/tr\\\/?p=65301#breadcrumb\"},\"inLanguage\":\"en-US\",\"potentialAction\":[{\"@type\":\"ReadAction\",\"target\":[\"https:\\\/\\\/akunq.net\\\/tr\\\/?p=65301\"]}]},{\"@type\":\"ImageObject\",\"inLanguage\":\"en-US\",\"@id\":\"https:\\\/\\\/akunq.net\\\/tr\\\/?p=65301#primaryimage\",\"url\":\"https:\\\/\\\/akunq.net\\\/tr\\\/wp-content\\\/uploads\\\/sites\\\/6\\\/2021\\\/10\\\/Joel-Fitzgibbon.jpg\",\"contentUrl\":\"https:\\\/\\\/akunq.net\\\/tr\\\/wp-content\\\/uploads\\\/sites\\\/6\\\/2021\\\/10\\\/Joel-Fitzgibbon.jpg\",\"width\":790,\"height\":443},{\"@type\":\"BreadcrumbList\",\"@id\":\"https:\\\/\\\/akunq.net\\\/tr\\\/?p=65301#breadcrumb\",\"itemListElement\":[{\"@type\":\"ListItem\",\"position\":1,\"name\":\"Home\",\"item\":\"https:\\\/\\\/akunq.net\\\/tr\"},{\"@type\":\"ListItem\",\"position\":2,\"name\":\"Avusturyal\u0131 milletvekili, Azerbaycan\u2019\u0131 alenen k\u0131nama \u00e7a\u011fr\u0131s\u0131nda bulundu\"}]},{\"@type\":\"WebSite\",\"@id\":\"https:\\\/\\\/akunq.net\\\/tr\\\/#website\",\"url\":\"https:\\\/\\\/akunq.net\\\/tr\\\/\",\"name\":\"Bati Ermenistan Ve Bati Ermenileri Sorunlari Ara\u015ftirmalar Merkezi\",\"description\":\"\",\"potentialAction\":[{\"@type\":\"SearchAction\",\"target\":{\"@type\":\"EntryPoint\",\"urlTemplate\":\"https:\\\/\\\/akunq.net\\\/tr\\\/?s={search_term_string}\"},\"query-input\":{\"@type\":\"PropertyValueSpecification\",\"valueRequired\":true,\"valueName\":\"search_term_string\"}}],\"inLanguage\":\"en-US\"},{\"@type\":\"Person\",\"@id\":\"https:\\\/\\\/akunq.net\\\/tr\\\/#\\\/schema\\\/person\\\/096f1d38a12cce57fb855b485ed24c9e\",\"name\":\"admin\",\"url\":\"https:\\\/\\\/akunq.net\\\/tr\\\/?author=7\"}]}<\/script>\n<!-- \/ Yoast SEO plugin. -->","yoast_head_json":{"title":"Avusturyal\u0131 milletvekili, Azerbaycan\u2019\u0131 alenen k\u0131nama \u00e7a\u011fr\u0131s\u0131nda bulundu - Bati Ermenistan Ve Bati Ermenileri Sorunlari Ara\u015ftirmalar Merkezi","robots":{"index":"index","follow":"follow","max-snippet":"max-snippet:-1","max-image-preview":"max-image-preview:large","max-video-preview":"max-video-preview:-1"},"canonical":"https:\/\/akunq.net\/tr\/?p=65301","og_locale":"en_US","og_type":"article","og_title":"Avusturyal\u0131 milletvekili, Azerbaycan\u2019\u0131 alenen k\u0131nama \u00e7a\u011fr\u0131s\u0131nda bulundu - Bati Ermenistan Ve Bati Ermenileri Sorunlari Ara\u015ftirmalar Merkezi","og_description":"Avustralya\u2019n\u0131n eski Savunma Bakan\u0131, milletvekili Joel Fitzgibbon, \u00fclkesinin h\u00fck\u00fcmetini, Azerbaycan\u2019\u0131n sava\u015f meyilli eylemlerini ve sava\u015f su\u00e7lar\u0131n\u0131 alenen k\u0131namaya \u00e7a\u011f\u0131rd\u0131. Avustralya Ermeni Davas\u0131 Konseyi\u2019nden yap\u0131lan a\u00e7\u0131klamaya g\u00f6re Fitzgibbon, \u201cFransa, ABD gibi birtak\u0131m devletler ve Avrupa Parlamentosu gibi uluslararas\u0131 kurumlar, Azerbaycan taraf\u0131ndan uluslararas\u0131 hukukun ihlallerini hakl\u0131 olarak alennen k\u0131nad\u0131. Biz de Artsakh\u2019taki durum hakk\u0131ndaki yakla\u015f\u0131m\u0131m\u0131z\u0131 ifade etmeli [&hellip;]","og_url":"https:\/\/akunq.net\/tr\/?p=65301","og_site_name":"Bati Ermenistan Ve Bati Ermenileri Sorunlari Ara\u015ftirmalar Merkezi","article_published_time":"2021-10-26T09:08:13+00:00","og_image":[{"width":790,"height":443,"url":"https:\/\/akunq.net\/tr\/wp-content\/uploads\/sites\/6\/2021\/10\/Joel-Fitzgibbon.jpg","type":"image\/jpeg"}],"author":"admin","twitter_card":"summary_large_image","twitter_misc":{"Written by":"admin","Est. reading time":"1 minute"},"schema":{"@context":"https:\/\/schema.org","@graph":[{"@type":"Article","@id":"https:\/\/akunq.net\/tr\/?p=65301#article","isPartOf":{"@id":"https:\/\/akunq.net\/tr\/?p=65301"},"author":{"name":"admin","@id":"https:\/\/akunq.net\/tr\/#\/schema\/person\/096f1d38a12cce57fb855b485ed24c9e"},"headline":"Avusturyal\u0131 milletvekili, Azerbaycan\u2019\u0131 alenen k\u0131nama \u00e7a\u011fr\u0131s\u0131nda bulundu","datePublished":"2021-10-26T09:08:13+00:00","mainEntityOfPage":{"@id":"https:\/\/akunq.net\/tr\/?p=65301"},"wordCount":147,"commentCount":0,"image":{"@id":"https:\/\/akunq.net\/tr\/?p=65301#primaryimage"},"thumbnailUrl":"https:\/\/akunq.net\/tr\/wp-content\/uploads\/sites\/6\/2021\/10\/Joel-Fitzgibbon.jpg","articleSection":["Haberler"],"inLanguage":"en-US","potentialAction":[{"@type":"CommentAction","name":"Comment","target":["https:\/\/akunq.net\/tr\/?p=65301#respond"]}]},{"@type":"WebPage","@id":"https:\/\/akunq.net\/tr\/?p=65301","url":"https:\/\/akunq.net\/tr\/?p=65301","name":"Avusturyal\u0131 milletvekili, Azerbaycan\u2019\u0131 alenen k\u0131nama \u00e7a\u011fr\u0131s\u0131nda bulundu - Bati Ermenistan Ve Bati Ermenileri Sorunlari Ara\u015ftirmalar Merkezi","isPartOf":{"@id":"https:\/\/akunq.net\/tr\/#website"},"primaryImageOfPage":{"@id":"https:\/\/akunq.net\/tr\/?p=65301#primaryimage"},"image":{"@id":"https:\/\/akunq.net\/tr\/?p=65301#primaryimage"},"thumbnailUrl":"https:\/\/akunq.net\/tr\/wp-content\/uploads\/sites\/6\/2021\/10\/Joel-Fitzgibbon.jpg","datePublished":"2021-10-26T09:08:13+00:00","author":{"@id":"https:\/\/akunq.net\/tr\/#\/schema\/person\/096f1d38a12cce57fb855b485ed24c9e"},"breadcrumb":{"@id":"https:\/\/akunq.net\/tr\/?p=65301#breadcrumb"},"inLanguage":"en-US","potentialAction":[{"@type":"ReadAction","target":["https:\/\/akunq.net\/tr\/?p=65301"]}]},{"@type":"ImageObject","inLanguage":"en-US","@id":"https:\/\/akunq.net\/tr\/?p=65301#primaryimage","url":"https:\/\/akunq.net\/tr\/wp-content\/uploads\/sites\/6\/2021\/10\/Joel-Fitzgibbon.jpg","contentUrl":"https:\/\/akunq.net\/tr\/wp-content\/uploads\/sites\/6\/2021\/10\/Joel-Fitzgibbon.jpg","width":790,"height":443},{"@type":"BreadcrumbList","@id":"https:\/\/akunq.net\/tr\/?p=65301#breadcrumb","itemListElement":[{"@type":"ListItem","position":1,"name":"Home","item":"https:\/\/akunq.net\/tr"},{"@type":"ListItem","position":2,"name":"Avusturyal\u0131 milletvekili, Azerbaycan\u2019\u0131 alenen k\u0131nama \u00e7a\u011fr\u0131s\u0131nda bulundu"}]},{"@type":"WebSite","@id":"https:\/\/akunq.net\/tr\/#website","url":"https:\/\/akunq.net\/tr\/","name":"Bati Ermenistan Ve Bati Ermenileri Sorunlari Ara\u015ftirmalar Merkezi","description":"","potentialAction":[{"@type":"SearchAction","target":{"@type":"EntryPoint","urlTemplate":"https:\/\/akunq.net\/tr\/?s={search_term_string}"},"query-input":{"@type":"PropertyValueSpecification","valueRequired":true,"valueName":"search_term_string"}}],"inLanguage":"en-US"},{"@type":"Person","@id":"https:\/\/akunq.net\/tr\/#\/schema\/person\/096f1d38a12cce57fb855b485ed24c9e","name":"admin","url":"https:\/\/akunq.net\/tr\/?author=7"}]}},"_links":{"self":[{"href":"https:\/\/akunq.net\/tr\/index.php?rest_route=\/wp\/v2\/posts\/65301","targetHints":{"allow":["GET"]}}],"collection":[{"href":"https:\/\/akunq.net\/tr\/index.php?rest_route=\/wp\/v2\/posts"}],"about":[{"href":"https:\/\/akunq.net\/tr\/index.php?rest_route=\/wp\/v2\/types\/post"}],"author":[{"embeddable":true,"href":"https:\/\/akunq.net\/tr\/index.php?rest_route=\/wp\/v2\/users\/7"}],"replies":[{"embeddable":true,"href":"https:\/\/akunq.net\/tr\/index.php?rest_route=%2Fwp%2Fv2%2Fcomments&post=65301"}],"version-history":[{"count":1,"href":"https:\/\/akunq.net\/tr\/index.php?rest_route=\/wp\/v2\/posts\/65301\/revisions"}],"predecessor-version":[{"id":65303,"href":"https:\/\/akunq.net\/tr\/index.php?rest_route=\/wp\/v2\/posts\/65301\/revisions\/65303"}],"wp:featuredmedia":[{"embeddable":true,"href":"https:\/\/akunq.net\/tr\/index.php?rest_route=\/wp\/v2\/media\/65302"}],"wp:attachment":[{"href":"https:\/\/akunq.net\/tr\/index.php?rest_route=%2Fwp%2Fv2%2Fmedia&parent=65301"}],"wp:term":[{"taxonomy":"category","embeddable":true,"href":"https:\/\/akunq.net\/tr\/index.php?rest_route=%2Fwp%2Fv2%2Fcategories&post=65301"},{"taxonomy":"post_tag","embeddable":true,"href":"https:\/\/akunq.net\/tr\/index.php?rest_route=%2Fwp%2Fv2%2Ftags&post=65301"}],"curies":[{"name":"wp","href":"https:\/\/api.w.org\/{rel}","templated":true}]}}