{"id":65298,"date":"2021-10-26T03:53:22","date_gmt":"2021-10-26T08:53:22","guid":{"rendered":"https:\/\/akunq.net\/tr\/?p=65298"},"modified":"2021-10-26T03:53:22","modified_gmt":"2021-10-26T08:53:22","slug":"binlerce-yillik-hasuni-magaralari-cop-oldu","status":"publish","type":"post","link":"https:\/\/akunq.net\/tr\/?p=65298","title":{"rendered":"Binlerce y\u0131ll\u0131k Hasuni Ma\u011faralar\u0131 \u00e7\u00f6p oldu!"},"content":{"rendered":"<p><img loading=\"lazy\" decoding=\"async\" class=\"aligncenter size-medium wp-image-65299\" src=\"https:\/\/akunq.net\/tr\/wp-content\/uploads\/2021\/10\/Hasuni-Ma\u011faralar\u0131-360x186.jpg\" alt=\"\" width=\"360\" height=\"186\" srcset=\"https:\/\/akunq.net\/tr\/wp-content\/uploads\/sites\/6\/2021\/10\/Hasuni-Ma\u011faralar\u0131-360x186.jpg 360w, https:\/\/akunq.net\/tr\/wp-content\/uploads\/sites\/6\/2021\/10\/Hasuni-Ma\u011faralar\u0131-560x289.jpg 560w, https:\/\/akunq.net\/tr\/wp-content\/uploads\/sites\/6\/2021\/10\/Hasuni-Ma\u011faralar\u0131-260x134.jpg 260w, https:\/\/akunq.net\/tr\/wp-content\/uploads\/sites\/6\/2021\/10\/Hasuni-Ma\u011faralar\u0131-160x83.jpg 160w, https:\/\/akunq.net\/tr\/wp-content\/uploads\/sites\/6\/2021\/10\/Hasuni-Ma\u011faralar\u0131.jpg 620w\" sizes=\"auto, (max-width: 360px) 100vw, 360px\" \/><\/p>\n<p><em><strong>D\u0130YARBAKIR\u2019\u0131n Silvan il\u00e7esine 6 kilometre uzakl\u0131ktaki, milattan \u00f6nce 1000 ile 13\u2019\u00fcnc\u00fc y\u00fczy\u0131la ait kal\u0131nt\u0131lar bulunan Hasuni Ma\u011faralar\u0131 ile \u0130ncesu k\u00f6y\u00fc aras\u0131ndaki \u00e7\u00f6p alan\u0131ndan \u00e7\u0131kan koku ve duman, turistleri de k\u00f6yl\u00fcleri de rahats\u0131z ediyor.<\/strong><\/em><\/p>\n<p>D\u0130YARBAKIR\u2019\u0131n Silvan il\u00e7esine 6 kilometre uzakl\u0131ktaki, milattan \u00f6nce 1000 ile 13\u2019\u00fcnc\u00fc y\u00fczy\u0131la ait kal\u0131nt\u0131lar bulunan Hasuni Ma\u011faralar\u0131 ile \u0130ncesu k\u00f6y\u00fc aras\u0131ndaki \u00e7\u00f6p alan\u0131ndan \u00e7\u0131kan koku ve duman, turistleri de k\u00f6yl\u00fcleri de rahats\u0131z ediyor. K\u00f6yl\u00fcler ma\u011faralara ve k\u00f6ye yakla\u015f\u0131k 500 metre mesafede olan \u00e7\u00f6p alan\u0131n\u0131n ba\u015fka bir yere ta\u015f\u0131nmas\u0131n\u0131 istiyor.<\/p>\n<p>Silvan\u2019a 6 kilometre uzakl\u0131ktaki Albat Da\u011f\u0131 eteklerinde bulunan ve Anadolu\u2019nun en eski yerle\u015fim yerlerinden olan Hasuni Ma\u011faralar\u0131, 300\u2019den fazla odas\u0131 ve kiliseleriyle kentin \u00f6nemli turizm noktalar\u0131ndan biri durumunda. Yakla\u015f\u0131k 10 kilometre uzakl\u0131ktaki tarihi Malabadi K\u00f6pr\u00fcs\u00fc ile de u\u011frak mekanlardan olan ve Yontma Ta\u015f Devri\u2019nde kurulan Hasuni Ma\u011faralar\u0131, 2012 y\u0131l\u0131nda S\u0130T alan\u0131 olarak ilan edildi. \u0130\u00e7erisinde su depolar\u0131, hamam, kaya merdivenleri, ta\u015f d\u00f6\u015feme yollar\u0131, kaya kilisesi ve kilisenin yan\u0131ndaki amfi tiyatroyla bir\u00e7ok d\u00f6nemin izlerini ta\u015f\u0131yan Hasuni Ma\u011faralar\u0131\u2019n\u0131n turizme kazand\u0131r\u0131lmas\u0131 beklenirken, buraya gitmek i\u00e7in yap\u0131lan yan yolun kar\u015f\u0131s\u0131ndaki \u00e7\u00f6p alan\u0131 hem turistleri hem de yolun kar\u015f\u0131s\u0131ndaki \u0130ncesu k\u00f6yl\u00fclerini rahats\u0131z ediyor. Ma\u011faralar ile k\u00f6y aras\u0131ndaki \u00e7\u00f6pl\u00fck alandan \u00e7\u0131kan duman ve k\u00f6t\u00fc koku nedeniyle rahats\u0131zl\u0131klar\u0131n\u0131 dile getiren k\u00f6yl\u00fcler, \u00e7\u00f6plerin ba\u015fka yere d\u00f6k\u00fclmesini istiyor.<\/p>\n<p><strong>&#8217;20 SENED\u0130R B\u00d6YLE\u2019<\/strong><\/p>\n<p>\u0130ncesu k\u00f6y\u00fcnden E\u015fref Ery\u0131lmaz, \u00e7\u00f6pten \u00e7\u0131kan koku ve duman\u0131n rahats\u0131zl\u0131k verdi\u011fini belirterek, \u201cBu \u00e7\u00f6plerden dolay\u0131 rahats\u0131z oluyoruz. \u00c7\u00f6p\u00fcn kald\u0131r\u0131lmas\u0131 bizim i\u00e7in daha iyi olacak. Yakla\u015f\u0131k 20 senedir burada. Biz de rahats\u0131z oluyoruz bu durumdan, turistler de rahats\u0131z oluyor. Ke\u015fke bu \u00e7\u00f6pl\u00fck alan\u0131 buradan kald\u0131rsalar\u201d dedi.<\/p>\n<p>Hasuni Ma\u011faralar\u0131\u2019n\u0131n i\u015fletmecisi Aslan Bak\u0131r, ma\u011faralar\u0131n tarihiyle ilgili bilgi vererek, \u201c2012 y\u0131l\u0131nda Silvan Kaymakaml\u0131\u011f\u0131 K\u00f6ylere Hizmet G\u00f6t\u00fcrme Birli\u011fi taraf\u0131ndan Hasuni koruma alt\u0131na al\u0131nd\u0131. 629 metrekare alan\u0131 tellerle \u00e7evrilmi\u015f vaziyette. Birinci derece arkeolojik S\u0130T alan\u0131 olarak ge\u00e7iyor. Anadolu\u2019nun ilk tarihi yerle\u015fkelerinden bir tanesi. Konum itibar\u0131yla Hasuni Vadisi\u2019nde kurulu bir yer. En y\u00fcksek tepesinde kurulan bir yer. Hasuni\u2019de yakla\u015f\u0131k 300 ma\u011fara var. Ma\u011faralar\u0131n \u00e7o\u011fu dubleks, tripleks \u015feklinde birbirine ba\u011fl\u0131. \u0130\u00e7inde hava d\u00f6ng\u00fcs\u00fc var. Hava d\u00f6ng\u00fcs\u00fcnden dolay\u0131 ya\u015fama \u00e7ok elveri\u015fli bir yer. Onun d\u0131\u015f\u0131nda da\u011f oyularak su sarn\u0131\u00e7lar\u0131 yap\u0131lm\u0131\u015f. Hasuni Vadisi\u2019nin en \u00fcst noktas\u0131na giden ta\u015flar oyularak merdiven yap\u0131lm\u0131\u015f. Yap\u0131lan merdivenle Hasuni Vadisi\u2019nde ovan\u0131n tamam\u0131na hakim tepeden ku\u015f bak\u0131\u015f\u0131 g\u00f6r\u00fcnt\u00fcye sahip olabiliyorsunuz. Ayr\u0131ca 2 kilisemiz var. Biri Silvan\u2019a \u00f6zg\u00fc kesme ta\u015flar yap\u0131lm\u0131\u015f ta\u015f kilise. Bir kilisemiz de ma\u011fara kilisesi. Hristiyanl\u0131\u011f\u0131n yay\u0131ld\u0131\u011f\u0131 d\u00f6nemde kullan\u0131ld\u0131\u011f\u0131 varsay\u0131l\u0131yor. 17\u2019nci y\u00fczy\u0131la kadar da kiliseler aktif olarak kullan\u0131lm\u0131\u015f. Hasuni, turizm alan\u0131 olarak a\u00e7\u0131k durumdad\u0131r. Herkesi bekliyoruz\u201d diye konu\u015ftu.<\/p>\n<p><em><strong>(DHA)<\/strong><\/em><\/p>\n<p><em><strong><a href=\"https:\/\/www.guneydoguekspres.com\/guncel\/binlerce-yillik-hasuni-magaralari-cop-oldu-h21572.html\">https:\/\/www.guneydoguekspres.com\/guncel\/binlerce-yillik-hasuni-magaralari-cop-oldu-h21572.html<\/a>\u00a0<\/strong><\/em><\/p>\n","protected":false},"excerpt":{"rendered":"<p>D\u0130YARBAKIR\u2019\u0131n Silvan il\u00e7esine 6 kilometre uzakl\u0131ktaki, milattan \u00f6nce 1000 ile 13\u2019\u00fcnc\u00fc y\u00fczy\u0131la ait kal\u0131nt\u0131lar bulunan Hasuni Ma\u011faralar\u0131 ile \u0130ncesu k\u00f6y\u00fc aras\u0131ndaki \u00e7\u00f6p alan\u0131ndan \u00e7\u0131kan koku ve duman, turistleri de k\u00f6yl\u00fcleri de rahats\u0131z ediyor. D\u0130YARBAKIR\u2019\u0131n Silvan il\u00e7esine 6 kilometre uzakl\u0131ktaki, milattan \u00f6nce 1000 ile 13\u2019\u00fcnc\u00fc y\u00fczy\u0131la ait kal\u0131nt\u0131lar bulunan Hasuni Ma\u011faralar\u0131 ile \u0130ncesu k\u00f6y\u00fc aras\u0131ndaki \u00e7\u00f6p [&hellip;]<\/p>\n","protected":false},"author":7,"featured_media":65299,"comment_status":"open","ping_status":"open","sticky":false,"template":"","format":"standard","meta":{"footnotes":""},"categories":[22,1],"tags":[],"class_list":["post-65298","post","type-post","status-publish","format-standard","has-post-thumbnail","hentry","category-gunumuzde-bati-ermenistan","category-haberler"],"yoast_head":"<!-- This site is optimized with the Yoast SEO plugin v27.4 - https:\/\/yoast.com\/product\/yoast-seo-wordpress\/ -->\n<title>Binlerce y\u0131ll\u0131k Hasuni Ma\u011faralar\u0131 \u00e7\u00f6p oldu! - Bati Ermenistan Ve Bati Ermenileri Sorunlari Ara\u015ftirmalar Merkezi<\/title>\n<meta name=\"robots\" content=\"index, follow, max-snippet:-1, max-image-preview:large, max-video-preview:-1\" \/>\n<link rel=\"canonical\" href=\"https:\/\/akunq.net\/tr\/?p=65298\" \/>\n<meta property=\"og:locale\" content=\"en_US\" \/>\n<meta property=\"og:type\" content=\"article\" \/>\n<meta property=\"og:title\" content=\"Binlerce y\u0131ll\u0131k Hasuni Ma\u011faralar\u0131 \u00e7\u00f6p oldu! - Bati Ermenistan Ve Bati Ermenileri Sorunlari Ara\u015ftirmalar Merkezi\" \/>\n<meta property=\"og:description\" content=\"D\u0130YARBAKIR\u2019\u0131n Silvan il\u00e7esine 6 kilometre uzakl\u0131ktaki, milattan \u00f6nce 1000 ile 13\u2019\u00fcnc\u00fc y\u00fczy\u0131la ait kal\u0131nt\u0131lar bulunan Hasuni Ma\u011faralar\u0131 ile \u0130ncesu k\u00f6y\u00fc aras\u0131ndaki \u00e7\u00f6p alan\u0131ndan \u00e7\u0131kan koku ve duman, turistleri de k\u00f6yl\u00fcleri de rahats\u0131z ediyor. D\u0130YARBAKIR\u2019\u0131n Silvan il\u00e7esine 6 kilometre uzakl\u0131ktaki, milattan \u00f6nce 1000 ile 13\u2019\u00fcnc\u00fc y\u00fczy\u0131la ait kal\u0131nt\u0131lar bulunan Hasuni Ma\u011faralar\u0131 ile \u0130ncesu k\u00f6y\u00fc aras\u0131ndaki \u00e7\u00f6p [&hellip;]\" \/>\n<meta property=\"og:url\" content=\"https:\/\/akunq.net\/tr\/?p=65298\" \/>\n<meta property=\"og:site_name\" content=\"Bati Ermenistan Ve Bati Ermenileri Sorunlari Ara\u015ftirmalar Merkezi\" \/>\n<meta property=\"article:published_time\" content=\"2021-10-26T08:53:22+00:00\" \/>\n<meta property=\"og:image\" content=\"https:\/\/akunq.net\/tr\/wp-content\/uploads\/sites\/6\/2021\/10\/Hasuni-Ma\u011faralar\u0131.jpg\" \/>\n\t<meta property=\"og:image:width\" content=\"620\" \/>\n\t<meta property=\"og:image:height\" content=\"320\" \/>\n\t<meta property=\"og:image:type\" content=\"image\/jpeg\" \/>\n<meta name=\"author\" content=\"admin\" \/>\n<meta name=\"twitter:card\" content=\"summary_large_image\" \/>\n<meta name=\"twitter:label1\" content=\"Written by\" \/>\n\t<meta name=\"twitter:data1\" content=\"admin\" \/>\n\t<meta name=\"twitter:label2\" content=\"Est. reading time\" \/>\n\t<meta name=\"twitter:data2\" content=\"3 minutes\" \/>\n<script type=\"application\/ld+json\" class=\"yoast-schema-graph\">{\"@context\":\"https:\\\/\\\/schema.org\",\"@graph\":[{\"@type\":\"Article\",\"@id\":\"https:\\\/\\\/akunq.net\\\/tr\\\/?p=65298#article\",\"isPartOf\":{\"@id\":\"https:\\\/\\\/akunq.net\\\/tr\\\/?p=65298\"},\"author\":{\"name\":\"admin\",\"@id\":\"https:\\\/\\\/akunq.net\\\/tr\\\/#\\\/schema\\\/person\\\/096f1d38a12cce57fb855b485ed24c9e\"},\"headline\":\"Binlerce y\u0131ll\u0131k Hasuni Ma\u011faralar\u0131 \u00e7\u00f6p oldu!\",\"datePublished\":\"2021-10-26T08:53:22+00:00\",\"mainEntityOfPage\":{\"@id\":\"https:\\\/\\\/akunq.net\\\/tr\\\/?p=65298\"},\"wordCount\":579,\"commentCount\":0,\"image\":{\"@id\":\"https:\\\/\\\/akunq.net\\\/tr\\\/?p=65298#primaryimage\"},\"thumbnailUrl\":\"https:\\\/\\\/akunq.net\\\/tr\\\/wp-content\\\/uploads\\\/sites\\\/6\\\/2021\\\/10\\\/Hasuni-Ma\u011faralar\u0131.jpg\",\"articleSection\":[\"G\u00fcn\u00fcm\u00fczde Bat\u0131 Ermenistan\",\"Haberler\"],\"inLanguage\":\"en-US\",\"potentialAction\":[{\"@type\":\"CommentAction\",\"name\":\"Comment\",\"target\":[\"https:\\\/\\\/akunq.net\\\/tr\\\/?p=65298#respond\"]}]},{\"@type\":\"WebPage\",\"@id\":\"https:\\\/\\\/akunq.net\\\/tr\\\/?p=65298\",\"url\":\"https:\\\/\\\/akunq.net\\\/tr\\\/?p=65298\",\"name\":\"Binlerce y\u0131ll\u0131k Hasuni Ma\u011faralar\u0131 \u00e7\u00f6p oldu! - Bati Ermenistan Ve Bati Ermenileri Sorunlari Ara\u015ftirmalar Merkezi\",\"isPartOf\":{\"@id\":\"https:\\\/\\\/akunq.net\\\/tr\\\/#website\"},\"primaryImageOfPage\":{\"@id\":\"https:\\\/\\\/akunq.net\\\/tr\\\/?p=65298#primaryimage\"},\"image\":{\"@id\":\"https:\\\/\\\/akunq.net\\\/tr\\\/?p=65298#primaryimage\"},\"thumbnailUrl\":\"https:\\\/\\\/akunq.net\\\/tr\\\/wp-content\\\/uploads\\\/sites\\\/6\\\/2021\\\/10\\\/Hasuni-Ma\u011faralar\u0131.jpg\",\"datePublished\":\"2021-10-26T08:53:22+00:00\",\"author\":{\"@id\":\"https:\\\/\\\/akunq.net\\\/tr\\\/#\\\/schema\\\/person\\\/096f1d38a12cce57fb855b485ed24c9e\"},\"breadcrumb\":{\"@id\":\"https:\\\/\\\/akunq.net\\\/tr\\\/?p=65298#breadcrumb\"},\"inLanguage\":\"en-US\",\"potentialAction\":[{\"@type\":\"ReadAction\",\"target\":[\"https:\\\/\\\/akunq.net\\\/tr\\\/?p=65298\"]}]},{\"@type\":\"ImageObject\",\"inLanguage\":\"en-US\",\"@id\":\"https:\\\/\\\/akunq.net\\\/tr\\\/?p=65298#primaryimage\",\"url\":\"https:\\\/\\\/akunq.net\\\/tr\\\/wp-content\\\/uploads\\\/sites\\\/6\\\/2021\\\/10\\\/Hasuni-Ma\u011faralar\u0131.jpg\",\"contentUrl\":\"https:\\\/\\\/akunq.net\\\/tr\\\/wp-content\\\/uploads\\\/sites\\\/6\\\/2021\\\/10\\\/Hasuni-Ma\u011faralar\u0131.jpg\",\"width\":620,\"height\":320},{\"@type\":\"BreadcrumbList\",\"@id\":\"https:\\\/\\\/akunq.net\\\/tr\\\/?p=65298#breadcrumb\",\"itemListElement\":[{\"@type\":\"ListItem\",\"position\":1,\"name\":\"Home\",\"item\":\"https:\\\/\\\/akunq.net\\\/tr\"},{\"@type\":\"ListItem\",\"position\":2,\"name\":\"Binlerce y\u0131ll\u0131k Hasuni Ma\u011faralar\u0131 \u00e7\u00f6p oldu!\"}]},{\"@type\":\"WebSite\",\"@id\":\"https:\\\/\\\/akunq.net\\\/tr\\\/#website\",\"url\":\"https:\\\/\\\/akunq.net\\\/tr\\\/\",\"name\":\"Bati Ermenistan Ve Bati Ermenileri Sorunlari Ara\u015ftirmalar Merkezi\",\"description\":\"\",\"potentialAction\":[{\"@type\":\"SearchAction\",\"target\":{\"@type\":\"EntryPoint\",\"urlTemplate\":\"https:\\\/\\\/akunq.net\\\/tr\\\/?s={search_term_string}\"},\"query-input\":{\"@type\":\"PropertyValueSpecification\",\"valueRequired\":true,\"valueName\":\"search_term_string\"}}],\"inLanguage\":\"en-US\"},{\"@type\":\"Person\",\"@id\":\"https:\\\/\\\/akunq.net\\\/tr\\\/#\\\/schema\\\/person\\\/096f1d38a12cce57fb855b485ed24c9e\",\"name\":\"admin\",\"url\":\"https:\\\/\\\/akunq.net\\\/tr\\\/?author=7\"}]}<\/script>\n<!-- \/ Yoast SEO plugin. -->","yoast_head_json":{"title":"Binlerce y\u0131ll\u0131k Hasuni Ma\u011faralar\u0131 \u00e7\u00f6p oldu! - Bati Ermenistan Ve Bati Ermenileri Sorunlari Ara\u015ftirmalar Merkezi","robots":{"index":"index","follow":"follow","max-snippet":"max-snippet:-1","max-image-preview":"max-image-preview:large","max-video-preview":"max-video-preview:-1"},"canonical":"https:\/\/akunq.net\/tr\/?p=65298","og_locale":"en_US","og_type":"article","og_title":"Binlerce y\u0131ll\u0131k Hasuni Ma\u011faralar\u0131 \u00e7\u00f6p oldu! - Bati Ermenistan Ve Bati Ermenileri Sorunlari Ara\u015ftirmalar Merkezi","og_description":"D\u0130YARBAKIR\u2019\u0131n Silvan il\u00e7esine 6 kilometre uzakl\u0131ktaki, milattan \u00f6nce 1000 ile 13\u2019\u00fcnc\u00fc y\u00fczy\u0131la ait kal\u0131nt\u0131lar bulunan Hasuni Ma\u011faralar\u0131 ile \u0130ncesu k\u00f6y\u00fc aras\u0131ndaki \u00e7\u00f6p alan\u0131ndan \u00e7\u0131kan koku ve duman, turistleri de k\u00f6yl\u00fcleri de rahats\u0131z ediyor. D\u0130YARBAKIR\u2019\u0131n Silvan il\u00e7esine 6 kilometre uzakl\u0131ktaki, milattan \u00f6nce 1000 ile 13\u2019\u00fcnc\u00fc y\u00fczy\u0131la ait kal\u0131nt\u0131lar bulunan Hasuni Ma\u011faralar\u0131 ile \u0130ncesu k\u00f6y\u00fc aras\u0131ndaki \u00e7\u00f6p [&hellip;]","og_url":"https:\/\/akunq.net\/tr\/?p=65298","og_site_name":"Bati Ermenistan Ve Bati Ermenileri Sorunlari Ara\u015ftirmalar Merkezi","article_published_time":"2021-10-26T08:53:22+00:00","og_image":[{"width":620,"height":320,"url":"https:\/\/akunq.net\/tr\/wp-content\/uploads\/sites\/6\/2021\/10\/Hasuni-Ma\u011faralar\u0131.jpg","type":"image\/jpeg"}],"author":"admin","twitter_card":"summary_large_image","twitter_misc":{"Written by":"admin","Est. reading time":"3 minutes"},"schema":{"@context":"https:\/\/schema.org","@graph":[{"@type":"Article","@id":"https:\/\/akunq.net\/tr\/?p=65298#article","isPartOf":{"@id":"https:\/\/akunq.net\/tr\/?p=65298"},"author":{"name":"admin","@id":"https:\/\/akunq.net\/tr\/#\/schema\/person\/096f1d38a12cce57fb855b485ed24c9e"},"headline":"Binlerce y\u0131ll\u0131k Hasuni Ma\u011faralar\u0131 \u00e7\u00f6p oldu!","datePublished":"2021-10-26T08:53:22+00:00","mainEntityOfPage":{"@id":"https:\/\/akunq.net\/tr\/?p=65298"},"wordCount":579,"commentCount":0,"image":{"@id":"https:\/\/akunq.net\/tr\/?p=65298#primaryimage"},"thumbnailUrl":"https:\/\/akunq.net\/tr\/wp-content\/uploads\/sites\/6\/2021\/10\/Hasuni-Ma\u011faralar\u0131.jpg","articleSection":["G\u00fcn\u00fcm\u00fczde Bat\u0131 Ermenistan","Haberler"],"inLanguage":"en-US","potentialAction":[{"@type":"CommentAction","name":"Comment","target":["https:\/\/akunq.net\/tr\/?p=65298#respond"]}]},{"@type":"WebPage","@id":"https:\/\/akunq.net\/tr\/?p=65298","url":"https:\/\/akunq.net\/tr\/?p=65298","name":"Binlerce y\u0131ll\u0131k Hasuni Ma\u011faralar\u0131 \u00e7\u00f6p oldu! - Bati Ermenistan Ve Bati Ermenileri Sorunlari Ara\u015ftirmalar Merkezi","isPartOf":{"@id":"https:\/\/akunq.net\/tr\/#website"},"primaryImageOfPage":{"@id":"https:\/\/akunq.net\/tr\/?p=65298#primaryimage"},"image":{"@id":"https:\/\/akunq.net\/tr\/?p=65298#primaryimage"},"thumbnailUrl":"https:\/\/akunq.net\/tr\/wp-content\/uploads\/sites\/6\/2021\/10\/Hasuni-Ma\u011faralar\u0131.jpg","datePublished":"2021-10-26T08:53:22+00:00","author":{"@id":"https:\/\/akunq.net\/tr\/#\/schema\/person\/096f1d38a12cce57fb855b485ed24c9e"},"breadcrumb":{"@id":"https:\/\/akunq.net\/tr\/?p=65298#breadcrumb"},"inLanguage":"en-US","potentialAction":[{"@type":"ReadAction","target":["https:\/\/akunq.net\/tr\/?p=65298"]}]},{"@type":"ImageObject","inLanguage":"en-US","@id":"https:\/\/akunq.net\/tr\/?p=65298#primaryimage","url":"https:\/\/akunq.net\/tr\/wp-content\/uploads\/sites\/6\/2021\/10\/Hasuni-Ma\u011faralar\u0131.jpg","contentUrl":"https:\/\/akunq.net\/tr\/wp-content\/uploads\/sites\/6\/2021\/10\/Hasuni-Ma\u011faralar\u0131.jpg","width":620,"height":320},{"@type":"BreadcrumbList","@id":"https:\/\/akunq.net\/tr\/?p=65298#breadcrumb","itemListElement":[{"@type":"ListItem","position":1,"name":"Home","item":"https:\/\/akunq.net\/tr"},{"@type":"ListItem","position":2,"name":"Binlerce y\u0131ll\u0131k Hasuni Ma\u011faralar\u0131 \u00e7\u00f6p oldu!"}]},{"@type":"WebSite","@id":"https:\/\/akunq.net\/tr\/#website","url":"https:\/\/akunq.net\/tr\/","name":"Bati Ermenistan Ve Bati Ermenileri Sorunlari Ara\u015ftirmalar Merkezi","description":"","potentialAction":[{"@type":"SearchAction","target":{"@type":"EntryPoint","urlTemplate":"https:\/\/akunq.net\/tr\/?s={search_term_string}"},"query-input":{"@type":"PropertyValueSpecification","valueRequired":true,"valueName":"search_term_string"}}],"inLanguage":"en-US"},{"@type":"Person","@id":"https:\/\/akunq.net\/tr\/#\/schema\/person\/096f1d38a12cce57fb855b485ed24c9e","name":"admin","url":"https:\/\/akunq.net\/tr\/?author=7"}]}},"_links":{"self":[{"href":"https:\/\/akunq.net\/tr\/index.php?rest_route=\/wp\/v2\/posts\/65298","targetHints":{"allow":["GET"]}}],"collection":[{"href":"https:\/\/akunq.net\/tr\/index.php?rest_route=\/wp\/v2\/posts"}],"about":[{"href":"https:\/\/akunq.net\/tr\/index.php?rest_route=\/wp\/v2\/types\/post"}],"author":[{"embeddable":true,"href":"https:\/\/akunq.net\/tr\/index.php?rest_route=\/wp\/v2\/users\/7"}],"replies":[{"embeddable":true,"href":"https:\/\/akunq.net\/tr\/index.php?rest_route=%2Fwp%2Fv2%2Fcomments&post=65298"}],"version-history":[{"count":1,"href":"https:\/\/akunq.net\/tr\/index.php?rest_route=\/wp\/v2\/posts\/65298\/revisions"}],"predecessor-version":[{"id":65300,"href":"https:\/\/akunq.net\/tr\/index.php?rest_route=\/wp\/v2\/posts\/65298\/revisions\/65300"}],"wp:featuredmedia":[{"embeddable":true,"href":"https:\/\/akunq.net\/tr\/index.php?rest_route=\/wp\/v2\/media\/65299"}],"wp:attachment":[{"href":"https:\/\/akunq.net\/tr\/index.php?rest_route=%2Fwp%2Fv2%2Fmedia&parent=65298"}],"wp:term":[{"taxonomy":"category","embeddable":true,"href":"https:\/\/akunq.net\/tr\/index.php?rest_route=%2Fwp%2Fv2%2Fcategories&post=65298"},{"taxonomy":"post_tag","embeddable":true,"href":"https:\/\/akunq.net\/tr\/index.php?rest_route=%2Fwp%2Fv2%2Ftags&post=65298"}],"curies":[{"name":"wp","href":"https:\/\/api.w.org\/{rel}","templated":true}]}}