{"id":65288,"date":"2021-10-25T03:30:42","date_gmt":"2021-10-25T08:30:42","guid":{"rendered":"https:\/\/akunq.net\/tr\/?p=65288"},"modified":"2021-10-25T03:30:42","modified_gmt":"2021-10-25T08:30:42","slug":"kuraklik-van-golunun-10-kilometrekaresini-yuttu","status":"publish","type":"post","link":"https:\/\/akunq.net\/tr\/?p=65288","title":{"rendered":"Kurakl\u0131k, Van G\u00f6l\u00fc&#8217;n\u00fcn 10 kilometrekaresini yuttu"},"content":{"rendered":"<p><img loading=\"lazy\" decoding=\"async\" class=\"aligncenter size-medium wp-image-65289\" src=\"https:\/\/akunq.net\/tr\/wp-content\/uploads\/2021\/10\/Van-1-360x203.jpg\" alt=\"\" width=\"360\" height=\"203\" srcset=\"https:\/\/akunq.net\/tr\/wp-content\/uploads\/sites\/6\/2021\/10\/Van-1-360x203.jpg 360w, https:\/\/akunq.net\/tr\/wp-content\/uploads\/sites\/6\/2021\/10\/Van-1-768x432.jpg 768w, https:\/\/akunq.net\/tr\/wp-content\/uploads\/sites\/6\/2021\/10\/Van-1-560x315.jpg 560w, https:\/\/akunq.net\/tr\/wp-content\/uploads\/sites\/6\/2021\/10\/Van-1-260x146.jpg 260w, https:\/\/akunq.net\/tr\/wp-content\/uploads\/sites\/6\/2021\/10\/Van-1-160x90.jpg 160w, https:\/\/akunq.net\/tr\/wp-content\/uploads\/sites\/6\/2021\/10\/Van-1.jpg 1280w\" sizes=\"auto, (max-width: 360px) 100vw, 360px\" \/><\/p>\n<p class=\"spot   \"><strong><em>Van&#8217;da \u00f6nceki d\u00f6nemlere g\u00f6re ya\u011f\u0131\u015flar\u0131n azalmas\u0131 ve s\u0131cakl\u0131\u011fa ba\u011fl\u0131 buharla\u015fman\u0131n artmas\u0131yla birlikte Van G\u00f6l\u00fc&#8217;de ciddi \u00e7ekilmeler ya\u015fand\u0131. Y\u00fcz\u00fcnc\u00fc Y\u0131l \u00dcniversitesi Su \u00dcr\u00fcnleri Fak\u00fcltesi \u00d6\u011fretim \u00dcyesi Dr. Mustafa Akku\u015f, \u00e7ekilmenin uydu g\u00f6r\u00fcnt\u00fcleri ile de kan\u0131tland\u0131\u011f\u0131n\u0131 belirterek, &#8220;\u00d6zellikle Zilan \u00c7ay\u0131 b\u00f6lgesinde \u00c7elebiba\u011f ve Kas\u0131mba\u011f taraf\u0131ndan yakla\u015f\u0131k 10 kilometrekarelik \u00e7ekilme s\u00f6z konusu&#8221; dedi.<\/em><\/strong><\/p>\n<p>Van&#8217;da \u00f6nceki y\u0131llara g\u00f6re ya\u011f\u0131\u015f miktar\u0131n\u0131n azalmas\u0131 ve s\u0131cakl\u0131\u011fa ba\u011fl\u0131 buharla\u015fman\u0131n artmas\u0131, b\u00f6lgedeki baraj ve g\u00f6llerin su seviyesinde d\u00fc\u015f\u00fc\u015fe neden oldu. Van G\u00f6l\u00fc&#8217;nde binlerce y\u0131lda olu\u015fan, sadece dal\u0131\u015f s\u0131ras\u0131nda g\u00f6r\u00fclebilen d\u00fcnyan\u0131n en b\u00fcy\u00fck mikrobiyalitleri de su miktar\u0131n\u0131n azalmas\u0131 ile y\u00fczeyde g\u00f6r\u00fclmeye ba\u015fland\u0131. Havzadaki\u00a0bir\u00e7ok dere ve g\u00f6let kururken, barajlar taban seviyesini g\u00f6rd\u00fc. D\u00fcnyan\u0131n en b\u00fcy\u00fck sodal\u0131 g\u00f6l\u00fc Van G\u00f6l\u00fc ise kurakl\u0131\u011fa ba\u011fl\u0131 olarak her ge\u00e7en g\u00fcn k\u00fc\u00e7\u00fcl\u00fcyor.<\/p>\n<p><img loading=\"lazy\" decoding=\"async\" src=\"https:\/\/cdn-photo.pivol.com\/15648\/imgs\/221020211123038400671.jpg\" alt=\"\" width=\"600\" height=\"354\" \/><\/p>\n<p><strong>&#8216;HAVZA GE\u00c7M\u0130\u015e YILLARA G\u00d6RE YA\u011eI\u015e ALMADI&#8217;<\/strong><\/p>\n<p>Van Y\u00fcz\u00fcnc\u00fc Y\u0131l \u00dcniversitesi Su \u00dcr\u00fcnleri Fak\u00fcltesi Dr. \u00d6\u011fretim \u00dcyesi Mustafa Akku\u015f, k\u00fcresel \u0131s\u0131nma ile art\u0131k d\u00fcnyan\u0131n ve T\u00fcrkiye\u2019nin d\u00f6rt bir yan\u0131ndan ya\u011f\u0131\u015flar\u0131n azald\u0131\u011f\u0131n\u0131, g\u00f6llerin \u00e7ekildi\u011fi ile ilgili haberler ald\u0131klar\u0131n\u0131 s\u00f6yledi.<\/p>\n<p><iframe loading=\"lazy\" title=\"YouTube video player\" src=\"https:\/\/www.youtube.com\/embed\/b7TX3XD1Nsg\" width=\"560\" height=\"315\" frameborder=\"0\" allowfullscreen=\"allowfullscreen\" data-mce-fragment=\"1\"><\/iframe><\/p>\n<p>Ekim ay\u0131nda, ya\u011f\u0131\u015flar\u0131n ba\u015flamas\u0131 gerekti\u011fini fakat ge\u00e7mi\u015f y\u0131llara oranla havzan\u0131n ya\u011f\u0131\u015f almad\u0131\u011f\u0131n\u0131 belirtti.<\/p>\n<p><img loading=\"lazy\" decoding=\"async\" src=\"https:\/\/cdn-photo.pivol.com\/15648\/imgs\/221020211123158402585.jpg\" alt=\"\" width=\"600\" height=\"387\" \/><\/p>\n<p><strong>&#8216;G\u00d6L\u00dcN \u015eEKL\u0130 KISMEN DE\u011e\u0130\u015e\u0130YOR&#8217;<\/strong><\/p>\n<p>Van G\u00f6l\u00fc&#8217;ndeki \u00e7ekilmenin uydu g\u00f6r\u00fcnt\u00fclerine de yans\u0131d\u0131\u011f\u0131n\u0131 belirten Dr. Akku\u015f, &#8220;Van G\u00f6l\u00fc&#8217;n\u00fcn 2019 ile 2021 tarihleri aras\u0131ndaki g\u00f6r\u00fcnt\u00fclerde b\u00fcy\u00fck farkl\u0131l\u0131klar mevcut. Adeta g\u00f6l\u00fcn \u015fekli k\u0131smen de\u011fi\u015fiyor gibi. 2019 y\u0131l\u0131nda su alt\u0131nda olan yerlerin, bug\u00fcn hepsinin karaya \u00e7\u0131kt\u0131\u011f\u0131na \u015fahitlik ediyoruz. Van G\u00f6l\u00fc&#8217;nde kurakl\u0131\u011f\u0131n etkisiyle beraber derinli\u011fin az oldu\u011fu b\u00fcy\u00fck alanlar\u0131 uydudan \u00e7ok rahatl\u0131kla g\u00f6rebiliyoruz. \u00d6zellikle Erci\u015f K\u00f6rfezi en hassas b\u00f6lgelerden birini olu\u015fturuyor. \u00c7\u00fcnk\u00fc bu b\u00f6lgede derinlik \u00e7ok az ve en ufak bir \u00e7ekilmede bir anda kilometrelerce alan\u0131n karaya \u00e7\u0131kt\u0131\u011f\u0131n\u0131 g\u00f6r\u00fcyoruz&#8221; dedi.<\/p>\n<p><img loading=\"lazy\" decoding=\"async\" src=\"https:\/\/cdn-photo.pivol.com\/15648\/imgs\/221020211123278408732.jpg\" alt=\"\" width=\"600\" height=\"408\" \/><\/p>\n<p>Uydu g\u00f6r\u00fcnt\u00fclerini inceledi\u011finde en b\u00fcy\u00fck \u00e7ekilmenin Zilan ile Bendimahi \u00c7ay\u0131&#8217;n\u0131n bulundu\u011fu alanlarda oldu\u011funu s\u00f6yleyen Dr. Akku\u015f, &#8220;\u00d6zellikle Zilan \u00c7ay\u0131 b\u00f6lgesinde \u00c7elebiba\u011f ve Kas\u0131mba\u011f taraf\u0131ndan 10 kilometrekarelik \u00e7ekilme s\u00f6z konusu. Yine g\u00f6l\u00fcn kuzey taraf\u0131 Muradiye taraf\u0131na gitti\u011fimiz zamanda buralarda b\u00fcy\u00fck alanlar\u0131n karaya \u00e7\u0131kt\u0131\u011f\u0131n\u0131 g\u00f6r\u00fcyoruz&#8221; diye konu\u015ftu.<\/p>\n<p><img loading=\"lazy\" decoding=\"async\" src=\"https:\/\/cdn-photo.pivol.com\/15648\/imgs\/221020211123378403306.jpg\" alt=\"\" width=\"600\" height=\"338\" \/><\/p>\n<p><strong>&#8216;\u0130NC\u0130 KEFALLER\u0130N\u0130N BEKLEME ALANLARI KARA \u00c7IKTI&#8217;<\/strong><\/p>\n<p>\u00c7ekilmenin ayn\u0131 zamanda d\u00fcnyada sadece Van G\u00f6l\u00fc&#8217;nde ya\u015fayan inci kefalleri i\u00e7in de tehlike yaratt\u0131\u011f\u0131n\u0131 vurgulayan Dr. Akku\u015f, \u015funlar\u0131 s\u00f6yledi:<\/p>\n<p>&#8220;Van G\u00f6l\u00fc&#8217;nde ya\u015fayan inci kefalleri \u00fcreme d\u00f6nemlerinde her y\u0131l akarsulara g\u00f6\u00e7 ediyor. Ve \u015fu an karaya \u00e7\u0131km\u0131\u015f olan noktalarda inci kefalleri \u00fcreme d\u00f6nemlerinde 2 hafta kadar bekliyor. Adeta inci kefalleri i\u00e7in uygun bekleme alanlar\u0131 karaya \u00e7\u0131km\u0131\u015f oluyor. Umar\u0131m, ya\u011fmur ve kar ya\u011f\u0131\u015flar\u0131 ile beraber tekrardan g\u00f6l seviyesi y\u00fckselir. Ve \u00f6n\u00fcm\u00fczdeki nisan ay\u0131nda ba\u015flayacak \u00fcreme g\u00f6\u00e7\u00fcnde bu alanlar tekrar su alt\u0131nda kal\u0131r.&#8221;<\/p>\n<p><em><strong>https:\/\/www.dha.com.tr\/yurt\/kuraklik-van-golunun-10-kilometrekaresini-yuttu\/haber-1855552\u00a0<\/strong><\/em><\/p>\n","protected":false},"excerpt":{"rendered":"<p>Van&#8217;da \u00f6nceki d\u00f6nemlere g\u00f6re ya\u011f\u0131\u015flar\u0131n azalmas\u0131 ve s\u0131cakl\u0131\u011fa ba\u011fl\u0131 buharla\u015fman\u0131n artmas\u0131yla birlikte Van G\u00f6l\u00fc&#8217;de ciddi \u00e7ekilmeler ya\u015fand\u0131. Y\u00fcz\u00fcnc\u00fc Y\u0131l \u00dcniversitesi Su \u00dcr\u00fcnleri Fak\u00fcltesi \u00d6\u011fretim \u00dcyesi Dr. Mustafa Akku\u015f, \u00e7ekilmenin uydu g\u00f6r\u00fcnt\u00fcleri ile de kan\u0131tland\u0131\u011f\u0131n\u0131 belirterek, &#8220;\u00d6zellikle Zilan \u00c7ay\u0131 b\u00f6lgesinde \u00c7elebiba\u011f ve Kas\u0131mba\u011f taraf\u0131ndan yakla\u015f\u0131k 10 kilometrekarelik \u00e7ekilme s\u00f6z konusu&#8221; dedi. Van&#8217;da \u00f6nceki y\u0131llara g\u00f6re ya\u011f\u0131\u015f [&hellip;]<\/p>\n","protected":false},"author":7,"featured_media":65289,"comment_status":"open","ping_status":"open","sticky":false,"template":"","format":"standard","meta":{"footnotes":""},"categories":[22,1],"tags":[],"class_list":["post-65288","post","type-post","status-publish","format-standard","has-post-thumbnail","hentry","category-gunumuzde-bati-ermenistan","category-haberler"],"yoast_head":"<!-- This site is optimized with the Yoast SEO plugin v27.4 - https:\/\/yoast.com\/product\/yoast-seo-wordpress\/ -->\n<title>Kurakl\u0131k, Van G\u00f6l\u00fc&#039;n\u00fcn 10 kilometrekaresini yuttu - Bati Ermenistan Ve Bati Ermenileri Sorunlari Ara\u015ftirmalar Merkezi<\/title>\n<meta name=\"robots\" content=\"index, follow, max-snippet:-1, max-image-preview:large, max-video-preview:-1\" \/>\n<link rel=\"canonical\" href=\"https:\/\/akunq.net\/tr\/?p=65288\" \/>\n<meta property=\"og:locale\" content=\"en_US\" \/>\n<meta property=\"og:type\" content=\"article\" \/>\n<meta property=\"og:title\" content=\"Kurakl\u0131k, Van G\u00f6l\u00fc&#039;n\u00fcn 10 kilometrekaresini yuttu - Bati Ermenistan Ve Bati Ermenileri Sorunlari Ara\u015ftirmalar Merkezi\" \/>\n<meta property=\"og:description\" content=\"Van&#8217;da \u00f6nceki d\u00f6nemlere g\u00f6re ya\u011f\u0131\u015flar\u0131n azalmas\u0131 ve s\u0131cakl\u0131\u011fa ba\u011fl\u0131 buharla\u015fman\u0131n artmas\u0131yla birlikte Van G\u00f6l\u00fc&#8217;de ciddi \u00e7ekilmeler ya\u015fand\u0131. Y\u00fcz\u00fcnc\u00fc Y\u0131l \u00dcniversitesi Su \u00dcr\u00fcnleri Fak\u00fcltesi \u00d6\u011fretim \u00dcyesi Dr. Mustafa Akku\u015f, \u00e7ekilmenin uydu g\u00f6r\u00fcnt\u00fcleri ile de kan\u0131tland\u0131\u011f\u0131n\u0131 belirterek, &#8220;\u00d6zellikle Zilan \u00c7ay\u0131 b\u00f6lgesinde \u00c7elebiba\u011f ve Kas\u0131mba\u011f taraf\u0131ndan yakla\u015f\u0131k 10 kilometrekarelik \u00e7ekilme s\u00f6z konusu&#8221; dedi. Van&#8217;da \u00f6nceki y\u0131llara g\u00f6re ya\u011f\u0131\u015f [&hellip;]\" \/>\n<meta property=\"og:url\" content=\"https:\/\/akunq.net\/tr\/?p=65288\" \/>\n<meta property=\"og:site_name\" content=\"Bati Ermenistan Ve Bati Ermenileri Sorunlari Ara\u015ftirmalar Merkezi\" \/>\n<meta property=\"article:published_time\" content=\"2021-10-25T08:30:42+00:00\" \/>\n<meta property=\"og:image\" content=\"https:\/\/akunq.net\/tr\/wp-content\/uploads\/sites\/6\/2021\/10\/Van-1.jpg\" \/>\n\t<meta property=\"og:image:width\" content=\"1280\" \/>\n\t<meta property=\"og:image:height\" content=\"720\" \/>\n\t<meta property=\"og:image:type\" content=\"image\/jpeg\" \/>\n<meta name=\"author\" content=\"admin\" \/>\n<meta name=\"twitter:card\" content=\"summary_large_image\" \/>\n<meta name=\"twitter:label1\" content=\"Written by\" \/>\n\t<meta name=\"twitter:data1\" content=\"admin\" \/>\n\t<meta name=\"twitter:label2\" content=\"Est. reading time\" \/>\n\t<meta name=\"twitter:data2\" content=\"3 minutes\" \/>\n<script type=\"application\/ld+json\" class=\"yoast-schema-graph\">{\"@context\":\"https:\\\/\\\/schema.org\",\"@graph\":[{\"@type\":\"Article\",\"@id\":\"https:\\\/\\\/akunq.net\\\/tr\\\/?p=65288#article\",\"isPartOf\":{\"@id\":\"https:\\\/\\\/akunq.net\\\/tr\\\/?p=65288\"},\"author\":{\"name\":\"admin\",\"@id\":\"https:\\\/\\\/akunq.net\\\/tr\\\/#\\\/schema\\\/person\\\/096f1d38a12cce57fb855b485ed24c9e\"},\"headline\":\"Kurakl\u0131k, Van G\u00f6l\u00fc&#8217;n\u00fcn 10 kilometrekaresini yuttu\",\"datePublished\":\"2021-10-25T08:30:42+00:00\",\"mainEntityOfPage\":{\"@id\":\"https:\\\/\\\/akunq.net\\\/tr\\\/?p=65288\"},\"wordCount\":604,\"commentCount\":0,\"image\":{\"@id\":\"https:\\\/\\\/akunq.net\\\/tr\\\/?p=65288#primaryimage\"},\"thumbnailUrl\":\"https:\\\/\\\/akunq.net\\\/tr\\\/wp-content\\\/uploads\\\/sites\\\/6\\\/2021\\\/10\\\/Van-1.jpg\",\"articleSection\":[\"G\u00fcn\u00fcm\u00fczde Bat\u0131 Ermenistan\",\"Haberler\"],\"inLanguage\":\"en-US\",\"potentialAction\":[{\"@type\":\"CommentAction\",\"name\":\"Comment\",\"target\":[\"https:\\\/\\\/akunq.net\\\/tr\\\/?p=65288#respond\"]}]},{\"@type\":\"WebPage\",\"@id\":\"https:\\\/\\\/akunq.net\\\/tr\\\/?p=65288\",\"url\":\"https:\\\/\\\/akunq.net\\\/tr\\\/?p=65288\",\"name\":\"Kurakl\u0131k, Van G\u00f6l\u00fc'n\u00fcn 10 kilometrekaresini yuttu - Bati Ermenistan Ve Bati Ermenileri Sorunlari Ara\u015ftirmalar Merkezi\",\"isPartOf\":{\"@id\":\"https:\\\/\\\/akunq.net\\\/tr\\\/#website\"},\"primaryImageOfPage\":{\"@id\":\"https:\\\/\\\/akunq.net\\\/tr\\\/?p=65288#primaryimage\"},\"image\":{\"@id\":\"https:\\\/\\\/akunq.net\\\/tr\\\/?p=65288#primaryimage\"},\"thumbnailUrl\":\"https:\\\/\\\/akunq.net\\\/tr\\\/wp-content\\\/uploads\\\/sites\\\/6\\\/2021\\\/10\\\/Van-1.jpg\",\"datePublished\":\"2021-10-25T08:30:42+00:00\",\"author\":{\"@id\":\"https:\\\/\\\/akunq.net\\\/tr\\\/#\\\/schema\\\/person\\\/096f1d38a12cce57fb855b485ed24c9e\"},\"breadcrumb\":{\"@id\":\"https:\\\/\\\/akunq.net\\\/tr\\\/?p=65288#breadcrumb\"},\"inLanguage\":\"en-US\",\"potentialAction\":[{\"@type\":\"ReadAction\",\"target\":[\"https:\\\/\\\/akunq.net\\\/tr\\\/?p=65288\"]}]},{\"@type\":\"ImageObject\",\"inLanguage\":\"en-US\",\"@id\":\"https:\\\/\\\/akunq.net\\\/tr\\\/?p=65288#primaryimage\",\"url\":\"https:\\\/\\\/akunq.net\\\/tr\\\/wp-content\\\/uploads\\\/sites\\\/6\\\/2021\\\/10\\\/Van-1.jpg\",\"contentUrl\":\"https:\\\/\\\/akunq.net\\\/tr\\\/wp-content\\\/uploads\\\/sites\\\/6\\\/2021\\\/10\\\/Van-1.jpg\",\"width\":1280,\"height\":720},{\"@type\":\"BreadcrumbList\",\"@id\":\"https:\\\/\\\/akunq.net\\\/tr\\\/?p=65288#breadcrumb\",\"itemListElement\":[{\"@type\":\"ListItem\",\"position\":1,\"name\":\"Home\",\"item\":\"https:\\\/\\\/akunq.net\\\/tr\"},{\"@type\":\"ListItem\",\"position\":2,\"name\":\"Kurakl\u0131k, Van G\u00f6l\u00fc&#8217;n\u00fcn 10 kilometrekaresini yuttu\"}]},{\"@type\":\"WebSite\",\"@id\":\"https:\\\/\\\/akunq.net\\\/tr\\\/#website\",\"url\":\"https:\\\/\\\/akunq.net\\\/tr\\\/\",\"name\":\"Bati Ermenistan Ve Bati Ermenileri Sorunlari Ara\u015ftirmalar Merkezi\",\"description\":\"\",\"potentialAction\":[{\"@type\":\"SearchAction\",\"target\":{\"@type\":\"EntryPoint\",\"urlTemplate\":\"https:\\\/\\\/akunq.net\\\/tr\\\/?s={search_term_string}\"},\"query-input\":{\"@type\":\"PropertyValueSpecification\",\"valueRequired\":true,\"valueName\":\"search_term_string\"}}],\"inLanguage\":\"en-US\"},{\"@type\":\"Person\",\"@id\":\"https:\\\/\\\/akunq.net\\\/tr\\\/#\\\/schema\\\/person\\\/096f1d38a12cce57fb855b485ed24c9e\",\"name\":\"admin\",\"url\":\"https:\\\/\\\/akunq.net\\\/tr\\\/?author=7\"}]}<\/script>\n<!-- \/ Yoast SEO plugin. -->","yoast_head_json":{"title":"Kurakl\u0131k, Van G\u00f6l\u00fc'n\u00fcn 10 kilometrekaresini yuttu - Bati Ermenistan Ve Bati Ermenileri Sorunlari Ara\u015ftirmalar Merkezi","robots":{"index":"index","follow":"follow","max-snippet":"max-snippet:-1","max-image-preview":"max-image-preview:large","max-video-preview":"max-video-preview:-1"},"canonical":"https:\/\/akunq.net\/tr\/?p=65288","og_locale":"en_US","og_type":"article","og_title":"Kurakl\u0131k, Van G\u00f6l\u00fc'n\u00fcn 10 kilometrekaresini yuttu - Bati Ermenistan Ve Bati Ermenileri Sorunlari Ara\u015ftirmalar Merkezi","og_description":"Van&#8217;da \u00f6nceki d\u00f6nemlere g\u00f6re ya\u011f\u0131\u015flar\u0131n azalmas\u0131 ve s\u0131cakl\u0131\u011fa ba\u011fl\u0131 buharla\u015fman\u0131n artmas\u0131yla birlikte Van G\u00f6l\u00fc&#8217;de ciddi \u00e7ekilmeler ya\u015fand\u0131. Y\u00fcz\u00fcnc\u00fc Y\u0131l \u00dcniversitesi Su \u00dcr\u00fcnleri Fak\u00fcltesi \u00d6\u011fretim \u00dcyesi Dr. Mustafa Akku\u015f, \u00e7ekilmenin uydu g\u00f6r\u00fcnt\u00fcleri ile de kan\u0131tland\u0131\u011f\u0131n\u0131 belirterek, &#8220;\u00d6zellikle Zilan \u00c7ay\u0131 b\u00f6lgesinde \u00c7elebiba\u011f ve Kas\u0131mba\u011f taraf\u0131ndan yakla\u015f\u0131k 10 kilometrekarelik \u00e7ekilme s\u00f6z konusu&#8221; dedi. Van&#8217;da \u00f6nceki y\u0131llara g\u00f6re ya\u011f\u0131\u015f [&hellip;]","og_url":"https:\/\/akunq.net\/tr\/?p=65288","og_site_name":"Bati Ermenistan Ve Bati Ermenileri Sorunlari Ara\u015ftirmalar Merkezi","article_published_time":"2021-10-25T08:30:42+00:00","og_image":[{"width":1280,"height":720,"url":"https:\/\/akunq.net\/tr\/wp-content\/uploads\/sites\/6\/2021\/10\/Van-1.jpg","type":"image\/jpeg"}],"author":"admin","twitter_card":"summary_large_image","twitter_misc":{"Written by":"admin","Est. reading time":"3 minutes"},"schema":{"@context":"https:\/\/schema.org","@graph":[{"@type":"Article","@id":"https:\/\/akunq.net\/tr\/?p=65288#article","isPartOf":{"@id":"https:\/\/akunq.net\/tr\/?p=65288"},"author":{"name":"admin","@id":"https:\/\/akunq.net\/tr\/#\/schema\/person\/096f1d38a12cce57fb855b485ed24c9e"},"headline":"Kurakl\u0131k, Van G\u00f6l\u00fc&#8217;n\u00fcn 10 kilometrekaresini yuttu","datePublished":"2021-10-25T08:30:42+00:00","mainEntityOfPage":{"@id":"https:\/\/akunq.net\/tr\/?p=65288"},"wordCount":604,"commentCount":0,"image":{"@id":"https:\/\/akunq.net\/tr\/?p=65288#primaryimage"},"thumbnailUrl":"https:\/\/akunq.net\/tr\/wp-content\/uploads\/sites\/6\/2021\/10\/Van-1.jpg","articleSection":["G\u00fcn\u00fcm\u00fczde Bat\u0131 Ermenistan","Haberler"],"inLanguage":"en-US","potentialAction":[{"@type":"CommentAction","name":"Comment","target":["https:\/\/akunq.net\/tr\/?p=65288#respond"]}]},{"@type":"WebPage","@id":"https:\/\/akunq.net\/tr\/?p=65288","url":"https:\/\/akunq.net\/tr\/?p=65288","name":"Kurakl\u0131k, Van G\u00f6l\u00fc'n\u00fcn 10 kilometrekaresini yuttu - Bati Ermenistan Ve Bati Ermenileri Sorunlari Ara\u015ftirmalar Merkezi","isPartOf":{"@id":"https:\/\/akunq.net\/tr\/#website"},"primaryImageOfPage":{"@id":"https:\/\/akunq.net\/tr\/?p=65288#primaryimage"},"image":{"@id":"https:\/\/akunq.net\/tr\/?p=65288#primaryimage"},"thumbnailUrl":"https:\/\/akunq.net\/tr\/wp-content\/uploads\/sites\/6\/2021\/10\/Van-1.jpg","datePublished":"2021-10-25T08:30:42+00:00","author":{"@id":"https:\/\/akunq.net\/tr\/#\/schema\/person\/096f1d38a12cce57fb855b485ed24c9e"},"breadcrumb":{"@id":"https:\/\/akunq.net\/tr\/?p=65288#breadcrumb"},"inLanguage":"en-US","potentialAction":[{"@type":"ReadAction","target":["https:\/\/akunq.net\/tr\/?p=65288"]}]},{"@type":"ImageObject","inLanguage":"en-US","@id":"https:\/\/akunq.net\/tr\/?p=65288#primaryimage","url":"https:\/\/akunq.net\/tr\/wp-content\/uploads\/sites\/6\/2021\/10\/Van-1.jpg","contentUrl":"https:\/\/akunq.net\/tr\/wp-content\/uploads\/sites\/6\/2021\/10\/Van-1.jpg","width":1280,"height":720},{"@type":"BreadcrumbList","@id":"https:\/\/akunq.net\/tr\/?p=65288#breadcrumb","itemListElement":[{"@type":"ListItem","position":1,"name":"Home","item":"https:\/\/akunq.net\/tr"},{"@type":"ListItem","position":2,"name":"Kurakl\u0131k, Van G\u00f6l\u00fc&#8217;n\u00fcn 10 kilometrekaresini yuttu"}]},{"@type":"WebSite","@id":"https:\/\/akunq.net\/tr\/#website","url":"https:\/\/akunq.net\/tr\/","name":"Bati Ermenistan Ve Bati Ermenileri Sorunlari Ara\u015ftirmalar Merkezi","description":"","potentialAction":[{"@type":"SearchAction","target":{"@type":"EntryPoint","urlTemplate":"https:\/\/akunq.net\/tr\/?s={search_term_string}"},"query-input":{"@type":"PropertyValueSpecification","valueRequired":true,"valueName":"search_term_string"}}],"inLanguage":"en-US"},{"@type":"Person","@id":"https:\/\/akunq.net\/tr\/#\/schema\/person\/096f1d38a12cce57fb855b485ed24c9e","name":"admin","url":"https:\/\/akunq.net\/tr\/?author=7"}]}},"_links":{"self":[{"href":"https:\/\/akunq.net\/tr\/index.php?rest_route=\/wp\/v2\/posts\/65288","targetHints":{"allow":["GET"]}}],"collection":[{"href":"https:\/\/akunq.net\/tr\/index.php?rest_route=\/wp\/v2\/posts"}],"about":[{"href":"https:\/\/akunq.net\/tr\/index.php?rest_route=\/wp\/v2\/types\/post"}],"author":[{"embeddable":true,"href":"https:\/\/akunq.net\/tr\/index.php?rest_route=\/wp\/v2\/users\/7"}],"replies":[{"embeddable":true,"href":"https:\/\/akunq.net\/tr\/index.php?rest_route=%2Fwp%2Fv2%2Fcomments&post=65288"}],"version-history":[{"count":1,"href":"https:\/\/akunq.net\/tr\/index.php?rest_route=\/wp\/v2\/posts\/65288\/revisions"}],"predecessor-version":[{"id":65290,"href":"https:\/\/akunq.net\/tr\/index.php?rest_route=\/wp\/v2\/posts\/65288\/revisions\/65290"}],"wp:featuredmedia":[{"embeddable":true,"href":"https:\/\/akunq.net\/tr\/index.php?rest_route=\/wp\/v2\/media\/65289"}],"wp:attachment":[{"href":"https:\/\/akunq.net\/tr\/index.php?rest_route=%2Fwp%2Fv2%2Fmedia&parent=65288"}],"wp:term":[{"taxonomy":"category","embeddable":true,"href":"https:\/\/akunq.net\/tr\/index.php?rest_route=%2Fwp%2Fv2%2Fcategories&post=65288"},{"taxonomy":"post_tag","embeddable":true,"href":"https:\/\/akunq.net\/tr\/index.php?rest_route=%2Fwp%2Fv2%2Ftags&post=65288"}],"curies":[{"name":"wp","href":"https:\/\/api.w.org\/{rel}","templated":true}]}}