{"id":65285,"date":"2021-10-25T03:26:24","date_gmt":"2021-10-25T08:26:24","guid":{"rendered":"https:\/\/akunq.net\/tr\/?p=65285"},"modified":"2021-10-25T06:11:51","modified_gmt":"2021-10-25T11:11:51","slug":"vanda-defineciler-urartu-mirasini-is-makineleriyle-tahrip-ediyor","status":"publish","type":"post","link":"https:\/\/akunq.net\/tr\/?p=65285","title":{"rendered":"Van\u2019da defineciler Urartu miras\u0131n\u0131 i\u015f makineleriyle tahrip ediyor"},"content":{"rendered":"<p><img loading=\"lazy\" decoding=\"async\" class=\"aligncenter size-medium wp-image-65286\" src=\"https:\/\/akunq.net\/tr\/wp-content\/uploads\/2021\/10\/Van-360x203.jpg\" alt=\"\" width=\"360\" height=\"203\" srcset=\"https:\/\/akunq.net\/tr\/wp-content\/uploads\/sites\/6\/2021\/10\/Van-360x203.jpg 360w, https:\/\/akunq.net\/tr\/wp-content\/uploads\/sites\/6\/2021\/10\/Van-768x432.jpg 768w, https:\/\/akunq.net\/tr\/wp-content\/uploads\/sites\/6\/2021\/10\/Van-560x315.jpg 560w, https:\/\/akunq.net\/tr\/wp-content\/uploads\/sites\/6\/2021\/10\/Van-260x146.jpg 260w, https:\/\/akunq.net\/tr\/wp-content\/uploads\/sites\/6\/2021\/10\/Van-160x90.jpg 160w, https:\/\/akunq.net\/tr\/wp-content\/uploads\/sites\/6\/2021\/10\/Van.jpg 1280w\" sizes=\"auto, (max-width: 360px) 100vw, 360px\" \/><\/p>\n<p><strong><em>Defineciler Urartulardan kalma tarihi alan\u0131n da yer ald\u0131\u011f\u0131 Z\u0131rnekol Tepesi\u2019ni i\u015f makineleriyle tahrip ediyor.<\/em><\/strong><\/p>\n<p><strong>\u0130dris Y\u0131lmaz<\/strong><\/p>\n<p>VAN \u2013 Urartulardan kalma toplu konut alan\u0131n\u0131n yer ald\u0131\u011f\u0131 Z\u0131rnekol Tepesi\u2019nde definecilerin yol a\u00e7t\u0131\u011f\u0131 tahribata Arsisa Dil ve K\u00fclt\u00fcr Ara\u015ft\u0131rma Derne\u011fi Y\u00f6netim \u00dcyesi Cevdet Zilanl\u0131 tepki g\u00f6sterdi. Zilanl\u0131, hazine aramak isteyenlerin as\u0131l hazineyi bilin\u00e7sizce yok etti\u011fini s\u00f6yledi.<\/p>\n<p><strong>\u2018HER TA\u015e \u0130NSANLI\u011eA M\u0130RASTIR\u2019<\/strong><\/p>\n<p>Z\u0131rnekol Tepesi, devasa \u0131zgara planl\u0131 kent kal\u0131nt\u0131s\u0131na sahip. Uydudan da g\u00f6r\u00fclen bu alan\u0131n ke\u015fif \u00e7al\u0131\u015fmalar\u0131 i\u00e7in arkeolojik kaz\u0131lara ba\u015flan\u0131l\u0131rken, yap\u0131lan kaz\u0131 \u00e7al\u0131\u015fmalar\u0131 \u00f6ncesinde definecilerin b\u00f6lgeyi tahrip etti\u011fi g\u00f6zlemlendi. \u0130\u015f makineleriyle yap\u0131lan tahribata tepki g\u00f6steren Arsisa Dil ve K\u00fclt\u00fcr Ara\u015ft\u0131rma Derne\u011fi Y\u00f6netim \u00dcyesi Cevdet Zilanl\u0131, tarihten kalan her ta\u015f\u0131n gelecekteki insanl\u0131\u011fa miras kald\u0131\u011f\u0131n\u0131 an\u0131msatarak, \u201cBiz bu bilince varmadan kesinlikle bir yere varamay\u0131z. Toplumsal olarak en b\u00fcy\u00fck eksikli\u011fimiz de budur. Bu nedenle diyorum ki, tarihten kalan her bir ta\u015f, ge\u00e7mi\u015f medeniyetlerden bize kalan mirast\u0131r. Bir hazinedir ve alt\u0131n de\u011ferindedir. G\u00f6z\u00fcm\u00fcz\u00fcn \u00f6n\u00fcndeki hazineyi bilin\u00e7sizce yok etmemiz tarif edemeyece\u011fimiz bir cehalettir\u201d ifadeleriyle tepki g\u00f6sterdi. D\u00f6nemin tarihine \u0131\u015f\u0131k tutmak ad\u0131na b\u00f6lgenin arkeolojik alan olarak ilan edildi\u011fini ve burada \u00e7al\u0131\u015fmalara ba\u015fland\u0131\u011f\u0131n\u0131 dile getiren Van Y\u00fcz\u00fcnc\u00fc Y\u0131l \u00dcniversitesi Edebiyat Fak\u00fcltesi Arkeoloji B\u00f6l\u00fcm Ba\u015fkan\u0131 Prof. Dr. Rafet \u00c7avu\u015fo\u011flu, buradaki kal\u0131nt\u0131lar\u0131n Do\u011fu Anadolu B\u00f6lgesi\u2019ndeki ilk \u0131zgara planl\u0131 yap\u0131ya sahip oldu\u011funa dikkat \u00e7ekerek Z\u0131rnekol Tepesi\u2019nin \u00f6nemini vurgulad\u0131.<\/p>\n<p><strong>\u2018S\u0130Z OLSANIZ DEF\u0130NEN\u0130Z\u0130 \u0130\u015eARETLERLE M\u0130 BEL\u0130RLERD\u0130N\u0130Z?\u2019<\/strong><\/p>\n<p>Ta\u015flar \u00fczerinde belirtilen fig\u00fcrlerin \u201chazine i\u015fareti\u201d oldu\u011funa ili\u015fkin alg\u0131ya tepki g\u00f6steren sosyolog Zeynel Abidin \u00c7elebi bu alg\u0131n\u0131n yanl\u0131\u015f oldu\u011funu \u015fu ifadelerle aktard\u0131. \u201cG\u00fcn\u00fcm\u00fczde genelde define avc\u0131lar\u0131 bilin\u00e7sizce \u00fczerinde ha\u00e7, tavuk, aslan, \u00f6dek, yumurta gibi i\u015faretleri define i\u015fareti olarak alg\u0131l\u0131yor. Bu tamamen yanl\u0131\u015ft\u0131r. Ha\u00e7 i\u015faretleri ya mezarlar\u0131 i\u015faret eder ya da ibadethaneleri. Tavuk ve yumurta ise tarihte genel olarak in\u015faatlar\u0131n har\u00e7lar\u0131 sa\u011flam olsun diye tavuk yumurtas\u0131 ile yap\u0131l\u0131rd\u0131. Bu nedenle tavuklar\u0131n \u00f6ld\u00fcr\u00fclmesi ve ya kesilmesi bir\u00e7ok uygarl\u0131kta yasakt\u0131. Yasak oldu\u011funu anlatmak i\u00e7in ta\u015flar \u00fczerinde fig\u00fcrler olu\u015fturulurdu. \u00c7e\u015fitli hayvan fig\u00fcrleri ise g\u00fcc\u00fc temsil eder. Bunlar\u0131n define i\u015fareti oldu\u011funa ili\u015fkin olu\u015fturulan alg\u0131 yanl\u0131\u015ft\u0131r. \u0130nsanlar\u0131m\u0131z buna kanmas\u0131n, siz olsan\u0131z definenizi i\u015faretlerle mi belirlersiniz? Biraz o tarih ile bu g\u00fcn aras\u0131nda empati kural\u0131m l\u00fctfen. Yok edilen asl\u0131nda gelece\u011fe b\u0131rak\u0131lan miraslard\u0131r\u201d dedi.<\/p>\n<p><strong>TAR\u0130HTEN KALAN \u0130LK IZGARA YAPILI KENT BULGUSU<\/strong><\/p>\n<p>B\u00f6lgenin tarihi Urartu, Pers ya da Helen\u2019e ait oldu\u011funa ili\u015fkin tart\u0131\u015fmalar bulundu\u011funu ve bu tart\u0131\u015fmalar\u0131n devam eden kaz\u0131 \u00e7al\u0131\u015fmalar\u0131 sonras\u0131nda cevap bulaca\u011f\u0131na dikkat \u00e7eken Prof. Dr. Rafet \u00c7avu\u015fo\u011flu, Anadolu\u2019nun ilk \u0131zgara yap\u0131l\u0131 kentin Z\u0131rnekol Tepesi\u2019nde yer ald\u0131\u011f\u0131n\u0131 s\u00f6yledi. \u00c7avu\u015fo\u011flu b\u00f6lgenin \u00f6nemi \u015f\u00f6yle anlatt\u0131: \u201cBurada yapt\u0131\u011f\u0131m\u0131z \u00e7al\u0131\u015fmalarda Urartu d\u00f6nemine ait \u00e7anak \u00e7\u00f6mlek par\u00e7alar\u0131na rastlad\u0131k. Urartular\u0131n b\u00f6lgede ya\u015fam\u0131 konusunda herhangi bir s\u0131k\u0131nt\u0131m\u0131z yok. Ancak buray\u0131 in\u015fa edenler Urartular m\u0131, onun sorusunun cevab\u0131n\u0131 ar\u0131yoruz. E\u011fer Urartular buray\u0131 in\u015fa etmi\u015fse hem duvar yapma tekni\u011finde ilk kez k\u0131rlang\u0131\u00e7 tekni\u011fini kullanan hem de \u0131zgara plan\u0131 Do\u011fu Anadolu\u2019da <em>(Bat\u0131 Ermenistan-&#8216;Akunq&#8217; web sitesi)<\/em> uygulayan ilk uygarl\u0131k olarak literat\u00fcre ge\u00e7mi\u015f olacak.\u201d<\/p>\n<p><em><strong>https:\/\/www.gazeteduvar.com.tr\/vanda-defineciler-urartu-mirasini-is-makineleriyle-tahrip-ediyor-haber-1539408\u00a0<\/strong><\/em><\/p>\n","protected":false},"excerpt":{"rendered":"<p>Defineciler Urartulardan kalma tarihi alan\u0131n da yer ald\u0131\u011f\u0131 Z\u0131rnekol Tepesi\u2019ni i\u015f makineleriyle tahrip ediyor. \u0130dris Y\u0131lmaz VAN \u2013 Urartulardan kalma toplu konut alan\u0131n\u0131n yer ald\u0131\u011f\u0131 Z\u0131rnekol Tepesi\u2019nde definecilerin yol a\u00e7t\u0131\u011f\u0131 tahribata Arsisa Dil ve K\u00fclt\u00fcr Ara\u015ft\u0131rma Derne\u011fi Y\u00f6netim \u00dcyesi Cevdet Zilanl\u0131 tepki g\u00f6sterdi. Zilanl\u0131, hazine aramak isteyenlerin as\u0131l hazineyi bilin\u00e7sizce yok etti\u011fini s\u00f6yledi. \u2018HER TA\u015e [&hellip;]<\/p>\n","protected":false},"author":7,"featured_media":65286,"comment_status":"open","ping_status":"open","sticky":false,"template":"","format":"standard","meta":{"footnotes":""},"categories":[22,1],"tags":[],"class_list":["post-65285","post","type-post","status-publish","format-standard","has-post-thumbnail","hentry","category-gunumuzde-bati-ermenistan","category-haberler"],"yoast_head":"<!-- This site is optimized with the Yoast SEO plugin v27.4 - https:\/\/yoast.com\/product\/yoast-seo-wordpress\/ -->\n<title>Van\u2019da defineciler Urartu miras\u0131n\u0131 i\u015f makineleriyle tahrip ediyor - Bati Ermenistan Ve Bati Ermenileri Sorunlari Ara\u015ftirmalar Merkezi<\/title>\n<meta name=\"robots\" content=\"index, follow, max-snippet:-1, max-image-preview:large, max-video-preview:-1\" \/>\n<link rel=\"canonical\" href=\"https:\/\/akunq.net\/tr\/?p=65285\" \/>\n<meta property=\"og:locale\" content=\"en_US\" \/>\n<meta property=\"og:type\" content=\"article\" \/>\n<meta property=\"og:title\" content=\"Van\u2019da defineciler Urartu miras\u0131n\u0131 i\u015f makineleriyle tahrip ediyor - Bati Ermenistan Ve Bati Ermenileri Sorunlari Ara\u015ftirmalar Merkezi\" \/>\n<meta property=\"og:description\" content=\"Defineciler Urartulardan kalma tarihi alan\u0131n da yer ald\u0131\u011f\u0131 Z\u0131rnekol Tepesi\u2019ni i\u015f makineleriyle tahrip ediyor. \u0130dris Y\u0131lmaz VAN \u2013 Urartulardan kalma toplu konut alan\u0131n\u0131n yer ald\u0131\u011f\u0131 Z\u0131rnekol Tepesi\u2019nde definecilerin yol a\u00e7t\u0131\u011f\u0131 tahribata Arsisa Dil ve K\u00fclt\u00fcr Ara\u015ft\u0131rma Derne\u011fi Y\u00f6netim \u00dcyesi Cevdet Zilanl\u0131 tepki g\u00f6sterdi. Zilanl\u0131, hazine aramak isteyenlerin as\u0131l hazineyi bilin\u00e7sizce yok etti\u011fini s\u00f6yledi. \u2018HER TA\u015e [&hellip;]\" \/>\n<meta property=\"og:url\" content=\"https:\/\/akunq.net\/tr\/?p=65285\" \/>\n<meta property=\"og:site_name\" content=\"Bati Ermenistan Ve Bati Ermenileri Sorunlari Ara\u015ftirmalar Merkezi\" \/>\n<meta property=\"article:published_time\" content=\"2021-10-25T08:26:24+00:00\" \/>\n<meta property=\"article:modified_time\" content=\"2021-10-25T11:11:51+00:00\" \/>\n<meta property=\"og:image\" content=\"https:\/\/akunq.net\/tr\/wp-content\/uploads\/sites\/6\/2021\/10\/Van.jpg\" \/>\n\t<meta property=\"og:image:width\" content=\"1280\" \/>\n\t<meta property=\"og:image:height\" content=\"720\" \/>\n\t<meta property=\"og:image:type\" content=\"image\/jpeg\" \/>\n<meta name=\"author\" content=\"admin\" \/>\n<meta name=\"twitter:card\" content=\"summary_large_image\" \/>\n<meta name=\"twitter:label1\" content=\"Written by\" \/>\n\t<meta name=\"twitter:data1\" content=\"admin\" \/>\n\t<meta name=\"twitter:label2\" content=\"Est. reading time\" \/>\n\t<meta name=\"twitter:data2\" content=\"3 minutes\" \/>\n<script type=\"application\/ld+json\" class=\"yoast-schema-graph\">{\"@context\":\"https:\\\/\\\/schema.org\",\"@graph\":[{\"@type\":\"Article\",\"@id\":\"https:\\\/\\\/akunq.net\\\/tr\\\/?p=65285#article\",\"isPartOf\":{\"@id\":\"https:\\\/\\\/akunq.net\\\/tr\\\/?p=65285\"},\"author\":{\"name\":\"admin\",\"@id\":\"https:\\\/\\\/akunq.net\\\/tr\\\/#\\\/schema\\\/person\\\/096f1d38a12cce57fb855b485ed24c9e\"},\"headline\":\"Van\u2019da defineciler Urartu miras\u0131n\u0131 i\u015f makineleriyle tahrip ediyor\",\"datePublished\":\"2021-10-25T08:26:24+00:00\",\"dateModified\":\"2021-10-25T11:11:51+00:00\",\"mainEntityOfPage\":{\"@id\":\"https:\\\/\\\/akunq.net\\\/tr\\\/?p=65285\"},\"wordCount\":674,\"commentCount\":0,\"image\":{\"@id\":\"https:\\\/\\\/akunq.net\\\/tr\\\/?p=65285#primaryimage\"},\"thumbnailUrl\":\"https:\\\/\\\/akunq.net\\\/tr\\\/wp-content\\\/uploads\\\/sites\\\/6\\\/2021\\\/10\\\/Van.jpg\",\"articleSection\":[\"G\u00fcn\u00fcm\u00fczde Bat\u0131 Ermenistan\",\"Haberler\"],\"inLanguage\":\"en-US\",\"potentialAction\":[{\"@type\":\"CommentAction\",\"name\":\"Comment\",\"target\":[\"https:\\\/\\\/akunq.net\\\/tr\\\/?p=65285#respond\"]}]},{\"@type\":\"WebPage\",\"@id\":\"https:\\\/\\\/akunq.net\\\/tr\\\/?p=65285\",\"url\":\"https:\\\/\\\/akunq.net\\\/tr\\\/?p=65285\",\"name\":\"Van\u2019da defineciler Urartu miras\u0131n\u0131 i\u015f makineleriyle tahrip ediyor - Bati Ermenistan Ve Bati Ermenileri Sorunlari Ara\u015ftirmalar Merkezi\",\"isPartOf\":{\"@id\":\"https:\\\/\\\/akunq.net\\\/tr\\\/#website\"},\"primaryImageOfPage\":{\"@id\":\"https:\\\/\\\/akunq.net\\\/tr\\\/?p=65285#primaryimage\"},\"image\":{\"@id\":\"https:\\\/\\\/akunq.net\\\/tr\\\/?p=65285#primaryimage\"},\"thumbnailUrl\":\"https:\\\/\\\/akunq.net\\\/tr\\\/wp-content\\\/uploads\\\/sites\\\/6\\\/2021\\\/10\\\/Van.jpg\",\"datePublished\":\"2021-10-25T08:26:24+00:00\",\"dateModified\":\"2021-10-25T11:11:51+00:00\",\"author\":{\"@id\":\"https:\\\/\\\/akunq.net\\\/tr\\\/#\\\/schema\\\/person\\\/096f1d38a12cce57fb855b485ed24c9e\"},\"breadcrumb\":{\"@id\":\"https:\\\/\\\/akunq.net\\\/tr\\\/?p=65285#breadcrumb\"},\"inLanguage\":\"en-US\",\"potentialAction\":[{\"@type\":\"ReadAction\",\"target\":[\"https:\\\/\\\/akunq.net\\\/tr\\\/?p=65285\"]}]},{\"@type\":\"ImageObject\",\"inLanguage\":\"en-US\",\"@id\":\"https:\\\/\\\/akunq.net\\\/tr\\\/?p=65285#primaryimage\",\"url\":\"https:\\\/\\\/akunq.net\\\/tr\\\/wp-content\\\/uploads\\\/sites\\\/6\\\/2021\\\/10\\\/Van.jpg\",\"contentUrl\":\"https:\\\/\\\/akunq.net\\\/tr\\\/wp-content\\\/uploads\\\/sites\\\/6\\\/2021\\\/10\\\/Van.jpg\",\"width\":1280,\"height\":720},{\"@type\":\"BreadcrumbList\",\"@id\":\"https:\\\/\\\/akunq.net\\\/tr\\\/?p=65285#breadcrumb\",\"itemListElement\":[{\"@type\":\"ListItem\",\"position\":1,\"name\":\"Home\",\"item\":\"https:\\\/\\\/akunq.net\\\/tr\"},{\"@type\":\"ListItem\",\"position\":2,\"name\":\"Van\u2019da defineciler Urartu miras\u0131n\u0131 i\u015f makineleriyle tahrip ediyor\"}]},{\"@type\":\"WebSite\",\"@id\":\"https:\\\/\\\/akunq.net\\\/tr\\\/#website\",\"url\":\"https:\\\/\\\/akunq.net\\\/tr\\\/\",\"name\":\"Bati Ermenistan Ve Bati Ermenileri Sorunlari Ara\u015ftirmalar Merkezi\",\"description\":\"\",\"potentialAction\":[{\"@type\":\"SearchAction\",\"target\":{\"@type\":\"EntryPoint\",\"urlTemplate\":\"https:\\\/\\\/akunq.net\\\/tr\\\/?s={search_term_string}\"},\"query-input\":{\"@type\":\"PropertyValueSpecification\",\"valueRequired\":true,\"valueName\":\"search_term_string\"}}],\"inLanguage\":\"en-US\"},{\"@type\":\"Person\",\"@id\":\"https:\\\/\\\/akunq.net\\\/tr\\\/#\\\/schema\\\/person\\\/096f1d38a12cce57fb855b485ed24c9e\",\"name\":\"admin\",\"url\":\"https:\\\/\\\/akunq.net\\\/tr\\\/?author=7\"}]}<\/script>\n<!-- \/ Yoast SEO plugin. -->","yoast_head_json":{"title":"Van\u2019da defineciler Urartu miras\u0131n\u0131 i\u015f makineleriyle tahrip ediyor - Bati Ermenistan Ve Bati Ermenileri Sorunlari Ara\u015ftirmalar Merkezi","robots":{"index":"index","follow":"follow","max-snippet":"max-snippet:-1","max-image-preview":"max-image-preview:large","max-video-preview":"max-video-preview:-1"},"canonical":"https:\/\/akunq.net\/tr\/?p=65285","og_locale":"en_US","og_type":"article","og_title":"Van\u2019da defineciler Urartu miras\u0131n\u0131 i\u015f makineleriyle tahrip ediyor - Bati Ermenistan Ve Bati Ermenileri Sorunlari Ara\u015ftirmalar Merkezi","og_description":"Defineciler Urartulardan kalma tarihi alan\u0131n da yer ald\u0131\u011f\u0131 Z\u0131rnekol Tepesi\u2019ni i\u015f makineleriyle tahrip ediyor. \u0130dris Y\u0131lmaz VAN \u2013 Urartulardan kalma toplu konut alan\u0131n\u0131n yer ald\u0131\u011f\u0131 Z\u0131rnekol Tepesi\u2019nde definecilerin yol a\u00e7t\u0131\u011f\u0131 tahribata Arsisa Dil ve K\u00fclt\u00fcr Ara\u015ft\u0131rma Derne\u011fi Y\u00f6netim \u00dcyesi Cevdet Zilanl\u0131 tepki g\u00f6sterdi. Zilanl\u0131, hazine aramak isteyenlerin as\u0131l hazineyi bilin\u00e7sizce yok etti\u011fini s\u00f6yledi. \u2018HER TA\u015e [&hellip;]","og_url":"https:\/\/akunq.net\/tr\/?p=65285","og_site_name":"Bati Ermenistan Ve Bati Ermenileri Sorunlari Ara\u015ftirmalar Merkezi","article_published_time":"2021-10-25T08:26:24+00:00","article_modified_time":"2021-10-25T11:11:51+00:00","og_image":[{"width":1280,"height":720,"url":"https:\/\/akunq.net\/tr\/wp-content\/uploads\/sites\/6\/2021\/10\/Van.jpg","type":"image\/jpeg"}],"author":"admin","twitter_card":"summary_large_image","twitter_misc":{"Written by":"admin","Est. reading time":"3 minutes"},"schema":{"@context":"https:\/\/schema.org","@graph":[{"@type":"Article","@id":"https:\/\/akunq.net\/tr\/?p=65285#article","isPartOf":{"@id":"https:\/\/akunq.net\/tr\/?p=65285"},"author":{"name":"admin","@id":"https:\/\/akunq.net\/tr\/#\/schema\/person\/096f1d38a12cce57fb855b485ed24c9e"},"headline":"Van\u2019da defineciler Urartu miras\u0131n\u0131 i\u015f makineleriyle tahrip ediyor","datePublished":"2021-10-25T08:26:24+00:00","dateModified":"2021-10-25T11:11:51+00:00","mainEntityOfPage":{"@id":"https:\/\/akunq.net\/tr\/?p=65285"},"wordCount":674,"commentCount":0,"image":{"@id":"https:\/\/akunq.net\/tr\/?p=65285#primaryimage"},"thumbnailUrl":"https:\/\/akunq.net\/tr\/wp-content\/uploads\/sites\/6\/2021\/10\/Van.jpg","articleSection":["G\u00fcn\u00fcm\u00fczde Bat\u0131 Ermenistan","Haberler"],"inLanguage":"en-US","potentialAction":[{"@type":"CommentAction","name":"Comment","target":["https:\/\/akunq.net\/tr\/?p=65285#respond"]}]},{"@type":"WebPage","@id":"https:\/\/akunq.net\/tr\/?p=65285","url":"https:\/\/akunq.net\/tr\/?p=65285","name":"Van\u2019da defineciler Urartu miras\u0131n\u0131 i\u015f makineleriyle tahrip ediyor - Bati Ermenistan Ve Bati Ermenileri Sorunlari Ara\u015ftirmalar Merkezi","isPartOf":{"@id":"https:\/\/akunq.net\/tr\/#website"},"primaryImageOfPage":{"@id":"https:\/\/akunq.net\/tr\/?p=65285#primaryimage"},"image":{"@id":"https:\/\/akunq.net\/tr\/?p=65285#primaryimage"},"thumbnailUrl":"https:\/\/akunq.net\/tr\/wp-content\/uploads\/sites\/6\/2021\/10\/Van.jpg","datePublished":"2021-10-25T08:26:24+00:00","dateModified":"2021-10-25T11:11:51+00:00","author":{"@id":"https:\/\/akunq.net\/tr\/#\/schema\/person\/096f1d38a12cce57fb855b485ed24c9e"},"breadcrumb":{"@id":"https:\/\/akunq.net\/tr\/?p=65285#breadcrumb"},"inLanguage":"en-US","potentialAction":[{"@type":"ReadAction","target":["https:\/\/akunq.net\/tr\/?p=65285"]}]},{"@type":"ImageObject","inLanguage":"en-US","@id":"https:\/\/akunq.net\/tr\/?p=65285#primaryimage","url":"https:\/\/akunq.net\/tr\/wp-content\/uploads\/sites\/6\/2021\/10\/Van.jpg","contentUrl":"https:\/\/akunq.net\/tr\/wp-content\/uploads\/sites\/6\/2021\/10\/Van.jpg","width":1280,"height":720},{"@type":"BreadcrumbList","@id":"https:\/\/akunq.net\/tr\/?p=65285#breadcrumb","itemListElement":[{"@type":"ListItem","position":1,"name":"Home","item":"https:\/\/akunq.net\/tr"},{"@type":"ListItem","position":2,"name":"Van\u2019da defineciler Urartu miras\u0131n\u0131 i\u015f makineleriyle tahrip ediyor"}]},{"@type":"WebSite","@id":"https:\/\/akunq.net\/tr\/#website","url":"https:\/\/akunq.net\/tr\/","name":"Bati Ermenistan Ve Bati Ermenileri Sorunlari Ara\u015ftirmalar Merkezi","description":"","potentialAction":[{"@type":"SearchAction","target":{"@type":"EntryPoint","urlTemplate":"https:\/\/akunq.net\/tr\/?s={search_term_string}"},"query-input":{"@type":"PropertyValueSpecification","valueRequired":true,"valueName":"search_term_string"}}],"inLanguage":"en-US"},{"@type":"Person","@id":"https:\/\/akunq.net\/tr\/#\/schema\/person\/096f1d38a12cce57fb855b485ed24c9e","name":"admin","url":"https:\/\/akunq.net\/tr\/?author=7"}]}},"_links":{"self":[{"href":"https:\/\/akunq.net\/tr\/index.php?rest_route=\/wp\/v2\/posts\/65285","targetHints":{"allow":["GET"]}}],"collection":[{"href":"https:\/\/akunq.net\/tr\/index.php?rest_route=\/wp\/v2\/posts"}],"about":[{"href":"https:\/\/akunq.net\/tr\/index.php?rest_route=\/wp\/v2\/types\/post"}],"author":[{"embeddable":true,"href":"https:\/\/akunq.net\/tr\/index.php?rest_route=\/wp\/v2\/users\/7"}],"replies":[{"embeddable":true,"href":"https:\/\/akunq.net\/tr\/index.php?rest_route=%2Fwp%2Fv2%2Fcomments&post=65285"}],"version-history":[{"count":2,"href":"https:\/\/akunq.net\/tr\/index.php?rest_route=\/wp\/v2\/posts\/65285\/revisions"}],"predecessor-version":[{"id":65292,"href":"https:\/\/akunq.net\/tr\/index.php?rest_route=\/wp\/v2\/posts\/65285\/revisions\/65292"}],"wp:featuredmedia":[{"embeddable":true,"href":"https:\/\/akunq.net\/tr\/index.php?rest_route=\/wp\/v2\/media\/65286"}],"wp:attachment":[{"href":"https:\/\/akunq.net\/tr\/index.php?rest_route=%2Fwp%2Fv2%2Fmedia&parent=65285"}],"wp:term":[{"taxonomy":"category","embeddable":true,"href":"https:\/\/akunq.net\/tr\/index.php?rest_route=%2Fwp%2Fv2%2Fcategories&post=65285"},{"taxonomy":"post_tag","embeddable":true,"href":"https:\/\/akunq.net\/tr\/index.php?rest_route=%2Fwp%2Fv2%2Ftags&post=65285"}],"curies":[{"name":"wp","href":"https:\/\/api.w.org\/{rel}","templated":true}]}}